{"id":119885,"date":"2021-08-05T17:55:26","date_gmt":"2021-08-06T00:55:26","guid":{"rendered":"https:\/\/www.sonoraenequipo.com.mx\/?p=119885"},"modified":"2021-08-05T17:55:26","modified_gmt":"2021-08-06T00:55:26","slug":"cumplen-un-ano-de-transmitir-sus-conocimientos-en-un-programa-de-radio","status":"publish","type":"post","link":"https:\/\/www.sonoraenequipo.com.mx\/cumplen-un-ano-de-transmitir-sus-conocimientos-en-un-programa-de-radio\/","title":{"rendered":"Cumplen un a\u00f1o de transmitir sus conocimientos en un programa de radio"},"content":{"rendered":"<p>Cumplen un a\u00f1o de transmitir sus conocimientos en un programa de radio<\/p>\n<p>HERMOSILLO, SONORA,MX.\u2500\u2500 \u00a0\u00a0\u00a0Radiovisi\u00f3n Coyotes, \u201cSintoniza tu Aprendizaje\u201d, la estaci\u00f3n de radio de la Secundaria T\u00e9cnica No. 15 \u201cRoberto H. Cruz Hoyos\u201d, lleg\u00f3 a un a\u00f1o de transmisi\u00f3n, la cual se emite por la red social Facebook.<\/p>\n<p>&nbsp;<\/p>\n<p>El maestro Mario C\u00e9sar Gavi\u00f1a Salazar expres\u00f3 que desde las primeras semanas de aislamiento social por COVID-19 formalizaron este esquema de comunicaci\u00f3n permanente con los alumnos con una metodolog\u00eda de trabajo, para atender los lineamientos de la educaci\u00f3n virtual, logrando resultados superiores a la expectativa.<\/p>\n<p>&nbsp;<\/p>\n<p>\u201cEn este primer a\u00f1o, son m\u00e1s de 100 programas al aire, m\u00e1s de 6 mil 600 horas acompa\u00f1ando a los alumnos durante la pandemia. Es un proyecto que me ha hecho m\u00e1s consciente, me ayud\u00f3 a modificar mi pr\u00e1ctica docente y saber que tenemos una gran responsabilidad y debemos adaptarnos al cambio y a las circunstancias\u201d, explic\u00f3 el maestro Gavi\u00f1a Salazar.<\/p>\n<p>&nbsp;<\/p>\n<p>El docente de la asignatura de Artes en el plantel ubicado en el norte de Hermosillo, destac\u00f3 que la estaci\u00f3n de radio escolar que puede escucharse en la liga: www.facebook.com\/radiovisioncoyotes, ha evolucionado y el potencial como aliado del proceso educativo es enorme.<\/p>\n<p>&nbsp;<\/p>\n<p>\u201cEs un proyecto que evoluciona y mejora en todos los aspectos, hemos mejorado en el trabajo t\u00e9cnico de manera impresionante, pero lo m\u00e1s importante es la evoluci\u00f3n en los contenidos. Pasamos de buscar una herramienta de contacto con los alumnos a establecer una verdadera estrategia did\u00e1ctica en la que no s\u00f3lo los profesores est\u00e1n al micr\u00f3fono sino ellos tambi\u00e9n\u201d, agreg\u00f3.<\/p>\n<p>&nbsp;<\/p>\n<p>Relat\u00f3 que actualmente la barra program\u00e1tica de la estaci\u00f3n de radio presenta una estructura de tres espacios, con \u00e9nfasis en lo acad\u00e9mico, pero tambi\u00e9n con programas de entretenimiento.<\/p>\n<p>&nbsp;<\/p>\n<p>\u201cEl proyecto lleg\u00f3 para quedarse en la escuela, los alumnos lo esperan; es claro que tendr\u00e1 sus modificaciones en la nueva normalidad y en el marco de las clases presenciales, espero que m\u00e1s docentes se sumen al proyecto\u201d, manifest\u00f3 Gavi\u00f1a Salazar.<\/p>\n<p>&nbsp;<\/p>\n<p>En la programaci\u00f3n de la estaci\u00f3n de radio est\u00e1 contenido acad\u00e9mico, donde se resuelven dudas referentes a la asignatura integrada por maestros de arte y educaci\u00f3n f\u00edsica; el espacio \u201cCotorreando con los Coyotes\u201d, donde las y los estudiantes tienen la oportunidad de expresarse y abordar temas y puntos de su inter\u00e9s y un tercer programa se hace una vez al mes, en \u00e9l, los alumnos cuentan historias paranormales.<\/p>\n<p>Fecha de Publicaci\u00f3n\u00a0 jueves\u00a0 \/ 05\u00a0\u00a0 \/ agosto \/ 2021<\/p>\n","protected":false},"excerpt":{"rendered":"<p>Cumplen un a\u00f1o de transmitir sus conocimientos en un programa de radio HERMOSILLO, SONORA,MX.\u2500\u2500 \u00a0\u00a0\u00a0Radiovisi\u00f3n&#8230;<\/p>\n","protected":false},"author":1,"featured_media":119892,"comment_status":"open","ping_status":"open","sticky":false,"template":"","format":"standard","meta":{"_monsterinsights_skip_tracking":false,"_monsterinsights_sitenote_active":false,"_monsterinsights_sitenote_note":"","_monsterinsights_sitenote_category":0,"footnotes":""},"categories":[22],"tags":[47,15],"class_list":["post"],"yoast_head":" \n<title>Sonora en Equipo. Cumplen un a\u00f1o de transmitir sus conocimientos en un programa de radio Sonora<\/title>\n<meta name=\"description\" content=\"Cumplen un a\u00f1o de transmitir sus conocimientos en un programa de radio HERMOSILLO, SONORA,MX.\u2500\u2500 \u00a0\u00a0\u00a0Radiovisi\u00f3n Coyotes, \u201cSintoniza tu Aprendizaje\u201d, la En Sonora en Equipo publicamos toda la informaci\u00f3n de Sonora, M\u00e9xico y el Mundo de manera oportuna y busca que la libertad de expresi\u00f3n sea real. Visita nuestro medio informativo publicado desde Hermosillo, Sonora. %\" \/>\n<meta name=\"robots\" content=\"index, follow, max-snippet:-1, max-image-preview:large, max-video-preview:-1\" \/>\n<link rel=\"canonical\" href=\"https:\/\/www.sonoraenequipo.com.mx\/cumplen-un-ano-de-transmitir-sus-conocimientos-en-un-programa-de-radio\/\" \/>\n<meta property=\"og:locale\" content=\"es_ES\" \/>\n<meta property=\"og:type\" content=\"article\" \/>\n<meta property=\"og:title\" content=\"Sonora en Equipo. Cumplen un a\u00f1o de transmitir sus conocimientos en un programa de radio Sonora\" \/>\n<meta property=\"og:description\" content=\"Cumplen un a\u00f1o de transmitir sus conocimientos en un programa de radio HERMOSILLO, SONORA,MX.\u2500\u2500 \u00a0\u00a0\u00a0Radiovisi\u00f3n Coyotes, \u201cSintoniza tu Aprendizaje\u201d, la En Sonora en Equipo publicamos toda la informaci\u00f3n de Sonora, M\u00e9xico y el Mundo de manera oportuna y busca que la libertad de expresi\u00f3n sea real. Visita nuestro medio informativo publicado desde Hermosillo, Sonora. %\" \/>\n<meta property=\"og:url\" content=\"https:\/\/www.sonoraenequipo.com.mx\/cumplen-un-ano-de-transmitir-sus-conocimientos-en-un-programa-de-radio\/\" \/>\n<meta property=\"og:site_name\" content=\"Sonora en Equipo.\" \/>\n<meta property=\"article:publisher\" content=\"https:\/\/www.facebook.com\/SonoraEE\/\" \/>\n<meta property=\"article:author\" content=\"https:\/\/www.facebook.com\/SonoraEE\" \/>\n<meta property=\"article:published_time\" content=\"2021-08-06T00:55:26+00:00\" \/>\n<meta property=\"og:image\" content=\"https:\/\/www.sonoraenequipo.com.mx\/storage\/2021\/08\/programa-de-radio.jpg\" \/>\n\t<meta property=\"og:image:width\" content=\"700\" \/>\n\t<meta property=\"og:image:height\" content=\"383\" \/>\n\t<meta property=\"og:image:type\" content=\"image\/jpeg\" \/>\n<meta name=\"author\" content=\"enequipo\" \/>\n<meta name=\"twitter:card\" content=\"summary_large_image\" \/>\n<meta name=\"twitter:creator\" content=\"@sonoraenequipo\" \/>\n<meta name=\"twitter:site\" content=\"@sonoraenequipo\" \/>\n<meta name=\"twitter:label1\" content=\"Escrito por\" \/>\n\t<meta name=\"twitter:data1\" content=\"enequipo\" \/>\n\t<meta name=\"twitter:label2\" content=\"Tiempo de lectura\" \/>\n\t<meta name=\"twitter:data2\" content=\"2 minutos\" \/>\n<script type=\"application\/ld+json\" class=\"yoast-schema-graph\">{\"@context\":\"https:\/\/schema.org\",\"@graph\":[{\"@type\":\"Article\",\"@id\":\"https:\/\/www.sonoraenequipo.com.mx\/cumplen-un-ano-de-transmitir-sus-conocimientos-en-un-programa-de-radio\/#article\",\"isPartOf\":{\"@id\":\"https:\/\/www.sonoraenequipo.com.mx\/cumplen-un-ano-de-transmitir-sus-conocimientos-en-un-programa-de-radio\/\"},\"author\":{\"name\":\"enequipo\",\"@id\":\"https:\/\/www.sonoraenequipo.com.mx\/#\/schema\/person\/50102df0fb23a8fa9e8effad8fa81386\"},\"headline\":\"Cumplen un a\u00f1o de transmitir sus conocimientos en un programa de radio\",\"datePublished\":\"2021-08-06T00:55:26+00:00\",\"mainEntityOfPage\":{\"@id\":\"https:\/\/www.sonoraenequipo.com.mx\/cumplen-un-ano-de-transmitir-sus-conocimientos-en-un-programa-de-radio\/\"},\"wordCount\":458,\"commentCount\":0,\"publisher\":{\"@id\":\"https:\/\/www.sonoraenequipo.com.mx\/#organization\"},\"image\":{\"@id\":\"https:\/\/www.sonoraenequipo.com.mx\/cumplen-un-ano-de-transmitir-sus-conocimientos-en-un-programa-de-radio\/#primaryimage\"},\"thumbnailUrl\":\"https:\/\/www.sonoraenequipo.com.mx\/storage\/2021\/08\/programa-de-radio.jpg\",\"keywords\":[\"educaci\u00f3n\",\"Sonora\"],\"articleSection\":[\"Sonora\"],\"inLanguage\":\"es\",\"potentialAction\":[{\"@type\":\"CommentAction\",\"name\":\"Comment\",\"target\":[\"https:\/\/www.sonoraenequipo.com.mx\/cumplen-un-ano-de-transmitir-sus-conocimientos-en-un-programa-de-radio\/#respond\"]}]},{\"@type\":\"WebPage\",\"@id\":\"https:\/\/www.sonoraenequipo.com.mx\/cumplen-un-ano-de-transmitir-sus-conocimientos-en-un-programa-de-radio\/\",\"url\":\"https:\/\/www.sonoraenequipo.com.mx\/cumplen-un-ano-de-transmitir-sus-conocimientos-en-un-programa-de-radio\/\",\"name\":\"Sonora en Equipo. Cumplen un a\u00f1o de transmitir sus conocimientos en un programa de radio Sonora\",\"isPartOf\":{\"@id\":\"https:\/\/www.sonoraenequipo.com.mx\/#website\"},\"primaryImageOfPage\":{\"@id\":\"https:\/\/www.sonoraenequipo.com.mx\/cumplen-un-ano-de-transmitir-sus-conocimientos-en-un-programa-de-radio\/#primaryimage\"},\"image\":{\"@id\":\"https:\/\/www.sonoraenequipo.com.mx\/cumplen-un-ano-de-transmitir-sus-conocimientos-en-un-programa-de-radio\/#primaryimage\"},\"thumbnailUrl\":\"https:\/\/www.sonoraenequipo.com.mx\/storage\/2021\/08\/programa-de-radio.jpg\",\"datePublished\":\"2021-08-06T00:55:26+00:00\",\"description\":\"Cumplen un a\u00f1o de transmitir sus conocimientos en un programa de radio HERMOSILLO, SONORA,MX.\u2500\u2500 \u00a0\u00a0\u00a0Radiovisi\u00f3n Coyotes, \u201cSintoniza tu Aprendizaje\u201d, la En Sonora en Equipo publicamos toda la informaci\u00f3n de Sonora, M\u00e9xico y el Mundo de manera oportuna y busca que la libertad de expresi\u00f3n sea real. Visita nuestro medio informativo publicado desde Hermosillo, Sonora. %\",\"breadcrumb\":{\"@id\":\"https:\/\/www.sonoraenequipo.com.mx\/cumplen-un-ano-de-transmitir-sus-conocimientos-en-un-programa-de-radio\/#breadcrumb\"},\"inLanguage\":\"es\",\"potentialAction\":[{\"@type\":\"ReadAction\",\"target\":[\"https:\/\/www.sonoraenequipo.com.mx\/cumplen-un-ano-de-transmitir-sus-conocimientos-en-un-programa-de-radio\/\"]}]},{\"@type\":\"ImageObject\",\"inLanguage\":\"es\",\"@id\":\"https:\/\/www.sonoraenequipo.com.mx\/cumplen-un-ano-de-transmitir-sus-conocimientos-en-un-programa-de-radio\/#primaryimage\",\"url\":\"https:\/\/www.sonoraenequipo.com.mx\/storage\/2021\/08\/programa-de-radio.jpg\",\"contentUrl\":\"https:\/\/www.sonoraenequipo.com.mx\/storage\/2021\/08\/programa-de-radio.jpg\",\"width\":700,\"height\":383},{\"@type\":\"BreadcrumbList\",\"@id\":\"https:\/\/www.sonoraenequipo.com.mx\/cumplen-un-ano-de-transmitir-sus-conocimientos-en-un-programa-de-radio\/#breadcrumb\",\"itemListElement\":[{\"@type\":\"ListItem\",\"position\":1,\"name\":\"Portada\",\"item\":\"https:\/\/www.sonoraenequipo.com.mx\/\"},{\"@type\":\"ListItem\",\"position\":2,\"name\":\"Cumplen un a\u00f1o de transmitir sus conocimientos en un programa de radio\"}]},{\"@type\":\"WebSite\",\"@id\":\"https:\/\/www.sonoraenequipo.com.mx\/#website\",\"url\":\"https:\/\/www.sonoraenequipo.com.mx\/\",\"name\":\"Sonora en Equipo.\",\"description\":\"Diario en l\u00ednea con Noticias desde Hermosillo, Sonora\",\"publisher\":{\"@id\":\"https:\/\/www.sonoraenequipo.com.mx\/#organization\"},\"potentialAction\":[{\"@type\":\"SearchAction\",\"target\":{\"@type\":\"EntryPoint\",\"urlTemplate\":\"https:\/\/www.sonoraenequipo.com.mx\/?s={search_term_string}\"},\"query-input\":{\"@type\":\"PropertyValueSpecification\",\"valueRequired\":true,\"valueName\":\"search_term_string\"}}],\"inLanguage\":\"es\"},{\"@type\":\"Organization\",\"@id\":\"https:\/\/www.sonoraenequipo.com.mx\/#organization\",\"name\":\"Sonoraenequipo.com.mx\",\"url\":\"https:\/\/www.sonoraenequipo.com.mx\/\",\"logo\":{\"@type\":\"ImageObject\",\"inLanguage\":\"es\",\"@id\":\"https:\/\/www.sonoraenequipo.com.mx\/#\/schema\/logo\/image\/\",\"url\":\"https:\/\/www.sonoraenequipo.com.mx\/storage\/2019\/01\/sonoraenequipo_opt.png\",\"contentUrl\":\"https:\/\/www.sonoraenequipo.com.mx\/storage\/2019\/01\/sonoraenequipo_opt.png\",\"width\":375,\"height\":125,\"caption\":\"Sonoraenequipo.com.mx\"},\"image\":{\"@id\":\"https:\/\/www.sonoraenequipo.com.mx\/#\/schema\/logo\/image\/\"},\"sameAs\":[\"https:\/\/www.facebook.com\/SonoraEE\/\",\"https:\/\/x.com\/sonoraenequipo\",\"https:\/\/www.youtube.com\/channel\/UC338nW-lPEYmJQs4ZABQ1SQ\"]},{\"@type\":\"Person\",\"@id\":\"https:\/\/www.sonoraenequipo.com.mx\/#\/schema\/person\/50102df0fb23a8fa9e8effad8fa81386\",\"name\":\"enequipo\",\"image\":{\"@type\":\"ImageObject\",\"inLanguage\":\"es\",\"@id\":\"https:\/\/www.sonoraenequipo.com.mx\/#\/schema\/person\/image\/\",\"url\":\"https:\/\/secure.gravatar.com\/avatar\/049821681b589dabc0bc20695993ccebb09f5b5d4d790cd9251b97faac7c652b?s=96&d=blank&r=g\",\"contentUrl\":\"https:\/\/secure.gravatar.com\/avatar\/049821681b589dabc0bc20695993ccebb09f5b5d4d790cd9251b97faac7c652b?s=96&d=blank&r=g\",\"caption\":\"enequipo\"},\"sameAs\":[\"https:\/\/www.facebook.com\/SonoraEE\"]}]}<\/script>\n ","yoast_head_json":{"title":"Sonora en Equipo. Cumplen un a\u00f1o de transmitir sus conocimientos en un programa de radio Sonora","description":"Cumplen un a\u00f1o de transmitir sus conocimientos en un programa de radio HERMOSILLO, SONORA,MX.\u2500\u2500 \u00a0\u00a0\u00a0Radiovisi\u00f3n Coyotes, \u201cSintoniza tu Aprendizaje\u201d, la En Sonora en Equipo publicamos toda la informaci\u00f3n de Sonora, M\u00e9xico y el Mundo de manera oportuna y busca que la libertad de expresi\u00f3n sea real. Visita nuestro medio informativo publicado desde Hermosillo, Sonora. %","robots":{"index":"index","follow":"follow","max-snippet":"max-snippet:-1","max-image-preview":"max-image-preview:large","max-video-preview":"max-video-preview:-1"},"canonical":"https:\/\/www.sonoraenequipo.com.mx\/cumplen-un-ano-de-transmitir-sus-conocimientos-en-un-programa-de-radio\/","og_locale":"es_ES","og_type":"article","og_title":"Sonora en Equipo. Cumplen un a\u00f1o de transmitir sus conocimientos en un programa de radio Sonora","og_description":"Cumplen un a\u00f1o de transmitir sus conocimientos en un programa de radio HERMOSILLO, SONORA,MX.\u2500\u2500 \u00a0\u00a0\u00a0Radiovisi\u00f3n Coyotes, \u201cSintoniza tu Aprendizaje\u201d, la En Sonora en Equipo publicamos toda la informaci\u00f3n de Sonora, M\u00e9xico y el Mundo de manera oportuna y busca que la libertad de expresi\u00f3n sea real. Visita nuestro medio informativo publicado desde Hermosillo, Sonora. %","og_url":"https:\/\/www.sonoraenequipo.com.mx\/cumplen-un-ano-de-transmitir-sus-conocimientos-en-un-programa-de-radio\/","og_site_name":"Sonora en Equipo.","article_publisher":"https:\/\/www.facebook.com\/SonoraEE\/","article_author":"https:\/\/www.facebook.com\/SonoraEE","article_published_time":"2021-08-06T00:55:26+00:00","og_image":[{"width":700,"height":383,"url":"https:\/\/www.sonoraenequipo.com.mx\/storage\/2021\/08\/programa-de-radio.jpg","type":"image\/jpeg"}],"author":"enequipo","twitter_card":"summary_large_image","twitter_creator":"@sonoraenequipo","twitter_site":"@sonoraenequipo","twitter_misc":{"Escrito por":"enequipo","Tiempo de lectura":"2 minutos"},"schema":{"@context":"https:\/\/schema.org","@graph":[{"@type":"Article","@id":"https:\/\/www.sonoraenequipo.com.mx\/cumplen-un-ano-de-transmitir-sus-conocimientos-en-un-programa-de-radio\/#article","isPartOf":{"@id":"https:\/\/www.sonoraenequipo.com.mx\/cumplen-un-ano-de-transmitir-sus-conocimientos-en-un-programa-de-radio\/"},"author":{"name":"enequipo","@id":"https:\/\/www.sonoraenequipo.com.mx\/#\/schema\/person\/50102df0fb23a8fa9e8effad8fa81386"},"headline":"Cumplen un a\u00f1o de transmitir sus conocimientos en un programa de radio","datePublished":"2021-08-06T00:55:26+00:00","mainEntityOfPage":{"@id":"https:\/\/www.sonoraenequipo.com.mx\/cumplen-un-ano-de-transmitir-sus-conocimientos-en-un-programa-de-radio\/"},"wordCount":458,"commentCount":0,"publisher":{"@id":"https:\/\/www.sonoraenequipo.com.mx\/#organization"},"image":{"@id":"https:\/\/www.sonoraenequipo.com.mx\/cumplen-un-ano-de-transmitir-sus-conocimientos-en-un-programa-de-radio\/#primaryimage"},"thumbnailUrl":"https:\/\/www.sonoraenequipo.com.mx\/storage\/2021\/08\/programa-de-radio.jpg","keywords":["educaci\u00f3n","Sonora"],"articleSection":["Sonora"],"inLanguage":"es","potentialAction":[{"@type":"CommentAction","name":"Comment","target":["https:\/\/www.sonoraenequipo.com.mx\/cumplen-un-ano-de-transmitir-sus-conocimientos-en-un-programa-de-radio\/#respond"]}]},{"@type":"WebPage","@id":"https:\/\/www.sonoraenequipo.com.mx\/cumplen-un-ano-de-transmitir-sus-conocimientos-en-un-programa-de-radio\/","url":"https:\/\/www.sonoraenequipo.com.mx\/cumplen-un-ano-de-transmitir-sus-conocimientos-en-un-programa-de-radio\/","name":"Sonora en Equipo. Cumplen un a\u00f1o de transmitir sus conocimientos en un programa de radio Sonora","isPartOf":{"@id":"https:\/\/www.sonoraenequipo.com.mx\/#website"},"primaryImageOfPage":{"@id":"https:\/\/www.sonoraenequipo.com.mx\/cumplen-un-ano-de-transmitir-sus-conocimientos-en-un-programa-de-radio\/#primaryimage"},"image":{"@id":"https:\/\/www.sonoraenequipo.com.mx\/cumplen-un-ano-de-transmitir-sus-conocimientos-en-un-programa-de-radio\/#primaryimage"},"thumbnailUrl":"https:\/\/www.sonoraenequipo.com.mx\/storage\/2021\/08\/programa-de-radio.jpg","datePublished":"2021-08-06T00:55:26+00:00","description":"Cumplen un a\u00f1o de transmitir sus conocimientos en un programa de radio HERMOSILLO, SONORA,MX.\u2500\u2500 \u00a0\u00a0\u00a0Radiovisi\u00f3n Coyotes, \u201cSintoniza tu Aprendizaje\u201d, la En Sonora en Equipo publicamos toda la informaci\u00f3n de Sonora, M\u00e9xico y el Mundo de manera oportuna y busca que la libertad de expresi\u00f3n sea real. Visita nuestro medio informativo publicado desde Hermosillo, Sonora. %","breadcrumb":{"@id":"https:\/\/www.sonoraenequipo.com.mx\/cumplen-un-ano-de-transmitir-sus-conocimientos-en-un-programa-de-radio\/#breadcrumb"},"inLanguage":"es","potentialAction":[{"@type":"ReadAction","target":["https:\/\/www.sonoraenequipo.com.mx\/cumplen-un-ano-de-transmitir-sus-conocimientos-en-un-programa-de-radio\/"]}]},{"@type":"ImageObject","inLanguage":"es","@id":"https:\/\/www.sonoraenequipo.com.mx\/cumplen-un-ano-de-transmitir-sus-conocimientos-en-un-programa-de-radio\/#primaryimage","url":"https:\/\/www.sonoraenequipo.com.mx\/storage\/2021\/08\/programa-de-radio.jpg","contentUrl":"https:\/\/www.sonoraenequipo.com.mx\/storage\/2021\/08\/programa-de-radio.jpg","width":700,"height":383},{"@type":"BreadcrumbList","@id":"https:\/\/www.sonoraenequipo.com.mx\/cumplen-un-ano-de-transmitir-sus-conocimientos-en-un-programa-de-radio\/#breadcrumb","itemListElement":[{"@type":"ListItem","position":1,"name":"Portada","item":"https:\/\/www.sonoraenequipo.com.mx\/"},{"@type":"ListItem","position":2,"name":"Cumplen un a\u00f1o de transmitir sus conocimientos en un programa de radio"}]},{"@type":"WebSite","@id":"https:\/\/www.sonoraenequipo.com.mx\/#website","url":"https:\/\/www.sonoraenequipo.com.mx\/","name":"Sonora en Equipo.","description":"Diario en l\u00ednea con Noticias desde Hermosillo, Sonora","publisher":{"@id":"https:\/\/www.sonoraenequipo.com.mx\/#organization"},"potentialAction":[{"@type":"SearchAction","target":{"@type":"EntryPoint","urlTemplate":"https:\/\/www.sonoraenequipo.com.mx\/?s={search_term_string}"},"query-input":{"@type":"PropertyValueSpecification","valueRequired":true,"valueName":"search_term_string"}}],"inLanguage":"es"},{"@type":"Organization","@id":"https:\/\/www.sonoraenequipo.com.mx\/#organization","name":"Sonoraenequipo.com.mx","url":"https:\/\/www.sonoraenequipo.com.mx\/","logo":{"@type":"ImageObject","inLanguage":"es","@id":"https:\/\/www.sonoraenequipo.com.mx\/#\/schema\/logo\/image\/","url":"https:\/\/www.sonoraenequipo.com.mx\/storage\/2019\/01\/sonoraenequipo_opt.png","contentUrl":"https:\/\/www.sonoraenequipo.com.mx\/storage\/2019\/01\/sonoraenequipo_opt.png","width":375,"height":125,"caption":"Sonoraenequipo.com.mx"},"image":{"@id":"https:\/\/www.sonoraenequipo.com.mx\/#\/schema\/logo\/image\/"},"sameAs":["https:\/\/www.facebook.com\/SonoraEE\/","https:\/\/x.com\/sonoraenequipo","https:\/\/www.youtube.com\/channel\/UC338nW-lPEYmJQs4ZABQ1SQ"]},{"@type":"Person","@id":"https:\/\/www.sonoraenequipo.com.mx\/#\/schema\/person\/50102df0fb23a8fa9e8effad8fa81386","name":"enequipo","image":{"@type":"ImageObject","inLanguage":"es","@id":"https:\/\/www.sonoraenequipo.com.mx\/#\/schema\/person\/image\/","url":"https:\/\/secure.gravatar.com\/avatar\/049821681b589dabc0bc20695993ccebb09f5b5d4d790cd9251b97faac7c652b?s=96&d=blank&r=g","contentUrl":"https:\/\/secure.gravatar.com\/avatar\/049821681b589dabc0bc20695993ccebb09f5b5d4d790cd9251b97faac7c652b?s=96&d=blank&r=g","caption":"enequipo"},"sameAs":["https:\/\/www.facebook.com\/SonoraEE"]}]}},"jetpack_featured_media_url":"https:\/\/www.sonoraenequipo.com.mx\/storage\/2021\/08\/programa-de-radio.jpg","_links":{"self":[{"href":"https:\/\/www.sonoraenequipo.com.mx\/api\/wp\/v2\/posts\/119885","targetHints":{"allow":["GET"]}}],"collection":[{"href":"https:\/\/www.sonoraenequipo.com.mx\/api\/wp\/v2\/posts"}],"about":[{"href":"https:\/\/www.sonoraenequipo.com.mx\/api\/wp\/v2\/types\/post"}],"author":[{"embeddable":true,"href":"https:\/\/www.sonoraenequipo.com.mx\/api\/wp\/v2\/users\/1"}],"replies":[{"embeddable":true,"href":"https:\/\/www.sonoraenequipo.com.mx\/api\/wp\/v2\/comments?post=119885"}],"version-history":[{"count":1,"href":"https:\/\/www.sonoraenequipo.com.mx\/api\/wp\/v2\/posts\/119885\/revisions"}],"predecessor-version":[{"id":119893,"href":"https:\/\/www.sonoraenequipo.com.mx\/api\/wp\/v2\/posts\/119885\/revisions\/119893"}],"wp:featuredmedia":[{"embeddable":true,"href":"https:\/\/www.sonoraenequipo.com.mx\/api\/wp\/v2\/media\/119892"}],"wp:attachment":[{"href":"https:\/\/www.sonoraenequipo.com.mx\/api\/wp\/v2\/media?parent=119885"}],"wp:term":[{"taxonomy":"category","embeddable":true,"href":"https:\/\/www.sonoraenequipo.com.mx\/api\/wp\/v2\/categories?post=119885"},{"taxonomy":"post_tag","embeddable":true,"href":"https:\/\/www.sonoraenequipo.com.mx\/api\/wp\/v2\/tags?post=119885"}],"curies":[{"name":"wp","href":"https:\/\/api.w.org\/{rel}","templated":true}]}}