{"id":119897,"date":"2021-08-05T17:01:55","date_gmt":"2021-08-06T00:01:55","guid":{"rendered":"https:\/\/www.sonoraenequipo.com.mx\/?p=119897"},"modified":"2021-08-05T18:18:26","modified_gmt":"2021-08-06T01:18:26","slug":"morena-respalda-demanda-contra-fabricantes-de-armas-de-eua","status":"publish","type":"post","link":"https:\/\/www.sonoraenequipo.com.mx\/morena-respalda-demanda-contra-fabricantes-de-armas-de-eua\/","title":{"rendered":"Morena respalda demanda contra fabricantes de armas de EUA"},"content":{"rendered":"<p>CIUDAD DE M\u00c9XICO.MX. \u2014 El dirigente nacional de Morena Mario Delgado respald\u00f3 la iniciativa del gobierno federal de presentar una demanda civil y un plan de acci\u00f3n en contra de la comercializaci\u00f3n negligente de armas por parte de Estados Unidos y su tr\u00e1fico il\u00edcito en M\u00e9xico.<\/p>\n<p>&nbsp;<\/p>\n<p> <\/p>\n<p>&nbsp;<\/p>\n<p><em>\u201cCelebramos la iniciativa del gobierno de M\u00e9xico para reducir el tr\u00e1fico ilegal de armas a nuestro pa\u00eds, encabezada por el canciller Marcelo Ebrard. Urge monitoreo y disciplina de los distribuidores, que haya mecanismos de seguridad sobre las armas\u201d,<\/em> se lee en un comunicado.<\/p>\n<p>&nbsp;<\/p>\n<p>El morenista asegur\u00f3 que se trata de un hecho sin precedentes que este gobierno presente una demanda civil de da\u00f1os para que las empresas que producen armas y han tenido pr\u00e1cticas negligentes, para que compensen los da\u00f1os causados al pa\u00eds.<\/p>\n<p>&nbsp;<\/p>\n<p>&nbsp;<\/p>\n<p>Asimismo, precis\u00f3 que uno de los objetivos del gobierno de la <em>\u201c4T\u201d<\/em> es el bienestar de la poblaci\u00f3n, por eso, presentar denuncias c\u00f3mo estas hacen un llamado de exigencia para desarrollar e implementar est\u00e1ndares que monitoreen y disciplinen la incorporaci\u00f3n de mecanismos de seguridad en las armas y as\u00ed se pueda prevenir que esas armas sean autorizadas por personas vinculadas a la delincuencia.<\/p>\n<p>&nbsp;<\/p>\n<p>Por su parte, durante conferencia de prensa, el senador de Morena Ricardo Monreal calific\u00f3 como oportuna y valiente la demanda del gobierno de M\u00e9xico ante la Corte de Estados Unidos.<\/p>\n<p>&nbsp;<\/p>\n<p><em>\u201cLa demanda en materia civil que hoy se ha presentado en una Corte en Massachuset por el gobierno mexicano es correcta, oportuna, valiente, justa, porque es un hecho sin precedente lo que est\u00e1 ocurriendo hoy en M\u00e9xico\u201d<\/em>, puntualiz\u00f3.<\/p>\n<p>&nbsp;<\/p>\n<p>&nbsp;<\/p>\n<p>M\u00e9xico interpuso el mi\u00e9rcoles 4 de mayo una demanda contra grandes fabricantes de armas de EUA en una corte federal de Boston, denunciando un comercio que alienta el contrabando y la violencia del narcotr\u00e1fico en su territorio.<\/p>\n<p>&nbsp;<\/p>\n<p>La demanda se\u00f1ala que M\u00e9xico busca compensaci\u00f3n, pues alega que las unidades de Smith &amp; Wesson; Barrett Firearms; Colt\u2019s Manufacturing Company; Glock Inc; Sturm, Ruger &amp; Co, Inc y otras, sab\u00edan que sus pr\u00e1cticas comerciales generaban da\u00f1o al pa\u00eds.<\/p>\n<p>&nbsp;<\/p>\n<p>Adem\u00e1s, acusa que los demandados producen m\u00e1s del 68% de esas armas traficadas de origen estadounidense, lo que significa que anualmente venden m\u00e1s de 340 mil armas, las cuales fluyen de sus plantas en Massachusetts y otros estados de EUA hacia criminales al sur de la frontera.<\/p>\n<p>&nbsp;<\/p>\n<p>&nbsp;<\/p>\n<p>(Publicada el 05\/08\/2021)<\/p>\n","protected":false},"excerpt":{"rendered":"<p>CIUDAD DE M\u00c9XICO.MX. \u2014 El dirigente nacional de Morena Mario Delgado respald\u00f3 la iniciativa del&#8230;<\/p>\n","protected":false},"author":1,"featured_media":119878,"comment_status":"open","ping_status":"open","sticky":false,"template":"","format":"standard","meta":{"_monsterinsights_skip_tracking":false,"_monsterinsights_sitenote_active":false,"_monsterinsights_sitenote_note":"","_monsterinsights_sitenote_category":0,"footnotes":""},"categories":[5],"tags":[],"class_list":["post"],"yoast_head":" \n<title>Sonora en Equipo. Morena respalda demanda contra fabricantes de armas de EUA Rep\u00fablica<\/title>\n<meta name=\"description\" content=\"CIUDAD DE M\u00c9XICO.MX. \u2014 El dirigente nacional de Morena Mario Delgado respald\u00f3 la iniciativa del gobierno federal de presentar una demanda civil y un plan En Sonora en Equipo publicamos toda la informaci\u00f3n de Sonora, M\u00e9xico y el Mundo de manera oportuna y busca que la libertad de expresi\u00f3n sea real. Visita nuestro medio informativo publicado desde Hermosillo, Sonora. %\" \/>\n<meta name=\"robots\" content=\"index, follow, max-snippet:-1, max-image-preview:large, max-video-preview:-1\" \/>\n<link rel=\"canonical\" href=\"https:\/\/www.sonoraenequipo.com.mx\/morena-respalda-demanda-contra-fabricantes-de-armas-de-eua\/\" \/>\n<meta property=\"og:locale\" content=\"es_ES\" \/>\n<meta property=\"og:type\" content=\"article\" \/>\n<meta property=\"og:title\" content=\"Sonora en Equipo. Morena respalda demanda contra fabricantes de armas de EUA Rep\u00fablica\" \/>\n<meta property=\"og:description\" content=\"CIUDAD DE M\u00c9XICO.MX. \u2014 El dirigente nacional de Morena Mario Delgado respald\u00f3 la iniciativa del gobierno federal de presentar una demanda civil y un plan En Sonora en Equipo publicamos toda la informaci\u00f3n de Sonora, M\u00e9xico y el Mundo de manera oportuna y busca que la libertad de expresi\u00f3n sea real. Visita nuestro medio informativo publicado desde Hermosillo, Sonora. %\" \/>\n<meta property=\"og:url\" content=\"https:\/\/www.sonoraenequipo.com.mx\/morena-respalda-demanda-contra-fabricantes-de-armas-de-eua\/\" \/>\n<meta property=\"og:site_name\" content=\"Sonora en Equipo.\" \/>\n<meta property=\"article:publisher\" content=\"https:\/\/www.facebook.com\/SonoraEE\/\" \/>\n<meta property=\"article:author\" content=\"https:\/\/www.facebook.com\/SonoraEE\" \/>\n<meta property=\"article:published_time\" content=\"2021-08-06T00:01:55+00:00\" \/>\n<meta property=\"article:modified_time\" content=\"2021-08-06T01:18:26+00:00\" \/>\n<meta property=\"og:image\" content=\"https:\/\/www.sonoraenequipo.com.mx\/storage\/2021\/08\/Morena-demanda-armas_opt.jpg\" \/>\n\t<meta property=\"og:image:width\" content=\"700\" \/>\n\t<meta property=\"og:image:height\" content=\"400\" \/>\n\t<meta property=\"og:image:type\" content=\"image\/jpeg\" \/>\n<meta name=\"author\" content=\"enequipo\" \/>\n<meta name=\"twitter:card\" content=\"summary_large_image\" \/>\n<meta name=\"twitter:creator\" content=\"@sonoraenequipo\" \/>\n<meta name=\"twitter:site\" content=\"@sonoraenequipo\" \/>\n<meta name=\"twitter:label1\" content=\"Escrito por\" \/>\n\t<meta name=\"twitter:data1\" content=\"enequipo\" \/>\n\t<meta name=\"twitter:label2\" content=\"Tiempo de lectura\" \/>\n\t<meta name=\"twitter:data2\" content=\"2 minutos\" \/>\n<script type=\"application\/ld+json\" class=\"yoast-schema-graph\">{\"@context\":\"https:\/\/schema.org\",\"@graph\":[{\"@type\":\"Article\",\"@id\":\"https:\/\/www.sonoraenequipo.com.mx\/morena-respalda-demanda-contra-fabricantes-de-armas-de-eua\/#article\",\"isPartOf\":{\"@id\":\"https:\/\/www.sonoraenequipo.com.mx\/morena-respalda-demanda-contra-fabricantes-de-armas-de-eua\/\"},\"author\":{\"name\":\"enequipo\",\"@id\":\"https:\/\/www.sonoraenequipo.com.mx\/#\/schema\/person\/50102df0fb23a8fa9e8effad8fa81386\"},\"headline\":\"Morena respalda demanda contra fabricantes de armas de EUA\",\"datePublished\":\"2021-08-06T00:01:55+00:00\",\"dateModified\":\"2021-08-06T01:18:26+00:00\",\"mainEntityOfPage\":{\"@id\":\"https:\/\/www.sonoraenequipo.com.mx\/morena-respalda-demanda-contra-fabricantes-de-armas-de-eua\/\"},\"wordCount\":437,\"commentCount\":0,\"publisher\":{\"@id\":\"https:\/\/www.sonoraenequipo.com.mx\/#organization\"},\"image\":{\"@id\":\"https:\/\/www.sonoraenequipo.com.mx\/morena-respalda-demanda-contra-fabricantes-de-armas-de-eua\/#primaryimage\"},\"thumbnailUrl\":\"https:\/\/www.sonoraenequipo.com.mx\/storage\/2021\/08\/Morena-demanda-armas_opt.jpg\",\"articleSection\":[\"Rep\u00fablica\"],\"inLanguage\":\"es\",\"potentialAction\":[{\"@type\":\"CommentAction\",\"name\":\"Comment\",\"target\":[\"https:\/\/www.sonoraenequipo.com.mx\/morena-respalda-demanda-contra-fabricantes-de-armas-de-eua\/#respond\"]}]},{\"@type\":\"WebPage\",\"@id\":\"https:\/\/www.sonoraenequipo.com.mx\/morena-respalda-demanda-contra-fabricantes-de-armas-de-eua\/\",\"url\":\"https:\/\/www.sonoraenequipo.com.mx\/morena-respalda-demanda-contra-fabricantes-de-armas-de-eua\/\",\"name\":\"Sonora en Equipo. Morena respalda demanda contra fabricantes de armas de EUA Rep\u00fablica\",\"isPartOf\":{\"@id\":\"https:\/\/www.sonoraenequipo.com.mx\/#website\"},\"primaryImageOfPage\":{\"@id\":\"https:\/\/www.sonoraenequipo.com.mx\/morena-respalda-demanda-contra-fabricantes-de-armas-de-eua\/#primaryimage\"},\"image\":{\"@id\":\"https:\/\/www.sonoraenequipo.com.mx\/morena-respalda-demanda-contra-fabricantes-de-armas-de-eua\/#primaryimage\"},\"thumbnailUrl\":\"https:\/\/www.sonoraenequipo.com.mx\/storage\/2021\/08\/Morena-demanda-armas_opt.jpg\",\"datePublished\":\"2021-08-06T00:01:55+00:00\",\"dateModified\":\"2021-08-06T01:18:26+00:00\",\"description\":\"CIUDAD DE M\u00c9XICO.MX. \u2014 El dirigente nacional de Morena Mario Delgado respald\u00f3 la iniciativa del gobierno federal de presentar una demanda civil y un plan En Sonora en Equipo publicamos toda la informaci\u00f3n de Sonora, M\u00e9xico y el Mundo de manera oportuna y busca que la libertad de expresi\u00f3n sea real. Visita nuestro medio informativo publicado desde Hermosillo, Sonora. %\",\"breadcrumb\":{\"@id\":\"https:\/\/www.sonoraenequipo.com.mx\/morena-respalda-demanda-contra-fabricantes-de-armas-de-eua\/#breadcrumb\"},\"inLanguage\":\"es\",\"potentialAction\":[{\"@type\":\"ReadAction\",\"target\":[\"https:\/\/www.sonoraenequipo.com.mx\/morena-respalda-demanda-contra-fabricantes-de-armas-de-eua\/\"]}]},{\"@type\":\"ImageObject\",\"inLanguage\":\"es\",\"@id\":\"https:\/\/www.sonoraenequipo.com.mx\/morena-respalda-demanda-contra-fabricantes-de-armas-de-eua\/#primaryimage\",\"url\":\"https:\/\/www.sonoraenequipo.com.mx\/storage\/2021\/08\/Morena-demanda-armas_opt.jpg\",\"contentUrl\":\"https:\/\/www.sonoraenequipo.com.mx\/storage\/2021\/08\/Morena-demanda-armas_opt.jpg\",\"width\":700,\"height\":400},{\"@type\":\"BreadcrumbList\",\"@id\":\"https:\/\/www.sonoraenequipo.com.mx\/morena-respalda-demanda-contra-fabricantes-de-armas-de-eua\/#breadcrumb\",\"itemListElement\":[{\"@type\":\"ListItem\",\"position\":1,\"name\":\"Portada\",\"item\":\"https:\/\/www.sonoraenequipo.com.mx\/\"},{\"@type\":\"ListItem\",\"position\":2,\"name\":\"Morena respalda demanda contra fabricantes de armas de EUA\"}]},{\"@type\":\"WebSite\",\"@id\":\"https:\/\/www.sonoraenequipo.com.mx\/#website\",\"url\":\"https:\/\/www.sonoraenequipo.com.mx\/\",\"name\":\"Sonora en Equipo.\",\"description\":\"Diario en l\u00ednea con Noticias desde Hermosillo, Sonora\",\"publisher\":{\"@id\":\"https:\/\/www.sonoraenequipo.com.mx\/#organization\"},\"potentialAction\":[{\"@type\":\"SearchAction\",\"target\":{\"@type\":\"EntryPoint\",\"urlTemplate\":\"https:\/\/www.sonoraenequipo.com.mx\/?s={search_term_string}\"},\"query-input\":{\"@type\":\"PropertyValueSpecification\",\"valueRequired\":true,\"valueName\":\"search_term_string\"}}],\"inLanguage\":\"es\"},{\"@type\":\"Organization\",\"@id\":\"https:\/\/www.sonoraenequipo.com.mx\/#organization\",\"name\":\"Sonoraenequipo.com.mx\",\"url\":\"https:\/\/www.sonoraenequipo.com.mx\/\",\"logo\":{\"@type\":\"ImageObject\",\"inLanguage\":\"es\",\"@id\":\"https:\/\/www.sonoraenequipo.com.mx\/#\/schema\/logo\/image\/\",\"url\":\"https:\/\/www.sonoraenequipo.com.mx\/storage\/2019\/01\/sonoraenequipo_opt.png\",\"contentUrl\":\"https:\/\/www.sonoraenequipo.com.mx\/storage\/2019\/01\/sonoraenequipo_opt.png\",\"width\":375,\"height\":125,\"caption\":\"Sonoraenequipo.com.mx\"},\"image\":{\"@id\":\"https:\/\/www.sonoraenequipo.com.mx\/#\/schema\/logo\/image\/\"},\"sameAs\":[\"https:\/\/www.facebook.com\/SonoraEE\/\",\"https:\/\/x.com\/sonoraenequipo\",\"https:\/\/www.youtube.com\/channel\/UC338nW-lPEYmJQs4ZABQ1SQ\"]},{\"@type\":\"Person\",\"@id\":\"https:\/\/www.sonoraenequipo.com.mx\/#\/schema\/person\/50102df0fb23a8fa9e8effad8fa81386\",\"name\":\"enequipo\",\"image\":{\"@type\":\"ImageObject\",\"inLanguage\":\"es\",\"@id\":\"https:\/\/www.sonoraenequipo.com.mx\/#\/schema\/person\/image\/\",\"url\":\"https:\/\/secure.gravatar.com\/avatar\/049821681b589dabc0bc20695993ccebb09f5b5d4d790cd9251b97faac7c652b?s=96&d=blank&r=g\",\"contentUrl\":\"https:\/\/secure.gravatar.com\/avatar\/049821681b589dabc0bc20695993ccebb09f5b5d4d790cd9251b97faac7c652b?s=96&d=blank&r=g\",\"caption\":\"enequipo\"},\"sameAs\":[\"https:\/\/www.facebook.com\/SonoraEE\"]}]}<\/script>\n ","yoast_head_json":{"title":"Sonora en Equipo. Morena respalda demanda contra fabricantes de armas de EUA Rep\u00fablica","description":"CIUDAD DE M\u00c9XICO.MX. \u2014 El dirigente nacional de Morena Mario Delgado respald\u00f3 la iniciativa del gobierno federal de presentar una demanda civil y un plan En Sonora en Equipo publicamos toda la informaci\u00f3n de Sonora, M\u00e9xico y el Mundo de manera oportuna y busca que la libertad de expresi\u00f3n sea real. Visita nuestro medio informativo publicado desde Hermosillo, Sonora. %","robots":{"index":"index","follow":"follow","max-snippet":"max-snippet:-1","max-image-preview":"max-image-preview:large","max-video-preview":"max-video-preview:-1"},"canonical":"https:\/\/www.sonoraenequipo.com.mx\/morena-respalda-demanda-contra-fabricantes-de-armas-de-eua\/","og_locale":"es_ES","og_type":"article","og_title":"Sonora en Equipo. Morena respalda demanda contra fabricantes de armas de EUA Rep\u00fablica","og_description":"CIUDAD DE M\u00c9XICO.MX. \u2014 El dirigente nacional de Morena Mario Delgado respald\u00f3 la iniciativa del gobierno federal de presentar una demanda civil y un plan En Sonora en Equipo publicamos toda la informaci\u00f3n de Sonora, M\u00e9xico y el Mundo de manera oportuna y busca que la libertad de expresi\u00f3n sea real. Visita nuestro medio informativo publicado desde Hermosillo, Sonora. %","og_url":"https:\/\/www.sonoraenequipo.com.mx\/morena-respalda-demanda-contra-fabricantes-de-armas-de-eua\/","og_site_name":"Sonora en Equipo.","article_publisher":"https:\/\/www.facebook.com\/SonoraEE\/","article_author":"https:\/\/www.facebook.com\/SonoraEE","article_published_time":"2021-08-06T00:01:55+00:00","article_modified_time":"2021-08-06T01:18:26+00:00","og_image":[{"width":700,"height":400,"url":"https:\/\/www.sonoraenequipo.com.mx\/storage\/2021\/08\/Morena-demanda-armas_opt.jpg","type":"image\/jpeg"}],"author":"enequipo","twitter_card":"summary_large_image","twitter_creator":"@sonoraenequipo","twitter_site":"@sonoraenequipo","twitter_misc":{"Escrito por":"enequipo","Tiempo de lectura":"2 minutos"},"schema":{"@context":"https:\/\/schema.org","@graph":[{"@type":"Article","@id":"https:\/\/www.sonoraenequipo.com.mx\/morena-respalda-demanda-contra-fabricantes-de-armas-de-eua\/#article","isPartOf":{"@id":"https:\/\/www.sonoraenequipo.com.mx\/morena-respalda-demanda-contra-fabricantes-de-armas-de-eua\/"},"author":{"name":"enequipo","@id":"https:\/\/www.sonoraenequipo.com.mx\/#\/schema\/person\/50102df0fb23a8fa9e8effad8fa81386"},"headline":"Morena respalda demanda contra fabricantes de armas de EUA","datePublished":"2021-08-06T00:01:55+00:00","dateModified":"2021-08-06T01:18:26+00:00","mainEntityOfPage":{"@id":"https:\/\/www.sonoraenequipo.com.mx\/morena-respalda-demanda-contra-fabricantes-de-armas-de-eua\/"},"wordCount":437,"commentCount":0,"publisher":{"@id":"https:\/\/www.sonoraenequipo.com.mx\/#organization"},"image":{"@id":"https:\/\/www.sonoraenequipo.com.mx\/morena-respalda-demanda-contra-fabricantes-de-armas-de-eua\/#primaryimage"},"thumbnailUrl":"https:\/\/www.sonoraenequipo.com.mx\/storage\/2021\/08\/Morena-demanda-armas_opt.jpg","articleSection":["Rep\u00fablica"],"inLanguage":"es","potentialAction":[{"@type":"CommentAction","name":"Comment","target":["https:\/\/www.sonoraenequipo.com.mx\/morena-respalda-demanda-contra-fabricantes-de-armas-de-eua\/#respond"]}]},{"@type":"WebPage","@id":"https:\/\/www.sonoraenequipo.com.mx\/morena-respalda-demanda-contra-fabricantes-de-armas-de-eua\/","url":"https:\/\/www.sonoraenequipo.com.mx\/morena-respalda-demanda-contra-fabricantes-de-armas-de-eua\/","name":"Sonora en Equipo. Morena respalda demanda contra fabricantes de armas de EUA Rep\u00fablica","isPartOf":{"@id":"https:\/\/www.sonoraenequipo.com.mx\/#website"},"primaryImageOfPage":{"@id":"https:\/\/www.sonoraenequipo.com.mx\/morena-respalda-demanda-contra-fabricantes-de-armas-de-eua\/#primaryimage"},"image":{"@id":"https:\/\/www.sonoraenequipo.com.mx\/morena-respalda-demanda-contra-fabricantes-de-armas-de-eua\/#primaryimage"},"thumbnailUrl":"https:\/\/www.sonoraenequipo.com.mx\/storage\/2021\/08\/Morena-demanda-armas_opt.jpg","datePublished":"2021-08-06T00:01:55+00:00","dateModified":"2021-08-06T01:18:26+00:00","description":"CIUDAD DE M\u00c9XICO.MX. \u2014 El dirigente nacional de Morena Mario Delgado respald\u00f3 la iniciativa del gobierno federal de presentar una demanda civil y un plan En Sonora en Equipo publicamos toda la informaci\u00f3n de Sonora, M\u00e9xico y el Mundo de manera oportuna y busca que la libertad de expresi\u00f3n sea real. Visita nuestro medio informativo publicado desde Hermosillo, Sonora. %","breadcrumb":{"@id":"https:\/\/www.sonoraenequipo.com.mx\/morena-respalda-demanda-contra-fabricantes-de-armas-de-eua\/#breadcrumb"},"inLanguage":"es","potentialAction":[{"@type":"ReadAction","target":["https:\/\/www.sonoraenequipo.com.mx\/morena-respalda-demanda-contra-fabricantes-de-armas-de-eua\/"]}]},{"@type":"ImageObject","inLanguage":"es","@id":"https:\/\/www.sonoraenequipo.com.mx\/morena-respalda-demanda-contra-fabricantes-de-armas-de-eua\/#primaryimage","url":"https:\/\/www.sonoraenequipo.com.mx\/storage\/2021\/08\/Morena-demanda-armas_opt.jpg","contentUrl":"https:\/\/www.sonoraenequipo.com.mx\/storage\/2021\/08\/Morena-demanda-armas_opt.jpg","width":700,"height":400},{"@type":"BreadcrumbList","@id":"https:\/\/www.sonoraenequipo.com.mx\/morena-respalda-demanda-contra-fabricantes-de-armas-de-eua\/#breadcrumb","itemListElement":[{"@type":"ListItem","position":1,"name":"Portada","item":"https:\/\/www.sonoraenequipo.com.mx\/"},{"@type":"ListItem","position":2,"name":"Morena respalda demanda contra fabricantes de armas de EUA"}]},{"@type":"WebSite","@id":"https:\/\/www.sonoraenequipo.com.mx\/#website","url":"https:\/\/www.sonoraenequipo.com.mx\/","name":"Sonora en Equipo.","description":"Diario en l\u00ednea con Noticias desde Hermosillo, Sonora","publisher":{"@id":"https:\/\/www.sonoraenequipo.com.mx\/#organization"},"potentialAction":[{"@type":"SearchAction","target":{"@type":"EntryPoint","urlTemplate":"https:\/\/www.sonoraenequipo.com.mx\/?s={search_term_string}"},"query-input":{"@type":"PropertyValueSpecification","valueRequired":true,"valueName":"search_term_string"}}],"inLanguage":"es"},{"@type":"Organization","@id":"https:\/\/www.sonoraenequipo.com.mx\/#organization","name":"Sonoraenequipo.com.mx","url":"https:\/\/www.sonoraenequipo.com.mx\/","logo":{"@type":"ImageObject","inLanguage":"es","@id":"https:\/\/www.sonoraenequipo.com.mx\/#\/schema\/logo\/image\/","url":"https:\/\/www.sonoraenequipo.com.mx\/storage\/2019\/01\/sonoraenequipo_opt.png","contentUrl":"https:\/\/www.sonoraenequipo.com.mx\/storage\/2019\/01\/sonoraenequipo_opt.png","width":375,"height":125,"caption":"Sonoraenequipo.com.mx"},"image":{"@id":"https:\/\/www.sonoraenequipo.com.mx\/#\/schema\/logo\/image\/"},"sameAs":["https:\/\/www.facebook.com\/SonoraEE\/","https:\/\/x.com\/sonoraenequipo","https:\/\/www.youtube.com\/channel\/UC338nW-lPEYmJQs4ZABQ1SQ"]},{"@type":"Person","@id":"https:\/\/www.sonoraenequipo.com.mx\/#\/schema\/person\/50102df0fb23a8fa9e8effad8fa81386","name":"enequipo","image":{"@type":"ImageObject","inLanguage":"es","@id":"https:\/\/www.sonoraenequipo.com.mx\/#\/schema\/person\/image\/","url":"https:\/\/secure.gravatar.com\/avatar\/049821681b589dabc0bc20695993ccebb09f5b5d4d790cd9251b97faac7c652b?s=96&d=blank&r=g","contentUrl":"https:\/\/secure.gravatar.com\/avatar\/049821681b589dabc0bc20695993ccebb09f5b5d4d790cd9251b97faac7c652b?s=96&d=blank&r=g","caption":"enequipo"},"sameAs":["https:\/\/www.facebook.com\/SonoraEE"]}]}},"jetpack_featured_media_url":"https:\/\/www.sonoraenequipo.com.mx\/storage\/2021\/08\/Morena-demanda-armas_opt.jpg","_links":{"self":[{"href":"https:\/\/www.sonoraenequipo.com.mx\/api\/wp\/v2\/posts\/119897","targetHints":{"allow":["GET"]}}],"collection":[{"href":"https:\/\/www.sonoraenequipo.com.mx\/api\/wp\/v2\/posts"}],"about":[{"href":"https:\/\/www.sonoraenequipo.com.mx\/api\/wp\/v2\/types\/post"}],"author":[{"embeddable":true,"href":"https:\/\/www.sonoraenequipo.com.mx\/api\/wp\/v2\/users\/1"}],"replies":[{"embeddable":true,"href":"https:\/\/www.sonoraenequipo.com.mx\/api\/wp\/v2\/comments?post=119897"}],"version-history":[{"count":1,"href":"https:\/\/www.sonoraenequipo.com.mx\/api\/wp\/v2\/posts\/119897\/revisions"}],"predecessor-version":[{"id":119898,"href":"https:\/\/www.sonoraenequipo.com.mx\/api\/wp\/v2\/posts\/119897\/revisions\/119898"}],"wp:featuredmedia":[{"embeddable":true,"href":"https:\/\/www.sonoraenequipo.com.mx\/api\/wp\/v2\/media\/119878"}],"wp:attachment":[{"href":"https:\/\/www.sonoraenequipo.com.mx\/api\/wp\/v2\/media?parent=119897"}],"wp:term":[{"taxonomy":"category","embeddable":true,"href":"https:\/\/www.sonoraenequipo.com.mx\/api\/wp\/v2\/categories?post=119897"},{"taxonomy":"post_tag","embeddable":true,"href":"https:\/\/www.sonoraenequipo.com.mx\/api\/wp\/v2\/tags?post=119897"}],"curies":[{"name":"wp","href":"https:\/\/api.w.org\/{rel}","templated":true}]}}