{"id":119906,"date":"2021-08-05T15:28:01","date_gmt":"2021-08-05T22:28:01","guid":{"rendered":"https:\/\/www.sonoraenequipo.com.mx\/?p=119906"},"modified":"2021-08-05T19:41:08","modified_gmt":"2021-08-06T02:41:08","slug":"zaldivar-se-reunio-con-magistrados-del-tribunal-electoral-y-llama-a-dejar-por-fuera-las-ambiciones-personales","status":"publish","type":"post","link":"https:\/\/www.sonoraenequipo.com.mx\/zaldivar-se-reunio-con-magistrados-del-tribunal-electoral-y-llama-a-dejar-por-fuera-las-ambiciones-personales\/","title":{"rendered":"Zald\u00edvar se reuni\u00f3 con magistrados del Tribunal Electoral y llama a dejar por fuera las \u00abambiciones personales\u00bb"},"content":{"rendered":"<p>CIUDAD DE M\u00c9XICO. MX. \u2014 Ante la situaci\u00f3n que enfrenta el Tribunal Electoral del Poder Judicial de la Federaci\u00f3n (TEPJF), el presidente de la Suprema Corte de Justicia de la Naci\u00f3n (SCJN), Arturo Zald\u00edvar, hizo un llamado a privilegiar el bien de M\u00e9xico<em> \u201csobre las ambiciones personales\u201d.<\/em><\/p>\n<p>&nbsp;<\/p>\n<p> <\/p>\n<p>&nbsp;<\/p>\n<p>En Twitter, Zald\u00edvar recibi\u00f3 este jueves a los cinco magistrados \u201crebeldes\u201d que destituyeron a Vargas Valdez de la Presidencia del \u00f3rgano electoral.<\/p>\n<p>&nbsp;<\/p>\n<p>Tras la reuni\u00f3n, apunt\u00f3 en su cuenta de Twitter que el di\u00e1logo siempre ser\u00e1 la v\u00eda para la construcci\u00f3n de acuerdos y la salvaguarda de la institucionalidad.<\/p>\n<p>&nbsp;<\/p>\n<p>Momentos antes la Suprema Corte inform\u00f3 que el encuentro es para buscar consensos y alternativas que den salida a la situaci\u00f3n que prevalece en el m\u00e1ximo tribunal electoral del pa\u00eds luego de que este mi\u00e9rcoles cinco de los siete integrantes del TEPJF votaron para destituir a Vargas como presidente y nombraron en su lugar al magistrado Reyes Rodr\u00edguez Mondrag\u00f3n.<\/p>\n<p>&nbsp;<\/p>\n<p>A la cita se presentaron Janine M. Ot\u00e1lora, Indalfer Infante Gonzales, Felipe Alfredo Fuentes Barrera, Felipe de la Mata Piza\u00f1a y Reyes Rodr\u00edguez Mondrag\u00f3n.<\/p>\n<p><a class=\"twitter-timeline\" data-width=\"640\" data-height=\"960\" data-dnt=\"true\" href=\"https:\/\/twitter.com\/ArturoZaldivarL?ref_src=twsrc%5Etfw\">Tweets by ArturoZaldivarL<\/a><script async src=\"https:\/\/platform.twitter.com\/widgets.js\" charset=\"utf-8\"><\/script><\/p>\n<p>(Publicada el 05\/08\/2021)<\/p>\n","protected":false},"excerpt":{"rendered":"<p>CIUDAD DE M\u00c9XICO. MX. \u2014 Ante la situaci\u00f3n que enfrenta el Tribunal Electoral del Poder&#8230;<\/p>\n","protected":false},"author":1,"featured_media":119868,"comment_status":"open","ping_status":"open","sticky":false,"template":"","format":"standard","meta":{"_monsterinsights_skip_tracking":false,"_monsterinsights_sitenote_active":false,"_monsterinsights_sitenote_note":"","_monsterinsights_sitenote_category":0,"footnotes":""},"categories":[5],"tags":[],"class_list":["post"],"yoast_head":" \n<title>Sonora en Equipo. Zald\u00edvar se reuni\u00f3 con magistrados del Tribunal Electoral y llama a dejar por fuera las &quot;ambiciones personales&quot; Rep\u00fablica<\/title>\n<meta name=\"description\" content=\"CIUDAD DE M\u00c9XICO. MX. \u2014 Ante la situaci\u00f3n que enfrenta el Tribunal Electoral del Poder Judicial de la Federaci\u00f3n (TEPJF), el presidente de la Suprema En Sonora en Equipo publicamos toda la informaci\u00f3n de Sonora, M\u00e9xico y el Mundo de manera oportuna y busca que la libertad de expresi\u00f3n sea real. Visita nuestro medio informativo publicado desde Hermosillo, Sonora. %\" \/>\n<meta name=\"robots\" content=\"index, follow, max-snippet:-1, max-image-preview:large, max-video-preview:-1\" \/>\n<link rel=\"canonical\" href=\"https:\/\/www.sonoraenequipo.com.mx\/zaldivar-se-reunio-con-magistrados-del-tribunal-electoral-y-llama-a-dejar-por-fuera-las-ambiciones-personales\/\" \/>\n<meta property=\"og:locale\" content=\"es_ES\" \/>\n<meta property=\"og:type\" content=\"article\" \/>\n<meta property=\"og:title\" content=\"Sonora en Equipo. Zald\u00edvar se reuni\u00f3 con magistrados del Tribunal Electoral y llama a dejar por fuera las &quot;ambiciones personales&quot; Rep\u00fablica\" \/>\n<meta property=\"og:description\" content=\"CIUDAD DE M\u00c9XICO. MX. \u2014 Ante la situaci\u00f3n que enfrenta el Tribunal Electoral del Poder Judicial de la Federaci\u00f3n (TEPJF), el presidente de la Suprema En Sonora en Equipo publicamos toda la informaci\u00f3n de Sonora, M\u00e9xico y el Mundo de manera oportuna y busca que la libertad de expresi\u00f3n sea real. Visita nuestro medio informativo publicado desde Hermosillo, Sonora. %\" \/>\n<meta property=\"og:url\" content=\"https:\/\/www.sonoraenequipo.com.mx\/zaldivar-se-reunio-con-magistrados-del-tribunal-electoral-y-llama-a-dejar-por-fuera-las-ambiciones-personales\/\" \/>\n<meta property=\"og:site_name\" content=\"Sonora en Equipo.\" \/>\n<meta property=\"article:publisher\" content=\"https:\/\/www.facebook.com\/SonoraEE\/\" \/>\n<meta property=\"article:author\" content=\"https:\/\/www.facebook.com\/SonoraEE\" \/>\n<meta property=\"article:published_time\" content=\"2021-08-05T22:28:01+00:00\" \/>\n<meta property=\"article:modified_time\" content=\"2021-08-06T02:41:08+00:00\" \/>\n<meta property=\"og:image\" content=\"https:\/\/www.sonoraenequipo.com.mx\/storage\/2021\/08\/Arturo-Zaldivar_opt.jpg\" \/>\n\t<meta property=\"og:image:width\" content=\"700\" \/>\n\t<meta property=\"og:image:height\" content=\"400\" \/>\n\t<meta property=\"og:image:type\" content=\"image\/jpeg\" \/>\n<meta name=\"author\" content=\"enequipo\" \/>\n<meta name=\"twitter:card\" content=\"summary_large_image\" \/>\n<meta name=\"twitter:creator\" content=\"@sonoraenequipo\" \/>\n<meta name=\"twitter:site\" content=\"@sonoraenequipo\" \/>\n<meta name=\"twitter:label1\" content=\"Escrito por\" \/>\n\t<meta name=\"twitter:data1\" content=\"enequipo\" \/>\n\t<meta name=\"twitter:label2\" content=\"Tiempo de lectura\" \/>\n\t<meta name=\"twitter:data2\" content=\"1 minuto\" \/>\n<script type=\"application\/ld+json\" class=\"yoast-schema-graph\">{\"@context\":\"https:\/\/schema.org\",\"@graph\":[{\"@type\":\"Article\",\"@id\":\"https:\/\/www.sonoraenequipo.com.mx\/zaldivar-se-reunio-con-magistrados-del-tribunal-electoral-y-llama-a-dejar-por-fuera-las-ambiciones-personales\/#article\",\"isPartOf\":{\"@id\":\"https:\/\/www.sonoraenequipo.com.mx\/zaldivar-se-reunio-con-magistrados-del-tribunal-electoral-y-llama-a-dejar-por-fuera-las-ambiciones-personales\/\"},\"author\":{\"name\":\"enequipo\",\"@id\":\"https:\/\/www.sonoraenequipo.com.mx\/#\/schema\/person\/50102df0fb23a8fa9e8effad8fa81386\"},\"headline\":\"Zald\u00edvar se reuni\u00f3 con magistrados del Tribunal Electoral y llama a dejar por fuera las \u00abambiciones personales\u00bb\",\"datePublished\":\"2021-08-05T22:28:01+00:00\",\"dateModified\":\"2021-08-06T02:41:08+00:00\",\"mainEntityOfPage\":{\"@id\":\"https:\/\/www.sonoraenequipo.com.mx\/zaldivar-se-reunio-con-magistrados-del-tribunal-electoral-y-llama-a-dejar-por-fuera-las-ambiciones-personales\/\"},\"wordCount\":228,\"commentCount\":0,\"publisher\":{\"@id\":\"https:\/\/www.sonoraenequipo.com.mx\/#organization\"},\"image\":{\"@id\":\"https:\/\/www.sonoraenequipo.com.mx\/zaldivar-se-reunio-con-magistrados-del-tribunal-electoral-y-llama-a-dejar-por-fuera-las-ambiciones-personales\/#primaryimage\"},\"thumbnailUrl\":\"https:\/\/www.sonoraenequipo.com.mx\/storage\/2021\/08\/Arturo-Zaldivar_opt.jpg\",\"articleSection\":[\"Rep\u00fablica\"],\"inLanguage\":\"es\",\"potentialAction\":[{\"@type\":\"CommentAction\",\"name\":\"Comment\",\"target\":[\"https:\/\/www.sonoraenequipo.com.mx\/zaldivar-se-reunio-con-magistrados-del-tribunal-electoral-y-llama-a-dejar-por-fuera-las-ambiciones-personales\/#respond\"]}]},{\"@type\":\"WebPage\",\"@id\":\"https:\/\/www.sonoraenequipo.com.mx\/zaldivar-se-reunio-con-magistrados-del-tribunal-electoral-y-llama-a-dejar-por-fuera-las-ambiciones-personales\/\",\"url\":\"https:\/\/www.sonoraenequipo.com.mx\/zaldivar-se-reunio-con-magistrados-del-tribunal-electoral-y-llama-a-dejar-por-fuera-las-ambiciones-personales\/\",\"name\":\"Sonora en Equipo. Zald\u00edvar se reuni\u00f3 con magistrados del Tribunal Electoral y llama a dejar por fuera las \\\"ambiciones personales\\\" Rep\u00fablica\",\"isPartOf\":{\"@id\":\"https:\/\/www.sonoraenequipo.com.mx\/#website\"},\"primaryImageOfPage\":{\"@id\":\"https:\/\/www.sonoraenequipo.com.mx\/zaldivar-se-reunio-con-magistrados-del-tribunal-electoral-y-llama-a-dejar-por-fuera-las-ambiciones-personales\/#primaryimage\"},\"image\":{\"@id\":\"https:\/\/www.sonoraenequipo.com.mx\/zaldivar-se-reunio-con-magistrados-del-tribunal-electoral-y-llama-a-dejar-por-fuera-las-ambiciones-personales\/#primaryimage\"},\"thumbnailUrl\":\"https:\/\/www.sonoraenequipo.com.mx\/storage\/2021\/08\/Arturo-Zaldivar_opt.jpg\",\"datePublished\":\"2021-08-05T22:28:01+00:00\",\"dateModified\":\"2021-08-06T02:41:08+00:00\",\"description\":\"CIUDAD DE M\u00c9XICO. MX. \u2014 Ante la situaci\u00f3n que enfrenta el Tribunal Electoral del Poder Judicial de la Federaci\u00f3n (TEPJF), el presidente de la Suprema En Sonora en Equipo publicamos toda la informaci\u00f3n de Sonora, M\u00e9xico y el Mundo de manera oportuna y busca que la libertad de expresi\u00f3n sea real. Visita nuestro medio informativo publicado desde Hermosillo, Sonora. %\",\"breadcrumb\":{\"@id\":\"https:\/\/www.sonoraenequipo.com.mx\/zaldivar-se-reunio-con-magistrados-del-tribunal-electoral-y-llama-a-dejar-por-fuera-las-ambiciones-personales\/#breadcrumb\"},\"inLanguage\":\"es\",\"potentialAction\":[{\"@type\":\"ReadAction\",\"target\":[\"https:\/\/www.sonoraenequipo.com.mx\/zaldivar-se-reunio-con-magistrados-del-tribunal-electoral-y-llama-a-dejar-por-fuera-las-ambiciones-personales\/\"]}]},{\"@type\":\"ImageObject\",\"inLanguage\":\"es\",\"@id\":\"https:\/\/www.sonoraenequipo.com.mx\/zaldivar-se-reunio-con-magistrados-del-tribunal-electoral-y-llama-a-dejar-por-fuera-las-ambiciones-personales\/#primaryimage\",\"url\":\"https:\/\/www.sonoraenequipo.com.mx\/storage\/2021\/08\/Arturo-Zaldivar_opt.jpg\",\"contentUrl\":\"https:\/\/www.sonoraenequipo.com.mx\/storage\/2021\/08\/Arturo-Zaldivar_opt.jpg\",\"width\":700,\"height\":400},{\"@type\":\"BreadcrumbList\",\"@id\":\"https:\/\/www.sonoraenequipo.com.mx\/zaldivar-se-reunio-con-magistrados-del-tribunal-electoral-y-llama-a-dejar-por-fuera-las-ambiciones-personales\/#breadcrumb\",\"itemListElement\":[{\"@type\":\"ListItem\",\"position\":1,\"name\":\"Portada\",\"item\":\"https:\/\/www.sonoraenequipo.com.mx\/\"},{\"@type\":\"ListItem\",\"position\":2,\"name\":\"Zald\u00edvar se reuni\u00f3 con magistrados del Tribunal Electoral y llama a dejar por fuera las \u00abambiciones personales\u00bb\"}]},{\"@type\":\"WebSite\",\"@id\":\"https:\/\/www.sonoraenequipo.com.mx\/#website\",\"url\":\"https:\/\/www.sonoraenequipo.com.mx\/\",\"name\":\"Sonora en Equipo.\",\"description\":\"Diario en l\u00ednea con Noticias desde Hermosillo, Sonora\",\"publisher\":{\"@id\":\"https:\/\/www.sonoraenequipo.com.mx\/#organization\"},\"potentialAction\":[{\"@type\":\"SearchAction\",\"target\":{\"@type\":\"EntryPoint\",\"urlTemplate\":\"https:\/\/www.sonoraenequipo.com.mx\/?s={search_term_string}\"},\"query-input\":{\"@type\":\"PropertyValueSpecification\",\"valueRequired\":true,\"valueName\":\"search_term_string\"}}],\"inLanguage\":\"es\"},{\"@type\":\"Organization\",\"@id\":\"https:\/\/www.sonoraenequipo.com.mx\/#organization\",\"name\":\"Sonoraenequipo.com.mx\",\"url\":\"https:\/\/www.sonoraenequipo.com.mx\/\",\"logo\":{\"@type\":\"ImageObject\",\"inLanguage\":\"es\",\"@id\":\"https:\/\/www.sonoraenequipo.com.mx\/#\/schema\/logo\/image\/\",\"url\":\"https:\/\/www.sonoraenequipo.com.mx\/storage\/2019\/01\/sonoraenequipo_opt.png\",\"contentUrl\":\"https:\/\/www.sonoraenequipo.com.mx\/storage\/2019\/01\/sonoraenequipo_opt.png\",\"width\":375,\"height\":125,\"caption\":\"Sonoraenequipo.com.mx\"},\"image\":{\"@id\":\"https:\/\/www.sonoraenequipo.com.mx\/#\/schema\/logo\/image\/\"},\"sameAs\":[\"https:\/\/www.facebook.com\/SonoraEE\/\",\"https:\/\/x.com\/sonoraenequipo\",\"https:\/\/www.youtube.com\/channel\/UC338nW-lPEYmJQs4ZABQ1SQ\"]},{\"@type\":\"Person\",\"@id\":\"https:\/\/www.sonoraenequipo.com.mx\/#\/schema\/person\/50102df0fb23a8fa9e8effad8fa81386\",\"name\":\"enequipo\",\"image\":{\"@type\":\"ImageObject\",\"inLanguage\":\"es\",\"@id\":\"https:\/\/www.sonoraenequipo.com.mx\/#\/schema\/person\/image\/\",\"url\":\"https:\/\/secure.gravatar.com\/avatar\/049821681b589dabc0bc20695993ccebb09f5b5d4d790cd9251b97faac7c652b?s=96&d=blank&r=g\",\"contentUrl\":\"https:\/\/secure.gravatar.com\/avatar\/049821681b589dabc0bc20695993ccebb09f5b5d4d790cd9251b97faac7c652b?s=96&d=blank&r=g\",\"caption\":\"enequipo\"},\"sameAs\":[\"https:\/\/www.facebook.com\/SonoraEE\"]}]}<\/script>\n ","yoast_head_json":{"title":"Sonora en Equipo. Zald\u00edvar se reuni\u00f3 con magistrados del Tribunal Electoral y llama a dejar por fuera las \"ambiciones personales\" Rep\u00fablica","description":"CIUDAD DE M\u00c9XICO. MX. \u2014 Ante la situaci\u00f3n que enfrenta el Tribunal Electoral del Poder Judicial de la Federaci\u00f3n (TEPJF), el presidente de la Suprema En Sonora en Equipo publicamos toda la informaci\u00f3n de Sonora, M\u00e9xico y el Mundo de manera oportuna y busca que la libertad de expresi\u00f3n sea real. Visita nuestro medio informativo publicado desde Hermosillo, Sonora. %","robots":{"index":"index","follow":"follow","max-snippet":"max-snippet:-1","max-image-preview":"max-image-preview:large","max-video-preview":"max-video-preview:-1"},"canonical":"https:\/\/www.sonoraenequipo.com.mx\/zaldivar-se-reunio-con-magistrados-del-tribunal-electoral-y-llama-a-dejar-por-fuera-las-ambiciones-personales\/","og_locale":"es_ES","og_type":"article","og_title":"Sonora en Equipo. Zald\u00edvar se reuni\u00f3 con magistrados del Tribunal Electoral y llama a dejar por fuera las \"ambiciones personales\" Rep\u00fablica","og_description":"CIUDAD DE M\u00c9XICO. MX. \u2014 Ante la situaci\u00f3n que enfrenta el Tribunal Electoral del Poder Judicial de la Federaci\u00f3n (TEPJF), el presidente de la Suprema En Sonora en Equipo publicamos toda la informaci\u00f3n de Sonora, M\u00e9xico y el Mundo de manera oportuna y busca que la libertad de expresi\u00f3n sea real. Visita nuestro medio informativo publicado desde Hermosillo, Sonora. %","og_url":"https:\/\/www.sonoraenequipo.com.mx\/zaldivar-se-reunio-con-magistrados-del-tribunal-electoral-y-llama-a-dejar-por-fuera-las-ambiciones-personales\/","og_site_name":"Sonora en Equipo.","article_publisher":"https:\/\/www.facebook.com\/SonoraEE\/","article_author":"https:\/\/www.facebook.com\/SonoraEE","article_published_time":"2021-08-05T22:28:01+00:00","article_modified_time":"2021-08-06T02:41:08+00:00","og_image":[{"width":700,"height":400,"url":"https:\/\/www.sonoraenequipo.com.mx\/storage\/2021\/08\/Arturo-Zaldivar_opt.jpg","type":"image\/jpeg"}],"author":"enequipo","twitter_card":"summary_large_image","twitter_creator":"@sonoraenequipo","twitter_site":"@sonoraenequipo","twitter_misc":{"Escrito por":"enequipo","Tiempo de lectura":"1 minuto"},"schema":{"@context":"https:\/\/schema.org","@graph":[{"@type":"Article","@id":"https:\/\/www.sonoraenequipo.com.mx\/zaldivar-se-reunio-con-magistrados-del-tribunal-electoral-y-llama-a-dejar-por-fuera-las-ambiciones-personales\/#article","isPartOf":{"@id":"https:\/\/www.sonoraenequipo.com.mx\/zaldivar-se-reunio-con-magistrados-del-tribunal-electoral-y-llama-a-dejar-por-fuera-las-ambiciones-personales\/"},"author":{"name":"enequipo","@id":"https:\/\/www.sonoraenequipo.com.mx\/#\/schema\/person\/50102df0fb23a8fa9e8effad8fa81386"},"headline":"Zald\u00edvar se reuni\u00f3 con magistrados del Tribunal Electoral y llama a dejar por fuera las \u00abambiciones personales\u00bb","datePublished":"2021-08-05T22:28:01+00:00","dateModified":"2021-08-06T02:41:08+00:00","mainEntityOfPage":{"@id":"https:\/\/www.sonoraenequipo.com.mx\/zaldivar-se-reunio-con-magistrados-del-tribunal-electoral-y-llama-a-dejar-por-fuera-las-ambiciones-personales\/"},"wordCount":228,"commentCount":0,"publisher":{"@id":"https:\/\/www.sonoraenequipo.com.mx\/#organization"},"image":{"@id":"https:\/\/www.sonoraenequipo.com.mx\/zaldivar-se-reunio-con-magistrados-del-tribunal-electoral-y-llama-a-dejar-por-fuera-las-ambiciones-personales\/#primaryimage"},"thumbnailUrl":"https:\/\/www.sonoraenequipo.com.mx\/storage\/2021\/08\/Arturo-Zaldivar_opt.jpg","articleSection":["Rep\u00fablica"],"inLanguage":"es","potentialAction":[{"@type":"CommentAction","name":"Comment","target":["https:\/\/www.sonoraenequipo.com.mx\/zaldivar-se-reunio-con-magistrados-del-tribunal-electoral-y-llama-a-dejar-por-fuera-las-ambiciones-personales\/#respond"]}]},{"@type":"WebPage","@id":"https:\/\/www.sonoraenequipo.com.mx\/zaldivar-se-reunio-con-magistrados-del-tribunal-electoral-y-llama-a-dejar-por-fuera-las-ambiciones-personales\/","url":"https:\/\/www.sonoraenequipo.com.mx\/zaldivar-se-reunio-con-magistrados-del-tribunal-electoral-y-llama-a-dejar-por-fuera-las-ambiciones-personales\/","name":"Sonora en Equipo. Zald\u00edvar se reuni\u00f3 con magistrados del Tribunal Electoral y llama a dejar por fuera las \"ambiciones personales\" Rep\u00fablica","isPartOf":{"@id":"https:\/\/www.sonoraenequipo.com.mx\/#website"},"primaryImageOfPage":{"@id":"https:\/\/www.sonoraenequipo.com.mx\/zaldivar-se-reunio-con-magistrados-del-tribunal-electoral-y-llama-a-dejar-por-fuera-las-ambiciones-personales\/#primaryimage"},"image":{"@id":"https:\/\/www.sonoraenequipo.com.mx\/zaldivar-se-reunio-con-magistrados-del-tribunal-electoral-y-llama-a-dejar-por-fuera-las-ambiciones-personales\/#primaryimage"},"thumbnailUrl":"https:\/\/www.sonoraenequipo.com.mx\/storage\/2021\/08\/Arturo-Zaldivar_opt.jpg","datePublished":"2021-08-05T22:28:01+00:00","dateModified":"2021-08-06T02:41:08+00:00","description":"CIUDAD DE M\u00c9XICO. MX. \u2014 Ante la situaci\u00f3n que enfrenta el Tribunal Electoral del Poder Judicial de la Federaci\u00f3n (TEPJF), el presidente de la Suprema En Sonora en Equipo publicamos toda la informaci\u00f3n de Sonora, M\u00e9xico y el Mundo de manera oportuna y busca que la libertad de expresi\u00f3n sea real. Visita nuestro medio informativo publicado desde Hermosillo, Sonora. %","breadcrumb":{"@id":"https:\/\/www.sonoraenequipo.com.mx\/zaldivar-se-reunio-con-magistrados-del-tribunal-electoral-y-llama-a-dejar-por-fuera-las-ambiciones-personales\/#breadcrumb"},"inLanguage":"es","potentialAction":[{"@type":"ReadAction","target":["https:\/\/www.sonoraenequipo.com.mx\/zaldivar-se-reunio-con-magistrados-del-tribunal-electoral-y-llama-a-dejar-por-fuera-las-ambiciones-personales\/"]}]},{"@type":"ImageObject","inLanguage":"es","@id":"https:\/\/www.sonoraenequipo.com.mx\/zaldivar-se-reunio-con-magistrados-del-tribunal-electoral-y-llama-a-dejar-por-fuera-las-ambiciones-personales\/#primaryimage","url":"https:\/\/www.sonoraenequipo.com.mx\/storage\/2021\/08\/Arturo-Zaldivar_opt.jpg","contentUrl":"https:\/\/www.sonoraenequipo.com.mx\/storage\/2021\/08\/Arturo-Zaldivar_opt.jpg","width":700,"height":400},{"@type":"BreadcrumbList","@id":"https:\/\/www.sonoraenequipo.com.mx\/zaldivar-se-reunio-con-magistrados-del-tribunal-electoral-y-llama-a-dejar-por-fuera-las-ambiciones-personales\/#breadcrumb","itemListElement":[{"@type":"ListItem","position":1,"name":"Portada","item":"https:\/\/www.sonoraenequipo.com.mx\/"},{"@type":"ListItem","position":2,"name":"Zald\u00edvar se reuni\u00f3 con magistrados del Tribunal Electoral y llama a dejar por fuera las \u00abambiciones personales\u00bb"}]},{"@type":"WebSite","@id":"https:\/\/www.sonoraenequipo.com.mx\/#website","url":"https:\/\/www.sonoraenequipo.com.mx\/","name":"Sonora en Equipo.","description":"Diario en l\u00ednea con Noticias desde Hermosillo, Sonora","publisher":{"@id":"https:\/\/www.sonoraenequipo.com.mx\/#organization"},"potentialAction":[{"@type":"SearchAction","target":{"@type":"EntryPoint","urlTemplate":"https:\/\/www.sonoraenequipo.com.mx\/?s={search_term_string}"},"query-input":{"@type":"PropertyValueSpecification","valueRequired":true,"valueName":"search_term_string"}}],"inLanguage":"es"},{"@type":"Organization","@id":"https:\/\/www.sonoraenequipo.com.mx\/#organization","name":"Sonoraenequipo.com.mx","url":"https:\/\/www.sonoraenequipo.com.mx\/","logo":{"@type":"ImageObject","inLanguage":"es","@id":"https:\/\/www.sonoraenequipo.com.mx\/#\/schema\/logo\/image\/","url":"https:\/\/www.sonoraenequipo.com.mx\/storage\/2019\/01\/sonoraenequipo_opt.png","contentUrl":"https:\/\/www.sonoraenequipo.com.mx\/storage\/2019\/01\/sonoraenequipo_opt.png","width":375,"height":125,"caption":"Sonoraenequipo.com.mx"},"image":{"@id":"https:\/\/www.sonoraenequipo.com.mx\/#\/schema\/logo\/image\/"},"sameAs":["https:\/\/www.facebook.com\/SonoraEE\/","https:\/\/x.com\/sonoraenequipo","https:\/\/www.youtube.com\/channel\/UC338nW-lPEYmJQs4ZABQ1SQ"]},{"@type":"Person","@id":"https:\/\/www.sonoraenequipo.com.mx\/#\/schema\/person\/50102df0fb23a8fa9e8effad8fa81386","name":"enequipo","image":{"@type":"ImageObject","inLanguage":"es","@id":"https:\/\/www.sonoraenequipo.com.mx\/#\/schema\/person\/image\/","url":"https:\/\/secure.gravatar.com\/avatar\/049821681b589dabc0bc20695993ccebb09f5b5d4d790cd9251b97faac7c652b?s=96&d=blank&r=g","contentUrl":"https:\/\/secure.gravatar.com\/avatar\/049821681b589dabc0bc20695993ccebb09f5b5d4d790cd9251b97faac7c652b?s=96&d=blank&r=g","caption":"enequipo"},"sameAs":["https:\/\/www.facebook.com\/SonoraEE"]}]}},"jetpack_featured_media_url":"https:\/\/www.sonoraenequipo.com.mx\/storage\/2021\/08\/Arturo-Zaldivar_opt.jpg","_links":{"self":[{"href":"https:\/\/www.sonoraenequipo.com.mx\/api\/wp\/v2\/posts\/119906","targetHints":{"allow":["GET"]}}],"collection":[{"href":"https:\/\/www.sonoraenequipo.com.mx\/api\/wp\/v2\/posts"}],"about":[{"href":"https:\/\/www.sonoraenequipo.com.mx\/api\/wp\/v2\/types\/post"}],"author":[{"embeddable":true,"href":"https:\/\/www.sonoraenequipo.com.mx\/api\/wp\/v2\/users\/1"}],"replies":[{"embeddable":true,"href":"https:\/\/www.sonoraenequipo.com.mx\/api\/wp\/v2\/comments?post=119906"}],"version-history":[{"count":1,"href":"https:\/\/www.sonoraenequipo.com.mx\/api\/wp\/v2\/posts\/119906\/revisions"}],"predecessor-version":[{"id":119907,"href":"https:\/\/www.sonoraenequipo.com.mx\/api\/wp\/v2\/posts\/119906\/revisions\/119907"}],"wp:featuredmedia":[{"embeddable":true,"href":"https:\/\/www.sonoraenequipo.com.mx\/api\/wp\/v2\/media\/119868"}],"wp:attachment":[{"href":"https:\/\/www.sonoraenequipo.com.mx\/api\/wp\/v2\/media?parent=119906"}],"wp:term":[{"taxonomy":"category","embeddable":true,"href":"https:\/\/www.sonoraenequipo.com.mx\/api\/wp\/v2\/categories?post=119906"},{"taxonomy":"post_tag","embeddable":true,"href":"https:\/\/www.sonoraenequipo.com.mx\/api\/wp\/v2\/tags?post=119906"}],"curies":[{"name":"wp","href":"https:\/\/api.w.org\/{rel}","templated":true}]}}