{"id":119908,"date":"2021-08-05T07:16:55","date_gmt":"2021-08-05T14:16:55","guid":{"rendered":"https:\/\/www.sonoraenequipo.com.mx\/?p=119908"},"modified":"2021-08-05T19:53:21","modified_gmt":"2021-08-06T02:53:21","slug":"bebe-de-2-meses-se-contagia-de-covid-en-hospital-de-oaxaca-esta-grave","status":"publish","type":"post","link":"https:\/\/www.sonoraenequipo.com.mx\/bebe-de-2-meses-se-contagia-de-covid-en-hospital-de-oaxaca-esta-grave\/","title":{"rendered":"Beb\u00e9 de 2 meses se contagia de Covid en hospital de Oaxaca; est\u00e1 grave"},"content":{"rendered":"<p>OAXACA, OAXACA. MX. \u2014 Un beb\u00e9 de tan s\u00f3lo dos meses de nacido, se encuentra grave de salud, tras contagiarse de Covid-19 en el Hospital General de Pochutla en Oaxaca, por lo que denuncian que el centro de salud no cuenta con los protocolos necesarios para prevenir contagios.<\/p>\n<p>&nbsp;<\/p>\n<p> <\/p>\n<p>&nbsp;<\/p>\n<p>&nbsp;<\/p>\n<p>Es el caso de Daniela, de 19 a\u00f1os de edad, quien llev\u00f3 a su menor hijo al Hospital para una revisi\u00f3n de salud, sin embargo, cuatro d\u00edas despu\u00e9s le dijeron que su beb\u00e9 hab\u00eda dado positivo a Covid-19.<\/p>\n<p>&nbsp;<\/p>\n<p>Como protocolo, Daniela fue sometida a una prueba de SARS-CoV-2, misma que arroj\u00f3 un resultado negativo, por lo que ahora asegura que su beb\u00e9 se contagio dentro del Hospital.<\/p>\n<p>&nbsp;<\/p>\n<p>\u201c<em>Mi beb\u00e9 es muy peque\u00f1o, tiene dos meses y no lo he visto. Me dicen que est\u00e1 muy grave, primero me dijeron que ten\u00eda cardiopat\u00eda y ahora salen que est\u00e1 grave por covid-19. No comprendo qu\u00e9 fue lo qu\u00e9 pas\u00f3\u201d<\/em>, indic\u00f3 la joven en entrevista con Milenio.<\/p>\n<p>&nbsp;<\/p>\n<p>Ahora Daniela, quien tiene que trasladarse al Hospital haciendo una hora de camino al residir en el municipio Valle de Huatulco, busca el apoyo de autoridades y justicia ante el desconcertante contagio de su beb\u00e9.<\/p>\n<p>&nbsp;<\/p>\n<p>Cabe se\u00f1alar que ella es una persona de bajos recursos y su esposo fue despedido durante la pandemia de coronavirus, por lo que el \u00fanico sustento que tiene en estos momentos es el de su madre, quien la ha apoyado en estos momentos dif\u00edciles.<\/p>\n<p>&nbsp;<\/p>\n<p>&nbsp;<\/p>\n<p>(Publicada el 05\/08\/2021)<\/p>\n","protected":false},"excerpt":{"rendered":"<p>OAXACA, OAXACA. MX. \u2014 Un beb\u00e9 de tan s\u00f3lo dos meses de nacido, se encuentra&#8230;<\/p>\n","protected":false},"author":1,"featured_media":119870,"comment_status":"open","ping_status":"open","sticky":false,"template":"","format":"standard","meta":{"_monsterinsights_skip_tracking":false,"_monsterinsights_sitenote_active":false,"_monsterinsights_sitenote_note":"","_monsterinsights_sitenote_category":0,"footnotes":""},"categories":[5],"tags":[],"class_list":["post"],"yoast_head":" \n<title>Sonora en Equipo. Beb\u00e9 de 2 meses se contagia de Covid en hospital de Oaxaca; est\u00e1 grave Rep\u00fablica<\/title>\n<meta name=\"description\" content=\"OAXACA, OAXACA. MX. \u2014 Un beb\u00e9 de tan s\u00f3lo dos meses de nacido, se encuentra grave de salud, tras contagiarse de Covid-19 en el Hospital General de En Sonora en Equipo publicamos toda la informaci\u00f3n de Sonora, M\u00e9xico y el Mundo de manera oportuna y busca que la libertad de expresi\u00f3n sea real. Visita nuestro medio informativo publicado desde Hermosillo, Sonora. %\" \/>\n<meta name=\"robots\" content=\"index, follow, max-snippet:-1, max-image-preview:large, max-video-preview:-1\" \/>\n<link rel=\"canonical\" href=\"https:\/\/www.sonoraenequipo.com.mx\/bebe-de-2-meses-se-contagia-de-covid-en-hospital-de-oaxaca-esta-grave\/\" \/>\n<meta property=\"og:locale\" content=\"es_ES\" \/>\n<meta property=\"og:type\" content=\"article\" \/>\n<meta property=\"og:title\" content=\"Sonora en Equipo. Beb\u00e9 de 2 meses se contagia de Covid en hospital de Oaxaca; est\u00e1 grave Rep\u00fablica\" \/>\n<meta property=\"og:description\" content=\"OAXACA, OAXACA. MX. \u2014 Un beb\u00e9 de tan s\u00f3lo dos meses de nacido, se encuentra grave de salud, tras contagiarse de Covid-19 en el Hospital General de En Sonora en Equipo publicamos toda la informaci\u00f3n de Sonora, M\u00e9xico y el Mundo de manera oportuna y busca que la libertad de expresi\u00f3n sea real. Visita nuestro medio informativo publicado desde Hermosillo, Sonora. %\" \/>\n<meta property=\"og:url\" content=\"https:\/\/www.sonoraenequipo.com.mx\/bebe-de-2-meses-se-contagia-de-covid-en-hospital-de-oaxaca-esta-grave\/\" \/>\n<meta property=\"og:site_name\" content=\"Sonora en Equipo.\" \/>\n<meta property=\"article:publisher\" content=\"https:\/\/www.facebook.com\/SonoraEE\/\" \/>\n<meta property=\"article:author\" content=\"https:\/\/www.facebook.com\/SonoraEE\" \/>\n<meta property=\"article:published_time\" content=\"2021-08-05T14:16:55+00:00\" \/>\n<meta property=\"article:modified_time\" content=\"2021-08-06T02:53:21+00:00\" \/>\n<meta property=\"og:image\" content=\"https:\/\/www.sonoraenequipo.com.mx\/storage\/2021\/08\/bebe-con-covid-en-oaxaca_opt.jpg\" \/>\n\t<meta property=\"og:image:width\" content=\"700\" \/>\n\t<meta property=\"og:image:height\" content=\"400\" \/>\n\t<meta property=\"og:image:type\" content=\"image\/jpeg\" \/>\n<meta name=\"author\" content=\"enequipo\" \/>\n<meta name=\"twitter:card\" content=\"summary_large_image\" \/>\n<meta name=\"twitter:creator\" content=\"@sonoraenequipo\" \/>\n<meta name=\"twitter:site\" content=\"@sonoraenequipo\" \/>\n<meta name=\"twitter:label1\" content=\"Escrito por\" \/>\n\t<meta name=\"twitter:data1\" content=\"enequipo\" \/>\n\t<meta name=\"twitter:label2\" content=\"Tiempo de lectura\" \/>\n\t<meta name=\"twitter:data2\" content=\"2 minutos\" \/>\n<script type=\"application\/ld+json\" class=\"yoast-schema-graph\">{\"@context\":\"https:\/\/schema.org\",\"@graph\":[{\"@type\":\"Article\",\"@id\":\"https:\/\/www.sonoraenequipo.com.mx\/bebe-de-2-meses-se-contagia-de-covid-en-hospital-de-oaxaca-esta-grave\/#article\",\"isPartOf\":{\"@id\":\"https:\/\/www.sonoraenequipo.com.mx\/bebe-de-2-meses-se-contagia-de-covid-en-hospital-de-oaxaca-esta-grave\/\"},\"author\":{\"name\":\"enequipo\",\"@id\":\"https:\/\/www.sonoraenequipo.com.mx\/#\/schema\/person\/50102df0fb23a8fa9e8effad8fa81386\"},\"headline\":\"Beb\u00e9 de 2 meses se contagia de Covid en hospital de Oaxaca; est\u00e1 grave\",\"datePublished\":\"2021-08-05T14:16:55+00:00\",\"dateModified\":\"2021-08-06T02:53:21+00:00\",\"mainEntityOfPage\":{\"@id\":\"https:\/\/www.sonoraenequipo.com.mx\/bebe-de-2-meses-se-contagia-de-covid-en-hospital-de-oaxaca-esta-grave\/\"},\"wordCount\":274,\"commentCount\":0,\"publisher\":{\"@id\":\"https:\/\/www.sonoraenequipo.com.mx\/#organization\"},\"image\":{\"@id\":\"https:\/\/www.sonoraenequipo.com.mx\/bebe-de-2-meses-se-contagia-de-covid-en-hospital-de-oaxaca-esta-grave\/#primaryimage\"},\"thumbnailUrl\":\"https:\/\/www.sonoraenequipo.com.mx\/storage\/2021\/08\/bebe-con-covid-en-oaxaca_opt.jpg\",\"articleSection\":[\"Rep\u00fablica\"],\"inLanguage\":\"es\",\"potentialAction\":[{\"@type\":\"CommentAction\",\"name\":\"Comment\",\"target\":[\"https:\/\/www.sonoraenequipo.com.mx\/bebe-de-2-meses-se-contagia-de-covid-en-hospital-de-oaxaca-esta-grave\/#respond\"]}]},{\"@type\":\"WebPage\",\"@id\":\"https:\/\/www.sonoraenequipo.com.mx\/bebe-de-2-meses-se-contagia-de-covid-en-hospital-de-oaxaca-esta-grave\/\",\"url\":\"https:\/\/www.sonoraenequipo.com.mx\/bebe-de-2-meses-se-contagia-de-covid-en-hospital-de-oaxaca-esta-grave\/\",\"name\":\"Sonora en Equipo. Beb\u00e9 de 2 meses se contagia de Covid en hospital de Oaxaca; est\u00e1 grave Rep\u00fablica\",\"isPartOf\":{\"@id\":\"https:\/\/www.sonoraenequipo.com.mx\/#website\"},\"primaryImageOfPage\":{\"@id\":\"https:\/\/www.sonoraenequipo.com.mx\/bebe-de-2-meses-se-contagia-de-covid-en-hospital-de-oaxaca-esta-grave\/#primaryimage\"},\"image\":{\"@id\":\"https:\/\/www.sonoraenequipo.com.mx\/bebe-de-2-meses-se-contagia-de-covid-en-hospital-de-oaxaca-esta-grave\/#primaryimage\"},\"thumbnailUrl\":\"https:\/\/www.sonoraenequipo.com.mx\/storage\/2021\/08\/bebe-con-covid-en-oaxaca_opt.jpg\",\"datePublished\":\"2021-08-05T14:16:55+00:00\",\"dateModified\":\"2021-08-06T02:53:21+00:00\",\"description\":\"OAXACA, OAXACA. MX. \u2014 Un beb\u00e9 de tan s\u00f3lo dos meses de nacido, se encuentra grave de salud, tras contagiarse de Covid-19 en el Hospital General de En Sonora en Equipo publicamos toda la informaci\u00f3n de Sonora, M\u00e9xico y el Mundo de manera oportuna y busca que la libertad de expresi\u00f3n sea real. Visita nuestro medio informativo publicado desde Hermosillo, Sonora. %\",\"breadcrumb\":{\"@id\":\"https:\/\/www.sonoraenequipo.com.mx\/bebe-de-2-meses-se-contagia-de-covid-en-hospital-de-oaxaca-esta-grave\/#breadcrumb\"},\"inLanguage\":\"es\",\"potentialAction\":[{\"@type\":\"ReadAction\",\"target\":[\"https:\/\/www.sonoraenequipo.com.mx\/bebe-de-2-meses-se-contagia-de-covid-en-hospital-de-oaxaca-esta-grave\/\"]}]},{\"@type\":\"ImageObject\",\"inLanguage\":\"es\",\"@id\":\"https:\/\/www.sonoraenequipo.com.mx\/bebe-de-2-meses-se-contagia-de-covid-en-hospital-de-oaxaca-esta-grave\/#primaryimage\",\"url\":\"https:\/\/www.sonoraenequipo.com.mx\/storage\/2021\/08\/bebe-con-covid-en-oaxaca_opt.jpg\",\"contentUrl\":\"https:\/\/www.sonoraenequipo.com.mx\/storage\/2021\/08\/bebe-con-covid-en-oaxaca_opt.jpg\",\"width\":700,\"height\":400},{\"@type\":\"BreadcrumbList\",\"@id\":\"https:\/\/www.sonoraenequipo.com.mx\/bebe-de-2-meses-se-contagia-de-covid-en-hospital-de-oaxaca-esta-grave\/#breadcrumb\",\"itemListElement\":[{\"@type\":\"ListItem\",\"position\":1,\"name\":\"Portada\",\"item\":\"https:\/\/www.sonoraenequipo.com.mx\/\"},{\"@type\":\"ListItem\",\"position\":2,\"name\":\"Beb\u00e9 de 2 meses se contagia de Covid en hospital de Oaxaca; est\u00e1 grave\"}]},{\"@type\":\"WebSite\",\"@id\":\"https:\/\/www.sonoraenequipo.com.mx\/#website\",\"url\":\"https:\/\/www.sonoraenequipo.com.mx\/\",\"name\":\"Sonora en Equipo.\",\"description\":\"Diario en l\u00ednea con Noticias desde Hermosillo, Sonora\",\"publisher\":{\"@id\":\"https:\/\/www.sonoraenequipo.com.mx\/#organization\"},\"potentialAction\":[{\"@type\":\"SearchAction\",\"target\":{\"@type\":\"EntryPoint\",\"urlTemplate\":\"https:\/\/www.sonoraenequipo.com.mx\/?s={search_term_string}\"},\"query-input\":{\"@type\":\"PropertyValueSpecification\",\"valueRequired\":true,\"valueName\":\"search_term_string\"}}],\"inLanguage\":\"es\"},{\"@type\":\"Organization\",\"@id\":\"https:\/\/www.sonoraenequipo.com.mx\/#organization\",\"name\":\"Sonoraenequipo.com.mx\",\"url\":\"https:\/\/www.sonoraenequipo.com.mx\/\",\"logo\":{\"@type\":\"ImageObject\",\"inLanguage\":\"es\",\"@id\":\"https:\/\/www.sonoraenequipo.com.mx\/#\/schema\/logo\/image\/\",\"url\":\"https:\/\/www.sonoraenequipo.com.mx\/storage\/2019\/01\/sonoraenequipo_opt.png\",\"contentUrl\":\"https:\/\/www.sonoraenequipo.com.mx\/storage\/2019\/01\/sonoraenequipo_opt.png\",\"width\":375,\"height\":125,\"caption\":\"Sonoraenequipo.com.mx\"},\"image\":{\"@id\":\"https:\/\/www.sonoraenequipo.com.mx\/#\/schema\/logo\/image\/\"},\"sameAs\":[\"https:\/\/www.facebook.com\/SonoraEE\/\",\"https:\/\/x.com\/sonoraenequipo\",\"https:\/\/www.youtube.com\/channel\/UC338nW-lPEYmJQs4ZABQ1SQ\"]},{\"@type\":\"Person\",\"@id\":\"https:\/\/www.sonoraenequipo.com.mx\/#\/schema\/person\/50102df0fb23a8fa9e8effad8fa81386\",\"name\":\"enequipo\",\"image\":{\"@type\":\"ImageObject\",\"inLanguage\":\"es\",\"@id\":\"https:\/\/www.sonoraenequipo.com.mx\/#\/schema\/person\/image\/\",\"url\":\"https:\/\/secure.gravatar.com\/avatar\/049821681b589dabc0bc20695993ccebb09f5b5d4d790cd9251b97faac7c652b?s=96&d=blank&r=g\",\"contentUrl\":\"https:\/\/secure.gravatar.com\/avatar\/049821681b589dabc0bc20695993ccebb09f5b5d4d790cd9251b97faac7c652b?s=96&d=blank&r=g\",\"caption\":\"enequipo\"},\"sameAs\":[\"https:\/\/www.facebook.com\/SonoraEE\"]}]}<\/script>\n ","yoast_head_json":{"title":"Sonora en Equipo. Beb\u00e9 de 2 meses se contagia de Covid en hospital de Oaxaca; est\u00e1 grave Rep\u00fablica","description":"OAXACA, OAXACA. MX. \u2014 Un beb\u00e9 de tan s\u00f3lo dos meses de nacido, se encuentra grave de salud, tras contagiarse de Covid-19 en el Hospital General de En Sonora en Equipo publicamos toda la informaci\u00f3n de Sonora, M\u00e9xico y el Mundo de manera oportuna y busca que la libertad de expresi\u00f3n sea real. Visita nuestro medio informativo publicado desde Hermosillo, Sonora. %","robots":{"index":"index","follow":"follow","max-snippet":"max-snippet:-1","max-image-preview":"max-image-preview:large","max-video-preview":"max-video-preview:-1"},"canonical":"https:\/\/www.sonoraenequipo.com.mx\/bebe-de-2-meses-se-contagia-de-covid-en-hospital-de-oaxaca-esta-grave\/","og_locale":"es_ES","og_type":"article","og_title":"Sonora en Equipo. Beb\u00e9 de 2 meses se contagia de Covid en hospital de Oaxaca; est\u00e1 grave Rep\u00fablica","og_description":"OAXACA, OAXACA. MX. \u2014 Un beb\u00e9 de tan s\u00f3lo dos meses de nacido, se encuentra grave de salud, tras contagiarse de Covid-19 en el Hospital General de En Sonora en Equipo publicamos toda la informaci\u00f3n de Sonora, M\u00e9xico y el Mundo de manera oportuna y busca que la libertad de expresi\u00f3n sea real. Visita nuestro medio informativo publicado desde Hermosillo, Sonora. %","og_url":"https:\/\/www.sonoraenequipo.com.mx\/bebe-de-2-meses-se-contagia-de-covid-en-hospital-de-oaxaca-esta-grave\/","og_site_name":"Sonora en Equipo.","article_publisher":"https:\/\/www.facebook.com\/SonoraEE\/","article_author":"https:\/\/www.facebook.com\/SonoraEE","article_published_time":"2021-08-05T14:16:55+00:00","article_modified_time":"2021-08-06T02:53:21+00:00","og_image":[{"width":700,"height":400,"url":"https:\/\/www.sonoraenequipo.com.mx\/storage\/2021\/08\/bebe-con-covid-en-oaxaca_opt.jpg","type":"image\/jpeg"}],"author":"enequipo","twitter_card":"summary_large_image","twitter_creator":"@sonoraenequipo","twitter_site":"@sonoraenequipo","twitter_misc":{"Escrito por":"enequipo","Tiempo de lectura":"2 minutos"},"schema":{"@context":"https:\/\/schema.org","@graph":[{"@type":"Article","@id":"https:\/\/www.sonoraenequipo.com.mx\/bebe-de-2-meses-se-contagia-de-covid-en-hospital-de-oaxaca-esta-grave\/#article","isPartOf":{"@id":"https:\/\/www.sonoraenequipo.com.mx\/bebe-de-2-meses-se-contagia-de-covid-en-hospital-de-oaxaca-esta-grave\/"},"author":{"name":"enequipo","@id":"https:\/\/www.sonoraenequipo.com.mx\/#\/schema\/person\/50102df0fb23a8fa9e8effad8fa81386"},"headline":"Beb\u00e9 de 2 meses se contagia de Covid en hospital de Oaxaca; est\u00e1 grave","datePublished":"2021-08-05T14:16:55+00:00","dateModified":"2021-08-06T02:53:21+00:00","mainEntityOfPage":{"@id":"https:\/\/www.sonoraenequipo.com.mx\/bebe-de-2-meses-se-contagia-de-covid-en-hospital-de-oaxaca-esta-grave\/"},"wordCount":274,"commentCount":0,"publisher":{"@id":"https:\/\/www.sonoraenequipo.com.mx\/#organization"},"image":{"@id":"https:\/\/www.sonoraenequipo.com.mx\/bebe-de-2-meses-se-contagia-de-covid-en-hospital-de-oaxaca-esta-grave\/#primaryimage"},"thumbnailUrl":"https:\/\/www.sonoraenequipo.com.mx\/storage\/2021\/08\/bebe-con-covid-en-oaxaca_opt.jpg","articleSection":["Rep\u00fablica"],"inLanguage":"es","potentialAction":[{"@type":"CommentAction","name":"Comment","target":["https:\/\/www.sonoraenequipo.com.mx\/bebe-de-2-meses-se-contagia-de-covid-en-hospital-de-oaxaca-esta-grave\/#respond"]}]},{"@type":"WebPage","@id":"https:\/\/www.sonoraenequipo.com.mx\/bebe-de-2-meses-se-contagia-de-covid-en-hospital-de-oaxaca-esta-grave\/","url":"https:\/\/www.sonoraenequipo.com.mx\/bebe-de-2-meses-se-contagia-de-covid-en-hospital-de-oaxaca-esta-grave\/","name":"Sonora en Equipo. Beb\u00e9 de 2 meses se contagia de Covid en hospital de Oaxaca; est\u00e1 grave Rep\u00fablica","isPartOf":{"@id":"https:\/\/www.sonoraenequipo.com.mx\/#website"},"primaryImageOfPage":{"@id":"https:\/\/www.sonoraenequipo.com.mx\/bebe-de-2-meses-se-contagia-de-covid-en-hospital-de-oaxaca-esta-grave\/#primaryimage"},"image":{"@id":"https:\/\/www.sonoraenequipo.com.mx\/bebe-de-2-meses-se-contagia-de-covid-en-hospital-de-oaxaca-esta-grave\/#primaryimage"},"thumbnailUrl":"https:\/\/www.sonoraenequipo.com.mx\/storage\/2021\/08\/bebe-con-covid-en-oaxaca_opt.jpg","datePublished":"2021-08-05T14:16:55+00:00","dateModified":"2021-08-06T02:53:21+00:00","description":"OAXACA, OAXACA. MX. \u2014 Un beb\u00e9 de tan s\u00f3lo dos meses de nacido, se encuentra grave de salud, tras contagiarse de Covid-19 en el Hospital General de En Sonora en Equipo publicamos toda la informaci\u00f3n de Sonora, M\u00e9xico y el Mundo de manera oportuna y busca que la libertad de expresi\u00f3n sea real. Visita nuestro medio informativo publicado desde Hermosillo, Sonora. %","breadcrumb":{"@id":"https:\/\/www.sonoraenequipo.com.mx\/bebe-de-2-meses-se-contagia-de-covid-en-hospital-de-oaxaca-esta-grave\/#breadcrumb"},"inLanguage":"es","potentialAction":[{"@type":"ReadAction","target":["https:\/\/www.sonoraenequipo.com.mx\/bebe-de-2-meses-se-contagia-de-covid-en-hospital-de-oaxaca-esta-grave\/"]}]},{"@type":"ImageObject","inLanguage":"es","@id":"https:\/\/www.sonoraenequipo.com.mx\/bebe-de-2-meses-se-contagia-de-covid-en-hospital-de-oaxaca-esta-grave\/#primaryimage","url":"https:\/\/www.sonoraenequipo.com.mx\/storage\/2021\/08\/bebe-con-covid-en-oaxaca_opt.jpg","contentUrl":"https:\/\/www.sonoraenequipo.com.mx\/storage\/2021\/08\/bebe-con-covid-en-oaxaca_opt.jpg","width":700,"height":400},{"@type":"BreadcrumbList","@id":"https:\/\/www.sonoraenequipo.com.mx\/bebe-de-2-meses-se-contagia-de-covid-en-hospital-de-oaxaca-esta-grave\/#breadcrumb","itemListElement":[{"@type":"ListItem","position":1,"name":"Portada","item":"https:\/\/www.sonoraenequipo.com.mx\/"},{"@type":"ListItem","position":2,"name":"Beb\u00e9 de 2 meses se contagia de Covid en hospital de Oaxaca; est\u00e1 grave"}]},{"@type":"WebSite","@id":"https:\/\/www.sonoraenequipo.com.mx\/#website","url":"https:\/\/www.sonoraenequipo.com.mx\/","name":"Sonora en Equipo.","description":"Diario en l\u00ednea con Noticias desde Hermosillo, Sonora","publisher":{"@id":"https:\/\/www.sonoraenequipo.com.mx\/#organization"},"potentialAction":[{"@type":"SearchAction","target":{"@type":"EntryPoint","urlTemplate":"https:\/\/www.sonoraenequipo.com.mx\/?s={search_term_string}"},"query-input":{"@type":"PropertyValueSpecification","valueRequired":true,"valueName":"search_term_string"}}],"inLanguage":"es"},{"@type":"Organization","@id":"https:\/\/www.sonoraenequipo.com.mx\/#organization","name":"Sonoraenequipo.com.mx","url":"https:\/\/www.sonoraenequipo.com.mx\/","logo":{"@type":"ImageObject","inLanguage":"es","@id":"https:\/\/www.sonoraenequipo.com.mx\/#\/schema\/logo\/image\/","url":"https:\/\/www.sonoraenequipo.com.mx\/storage\/2019\/01\/sonoraenequipo_opt.png","contentUrl":"https:\/\/www.sonoraenequipo.com.mx\/storage\/2019\/01\/sonoraenequipo_opt.png","width":375,"height":125,"caption":"Sonoraenequipo.com.mx"},"image":{"@id":"https:\/\/www.sonoraenequipo.com.mx\/#\/schema\/logo\/image\/"},"sameAs":["https:\/\/www.facebook.com\/SonoraEE\/","https:\/\/x.com\/sonoraenequipo","https:\/\/www.youtube.com\/channel\/UC338nW-lPEYmJQs4ZABQ1SQ"]},{"@type":"Person","@id":"https:\/\/www.sonoraenequipo.com.mx\/#\/schema\/person\/50102df0fb23a8fa9e8effad8fa81386","name":"enequipo","image":{"@type":"ImageObject","inLanguage":"es","@id":"https:\/\/www.sonoraenequipo.com.mx\/#\/schema\/person\/image\/","url":"https:\/\/secure.gravatar.com\/avatar\/049821681b589dabc0bc20695993ccebb09f5b5d4d790cd9251b97faac7c652b?s=96&d=blank&r=g","contentUrl":"https:\/\/secure.gravatar.com\/avatar\/049821681b589dabc0bc20695993ccebb09f5b5d4d790cd9251b97faac7c652b?s=96&d=blank&r=g","caption":"enequipo"},"sameAs":["https:\/\/www.facebook.com\/SonoraEE"]}]}},"jetpack_featured_media_url":"https:\/\/www.sonoraenequipo.com.mx\/storage\/2021\/08\/bebe-con-covid-en-oaxaca_opt.jpg","_links":{"self":[{"href":"https:\/\/www.sonoraenequipo.com.mx\/api\/wp\/v2\/posts\/119908","targetHints":{"allow":["GET"]}}],"collection":[{"href":"https:\/\/www.sonoraenequipo.com.mx\/api\/wp\/v2\/posts"}],"about":[{"href":"https:\/\/www.sonoraenequipo.com.mx\/api\/wp\/v2\/types\/post"}],"author":[{"embeddable":true,"href":"https:\/\/www.sonoraenequipo.com.mx\/api\/wp\/v2\/users\/1"}],"replies":[{"embeddable":true,"href":"https:\/\/www.sonoraenequipo.com.mx\/api\/wp\/v2\/comments?post=119908"}],"version-history":[{"count":2,"href":"https:\/\/www.sonoraenequipo.com.mx\/api\/wp\/v2\/posts\/119908\/revisions"}],"predecessor-version":[{"id":119910,"href":"https:\/\/www.sonoraenequipo.com.mx\/api\/wp\/v2\/posts\/119908\/revisions\/119910"}],"wp:featuredmedia":[{"embeddable":true,"href":"https:\/\/www.sonoraenequipo.com.mx\/api\/wp\/v2\/media\/119870"}],"wp:attachment":[{"href":"https:\/\/www.sonoraenequipo.com.mx\/api\/wp\/v2\/media?parent=119908"}],"wp:term":[{"taxonomy":"category","embeddable":true,"href":"https:\/\/www.sonoraenequipo.com.mx\/api\/wp\/v2\/categories?post=119908"},{"taxonomy":"post_tag","embeddable":true,"href":"https:\/\/www.sonoraenequipo.com.mx\/api\/wp\/v2\/tags?post=119908"}],"curies":[{"name":"wp","href":"https:\/\/api.w.org\/{rel}","templated":true}]}}