{"id":120222,"date":"2021-08-10T17:17:04","date_gmt":"2021-08-11T00:17:04","guid":{"rendered":"https:\/\/www.sonoraenequipo.com.mx\/?p=120222"},"modified":"2021-08-10T20:55:15","modified_gmt":"2021-08-11T03:55:15","slug":"llama-salud-sonora-a-establecimientos-publicos-a-aplicar-correctamente-protocolos-sanitarios-contra-covid","status":"publish","type":"post","link":"https:\/\/www.sonoraenequipo.com.mx\/llama-salud-sonora-a-establecimientos-publicos-a-aplicar-correctamente-protocolos-sanitarios-contra-covid\/","title":{"rendered":"Llama Salud Sonora a establecimientos p\u00fablicos a aplicar correctamente protocolos sanitarios contra COVID"},"content":{"rendered":"<p>\u25ba Comercios, restaurantes, bares deben revisar que se est\u00e9n llevando a cabo de manera efectiva<\/p>\n<p>HERMOSILLO, SONORA,MX.\u2500\u2500 \u00a0A partir del incremento de casos de COVID-19, con sus variantes circulando en la entidad, la Secretar\u00eda de Salud en Sonora, reitera el llamado a los comercios, establecimientos de comida, bares y lugares p\u00fablicos en general, a realizar correctamente los protocolos sanitarios, inform\u00f3 D\u00e9nica Cruz Loustaunau.<\/p>\n<p>&nbsp;<\/p>\n<p>La directora de Epidemiolog\u00eda de Salud Sonora detall\u00f3 que llevar a cabo los protocolos de manera eficiente, evitar\u00e1 que personas que tengan el virus contagien a dem\u00e1s personas en dichos espacios.<\/p>\n<p>&nbsp;<\/p>\n<p>\u201cSi todos los establecimientos p\u00fablicos aplican correctamente los protocolos sanitarios, van a contribuir en gran medida a evitar la propagaci\u00f3n del virus\u201d, resalt\u00f3.<\/p>\n<p>&nbsp;<\/p>\n<p>La funcionaria estatal mencion\u00f3 que la ocupaci\u00f3n hospitalaria estatal de la \u00faltima semana es de 55% riesgo medio de saturaci\u00f3n hospitalaria y que los municipios con mayor ocupaci\u00f3n son: Cajeme 69%; Guaymas 65% y Hermosillo 64%, por lo que es primordial que se apliquen las acciones de contenci\u00f3n del virus, como la restricci\u00f3n de la movilidad y contacto social de grupos j\u00f3venes en actividades esenciales y no esenciales para reducir los contagios.<\/p>\n<p>&nbsp;<\/p>\n<p>Explic\u00f3 que la inmunidad colectiva a\u00fan es insuficiente para detener la propagaci\u00f3n de contagios, de tal manera que es muy importante no omitir el cumplimiento de protocolos.<\/p>\n<p>&nbsp;<\/p>\n<p>Recomendaciones generales para espacios p\u00fablicos:<\/p>\n<ul>\n<li>En caso de contar con un solo acceso al establecimiento se recomienda el uso de se\u00f1alizaciones o barreras f\u00edsicas para el ingreso y salida de personas.<\/li>\n<li>Mantener, de ser posible, las puertas y ventanas abiertas del establecimiento, para favorecer la ventilaci\u00f3n natural. De no ser posible, es recomendable que los equipos de aire acondicionado no recirculen el aire del interior y permanezcan encendidos a demanda.<\/li>\n<li>Intentar eliminar \u00e1reas de espera y vest\u00edbulos y favorecer el uso universal y permanente del cubrebocas.<\/li>\n<li>Contar con dispensadores de alcohol en gel al 70% as\u00ed como insumos para higiene de manos con agua y jab\u00f3n.<\/li>\n<\/ul>\n<p>&nbsp;<\/p>\n<p>Cabe mencionar, agreg\u00f3, que uno de los s\u00edntomas m\u00e1s importantes de COVID-19 es la fiebre, por eso se debe tomar la temperatura a las personas a su ingreso al establecimiento; para ser m\u00e1s eficaces se sugiere el uso de una c\u00e1mara termogr\u00e1fica o esc\u00e1ner, pues facilitan mantener la sana distancia.<\/p>\n<p>&nbsp;<\/p>\n<p>Cruz Loustaunau reiter\u00f3 el llamado a continuar con el distanciamiento social y las medidas de protecci\u00f3n e higiene personal y consultar la p\u00e1gina: http:\/\/covid19.saludsonora.gob.mx para obtener m\u00e1s informaci\u00f3n.<\/p>\n<p>Fecha de Publicaci\u00f3n\u00a0 martes\u00a0 \/ 10\u00a0\u00a0 \/ agosto \/ 2021<\/p>\n<p>&nbsp;<\/p>\n","protected":false},"excerpt":{"rendered":"<p>\u25ba Comercios, restaurantes, bares deben revisar que se est\u00e9n llevando a cabo de manera efectiva&#8230;<\/p>\n","protected":false},"author":1,"featured_media":0,"comment_status":"open","ping_status":"open","sticky":false,"template":"","format":"standard","meta":{"_monsterinsights_skip_tracking":false,"_monsterinsights_sitenote_active":false,"_monsterinsights_sitenote_note":"","_monsterinsights_sitenote_category":0,"footnotes":""},"categories":[22],"tags":[4249,15],"class_list":["post"],"yoast_head":" \n<title>Sonora en Equipo. Llama Salud Sonora a establecimientos p\u00fablicos a aplicar correctamente protocolos sanitarios contra COVID Sonora<\/title>\n<meta name=\"description\" content=\"\u25ba Comercios, restaurantes, bares deben revisar que se est\u00e9n llevando a cabo de manera efectiva HERMOSILLO, SONORA,MX.\u2500\u2500 \u00a0A partir del incremento de casos En Sonora en Equipo publicamos toda la informaci\u00f3n de Sonora, M\u00e9xico y el Mundo de manera oportuna y busca que la libertad de expresi\u00f3n sea real. Visita nuestro medio informativo publicado desde Hermosillo, Sonora. %\" \/>\n<meta name=\"robots\" content=\"index, follow, max-snippet:-1, max-image-preview:large, max-video-preview:-1\" \/>\n<link rel=\"canonical\" href=\"https:\/\/www.sonoraenequipo.com.mx\/llama-salud-sonora-a-establecimientos-publicos-a-aplicar-correctamente-protocolos-sanitarios-contra-covid\/\" \/>\n<meta property=\"og:locale\" content=\"es_ES\" \/>\n<meta property=\"og:type\" content=\"article\" \/>\n<meta property=\"og:title\" content=\"Sonora en Equipo. Llama Salud Sonora a establecimientos p\u00fablicos a aplicar correctamente protocolos sanitarios contra COVID Sonora\" \/>\n<meta property=\"og:description\" content=\"\u25ba Comercios, restaurantes, bares deben revisar que se est\u00e9n llevando a cabo de manera efectiva HERMOSILLO, SONORA,MX.\u2500\u2500 \u00a0A partir del incremento de casos En Sonora en Equipo publicamos toda la informaci\u00f3n de Sonora, M\u00e9xico y el Mundo de manera oportuna y busca que la libertad de expresi\u00f3n sea real. Visita nuestro medio informativo publicado desde Hermosillo, Sonora. %\" \/>\n<meta property=\"og:url\" content=\"https:\/\/www.sonoraenequipo.com.mx\/llama-salud-sonora-a-establecimientos-publicos-a-aplicar-correctamente-protocolos-sanitarios-contra-covid\/\" \/>\n<meta property=\"og:site_name\" content=\"Sonora en Equipo.\" \/>\n<meta property=\"article:publisher\" content=\"https:\/\/www.facebook.com\/SonoraEE\/\" \/>\n<meta property=\"article:author\" content=\"https:\/\/www.facebook.com\/SonoraEE\" \/>\n<meta property=\"article:published_time\" content=\"2021-08-11T00:17:04+00:00\" \/>\n<meta property=\"article:modified_time\" content=\"2021-08-11T03:55:15+00:00\" \/>\n<meta name=\"author\" content=\"enequipo\" \/>\n<meta name=\"twitter:card\" content=\"summary_large_image\" \/>\n<meta name=\"twitter:creator\" content=\"@sonoraenequipo\" \/>\n<meta name=\"twitter:site\" content=\"@sonoraenequipo\" \/>\n<meta name=\"twitter:label1\" content=\"Escrito por\" \/>\n\t<meta name=\"twitter:data1\" content=\"enequipo\" \/>\n\t<meta name=\"twitter:label2\" content=\"Tiempo de lectura\" \/>\n\t<meta name=\"twitter:data2\" content=\"2 minutos\" \/>\n<script type=\"application\/ld+json\" class=\"yoast-schema-graph\">{\"@context\":\"https:\/\/schema.org\",\"@graph\":[{\"@type\":\"Article\",\"@id\":\"https:\/\/www.sonoraenequipo.com.mx\/llama-salud-sonora-a-establecimientos-publicos-a-aplicar-correctamente-protocolos-sanitarios-contra-covid\/#article\",\"isPartOf\":{\"@id\":\"https:\/\/www.sonoraenequipo.com.mx\/llama-salud-sonora-a-establecimientos-publicos-a-aplicar-correctamente-protocolos-sanitarios-contra-covid\/\"},\"author\":{\"name\":\"enequipo\",\"@id\":\"https:\/\/www.sonoraenequipo.com.mx\/#\/schema\/person\/50102df0fb23a8fa9e8effad8fa81386\"},\"headline\":\"Llama Salud Sonora a establecimientos p\u00fablicos a aplicar correctamente protocolos sanitarios contra COVID\",\"datePublished\":\"2021-08-11T00:17:04+00:00\",\"dateModified\":\"2021-08-11T03:55:15+00:00\",\"mainEntityOfPage\":{\"@id\":\"https:\/\/www.sonoraenequipo.com.mx\/llama-salud-sonora-a-establecimientos-publicos-a-aplicar-correctamente-protocolos-sanitarios-contra-covid\/\"},\"wordCount\":459,\"commentCount\":0,\"publisher\":{\"@id\":\"https:\/\/www.sonoraenequipo.com.mx\/#organization\"},\"keywords\":[\"covid\",\"Sonora\"],\"articleSection\":[\"Sonora\"],\"inLanguage\":\"es\",\"potentialAction\":[{\"@type\":\"CommentAction\",\"name\":\"Comment\",\"target\":[\"https:\/\/www.sonoraenequipo.com.mx\/llama-salud-sonora-a-establecimientos-publicos-a-aplicar-correctamente-protocolos-sanitarios-contra-covid\/#respond\"]}]},{\"@type\":\"WebPage\",\"@id\":\"https:\/\/www.sonoraenequipo.com.mx\/llama-salud-sonora-a-establecimientos-publicos-a-aplicar-correctamente-protocolos-sanitarios-contra-covid\/\",\"url\":\"https:\/\/www.sonoraenequipo.com.mx\/llama-salud-sonora-a-establecimientos-publicos-a-aplicar-correctamente-protocolos-sanitarios-contra-covid\/\",\"name\":\"Sonora en Equipo. Llama Salud Sonora a establecimientos p\u00fablicos a aplicar correctamente protocolos sanitarios contra COVID Sonora\",\"isPartOf\":{\"@id\":\"https:\/\/www.sonoraenequipo.com.mx\/#website\"},\"datePublished\":\"2021-08-11T00:17:04+00:00\",\"dateModified\":\"2021-08-11T03:55:15+00:00\",\"description\":\"\u25ba Comercios, restaurantes, bares deben revisar que se est\u00e9n llevando a cabo de manera efectiva HERMOSILLO, SONORA,MX.\u2500\u2500 \u00a0A partir del incremento de casos En Sonora en Equipo publicamos toda la informaci\u00f3n de Sonora, M\u00e9xico y el Mundo de manera oportuna y busca que la libertad de expresi\u00f3n sea real. Visita nuestro medio informativo publicado desde Hermosillo, Sonora. %\",\"breadcrumb\":{\"@id\":\"https:\/\/www.sonoraenequipo.com.mx\/llama-salud-sonora-a-establecimientos-publicos-a-aplicar-correctamente-protocolos-sanitarios-contra-covid\/#breadcrumb\"},\"inLanguage\":\"es\",\"potentialAction\":[{\"@type\":\"ReadAction\",\"target\":[\"https:\/\/www.sonoraenequipo.com.mx\/llama-salud-sonora-a-establecimientos-publicos-a-aplicar-correctamente-protocolos-sanitarios-contra-covid\/\"]}]},{\"@type\":\"BreadcrumbList\",\"@id\":\"https:\/\/www.sonoraenequipo.com.mx\/llama-salud-sonora-a-establecimientos-publicos-a-aplicar-correctamente-protocolos-sanitarios-contra-covid\/#breadcrumb\",\"itemListElement\":[{\"@type\":\"ListItem\",\"position\":1,\"name\":\"Portada\",\"item\":\"https:\/\/www.sonoraenequipo.com.mx\/\"},{\"@type\":\"ListItem\",\"position\":2,\"name\":\"Llama Salud Sonora a establecimientos p\u00fablicos a aplicar correctamente protocolos sanitarios contra COVID\"}]},{\"@type\":\"WebSite\",\"@id\":\"https:\/\/www.sonoraenequipo.com.mx\/#website\",\"url\":\"https:\/\/www.sonoraenequipo.com.mx\/\",\"name\":\"Sonora en Equipo.\",\"description\":\"Diario en l\u00ednea con Noticias desde Hermosillo, Sonora\",\"publisher\":{\"@id\":\"https:\/\/www.sonoraenequipo.com.mx\/#organization\"},\"potentialAction\":[{\"@type\":\"SearchAction\",\"target\":{\"@type\":\"EntryPoint\",\"urlTemplate\":\"https:\/\/www.sonoraenequipo.com.mx\/?s={search_term_string}\"},\"query-input\":{\"@type\":\"PropertyValueSpecification\",\"valueRequired\":true,\"valueName\":\"search_term_string\"}}],\"inLanguage\":\"es\"},{\"@type\":\"Organization\",\"@id\":\"https:\/\/www.sonoraenequipo.com.mx\/#organization\",\"name\":\"Sonoraenequipo.com.mx\",\"url\":\"https:\/\/www.sonoraenequipo.com.mx\/\",\"logo\":{\"@type\":\"ImageObject\",\"inLanguage\":\"es\",\"@id\":\"https:\/\/www.sonoraenequipo.com.mx\/#\/schema\/logo\/image\/\",\"url\":\"https:\/\/www.sonoraenequipo.com.mx\/storage\/2019\/01\/sonoraenequipo_opt.png\",\"contentUrl\":\"https:\/\/www.sonoraenequipo.com.mx\/storage\/2019\/01\/sonoraenequipo_opt.png\",\"width\":375,\"height\":125,\"caption\":\"Sonoraenequipo.com.mx\"},\"image\":{\"@id\":\"https:\/\/www.sonoraenequipo.com.mx\/#\/schema\/logo\/image\/\"},\"sameAs\":[\"https:\/\/www.facebook.com\/SonoraEE\/\",\"https:\/\/x.com\/sonoraenequipo\",\"https:\/\/www.youtube.com\/channel\/UC338nW-lPEYmJQs4ZABQ1SQ\"]},{\"@type\":\"Person\",\"@id\":\"https:\/\/www.sonoraenequipo.com.mx\/#\/schema\/person\/50102df0fb23a8fa9e8effad8fa81386\",\"name\":\"enequipo\",\"image\":{\"@type\":\"ImageObject\",\"inLanguage\":\"es\",\"@id\":\"https:\/\/www.sonoraenequipo.com.mx\/#\/schema\/person\/image\/\",\"url\":\"https:\/\/secure.gravatar.com\/avatar\/049821681b589dabc0bc20695993ccebb09f5b5d4d790cd9251b97faac7c652b?s=96&d=blank&r=g\",\"contentUrl\":\"https:\/\/secure.gravatar.com\/avatar\/049821681b589dabc0bc20695993ccebb09f5b5d4d790cd9251b97faac7c652b?s=96&d=blank&r=g\",\"caption\":\"enequipo\"},\"sameAs\":[\"https:\/\/www.facebook.com\/SonoraEE\"]}]}<\/script>\n ","yoast_head_json":{"title":"Sonora en Equipo. Llama Salud Sonora a establecimientos p\u00fablicos a aplicar correctamente protocolos sanitarios contra COVID Sonora","description":"\u25ba Comercios, restaurantes, bares deben revisar que se est\u00e9n llevando a cabo de manera efectiva HERMOSILLO, SONORA,MX.\u2500\u2500 \u00a0A partir del incremento de casos En Sonora en Equipo publicamos toda la informaci\u00f3n de Sonora, M\u00e9xico y el Mundo de manera oportuna y busca que la libertad de expresi\u00f3n sea real. Visita nuestro medio informativo publicado desde Hermosillo, Sonora. %","robots":{"index":"index","follow":"follow","max-snippet":"max-snippet:-1","max-image-preview":"max-image-preview:large","max-video-preview":"max-video-preview:-1"},"canonical":"https:\/\/www.sonoraenequipo.com.mx\/llama-salud-sonora-a-establecimientos-publicos-a-aplicar-correctamente-protocolos-sanitarios-contra-covid\/","og_locale":"es_ES","og_type":"article","og_title":"Sonora en Equipo. Llama Salud Sonora a establecimientos p\u00fablicos a aplicar correctamente protocolos sanitarios contra COVID Sonora","og_description":"\u25ba Comercios, restaurantes, bares deben revisar que se est\u00e9n llevando a cabo de manera efectiva HERMOSILLO, SONORA,MX.\u2500\u2500 \u00a0A partir del incremento de casos En Sonora en Equipo publicamos toda la informaci\u00f3n de Sonora, M\u00e9xico y el Mundo de manera oportuna y busca que la libertad de expresi\u00f3n sea real. Visita nuestro medio informativo publicado desde Hermosillo, Sonora. %","og_url":"https:\/\/www.sonoraenequipo.com.mx\/llama-salud-sonora-a-establecimientos-publicos-a-aplicar-correctamente-protocolos-sanitarios-contra-covid\/","og_site_name":"Sonora en Equipo.","article_publisher":"https:\/\/www.facebook.com\/SonoraEE\/","article_author":"https:\/\/www.facebook.com\/SonoraEE","article_published_time":"2021-08-11T00:17:04+00:00","article_modified_time":"2021-08-11T03:55:15+00:00","author":"enequipo","twitter_card":"summary_large_image","twitter_creator":"@sonoraenequipo","twitter_site":"@sonoraenequipo","twitter_misc":{"Escrito por":"enequipo","Tiempo de lectura":"2 minutos"},"schema":{"@context":"https:\/\/schema.org","@graph":[{"@type":"Article","@id":"https:\/\/www.sonoraenequipo.com.mx\/llama-salud-sonora-a-establecimientos-publicos-a-aplicar-correctamente-protocolos-sanitarios-contra-covid\/#article","isPartOf":{"@id":"https:\/\/www.sonoraenequipo.com.mx\/llama-salud-sonora-a-establecimientos-publicos-a-aplicar-correctamente-protocolos-sanitarios-contra-covid\/"},"author":{"name":"enequipo","@id":"https:\/\/www.sonoraenequipo.com.mx\/#\/schema\/person\/50102df0fb23a8fa9e8effad8fa81386"},"headline":"Llama Salud Sonora a establecimientos p\u00fablicos a aplicar correctamente protocolos sanitarios contra COVID","datePublished":"2021-08-11T00:17:04+00:00","dateModified":"2021-08-11T03:55:15+00:00","mainEntityOfPage":{"@id":"https:\/\/www.sonoraenequipo.com.mx\/llama-salud-sonora-a-establecimientos-publicos-a-aplicar-correctamente-protocolos-sanitarios-contra-covid\/"},"wordCount":459,"commentCount":0,"publisher":{"@id":"https:\/\/www.sonoraenequipo.com.mx\/#organization"},"keywords":["covid","Sonora"],"articleSection":["Sonora"],"inLanguage":"es","potentialAction":[{"@type":"CommentAction","name":"Comment","target":["https:\/\/www.sonoraenequipo.com.mx\/llama-salud-sonora-a-establecimientos-publicos-a-aplicar-correctamente-protocolos-sanitarios-contra-covid\/#respond"]}]},{"@type":"WebPage","@id":"https:\/\/www.sonoraenequipo.com.mx\/llama-salud-sonora-a-establecimientos-publicos-a-aplicar-correctamente-protocolos-sanitarios-contra-covid\/","url":"https:\/\/www.sonoraenequipo.com.mx\/llama-salud-sonora-a-establecimientos-publicos-a-aplicar-correctamente-protocolos-sanitarios-contra-covid\/","name":"Sonora en Equipo. Llama Salud Sonora a establecimientos p\u00fablicos a aplicar correctamente protocolos sanitarios contra COVID Sonora","isPartOf":{"@id":"https:\/\/www.sonoraenequipo.com.mx\/#website"},"datePublished":"2021-08-11T00:17:04+00:00","dateModified":"2021-08-11T03:55:15+00:00","description":"\u25ba Comercios, restaurantes, bares deben revisar que se est\u00e9n llevando a cabo de manera efectiva HERMOSILLO, SONORA,MX.\u2500\u2500 \u00a0A partir del incremento de casos En Sonora en Equipo publicamos toda la informaci\u00f3n de Sonora, M\u00e9xico y el Mundo de manera oportuna y busca que la libertad de expresi\u00f3n sea real. Visita nuestro medio informativo publicado desde Hermosillo, Sonora. %","breadcrumb":{"@id":"https:\/\/www.sonoraenequipo.com.mx\/llama-salud-sonora-a-establecimientos-publicos-a-aplicar-correctamente-protocolos-sanitarios-contra-covid\/#breadcrumb"},"inLanguage":"es","potentialAction":[{"@type":"ReadAction","target":["https:\/\/www.sonoraenequipo.com.mx\/llama-salud-sonora-a-establecimientos-publicos-a-aplicar-correctamente-protocolos-sanitarios-contra-covid\/"]}]},{"@type":"BreadcrumbList","@id":"https:\/\/www.sonoraenequipo.com.mx\/llama-salud-sonora-a-establecimientos-publicos-a-aplicar-correctamente-protocolos-sanitarios-contra-covid\/#breadcrumb","itemListElement":[{"@type":"ListItem","position":1,"name":"Portada","item":"https:\/\/www.sonoraenequipo.com.mx\/"},{"@type":"ListItem","position":2,"name":"Llama Salud Sonora a establecimientos p\u00fablicos a aplicar correctamente protocolos sanitarios contra COVID"}]},{"@type":"WebSite","@id":"https:\/\/www.sonoraenequipo.com.mx\/#website","url":"https:\/\/www.sonoraenequipo.com.mx\/","name":"Sonora en Equipo.","description":"Diario en l\u00ednea con Noticias desde Hermosillo, Sonora","publisher":{"@id":"https:\/\/www.sonoraenequipo.com.mx\/#organization"},"potentialAction":[{"@type":"SearchAction","target":{"@type":"EntryPoint","urlTemplate":"https:\/\/www.sonoraenequipo.com.mx\/?s={search_term_string}"},"query-input":{"@type":"PropertyValueSpecification","valueRequired":true,"valueName":"search_term_string"}}],"inLanguage":"es"},{"@type":"Organization","@id":"https:\/\/www.sonoraenequipo.com.mx\/#organization","name":"Sonoraenequipo.com.mx","url":"https:\/\/www.sonoraenequipo.com.mx\/","logo":{"@type":"ImageObject","inLanguage":"es","@id":"https:\/\/www.sonoraenequipo.com.mx\/#\/schema\/logo\/image\/","url":"https:\/\/www.sonoraenequipo.com.mx\/storage\/2019\/01\/sonoraenequipo_opt.png","contentUrl":"https:\/\/www.sonoraenequipo.com.mx\/storage\/2019\/01\/sonoraenequipo_opt.png","width":375,"height":125,"caption":"Sonoraenequipo.com.mx"},"image":{"@id":"https:\/\/www.sonoraenequipo.com.mx\/#\/schema\/logo\/image\/"},"sameAs":["https:\/\/www.facebook.com\/SonoraEE\/","https:\/\/x.com\/sonoraenequipo","https:\/\/www.youtube.com\/channel\/UC338nW-lPEYmJQs4ZABQ1SQ"]},{"@type":"Person","@id":"https:\/\/www.sonoraenequipo.com.mx\/#\/schema\/person\/50102df0fb23a8fa9e8effad8fa81386","name":"enequipo","image":{"@type":"ImageObject","inLanguage":"es","@id":"https:\/\/www.sonoraenequipo.com.mx\/#\/schema\/person\/image\/","url":"https:\/\/secure.gravatar.com\/avatar\/049821681b589dabc0bc20695993ccebb09f5b5d4d790cd9251b97faac7c652b?s=96&d=blank&r=g","contentUrl":"https:\/\/secure.gravatar.com\/avatar\/049821681b589dabc0bc20695993ccebb09f5b5d4d790cd9251b97faac7c652b?s=96&d=blank&r=g","caption":"enequipo"},"sameAs":["https:\/\/www.facebook.com\/SonoraEE"]}]}},"jetpack_featured_media_url":"","_links":{"self":[{"href":"https:\/\/www.sonoraenequipo.com.mx\/api\/wp\/v2\/posts\/120222","targetHints":{"allow":["GET"]}}],"collection":[{"href":"https:\/\/www.sonoraenequipo.com.mx\/api\/wp\/v2\/posts"}],"about":[{"href":"https:\/\/www.sonoraenequipo.com.mx\/api\/wp\/v2\/types\/post"}],"author":[{"embeddable":true,"href":"https:\/\/www.sonoraenequipo.com.mx\/api\/wp\/v2\/users\/1"}],"replies":[{"embeddable":true,"href":"https:\/\/www.sonoraenequipo.com.mx\/api\/wp\/v2\/comments?post=120222"}],"version-history":[{"count":1,"href":"https:\/\/www.sonoraenequipo.com.mx\/api\/wp\/v2\/posts\/120222\/revisions"}],"predecessor-version":[{"id":120228,"href":"https:\/\/www.sonoraenequipo.com.mx\/api\/wp\/v2\/posts\/120222\/revisions\/120228"}],"wp:attachment":[{"href":"https:\/\/www.sonoraenequipo.com.mx\/api\/wp\/v2\/media?parent=120222"}],"wp:term":[{"taxonomy":"category","embeddable":true,"href":"https:\/\/www.sonoraenequipo.com.mx\/api\/wp\/v2\/categories?post=120222"},{"taxonomy":"post_tag","embeddable":true,"href":"https:\/\/www.sonoraenequipo.com.mx\/api\/wp\/v2\/tags?post=120222"}],"curies":[{"name":"wp","href":"https:\/\/api.w.org\/{rel}","templated":true}]}}