{"id":120242,"date":"2021-08-10T18:00:02","date_gmt":"2021-08-11T01:00:02","guid":{"rendered":"https:\/\/www.sonoraenequipo.com.mx\/?p=120242"},"modified":"2021-08-10T18:00:02","modified_gmt":"2021-08-11T01:00:02","slug":"fernandez-norona-se-recupera-de-covid-19-y-se-reicorpora-a-labor-legislativa","status":"publish","type":"post","link":"https:\/\/www.sonoraenequipo.com.mx\/fernandez-norona-se-recupera-de-covid-19-y-se-reicorpora-a-labor-legislativa\/","title":{"rendered":"Fern\u00e1ndez Noro\u00f1a se recupera de covid-19 y se reicorpora a labor legislativa"},"content":{"rendered":"<p>El legislador se recuper\u00f3 de la enfermedad luego de 15 d\u00edas de confirmar su contagio.<\/p>\n<p>&nbsp;<\/p>\n<p> <\/p>\n<p>&nbsp;<\/p>\n<p>CIUDAD DE M\u00c9XICO. MX. \u2014 El diputado del Partido del Trabajo (PT) Gerardo Fern\u00e1ndez Noro\u00f1a anunci\u00f3 que dio negativo a la prueba covid-19, 15 d\u00edas despu\u00e9s de confirmar su contagio, por lo que se presentar\u00e1 el mi\u00e9rcoles a la sesi\u00f3n extraordinaria de la C\u00e1mara de Diputados.<\/p>\n<p>&nbsp;<\/p>\n<p>Mediante su cuenta de Twitter, el legislador comparti\u00f3 la fotograf\u00eda de una constancia expedida por la Direcci\u00f3n de Servicios M\u00e9dicos del Senado de la Rep\u00fablica y suscrita por el doctor Armando Roa Marcial en la cual se indica que el paciente ya puede \u201crealizar actividades con normalidad\u201d.<\/p>\n<p>&nbsp;<\/p>\n<p>En ese sentido, el vicecoordinador de los diputados del PT advirti\u00f3 que se presentar\u00e1 en la sesi\u00f3n extraordinaria de San L\u00e1zaro de este mi\u00e9rcoles, donde se discutir\u00e1 el desafuero de su compa\u00f1ero de bancada, Mauricio Toledo y el exlegislador morenista, Sa\u00fal Huerta.<\/p>\n<p>&nbsp;<\/p>\n<p><em><strong>\u201c\u00a1Negativo\u201d Libre de COVID-19. Agarrense, ma\u00f1ana ir\u00e9 a la sesi\u00f3n del periodo extraordinario\u201d,<\/strong> <\/em>escribi\u00f3 el legislador.<\/p>\n<p>&nbsp;<\/p>\n<p>El pasado 26 de julio, Gerardo Fern\u00e1ndez Noro\u00f1a, uno de los m\u00e1s reacios legisladores de la 4T en usar cubrebocas en medio de la pandemia de Covid-19, anunci\u00f3 que dio positivo Sars-Cov-2.<\/p>\n<p>&nbsp;<\/p>\n<p>(Publicada el 10\/08\/2021)<\/p>\n","protected":false},"excerpt":{"rendered":"<p>El legislador se recuper\u00f3 de la enfermedad luego de 15 d\u00edas de confirmar su contagio&#8230;.<\/p>\n","protected":false},"author":1,"featured_media":120248,"comment_status":"open","ping_status":"open","sticky":false,"template":"","format":"standard","meta":{"_monsterinsights_skip_tracking":false,"_monsterinsights_sitenote_active":false,"_monsterinsights_sitenote_note":"","_monsterinsights_sitenote_category":0,"footnotes":""},"categories":[5],"tags":[],"class_list":["post"],"yoast_head":" \n<title>Sonora en Equipo. Fern\u00e1ndez Noro\u00f1a se recupera de covid-19 y se reicorpora a labor legislativa Rep\u00fablica<\/title>\n<meta name=\"description\" content=\"El legislador se recuper\u00f3 de la enfermedad luego de 15 d\u00edas de confirmar su contagio. &nbsp; &nbsp; CIUDAD DE M\u00c9XICO. MX. \u2014 El diputado del Partido del En Sonora en Equipo publicamos toda la informaci\u00f3n de Sonora, M\u00e9xico y el Mundo de manera oportuna y busca que la libertad de expresi\u00f3n sea real. Visita nuestro medio informativo publicado desde Hermosillo, Sonora. %\" \/>\n<meta name=\"robots\" content=\"index, follow, max-snippet:-1, max-image-preview:large, max-video-preview:-1\" \/>\n<link rel=\"canonical\" href=\"https:\/\/www.sonoraenequipo.com.mx\/fernandez-norona-se-recupera-de-covid-19-y-se-reicorpora-a-labor-legislativa\/\" \/>\n<meta property=\"og:locale\" content=\"es_ES\" \/>\n<meta property=\"og:type\" content=\"article\" \/>\n<meta property=\"og:title\" content=\"Sonora en Equipo. Fern\u00e1ndez Noro\u00f1a se recupera de covid-19 y se reicorpora a labor legislativa Rep\u00fablica\" \/>\n<meta property=\"og:description\" content=\"El legislador se recuper\u00f3 de la enfermedad luego de 15 d\u00edas de confirmar su contagio. &nbsp; &nbsp; CIUDAD DE M\u00c9XICO. MX. \u2014 El diputado del Partido del En Sonora en Equipo publicamos toda la informaci\u00f3n de Sonora, M\u00e9xico y el Mundo de manera oportuna y busca que la libertad de expresi\u00f3n sea real. Visita nuestro medio informativo publicado desde Hermosillo, Sonora. %\" \/>\n<meta property=\"og:url\" content=\"https:\/\/www.sonoraenequipo.com.mx\/fernandez-norona-se-recupera-de-covid-19-y-se-reicorpora-a-labor-legislativa\/\" \/>\n<meta property=\"og:site_name\" content=\"Sonora en Equipo.\" \/>\n<meta property=\"article:publisher\" content=\"https:\/\/www.facebook.com\/SonoraEE\/\" \/>\n<meta property=\"article:author\" content=\"https:\/\/www.facebook.com\/SonoraEE\" \/>\n<meta property=\"article:published_time\" content=\"2021-08-11T01:00:02+00:00\" \/>\n<meta property=\"og:image\" content=\"https:\/\/www.sonoraenequipo.com.mx\/storage\/2021\/08\/Fernandez-Norona_opt.jpg\" \/>\n\t<meta property=\"og:image:width\" content=\"700\" \/>\n\t<meta property=\"og:image:height\" content=\"400\" \/>\n\t<meta property=\"og:image:type\" content=\"image\/jpeg\" \/>\n<meta name=\"author\" content=\"enequipo\" \/>\n<meta name=\"twitter:card\" content=\"summary_large_image\" \/>\n<meta name=\"twitter:creator\" content=\"@sonoraenequipo\" \/>\n<meta name=\"twitter:site\" content=\"@sonoraenequipo\" \/>\n<meta name=\"twitter:label1\" content=\"Escrito por\" \/>\n\t<meta name=\"twitter:data1\" content=\"enequipo\" \/>\n\t<meta name=\"twitter:label2\" content=\"Tiempo de lectura\" \/>\n\t<meta name=\"twitter:data2\" content=\"1 minuto\" \/>\n<script type=\"application\/ld+json\" class=\"yoast-schema-graph\">{\"@context\":\"https:\/\/schema.org\",\"@graph\":[{\"@type\":\"Article\",\"@id\":\"https:\/\/www.sonoraenequipo.com.mx\/fernandez-norona-se-recupera-de-covid-19-y-se-reicorpora-a-labor-legislativa\/#article\",\"isPartOf\":{\"@id\":\"https:\/\/www.sonoraenequipo.com.mx\/fernandez-norona-se-recupera-de-covid-19-y-se-reicorpora-a-labor-legislativa\/\"},\"author\":{\"name\":\"enequipo\",\"@id\":\"https:\/\/www.sonoraenequipo.com.mx\/#\/schema\/person\/50102df0fb23a8fa9e8effad8fa81386\"},\"headline\":\"Fern\u00e1ndez Noro\u00f1a se recupera de covid-19 y se reicorpora a labor legislativa\",\"datePublished\":\"2021-08-11T01:00:02+00:00\",\"mainEntityOfPage\":{\"@id\":\"https:\/\/www.sonoraenequipo.com.mx\/fernandez-norona-se-recupera-de-covid-19-y-se-reicorpora-a-labor-legislativa\/\"},\"wordCount\":240,\"commentCount\":0,\"publisher\":{\"@id\":\"https:\/\/www.sonoraenequipo.com.mx\/#organization\"},\"image\":{\"@id\":\"https:\/\/www.sonoraenequipo.com.mx\/fernandez-norona-se-recupera-de-covid-19-y-se-reicorpora-a-labor-legislativa\/#primaryimage\"},\"thumbnailUrl\":\"https:\/\/www.sonoraenequipo.com.mx\/storage\/2021\/08\/Fernandez-Norona_opt.jpg\",\"articleSection\":[\"Rep\u00fablica\"],\"inLanguage\":\"es\",\"potentialAction\":[{\"@type\":\"CommentAction\",\"name\":\"Comment\",\"target\":[\"https:\/\/www.sonoraenequipo.com.mx\/fernandez-norona-se-recupera-de-covid-19-y-se-reicorpora-a-labor-legislativa\/#respond\"]}]},{\"@type\":\"WebPage\",\"@id\":\"https:\/\/www.sonoraenequipo.com.mx\/fernandez-norona-se-recupera-de-covid-19-y-se-reicorpora-a-labor-legislativa\/\",\"url\":\"https:\/\/www.sonoraenequipo.com.mx\/fernandez-norona-se-recupera-de-covid-19-y-se-reicorpora-a-labor-legislativa\/\",\"name\":\"Sonora en Equipo. Fern\u00e1ndez Noro\u00f1a se recupera de covid-19 y se reicorpora a labor legislativa Rep\u00fablica\",\"isPartOf\":{\"@id\":\"https:\/\/www.sonoraenequipo.com.mx\/#website\"},\"primaryImageOfPage\":{\"@id\":\"https:\/\/www.sonoraenequipo.com.mx\/fernandez-norona-se-recupera-de-covid-19-y-se-reicorpora-a-labor-legislativa\/#primaryimage\"},\"image\":{\"@id\":\"https:\/\/www.sonoraenequipo.com.mx\/fernandez-norona-se-recupera-de-covid-19-y-se-reicorpora-a-labor-legislativa\/#primaryimage\"},\"thumbnailUrl\":\"https:\/\/www.sonoraenequipo.com.mx\/storage\/2021\/08\/Fernandez-Norona_opt.jpg\",\"datePublished\":\"2021-08-11T01:00:02+00:00\",\"description\":\"El legislador se recuper\u00f3 de la enfermedad luego de 15 d\u00edas de confirmar su contagio. &nbsp; &nbsp; CIUDAD DE M\u00c9XICO. MX. \u2014 El diputado del Partido del En Sonora en Equipo publicamos toda la informaci\u00f3n de Sonora, M\u00e9xico y el Mundo de manera oportuna y busca que la libertad de expresi\u00f3n sea real. Visita nuestro medio informativo publicado desde Hermosillo, Sonora. %\",\"breadcrumb\":{\"@id\":\"https:\/\/www.sonoraenequipo.com.mx\/fernandez-norona-se-recupera-de-covid-19-y-se-reicorpora-a-labor-legislativa\/#breadcrumb\"},\"inLanguage\":\"es\",\"potentialAction\":[{\"@type\":\"ReadAction\",\"target\":[\"https:\/\/www.sonoraenequipo.com.mx\/fernandez-norona-se-recupera-de-covid-19-y-se-reicorpora-a-labor-legislativa\/\"]}]},{\"@type\":\"ImageObject\",\"inLanguage\":\"es\",\"@id\":\"https:\/\/www.sonoraenequipo.com.mx\/fernandez-norona-se-recupera-de-covid-19-y-se-reicorpora-a-labor-legislativa\/#primaryimage\",\"url\":\"https:\/\/www.sonoraenequipo.com.mx\/storage\/2021\/08\/Fernandez-Norona_opt.jpg\",\"contentUrl\":\"https:\/\/www.sonoraenequipo.com.mx\/storage\/2021\/08\/Fernandez-Norona_opt.jpg\",\"width\":700,\"height\":400},{\"@type\":\"BreadcrumbList\",\"@id\":\"https:\/\/www.sonoraenequipo.com.mx\/fernandez-norona-se-recupera-de-covid-19-y-se-reicorpora-a-labor-legislativa\/#breadcrumb\",\"itemListElement\":[{\"@type\":\"ListItem\",\"position\":1,\"name\":\"Portada\",\"item\":\"https:\/\/www.sonoraenequipo.com.mx\/\"},{\"@type\":\"ListItem\",\"position\":2,\"name\":\"Fern\u00e1ndez Noro\u00f1a se recupera de covid-19 y se reicorpora a labor legislativa\"}]},{\"@type\":\"WebSite\",\"@id\":\"https:\/\/www.sonoraenequipo.com.mx\/#website\",\"url\":\"https:\/\/www.sonoraenequipo.com.mx\/\",\"name\":\"Sonora en Equipo.\",\"description\":\"Diario en l\u00ednea con Noticias desde Hermosillo, Sonora\",\"publisher\":{\"@id\":\"https:\/\/www.sonoraenequipo.com.mx\/#organization\"},\"potentialAction\":[{\"@type\":\"SearchAction\",\"target\":{\"@type\":\"EntryPoint\",\"urlTemplate\":\"https:\/\/www.sonoraenequipo.com.mx\/?s={search_term_string}\"},\"query-input\":{\"@type\":\"PropertyValueSpecification\",\"valueRequired\":true,\"valueName\":\"search_term_string\"}}],\"inLanguage\":\"es\"},{\"@type\":\"Organization\",\"@id\":\"https:\/\/www.sonoraenequipo.com.mx\/#organization\",\"name\":\"Sonoraenequipo.com.mx\",\"url\":\"https:\/\/www.sonoraenequipo.com.mx\/\",\"logo\":{\"@type\":\"ImageObject\",\"inLanguage\":\"es\",\"@id\":\"https:\/\/www.sonoraenequipo.com.mx\/#\/schema\/logo\/image\/\",\"url\":\"https:\/\/www.sonoraenequipo.com.mx\/storage\/2019\/01\/sonoraenequipo_opt.png\",\"contentUrl\":\"https:\/\/www.sonoraenequipo.com.mx\/storage\/2019\/01\/sonoraenequipo_opt.png\",\"width\":375,\"height\":125,\"caption\":\"Sonoraenequipo.com.mx\"},\"image\":{\"@id\":\"https:\/\/www.sonoraenequipo.com.mx\/#\/schema\/logo\/image\/\"},\"sameAs\":[\"https:\/\/www.facebook.com\/SonoraEE\/\",\"https:\/\/x.com\/sonoraenequipo\",\"https:\/\/www.youtube.com\/channel\/UC338nW-lPEYmJQs4ZABQ1SQ\"]},{\"@type\":\"Person\",\"@id\":\"https:\/\/www.sonoraenequipo.com.mx\/#\/schema\/person\/50102df0fb23a8fa9e8effad8fa81386\",\"name\":\"enequipo\",\"image\":{\"@type\":\"ImageObject\",\"inLanguage\":\"es\",\"@id\":\"https:\/\/www.sonoraenequipo.com.mx\/#\/schema\/person\/image\/\",\"url\":\"https:\/\/secure.gravatar.com\/avatar\/049821681b589dabc0bc20695993ccebb09f5b5d4d790cd9251b97faac7c652b?s=96&d=blank&r=g\",\"contentUrl\":\"https:\/\/secure.gravatar.com\/avatar\/049821681b589dabc0bc20695993ccebb09f5b5d4d790cd9251b97faac7c652b?s=96&d=blank&r=g\",\"caption\":\"enequipo\"},\"sameAs\":[\"https:\/\/www.facebook.com\/SonoraEE\"]}]}<\/script>\n ","yoast_head_json":{"title":"Sonora en Equipo. Fern\u00e1ndez Noro\u00f1a se recupera de covid-19 y se reicorpora a labor legislativa Rep\u00fablica","description":"El legislador se recuper\u00f3 de la enfermedad luego de 15 d\u00edas de confirmar su contagio. &nbsp; &nbsp; CIUDAD DE M\u00c9XICO. MX. \u2014 El diputado del Partido del En Sonora en Equipo publicamos toda la informaci\u00f3n de Sonora, M\u00e9xico y el Mundo de manera oportuna y busca que la libertad de expresi\u00f3n sea real. Visita nuestro medio informativo publicado desde Hermosillo, Sonora. %","robots":{"index":"index","follow":"follow","max-snippet":"max-snippet:-1","max-image-preview":"max-image-preview:large","max-video-preview":"max-video-preview:-1"},"canonical":"https:\/\/www.sonoraenequipo.com.mx\/fernandez-norona-se-recupera-de-covid-19-y-se-reicorpora-a-labor-legislativa\/","og_locale":"es_ES","og_type":"article","og_title":"Sonora en Equipo. Fern\u00e1ndez Noro\u00f1a se recupera de covid-19 y se reicorpora a labor legislativa Rep\u00fablica","og_description":"El legislador se recuper\u00f3 de la enfermedad luego de 15 d\u00edas de confirmar su contagio. &nbsp; &nbsp; CIUDAD DE M\u00c9XICO. MX. \u2014 El diputado del Partido del En Sonora en Equipo publicamos toda la informaci\u00f3n de Sonora, M\u00e9xico y el Mundo de manera oportuna y busca que la libertad de expresi\u00f3n sea real. Visita nuestro medio informativo publicado desde Hermosillo, Sonora. %","og_url":"https:\/\/www.sonoraenequipo.com.mx\/fernandez-norona-se-recupera-de-covid-19-y-se-reicorpora-a-labor-legislativa\/","og_site_name":"Sonora en Equipo.","article_publisher":"https:\/\/www.facebook.com\/SonoraEE\/","article_author":"https:\/\/www.facebook.com\/SonoraEE","article_published_time":"2021-08-11T01:00:02+00:00","og_image":[{"width":700,"height":400,"url":"https:\/\/www.sonoraenequipo.com.mx\/storage\/2021\/08\/Fernandez-Norona_opt.jpg","type":"image\/jpeg"}],"author":"enequipo","twitter_card":"summary_large_image","twitter_creator":"@sonoraenequipo","twitter_site":"@sonoraenequipo","twitter_misc":{"Escrito por":"enequipo","Tiempo de lectura":"1 minuto"},"schema":{"@context":"https:\/\/schema.org","@graph":[{"@type":"Article","@id":"https:\/\/www.sonoraenequipo.com.mx\/fernandez-norona-se-recupera-de-covid-19-y-se-reicorpora-a-labor-legislativa\/#article","isPartOf":{"@id":"https:\/\/www.sonoraenequipo.com.mx\/fernandez-norona-se-recupera-de-covid-19-y-se-reicorpora-a-labor-legislativa\/"},"author":{"name":"enequipo","@id":"https:\/\/www.sonoraenequipo.com.mx\/#\/schema\/person\/50102df0fb23a8fa9e8effad8fa81386"},"headline":"Fern\u00e1ndez Noro\u00f1a se recupera de covid-19 y se reicorpora a labor legislativa","datePublished":"2021-08-11T01:00:02+00:00","mainEntityOfPage":{"@id":"https:\/\/www.sonoraenequipo.com.mx\/fernandez-norona-se-recupera-de-covid-19-y-se-reicorpora-a-labor-legislativa\/"},"wordCount":240,"commentCount":0,"publisher":{"@id":"https:\/\/www.sonoraenequipo.com.mx\/#organization"},"image":{"@id":"https:\/\/www.sonoraenequipo.com.mx\/fernandez-norona-se-recupera-de-covid-19-y-se-reicorpora-a-labor-legislativa\/#primaryimage"},"thumbnailUrl":"https:\/\/www.sonoraenequipo.com.mx\/storage\/2021\/08\/Fernandez-Norona_opt.jpg","articleSection":["Rep\u00fablica"],"inLanguage":"es","potentialAction":[{"@type":"CommentAction","name":"Comment","target":["https:\/\/www.sonoraenequipo.com.mx\/fernandez-norona-se-recupera-de-covid-19-y-se-reicorpora-a-labor-legislativa\/#respond"]}]},{"@type":"WebPage","@id":"https:\/\/www.sonoraenequipo.com.mx\/fernandez-norona-se-recupera-de-covid-19-y-se-reicorpora-a-labor-legislativa\/","url":"https:\/\/www.sonoraenequipo.com.mx\/fernandez-norona-se-recupera-de-covid-19-y-se-reicorpora-a-labor-legislativa\/","name":"Sonora en Equipo. Fern\u00e1ndez Noro\u00f1a se recupera de covid-19 y se reicorpora a labor legislativa Rep\u00fablica","isPartOf":{"@id":"https:\/\/www.sonoraenequipo.com.mx\/#website"},"primaryImageOfPage":{"@id":"https:\/\/www.sonoraenequipo.com.mx\/fernandez-norona-se-recupera-de-covid-19-y-se-reicorpora-a-labor-legislativa\/#primaryimage"},"image":{"@id":"https:\/\/www.sonoraenequipo.com.mx\/fernandez-norona-se-recupera-de-covid-19-y-se-reicorpora-a-labor-legislativa\/#primaryimage"},"thumbnailUrl":"https:\/\/www.sonoraenequipo.com.mx\/storage\/2021\/08\/Fernandez-Norona_opt.jpg","datePublished":"2021-08-11T01:00:02+00:00","description":"El legislador se recuper\u00f3 de la enfermedad luego de 15 d\u00edas de confirmar su contagio. &nbsp; &nbsp; CIUDAD DE M\u00c9XICO. MX. \u2014 El diputado del Partido del En Sonora en Equipo publicamos toda la informaci\u00f3n de Sonora, M\u00e9xico y el Mundo de manera oportuna y busca que la libertad de expresi\u00f3n sea real. Visita nuestro medio informativo publicado desde Hermosillo, Sonora. %","breadcrumb":{"@id":"https:\/\/www.sonoraenequipo.com.mx\/fernandez-norona-se-recupera-de-covid-19-y-se-reicorpora-a-labor-legislativa\/#breadcrumb"},"inLanguage":"es","potentialAction":[{"@type":"ReadAction","target":["https:\/\/www.sonoraenequipo.com.mx\/fernandez-norona-se-recupera-de-covid-19-y-se-reicorpora-a-labor-legislativa\/"]}]},{"@type":"ImageObject","inLanguage":"es","@id":"https:\/\/www.sonoraenequipo.com.mx\/fernandez-norona-se-recupera-de-covid-19-y-se-reicorpora-a-labor-legislativa\/#primaryimage","url":"https:\/\/www.sonoraenequipo.com.mx\/storage\/2021\/08\/Fernandez-Norona_opt.jpg","contentUrl":"https:\/\/www.sonoraenequipo.com.mx\/storage\/2021\/08\/Fernandez-Norona_opt.jpg","width":700,"height":400},{"@type":"BreadcrumbList","@id":"https:\/\/www.sonoraenequipo.com.mx\/fernandez-norona-se-recupera-de-covid-19-y-se-reicorpora-a-labor-legislativa\/#breadcrumb","itemListElement":[{"@type":"ListItem","position":1,"name":"Portada","item":"https:\/\/www.sonoraenequipo.com.mx\/"},{"@type":"ListItem","position":2,"name":"Fern\u00e1ndez Noro\u00f1a se recupera de covid-19 y se reicorpora a labor legislativa"}]},{"@type":"WebSite","@id":"https:\/\/www.sonoraenequipo.com.mx\/#website","url":"https:\/\/www.sonoraenequipo.com.mx\/","name":"Sonora en Equipo.","description":"Diario en l\u00ednea con Noticias desde Hermosillo, Sonora","publisher":{"@id":"https:\/\/www.sonoraenequipo.com.mx\/#organization"},"potentialAction":[{"@type":"SearchAction","target":{"@type":"EntryPoint","urlTemplate":"https:\/\/www.sonoraenequipo.com.mx\/?s={search_term_string}"},"query-input":{"@type":"PropertyValueSpecification","valueRequired":true,"valueName":"search_term_string"}}],"inLanguage":"es"},{"@type":"Organization","@id":"https:\/\/www.sonoraenequipo.com.mx\/#organization","name":"Sonoraenequipo.com.mx","url":"https:\/\/www.sonoraenequipo.com.mx\/","logo":{"@type":"ImageObject","inLanguage":"es","@id":"https:\/\/www.sonoraenequipo.com.mx\/#\/schema\/logo\/image\/","url":"https:\/\/www.sonoraenequipo.com.mx\/storage\/2019\/01\/sonoraenequipo_opt.png","contentUrl":"https:\/\/www.sonoraenequipo.com.mx\/storage\/2019\/01\/sonoraenequipo_opt.png","width":375,"height":125,"caption":"Sonoraenequipo.com.mx"},"image":{"@id":"https:\/\/www.sonoraenequipo.com.mx\/#\/schema\/logo\/image\/"},"sameAs":["https:\/\/www.facebook.com\/SonoraEE\/","https:\/\/x.com\/sonoraenequipo","https:\/\/www.youtube.com\/channel\/UC338nW-lPEYmJQs4ZABQ1SQ"]},{"@type":"Person","@id":"https:\/\/www.sonoraenequipo.com.mx\/#\/schema\/person\/50102df0fb23a8fa9e8effad8fa81386","name":"enequipo","image":{"@type":"ImageObject","inLanguage":"es","@id":"https:\/\/www.sonoraenequipo.com.mx\/#\/schema\/person\/image\/","url":"https:\/\/secure.gravatar.com\/avatar\/049821681b589dabc0bc20695993ccebb09f5b5d4d790cd9251b97faac7c652b?s=96&d=blank&r=g","contentUrl":"https:\/\/secure.gravatar.com\/avatar\/049821681b589dabc0bc20695993ccebb09f5b5d4d790cd9251b97faac7c652b?s=96&d=blank&r=g","caption":"enequipo"},"sameAs":["https:\/\/www.facebook.com\/SonoraEE"]}]}},"jetpack_featured_media_url":"https:\/\/www.sonoraenequipo.com.mx\/storage\/2021\/08\/Fernandez-Norona_opt.jpg","_links":{"self":[{"href":"https:\/\/www.sonoraenequipo.com.mx\/api\/wp\/v2\/posts\/120242","targetHints":{"allow":["GET"]}}],"collection":[{"href":"https:\/\/www.sonoraenequipo.com.mx\/api\/wp\/v2\/posts"}],"about":[{"href":"https:\/\/www.sonoraenequipo.com.mx\/api\/wp\/v2\/types\/post"}],"author":[{"embeddable":true,"href":"https:\/\/www.sonoraenequipo.com.mx\/api\/wp\/v2\/users\/1"}],"replies":[{"embeddable":true,"href":"https:\/\/www.sonoraenequipo.com.mx\/api\/wp\/v2\/comments?post=120242"}],"version-history":[{"count":1,"href":"https:\/\/www.sonoraenequipo.com.mx\/api\/wp\/v2\/posts\/120242\/revisions"}],"predecessor-version":[{"id":120250,"href":"https:\/\/www.sonoraenequipo.com.mx\/api\/wp\/v2\/posts\/120242\/revisions\/120250"}],"wp:featuredmedia":[{"embeddable":true,"href":"https:\/\/www.sonoraenequipo.com.mx\/api\/wp\/v2\/media\/120248"}],"wp:attachment":[{"href":"https:\/\/www.sonoraenequipo.com.mx\/api\/wp\/v2\/media?parent=120242"}],"wp:term":[{"taxonomy":"category","embeddable":true,"href":"https:\/\/www.sonoraenequipo.com.mx\/api\/wp\/v2\/categories?post=120242"},{"taxonomy":"post_tag","embeddable":true,"href":"https:\/\/www.sonoraenequipo.com.mx\/api\/wp\/v2\/tags?post=120242"}],"curies":[{"name":"wp","href":"https:\/\/api.w.org\/{rel}","templated":true}]}}