{"id":120257,"date":"2021-08-10T17:48:06","date_gmt":"2021-08-11T00:48:06","guid":{"rendered":"https:\/\/www.sonoraenequipo.com.mx\/?p=120257"},"modified":"2021-08-10T18:38:04","modified_gmt":"2021-08-11T01:38:04","slug":"regreso-a-clases-traera-la-cuarta-ola-de-covid-19-advierte-investigador-de-la-uat","status":"publish","type":"post","link":"https:\/\/www.sonoraenequipo.com.mx\/regreso-a-clases-traera-la-cuarta-ola-de-covid-19-advierte-investigador-de-la-uat\/","title":{"rendered":"Regreso a clases traer\u00e1 la cuarta ola de Covid-19, advierte investigador de la UAT"},"content":{"rendered":"<p>CIUDAD VICTORIA, TAMAULIPAS. MX. \u2014 El investigador de la Universidad Aut\u00f3noma de Tamaulipas (UAT) y especialista en patolog\u00eda, Ra\u00fal de Le\u00f3n Escobedo, manifest\u00f3 que regresar a los estudiantes a las aulas provocar\u00e1 la llamada cuarta ola de contagios de coronavirus.<\/p>\n<p>&nbsp;<\/p>\n<p> <\/p>\n<p>&nbsp;<\/p>\n<p>Se\u00f1al\u00f3 que ser\u00e1 mucho mayor el n\u00famero de personas que se van a enfermar del virus SARS-CoV-2 y alguna de sus variantes, pues habr\u00e1 mayor movilidad entre la poblaci\u00f3n.<\/p>\n<p>&nbsp;<\/p>\n<p>Manifest\u00f3 que esto no s\u00f3lo se limita a ni\u00f1os, ni\u00f1as y j\u00f3venes, sino tambi\u00e9n de padres de familia, quienes como cada ciclo escolar van a proceder a realizar compras pertinentes de \u00fatiles y uniformes, por ende aglomeraciones en tiendas y centros comerciales.<\/p>\n<p>&nbsp;<\/p>\n<p><em>\u00abEsta enfermedad est\u00e1 ligada a la movilidad de la sociedad, cuando reactivamos nosotros las clases, se reactiva todo un ciclo de la econom\u00eda, que tiene que ver con el transporte, que tiene que ver con los mecanismos de soporte de papeler\u00eda, insumos, uniformes y eso obliga a una movilidad de lo que va m\u00e1s all\u00e1 de lo que son los alumnos\u00bb,<\/em> declar\u00f3 el especialista.<\/p>\n<p>&nbsp;<\/p>\n<p>El m\u00e9dico reiter\u00f3 que no es conveniente un regreso a las escuelas en Tamaulipas, pues son miles de estudiantes que no est\u00e1n vacunados y por ende existe un riesgo de contagios e incluso defunciones.<\/p>\n<p>&nbsp;<\/p>\n<p><em>\u00abTenemos m\u00e1s de 200 ni\u00f1os que han muerto e incluso menores de un a\u00f1o de edad a consecuencia de la infecci\u00f3n del Covid-19 a nivel nacional. Cuando estamos en la punta de la pir\u00e1mide, equivale a ir a una monta\u00f1a Rusa y quitarme el cintur\u00f3n justo cuando voy arriba a la mitad de una curva, lo m\u00e1s probable es que termine en un accidente\u00bb<\/em>, advirti\u00f3 el doctor de Tamaulipas.<\/p>\n<p>&nbsp;<\/p>\n<p>En Tamaulipas hay m\u00e1s de tres mil 200 casos activos de coronavirus, adem\u00e1s de que han muerto m\u00e1s de cinco mil personas derivado a la pandemia, por lo que las autoridades insisten en mantener las medidas sanitarias.<\/p>\n<p>&nbsp;<\/p>\n<p>(Publicada el 10\/08\/2021\/Con informaci\u00f3n de ELHERALDO DE M\u00c9XICO.\/ Carlos Ju\u00e1rez)<\/p>\n","protected":false},"excerpt":{"rendered":"<p>CIUDAD VICTORIA, TAMAULIPAS. MX. \u2014 El investigador de la Universidad Aut\u00f3noma de Tamaulipas (UAT) y&#8230;<\/p>\n","protected":false},"author":1,"featured_media":120261,"comment_status":"open","ping_status":"open","sticky":false,"template":"","format":"standard","meta":{"_monsterinsights_skip_tracking":false,"_monsterinsights_sitenote_active":false,"_monsterinsights_sitenote_note":"","_monsterinsights_sitenote_category":0,"footnotes":""},"categories":[5],"tags":[],"class_list":["post"],"yoast_head":" \n<title>Sonora en Equipo. Regreso a clases traer\u00e1 la cuarta ola de Covid-19, advierte investigador de la UAT Rep\u00fablica<\/title>\n<meta name=\"description\" content=\"CIUDAD VICTORIA, TAMAULIPAS. MX. \u2014 El investigador de la Universidad Aut\u00f3noma de Tamaulipas (UAT) y especialista en patolog\u00eda, Ra\u00fal de Le\u00f3n Escobedo, En Sonora en Equipo publicamos toda la informaci\u00f3n de Sonora, M\u00e9xico y el Mundo de manera oportuna y busca que la libertad de expresi\u00f3n sea real. Visita nuestro medio informativo publicado desde Hermosillo, Sonora. %\" \/>\n<meta name=\"robots\" content=\"index, follow, max-snippet:-1, max-image-preview:large, max-video-preview:-1\" \/>\n<link rel=\"canonical\" href=\"https:\/\/www.sonoraenequipo.com.mx\/regreso-a-clases-traera-la-cuarta-ola-de-covid-19-advierte-investigador-de-la-uat\/\" \/>\n<meta property=\"og:locale\" content=\"es_ES\" \/>\n<meta property=\"og:type\" content=\"article\" \/>\n<meta property=\"og:title\" content=\"Sonora en Equipo. Regreso a clases traer\u00e1 la cuarta ola de Covid-19, advierte investigador de la UAT Rep\u00fablica\" \/>\n<meta property=\"og:description\" content=\"CIUDAD VICTORIA, TAMAULIPAS. MX. \u2014 El investigador de la Universidad Aut\u00f3noma de Tamaulipas (UAT) y especialista en patolog\u00eda, Ra\u00fal de Le\u00f3n Escobedo, En Sonora en Equipo publicamos toda la informaci\u00f3n de Sonora, M\u00e9xico y el Mundo de manera oportuna y busca que la libertad de expresi\u00f3n sea real. Visita nuestro medio informativo publicado desde Hermosillo, Sonora. %\" \/>\n<meta property=\"og:url\" content=\"https:\/\/www.sonoraenequipo.com.mx\/regreso-a-clases-traera-la-cuarta-ola-de-covid-19-advierte-investigador-de-la-uat\/\" \/>\n<meta property=\"og:site_name\" content=\"Sonora en Equipo.\" \/>\n<meta property=\"article:publisher\" content=\"https:\/\/www.facebook.com\/SonoraEE\/\" \/>\n<meta property=\"article:author\" content=\"https:\/\/www.facebook.com\/SonoraEE\" \/>\n<meta property=\"article:published_time\" content=\"2021-08-11T00:48:06+00:00\" \/>\n<meta property=\"article:modified_time\" content=\"2021-08-11T01:38:04+00:00\" \/>\n<meta property=\"og:image\" content=\"https:\/\/www.sonoraenequipo.com.mx\/storage\/2021\/08\/covid-19-cuata-ola_opt.jpg\" \/>\n\t<meta property=\"og:image:width\" content=\"700\" \/>\n\t<meta property=\"og:image:height\" content=\"400\" \/>\n\t<meta property=\"og:image:type\" content=\"image\/jpeg\" \/>\n<meta name=\"author\" content=\"enequipo\" \/>\n<meta name=\"twitter:card\" content=\"summary_large_image\" \/>\n<meta name=\"twitter:creator\" content=\"@sonoraenequipo\" \/>\n<meta name=\"twitter:site\" content=\"@sonoraenequipo\" \/>\n<meta name=\"twitter:label1\" content=\"Escrito por\" \/>\n\t<meta name=\"twitter:data1\" content=\"enequipo\" \/>\n\t<meta name=\"twitter:label2\" content=\"Tiempo de lectura\" \/>\n\t<meta name=\"twitter:data2\" content=\"2 minutos\" \/>\n<script type=\"application\/ld+json\" class=\"yoast-schema-graph\">{\"@context\":\"https:\/\/schema.org\",\"@graph\":[{\"@type\":\"Article\",\"@id\":\"https:\/\/www.sonoraenequipo.com.mx\/regreso-a-clases-traera-la-cuarta-ola-de-covid-19-advierte-investigador-de-la-uat\/#article\",\"isPartOf\":{\"@id\":\"https:\/\/www.sonoraenequipo.com.mx\/regreso-a-clases-traera-la-cuarta-ola-de-covid-19-advierte-investigador-de-la-uat\/\"},\"author\":{\"name\":\"enequipo\",\"@id\":\"https:\/\/www.sonoraenequipo.com.mx\/#\/schema\/person\/50102df0fb23a8fa9e8effad8fa81386\"},\"headline\":\"Regreso a clases traer\u00e1 la cuarta ola de Covid-19, advierte investigador de la UAT\",\"datePublished\":\"2021-08-11T00:48:06+00:00\",\"dateModified\":\"2021-08-11T01:38:04+00:00\",\"mainEntityOfPage\":{\"@id\":\"https:\/\/www.sonoraenequipo.com.mx\/regreso-a-clases-traera-la-cuarta-ola-de-covid-19-advierte-investigador-de-la-uat\/\"},\"wordCount\":375,\"commentCount\":0,\"publisher\":{\"@id\":\"https:\/\/www.sonoraenequipo.com.mx\/#organization\"},\"image\":{\"@id\":\"https:\/\/www.sonoraenequipo.com.mx\/regreso-a-clases-traera-la-cuarta-ola-de-covid-19-advierte-investigador-de-la-uat\/#primaryimage\"},\"thumbnailUrl\":\"https:\/\/www.sonoraenequipo.com.mx\/storage\/2021\/08\/covid-19-cuata-ola_opt.jpg\",\"articleSection\":[\"Rep\u00fablica\"],\"inLanguage\":\"es\",\"potentialAction\":[{\"@type\":\"CommentAction\",\"name\":\"Comment\",\"target\":[\"https:\/\/www.sonoraenequipo.com.mx\/regreso-a-clases-traera-la-cuarta-ola-de-covid-19-advierte-investigador-de-la-uat\/#respond\"]}]},{\"@type\":\"WebPage\",\"@id\":\"https:\/\/www.sonoraenequipo.com.mx\/regreso-a-clases-traera-la-cuarta-ola-de-covid-19-advierte-investigador-de-la-uat\/\",\"url\":\"https:\/\/www.sonoraenequipo.com.mx\/regreso-a-clases-traera-la-cuarta-ola-de-covid-19-advierte-investigador-de-la-uat\/\",\"name\":\"Sonora en Equipo. Regreso a clases traer\u00e1 la cuarta ola de Covid-19, advierte investigador de la UAT Rep\u00fablica\",\"isPartOf\":{\"@id\":\"https:\/\/www.sonoraenequipo.com.mx\/#website\"},\"primaryImageOfPage\":{\"@id\":\"https:\/\/www.sonoraenequipo.com.mx\/regreso-a-clases-traera-la-cuarta-ola-de-covid-19-advierte-investigador-de-la-uat\/#primaryimage\"},\"image\":{\"@id\":\"https:\/\/www.sonoraenequipo.com.mx\/regreso-a-clases-traera-la-cuarta-ola-de-covid-19-advierte-investigador-de-la-uat\/#primaryimage\"},\"thumbnailUrl\":\"https:\/\/www.sonoraenequipo.com.mx\/storage\/2021\/08\/covid-19-cuata-ola_opt.jpg\",\"datePublished\":\"2021-08-11T00:48:06+00:00\",\"dateModified\":\"2021-08-11T01:38:04+00:00\",\"description\":\"CIUDAD VICTORIA, TAMAULIPAS. MX. \u2014 El investigador de la Universidad Aut\u00f3noma de Tamaulipas (UAT) y especialista en patolog\u00eda, Ra\u00fal de Le\u00f3n Escobedo, En Sonora en Equipo publicamos toda la informaci\u00f3n de Sonora, M\u00e9xico y el Mundo de manera oportuna y busca que la libertad de expresi\u00f3n sea real. Visita nuestro medio informativo publicado desde Hermosillo, Sonora. %\",\"breadcrumb\":{\"@id\":\"https:\/\/www.sonoraenequipo.com.mx\/regreso-a-clases-traera-la-cuarta-ola-de-covid-19-advierte-investigador-de-la-uat\/#breadcrumb\"},\"inLanguage\":\"es\",\"potentialAction\":[{\"@type\":\"ReadAction\",\"target\":[\"https:\/\/www.sonoraenequipo.com.mx\/regreso-a-clases-traera-la-cuarta-ola-de-covid-19-advierte-investigador-de-la-uat\/\"]}]},{\"@type\":\"ImageObject\",\"inLanguage\":\"es\",\"@id\":\"https:\/\/www.sonoraenequipo.com.mx\/regreso-a-clases-traera-la-cuarta-ola-de-covid-19-advierte-investigador-de-la-uat\/#primaryimage\",\"url\":\"https:\/\/www.sonoraenequipo.com.mx\/storage\/2021\/08\/covid-19-cuata-ola_opt.jpg\",\"contentUrl\":\"https:\/\/www.sonoraenequipo.com.mx\/storage\/2021\/08\/covid-19-cuata-ola_opt.jpg\",\"width\":700,\"height\":400},{\"@type\":\"BreadcrumbList\",\"@id\":\"https:\/\/www.sonoraenequipo.com.mx\/regreso-a-clases-traera-la-cuarta-ola-de-covid-19-advierte-investigador-de-la-uat\/#breadcrumb\",\"itemListElement\":[{\"@type\":\"ListItem\",\"position\":1,\"name\":\"Portada\",\"item\":\"https:\/\/www.sonoraenequipo.com.mx\/\"},{\"@type\":\"ListItem\",\"position\":2,\"name\":\"Regreso a clases traer\u00e1 la cuarta ola de Covid-19, advierte investigador de la UAT\"}]},{\"@type\":\"WebSite\",\"@id\":\"https:\/\/www.sonoraenequipo.com.mx\/#website\",\"url\":\"https:\/\/www.sonoraenequipo.com.mx\/\",\"name\":\"Sonora en Equipo.\",\"description\":\"Diario en l\u00ednea con Noticias desde Hermosillo, Sonora\",\"publisher\":{\"@id\":\"https:\/\/www.sonoraenequipo.com.mx\/#organization\"},\"potentialAction\":[{\"@type\":\"SearchAction\",\"target\":{\"@type\":\"EntryPoint\",\"urlTemplate\":\"https:\/\/www.sonoraenequipo.com.mx\/?s={search_term_string}\"},\"query-input\":{\"@type\":\"PropertyValueSpecification\",\"valueRequired\":true,\"valueName\":\"search_term_string\"}}],\"inLanguage\":\"es\"},{\"@type\":\"Organization\",\"@id\":\"https:\/\/www.sonoraenequipo.com.mx\/#organization\",\"name\":\"Sonoraenequipo.com.mx\",\"url\":\"https:\/\/www.sonoraenequipo.com.mx\/\",\"logo\":{\"@type\":\"ImageObject\",\"inLanguage\":\"es\",\"@id\":\"https:\/\/www.sonoraenequipo.com.mx\/#\/schema\/logo\/image\/\",\"url\":\"https:\/\/www.sonoraenequipo.com.mx\/storage\/2019\/01\/sonoraenequipo_opt.png\",\"contentUrl\":\"https:\/\/www.sonoraenequipo.com.mx\/storage\/2019\/01\/sonoraenequipo_opt.png\",\"width\":375,\"height\":125,\"caption\":\"Sonoraenequipo.com.mx\"},\"image\":{\"@id\":\"https:\/\/www.sonoraenequipo.com.mx\/#\/schema\/logo\/image\/\"},\"sameAs\":[\"https:\/\/www.facebook.com\/SonoraEE\/\",\"https:\/\/x.com\/sonoraenequipo\",\"https:\/\/www.youtube.com\/channel\/UC338nW-lPEYmJQs4ZABQ1SQ\"]},{\"@type\":\"Person\",\"@id\":\"https:\/\/www.sonoraenequipo.com.mx\/#\/schema\/person\/50102df0fb23a8fa9e8effad8fa81386\",\"name\":\"enequipo\",\"image\":{\"@type\":\"ImageObject\",\"inLanguage\":\"es\",\"@id\":\"https:\/\/www.sonoraenequipo.com.mx\/#\/schema\/person\/image\/\",\"url\":\"https:\/\/secure.gravatar.com\/avatar\/049821681b589dabc0bc20695993ccebb09f5b5d4d790cd9251b97faac7c652b?s=96&d=blank&r=g\",\"contentUrl\":\"https:\/\/secure.gravatar.com\/avatar\/049821681b589dabc0bc20695993ccebb09f5b5d4d790cd9251b97faac7c652b?s=96&d=blank&r=g\",\"caption\":\"enequipo\"},\"sameAs\":[\"https:\/\/www.facebook.com\/SonoraEE\"]}]}<\/script>\n ","yoast_head_json":{"title":"Sonora en Equipo. Regreso a clases traer\u00e1 la cuarta ola de Covid-19, advierte investigador de la UAT Rep\u00fablica","description":"CIUDAD VICTORIA, TAMAULIPAS. MX. \u2014 El investigador de la Universidad Aut\u00f3noma de Tamaulipas (UAT) y especialista en patolog\u00eda, Ra\u00fal de Le\u00f3n Escobedo, En Sonora en Equipo publicamos toda la informaci\u00f3n de Sonora, M\u00e9xico y el Mundo de manera oportuna y busca que la libertad de expresi\u00f3n sea real. Visita nuestro medio informativo publicado desde Hermosillo, Sonora. %","robots":{"index":"index","follow":"follow","max-snippet":"max-snippet:-1","max-image-preview":"max-image-preview:large","max-video-preview":"max-video-preview:-1"},"canonical":"https:\/\/www.sonoraenequipo.com.mx\/regreso-a-clases-traera-la-cuarta-ola-de-covid-19-advierte-investigador-de-la-uat\/","og_locale":"es_ES","og_type":"article","og_title":"Sonora en Equipo. Regreso a clases traer\u00e1 la cuarta ola de Covid-19, advierte investigador de la UAT Rep\u00fablica","og_description":"CIUDAD VICTORIA, TAMAULIPAS. MX. \u2014 El investigador de la Universidad Aut\u00f3noma de Tamaulipas (UAT) y especialista en patolog\u00eda, Ra\u00fal de Le\u00f3n Escobedo, En Sonora en Equipo publicamos toda la informaci\u00f3n de Sonora, M\u00e9xico y el Mundo de manera oportuna y busca que la libertad de expresi\u00f3n sea real. Visita nuestro medio informativo publicado desde Hermosillo, Sonora. %","og_url":"https:\/\/www.sonoraenequipo.com.mx\/regreso-a-clases-traera-la-cuarta-ola-de-covid-19-advierte-investigador-de-la-uat\/","og_site_name":"Sonora en Equipo.","article_publisher":"https:\/\/www.facebook.com\/SonoraEE\/","article_author":"https:\/\/www.facebook.com\/SonoraEE","article_published_time":"2021-08-11T00:48:06+00:00","article_modified_time":"2021-08-11T01:38:04+00:00","og_image":[{"width":700,"height":400,"url":"https:\/\/www.sonoraenequipo.com.mx\/storage\/2021\/08\/covid-19-cuata-ola_opt.jpg","type":"image\/jpeg"}],"author":"enequipo","twitter_card":"summary_large_image","twitter_creator":"@sonoraenequipo","twitter_site":"@sonoraenequipo","twitter_misc":{"Escrito por":"enequipo","Tiempo de lectura":"2 minutos"},"schema":{"@context":"https:\/\/schema.org","@graph":[{"@type":"Article","@id":"https:\/\/www.sonoraenequipo.com.mx\/regreso-a-clases-traera-la-cuarta-ola-de-covid-19-advierte-investigador-de-la-uat\/#article","isPartOf":{"@id":"https:\/\/www.sonoraenequipo.com.mx\/regreso-a-clases-traera-la-cuarta-ola-de-covid-19-advierte-investigador-de-la-uat\/"},"author":{"name":"enequipo","@id":"https:\/\/www.sonoraenequipo.com.mx\/#\/schema\/person\/50102df0fb23a8fa9e8effad8fa81386"},"headline":"Regreso a clases traer\u00e1 la cuarta ola de Covid-19, advierte investigador de la UAT","datePublished":"2021-08-11T00:48:06+00:00","dateModified":"2021-08-11T01:38:04+00:00","mainEntityOfPage":{"@id":"https:\/\/www.sonoraenequipo.com.mx\/regreso-a-clases-traera-la-cuarta-ola-de-covid-19-advierte-investigador-de-la-uat\/"},"wordCount":375,"commentCount":0,"publisher":{"@id":"https:\/\/www.sonoraenequipo.com.mx\/#organization"},"image":{"@id":"https:\/\/www.sonoraenequipo.com.mx\/regreso-a-clases-traera-la-cuarta-ola-de-covid-19-advierte-investigador-de-la-uat\/#primaryimage"},"thumbnailUrl":"https:\/\/www.sonoraenequipo.com.mx\/storage\/2021\/08\/covid-19-cuata-ola_opt.jpg","articleSection":["Rep\u00fablica"],"inLanguage":"es","potentialAction":[{"@type":"CommentAction","name":"Comment","target":["https:\/\/www.sonoraenequipo.com.mx\/regreso-a-clases-traera-la-cuarta-ola-de-covid-19-advierte-investigador-de-la-uat\/#respond"]}]},{"@type":"WebPage","@id":"https:\/\/www.sonoraenequipo.com.mx\/regreso-a-clases-traera-la-cuarta-ola-de-covid-19-advierte-investigador-de-la-uat\/","url":"https:\/\/www.sonoraenequipo.com.mx\/regreso-a-clases-traera-la-cuarta-ola-de-covid-19-advierte-investigador-de-la-uat\/","name":"Sonora en Equipo. Regreso a clases traer\u00e1 la cuarta ola de Covid-19, advierte investigador de la UAT Rep\u00fablica","isPartOf":{"@id":"https:\/\/www.sonoraenequipo.com.mx\/#website"},"primaryImageOfPage":{"@id":"https:\/\/www.sonoraenequipo.com.mx\/regreso-a-clases-traera-la-cuarta-ola-de-covid-19-advierte-investigador-de-la-uat\/#primaryimage"},"image":{"@id":"https:\/\/www.sonoraenequipo.com.mx\/regreso-a-clases-traera-la-cuarta-ola-de-covid-19-advierte-investigador-de-la-uat\/#primaryimage"},"thumbnailUrl":"https:\/\/www.sonoraenequipo.com.mx\/storage\/2021\/08\/covid-19-cuata-ola_opt.jpg","datePublished":"2021-08-11T00:48:06+00:00","dateModified":"2021-08-11T01:38:04+00:00","description":"CIUDAD VICTORIA, TAMAULIPAS. MX. \u2014 El investigador de la Universidad Aut\u00f3noma de Tamaulipas (UAT) y especialista en patolog\u00eda, Ra\u00fal de Le\u00f3n Escobedo, En Sonora en Equipo publicamos toda la informaci\u00f3n de Sonora, M\u00e9xico y el Mundo de manera oportuna y busca que la libertad de expresi\u00f3n sea real. Visita nuestro medio informativo publicado desde Hermosillo, Sonora. %","breadcrumb":{"@id":"https:\/\/www.sonoraenequipo.com.mx\/regreso-a-clases-traera-la-cuarta-ola-de-covid-19-advierte-investigador-de-la-uat\/#breadcrumb"},"inLanguage":"es","potentialAction":[{"@type":"ReadAction","target":["https:\/\/www.sonoraenequipo.com.mx\/regreso-a-clases-traera-la-cuarta-ola-de-covid-19-advierte-investigador-de-la-uat\/"]}]},{"@type":"ImageObject","inLanguage":"es","@id":"https:\/\/www.sonoraenequipo.com.mx\/regreso-a-clases-traera-la-cuarta-ola-de-covid-19-advierte-investigador-de-la-uat\/#primaryimage","url":"https:\/\/www.sonoraenequipo.com.mx\/storage\/2021\/08\/covid-19-cuata-ola_opt.jpg","contentUrl":"https:\/\/www.sonoraenequipo.com.mx\/storage\/2021\/08\/covid-19-cuata-ola_opt.jpg","width":700,"height":400},{"@type":"BreadcrumbList","@id":"https:\/\/www.sonoraenequipo.com.mx\/regreso-a-clases-traera-la-cuarta-ola-de-covid-19-advierte-investigador-de-la-uat\/#breadcrumb","itemListElement":[{"@type":"ListItem","position":1,"name":"Portada","item":"https:\/\/www.sonoraenequipo.com.mx\/"},{"@type":"ListItem","position":2,"name":"Regreso a clases traer\u00e1 la cuarta ola de Covid-19, advierte investigador de la UAT"}]},{"@type":"WebSite","@id":"https:\/\/www.sonoraenequipo.com.mx\/#website","url":"https:\/\/www.sonoraenequipo.com.mx\/","name":"Sonora en Equipo.","description":"Diario en l\u00ednea con Noticias desde Hermosillo, Sonora","publisher":{"@id":"https:\/\/www.sonoraenequipo.com.mx\/#organization"},"potentialAction":[{"@type":"SearchAction","target":{"@type":"EntryPoint","urlTemplate":"https:\/\/www.sonoraenequipo.com.mx\/?s={search_term_string}"},"query-input":{"@type":"PropertyValueSpecification","valueRequired":true,"valueName":"search_term_string"}}],"inLanguage":"es"},{"@type":"Organization","@id":"https:\/\/www.sonoraenequipo.com.mx\/#organization","name":"Sonoraenequipo.com.mx","url":"https:\/\/www.sonoraenequipo.com.mx\/","logo":{"@type":"ImageObject","inLanguage":"es","@id":"https:\/\/www.sonoraenequipo.com.mx\/#\/schema\/logo\/image\/","url":"https:\/\/www.sonoraenequipo.com.mx\/storage\/2019\/01\/sonoraenequipo_opt.png","contentUrl":"https:\/\/www.sonoraenequipo.com.mx\/storage\/2019\/01\/sonoraenequipo_opt.png","width":375,"height":125,"caption":"Sonoraenequipo.com.mx"},"image":{"@id":"https:\/\/www.sonoraenequipo.com.mx\/#\/schema\/logo\/image\/"},"sameAs":["https:\/\/www.facebook.com\/SonoraEE\/","https:\/\/x.com\/sonoraenequipo","https:\/\/www.youtube.com\/channel\/UC338nW-lPEYmJQs4ZABQ1SQ"]},{"@type":"Person","@id":"https:\/\/www.sonoraenequipo.com.mx\/#\/schema\/person\/50102df0fb23a8fa9e8effad8fa81386","name":"enequipo","image":{"@type":"ImageObject","inLanguage":"es","@id":"https:\/\/www.sonoraenequipo.com.mx\/#\/schema\/person\/image\/","url":"https:\/\/secure.gravatar.com\/avatar\/049821681b589dabc0bc20695993ccebb09f5b5d4d790cd9251b97faac7c652b?s=96&d=blank&r=g","contentUrl":"https:\/\/secure.gravatar.com\/avatar\/049821681b589dabc0bc20695993ccebb09f5b5d4d790cd9251b97faac7c652b?s=96&d=blank&r=g","caption":"enequipo"},"sameAs":["https:\/\/www.facebook.com\/SonoraEE"]}]}},"jetpack_featured_media_url":"https:\/\/www.sonoraenequipo.com.mx\/storage\/2021\/08\/covid-19-cuata-ola_opt.jpg","_links":{"self":[{"href":"https:\/\/www.sonoraenequipo.com.mx\/api\/wp\/v2\/posts\/120257","targetHints":{"allow":["GET"]}}],"collection":[{"href":"https:\/\/www.sonoraenequipo.com.mx\/api\/wp\/v2\/posts"}],"about":[{"href":"https:\/\/www.sonoraenequipo.com.mx\/api\/wp\/v2\/types\/post"}],"author":[{"embeddable":true,"href":"https:\/\/www.sonoraenequipo.com.mx\/api\/wp\/v2\/users\/1"}],"replies":[{"embeddable":true,"href":"https:\/\/www.sonoraenequipo.com.mx\/api\/wp\/v2\/comments?post=120257"}],"version-history":[{"count":1,"href":"https:\/\/www.sonoraenequipo.com.mx\/api\/wp\/v2\/posts\/120257\/revisions"}],"predecessor-version":[{"id":120262,"href":"https:\/\/www.sonoraenequipo.com.mx\/api\/wp\/v2\/posts\/120257\/revisions\/120262"}],"wp:featuredmedia":[{"embeddable":true,"href":"https:\/\/www.sonoraenequipo.com.mx\/api\/wp\/v2\/media\/120261"}],"wp:attachment":[{"href":"https:\/\/www.sonoraenequipo.com.mx\/api\/wp\/v2\/media?parent=120257"}],"wp:term":[{"taxonomy":"category","embeddable":true,"href":"https:\/\/www.sonoraenequipo.com.mx\/api\/wp\/v2\/categories?post=120257"},{"taxonomy":"post_tag","embeddable":true,"href":"https:\/\/www.sonoraenequipo.com.mx\/api\/wp\/v2\/tags?post=120257"}],"curies":[{"name":"wp","href":"https:\/\/api.w.org\/{rel}","templated":true}]}}