{"id":120647,"date":"2021-08-15T15:28:53","date_gmt":"2021-08-15T22:28:53","guid":{"rendered":"https:\/\/www.sonoraenequipo.com.mx\/?p=120647"},"modified":"2021-08-15T21:07:53","modified_gmt":"2021-08-16T04:07:53","slug":"noruega-ve-reuniones-constructivas-en-mexico-entre-gobierno-y-oposicion-de-venezuela","status":"publish","type":"post","link":"https:\/\/www.sonoraenequipo.com.mx\/noruega-ve-reuniones-constructivas-en-mexico-entre-gobierno-y-oposicion-de-venezuela\/","title":{"rendered":"Noruega ve \u201creuniones constructivas\u201d en M\u00e9xico entre gobierno y oposici\u00f3n de Venezuela"},"content":{"rendered":"<p><strong>Los actores del di\u00e1logo se reunir\u00e1n de nuevo del 3 al 6 de septiembre<\/strong><\/p>\n<p>CIUDAD DE M\u00c9XICO.MX. \u2014 La canciller\u00eda de Noruega dijo este domingo que ha habido \u201creuniones constructivas\u201d entre el gobierno de Venezuela y la oposici\u00f3n de ese pa\u00eds en M\u00e9xico para resolver la crisis pol\u00edtica y econ\u00f3mica que viven los venezolanos.<\/p>\n<p>&nbsp;<\/p>\n<p> <\/p>\n<p>&nbsp;<\/p>\n<p><em>\u201cConfirmamos que hemos sostenido reuniones constructivas con la facilitaci\u00f3n del Reino de Noruega los d\u00edas 14 y 15 de agosto\u201c,<\/em> dijo la canciller\u00eda noruega en un comunicado.<\/p>\n<p>&nbsp;<\/p>\n<p>Se\u00f1al\u00f3 que se ha discutido <em>\u201cel establecimiento de un mecanismo de consulta con actores pol\u00edticos y sociales que sea lo m\u00e1s incluyente posible\u201d.<\/em><\/p>\n<p>&nbsp;<\/p>\n<p>Agreg\u00f3 que los actores del di\u00e1logo se reunir\u00e1n de nuevo del 3 al 6 de septiembre.<\/p>\n<p>&nbsp;<\/p>\n<p><em>\u201cNos gustar\u00eda manifestar nuestro profundo aprecio por las expresiones de apoyo al proceso de negociaci\u00f3n y di\u00e1logo por parte de los miembros de la comunidad internacional\u201d<\/em>, manifest\u00f3 la delegaci\u00f3n en el comunicado.<\/p>\n<p>&nbsp;<\/p>\n<p>El gobierno y la oposici\u00f3n de Venezuela emprendieron el viernes en M\u00e9xico una nueva negociaci\u00f3n para pone fin a la aguda crisis pol\u00edtica y econ\u00f3mica que vive el pa\u00eds, apuntando al levantamiento de sanciones de Estados Unidos y garant\u00edas electorales.<\/p>\n<p>&nbsp;<\/p>\n<p>Tras los fallidos di\u00e1logos de Barbados, en 2019, y Rep\u00fablica Dominicana, en 2018, las partes firmaron un memorando de entendimiento para sentar las bases del proceso, que se desarroll\u00f3 en M\u00e9xico con la facilitaci\u00f3n de Noruega.<\/p>\n<p>&nbsp;<\/p>\n<p>En un memorando de entendimiento firmado el viernes por Jorge Rodr\u00edguez a nombre del gobierno del presidente Nicol\u00e1s Maduro y Gerardo Blyde, por la <em>\u201cPlataforma Unitaria\u201c<\/em>, que agrupa a la oposici\u00f3n, se acordaron siete aspectos a discutir, como derechos pol\u00edticos, garant\u00edas electorales, un cronograma para elecciones observables, levantamiento de sanciones y restauraci\u00f3n de derechos.<\/p>\n<p>&nbsp;<\/p>\n<p>Tambi\u00e9n, tem\u00e1ticas como convivencia pol\u00edtica y social, renuncia a la violencia, reparaci\u00f3n de v\u00edctimas, protecci\u00f3n de la econom\u00eda, y garant\u00edas de implementaci\u00f3n, seguimiento y verificaci\u00f3n de lo acordado.<\/p>\n<p>&nbsp;<\/p>\n<p>El mandatario hab\u00eda advertido que no ceder\u00eda a <em>\u201cchantajes ni amenazas\u201d<\/em> de Estados Unidos, que le exigi\u00f3 \u201c<em>discusiones sinceras\u201d<\/em> para resolver los problemas de la otrora potencia petrolera.<\/p>\n<p>&nbsp;<\/p>\n<p>Washington reconoce como presidente encargado de Venezuela al opositor Juan Guaid\u00f3, quien se proclam\u00f3 como tal en 2019 cuando lideraba el Parlamento, hoy en manos del chavismo.<\/p>\n<p>&nbsp;<\/p>\n<p>Guaid\u00f3 evoc\u00f3 el mismo viernes el poder de las sanciones para presionar a Maduro y reconoci\u00f3 que<em> \u201calgunas soluciones no ser\u00e1n sencillas\u201d<\/em>, pero advirti\u00f3 que un fracaso en la mesa solo <em>\u201cprofundizar\u00e1 el conflicto\u201c.<\/em><\/p>\n<p><a class=\"twitter-timeline\" data-width=\"640\" data-height=\"960\" data-dnt=\"true\" href=\"https:\/\/twitter.com\/NoruegaMexCA?ref_src=twsrc%5Etfw\">Tweets by NoruegaMexCA<\/a><script async src=\"https:\/\/platform.twitter.com\/widgets.js\" charset=\"utf-8\"><\/script><\/p>\n<p>&nbsp;<\/p>\n<p>&nbsp;<\/p>\n<p>&nbsp;<\/p>\n<p>(Publicada el 15\/08\/2021)<\/p>\n","protected":false},"excerpt":{"rendered":"<p>Los actores del di\u00e1logo se reunir\u00e1n de nuevo del 3 al 6 de septiembre CIUDAD&#8230;<\/p>\n","protected":false},"author":1,"featured_media":120648,"comment_status":"open","ping_status":"open","sticky":false,"template":"","format":"standard","meta":{"_monsterinsights_skip_tracking":false,"_monsterinsights_sitenote_active":false,"_monsterinsights_sitenote_note":"","_monsterinsights_sitenote_category":0,"footnotes":""},"categories":[3],"tags":[],"class_list":["post"],"yoast_head":" \n<title>Sonora en Equipo. Noruega ve \u201creuniones constructivas\u201d en M\u00e9xico entre gobierno y oposici\u00f3n de Venezuela MUNDO<\/title>\n<meta name=\"description\" content=\"Los actores del di\u00e1logo se reunir\u00e1n de nuevo del 3 al 6 de septiembre CIUDAD DE M\u00c9XICO.MX. \u2014 La canciller\u00eda de Noruega dijo este domingo que ha habido En Sonora en Equipo publicamos toda la informaci\u00f3n de Sonora, M\u00e9xico y el Mundo de manera oportuna y busca que la libertad de expresi\u00f3n sea real. Visita nuestro medio informativo publicado desde Hermosillo, Sonora. %\" \/>\n<meta name=\"robots\" content=\"index, follow, max-snippet:-1, max-image-preview:large, max-video-preview:-1\" \/>\n<link rel=\"canonical\" href=\"https:\/\/www.sonoraenequipo.com.mx\/noruega-ve-reuniones-constructivas-en-mexico-entre-gobierno-y-oposicion-de-venezuela\/\" \/>\n<meta property=\"og:locale\" content=\"es_ES\" \/>\n<meta property=\"og:type\" content=\"article\" \/>\n<meta property=\"og:title\" content=\"Sonora en Equipo. Noruega ve \u201creuniones constructivas\u201d en M\u00e9xico entre gobierno y oposici\u00f3n de Venezuela MUNDO\" \/>\n<meta property=\"og:description\" content=\"Los actores del di\u00e1logo se reunir\u00e1n de nuevo del 3 al 6 de septiembre CIUDAD DE M\u00c9XICO.MX. \u2014 La canciller\u00eda de Noruega dijo este domingo que ha habido En Sonora en Equipo publicamos toda la informaci\u00f3n de Sonora, M\u00e9xico y el Mundo de manera oportuna y busca que la libertad de expresi\u00f3n sea real. Visita nuestro medio informativo publicado desde Hermosillo, Sonora. %\" \/>\n<meta property=\"og:url\" content=\"https:\/\/www.sonoraenequipo.com.mx\/noruega-ve-reuniones-constructivas-en-mexico-entre-gobierno-y-oposicion-de-venezuela\/\" \/>\n<meta property=\"og:site_name\" content=\"Sonora en Equipo.\" \/>\n<meta property=\"article:publisher\" content=\"https:\/\/www.facebook.com\/SonoraEE\/\" \/>\n<meta property=\"article:author\" content=\"https:\/\/www.facebook.com\/SonoraEE\" \/>\n<meta property=\"article:published_time\" content=\"2021-08-15T22:28:53+00:00\" \/>\n<meta property=\"article:modified_time\" content=\"2021-08-16T04:07:53+00:00\" \/>\n<meta property=\"og:image\" content=\"https:\/\/www.sonoraenequipo.com.mx\/storage\/2021\/08\/negocacion-venezuela-_opt.jpg\" \/>\n\t<meta property=\"og:image:width\" content=\"700\" \/>\n\t<meta property=\"og:image:height\" content=\"400\" \/>\n\t<meta property=\"og:image:type\" content=\"image\/jpeg\" \/>\n<meta name=\"author\" content=\"enequipo\" \/>\n<meta name=\"twitter:card\" content=\"summary_large_image\" \/>\n<meta name=\"twitter:creator\" content=\"@sonoraenequipo\" \/>\n<meta name=\"twitter:site\" content=\"@sonoraenequipo\" \/>\n<meta name=\"twitter:label1\" content=\"Escrito por\" \/>\n\t<meta name=\"twitter:data1\" content=\"enequipo\" \/>\n\t<meta name=\"twitter:label2\" content=\"Tiempo de lectura\" \/>\n\t<meta name=\"twitter:data2\" content=\"2 minutos\" \/>\n<script type=\"application\/ld+json\" class=\"yoast-schema-graph\">{\"@context\":\"https:\/\/schema.org\",\"@graph\":[{\"@type\":\"Article\",\"@id\":\"https:\/\/www.sonoraenequipo.com.mx\/noruega-ve-reuniones-constructivas-en-mexico-entre-gobierno-y-oposicion-de-venezuela\/#article\",\"isPartOf\":{\"@id\":\"https:\/\/www.sonoraenequipo.com.mx\/noruega-ve-reuniones-constructivas-en-mexico-entre-gobierno-y-oposicion-de-venezuela\/\"},\"author\":{\"name\":\"enequipo\",\"@id\":\"https:\/\/www.sonoraenequipo.com.mx\/#\/schema\/person\/50102df0fb23a8fa9e8effad8fa81386\"},\"headline\":\"Noruega ve \u201creuniones constructivas\u201d en M\u00e9xico entre gobierno y oposici\u00f3n de Venezuela\",\"datePublished\":\"2021-08-15T22:28:53+00:00\",\"dateModified\":\"2021-08-16T04:07:53+00:00\",\"mainEntityOfPage\":{\"@id\":\"https:\/\/www.sonoraenequipo.com.mx\/noruega-ve-reuniones-constructivas-en-mexico-entre-gobierno-y-oposicion-de-venezuela\/\"},\"wordCount\":476,\"commentCount\":0,\"publisher\":{\"@id\":\"https:\/\/www.sonoraenequipo.com.mx\/#organization\"},\"image\":{\"@id\":\"https:\/\/www.sonoraenequipo.com.mx\/noruega-ve-reuniones-constructivas-en-mexico-entre-gobierno-y-oposicion-de-venezuela\/#primaryimage\"},\"thumbnailUrl\":\"https:\/\/www.sonoraenequipo.com.mx\/storage\/2021\/08\/negocacion-venezuela-_opt.jpg\",\"articleSection\":[\"MUNDO\"],\"inLanguage\":\"es\",\"potentialAction\":[{\"@type\":\"CommentAction\",\"name\":\"Comment\",\"target\":[\"https:\/\/www.sonoraenequipo.com.mx\/noruega-ve-reuniones-constructivas-en-mexico-entre-gobierno-y-oposicion-de-venezuela\/#respond\"]}]},{\"@type\":\"WebPage\",\"@id\":\"https:\/\/www.sonoraenequipo.com.mx\/noruega-ve-reuniones-constructivas-en-mexico-entre-gobierno-y-oposicion-de-venezuela\/\",\"url\":\"https:\/\/www.sonoraenequipo.com.mx\/noruega-ve-reuniones-constructivas-en-mexico-entre-gobierno-y-oposicion-de-venezuela\/\",\"name\":\"Sonora en Equipo. Noruega ve \u201creuniones constructivas\u201d en M\u00e9xico entre gobierno y oposici\u00f3n de Venezuela MUNDO\",\"isPartOf\":{\"@id\":\"https:\/\/www.sonoraenequipo.com.mx\/#website\"},\"primaryImageOfPage\":{\"@id\":\"https:\/\/www.sonoraenequipo.com.mx\/noruega-ve-reuniones-constructivas-en-mexico-entre-gobierno-y-oposicion-de-venezuela\/#primaryimage\"},\"image\":{\"@id\":\"https:\/\/www.sonoraenequipo.com.mx\/noruega-ve-reuniones-constructivas-en-mexico-entre-gobierno-y-oposicion-de-venezuela\/#primaryimage\"},\"thumbnailUrl\":\"https:\/\/www.sonoraenequipo.com.mx\/storage\/2021\/08\/negocacion-venezuela-_opt.jpg\",\"datePublished\":\"2021-08-15T22:28:53+00:00\",\"dateModified\":\"2021-08-16T04:07:53+00:00\",\"description\":\"Los actores del di\u00e1logo se reunir\u00e1n de nuevo del 3 al 6 de septiembre CIUDAD DE M\u00c9XICO.MX. \u2014 La canciller\u00eda de Noruega dijo este domingo que ha habido En Sonora en Equipo publicamos toda la informaci\u00f3n de Sonora, M\u00e9xico y el Mundo de manera oportuna y busca que la libertad de expresi\u00f3n sea real. Visita nuestro medio informativo publicado desde Hermosillo, Sonora. %\",\"breadcrumb\":{\"@id\":\"https:\/\/www.sonoraenequipo.com.mx\/noruega-ve-reuniones-constructivas-en-mexico-entre-gobierno-y-oposicion-de-venezuela\/#breadcrumb\"},\"inLanguage\":\"es\",\"potentialAction\":[{\"@type\":\"ReadAction\",\"target\":[\"https:\/\/www.sonoraenequipo.com.mx\/noruega-ve-reuniones-constructivas-en-mexico-entre-gobierno-y-oposicion-de-venezuela\/\"]}]},{\"@type\":\"ImageObject\",\"inLanguage\":\"es\",\"@id\":\"https:\/\/www.sonoraenequipo.com.mx\/noruega-ve-reuniones-constructivas-en-mexico-entre-gobierno-y-oposicion-de-venezuela\/#primaryimage\",\"url\":\"https:\/\/www.sonoraenequipo.com.mx\/storage\/2021\/08\/negocacion-venezuela-_opt.jpg\",\"contentUrl\":\"https:\/\/www.sonoraenequipo.com.mx\/storage\/2021\/08\/negocacion-venezuela-_opt.jpg\",\"width\":700,\"height\":400},{\"@type\":\"BreadcrumbList\",\"@id\":\"https:\/\/www.sonoraenequipo.com.mx\/noruega-ve-reuniones-constructivas-en-mexico-entre-gobierno-y-oposicion-de-venezuela\/#breadcrumb\",\"itemListElement\":[{\"@type\":\"ListItem\",\"position\":1,\"name\":\"Portada\",\"item\":\"https:\/\/www.sonoraenequipo.com.mx\/\"},{\"@type\":\"ListItem\",\"position\":2,\"name\":\"Noruega ve \u201creuniones constructivas\u201d en M\u00e9xico entre gobierno y oposici\u00f3n de Venezuela\"}]},{\"@type\":\"WebSite\",\"@id\":\"https:\/\/www.sonoraenequipo.com.mx\/#website\",\"url\":\"https:\/\/www.sonoraenequipo.com.mx\/\",\"name\":\"Sonora en Equipo.\",\"description\":\"Diario en l\u00ednea con Noticias desde Hermosillo, Sonora\",\"publisher\":{\"@id\":\"https:\/\/www.sonoraenequipo.com.mx\/#organization\"},\"potentialAction\":[{\"@type\":\"SearchAction\",\"target\":{\"@type\":\"EntryPoint\",\"urlTemplate\":\"https:\/\/www.sonoraenequipo.com.mx\/?s={search_term_string}\"},\"query-input\":{\"@type\":\"PropertyValueSpecification\",\"valueRequired\":true,\"valueName\":\"search_term_string\"}}],\"inLanguage\":\"es\"},{\"@type\":\"Organization\",\"@id\":\"https:\/\/www.sonoraenequipo.com.mx\/#organization\",\"name\":\"Sonoraenequipo.com.mx\",\"url\":\"https:\/\/www.sonoraenequipo.com.mx\/\",\"logo\":{\"@type\":\"ImageObject\",\"inLanguage\":\"es\",\"@id\":\"https:\/\/www.sonoraenequipo.com.mx\/#\/schema\/logo\/image\/\",\"url\":\"https:\/\/www.sonoraenequipo.com.mx\/storage\/2019\/01\/sonoraenequipo_opt.png\",\"contentUrl\":\"https:\/\/www.sonoraenequipo.com.mx\/storage\/2019\/01\/sonoraenequipo_opt.png\",\"width\":375,\"height\":125,\"caption\":\"Sonoraenequipo.com.mx\"},\"image\":{\"@id\":\"https:\/\/www.sonoraenequipo.com.mx\/#\/schema\/logo\/image\/\"},\"sameAs\":[\"https:\/\/www.facebook.com\/SonoraEE\/\",\"https:\/\/x.com\/sonoraenequipo\",\"https:\/\/www.youtube.com\/channel\/UC338nW-lPEYmJQs4ZABQ1SQ\"]},{\"@type\":\"Person\",\"@id\":\"https:\/\/www.sonoraenequipo.com.mx\/#\/schema\/person\/50102df0fb23a8fa9e8effad8fa81386\",\"name\":\"enequipo\",\"image\":{\"@type\":\"ImageObject\",\"inLanguage\":\"es\",\"@id\":\"https:\/\/www.sonoraenequipo.com.mx\/#\/schema\/person\/image\/\",\"url\":\"https:\/\/secure.gravatar.com\/avatar\/049821681b589dabc0bc20695993ccebb09f5b5d4d790cd9251b97faac7c652b?s=96&d=blank&r=g\",\"contentUrl\":\"https:\/\/secure.gravatar.com\/avatar\/049821681b589dabc0bc20695993ccebb09f5b5d4d790cd9251b97faac7c652b?s=96&d=blank&r=g\",\"caption\":\"enequipo\"},\"sameAs\":[\"https:\/\/www.facebook.com\/SonoraEE\"]}]}<\/script>\n ","yoast_head_json":{"title":"Sonora en Equipo. Noruega ve \u201creuniones constructivas\u201d en M\u00e9xico entre gobierno y oposici\u00f3n de Venezuela MUNDO","description":"Los actores del di\u00e1logo se reunir\u00e1n de nuevo del 3 al 6 de septiembre CIUDAD DE M\u00c9XICO.MX. \u2014 La canciller\u00eda de Noruega dijo este domingo que ha habido En Sonora en Equipo publicamos toda la informaci\u00f3n de Sonora, M\u00e9xico y el Mundo de manera oportuna y busca que la libertad de expresi\u00f3n sea real. Visita nuestro medio informativo publicado desde Hermosillo, Sonora. %","robots":{"index":"index","follow":"follow","max-snippet":"max-snippet:-1","max-image-preview":"max-image-preview:large","max-video-preview":"max-video-preview:-1"},"canonical":"https:\/\/www.sonoraenequipo.com.mx\/noruega-ve-reuniones-constructivas-en-mexico-entre-gobierno-y-oposicion-de-venezuela\/","og_locale":"es_ES","og_type":"article","og_title":"Sonora en Equipo. Noruega ve \u201creuniones constructivas\u201d en M\u00e9xico entre gobierno y oposici\u00f3n de Venezuela MUNDO","og_description":"Los actores del di\u00e1logo se reunir\u00e1n de nuevo del 3 al 6 de septiembre CIUDAD DE M\u00c9XICO.MX. \u2014 La canciller\u00eda de Noruega dijo este domingo que ha habido En Sonora en Equipo publicamos toda la informaci\u00f3n de Sonora, M\u00e9xico y el Mundo de manera oportuna y busca que la libertad de expresi\u00f3n sea real. Visita nuestro medio informativo publicado desde Hermosillo, Sonora. %","og_url":"https:\/\/www.sonoraenequipo.com.mx\/noruega-ve-reuniones-constructivas-en-mexico-entre-gobierno-y-oposicion-de-venezuela\/","og_site_name":"Sonora en Equipo.","article_publisher":"https:\/\/www.facebook.com\/SonoraEE\/","article_author":"https:\/\/www.facebook.com\/SonoraEE","article_published_time":"2021-08-15T22:28:53+00:00","article_modified_time":"2021-08-16T04:07:53+00:00","og_image":[{"width":700,"height":400,"url":"https:\/\/www.sonoraenequipo.com.mx\/storage\/2021\/08\/negocacion-venezuela-_opt.jpg","type":"image\/jpeg"}],"author":"enequipo","twitter_card":"summary_large_image","twitter_creator":"@sonoraenequipo","twitter_site":"@sonoraenequipo","twitter_misc":{"Escrito por":"enequipo","Tiempo de lectura":"2 minutos"},"schema":{"@context":"https:\/\/schema.org","@graph":[{"@type":"Article","@id":"https:\/\/www.sonoraenequipo.com.mx\/noruega-ve-reuniones-constructivas-en-mexico-entre-gobierno-y-oposicion-de-venezuela\/#article","isPartOf":{"@id":"https:\/\/www.sonoraenequipo.com.mx\/noruega-ve-reuniones-constructivas-en-mexico-entre-gobierno-y-oposicion-de-venezuela\/"},"author":{"name":"enequipo","@id":"https:\/\/www.sonoraenequipo.com.mx\/#\/schema\/person\/50102df0fb23a8fa9e8effad8fa81386"},"headline":"Noruega ve \u201creuniones constructivas\u201d en M\u00e9xico entre gobierno y oposici\u00f3n de Venezuela","datePublished":"2021-08-15T22:28:53+00:00","dateModified":"2021-08-16T04:07:53+00:00","mainEntityOfPage":{"@id":"https:\/\/www.sonoraenequipo.com.mx\/noruega-ve-reuniones-constructivas-en-mexico-entre-gobierno-y-oposicion-de-venezuela\/"},"wordCount":476,"commentCount":0,"publisher":{"@id":"https:\/\/www.sonoraenequipo.com.mx\/#organization"},"image":{"@id":"https:\/\/www.sonoraenequipo.com.mx\/noruega-ve-reuniones-constructivas-en-mexico-entre-gobierno-y-oposicion-de-venezuela\/#primaryimage"},"thumbnailUrl":"https:\/\/www.sonoraenequipo.com.mx\/storage\/2021\/08\/negocacion-venezuela-_opt.jpg","articleSection":["MUNDO"],"inLanguage":"es","potentialAction":[{"@type":"CommentAction","name":"Comment","target":["https:\/\/www.sonoraenequipo.com.mx\/noruega-ve-reuniones-constructivas-en-mexico-entre-gobierno-y-oposicion-de-venezuela\/#respond"]}]},{"@type":"WebPage","@id":"https:\/\/www.sonoraenequipo.com.mx\/noruega-ve-reuniones-constructivas-en-mexico-entre-gobierno-y-oposicion-de-venezuela\/","url":"https:\/\/www.sonoraenequipo.com.mx\/noruega-ve-reuniones-constructivas-en-mexico-entre-gobierno-y-oposicion-de-venezuela\/","name":"Sonora en Equipo. Noruega ve \u201creuniones constructivas\u201d en M\u00e9xico entre gobierno y oposici\u00f3n de Venezuela MUNDO","isPartOf":{"@id":"https:\/\/www.sonoraenequipo.com.mx\/#website"},"primaryImageOfPage":{"@id":"https:\/\/www.sonoraenequipo.com.mx\/noruega-ve-reuniones-constructivas-en-mexico-entre-gobierno-y-oposicion-de-venezuela\/#primaryimage"},"image":{"@id":"https:\/\/www.sonoraenequipo.com.mx\/noruega-ve-reuniones-constructivas-en-mexico-entre-gobierno-y-oposicion-de-venezuela\/#primaryimage"},"thumbnailUrl":"https:\/\/www.sonoraenequipo.com.mx\/storage\/2021\/08\/negocacion-venezuela-_opt.jpg","datePublished":"2021-08-15T22:28:53+00:00","dateModified":"2021-08-16T04:07:53+00:00","description":"Los actores del di\u00e1logo se reunir\u00e1n de nuevo del 3 al 6 de septiembre CIUDAD DE M\u00c9XICO.MX. \u2014 La canciller\u00eda de Noruega dijo este domingo que ha habido En Sonora en Equipo publicamos toda la informaci\u00f3n de Sonora, M\u00e9xico y el Mundo de manera oportuna y busca que la libertad de expresi\u00f3n sea real. Visita nuestro medio informativo publicado desde Hermosillo, Sonora. %","breadcrumb":{"@id":"https:\/\/www.sonoraenequipo.com.mx\/noruega-ve-reuniones-constructivas-en-mexico-entre-gobierno-y-oposicion-de-venezuela\/#breadcrumb"},"inLanguage":"es","potentialAction":[{"@type":"ReadAction","target":["https:\/\/www.sonoraenequipo.com.mx\/noruega-ve-reuniones-constructivas-en-mexico-entre-gobierno-y-oposicion-de-venezuela\/"]}]},{"@type":"ImageObject","inLanguage":"es","@id":"https:\/\/www.sonoraenequipo.com.mx\/noruega-ve-reuniones-constructivas-en-mexico-entre-gobierno-y-oposicion-de-venezuela\/#primaryimage","url":"https:\/\/www.sonoraenequipo.com.mx\/storage\/2021\/08\/negocacion-venezuela-_opt.jpg","contentUrl":"https:\/\/www.sonoraenequipo.com.mx\/storage\/2021\/08\/negocacion-venezuela-_opt.jpg","width":700,"height":400},{"@type":"BreadcrumbList","@id":"https:\/\/www.sonoraenequipo.com.mx\/noruega-ve-reuniones-constructivas-en-mexico-entre-gobierno-y-oposicion-de-venezuela\/#breadcrumb","itemListElement":[{"@type":"ListItem","position":1,"name":"Portada","item":"https:\/\/www.sonoraenequipo.com.mx\/"},{"@type":"ListItem","position":2,"name":"Noruega ve \u201creuniones constructivas\u201d en M\u00e9xico entre gobierno y oposici\u00f3n de Venezuela"}]},{"@type":"WebSite","@id":"https:\/\/www.sonoraenequipo.com.mx\/#website","url":"https:\/\/www.sonoraenequipo.com.mx\/","name":"Sonora en Equipo.","description":"Diario en l\u00ednea con Noticias desde Hermosillo, Sonora","publisher":{"@id":"https:\/\/www.sonoraenequipo.com.mx\/#organization"},"potentialAction":[{"@type":"SearchAction","target":{"@type":"EntryPoint","urlTemplate":"https:\/\/www.sonoraenequipo.com.mx\/?s={search_term_string}"},"query-input":{"@type":"PropertyValueSpecification","valueRequired":true,"valueName":"search_term_string"}}],"inLanguage":"es"},{"@type":"Organization","@id":"https:\/\/www.sonoraenequipo.com.mx\/#organization","name":"Sonoraenequipo.com.mx","url":"https:\/\/www.sonoraenequipo.com.mx\/","logo":{"@type":"ImageObject","inLanguage":"es","@id":"https:\/\/www.sonoraenequipo.com.mx\/#\/schema\/logo\/image\/","url":"https:\/\/www.sonoraenequipo.com.mx\/storage\/2019\/01\/sonoraenequipo_opt.png","contentUrl":"https:\/\/www.sonoraenequipo.com.mx\/storage\/2019\/01\/sonoraenequipo_opt.png","width":375,"height":125,"caption":"Sonoraenequipo.com.mx"},"image":{"@id":"https:\/\/www.sonoraenequipo.com.mx\/#\/schema\/logo\/image\/"},"sameAs":["https:\/\/www.facebook.com\/SonoraEE\/","https:\/\/x.com\/sonoraenequipo","https:\/\/www.youtube.com\/channel\/UC338nW-lPEYmJQs4ZABQ1SQ"]},{"@type":"Person","@id":"https:\/\/www.sonoraenequipo.com.mx\/#\/schema\/person\/50102df0fb23a8fa9e8effad8fa81386","name":"enequipo","image":{"@type":"ImageObject","inLanguage":"es","@id":"https:\/\/www.sonoraenequipo.com.mx\/#\/schema\/person\/image\/","url":"https:\/\/secure.gravatar.com\/avatar\/049821681b589dabc0bc20695993ccebb09f5b5d4d790cd9251b97faac7c652b?s=96&d=blank&r=g","contentUrl":"https:\/\/secure.gravatar.com\/avatar\/049821681b589dabc0bc20695993ccebb09f5b5d4d790cd9251b97faac7c652b?s=96&d=blank&r=g","caption":"enequipo"},"sameAs":["https:\/\/www.facebook.com\/SonoraEE"]}]}},"jetpack_featured_media_url":"https:\/\/www.sonoraenequipo.com.mx\/storage\/2021\/08\/negocacion-venezuela-_opt.jpg","_links":{"self":[{"href":"https:\/\/www.sonoraenequipo.com.mx\/api\/wp\/v2\/posts\/120647","targetHints":{"allow":["GET"]}}],"collection":[{"href":"https:\/\/www.sonoraenequipo.com.mx\/api\/wp\/v2\/posts"}],"about":[{"href":"https:\/\/www.sonoraenequipo.com.mx\/api\/wp\/v2\/types\/post"}],"author":[{"embeddable":true,"href":"https:\/\/www.sonoraenequipo.com.mx\/api\/wp\/v2\/users\/1"}],"replies":[{"embeddable":true,"href":"https:\/\/www.sonoraenequipo.com.mx\/api\/wp\/v2\/comments?post=120647"}],"version-history":[{"count":2,"href":"https:\/\/www.sonoraenequipo.com.mx\/api\/wp\/v2\/posts\/120647\/revisions"}],"predecessor-version":[{"id":120654,"href":"https:\/\/www.sonoraenequipo.com.mx\/api\/wp\/v2\/posts\/120647\/revisions\/120654"}],"wp:featuredmedia":[{"embeddable":true,"href":"https:\/\/www.sonoraenequipo.com.mx\/api\/wp\/v2\/media\/120648"}],"wp:attachment":[{"href":"https:\/\/www.sonoraenequipo.com.mx\/api\/wp\/v2\/media?parent=120647"}],"wp:term":[{"taxonomy":"category","embeddable":true,"href":"https:\/\/www.sonoraenequipo.com.mx\/api\/wp\/v2\/categories?post=120647"},{"taxonomy":"post_tag","embeddable":true,"href":"https:\/\/www.sonoraenequipo.com.mx\/api\/wp\/v2\/tags?post=120647"}],"curies":[{"name":"wp","href":"https:\/\/api.w.org\/{rel}","templated":true}]}}