{"id":120655,"date":"2021-08-15T20:08:31","date_gmt":"2021-08-16T03:08:31","guid":{"rendered":"https:\/\/www.sonoraenequipo.com.mx\/?p=120655"},"modified":"2021-08-15T21:17:07","modified_gmt":"2021-08-16T04:17:07","slug":"sube-a-mas-de-1-mil-300-los-fallecidos-por-sismo-de-haiti","status":"publish","type":"post","link":"https:\/\/www.sonoraenequipo.com.mx\/sube-a-mas-de-1-mil-300-los-fallecidos-por-sismo-de-haiti\/","title":{"rendered":"Sube a m\u00e1s de 1 mil 300 los fallecidos por sismo de Hait\u00ed"},"content":{"rendered":"<p>LOS CAYOS, HAIT\u00cd. \u2014 El n\u00famero de muertos en el poderoso terremoto de Hait\u00ed se dispar\u00f3 a casi 1 mil 300 el domingo mientras cuadrillas excavaban desesperadamente en edificios derrumbados en busca de sobrevivientes.<\/p>\n<p>&nbsp;<\/p>\n<p> <\/p>\n<p>&nbsp;<\/p>\n<p><em><strong>\u201cLa cantidad de personas muertas por el terremoto subi\u00f3 a 1 mil 297 el 15 de agosto\u201d,<\/strong> <\/em>dijo el servicio que poco antes hab\u00eda reportado 724 decesos. Tambi\u00e9n actualiz\u00f3 a m\u00e1s de 5 mil 700 la cantidad heridos que era de 2 mil 800.<\/p>\n<p>&nbsp;<\/p>\n<p>Tras una angustiosa noche de r\u00e9plicas, m\u00e1quinas pesadas, camiones y retroexcavadoras se dedicaron a trasladar losas de cemento de los edificios derrumbados en la localidad de Los Cayos, cerca del epicentro del terremoto.<\/p>\n<p>&nbsp;<\/p>\n<p>El sismo de magnitud 7.2 se produjo el s\u00e1bado a las 08H29 (12H29 GMT) a unos 160 km de la capital haitiana, Puerto Pr\u00edncipe.<\/p>\n<p>&nbsp;<\/p>\n<p>De la casa de dos plantas de Marcel Fran\u00e7ois, en Los Cayos, solo quedan ruinas.<\/p>\n<p>&nbsp;<\/p>\n<p><em>\u201cEs por gracia de Dios y tambi\u00e9n gracias a mi tel\u00e9fono que estoy vivo, porque pude avisar a la gente de fuera d\u00f3nde me encontraba\u201d,<\/em> dijo a la AFP el joven de 30 a\u00f1os.<\/p>\n<p>&nbsp;<\/p>\n<p>Su hermano menor, Job, y los vecinos pasaron m\u00e1s de tres horas sac\u00e1ndolo de los escombros sin m\u00e1s herramientas que sus brazos.<\/p>\n<p>&nbsp;<\/p>\n<p>&nbsp;<\/p>\n<p><em>\u201cIba en el autob\u00fas al trabajo cuando ocurri\u00f3 el terremoto. Pude localizar a Marcel por tel\u00e9fono, pero me dijo \u2018ven a salvarme, estoy bajo el cemento&#8217;\u201d,<\/em> cuenta Job Fran\u00e7ois.<\/p>\n<p>&nbsp;<\/p>\n<p>&nbsp;<\/p>\n<p>Tras ser rescatado de entre los bloques de hormig\u00f3n y los muebles rotos, con heridas en la cabeza, Marcel Fran\u00e7ois fue trasladado inmediatamente al hospital en estado de shock, ya que no ten\u00eda noticias de su hija de 10 meses, que segu\u00eda atrapada entre las ruinas.<\/p>\n<p>&nbsp;<\/p>\n<p>&nbsp;<\/p>\n<p><em>\u201cPens\u00e9 que mi hija estaba muerta. Cuando llegu\u00e9 al hospital estaba llorando, estaba resignado\u201d,<\/em> cuenta, conmovido, este hombre de 30 a\u00f1os.<\/p>\n<p>&nbsp;<\/p>\n<p>&nbsp;<\/p>\n<p>Gracias al trabajo en equipo de los residentes y de su t\u00edo, la peque\u00f1a Ruth Marlee Alliyah Fran\u00e7ois fue sacada de la casa cuatro horas despu\u00e9s del terremoto.<\/p>\n<p>&nbsp;<\/p>\n<p>&nbsp;<\/p>\n<p>Marcel y Job Fran\u00e7ois esperan que los equipos profesionales les ayuden el domingo por la ma\u00f1ana a sacar de entre los escombros el cuerpo sin vida de su inquilina, una mujer de 27 a\u00f1os que viv\u00eda en la planta baja de la residencia y que muri\u00f3 a los pocos minutos del terremoto.<\/p>\n<h3>\nRescates bloqueados<\/h3>\n<p>&nbsp;<\/p>\n<p>Los esfuerzos para ayudar a las v\u00edctimas podr\u00edan verse obstaculizados a medida que se acerca la tormenta tropical Grace, con la posibilidad de que se produzcan lluvias torrenciales e inundaciones, seg\u00fan el Servicio Meteorol\u00f3gico Nacional de Estados Unidos.<\/p>\n<p>&nbsp;<\/p>\n<p>El Ministerio de Salud envi\u00f3 personal y medicamentos a la pen\u00ednsula del suroeste, pero la log\u00edstica de emergencia tambi\u00e9n se ve comprometida por la inseguridad que asola Hait\u00ed desde hace meses.<\/p>\n<p>&nbsp;<\/p>\n<p>La \u00fanica carretera que une la capital con la mitad sur atraviesa en poco m\u00e1s de dos kil\u00f3metros el barrio pobre de Martissant, que est\u00e1 bajo el control de bandas armadas desde principios de junio, impidiendo la libre circulaci\u00f3n.<\/p>\n<p>&nbsp;<\/p>\n<p>Los pocos hospitales de las zonas afectadas tienen dificultades para prestar atenci\u00f3n de urgencia.<\/p>\n<p>&nbsp;<\/p>\n<p>El papa Francisco expres\u00f3 el domingo su <em>\u201csolidaridad\u201d<\/em> con el pueblo de Hait\u00ed, diciendo que esperaba que la comunidad internacional se implicara en su favor.<\/p>\n<p>&nbsp;<\/p>\n<p>Muchos pa\u00edses, como <strong>Estados Unidos, Rep\u00fablica Dominicana, M\u00e9xico y Ecuador<\/strong>, ya han ofrecido su ayuda enviando personal, raciones de emergencia y equipos m\u00e9dicos.<\/p>\n<p>&nbsp;<\/p>\n<p>El primer ministro Ariel Henry, que declar\u00f3 el s\u00e1bado el estado de emergencia durante un mes en los cuatro departamentos afectados por la cat\u00e1strofe, agradeci\u00f3 el domingo a la comunidad internacional.<\/p>\n<p>&nbsp;<\/p>\n<p><em>\u201cQueremos dar una respuesta m\u00e1s adecuada que en 2010 tras el terremoto. Toda la ayuda que venga del exterior debe ser coordinada por la Direcci\u00f3n de Protecci\u00f3n Civil\u201d,<\/em> exigi\u00f3 el jefe del gobierno, al tiempo que llam\u00f3 a sus conciudadanos a la <em>\u201cunidad nacional\u201d. \u201cOlvidemos nuestras rencillas\u201d,<\/em> abog\u00f3.<\/p>\n<p>&nbsp;<\/p>\n<h3>\nEl trauma del sismo de 2010<\/h3>\n<p>&nbsp;<\/p>\n<p>El pa\u00eds m\u00e1s pobre de Am\u00e9rica a\u00fan guarda en la memoria el terremoto de magnitud 7 del 12 de enero de 2010, que dej\u00f3 gran parte de Puerto Pr\u00edncipe y las ciudades cercanas en ruinas polvorientas.<\/p>\n<p>&nbsp;<\/p>\n<p>M\u00e1s de 200 mil personas murieron y otras 300 mil resultaron heridas, mientras un mill\u00f3n y medio de haitianos se quedaron sin hogar.<\/p>\n<p>&nbsp;<\/p>\n<p>Los esfuerzos del pa\u00eds por recuperarse de la cat\u00e1strofe se vieron frenados por la grave inestabilidad pol\u00edtica.<\/p>\n<p>&nbsp;<\/p>\n<p>Once a\u00f1os despu\u00e9s, la isla sigue sumida en una aguda crisis sociopol\u00edtica, agravada por el asesinato del presidente Jovenel Moise el mes pasado.<\/p>\n<p>&nbsp;<\/p>\n<p>(Publicada el 15\/08\/2021 \/Con informaci\u00f3n de AFP)<\/p>\n","protected":false},"excerpt":{"rendered":"<p>LOS CAYOS, HAIT\u00cd. \u2014 El n\u00famero de muertos en el poderoso terremoto de Hait\u00ed se&#8230;<\/p>\n","protected":false},"author":1,"featured_media":120650,"comment_status":"open","ping_status":"open","sticky":false,"template":"","format":"standard","meta":{"_monsterinsights_skip_tracking":false,"_monsterinsights_sitenote_active":false,"_monsterinsights_sitenote_note":"","_monsterinsights_sitenote_category":0,"footnotes":""},"categories":[3],"tags":[],"class_list":["post"],"yoast_head":" \n<title>Sonora en Equipo. Sube a m\u00e1s de 1 mil 300 los fallecidos por sismo de Hait\u00ed MUNDO<\/title>\n<meta name=\"description\" content=\"LOS CAYOS, HAIT\u00cd. \u2014 El n\u00famero de muertos en el poderoso terremoto de Hait\u00ed se dispar\u00f3 a casi 1 mil 300 el domingo mientras cuadrillas excavaban En Sonora en Equipo publicamos toda la informaci\u00f3n de Sonora, M\u00e9xico y el Mundo de manera oportuna y busca que la libertad de expresi\u00f3n sea real. Visita nuestro medio informativo publicado desde Hermosillo, Sonora. %\" \/>\n<meta name=\"robots\" content=\"index, follow, max-snippet:-1, max-image-preview:large, max-video-preview:-1\" \/>\n<link rel=\"canonical\" href=\"https:\/\/www.sonoraenequipo.com.mx\/sube-a-mas-de-1-mil-300-los-fallecidos-por-sismo-de-haiti\/\" \/>\n<meta property=\"og:locale\" content=\"es_ES\" \/>\n<meta property=\"og:type\" content=\"article\" \/>\n<meta property=\"og:title\" content=\"Sonora en Equipo. Sube a m\u00e1s de 1 mil 300 los fallecidos por sismo de Hait\u00ed MUNDO\" \/>\n<meta property=\"og:description\" content=\"LOS CAYOS, HAIT\u00cd. \u2014 El n\u00famero de muertos en el poderoso terremoto de Hait\u00ed se dispar\u00f3 a casi 1 mil 300 el domingo mientras cuadrillas excavaban En Sonora en Equipo publicamos toda la informaci\u00f3n de Sonora, M\u00e9xico y el Mundo de manera oportuna y busca que la libertad de expresi\u00f3n sea real. Visita nuestro medio informativo publicado desde Hermosillo, Sonora. %\" \/>\n<meta property=\"og:url\" content=\"https:\/\/www.sonoraenequipo.com.mx\/sube-a-mas-de-1-mil-300-los-fallecidos-por-sismo-de-haiti\/\" \/>\n<meta property=\"og:site_name\" content=\"Sonora en Equipo.\" \/>\n<meta property=\"article:publisher\" content=\"https:\/\/www.facebook.com\/SonoraEE\/\" \/>\n<meta property=\"article:author\" content=\"https:\/\/www.facebook.com\/SonoraEE\" \/>\n<meta property=\"article:published_time\" content=\"2021-08-16T03:08:31+00:00\" \/>\n<meta property=\"article:modified_time\" content=\"2021-08-16T04:17:07+00:00\" \/>\n<meta property=\"og:image\" content=\"https:\/\/www.sonoraenequipo.com.mx\/storage\/2021\/08\/muertos-Haiti\u0301_opt.jpg\" \/>\n\t<meta property=\"og:image:width\" content=\"700\" \/>\n\t<meta property=\"og:image:height\" content=\"400\" \/>\n\t<meta property=\"og:image:type\" content=\"image\/jpeg\" \/>\n<meta name=\"author\" content=\"enequipo\" \/>\n<meta name=\"twitter:card\" content=\"summary_large_image\" \/>\n<meta name=\"twitter:creator\" content=\"@sonoraenequipo\" \/>\n<meta name=\"twitter:site\" content=\"@sonoraenequipo\" \/>\n<meta name=\"twitter:label1\" content=\"Escrito por\" \/>\n\t<meta name=\"twitter:data1\" content=\"enequipo\" \/>\n\t<meta name=\"twitter:label2\" content=\"Tiempo de lectura\" \/>\n\t<meta name=\"twitter:data2\" content=\"4 minutos\" \/>\n<script type=\"application\/ld+json\" class=\"yoast-schema-graph\">{\"@context\":\"https:\/\/schema.org\",\"@graph\":[{\"@type\":\"Article\",\"@id\":\"https:\/\/www.sonoraenequipo.com.mx\/sube-a-mas-de-1-mil-300-los-fallecidos-por-sismo-de-haiti\/#article\",\"isPartOf\":{\"@id\":\"https:\/\/www.sonoraenequipo.com.mx\/sube-a-mas-de-1-mil-300-los-fallecidos-por-sismo-de-haiti\/\"},\"author\":{\"name\":\"enequipo\",\"@id\":\"https:\/\/www.sonoraenequipo.com.mx\/#\/schema\/person\/50102df0fb23a8fa9e8effad8fa81386\"},\"headline\":\"Sube a m\u00e1s de 1 mil 300 los fallecidos por sismo de Hait\u00ed\",\"datePublished\":\"2021-08-16T03:08:31+00:00\",\"dateModified\":\"2021-08-16T04:17:07+00:00\",\"mainEntityOfPage\":{\"@id\":\"https:\/\/www.sonoraenequipo.com.mx\/sube-a-mas-de-1-mil-300-los-fallecidos-por-sismo-de-haiti\/\"},\"wordCount\":829,\"commentCount\":0,\"publisher\":{\"@id\":\"https:\/\/www.sonoraenequipo.com.mx\/#organization\"},\"image\":{\"@id\":\"https:\/\/www.sonoraenequipo.com.mx\/sube-a-mas-de-1-mil-300-los-fallecidos-por-sismo-de-haiti\/#primaryimage\"},\"thumbnailUrl\":\"https:\/\/www.sonoraenequipo.com.mx\/storage\/2021\/08\/muertos-Haiti\u0301_opt.jpg\",\"articleSection\":[\"MUNDO\"],\"inLanguage\":\"es\",\"potentialAction\":[{\"@type\":\"CommentAction\",\"name\":\"Comment\",\"target\":[\"https:\/\/www.sonoraenequipo.com.mx\/sube-a-mas-de-1-mil-300-los-fallecidos-por-sismo-de-haiti\/#respond\"]}]},{\"@type\":\"WebPage\",\"@id\":\"https:\/\/www.sonoraenequipo.com.mx\/sube-a-mas-de-1-mil-300-los-fallecidos-por-sismo-de-haiti\/\",\"url\":\"https:\/\/www.sonoraenequipo.com.mx\/sube-a-mas-de-1-mil-300-los-fallecidos-por-sismo-de-haiti\/\",\"name\":\"Sonora en Equipo. Sube a m\u00e1s de 1 mil 300 los fallecidos por sismo de Hait\u00ed MUNDO\",\"isPartOf\":{\"@id\":\"https:\/\/www.sonoraenequipo.com.mx\/#website\"},\"primaryImageOfPage\":{\"@id\":\"https:\/\/www.sonoraenequipo.com.mx\/sube-a-mas-de-1-mil-300-los-fallecidos-por-sismo-de-haiti\/#primaryimage\"},\"image\":{\"@id\":\"https:\/\/www.sonoraenequipo.com.mx\/sube-a-mas-de-1-mil-300-los-fallecidos-por-sismo-de-haiti\/#primaryimage\"},\"thumbnailUrl\":\"https:\/\/www.sonoraenequipo.com.mx\/storage\/2021\/08\/muertos-Haiti\u0301_opt.jpg\",\"datePublished\":\"2021-08-16T03:08:31+00:00\",\"dateModified\":\"2021-08-16T04:17:07+00:00\",\"description\":\"LOS CAYOS, HAIT\u00cd. \u2014 El n\u00famero de muertos en el poderoso terremoto de Hait\u00ed se dispar\u00f3 a casi 1 mil 300 el domingo mientras cuadrillas excavaban En Sonora en Equipo publicamos toda la informaci\u00f3n de Sonora, M\u00e9xico y el Mundo de manera oportuna y busca que la libertad de expresi\u00f3n sea real. Visita nuestro medio informativo publicado desde Hermosillo, Sonora. %\",\"breadcrumb\":{\"@id\":\"https:\/\/www.sonoraenequipo.com.mx\/sube-a-mas-de-1-mil-300-los-fallecidos-por-sismo-de-haiti\/#breadcrumb\"},\"inLanguage\":\"es\",\"potentialAction\":[{\"@type\":\"ReadAction\",\"target\":[\"https:\/\/www.sonoraenequipo.com.mx\/sube-a-mas-de-1-mil-300-los-fallecidos-por-sismo-de-haiti\/\"]}]},{\"@type\":\"ImageObject\",\"inLanguage\":\"es\",\"@id\":\"https:\/\/www.sonoraenequipo.com.mx\/sube-a-mas-de-1-mil-300-los-fallecidos-por-sismo-de-haiti\/#primaryimage\",\"url\":\"https:\/\/www.sonoraenequipo.com.mx\/storage\/2021\/08\/muertos-Haiti\u0301_opt.jpg\",\"contentUrl\":\"https:\/\/www.sonoraenequipo.com.mx\/storage\/2021\/08\/muertos-Haiti\u0301_opt.jpg\",\"width\":700,\"height\":400},{\"@type\":\"BreadcrumbList\",\"@id\":\"https:\/\/www.sonoraenequipo.com.mx\/sube-a-mas-de-1-mil-300-los-fallecidos-por-sismo-de-haiti\/#breadcrumb\",\"itemListElement\":[{\"@type\":\"ListItem\",\"position\":1,\"name\":\"Portada\",\"item\":\"https:\/\/www.sonoraenequipo.com.mx\/\"},{\"@type\":\"ListItem\",\"position\":2,\"name\":\"Sube a m\u00e1s de 1 mil 300 los fallecidos por sismo de Hait\u00ed\"}]},{\"@type\":\"WebSite\",\"@id\":\"https:\/\/www.sonoraenequipo.com.mx\/#website\",\"url\":\"https:\/\/www.sonoraenequipo.com.mx\/\",\"name\":\"Sonora en Equipo.\",\"description\":\"Diario en l\u00ednea con Noticias desde Hermosillo, Sonora\",\"publisher\":{\"@id\":\"https:\/\/www.sonoraenequipo.com.mx\/#organization\"},\"potentialAction\":[{\"@type\":\"SearchAction\",\"target\":{\"@type\":\"EntryPoint\",\"urlTemplate\":\"https:\/\/www.sonoraenequipo.com.mx\/?s={search_term_string}\"},\"query-input\":{\"@type\":\"PropertyValueSpecification\",\"valueRequired\":true,\"valueName\":\"search_term_string\"}}],\"inLanguage\":\"es\"},{\"@type\":\"Organization\",\"@id\":\"https:\/\/www.sonoraenequipo.com.mx\/#organization\",\"name\":\"Sonoraenequipo.com.mx\",\"url\":\"https:\/\/www.sonoraenequipo.com.mx\/\",\"logo\":{\"@type\":\"ImageObject\",\"inLanguage\":\"es\",\"@id\":\"https:\/\/www.sonoraenequipo.com.mx\/#\/schema\/logo\/image\/\",\"url\":\"https:\/\/www.sonoraenequipo.com.mx\/storage\/2019\/01\/sonoraenequipo_opt.png\",\"contentUrl\":\"https:\/\/www.sonoraenequipo.com.mx\/storage\/2019\/01\/sonoraenequipo_opt.png\",\"width\":375,\"height\":125,\"caption\":\"Sonoraenequipo.com.mx\"},\"image\":{\"@id\":\"https:\/\/www.sonoraenequipo.com.mx\/#\/schema\/logo\/image\/\"},\"sameAs\":[\"https:\/\/www.facebook.com\/SonoraEE\/\",\"https:\/\/x.com\/sonoraenequipo\",\"https:\/\/www.youtube.com\/channel\/UC338nW-lPEYmJQs4ZABQ1SQ\"]},{\"@type\":\"Person\",\"@id\":\"https:\/\/www.sonoraenequipo.com.mx\/#\/schema\/person\/50102df0fb23a8fa9e8effad8fa81386\",\"name\":\"enequipo\",\"image\":{\"@type\":\"ImageObject\",\"inLanguage\":\"es\",\"@id\":\"https:\/\/www.sonoraenequipo.com.mx\/#\/schema\/person\/image\/\",\"url\":\"https:\/\/secure.gravatar.com\/avatar\/049821681b589dabc0bc20695993ccebb09f5b5d4d790cd9251b97faac7c652b?s=96&d=blank&r=g\",\"contentUrl\":\"https:\/\/secure.gravatar.com\/avatar\/049821681b589dabc0bc20695993ccebb09f5b5d4d790cd9251b97faac7c652b?s=96&d=blank&r=g\",\"caption\":\"enequipo\"},\"sameAs\":[\"https:\/\/www.facebook.com\/SonoraEE\"]}]}<\/script>\n ","yoast_head_json":{"title":"Sonora en Equipo. Sube a m\u00e1s de 1 mil 300 los fallecidos por sismo de Hait\u00ed MUNDO","description":"LOS CAYOS, HAIT\u00cd. \u2014 El n\u00famero de muertos en el poderoso terremoto de Hait\u00ed se dispar\u00f3 a casi 1 mil 300 el domingo mientras cuadrillas excavaban En Sonora en Equipo publicamos toda la informaci\u00f3n de Sonora, M\u00e9xico y el Mundo de manera oportuna y busca que la libertad de expresi\u00f3n sea real. Visita nuestro medio informativo publicado desde Hermosillo, Sonora. %","robots":{"index":"index","follow":"follow","max-snippet":"max-snippet:-1","max-image-preview":"max-image-preview:large","max-video-preview":"max-video-preview:-1"},"canonical":"https:\/\/www.sonoraenequipo.com.mx\/sube-a-mas-de-1-mil-300-los-fallecidos-por-sismo-de-haiti\/","og_locale":"es_ES","og_type":"article","og_title":"Sonora en Equipo. Sube a m\u00e1s de 1 mil 300 los fallecidos por sismo de Hait\u00ed MUNDO","og_description":"LOS CAYOS, HAIT\u00cd. \u2014 El n\u00famero de muertos en el poderoso terremoto de Hait\u00ed se dispar\u00f3 a casi 1 mil 300 el domingo mientras cuadrillas excavaban En Sonora en Equipo publicamos toda la informaci\u00f3n de Sonora, M\u00e9xico y el Mundo de manera oportuna y busca que la libertad de expresi\u00f3n sea real. Visita nuestro medio informativo publicado desde Hermosillo, Sonora. %","og_url":"https:\/\/www.sonoraenequipo.com.mx\/sube-a-mas-de-1-mil-300-los-fallecidos-por-sismo-de-haiti\/","og_site_name":"Sonora en Equipo.","article_publisher":"https:\/\/www.facebook.com\/SonoraEE\/","article_author":"https:\/\/www.facebook.com\/SonoraEE","article_published_time":"2021-08-16T03:08:31+00:00","article_modified_time":"2021-08-16T04:17:07+00:00","og_image":[{"width":700,"height":400,"url":"https:\/\/www.sonoraenequipo.com.mx\/storage\/2021\/08\/muertos-Haiti\u0301_opt.jpg","type":"image\/jpeg"}],"author":"enequipo","twitter_card":"summary_large_image","twitter_creator":"@sonoraenequipo","twitter_site":"@sonoraenequipo","twitter_misc":{"Escrito por":"enequipo","Tiempo de lectura":"4 minutos"},"schema":{"@context":"https:\/\/schema.org","@graph":[{"@type":"Article","@id":"https:\/\/www.sonoraenequipo.com.mx\/sube-a-mas-de-1-mil-300-los-fallecidos-por-sismo-de-haiti\/#article","isPartOf":{"@id":"https:\/\/www.sonoraenequipo.com.mx\/sube-a-mas-de-1-mil-300-los-fallecidos-por-sismo-de-haiti\/"},"author":{"name":"enequipo","@id":"https:\/\/www.sonoraenequipo.com.mx\/#\/schema\/person\/50102df0fb23a8fa9e8effad8fa81386"},"headline":"Sube a m\u00e1s de 1 mil 300 los fallecidos por sismo de Hait\u00ed","datePublished":"2021-08-16T03:08:31+00:00","dateModified":"2021-08-16T04:17:07+00:00","mainEntityOfPage":{"@id":"https:\/\/www.sonoraenequipo.com.mx\/sube-a-mas-de-1-mil-300-los-fallecidos-por-sismo-de-haiti\/"},"wordCount":829,"commentCount":0,"publisher":{"@id":"https:\/\/www.sonoraenequipo.com.mx\/#organization"},"image":{"@id":"https:\/\/www.sonoraenequipo.com.mx\/sube-a-mas-de-1-mil-300-los-fallecidos-por-sismo-de-haiti\/#primaryimage"},"thumbnailUrl":"https:\/\/www.sonoraenequipo.com.mx\/storage\/2021\/08\/muertos-Haiti\u0301_opt.jpg","articleSection":["MUNDO"],"inLanguage":"es","potentialAction":[{"@type":"CommentAction","name":"Comment","target":["https:\/\/www.sonoraenequipo.com.mx\/sube-a-mas-de-1-mil-300-los-fallecidos-por-sismo-de-haiti\/#respond"]}]},{"@type":"WebPage","@id":"https:\/\/www.sonoraenequipo.com.mx\/sube-a-mas-de-1-mil-300-los-fallecidos-por-sismo-de-haiti\/","url":"https:\/\/www.sonoraenequipo.com.mx\/sube-a-mas-de-1-mil-300-los-fallecidos-por-sismo-de-haiti\/","name":"Sonora en Equipo. Sube a m\u00e1s de 1 mil 300 los fallecidos por sismo de Hait\u00ed MUNDO","isPartOf":{"@id":"https:\/\/www.sonoraenequipo.com.mx\/#website"},"primaryImageOfPage":{"@id":"https:\/\/www.sonoraenequipo.com.mx\/sube-a-mas-de-1-mil-300-los-fallecidos-por-sismo-de-haiti\/#primaryimage"},"image":{"@id":"https:\/\/www.sonoraenequipo.com.mx\/sube-a-mas-de-1-mil-300-los-fallecidos-por-sismo-de-haiti\/#primaryimage"},"thumbnailUrl":"https:\/\/www.sonoraenequipo.com.mx\/storage\/2021\/08\/muertos-Haiti\u0301_opt.jpg","datePublished":"2021-08-16T03:08:31+00:00","dateModified":"2021-08-16T04:17:07+00:00","description":"LOS CAYOS, HAIT\u00cd. \u2014 El n\u00famero de muertos en el poderoso terremoto de Hait\u00ed se dispar\u00f3 a casi 1 mil 300 el domingo mientras cuadrillas excavaban En Sonora en Equipo publicamos toda la informaci\u00f3n de Sonora, M\u00e9xico y el Mundo de manera oportuna y busca que la libertad de expresi\u00f3n sea real. Visita nuestro medio informativo publicado desde Hermosillo, Sonora. %","breadcrumb":{"@id":"https:\/\/www.sonoraenequipo.com.mx\/sube-a-mas-de-1-mil-300-los-fallecidos-por-sismo-de-haiti\/#breadcrumb"},"inLanguage":"es","potentialAction":[{"@type":"ReadAction","target":["https:\/\/www.sonoraenequipo.com.mx\/sube-a-mas-de-1-mil-300-los-fallecidos-por-sismo-de-haiti\/"]}]},{"@type":"ImageObject","inLanguage":"es","@id":"https:\/\/www.sonoraenequipo.com.mx\/sube-a-mas-de-1-mil-300-los-fallecidos-por-sismo-de-haiti\/#primaryimage","url":"https:\/\/www.sonoraenequipo.com.mx\/storage\/2021\/08\/muertos-Haiti\u0301_opt.jpg","contentUrl":"https:\/\/www.sonoraenequipo.com.mx\/storage\/2021\/08\/muertos-Haiti\u0301_opt.jpg","width":700,"height":400},{"@type":"BreadcrumbList","@id":"https:\/\/www.sonoraenequipo.com.mx\/sube-a-mas-de-1-mil-300-los-fallecidos-por-sismo-de-haiti\/#breadcrumb","itemListElement":[{"@type":"ListItem","position":1,"name":"Portada","item":"https:\/\/www.sonoraenequipo.com.mx\/"},{"@type":"ListItem","position":2,"name":"Sube a m\u00e1s de 1 mil 300 los fallecidos por sismo de Hait\u00ed"}]},{"@type":"WebSite","@id":"https:\/\/www.sonoraenequipo.com.mx\/#website","url":"https:\/\/www.sonoraenequipo.com.mx\/","name":"Sonora en Equipo.","description":"Diario en l\u00ednea con Noticias desde Hermosillo, Sonora","publisher":{"@id":"https:\/\/www.sonoraenequipo.com.mx\/#organization"},"potentialAction":[{"@type":"SearchAction","target":{"@type":"EntryPoint","urlTemplate":"https:\/\/www.sonoraenequipo.com.mx\/?s={search_term_string}"},"query-input":{"@type":"PropertyValueSpecification","valueRequired":true,"valueName":"search_term_string"}}],"inLanguage":"es"},{"@type":"Organization","@id":"https:\/\/www.sonoraenequipo.com.mx\/#organization","name":"Sonoraenequipo.com.mx","url":"https:\/\/www.sonoraenequipo.com.mx\/","logo":{"@type":"ImageObject","inLanguage":"es","@id":"https:\/\/www.sonoraenequipo.com.mx\/#\/schema\/logo\/image\/","url":"https:\/\/www.sonoraenequipo.com.mx\/storage\/2019\/01\/sonoraenequipo_opt.png","contentUrl":"https:\/\/www.sonoraenequipo.com.mx\/storage\/2019\/01\/sonoraenequipo_opt.png","width":375,"height":125,"caption":"Sonoraenequipo.com.mx"},"image":{"@id":"https:\/\/www.sonoraenequipo.com.mx\/#\/schema\/logo\/image\/"},"sameAs":["https:\/\/www.facebook.com\/SonoraEE\/","https:\/\/x.com\/sonoraenequipo","https:\/\/www.youtube.com\/channel\/UC338nW-lPEYmJQs4ZABQ1SQ"]},{"@type":"Person","@id":"https:\/\/www.sonoraenequipo.com.mx\/#\/schema\/person\/50102df0fb23a8fa9e8effad8fa81386","name":"enequipo","image":{"@type":"ImageObject","inLanguage":"es","@id":"https:\/\/www.sonoraenequipo.com.mx\/#\/schema\/person\/image\/","url":"https:\/\/secure.gravatar.com\/avatar\/049821681b589dabc0bc20695993ccebb09f5b5d4d790cd9251b97faac7c652b?s=96&d=blank&r=g","contentUrl":"https:\/\/secure.gravatar.com\/avatar\/049821681b589dabc0bc20695993ccebb09f5b5d4d790cd9251b97faac7c652b?s=96&d=blank&r=g","caption":"enequipo"},"sameAs":["https:\/\/www.facebook.com\/SonoraEE"]}]}},"jetpack_featured_media_url":"https:\/\/www.sonoraenequipo.com.mx\/storage\/2021\/08\/muertos-Haiti\u0301_opt.jpg","_links":{"self":[{"href":"https:\/\/www.sonoraenequipo.com.mx\/api\/wp\/v2\/posts\/120655","targetHints":{"allow":["GET"]}}],"collection":[{"href":"https:\/\/www.sonoraenequipo.com.mx\/api\/wp\/v2\/posts"}],"about":[{"href":"https:\/\/www.sonoraenequipo.com.mx\/api\/wp\/v2\/types\/post"}],"author":[{"embeddable":true,"href":"https:\/\/www.sonoraenequipo.com.mx\/api\/wp\/v2\/users\/1"}],"replies":[{"embeddable":true,"href":"https:\/\/www.sonoraenequipo.com.mx\/api\/wp\/v2\/comments?post=120655"}],"version-history":[{"count":1,"href":"https:\/\/www.sonoraenequipo.com.mx\/api\/wp\/v2\/posts\/120655\/revisions"}],"predecessor-version":[{"id":120656,"href":"https:\/\/www.sonoraenequipo.com.mx\/api\/wp\/v2\/posts\/120655\/revisions\/120656"}],"wp:featuredmedia":[{"embeddable":true,"href":"https:\/\/www.sonoraenequipo.com.mx\/api\/wp\/v2\/media\/120650"}],"wp:attachment":[{"href":"https:\/\/www.sonoraenequipo.com.mx\/api\/wp\/v2\/media?parent=120655"}],"wp:term":[{"taxonomy":"category","embeddable":true,"href":"https:\/\/www.sonoraenequipo.com.mx\/api\/wp\/v2\/categories?post=120655"},{"taxonomy":"post_tag","embeddable":true,"href":"https:\/\/www.sonoraenequipo.com.mx\/api\/wp\/v2\/tags?post=120655"}],"curies":[{"name":"wp","href":"https:\/\/api.w.org\/{rel}","templated":true}]}}