{"id":120657,"date":"2021-08-15T19:48:05","date_gmt":"2021-08-16T02:48:05","guid":{"rendered":"https:\/\/www.sonoraenequipo.com.mx\/?p=120657"},"modified":"2021-08-15T21:32:20","modified_gmt":"2021-08-16T04:32:20","slug":"sale-de-mexico-segundo-avion-con-ayuda-humanitaria-hacia-haiti","status":"publish","type":"post","link":"https:\/\/www.sonoraenequipo.com.mx\/sale-de-mexico-segundo-avion-con-ayuda-humanitaria-hacia-haiti\/","title":{"rendered":"Sale de M\u00e9xico segundo avi\u00f3n con ayuda humanitaria hacia Hait\u00ed"},"content":{"rendered":"<p>CIUDAD DE M\u00c9XICO.MX. \u2014 Despeg\u00f3 desde M\u00e9xico el segundo avi\u00f3n con ayuda humanitaria hacia Hait\u00ed por el sismo magnitud 7.2 que dej\u00f3 hasta el momento mil 300 muertos y m\u00e1s de 5 mil personas heridas.<\/p>\n<p>&nbsp;<\/p>\n<p> <\/p>\n<p>&nbsp;<\/p>\n<p>A trav\u00e9s de su cuenta oficial de Twitter, el titular de la Secretar\u00eda de Relaciones Exteriores (SRE), Marcelo Ebrard, inform\u00f3 que la segunda carga con alimentos y equipo m\u00e9dico despeg\u00f3 por la tarde de este domingo en un avi\u00f3n de la Secretar\u00eda de Marina (Semar).<\/p>\n<p>&nbsp;<\/p>\n<p>Cabe se\u00f1alar que este mismo domingo, parti\u00f3 alrededor de las 14:00 horas el primer avi\u00f3n con v\u00edveres y medicamentos, como parte de la ayuda que el Gobierno de M\u00e9xico se comprometi\u00f3 a enviar por el terrible sismo.<\/p>\n<p>&nbsp;<\/p>\n<p>Cabe recordar que el s\u00e1bado, el presidente, Andr\u00e9s Manuel L\u00f3pez Obrador, orden\u00f3 a varias dependencias de su gobierno alistar ayuda inmediata para Hait\u00ed.<\/p>\n<p>&nbsp;<\/p>\n<p>Otros pa\u00edses de la regi\u00f3n como Chile, Per\u00fa y Argentina tambi\u00e9n se mostraron dispuestos a ayudar al pa\u00eds caribe\u00f1o.<\/p>\n<p>&nbsp;<\/p>\n<p>El gobierno de la vecina Rep\u00fablica Dominicana dispuso el env\u00edo de 10 mil raciones de alimentos y medicamentos, seg\u00fan un comunicado.<\/p>\n<p>&nbsp;<\/p>\n<p>&nbsp;<\/p>\n<p>Adem\u00e1s, los 253 m\u00e9dicos cubanos desplegados en Hait\u00ed se desplazaron a la zona del sismo para atender heridos y adecuar un hospital de Puerto Pr\u00edncipe hasta ahora utilizado para enfermos del covid-19, inform\u00f3 el jefe de esa brigada en la televisi\u00f3n cubana.<\/p>\n<p>&nbsp;<\/p>\n<p>&nbsp;<\/p>\n<p>(Publicada el 15\/08\/2021)<\/p>\n","protected":false},"excerpt":{"rendered":"<p>CIUDAD DE M\u00c9XICO.MX. \u2014 Despeg\u00f3 desde M\u00e9xico el segundo avi\u00f3n con ayuda humanitaria hacia Hait\u00ed&#8230;<\/p>\n","protected":false},"author":1,"featured_media":120651,"comment_status":"open","ping_status":"open","sticky":false,"template":"","format":"standard","meta":{"_monsterinsights_skip_tracking":false,"_monsterinsights_sitenote_active":false,"_monsterinsights_sitenote_note":"","_monsterinsights_sitenote_category":0,"footnotes":""},"categories":[3],"tags":[],"class_list":["post"],"yoast_head":" \n<title>Sonora en Equipo. Sale de M\u00e9xico segundo avi\u00f3n con ayuda humanitaria hacia Hait\u00ed MUNDO<\/title>\n<meta name=\"description\" content=\"CIUDAD DE M\u00c9XICO.MX. \u2014 Despeg\u00f3 desde M\u00e9xico el segundo avi\u00f3n con ayuda humanitaria hacia Hait\u00ed por el sismo magnitud 7.2 que dej\u00f3 hasta el momento mil 300 En Sonora en Equipo publicamos toda la informaci\u00f3n de Sonora, M\u00e9xico y el Mundo de manera oportuna y busca que la libertad de expresi\u00f3n sea real. Visita nuestro medio informativo publicado desde Hermosillo, Sonora. %\" \/>\n<meta name=\"robots\" content=\"index, follow, max-snippet:-1, max-image-preview:large, max-video-preview:-1\" \/>\n<link rel=\"canonical\" href=\"https:\/\/www.sonoraenequipo.com.mx\/sale-de-mexico-segundo-avion-con-ayuda-humanitaria-hacia-haiti\/\" \/>\n<meta property=\"og:locale\" content=\"es_ES\" \/>\n<meta property=\"og:type\" content=\"article\" \/>\n<meta property=\"og:title\" content=\"Sonora en Equipo. Sale de M\u00e9xico segundo avi\u00f3n con ayuda humanitaria hacia Hait\u00ed MUNDO\" \/>\n<meta property=\"og:description\" content=\"CIUDAD DE M\u00c9XICO.MX. \u2014 Despeg\u00f3 desde M\u00e9xico el segundo avi\u00f3n con ayuda humanitaria hacia Hait\u00ed por el sismo magnitud 7.2 que dej\u00f3 hasta el momento mil 300 En Sonora en Equipo publicamos toda la informaci\u00f3n de Sonora, M\u00e9xico y el Mundo de manera oportuna y busca que la libertad de expresi\u00f3n sea real. Visita nuestro medio informativo publicado desde Hermosillo, Sonora. %\" \/>\n<meta property=\"og:url\" content=\"https:\/\/www.sonoraenequipo.com.mx\/sale-de-mexico-segundo-avion-con-ayuda-humanitaria-hacia-haiti\/\" \/>\n<meta property=\"og:site_name\" content=\"Sonora en Equipo.\" \/>\n<meta property=\"article:publisher\" content=\"https:\/\/www.facebook.com\/SonoraEE\/\" \/>\n<meta property=\"article:author\" content=\"https:\/\/www.facebook.com\/SonoraEE\" \/>\n<meta property=\"article:published_time\" content=\"2021-08-16T02:48:05+00:00\" \/>\n<meta property=\"article:modified_time\" content=\"2021-08-16T04:32:20+00:00\" \/>\n<meta property=\"og:image\" content=\"https:\/\/www.sonoraenequipo.com.mx\/storage\/2021\/08\/avio\u0301n-ayuda-humanitaria-haiti\u0301_opt.jpg\" \/>\n\t<meta property=\"og:image:width\" content=\"700\" \/>\n\t<meta property=\"og:image:height\" content=\"400\" \/>\n\t<meta property=\"og:image:type\" content=\"image\/jpeg\" \/>\n<meta name=\"author\" content=\"enequipo\" \/>\n<meta name=\"twitter:card\" content=\"summary_large_image\" \/>\n<meta name=\"twitter:creator\" content=\"@sonoraenequipo\" \/>\n<meta name=\"twitter:site\" content=\"@sonoraenequipo\" \/>\n<meta name=\"twitter:label1\" content=\"Escrito por\" \/>\n\t<meta name=\"twitter:data1\" content=\"enequipo\" \/>\n\t<meta name=\"twitter:label2\" content=\"Tiempo de lectura\" \/>\n\t<meta name=\"twitter:data2\" content=\"1 minuto\" \/>\n<script type=\"application\/ld+json\" class=\"yoast-schema-graph\">{\"@context\":\"https:\/\/schema.org\",\"@graph\":[{\"@type\":\"Article\",\"@id\":\"https:\/\/www.sonoraenequipo.com.mx\/sale-de-mexico-segundo-avion-con-ayuda-humanitaria-hacia-haiti\/#article\",\"isPartOf\":{\"@id\":\"https:\/\/www.sonoraenequipo.com.mx\/sale-de-mexico-segundo-avion-con-ayuda-humanitaria-hacia-haiti\/\"},\"author\":{\"name\":\"enequipo\",\"@id\":\"https:\/\/www.sonoraenequipo.com.mx\/#\/schema\/person\/50102df0fb23a8fa9e8effad8fa81386\"},\"headline\":\"Sale de M\u00e9xico segundo avi\u00f3n con ayuda humanitaria hacia Hait\u00ed\",\"datePublished\":\"2021-08-16T02:48:05+00:00\",\"dateModified\":\"2021-08-16T04:32:20+00:00\",\"mainEntityOfPage\":{\"@id\":\"https:\/\/www.sonoraenequipo.com.mx\/sale-de-mexico-segundo-avion-con-ayuda-humanitaria-hacia-haiti\/\"},\"wordCount\":268,\"commentCount\":0,\"publisher\":{\"@id\":\"https:\/\/www.sonoraenequipo.com.mx\/#organization\"},\"image\":{\"@id\":\"https:\/\/www.sonoraenequipo.com.mx\/sale-de-mexico-segundo-avion-con-ayuda-humanitaria-hacia-haiti\/#primaryimage\"},\"thumbnailUrl\":\"https:\/\/www.sonoraenequipo.com.mx\/storage\/2021\/08\/avio\u0301n-ayuda-humanitaria-haiti\u0301_opt.jpg\",\"articleSection\":[\"MUNDO\"],\"inLanguage\":\"es\",\"potentialAction\":[{\"@type\":\"CommentAction\",\"name\":\"Comment\",\"target\":[\"https:\/\/www.sonoraenequipo.com.mx\/sale-de-mexico-segundo-avion-con-ayuda-humanitaria-hacia-haiti\/#respond\"]}]},{\"@type\":\"WebPage\",\"@id\":\"https:\/\/www.sonoraenequipo.com.mx\/sale-de-mexico-segundo-avion-con-ayuda-humanitaria-hacia-haiti\/\",\"url\":\"https:\/\/www.sonoraenequipo.com.mx\/sale-de-mexico-segundo-avion-con-ayuda-humanitaria-hacia-haiti\/\",\"name\":\"Sonora en Equipo. Sale de M\u00e9xico segundo avi\u00f3n con ayuda humanitaria hacia Hait\u00ed MUNDO\",\"isPartOf\":{\"@id\":\"https:\/\/www.sonoraenequipo.com.mx\/#website\"},\"primaryImageOfPage\":{\"@id\":\"https:\/\/www.sonoraenequipo.com.mx\/sale-de-mexico-segundo-avion-con-ayuda-humanitaria-hacia-haiti\/#primaryimage\"},\"image\":{\"@id\":\"https:\/\/www.sonoraenequipo.com.mx\/sale-de-mexico-segundo-avion-con-ayuda-humanitaria-hacia-haiti\/#primaryimage\"},\"thumbnailUrl\":\"https:\/\/www.sonoraenequipo.com.mx\/storage\/2021\/08\/avio\u0301n-ayuda-humanitaria-haiti\u0301_opt.jpg\",\"datePublished\":\"2021-08-16T02:48:05+00:00\",\"dateModified\":\"2021-08-16T04:32:20+00:00\",\"description\":\"CIUDAD DE M\u00c9XICO.MX. \u2014 Despeg\u00f3 desde M\u00e9xico el segundo avi\u00f3n con ayuda humanitaria hacia Hait\u00ed por el sismo magnitud 7.2 que dej\u00f3 hasta el momento mil 300 En Sonora en Equipo publicamos toda la informaci\u00f3n de Sonora, M\u00e9xico y el Mundo de manera oportuna y busca que la libertad de expresi\u00f3n sea real. Visita nuestro medio informativo publicado desde Hermosillo, Sonora. %\",\"breadcrumb\":{\"@id\":\"https:\/\/www.sonoraenequipo.com.mx\/sale-de-mexico-segundo-avion-con-ayuda-humanitaria-hacia-haiti\/#breadcrumb\"},\"inLanguage\":\"es\",\"potentialAction\":[{\"@type\":\"ReadAction\",\"target\":[\"https:\/\/www.sonoraenequipo.com.mx\/sale-de-mexico-segundo-avion-con-ayuda-humanitaria-hacia-haiti\/\"]}]},{\"@type\":\"ImageObject\",\"inLanguage\":\"es\",\"@id\":\"https:\/\/www.sonoraenequipo.com.mx\/sale-de-mexico-segundo-avion-con-ayuda-humanitaria-hacia-haiti\/#primaryimage\",\"url\":\"https:\/\/www.sonoraenequipo.com.mx\/storage\/2021\/08\/avio\u0301n-ayuda-humanitaria-haiti\u0301_opt.jpg\",\"contentUrl\":\"https:\/\/www.sonoraenequipo.com.mx\/storage\/2021\/08\/avio\u0301n-ayuda-humanitaria-haiti\u0301_opt.jpg\",\"width\":700,\"height\":400},{\"@type\":\"BreadcrumbList\",\"@id\":\"https:\/\/www.sonoraenequipo.com.mx\/sale-de-mexico-segundo-avion-con-ayuda-humanitaria-hacia-haiti\/#breadcrumb\",\"itemListElement\":[{\"@type\":\"ListItem\",\"position\":1,\"name\":\"Portada\",\"item\":\"https:\/\/www.sonoraenequipo.com.mx\/\"},{\"@type\":\"ListItem\",\"position\":2,\"name\":\"Sale de M\u00e9xico segundo avi\u00f3n con ayuda humanitaria hacia Hait\u00ed\"}]},{\"@type\":\"WebSite\",\"@id\":\"https:\/\/www.sonoraenequipo.com.mx\/#website\",\"url\":\"https:\/\/www.sonoraenequipo.com.mx\/\",\"name\":\"Sonora en Equipo.\",\"description\":\"Diario en l\u00ednea con Noticias desde Hermosillo, Sonora\",\"publisher\":{\"@id\":\"https:\/\/www.sonoraenequipo.com.mx\/#organization\"},\"potentialAction\":[{\"@type\":\"SearchAction\",\"target\":{\"@type\":\"EntryPoint\",\"urlTemplate\":\"https:\/\/www.sonoraenequipo.com.mx\/?s={search_term_string}\"},\"query-input\":{\"@type\":\"PropertyValueSpecification\",\"valueRequired\":true,\"valueName\":\"search_term_string\"}}],\"inLanguage\":\"es\"},{\"@type\":\"Organization\",\"@id\":\"https:\/\/www.sonoraenequipo.com.mx\/#organization\",\"name\":\"Sonoraenequipo.com.mx\",\"url\":\"https:\/\/www.sonoraenequipo.com.mx\/\",\"logo\":{\"@type\":\"ImageObject\",\"inLanguage\":\"es\",\"@id\":\"https:\/\/www.sonoraenequipo.com.mx\/#\/schema\/logo\/image\/\",\"url\":\"https:\/\/www.sonoraenequipo.com.mx\/storage\/2019\/01\/sonoraenequipo_opt.png\",\"contentUrl\":\"https:\/\/www.sonoraenequipo.com.mx\/storage\/2019\/01\/sonoraenequipo_opt.png\",\"width\":375,\"height\":125,\"caption\":\"Sonoraenequipo.com.mx\"},\"image\":{\"@id\":\"https:\/\/www.sonoraenequipo.com.mx\/#\/schema\/logo\/image\/\"},\"sameAs\":[\"https:\/\/www.facebook.com\/SonoraEE\/\",\"https:\/\/x.com\/sonoraenequipo\",\"https:\/\/www.youtube.com\/channel\/UC338nW-lPEYmJQs4ZABQ1SQ\"]},{\"@type\":\"Person\",\"@id\":\"https:\/\/www.sonoraenequipo.com.mx\/#\/schema\/person\/50102df0fb23a8fa9e8effad8fa81386\",\"name\":\"enequipo\",\"image\":{\"@type\":\"ImageObject\",\"inLanguage\":\"es\",\"@id\":\"https:\/\/www.sonoraenequipo.com.mx\/#\/schema\/person\/image\/\",\"url\":\"https:\/\/secure.gravatar.com\/avatar\/049821681b589dabc0bc20695993ccebb09f5b5d4d790cd9251b97faac7c652b?s=96&d=blank&r=g\",\"contentUrl\":\"https:\/\/secure.gravatar.com\/avatar\/049821681b589dabc0bc20695993ccebb09f5b5d4d790cd9251b97faac7c652b?s=96&d=blank&r=g\",\"caption\":\"enequipo\"},\"sameAs\":[\"https:\/\/www.facebook.com\/SonoraEE\"]}]}<\/script>\n ","yoast_head_json":{"title":"Sonora en Equipo. Sale de M\u00e9xico segundo avi\u00f3n con ayuda humanitaria hacia Hait\u00ed MUNDO","description":"CIUDAD DE M\u00c9XICO.MX. \u2014 Despeg\u00f3 desde M\u00e9xico el segundo avi\u00f3n con ayuda humanitaria hacia Hait\u00ed por el sismo magnitud 7.2 que dej\u00f3 hasta el momento mil 300 En Sonora en Equipo publicamos toda la informaci\u00f3n de Sonora, M\u00e9xico y el Mundo de manera oportuna y busca que la libertad de expresi\u00f3n sea real. Visita nuestro medio informativo publicado desde Hermosillo, Sonora. %","robots":{"index":"index","follow":"follow","max-snippet":"max-snippet:-1","max-image-preview":"max-image-preview:large","max-video-preview":"max-video-preview:-1"},"canonical":"https:\/\/www.sonoraenequipo.com.mx\/sale-de-mexico-segundo-avion-con-ayuda-humanitaria-hacia-haiti\/","og_locale":"es_ES","og_type":"article","og_title":"Sonora en Equipo. Sale de M\u00e9xico segundo avi\u00f3n con ayuda humanitaria hacia Hait\u00ed MUNDO","og_description":"CIUDAD DE M\u00c9XICO.MX. \u2014 Despeg\u00f3 desde M\u00e9xico el segundo avi\u00f3n con ayuda humanitaria hacia Hait\u00ed por el sismo magnitud 7.2 que dej\u00f3 hasta el momento mil 300 En Sonora en Equipo publicamos toda la informaci\u00f3n de Sonora, M\u00e9xico y el Mundo de manera oportuna y busca que la libertad de expresi\u00f3n sea real. Visita nuestro medio informativo publicado desde Hermosillo, Sonora. %","og_url":"https:\/\/www.sonoraenequipo.com.mx\/sale-de-mexico-segundo-avion-con-ayuda-humanitaria-hacia-haiti\/","og_site_name":"Sonora en Equipo.","article_publisher":"https:\/\/www.facebook.com\/SonoraEE\/","article_author":"https:\/\/www.facebook.com\/SonoraEE","article_published_time":"2021-08-16T02:48:05+00:00","article_modified_time":"2021-08-16T04:32:20+00:00","og_image":[{"width":700,"height":400,"url":"https:\/\/www.sonoraenequipo.com.mx\/storage\/2021\/08\/avio\u0301n-ayuda-humanitaria-haiti\u0301_opt.jpg","type":"image\/jpeg"}],"author":"enequipo","twitter_card":"summary_large_image","twitter_creator":"@sonoraenequipo","twitter_site":"@sonoraenequipo","twitter_misc":{"Escrito por":"enequipo","Tiempo de lectura":"1 minuto"},"schema":{"@context":"https:\/\/schema.org","@graph":[{"@type":"Article","@id":"https:\/\/www.sonoraenequipo.com.mx\/sale-de-mexico-segundo-avion-con-ayuda-humanitaria-hacia-haiti\/#article","isPartOf":{"@id":"https:\/\/www.sonoraenequipo.com.mx\/sale-de-mexico-segundo-avion-con-ayuda-humanitaria-hacia-haiti\/"},"author":{"name":"enequipo","@id":"https:\/\/www.sonoraenequipo.com.mx\/#\/schema\/person\/50102df0fb23a8fa9e8effad8fa81386"},"headline":"Sale de M\u00e9xico segundo avi\u00f3n con ayuda humanitaria hacia Hait\u00ed","datePublished":"2021-08-16T02:48:05+00:00","dateModified":"2021-08-16T04:32:20+00:00","mainEntityOfPage":{"@id":"https:\/\/www.sonoraenequipo.com.mx\/sale-de-mexico-segundo-avion-con-ayuda-humanitaria-hacia-haiti\/"},"wordCount":268,"commentCount":0,"publisher":{"@id":"https:\/\/www.sonoraenequipo.com.mx\/#organization"},"image":{"@id":"https:\/\/www.sonoraenequipo.com.mx\/sale-de-mexico-segundo-avion-con-ayuda-humanitaria-hacia-haiti\/#primaryimage"},"thumbnailUrl":"https:\/\/www.sonoraenequipo.com.mx\/storage\/2021\/08\/avio\u0301n-ayuda-humanitaria-haiti\u0301_opt.jpg","articleSection":["MUNDO"],"inLanguage":"es","potentialAction":[{"@type":"CommentAction","name":"Comment","target":["https:\/\/www.sonoraenequipo.com.mx\/sale-de-mexico-segundo-avion-con-ayuda-humanitaria-hacia-haiti\/#respond"]}]},{"@type":"WebPage","@id":"https:\/\/www.sonoraenequipo.com.mx\/sale-de-mexico-segundo-avion-con-ayuda-humanitaria-hacia-haiti\/","url":"https:\/\/www.sonoraenequipo.com.mx\/sale-de-mexico-segundo-avion-con-ayuda-humanitaria-hacia-haiti\/","name":"Sonora en Equipo. Sale de M\u00e9xico segundo avi\u00f3n con ayuda humanitaria hacia Hait\u00ed MUNDO","isPartOf":{"@id":"https:\/\/www.sonoraenequipo.com.mx\/#website"},"primaryImageOfPage":{"@id":"https:\/\/www.sonoraenequipo.com.mx\/sale-de-mexico-segundo-avion-con-ayuda-humanitaria-hacia-haiti\/#primaryimage"},"image":{"@id":"https:\/\/www.sonoraenequipo.com.mx\/sale-de-mexico-segundo-avion-con-ayuda-humanitaria-hacia-haiti\/#primaryimage"},"thumbnailUrl":"https:\/\/www.sonoraenequipo.com.mx\/storage\/2021\/08\/avio\u0301n-ayuda-humanitaria-haiti\u0301_opt.jpg","datePublished":"2021-08-16T02:48:05+00:00","dateModified":"2021-08-16T04:32:20+00:00","description":"CIUDAD DE M\u00c9XICO.MX. \u2014 Despeg\u00f3 desde M\u00e9xico el segundo avi\u00f3n con ayuda humanitaria hacia Hait\u00ed por el sismo magnitud 7.2 que dej\u00f3 hasta el momento mil 300 En Sonora en Equipo publicamos toda la informaci\u00f3n de Sonora, M\u00e9xico y el Mundo de manera oportuna y busca que la libertad de expresi\u00f3n sea real. Visita nuestro medio informativo publicado desde Hermosillo, Sonora. %","breadcrumb":{"@id":"https:\/\/www.sonoraenequipo.com.mx\/sale-de-mexico-segundo-avion-con-ayuda-humanitaria-hacia-haiti\/#breadcrumb"},"inLanguage":"es","potentialAction":[{"@type":"ReadAction","target":["https:\/\/www.sonoraenequipo.com.mx\/sale-de-mexico-segundo-avion-con-ayuda-humanitaria-hacia-haiti\/"]}]},{"@type":"ImageObject","inLanguage":"es","@id":"https:\/\/www.sonoraenequipo.com.mx\/sale-de-mexico-segundo-avion-con-ayuda-humanitaria-hacia-haiti\/#primaryimage","url":"https:\/\/www.sonoraenequipo.com.mx\/storage\/2021\/08\/avio\u0301n-ayuda-humanitaria-haiti\u0301_opt.jpg","contentUrl":"https:\/\/www.sonoraenequipo.com.mx\/storage\/2021\/08\/avio\u0301n-ayuda-humanitaria-haiti\u0301_opt.jpg","width":700,"height":400},{"@type":"BreadcrumbList","@id":"https:\/\/www.sonoraenequipo.com.mx\/sale-de-mexico-segundo-avion-con-ayuda-humanitaria-hacia-haiti\/#breadcrumb","itemListElement":[{"@type":"ListItem","position":1,"name":"Portada","item":"https:\/\/www.sonoraenequipo.com.mx\/"},{"@type":"ListItem","position":2,"name":"Sale de M\u00e9xico segundo avi\u00f3n con ayuda humanitaria hacia Hait\u00ed"}]},{"@type":"WebSite","@id":"https:\/\/www.sonoraenequipo.com.mx\/#website","url":"https:\/\/www.sonoraenequipo.com.mx\/","name":"Sonora en Equipo.","description":"Diario en l\u00ednea con Noticias desde Hermosillo, Sonora","publisher":{"@id":"https:\/\/www.sonoraenequipo.com.mx\/#organization"},"potentialAction":[{"@type":"SearchAction","target":{"@type":"EntryPoint","urlTemplate":"https:\/\/www.sonoraenequipo.com.mx\/?s={search_term_string}"},"query-input":{"@type":"PropertyValueSpecification","valueRequired":true,"valueName":"search_term_string"}}],"inLanguage":"es"},{"@type":"Organization","@id":"https:\/\/www.sonoraenequipo.com.mx\/#organization","name":"Sonoraenequipo.com.mx","url":"https:\/\/www.sonoraenequipo.com.mx\/","logo":{"@type":"ImageObject","inLanguage":"es","@id":"https:\/\/www.sonoraenequipo.com.mx\/#\/schema\/logo\/image\/","url":"https:\/\/www.sonoraenequipo.com.mx\/storage\/2019\/01\/sonoraenequipo_opt.png","contentUrl":"https:\/\/www.sonoraenequipo.com.mx\/storage\/2019\/01\/sonoraenequipo_opt.png","width":375,"height":125,"caption":"Sonoraenequipo.com.mx"},"image":{"@id":"https:\/\/www.sonoraenequipo.com.mx\/#\/schema\/logo\/image\/"},"sameAs":["https:\/\/www.facebook.com\/SonoraEE\/","https:\/\/x.com\/sonoraenequipo","https:\/\/www.youtube.com\/channel\/UC338nW-lPEYmJQs4ZABQ1SQ"]},{"@type":"Person","@id":"https:\/\/www.sonoraenequipo.com.mx\/#\/schema\/person\/50102df0fb23a8fa9e8effad8fa81386","name":"enequipo","image":{"@type":"ImageObject","inLanguage":"es","@id":"https:\/\/www.sonoraenequipo.com.mx\/#\/schema\/person\/image\/","url":"https:\/\/secure.gravatar.com\/avatar\/049821681b589dabc0bc20695993ccebb09f5b5d4d790cd9251b97faac7c652b?s=96&d=blank&r=g","contentUrl":"https:\/\/secure.gravatar.com\/avatar\/049821681b589dabc0bc20695993ccebb09f5b5d4d790cd9251b97faac7c652b?s=96&d=blank&r=g","caption":"enequipo"},"sameAs":["https:\/\/www.facebook.com\/SonoraEE"]}]}},"jetpack_featured_media_url":"https:\/\/www.sonoraenequipo.com.mx\/storage\/2021\/08\/avio\u0301n-ayuda-humanitaria-haiti\u0301_opt.jpg","_links":{"self":[{"href":"https:\/\/www.sonoraenequipo.com.mx\/api\/wp\/v2\/posts\/120657","targetHints":{"allow":["GET"]}}],"collection":[{"href":"https:\/\/www.sonoraenequipo.com.mx\/api\/wp\/v2\/posts"}],"about":[{"href":"https:\/\/www.sonoraenequipo.com.mx\/api\/wp\/v2\/types\/post"}],"author":[{"embeddable":true,"href":"https:\/\/www.sonoraenequipo.com.mx\/api\/wp\/v2\/users\/1"}],"replies":[{"embeddable":true,"href":"https:\/\/www.sonoraenequipo.com.mx\/api\/wp\/v2\/comments?post=120657"}],"version-history":[{"count":1,"href":"https:\/\/www.sonoraenequipo.com.mx\/api\/wp\/v2\/posts\/120657\/revisions"}],"predecessor-version":[{"id":120658,"href":"https:\/\/www.sonoraenequipo.com.mx\/api\/wp\/v2\/posts\/120657\/revisions\/120658"}],"wp:featuredmedia":[{"embeddable":true,"href":"https:\/\/www.sonoraenequipo.com.mx\/api\/wp\/v2\/media\/120651"}],"wp:attachment":[{"href":"https:\/\/www.sonoraenequipo.com.mx\/api\/wp\/v2\/media?parent=120657"}],"wp:term":[{"taxonomy":"category","embeddable":true,"href":"https:\/\/www.sonoraenequipo.com.mx\/api\/wp\/v2\/categories?post=120657"},{"taxonomy":"post_tag","embeddable":true,"href":"https:\/\/www.sonoraenequipo.com.mx\/api\/wp\/v2\/tags?post=120657"}],"curies":[{"name":"wp","href":"https:\/\/api.w.org\/{rel}","templated":true}]}}