{"id":120671,"date":"2021-08-15T18:30:34","date_gmt":"2021-08-16T01:30:34","guid":{"rendered":"https:\/\/www.sonoraenequipo.com.mx\/?p=120671"},"modified":"2021-08-15T22:43:26","modified_gmt":"2021-08-16T05:43:26","slug":"constata-gobernadora-pavlovich-avance-de-obra-de-stanley-black-decker","status":"publish","type":"post","link":"https:\/\/www.sonoraenequipo.com.mx\/constata-gobernadora-pavlovich-avance-de-obra-de-stanley-black-decker\/","title":{"rendered":"Constata Gobernadora Pavlovich avance de obra de Stanley Black &#038; Decker"},"content":{"rendered":"<p>HERMOSILLO, SONORA. MX. \u2014 Que Stanley Black &amp; Decker haya decidido instalarse en Hermosillo, con una inversi\u00f3n de mil 60 millones de pesos, reitera la confianza que hay en Sonora, en su mano de obra y en la estabilidad laboral en el estado, expres\u00f3 la gobernadora Claudia Pavlovich Arellano, al recorrer el avance de obra de esta empresa internacional que iniciar\u00e1 operaciones en diciembre de este a\u00f1o.<\/p>\n<p>&nbsp;<\/p>\n<p> <\/p>\n<p>&nbsp;<\/p>\n<p>Acompa\u00f1ada de Jorge Vidal Ahumada, secretario de Econom\u00eda; El\u00edas Barrios, Global Operatios VP, Special Projects Mexico and Outdoor Products; Chris Beam, Global Productivity Manager PPT at Stanley Black &amp; Decker, Inc. y Enrique Ruiz S\u00e1nchez, director general de ProSonora, la mandataria estatal destac\u00f3 que esta empresa beneficiar\u00e1 a cientos de familias al emplear mil 800 sonorenses.<\/p>\n<p>&nbsp;<\/p>\n<p>\u201c<em>Yo les agradezco a ustedes que hayan cre\u00eddo en Sonora y que en estos momentos est\u00e9n haciendo estas grandes inversiones; crear mil 800 empleos para mi ciudad, para mi estado, es una cantidad muy importante\u201d,<\/em> expres\u00f3.<\/p>\n<p>&nbsp;<\/p>\n<p>Asimismo, manifest\u00f3 que el que durante su sexenio se hayan invertido 9 mil millones de d\u00f3lares, a pesar de la pandemia que ha afectado a todo el mundo, sin duda alguna, demuestra que hay confianza en invertir en Sonora.<\/p>\n<p>&nbsp;<\/p>\n<p><em>\u201cUn gran honor ha sido trabajar junto a todos, junto a la sociedad, junto a los empresarios, que vienen desde otros lados a invertir sus recursos, su dinero, y que creen en Sonora, creen porque hay estabilidad laboral, porque hay una fuerza laboral importante, porque nuestra gente est\u00e1 capacitada, porque es un buen lugar para vivir Sonora, un buen lugar para vivir Hermosillo y que Stanley Black &amp; Decker se establezca en Hermosillo es una gran noticia\u201d,<\/em> asegur\u00f3.<\/p>\n<p>&nbsp;<\/p>\n<p>El\u00edas Barrios, Global Operatios VP, Special Projects Mexico and Outdoor Products, detall\u00f3 que han recibido un gran apoyo por parte del Gobierno del Estado por lo que esperan concluir muy pronto con la construcci\u00f3n para que Stanley Black &amp; Decker empiece su operaci\u00f3n y se empleen a mil 800 sonorenses.<\/p>\n<p>&nbsp;<\/p>\n<p><em>\u201cMuy contento con todo el apoyo que nos han brindado el equipo de la regi\u00f3n, el equipo del gobierno, y con una gran esperanza de completar el objetivo de este proyecto y que pronto sea una fuente de generaci\u00f3n de empleos permanentes en la regi\u00f3n\u201d,<\/em> coment\u00f3.<\/p>\n<p>&nbsp;<\/p>\n<p>El secretario de Econom\u00eda, Jorge Vidal Ahumada, explic\u00f3 que a nivel mundial hay 106 empresas de Black &amp; Decker y con la construcci\u00f3n de una m\u00e1s en Hermosillo posicionar\u00e1 a Sonora a nivel mundial y esto es el inicio de lo que significar\u00e1 la llegada de esta empresa a la entidad.<\/p>\n<p>&nbsp;<\/p>\n<p>Asimismo, inform\u00f3 que con esta empresa se llega a 203 proyectos establecidos en la entidad durante la administraci\u00f3n de la gobernadora Claudia Pavlovich Arellano, lo que ha generado una inversi\u00f3n de 9 mil millones de d\u00f3lares.<\/p>\n<p>&nbsp;<\/p>\n<p>Presentes: Oswaldo Ibarra, Project Manager Hermosillo Plan; y Javier Villareal, secretario general de la CTM Sonora.<\/p>\n<p>&nbsp;<\/p>\n<ul>\n<li>\n<h3>&#8211; Durante su administraci\u00f3n se han invertido 9 mil millones de d\u00f3lares de empresas que llegaron a Sonora.<\/h3>\n<\/li>\n<\/ul>\n<p>&nbsp;<\/p>\n<ul>\n<li>\n<h3>Se han establecido 203 proyectos que demuestran la confianza que se ha generado para la inversi\u00f3n en el estado<\/h3>\n<\/li>\n<\/ul>\n<p>&nbsp;<\/p>\n<p>&nbsp;<\/p>\n<p>(Publicada el 15\/08\/2021)<\/p>\n","protected":false},"excerpt":{"rendered":"<p>HERMOSILLO, SONORA. MX. \u2014 Que Stanley Black &amp; Decker haya decidido instalarse en Hermosillo, con&#8230;<\/p>\n","protected":false},"author":1,"featured_media":120672,"comment_status":"open","ping_status":"open","sticky":false,"template":"","format":"standard","meta":{"_monsterinsights_skip_tracking":false,"_monsterinsights_sitenote_active":false,"_monsterinsights_sitenote_note":"","_monsterinsights_sitenote_category":0,"footnotes":""},"categories":[22],"tags":[],"class_list":["post"],"yoast_head":" \n<title>Sonora en Equipo. Constata Gobernadora Pavlovich avance de obra de Stanley Black &amp; Decker Sonora<\/title>\n<meta name=\"description\" content=\"HERMOSILLO, SONORA. MX. \u2014 Que Stanley Black &amp; Decker haya decidido instalarse en Hermosillo, con una inversi\u00f3n de mil 60 millones de pesos, reitera la En Sonora en Equipo publicamos toda la informaci\u00f3n de Sonora, M\u00e9xico y el Mundo de manera oportuna y busca que la libertad de expresi\u00f3n sea real. Visita nuestro medio informativo publicado desde Hermosillo, Sonora. %\" \/>\n<meta name=\"robots\" content=\"index, follow, max-snippet:-1, max-image-preview:large, max-video-preview:-1\" \/>\n<link rel=\"canonical\" href=\"https:\/\/www.sonoraenequipo.com.mx\/constata-gobernadora-pavlovich-avance-de-obra-de-stanley-black-decker\/\" \/>\n<meta property=\"og:locale\" content=\"es_ES\" \/>\n<meta property=\"og:type\" content=\"article\" \/>\n<meta property=\"og:title\" content=\"Sonora en Equipo. Constata Gobernadora Pavlovich avance de obra de Stanley Black &amp; Decker Sonora\" \/>\n<meta property=\"og:description\" content=\"HERMOSILLO, SONORA. MX. \u2014 Que Stanley Black &amp; Decker haya decidido instalarse en Hermosillo, con una inversi\u00f3n de mil 60 millones de pesos, reitera la En Sonora en Equipo publicamos toda la informaci\u00f3n de Sonora, M\u00e9xico y el Mundo de manera oportuna y busca que la libertad de expresi\u00f3n sea real. Visita nuestro medio informativo publicado desde Hermosillo, Sonora. %\" \/>\n<meta property=\"og:url\" content=\"https:\/\/www.sonoraenequipo.com.mx\/constata-gobernadora-pavlovich-avance-de-obra-de-stanley-black-decker\/\" \/>\n<meta property=\"og:site_name\" content=\"Sonora en Equipo.\" \/>\n<meta property=\"article:publisher\" content=\"https:\/\/www.facebook.com\/SonoraEE\/\" \/>\n<meta property=\"article:author\" content=\"https:\/\/www.facebook.com\/SonoraEE\" \/>\n<meta property=\"article:published_time\" content=\"2021-08-16T01:30:34+00:00\" \/>\n<meta property=\"article:modified_time\" content=\"2021-08-16T05:43:26+00:00\" \/>\n<meta property=\"og:image\" content=\"https:\/\/www.sonoraenequipo.com.mx\/storage\/2021\/08\/082181e_opt.jpg\" \/>\n\t<meta property=\"og:image:width\" content=\"700\" \/>\n\t<meta property=\"og:image:height\" content=\"400\" \/>\n\t<meta property=\"og:image:type\" content=\"image\/jpeg\" \/>\n<meta name=\"author\" content=\"enequipo\" \/>\n<meta name=\"twitter:card\" content=\"summary_large_image\" \/>\n<meta name=\"twitter:creator\" content=\"@sonoraenequipo\" \/>\n<meta name=\"twitter:site\" content=\"@sonoraenequipo\" \/>\n<meta name=\"twitter:label1\" content=\"Escrito por\" \/>\n\t<meta name=\"twitter:data1\" content=\"enequipo\" \/>\n\t<meta name=\"twitter:label2\" content=\"Tiempo de lectura\" \/>\n\t<meta name=\"twitter:data2\" content=\"3 minutos\" \/>\n<script type=\"application\/ld+json\" class=\"yoast-schema-graph\">{\"@context\":\"https:\/\/schema.org\",\"@graph\":[{\"@type\":\"Article\",\"@id\":\"https:\/\/www.sonoraenequipo.com.mx\/constata-gobernadora-pavlovich-avance-de-obra-de-stanley-black-decker\/#article\",\"isPartOf\":{\"@id\":\"https:\/\/www.sonoraenequipo.com.mx\/constata-gobernadora-pavlovich-avance-de-obra-de-stanley-black-decker\/\"},\"author\":{\"name\":\"enequipo\",\"@id\":\"https:\/\/www.sonoraenequipo.com.mx\/#\/schema\/person\/50102df0fb23a8fa9e8effad8fa81386\"},\"headline\":\"Constata Gobernadora Pavlovich avance de obra de Stanley Black &#038; Decker\",\"datePublished\":\"2021-08-16T01:30:34+00:00\",\"dateModified\":\"2021-08-16T05:43:26+00:00\",\"mainEntityOfPage\":{\"@id\":\"https:\/\/www.sonoraenequipo.com.mx\/constata-gobernadora-pavlovich-avance-de-obra-de-stanley-black-decker\/\"},\"wordCount\":551,\"commentCount\":0,\"publisher\":{\"@id\":\"https:\/\/www.sonoraenequipo.com.mx\/#organization\"},\"image\":{\"@id\":\"https:\/\/www.sonoraenequipo.com.mx\/constata-gobernadora-pavlovich-avance-de-obra-de-stanley-black-decker\/#primaryimage\"},\"thumbnailUrl\":\"https:\/\/www.sonoraenequipo.com.mx\/storage\/2021\/08\/082181e_opt.jpg\",\"articleSection\":[\"Sonora\"],\"inLanguage\":\"es\",\"potentialAction\":[{\"@type\":\"CommentAction\",\"name\":\"Comment\",\"target\":[\"https:\/\/www.sonoraenequipo.com.mx\/constata-gobernadora-pavlovich-avance-de-obra-de-stanley-black-decker\/#respond\"]}]},{\"@type\":\"WebPage\",\"@id\":\"https:\/\/www.sonoraenequipo.com.mx\/constata-gobernadora-pavlovich-avance-de-obra-de-stanley-black-decker\/\",\"url\":\"https:\/\/www.sonoraenequipo.com.mx\/constata-gobernadora-pavlovich-avance-de-obra-de-stanley-black-decker\/\",\"name\":\"Sonora en Equipo. Constata Gobernadora Pavlovich avance de obra de Stanley Black & Decker Sonora\",\"isPartOf\":{\"@id\":\"https:\/\/www.sonoraenequipo.com.mx\/#website\"},\"primaryImageOfPage\":{\"@id\":\"https:\/\/www.sonoraenequipo.com.mx\/constata-gobernadora-pavlovich-avance-de-obra-de-stanley-black-decker\/#primaryimage\"},\"image\":{\"@id\":\"https:\/\/www.sonoraenequipo.com.mx\/constata-gobernadora-pavlovich-avance-de-obra-de-stanley-black-decker\/#primaryimage\"},\"thumbnailUrl\":\"https:\/\/www.sonoraenequipo.com.mx\/storage\/2021\/08\/082181e_opt.jpg\",\"datePublished\":\"2021-08-16T01:30:34+00:00\",\"dateModified\":\"2021-08-16T05:43:26+00:00\",\"description\":\"HERMOSILLO, SONORA. MX. \u2014 Que Stanley Black &amp; Decker haya decidido instalarse en Hermosillo, con una inversi\u00f3n de mil 60 millones de pesos, reitera la En Sonora en Equipo publicamos toda la informaci\u00f3n de Sonora, M\u00e9xico y el Mundo de manera oportuna y busca que la libertad de expresi\u00f3n sea real. Visita nuestro medio informativo publicado desde Hermosillo, Sonora. %\",\"breadcrumb\":{\"@id\":\"https:\/\/www.sonoraenequipo.com.mx\/constata-gobernadora-pavlovich-avance-de-obra-de-stanley-black-decker\/#breadcrumb\"},\"inLanguage\":\"es\",\"potentialAction\":[{\"@type\":\"ReadAction\",\"target\":[\"https:\/\/www.sonoraenequipo.com.mx\/constata-gobernadora-pavlovich-avance-de-obra-de-stanley-black-decker\/\"]}]},{\"@type\":\"ImageObject\",\"inLanguage\":\"es\",\"@id\":\"https:\/\/www.sonoraenequipo.com.mx\/constata-gobernadora-pavlovich-avance-de-obra-de-stanley-black-decker\/#primaryimage\",\"url\":\"https:\/\/www.sonoraenequipo.com.mx\/storage\/2021\/08\/082181e_opt.jpg\",\"contentUrl\":\"https:\/\/www.sonoraenequipo.com.mx\/storage\/2021\/08\/082181e_opt.jpg\",\"width\":700,\"height\":400},{\"@type\":\"BreadcrumbList\",\"@id\":\"https:\/\/www.sonoraenequipo.com.mx\/constata-gobernadora-pavlovich-avance-de-obra-de-stanley-black-decker\/#breadcrumb\",\"itemListElement\":[{\"@type\":\"ListItem\",\"position\":1,\"name\":\"Portada\",\"item\":\"https:\/\/www.sonoraenequipo.com.mx\/\"},{\"@type\":\"ListItem\",\"position\":2,\"name\":\"Constata Gobernadora Pavlovich avance de obra de Stanley Black &#038; Decker\"}]},{\"@type\":\"WebSite\",\"@id\":\"https:\/\/www.sonoraenequipo.com.mx\/#website\",\"url\":\"https:\/\/www.sonoraenequipo.com.mx\/\",\"name\":\"Sonora en Equipo.\",\"description\":\"Diario en l\u00ednea con Noticias desde Hermosillo, Sonora\",\"publisher\":{\"@id\":\"https:\/\/www.sonoraenequipo.com.mx\/#organization\"},\"potentialAction\":[{\"@type\":\"SearchAction\",\"target\":{\"@type\":\"EntryPoint\",\"urlTemplate\":\"https:\/\/www.sonoraenequipo.com.mx\/?s={search_term_string}\"},\"query-input\":{\"@type\":\"PropertyValueSpecification\",\"valueRequired\":true,\"valueName\":\"search_term_string\"}}],\"inLanguage\":\"es\"},{\"@type\":\"Organization\",\"@id\":\"https:\/\/www.sonoraenequipo.com.mx\/#organization\",\"name\":\"Sonoraenequipo.com.mx\",\"url\":\"https:\/\/www.sonoraenequipo.com.mx\/\",\"logo\":{\"@type\":\"ImageObject\",\"inLanguage\":\"es\",\"@id\":\"https:\/\/www.sonoraenequipo.com.mx\/#\/schema\/logo\/image\/\",\"url\":\"https:\/\/www.sonoraenequipo.com.mx\/storage\/2019\/01\/sonoraenequipo_opt.png\",\"contentUrl\":\"https:\/\/www.sonoraenequipo.com.mx\/storage\/2019\/01\/sonoraenequipo_opt.png\",\"width\":375,\"height\":125,\"caption\":\"Sonoraenequipo.com.mx\"},\"image\":{\"@id\":\"https:\/\/www.sonoraenequipo.com.mx\/#\/schema\/logo\/image\/\"},\"sameAs\":[\"https:\/\/www.facebook.com\/SonoraEE\/\",\"https:\/\/x.com\/sonoraenequipo\",\"https:\/\/www.youtube.com\/channel\/UC338nW-lPEYmJQs4ZABQ1SQ\"]},{\"@type\":\"Person\",\"@id\":\"https:\/\/www.sonoraenequipo.com.mx\/#\/schema\/person\/50102df0fb23a8fa9e8effad8fa81386\",\"name\":\"enequipo\",\"image\":{\"@type\":\"ImageObject\",\"inLanguage\":\"es\",\"@id\":\"https:\/\/www.sonoraenequipo.com.mx\/#\/schema\/person\/image\/\",\"url\":\"https:\/\/secure.gravatar.com\/avatar\/049821681b589dabc0bc20695993ccebb09f5b5d4d790cd9251b97faac7c652b?s=96&d=blank&r=g\",\"contentUrl\":\"https:\/\/secure.gravatar.com\/avatar\/049821681b589dabc0bc20695993ccebb09f5b5d4d790cd9251b97faac7c652b?s=96&d=blank&r=g\",\"caption\":\"enequipo\"},\"sameAs\":[\"https:\/\/www.facebook.com\/SonoraEE\"]}]}<\/script>\n ","yoast_head_json":{"title":"Sonora en Equipo. Constata Gobernadora Pavlovich avance de obra de Stanley Black & Decker Sonora","description":"HERMOSILLO, SONORA. MX. \u2014 Que Stanley Black &amp; Decker haya decidido instalarse en Hermosillo, con una inversi\u00f3n de mil 60 millones de pesos, reitera la En Sonora en Equipo publicamos toda la informaci\u00f3n de Sonora, M\u00e9xico y el Mundo de manera oportuna y busca que la libertad de expresi\u00f3n sea real. Visita nuestro medio informativo publicado desde Hermosillo, Sonora. %","robots":{"index":"index","follow":"follow","max-snippet":"max-snippet:-1","max-image-preview":"max-image-preview:large","max-video-preview":"max-video-preview:-1"},"canonical":"https:\/\/www.sonoraenequipo.com.mx\/constata-gobernadora-pavlovich-avance-de-obra-de-stanley-black-decker\/","og_locale":"es_ES","og_type":"article","og_title":"Sonora en Equipo. Constata Gobernadora Pavlovich avance de obra de Stanley Black & Decker Sonora","og_description":"HERMOSILLO, SONORA. MX. \u2014 Que Stanley Black &amp; Decker haya decidido instalarse en Hermosillo, con una inversi\u00f3n de mil 60 millones de pesos, reitera la En Sonora en Equipo publicamos toda la informaci\u00f3n de Sonora, M\u00e9xico y el Mundo de manera oportuna y busca que la libertad de expresi\u00f3n sea real. Visita nuestro medio informativo publicado desde Hermosillo, Sonora. %","og_url":"https:\/\/www.sonoraenequipo.com.mx\/constata-gobernadora-pavlovich-avance-de-obra-de-stanley-black-decker\/","og_site_name":"Sonora en Equipo.","article_publisher":"https:\/\/www.facebook.com\/SonoraEE\/","article_author":"https:\/\/www.facebook.com\/SonoraEE","article_published_time":"2021-08-16T01:30:34+00:00","article_modified_time":"2021-08-16T05:43:26+00:00","og_image":[{"width":700,"height":400,"url":"https:\/\/www.sonoraenequipo.com.mx\/storage\/2021\/08\/082181e_opt.jpg","type":"image\/jpeg"}],"author":"enequipo","twitter_card":"summary_large_image","twitter_creator":"@sonoraenequipo","twitter_site":"@sonoraenequipo","twitter_misc":{"Escrito por":"enequipo","Tiempo de lectura":"3 minutos"},"schema":{"@context":"https:\/\/schema.org","@graph":[{"@type":"Article","@id":"https:\/\/www.sonoraenequipo.com.mx\/constata-gobernadora-pavlovich-avance-de-obra-de-stanley-black-decker\/#article","isPartOf":{"@id":"https:\/\/www.sonoraenequipo.com.mx\/constata-gobernadora-pavlovich-avance-de-obra-de-stanley-black-decker\/"},"author":{"name":"enequipo","@id":"https:\/\/www.sonoraenequipo.com.mx\/#\/schema\/person\/50102df0fb23a8fa9e8effad8fa81386"},"headline":"Constata Gobernadora Pavlovich avance de obra de Stanley Black &#038; Decker","datePublished":"2021-08-16T01:30:34+00:00","dateModified":"2021-08-16T05:43:26+00:00","mainEntityOfPage":{"@id":"https:\/\/www.sonoraenequipo.com.mx\/constata-gobernadora-pavlovich-avance-de-obra-de-stanley-black-decker\/"},"wordCount":551,"commentCount":0,"publisher":{"@id":"https:\/\/www.sonoraenequipo.com.mx\/#organization"},"image":{"@id":"https:\/\/www.sonoraenequipo.com.mx\/constata-gobernadora-pavlovich-avance-de-obra-de-stanley-black-decker\/#primaryimage"},"thumbnailUrl":"https:\/\/www.sonoraenequipo.com.mx\/storage\/2021\/08\/082181e_opt.jpg","articleSection":["Sonora"],"inLanguage":"es","potentialAction":[{"@type":"CommentAction","name":"Comment","target":["https:\/\/www.sonoraenequipo.com.mx\/constata-gobernadora-pavlovich-avance-de-obra-de-stanley-black-decker\/#respond"]}]},{"@type":"WebPage","@id":"https:\/\/www.sonoraenequipo.com.mx\/constata-gobernadora-pavlovich-avance-de-obra-de-stanley-black-decker\/","url":"https:\/\/www.sonoraenequipo.com.mx\/constata-gobernadora-pavlovich-avance-de-obra-de-stanley-black-decker\/","name":"Sonora en Equipo. Constata Gobernadora Pavlovich avance de obra de Stanley Black & Decker Sonora","isPartOf":{"@id":"https:\/\/www.sonoraenequipo.com.mx\/#website"},"primaryImageOfPage":{"@id":"https:\/\/www.sonoraenequipo.com.mx\/constata-gobernadora-pavlovich-avance-de-obra-de-stanley-black-decker\/#primaryimage"},"image":{"@id":"https:\/\/www.sonoraenequipo.com.mx\/constata-gobernadora-pavlovich-avance-de-obra-de-stanley-black-decker\/#primaryimage"},"thumbnailUrl":"https:\/\/www.sonoraenequipo.com.mx\/storage\/2021\/08\/082181e_opt.jpg","datePublished":"2021-08-16T01:30:34+00:00","dateModified":"2021-08-16T05:43:26+00:00","description":"HERMOSILLO, SONORA. MX. \u2014 Que Stanley Black &amp; Decker haya decidido instalarse en Hermosillo, con una inversi\u00f3n de mil 60 millones de pesos, reitera la En Sonora en Equipo publicamos toda la informaci\u00f3n de Sonora, M\u00e9xico y el Mundo de manera oportuna y busca que la libertad de expresi\u00f3n sea real. Visita nuestro medio informativo publicado desde Hermosillo, Sonora. %","breadcrumb":{"@id":"https:\/\/www.sonoraenequipo.com.mx\/constata-gobernadora-pavlovich-avance-de-obra-de-stanley-black-decker\/#breadcrumb"},"inLanguage":"es","potentialAction":[{"@type":"ReadAction","target":["https:\/\/www.sonoraenequipo.com.mx\/constata-gobernadora-pavlovich-avance-de-obra-de-stanley-black-decker\/"]}]},{"@type":"ImageObject","inLanguage":"es","@id":"https:\/\/www.sonoraenequipo.com.mx\/constata-gobernadora-pavlovich-avance-de-obra-de-stanley-black-decker\/#primaryimage","url":"https:\/\/www.sonoraenequipo.com.mx\/storage\/2021\/08\/082181e_opt.jpg","contentUrl":"https:\/\/www.sonoraenequipo.com.mx\/storage\/2021\/08\/082181e_opt.jpg","width":700,"height":400},{"@type":"BreadcrumbList","@id":"https:\/\/www.sonoraenequipo.com.mx\/constata-gobernadora-pavlovich-avance-de-obra-de-stanley-black-decker\/#breadcrumb","itemListElement":[{"@type":"ListItem","position":1,"name":"Portada","item":"https:\/\/www.sonoraenequipo.com.mx\/"},{"@type":"ListItem","position":2,"name":"Constata Gobernadora Pavlovich avance de obra de Stanley Black &#038; Decker"}]},{"@type":"WebSite","@id":"https:\/\/www.sonoraenequipo.com.mx\/#website","url":"https:\/\/www.sonoraenequipo.com.mx\/","name":"Sonora en Equipo.","description":"Diario en l\u00ednea con Noticias desde Hermosillo, Sonora","publisher":{"@id":"https:\/\/www.sonoraenequipo.com.mx\/#organization"},"potentialAction":[{"@type":"SearchAction","target":{"@type":"EntryPoint","urlTemplate":"https:\/\/www.sonoraenequipo.com.mx\/?s={search_term_string}"},"query-input":{"@type":"PropertyValueSpecification","valueRequired":true,"valueName":"search_term_string"}}],"inLanguage":"es"},{"@type":"Organization","@id":"https:\/\/www.sonoraenequipo.com.mx\/#organization","name":"Sonoraenequipo.com.mx","url":"https:\/\/www.sonoraenequipo.com.mx\/","logo":{"@type":"ImageObject","inLanguage":"es","@id":"https:\/\/www.sonoraenequipo.com.mx\/#\/schema\/logo\/image\/","url":"https:\/\/www.sonoraenequipo.com.mx\/storage\/2019\/01\/sonoraenequipo_opt.png","contentUrl":"https:\/\/www.sonoraenequipo.com.mx\/storage\/2019\/01\/sonoraenequipo_opt.png","width":375,"height":125,"caption":"Sonoraenequipo.com.mx"},"image":{"@id":"https:\/\/www.sonoraenequipo.com.mx\/#\/schema\/logo\/image\/"},"sameAs":["https:\/\/www.facebook.com\/SonoraEE\/","https:\/\/x.com\/sonoraenequipo","https:\/\/www.youtube.com\/channel\/UC338nW-lPEYmJQs4ZABQ1SQ"]},{"@type":"Person","@id":"https:\/\/www.sonoraenequipo.com.mx\/#\/schema\/person\/50102df0fb23a8fa9e8effad8fa81386","name":"enequipo","image":{"@type":"ImageObject","inLanguage":"es","@id":"https:\/\/www.sonoraenequipo.com.mx\/#\/schema\/person\/image\/","url":"https:\/\/secure.gravatar.com\/avatar\/049821681b589dabc0bc20695993ccebb09f5b5d4d790cd9251b97faac7c652b?s=96&d=blank&r=g","contentUrl":"https:\/\/secure.gravatar.com\/avatar\/049821681b589dabc0bc20695993ccebb09f5b5d4d790cd9251b97faac7c652b?s=96&d=blank&r=g","caption":"enequipo"},"sameAs":["https:\/\/www.facebook.com\/SonoraEE"]}]}},"jetpack_featured_media_url":"https:\/\/www.sonoraenequipo.com.mx\/storage\/2021\/08\/082181e_opt.jpg","_links":{"self":[{"href":"https:\/\/www.sonoraenequipo.com.mx\/api\/wp\/v2\/posts\/120671","targetHints":{"allow":["GET"]}}],"collection":[{"href":"https:\/\/www.sonoraenequipo.com.mx\/api\/wp\/v2\/posts"}],"about":[{"href":"https:\/\/www.sonoraenequipo.com.mx\/api\/wp\/v2\/types\/post"}],"author":[{"embeddable":true,"href":"https:\/\/www.sonoraenequipo.com.mx\/api\/wp\/v2\/users\/1"}],"replies":[{"embeddable":true,"href":"https:\/\/www.sonoraenequipo.com.mx\/api\/wp\/v2\/comments?post=120671"}],"version-history":[{"count":1,"href":"https:\/\/www.sonoraenequipo.com.mx\/api\/wp\/v2\/posts\/120671\/revisions"}],"predecessor-version":[{"id":120673,"href":"https:\/\/www.sonoraenequipo.com.mx\/api\/wp\/v2\/posts\/120671\/revisions\/120673"}],"wp:featuredmedia":[{"embeddable":true,"href":"https:\/\/www.sonoraenequipo.com.mx\/api\/wp\/v2\/media\/120672"}],"wp:attachment":[{"href":"https:\/\/www.sonoraenequipo.com.mx\/api\/wp\/v2\/media?parent=120671"}],"wp:term":[{"taxonomy":"category","embeddable":true,"href":"https:\/\/www.sonoraenequipo.com.mx\/api\/wp\/v2\/categories?post=120671"},{"taxonomy":"post_tag","embeddable":true,"href":"https:\/\/www.sonoraenequipo.com.mx\/api\/wp\/v2\/tags?post=120671"}],"curies":[{"name":"wp","href":"https:\/\/api.w.org\/{rel}","templated":true}]}}