{"id":121369,"date":"2021-08-25T07:00:18","date_gmt":"2021-08-25T14:00:18","guid":{"rendered":"https:\/\/www.sonoraenequipo.com.mx\/?p=121369"},"modified":"2021-08-24T23:54:32","modified_gmt":"2021-08-25T06:54:32","slug":"nhc-advierte-de-la-posible-formacion-de-una-depresion-tropical-al-sur-del-pais","status":"publish","type":"post","link":"https:\/\/www.sonoraenequipo.com.mx\/nhc-advierte-de-la-posible-formacion-de-una-depresion-tropical-al-sur-del-pais\/","title":{"rendered":"NHC advierte de la posible formaci\u00f3n de una depresi\u00f3n tropical al sur del pa\u00eds"},"content":{"rendered":"<p>NHC advierte de la posible formaci\u00f3n de una depresi\u00f3n tropical al sur del pa\u00eds<\/p>\n<p>&nbsp;<\/p>\n<p>&nbsp;<\/p>\n<p>HERMOSILLO, SONORA,MX.\u2500\u2500 \u00a0El NHC Centro Nacional de Huracanes de Estados Unidos por sus siglas en ingl\u00e9s inform\u00f3 ayer que Los chubascos y las tormentas el\u00e9ctricas se est\u00e1n organizando mejor en asociaci\u00f3n con un sistema de baja presi\u00f3n ubicado un par de cientos de millas al sur de la costa sur de M\u00e9xico.\u00a0 Sin embargo, los datos de \u00a0\u00a0im\u00e1genes de sat\u00e9lite recientes, \u00a0indican que los vientos del sistema aun no tienen una circulaci\u00f3n bien definida.<\/p>\n<p>Las condiciones ambientales permanecen estables pero conducen a un desarrollo adicional, y una depresi\u00f3n tropical se espera que se forme durante este mi\u00e9rcoles (90% de probabilidad\u00a0 El sistema est\u00e1 previsto<\/p>\n<p>para moverse hacia el oeste o el oeste-noroeste\u00a0 a 10 o 15 mph (16 a 24 kil\u00f3metros por hora) esta semana,permaneciendo frente a la costa del suroeste de M\u00e9xico.<\/p>\n<p>Fecha de Publicaci\u00f3n\u00a0\u00a0 mi\u00e9rcoles\u00a0 \/ 25\u00a0 \/ agosto \/ 2021<\/p>\n","protected":false},"excerpt":{"rendered":"<p>NHC advierte de la posible formaci\u00f3n de una depresi\u00f3n tropical al sur del pa\u00eds &nbsp;&#8230;<\/p>\n","protected":false},"author":1,"featured_media":121370,"comment_status":"open","ping_status":"open","sticky":false,"template":"","format":"standard","meta":{"_monsterinsights_skip_tracking":false,"_monsterinsights_sitenote_active":false,"_monsterinsights_sitenote_note":"","_monsterinsights_sitenote_category":0,"footnotes":""},"categories":[5],"tags":[6043,4561],"class_list":["post"],"yoast_head":" \n<title>Sonora en Equipo. NHC advierte de la posible formaci\u00f3n de una depresi\u00f3n tropical al sur del pa\u00eds Rep\u00fablica<\/title>\n<meta name=\"description\" content=\"NHC advierte de la posible formaci\u00f3n de una depresi\u00f3n tropical al sur del pa\u00eds &nbsp; &nbsp; HERMOSILLO, SONORA,MX.\u2500\u2500 \u00a0El NHC Centro Nacional de Huracanes En Sonora en Equipo publicamos toda la informaci\u00f3n de Sonora, M\u00e9xico y el Mundo de manera oportuna y busca que la libertad de expresi\u00f3n sea real. Visita nuestro medio informativo publicado desde Hermosillo, Sonora. %\" \/>\n<meta name=\"robots\" content=\"index, follow, max-snippet:-1, max-image-preview:large, max-video-preview:-1\" \/>\n<link rel=\"canonical\" href=\"https:\/\/www.sonoraenequipo.com.mx\/nhc-advierte-de-la-posible-formacion-de-una-depresion-tropical-al-sur-del-pais\/\" \/>\n<meta property=\"og:locale\" content=\"es_ES\" \/>\n<meta property=\"og:type\" content=\"article\" \/>\n<meta property=\"og:title\" content=\"Sonora en Equipo. NHC advierte de la posible formaci\u00f3n de una depresi\u00f3n tropical al sur del pa\u00eds Rep\u00fablica\" \/>\n<meta property=\"og:description\" content=\"NHC advierte de la posible formaci\u00f3n de una depresi\u00f3n tropical al sur del pa\u00eds &nbsp; &nbsp; HERMOSILLO, SONORA,MX.\u2500\u2500 \u00a0El NHC Centro Nacional de Huracanes En Sonora en Equipo publicamos toda la informaci\u00f3n de Sonora, M\u00e9xico y el Mundo de manera oportuna y busca que la libertad de expresi\u00f3n sea real. Visita nuestro medio informativo publicado desde Hermosillo, Sonora. %\" \/>\n<meta property=\"og:url\" content=\"https:\/\/www.sonoraenequipo.com.mx\/nhc-advierte-de-la-posible-formacion-de-una-depresion-tropical-al-sur-del-pais\/\" \/>\n<meta property=\"og:site_name\" content=\"Sonora en Equipo.\" \/>\n<meta property=\"article:publisher\" content=\"https:\/\/www.facebook.com\/SonoraEE\/\" \/>\n<meta property=\"article:author\" content=\"https:\/\/www.facebook.com\/SonoraEE\" \/>\n<meta property=\"article:published_time\" content=\"2021-08-25T14:00:18+00:00\" \/>\n<meta property=\"og:image\" content=\"https:\/\/www.sonoraenequipo.com.mx\/storage\/2021\/08\/nhc240821.jpg\" \/>\n\t<meta property=\"og:image:width\" content=\"700\" \/>\n\t<meta property=\"og:image:height\" content=\"400\" \/>\n\t<meta property=\"og:image:type\" content=\"image\/jpeg\" \/>\n<meta name=\"author\" content=\"enequipo\" \/>\n<meta name=\"twitter:card\" content=\"summary_large_image\" \/>\n<meta name=\"twitter:creator\" content=\"@sonoraenequipo\" \/>\n<meta name=\"twitter:site\" content=\"@sonoraenequipo\" \/>\n<meta name=\"twitter:label1\" content=\"Escrito por\" \/>\n\t<meta name=\"twitter:data1\" content=\"enequipo\" \/>\n\t<meta name=\"twitter:label2\" content=\"Tiempo de lectura\" \/>\n\t<meta name=\"twitter:data2\" content=\"1 minuto\" \/>\n<script type=\"application\/ld+json\" class=\"yoast-schema-graph\">{\"@context\":\"https:\/\/schema.org\",\"@graph\":[{\"@type\":\"Article\",\"@id\":\"https:\/\/www.sonoraenequipo.com.mx\/nhc-advierte-de-la-posible-formacion-de-una-depresion-tropical-al-sur-del-pais\/#article\",\"isPartOf\":{\"@id\":\"https:\/\/www.sonoraenequipo.com.mx\/nhc-advierte-de-la-posible-formacion-de-una-depresion-tropical-al-sur-del-pais\/\"},\"author\":{\"name\":\"enequipo\",\"@id\":\"https:\/\/www.sonoraenequipo.com.mx\/#\/schema\/person\/50102df0fb23a8fa9e8effad8fa81386\"},\"headline\":\"NHC advierte de la posible formaci\u00f3n de una depresi\u00f3n tropical al sur del pa\u00eds\",\"datePublished\":\"2021-08-25T14:00:18+00:00\",\"mainEntityOfPage\":{\"@id\":\"https:\/\/www.sonoraenequipo.com.mx\/nhc-advierte-de-la-posible-formacion-de-una-depresion-tropical-al-sur-del-pais\/\"},\"wordCount\":186,\"commentCount\":0,\"publisher\":{\"@id\":\"https:\/\/www.sonoraenequipo.com.mx\/#organization\"},\"image\":{\"@id\":\"https:\/\/www.sonoraenequipo.com.mx\/nhc-advierte-de-la-posible-formacion-de-una-depresion-tropical-al-sur-del-pais\/#primaryimage\"},\"thumbnailUrl\":\"https:\/\/www.sonoraenequipo.com.mx\/storage\/2021\/08\/nhc240821.jpg\",\"keywords\":[\"depresi\u00f3n tropical\",\"nhc\"],\"articleSection\":[\"Rep\u00fablica\"],\"inLanguage\":\"es\",\"potentialAction\":[{\"@type\":\"CommentAction\",\"name\":\"Comment\",\"target\":[\"https:\/\/www.sonoraenequipo.com.mx\/nhc-advierte-de-la-posible-formacion-de-una-depresion-tropical-al-sur-del-pais\/#respond\"]}]},{\"@type\":\"WebPage\",\"@id\":\"https:\/\/www.sonoraenequipo.com.mx\/nhc-advierte-de-la-posible-formacion-de-una-depresion-tropical-al-sur-del-pais\/\",\"url\":\"https:\/\/www.sonoraenequipo.com.mx\/nhc-advierte-de-la-posible-formacion-de-una-depresion-tropical-al-sur-del-pais\/\",\"name\":\"Sonora en Equipo. NHC advierte de la posible formaci\u00f3n de una depresi\u00f3n tropical al sur del pa\u00eds Rep\u00fablica\",\"isPartOf\":{\"@id\":\"https:\/\/www.sonoraenequipo.com.mx\/#website\"},\"primaryImageOfPage\":{\"@id\":\"https:\/\/www.sonoraenequipo.com.mx\/nhc-advierte-de-la-posible-formacion-de-una-depresion-tropical-al-sur-del-pais\/#primaryimage\"},\"image\":{\"@id\":\"https:\/\/www.sonoraenequipo.com.mx\/nhc-advierte-de-la-posible-formacion-de-una-depresion-tropical-al-sur-del-pais\/#primaryimage\"},\"thumbnailUrl\":\"https:\/\/www.sonoraenequipo.com.mx\/storage\/2021\/08\/nhc240821.jpg\",\"datePublished\":\"2021-08-25T14:00:18+00:00\",\"description\":\"NHC advierte de la posible formaci\u00f3n de una depresi\u00f3n tropical al sur del pa\u00eds &nbsp; &nbsp; HERMOSILLO, SONORA,MX.\u2500\u2500 \u00a0El NHC Centro Nacional de Huracanes En Sonora en Equipo publicamos toda la informaci\u00f3n de Sonora, M\u00e9xico y el Mundo de manera oportuna y busca que la libertad de expresi\u00f3n sea real. Visita nuestro medio informativo publicado desde Hermosillo, Sonora. %\",\"breadcrumb\":{\"@id\":\"https:\/\/www.sonoraenequipo.com.mx\/nhc-advierte-de-la-posible-formacion-de-una-depresion-tropical-al-sur-del-pais\/#breadcrumb\"},\"inLanguage\":\"es\",\"potentialAction\":[{\"@type\":\"ReadAction\",\"target\":[\"https:\/\/www.sonoraenequipo.com.mx\/nhc-advierte-de-la-posible-formacion-de-una-depresion-tropical-al-sur-del-pais\/\"]}]},{\"@type\":\"ImageObject\",\"inLanguage\":\"es\",\"@id\":\"https:\/\/www.sonoraenequipo.com.mx\/nhc-advierte-de-la-posible-formacion-de-una-depresion-tropical-al-sur-del-pais\/#primaryimage\",\"url\":\"https:\/\/www.sonoraenequipo.com.mx\/storage\/2021\/08\/nhc240821.jpg\",\"contentUrl\":\"https:\/\/www.sonoraenequipo.com.mx\/storage\/2021\/08\/nhc240821.jpg\",\"width\":700,\"height\":400},{\"@type\":\"BreadcrumbList\",\"@id\":\"https:\/\/www.sonoraenequipo.com.mx\/nhc-advierte-de-la-posible-formacion-de-una-depresion-tropical-al-sur-del-pais\/#breadcrumb\",\"itemListElement\":[{\"@type\":\"ListItem\",\"position\":1,\"name\":\"Portada\",\"item\":\"https:\/\/www.sonoraenequipo.com.mx\/\"},{\"@type\":\"ListItem\",\"position\":2,\"name\":\"NHC advierte de la posible formaci\u00f3n de una depresi\u00f3n tropical al sur del pa\u00eds\"}]},{\"@type\":\"WebSite\",\"@id\":\"https:\/\/www.sonoraenequipo.com.mx\/#website\",\"url\":\"https:\/\/www.sonoraenequipo.com.mx\/\",\"name\":\"Sonora en Equipo.\",\"description\":\"Diario en l\u00ednea con Noticias desde Hermosillo, Sonora\",\"publisher\":{\"@id\":\"https:\/\/www.sonoraenequipo.com.mx\/#organization\"},\"potentialAction\":[{\"@type\":\"SearchAction\",\"target\":{\"@type\":\"EntryPoint\",\"urlTemplate\":\"https:\/\/www.sonoraenequipo.com.mx\/?s={search_term_string}\"},\"query-input\":{\"@type\":\"PropertyValueSpecification\",\"valueRequired\":true,\"valueName\":\"search_term_string\"}}],\"inLanguage\":\"es\"},{\"@type\":\"Organization\",\"@id\":\"https:\/\/www.sonoraenequipo.com.mx\/#organization\",\"name\":\"Sonoraenequipo.com.mx\",\"url\":\"https:\/\/www.sonoraenequipo.com.mx\/\",\"logo\":{\"@type\":\"ImageObject\",\"inLanguage\":\"es\",\"@id\":\"https:\/\/www.sonoraenequipo.com.mx\/#\/schema\/logo\/image\/\",\"url\":\"https:\/\/www.sonoraenequipo.com.mx\/storage\/2019\/01\/sonoraenequipo_opt.png\",\"contentUrl\":\"https:\/\/www.sonoraenequipo.com.mx\/storage\/2019\/01\/sonoraenequipo_opt.png\",\"width\":375,\"height\":125,\"caption\":\"Sonoraenequipo.com.mx\"},\"image\":{\"@id\":\"https:\/\/www.sonoraenequipo.com.mx\/#\/schema\/logo\/image\/\"},\"sameAs\":[\"https:\/\/www.facebook.com\/SonoraEE\/\",\"https:\/\/x.com\/sonoraenequipo\",\"https:\/\/www.youtube.com\/channel\/UC338nW-lPEYmJQs4ZABQ1SQ\"]},{\"@type\":\"Person\",\"@id\":\"https:\/\/www.sonoraenequipo.com.mx\/#\/schema\/person\/50102df0fb23a8fa9e8effad8fa81386\",\"name\":\"enequipo\",\"image\":{\"@type\":\"ImageObject\",\"inLanguage\":\"es\",\"@id\":\"https:\/\/www.sonoraenequipo.com.mx\/#\/schema\/person\/image\/\",\"url\":\"https:\/\/secure.gravatar.com\/avatar\/049821681b589dabc0bc20695993ccebb09f5b5d4d790cd9251b97faac7c652b?s=96&d=blank&r=g\",\"contentUrl\":\"https:\/\/secure.gravatar.com\/avatar\/049821681b589dabc0bc20695993ccebb09f5b5d4d790cd9251b97faac7c652b?s=96&d=blank&r=g\",\"caption\":\"enequipo\"},\"sameAs\":[\"https:\/\/www.facebook.com\/SonoraEE\"]}]}<\/script>\n ","yoast_head_json":{"title":"Sonora en Equipo. NHC advierte de la posible formaci\u00f3n de una depresi\u00f3n tropical al sur del pa\u00eds Rep\u00fablica","description":"NHC advierte de la posible formaci\u00f3n de una depresi\u00f3n tropical al sur del pa\u00eds &nbsp; &nbsp; HERMOSILLO, SONORA,MX.\u2500\u2500 \u00a0El NHC Centro Nacional de Huracanes En Sonora en Equipo publicamos toda la informaci\u00f3n de Sonora, M\u00e9xico y el Mundo de manera oportuna y busca que la libertad de expresi\u00f3n sea real. Visita nuestro medio informativo publicado desde Hermosillo, Sonora. %","robots":{"index":"index","follow":"follow","max-snippet":"max-snippet:-1","max-image-preview":"max-image-preview:large","max-video-preview":"max-video-preview:-1"},"canonical":"https:\/\/www.sonoraenequipo.com.mx\/nhc-advierte-de-la-posible-formacion-de-una-depresion-tropical-al-sur-del-pais\/","og_locale":"es_ES","og_type":"article","og_title":"Sonora en Equipo. NHC advierte de la posible formaci\u00f3n de una depresi\u00f3n tropical al sur del pa\u00eds Rep\u00fablica","og_description":"NHC advierte de la posible formaci\u00f3n de una depresi\u00f3n tropical al sur del pa\u00eds &nbsp; &nbsp; HERMOSILLO, SONORA,MX.\u2500\u2500 \u00a0El NHC Centro Nacional de Huracanes En Sonora en Equipo publicamos toda la informaci\u00f3n de Sonora, M\u00e9xico y el Mundo de manera oportuna y busca que la libertad de expresi\u00f3n sea real. Visita nuestro medio informativo publicado desde Hermosillo, Sonora. %","og_url":"https:\/\/www.sonoraenequipo.com.mx\/nhc-advierte-de-la-posible-formacion-de-una-depresion-tropical-al-sur-del-pais\/","og_site_name":"Sonora en Equipo.","article_publisher":"https:\/\/www.facebook.com\/SonoraEE\/","article_author":"https:\/\/www.facebook.com\/SonoraEE","article_published_time":"2021-08-25T14:00:18+00:00","og_image":[{"width":700,"height":400,"url":"https:\/\/www.sonoraenequipo.com.mx\/storage\/2021\/08\/nhc240821.jpg","type":"image\/jpeg"}],"author":"enequipo","twitter_card":"summary_large_image","twitter_creator":"@sonoraenequipo","twitter_site":"@sonoraenequipo","twitter_misc":{"Escrito por":"enequipo","Tiempo de lectura":"1 minuto"},"schema":{"@context":"https:\/\/schema.org","@graph":[{"@type":"Article","@id":"https:\/\/www.sonoraenequipo.com.mx\/nhc-advierte-de-la-posible-formacion-de-una-depresion-tropical-al-sur-del-pais\/#article","isPartOf":{"@id":"https:\/\/www.sonoraenequipo.com.mx\/nhc-advierte-de-la-posible-formacion-de-una-depresion-tropical-al-sur-del-pais\/"},"author":{"name":"enequipo","@id":"https:\/\/www.sonoraenequipo.com.mx\/#\/schema\/person\/50102df0fb23a8fa9e8effad8fa81386"},"headline":"NHC advierte de la posible formaci\u00f3n de una depresi\u00f3n tropical al sur del pa\u00eds","datePublished":"2021-08-25T14:00:18+00:00","mainEntityOfPage":{"@id":"https:\/\/www.sonoraenequipo.com.mx\/nhc-advierte-de-la-posible-formacion-de-una-depresion-tropical-al-sur-del-pais\/"},"wordCount":186,"commentCount":0,"publisher":{"@id":"https:\/\/www.sonoraenequipo.com.mx\/#organization"},"image":{"@id":"https:\/\/www.sonoraenequipo.com.mx\/nhc-advierte-de-la-posible-formacion-de-una-depresion-tropical-al-sur-del-pais\/#primaryimage"},"thumbnailUrl":"https:\/\/www.sonoraenequipo.com.mx\/storage\/2021\/08\/nhc240821.jpg","keywords":["depresi\u00f3n tropical","nhc"],"articleSection":["Rep\u00fablica"],"inLanguage":"es","potentialAction":[{"@type":"CommentAction","name":"Comment","target":["https:\/\/www.sonoraenequipo.com.mx\/nhc-advierte-de-la-posible-formacion-de-una-depresion-tropical-al-sur-del-pais\/#respond"]}]},{"@type":"WebPage","@id":"https:\/\/www.sonoraenequipo.com.mx\/nhc-advierte-de-la-posible-formacion-de-una-depresion-tropical-al-sur-del-pais\/","url":"https:\/\/www.sonoraenequipo.com.mx\/nhc-advierte-de-la-posible-formacion-de-una-depresion-tropical-al-sur-del-pais\/","name":"Sonora en Equipo. NHC advierte de la posible formaci\u00f3n de una depresi\u00f3n tropical al sur del pa\u00eds Rep\u00fablica","isPartOf":{"@id":"https:\/\/www.sonoraenequipo.com.mx\/#website"},"primaryImageOfPage":{"@id":"https:\/\/www.sonoraenequipo.com.mx\/nhc-advierte-de-la-posible-formacion-de-una-depresion-tropical-al-sur-del-pais\/#primaryimage"},"image":{"@id":"https:\/\/www.sonoraenequipo.com.mx\/nhc-advierte-de-la-posible-formacion-de-una-depresion-tropical-al-sur-del-pais\/#primaryimage"},"thumbnailUrl":"https:\/\/www.sonoraenequipo.com.mx\/storage\/2021\/08\/nhc240821.jpg","datePublished":"2021-08-25T14:00:18+00:00","description":"NHC advierte de la posible formaci\u00f3n de una depresi\u00f3n tropical al sur del pa\u00eds &nbsp; &nbsp; HERMOSILLO, SONORA,MX.\u2500\u2500 \u00a0El NHC Centro Nacional de Huracanes En Sonora en Equipo publicamos toda la informaci\u00f3n de Sonora, M\u00e9xico y el Mundo de manera oportuna y busca que la libertad de expresi\u00f3n sea real. Visita nuestro medio informativo publicado desde Hermosillo, Sonora. %","breadcrumb":{"@id":"https:\/\/www.sonoraenequipo.com.mx\/nhc-advierte-de-la-posible-formacion-de-una-depresion-tropical-al-sur-del-pais\/#breadcrumb"},"inLanguage":"es","potentialAction":[{"@type":"ReadAction","target":["https:\/\/www.sonoraenequipo.com.mx\/nhc-advierte-de-la-posible-formacion-de-una-depresion-tropical-al-sur-del-pais\/"]}]},{"@type":"ImageObject","inLanguage":"es","@id":"https:\/\/www.sonoraenequipo.com.mx\/nhc-advierte-de-la-posible-formacion-de-una-depresion-tropical-al-sur-del-pais\/#primaryimage","url":"https:\/\/www.sonoraenequipo.com.mx\/storage\/2021\/08\/nhc240821.jpg","contentUrl":"https:\/\/www.sonoraenequipo.com.mx\/storage\/2021\/08\/nhc240821.jpg","width":700,"height":400},{"@type":"BreadcrumbList","@id":"https:\/\/www.sonoraenequipo.com.mx\/nhc-advierte-de-la-posible-formacion-de-una-depresion-tropical-al-sur-del-pais\/#breadcrumb","itemListElement":[{"@type":"ListItem","position":1,"name":"Portada","item":"https:\/\/www.sonoraenequipo.com.mx\/"},{"@type":"ListItem","position":2,"name":"NHC advierte de la posible formaci\u00f3n de una depresi\u00f3n tropical al sur del pa\u00eds"}]},{"@type":"WebSite","@id":"https:\/\/www.sonoraenequipo.com.mx\/#website","url":"https:\/\/www.sonoraenequipo.com.mx\/","name":"Sonora en Equipo.","description":"Diario en l\u00ednea con Noticias desde Hermosillo, Sonora","publisher":{"@id":"https:\/\/www.sonoraenequipo.com.mx\/#organization"},"potentialAction":[{"@type":"SearchAction","target":{"@type":"EntryPoint","urlTemplate":"https:\/\/www.sonoraenequipo.com.mx\/?s={search_term_string}"},"query-input":{"@type":"PropertyValueSpecification","valueRequired":true,"valueName":"search_term_string"}}],"inLanguage":"es"},{"@type":"Organization","@id":"https:\/\/www.sonoraenequipo.com.mx\/#organization","name":"Sonoraenequipo.com.mx","url":"https:\/\/www.sonoraenequipo.com.mx\/","logo":{"@type":"ImageObject","inLanguage":"es","@id":"https:\/\/www.sonoraenequipo.com.mx\/#\/schema\/logo\/image\/","url":"https:\/\/www.sonoraenequipo.com.mx\/storage\/2019\/01\/sonoraenequipo_opt.png","contentUrl":"https:\/\/www.sonoraenequipo.com.mx\/storage\/2019\/01\/sonoraenequipo_opt.png","width":375,"height":125,"caption":"Sonoraenequipo.com.mx"},"image":{"@id":"https:\/\/www.sonoraenequipo.com.mx\/#\/schema\/logo\/image\/"},"sameAs":["https:\/\/www.facebook.com\/SonoraEE\/","https:\/\/x.com\/sonoraenequipo","https:\/\/www.youtube.com\/channel\/UC338nW-lPEYmJQs4ZABQ1SQ"]},{"@type":"Person","@id":"https:\/\/www.sonoraenequipo.com.mx\/#\/schema\/person\/50102df0fb23a8fa9e8effad8fa81386","name":"enequipo","image":{"@type":"ImageObject","inLanguage":"es","@id":"https:\/\/www.sonoraenequipo.com.mx\/#\/schema\/person\/image\/","url":"https:\/\/secure.gravatar.com\/avatar\/049821681b589dabc0bc20695993ccebb09f5b5d4d790cd9251b97faac7c652b?s=96&d=blank&r=g","contentUrl":"https:\/\/secure.gravatar.com\/avatar\/049821681b589dabc0bc20695993ccebb09f5b5d4d790cd9251b97faac7c652b?s=96&d=blank&r=g","caption":"enequipo"},"sameAs":["https:\/\/www.facebook.com\/SonoraEE"]}]}},"jetpack_featured_media_url":"https:\/\/www.sonoraenequipo.com.mx\/storage\/2021\/08\/nhc240821.jpg","_links":{"self":[{"href":"https:\/\/www.sonoraenequipo.com.mx\/api\/wp\/v2\/posts\/121369","targetHints":{"allow":["GET"]}}],"collection":[{"href":"https:\/\/www.sonoraenequipo.com.mx\/api\/wp\/v2\/posts"}],"about":[{"href":"https:\/\/www.sonoraenequipo.com.mx\/api\/wp\/v2\/types\/post"}],"author":[{"embeddable":true,"href":"https:\/\/www.sonoraenequipo.com.mx\/api\/wp\/v2\/users\/1"}],"replies":[{"embeddable":true,"href":"https:\/\/www.sonoraenequipo.com.mx\/api\/wp\/v2\/comments?post=121369"}],"version-history":[{"count":1,"href":"https:\/\/www.sonoraenequipo.com.mx\/api\/wp\/v2\/posts\/121369\/revisions"}],"predecessor-version":[{"id":121371,"href":"https:\/\/www.sonoraenequipo.com.mx\/api\/wp\/v2\/posts\/121369\/revisions\/121371"}],"wp:featuredmedia":[{"embeddable":true,"href":"https:\/\/www.sonoraenequipo.com.mx\/api\/wp\/v2\/media\/121370"}],"wp:attachment":[{"href":"https:\/\/www.sonoraenequipo.com.mx\/api\/wp\/v2\/media?parent=121369"}],"wp:term":[{"taxonomy":"category","embeddable":true,"href":"https:\/\/www.sonoraenequipo.com.mx\/api\/wp\/v2\/categories?post=121369"},{"taxonomy":"post_tag","embeddable":true,"href":"https:\/\/www.sonoraenequipo.com.mx\/api\/wp\/v2\/tags?post=121369"}],"curies":[{"name":"wp","href":"https:\/\/api.w.org\/{rel}","templated":true}]}}