{"id":121379,"date":"2021-08-25T06:00:23","date_gmt":"2021-08-25T13:00:23","guid":{"rendered":"https:\/\/www.sonoraenequipo.com.mx\/?p=121379"},"modified":"2021-08-25T11:42:31","modified_gmt":"2021-08-25T18:42:31","slug":"acciones-policiales-para-la-seguridad-de-hermosillo-8","status":"publish","type":"post","link":"https:\/\/www.sonoraenequipo.com.mx\/acciones-policiales-para-la-seguridad-de-hermosillo-8\/","title":{"rendered":"Acciones Policiales para la Seguridad de Hermosillo"},"content":{"rendered":"<h3>Detenidos<\/h3>\n<p>&nbsp;<\/p>\n<p> <\/p>\n<p>&nbsp;<\/p>\n<p><strong>El Sahuaro. &#8211;<\/strong> Por allanamiento de morada se detuvo a Juan Carlos \u00abN\u00bb, de 34 a\u00f1os, en las calles Roberto Romero y Vicente Mora, a las 19:35 horas.<\/p>\n<p>&nbsp;<\/p>\n<p>La afectada se encontraba en otro domicilio cuando un vecino la alert\u00f3 v\u00eda telef\u00f3nica de que se escuchaban ruidos en su traspatio, por lo que solicit\u00f3 ayuda policial y al llegar los elementos solicit\u00f3 que revisaran su patio.<\/p>\n<p>&nbsp;<\/p>\n<p>Al hacer esto, los agentes encontraron al hoy detenido dentro de la propiedad, asegur\u00e1ndolo y present\u00e1ndolo a la afectada, quien dijo no conocerlo, por lo que se le puso a disposici\u00f3n del Ministerio P\u00fablico.<\/p>\n<p>&nbsp;<\/p>\n<p><strong>Villa Verde. &#8211;<\/strong> A las 09:15 horas de ayer martes se detuvo a Jorge \u00abN\u00bb, de 47 a\u00f1os, en las calles San Miguel y San Ren\u00e9 por delitos contra la salud tras ser sorprendido en posesi\u00f3n de 11 envoltorios con aparente metanfetamina.<\/p>\n<p>&nbsp;<\/p>\n<p>Los agentes vieron al sujeto cuando trat\u00f3 de evadirlos y se aproximaron para una inspecci\u00f3n de rutina, encontrando oculta entre su ropa la sustancia.<\/p>\n<p>&nbsp;<\/p>\n<p>Tras el hallazgo se notific\u00f3 a la autoridad correspondiente, quien orden\u00f3 su puesta a disposici\u00f3n.<\/p>\n<p>&nbsp;<\/p>\n<p><strong>Caf\u00e9 Combate. &#8211;<\/strong> Adolfo \u00abN\u00bb, de 56 a\u00f1os, fue detenido por robo con violencia al Centro H\u00e1bitat ubicado en las calles Puerto Vallarta y Chapala, a las 10:15 horas del martes.<\/p>\n<p>&nbsp;<\/p>\n<p>El sujeto fue sorprendido en flagrancia mientras cortaba los cables de un registro el\u00e9ctrico y se le intercept\u00f3 asegurando unas pinzas y los cables como materia constitutiva de delito.<\/p>\n<p>&nbsp;<\/p>\n<p>De igual forma el individuo fue turnado a la Agencia del Ministerio P\u00fablico para que se realicen las diligencias legales pertinentes.<\/p>\n<p>&nbsp;<\/p>\n<p><strong>Los Manantiales. &#8211;<\/strong> Por delitos sexuales se detuvo a Mart\u00edn Rolando \u00abN\u00bb, de 37 a\u00f1os, quien fuera delatado por su v\u00edctima en un supermercado ubicado en los bulevares Solidaridad y Juan Bautista Escalante, esto a las 08:27 horas de ayer.<\/p>\n<p>&nbsp;<\/p>\n<p>En el sitio la afectada, joven de 28 a\u00f1os, se\u00f1al\u00f3 al hoy detenido como quien momentos antes la segu\u00eda por los pasillos del centro comercial mostr\u00e1ndoles sus genitales y masturb\u00e1ndose mientras le hac\u00eda insinuaciones sexuales.<\/p>\n<p>&nbsp;<\/p>\n<p>Ante estos, de inmediato se asegur\u00f3 al individuo para ponerlo a disposici\u00f3n del Ministerio P\u00fablico correspondiente.<\/p>\n<p>&nbsp;<\/p>\n<p><strong>Caf\u00e9 Combate. &#8211;<\/strong> Tras ser sorprendido con una solera se detuvo a Marco Antonio \u00abN\u00bb, de 23 a\u00f1os, en las calles Jalostitl\u00e1n y Tepatitl\u00e1n a las 10:49 horas.<\/p>\n<p>&nbsp;<\/p>\n<p>Los elementos vigilaban la zona cuando vieron al hoy detenido y al hacer contacto \u00e9ste trat\u00f3 de escapar con direcci\u00f3n al cerro, siendo interceptado y revisado.<\/p>\n<p>&nbsp;<\/p>\n<p>De esta forma se encontr\u00f3 el arma prohibida fajada a su cintura, motivo para su detenci\u00f3n y puesta a disposici\u00f3n.<\/p>\n<p>&nbsp;<\/p>\n<p><strong>Centro.-<\/strong> Miguel \u00c1ngel \u00abN\u00bb, de 41 a\u00f1os, fue detenido a la 1:30 horas de esta madrugada de mi\u00e9rcoles en las calles Rosales, entre Sonora y Oaxaca, de la colonia Centro, por el delito de allanamiento a una escuela primaria y portaci\u00f3n de arma prohibida.<\/p>\n<p>&nbsp;<\/p>\n<p>Elementos municipales recibieron un reporte que en la primaria ubicada en el lugar estaba una persona en su interior.<\/p>\n<p>&nbsp;<\/p>\n<p>Al llegar al lugar tuvieron a la vista al hombre reportado, el cual fue asegurado en el interior del plantel, siendo detenido de inmediato y al realizarle una revisi\u00f3n se le asegur\u00f3 un arma prohibida tipo solera, por lo que fue remitido ante el Ministerio P\u00fablico.<\/p>\n<p>&nbsp;<\/p>\n<p><strong>Olivares.-<\/strong> En las calles Luis Orc\u00ed y L\u00f3pez del Castillo fue detenido esta madrugada de mi\u00e9rcoles Kevin Alexis \u00abN\u00bb, de 24 a\u00f1os, por el delito de portaci\u00f3n de arma prohibida.<\/p>\n<p>&nbsp;<\/p>\n<p>Agentes municipales de la unidad 230 realizaban recorridos de vigilancia en la zona cuando se percatan de la presencia de un joven que al verlos acercarse toma una actitud evasiva, intentando huir.<\/p>\n<p>&nbsp;<\/p>\n<p>Al darle alcance y revisarlo se le localiz\u00f3 un arma tipo solera, oculta entre sus ropas.<\/p>\n<p>&nbsp;<\/p>\n<p>Esta misma persona fue se\u00f1alada por medio de videos de videovigilancia cometiendo un delito de robo en un comercio ubicado en las calles Jos\u00e9 M. Mendoza y Manuel I. Loaiza durante la noche del martes.<\/p>\n<p>&nbsp;<\/p>\n<p><strong>Camino Real.-<\/strong> A las 23:10 horas de ayer martes se logr\u00f3 la detenci\u00f3n de quien dijo llamarse Joel Adoniram \u201cN\u201d, de 35 a\u00f1os, por el delito de allanamiento de morada, esto en las calles Miguel Negrete y Sahuaro, de la colonia Camino Real.<\/p>\n<p>&nbsp;<\/p>\n<p>Ah\u00ed se entrevistaron con el propietario del inmueble, quien dijo que hab\u00eda hecho la llamada al n\u00famero de emergencia porque escuch\u00f3 ruidos en el techo del domicilio.<\/p>\n<p>&nbsp;<\/p>\n<p>Al ingresar y revisar el patio trasero se percataron de la presencia de un hombre de complexi\u00f3n delgada, tez morena, el cual fue asegurado de inmediato.<\/p>\n<p>&nbsp;<\/p>\n<h3>Atenci\u00f3n a la ciudadan\u00eda<\/h3>\n<p>&nbsp;<\/p>\n<p><strong>El Cortijo Unison<\/strong>. &#8211; Se entreg\u00f3 un menor extraviado a su madre, esto en las instalaciones de la base de Polic\u00eda Zona Cuatro, ubicada en las calles Olivares y Pilares, a las 20:00 horas.<\/p>\n<p>&nbsp;<\/p>\n<p>En el sitio se ten\u00eda bajo resguardo al menor a las 18:45 horas, cuando una mujer lleg\u00f3 a entregarlo, pues lo encontr\u00f3 en la calle desorientado y asustado.<\/p>\n<p>&nbsp;<\/p>\n<p>El ni\u00f1o, de tres a\u00f1os de edad, se mantuvo a resguardo hasta que, a las 20:00 horas lleg\u00f3 la madre a solicitar ayuda, pues su hijo hab\u00eda salido de su casa, siendo de esta forma que se le present\u00f3 al menor asegurado, al que de inmediato reconoci\u00f3 como su hijo.<\/p>\n<p>&nbsp;<\/p>\n<h3>Atenci\u00f3n a reportes<\/h3>\n<p>&nbsp;<\/p>\n<p><strong>Solidaridad.<\/strong> &#8211; Se tom\u00f3 nota de robo con violencia en perjuicio de un gimnasio de las calles Sierra Colorada y bulevar Juan Bautista Escalante, a las 10:20 horas de ayer.<\/p>\n<p>&nbsp;<\/p>\n<p>En el lugar los elementos se entrevistaron con el instructor, quien dijo que al llegar para iniciar labores se percat\u00f3 de da\u00f1os en el techo y not\u00f3 la ausencia de una bocina, dos c\u00e1maras de v\u00eddeo y dinero en efectivo.<\/p>\n<p>&nbsp;<\/p>\n<p>Se elabor\u00f3 IPH del hecho y se le orient\u00f3 para que interponga la denuncia correspondiente ante la FGJE.<\/p>\n<p>&nbsp;<\/p>\n<p><strong>La Campi\u00f1a.-<\/strong> Esta madrugada de mi\u00e9rcoles se tom\u00f3 nota de da\u00f1os ocasionados al cableado de una empresa de telefon\u00eda fija, esto en las calles Antonio Quiroga y La Campi\u00f1a, de la colonia La Campi\u00f1a.<\/p>\n<p>&nbsp;<\/p>\n<p>Agentes municipales recibieron la orden de acudir a dichas calles, donde se reportaba da\u00f1os en la l\u00ednea de cableado de la empresa.<\/p>\n<p>&nbsp;<\/p>\n<p>En el lugar, el supervisor de seguridad de una empresa privada dijo que minutos antes hab\u00edan recibido la alerta por el corte de cableado, acudiendo al sitio para corroborar la situaci\u00f3n.<\/p>\n<p>&nbsp;<\/p>\n<p>Al revisar se percataron de los da\u00f1os ocasionados.<\/p>\n<p>&nbsp;<\/p>\n<p><strong>Pueblitos.-<\/strong> Ayer por la noche, a las 21:51 horas, elementos de la Polic\u00eda de Hermosillo tomaron nota de un robo con violencia cometido contra una persona en las calles Pueblo Grande y Agust\u00edn Zamora, en la colonia Pueblitos.<\/p>\n<p>&nbsp;<\/p>\n<p>Al llegar a las calles mencionadas, los oficiales se entrevistaron con el afectado, de 63 a\u00f1os, el cual dijo que aproximadamente una hora y media antes hab\u00eda sido robado por dos sujetos, quienes lo amarraron de las mu\u00f1ecas para quitarle las llaves de una bodega de herramienta, intentando abrir, pero no lograron su objetivo, pero le quitaron a \u00e9l dinero en efectivo y un tel\u00e9fono celular, adem\u00e1s de una mochila con una l\u00e1mpara y un radio.<\/p>\n<p>&nbsp;<\/p>\n<p>El reportante dijo que hasta las 21:30 horas le prestaron auxilio para liberarse y realiz\u00f3 la llamada al n\u00famero de emergencia.<\/p>\n<p>&nbsp;<\/p>\n<p><strong>Bugambilias.\u00ad-<\/strong> En las calles Uno y avenida Uno, de la colonia Bugambilias se tom\u00f3 nota de los da\u00f1os que fueron ocasionados a una tienda de conveniencia ubicada en dicho sitio.<\/p>\n<p>&nbsp;<\/p>\n<p>A Las 4:10 horas de este mi\u00e9rcoles se arrib\u00f3 al sitio, donde los agentes se entrevistaron con el guardia de una empresa de alarmas, el cual les inform\u00f3 que hab\u00edan recibido el reporte de la activaci\u00f3n de la alarma, percat\u00e1ndose que los vidrios contaban con da\u00f1os.<\/p>\n<p>&nbsp;<\/p>\n<p>Se inform\u00f3 que se requer\u00eda de un arqueo general para reportar el monto del robo cometido, por lo que se les orient\u00f3 a interponer la denuncia correspondiente ante el Ministerio P\u00fablico.<\/p>\n<p>&nbsp;<\/p>\n<h3>Emergencias<\/h3>\n<p>&nbsp;<\/p>\n<p><strong>El Jito. &#8211;<\/strong> Se tom\u00f3 nota del fallecimiento de un hombre de 32 a\u00f1os por electrocuci\u00f3n en el Cerro de la Cementera a las 19:00 horas.<\/p>\n<p>&nbsp;<\/p>\n<p>En el sitio los agentes se encontraron con un ingeniero de mantenimiento de conocido grupo radiof\u00f3nica, quien indic\u00f3 que el cuerpo del trabajador se encontraba suspendido entre dos postes, sobre un transformador el\u00e9ctrico.<\/p>\n<p>&nbsp;<\/p>\n<p>La muerte fue certificada por personal de Cruz Roja y se dej\u00f3 la escena a disposici\u00f3n de peritos y forenses de la FGJE.<\/p>\n<p>&nbsp;<\/p>\n<p><strong>Palo Verde.-<\/strong> Esta madrugada de mi\u00e9rcoles result\u00f3 lesionado con arma blanca una persona del sexo masculino, de 57 a\u00f1os, en las calles Tercera y Jes\u00fas Lopez, de la colonia Palo Verde.<\/p>\n<p>&nbsp;<\/p>\n<p>A las 00:15 horas de hoy, elementos de la unidad 047 acudieron a las calles mencionadas, donde se informaba que estaba el reportante lesionado.<\/p>\n<p>&nbsp;<\/p>\n<p>La persona afectada dijo que al estar vigilando un domicilio por las calles Benito Ju\u00e1rez y Cuarta lleg\u00f3 un sujeto joven el cual sin mediar palabra lo atac\u00f3 con un cuchillo, provoc\u00e1ndole una herida en el pecho.<\/p>\n<p>&nbsp;<\/p>\n<p>Personal de Cruz Roja traslad\u00f3 al lesionado a recibir atenci\u00f3n m\u00e9dica al hospital.<\/p>\n<p>&nbsp;<\/p>\n<p>(Publicada el 25\/08\/2021)<\/p>\n","protected":false},"excerpt":{"rendered":"<p>Detenidos &nbsp;<\/p>\n","protected":false},"author":1,"featured_media":121376,"comment_status":"open","ping_status":"open","sticky":false,"template":"","format":"standard","meta":{"_monsterinsights_skip_tracking":false,"_monsterinsights_sitenote_active":false,"_monsterinsights_sitenote_note":"","_monsterinsights_sitenote_category":0,"footnotes":""},"categories":[3144],"tags":[],"class_list":["post"],"yoast_head":" \n<title>Sonora en Equipo. Acciones Policiales para la Seguridad de Hermosillo Polic\u00edaca<\/title>\n<meta name=\"description\" content=\"Detenidos &nbsp; &nbsp; El Sahuaro. - Por allanamiento de morada se detuvo a Juan Carlos &quot;N&quot;, de 34 a\u00f1os, en las calles Roberto Romero y Vicente Mora, a En Sonora en Equipo publicamos toda la informaci\u00f3n de Sonora, M\u00e9xico y el Mundo de manera oportuna y busca que la libertad de expresi\u00f3n sea real. Visita nuestro medio informativo publicado desde Hermosillo, Sonora. %\" \/>\n<meta name=\"robots\" content=\"index, follow, max-snippet:-1, max-image-preview:large, max-video-preview:-1\" \/>\n<link rel=\"canonical\" href=\"https:\/\/www.sonoraenequipo.com.mx\/acciones-policiales-para-la-seguridad-de-hermosillo-8\/\" \/>\n<meta property=\"og:locale\" content=\"es_ES\" \/>\n<meta property=\"og:type\" content=\"article\" \/>\n<meta property=\"og:title\" content=\"Sonora en Equipo. Acciones Policiales para la Seguridad de Hermosillo Polic\u00edaca\" \/>\n<meta property=\"og:description\" content=\"Detenidos &nbsp; &nbsp; El Sahuaro. - Por allanamiento de morada se detuvo a Juan Carlos &quot;N&quot;, de 34 a\u00f1os, en las calles Roberto Romero y Vicente Mora, a En Sonora en Equipo publicamos toda la informaci\u00f3n de Sonora, M\u00e9xico y el Mundo de manera oportuna y busca que la libertad de expresi\u00f3n sea real. Visita nuestro medio informativo publicado desde Hermosillo, Sonora. %\" \/>\n<meta property=\"og:url\" content=\"https:\/\/www.sonoraenequipo.com.mx\/acciones-policiales-para-la-seguridad-de-hermosillo-8\/\" \/>\n<meta property=\"og:site_name\" content=\"Sonora en Equipo.\" \/>\n<meta property=\"article:publisher\" content=\"https:\/\/www.facebook.com\/SonoraEE\/\" \/>\n<meta property=\"article:author\" content=\"https:\/\/www.facebook.com\/SonoraEE\" \/>\n<meta property=\"article:published_time\" content=\"2021-08-25T13:00:23+00:00\" \/>\n<meta property=\"article:modified_time\" content=\"2021-08-25T18:42:31+00:00\" \/>\n<meta property=\"og:image\" content=\"https:\/\/www.sonoraenequipo.com.mx\/storage\/2021\/08\/violencia-Ayuntamiento-de-Hermosillo_opt.jpg\" \/>\n\t<meta property=\"og:image:width\" content=\"700\" \/>\n\t<meta property=\"og:image:height\" content=\"400\" \/>\n\t<meta property=\"og:image:type\" content=\"image\/jpeg\" \/>\n<meta name=\"author\" content=\"enequipo\" \/>\n<meta name=\"twitter:card\" content=\"summary_large_image\" \/>\n<meta name=\"twitter:creator\" content=\"@sonoraenequipo\" \/>\n<meta name=\"twitter:site\" content=\"@sonoraenequipo\" \/>\n<meta name=\"twitter:label1\" content=\"Escrito por\" \/>\n\t<meta name=\"twitter:data1\" content=\"enequipo\" \/>\n\t<meta name=\"twitter:label2\" content=\"Tiempo de lectura\" \/>\n\t<meta name=\"twitter:data2\" content=\"7 minutos\" \/>\n<script type=\"application\/ld+json\" class=\"yoast-schema-graph\">{\"@context\":\"https:\/\/schema.org\",\"@graph\":[{\"@type\":\"Article\",\"@id\":\"https:\/\/www.sonoraenequipo.com.mx\/acciones-policiales-para-la-seguridad-de-hermosillo-8\/#article\",\"isPartOf\":{\"@id\":\"https:\/\/www.sonoraenequipo.com.mx\/acciones-policiales-para-la-seguridad-de-hermosillo-8\/\"},\"author\":{\"name\":\"enequipo\",\"@id\":\"https:\/\/www.sonoraenequipo.com.mx\/#\/schema\/person\/50102df0fb23a8fa9e8effad8fa81386\"},\"headline\":\"Acciones Policiales para la Seguridad de Hermosillo\",\"datePublished\":\"2021-08-25T13:00:23+00:00\",\"dateModified\":\"2021-08-25T18:42:31+00:00\",\"mainEntityOfPage\":{\"@id\":\"https:\/\/www.sonoraenequipo.com.mx\/acciones-policiales-para-la-seguridad-de-hermosillo-8\/\"},\"wordCount\":1614,\"commentCount\":0,\"publisher\":{\"@id\":\"https:\/\/www.sonoraenequipo.com.mx\/#organization\"},\"image\":{\"@id\":\"https:\/\/www.sonoraenequipo.com.mx\/acciones-policiales-para-la-seguridad-de-hermosillo-8\/#primaryimage\"},\"thumbnailUrl\":\"https:\/\/www.sonoraenequipo.com.mx\/storage\/2021\/08\/violencia-Ayuntamiento-de-Hermosillo_opt.jpg\",\"articleSection\":[\"Polic\u00edaca\"],\"inLanguage\":\"es\",\"potentialAction\":[{\"@type\":\"CommentAction\",\"name\":\"Comment\",\"target\":[\"https:\/\/www.sonoraenequipo.com.mx\/acciones-policiales-para-la-seguridad-de-hermosillo-8\/#respond\"]}]},{\"@type\":\"WebPage\",\"@id\":\"https:\/\/www.sonoraenequipo.com.mx\/acciones-policiales-para-la-seguridad-de-hermosillo-8\/\",\"url\":\"https:\/\/www.sonoraenequipo.com.mx\/acciones-policiales-para-la-seguridad-de-hermosillo-8\/\",\"name\":\"Sonora en Equipo. Acciones Policiales para la Seguridad de Hermosillo Polic\u00edaca\",\"isPartOf\":{\"@id\":\"https:\/\/www.sonoraenequipo.com.mx\/#website\"},\"primaryImageOfPage\":{\"@id\":\"https:\/\/www.sonoraenequipo.com.mx\/acciones-policiales-para-la-seguridad-de-hermosillo-8\/#primaryimage\"},\"image\":{\"@id\":\"https:\/\/www.sonoraenequipo.com.mx\/acciones-policiales-para-la-seguridad-de-hermosillo-8\/#primaryimage\"},\"thumbnailUrl\":\"https:\/\/www.sonoraenequipo.com.mx\/storage\/2021\/08\/violencia-Ayuntamiento-de-Hermosillo_opt.jpg\",\"datePublished\":\"2021-08-25T13:00:23+00:00\",\"dateModified\":\"2021-08-25T18:42:31+00:00\",\"description\":\"Detenidos &nbsp; &nbsp; El Sahuaro. - Por allanamiento de morada se detuvo a Juan Carlos \\\"N\\\", de 34 a\u00f1os, en las calles Roberto Romero y Vicente Mora, a En Sonora en Equipo publicamos toda la informaci\u00f3n de Sonora, M\u00e9xico y el Mundo de manera oportuna y busca que la libertad de expresi\u00f3n sea real. Visita nuestro medio informativo publicado desde Hermosillo, Sonora. %\",\"breadcrumb\":{\"@id\":\"https:\/\/www.sonoraenequipo.com.mx\/acciones-policiales-para-la-seguridad-de-hermosillo-8\/#breadcrumb\"},\"inLanguage\":\"es\",\"potentialAction\":[{\"@type\":\"ReadAction\",\"target\":[\"https:\/\/www.sonoraenequipo.com.mx\/acciones-policiales-para-la-seguridad-de-hermosillo-8\/\"]}]},{\"@type\":\"ImageObject\",\"inLanguage\":\"es\",\"@id\":\"https:\/\/www.sonoraenequipo.com.mx\/acciones-policiales-para-la-seguridad-de-hermosillo-8\/#primaryimage\",\"url\":\"https:\/\/www.sonoraenequipo.com.mx\/storage\/2021\/08\/violencia-Ayuntamiento-de-Hermosillo_opt.jpg\",\"contentUrl\":\"https:\/\/www.sonoraenequipo.com.mx\/storage\/2021\/08\/violencia-Ayuntamiento-de-Hermosillo_opt.jpg\",\"width\":700,\"height\":400},{\"@type\":\"BreadcrumbList\",\"@id\":\"https:\/\/www.sonoraenequipo.com.mx\/acciones-policiales-para-la-seguridad-de-hermosillo-8\/#breadcrumb\",\"itemListElement\":[{\"@type\":\"ListItem\",\"position\":1,\"name\":\"Portada\",\"item\":\"https:\/\/www.sonoraenequipo.com.mx\/\"},{\"@type\":\"ListItem\",\"position\":2,\"name\":\"Acciones Policiales para la Seguridad de Hermosillo\"}]},{\"@type\":\"WebSite\",\"@id\":\"https:\/\/www.sonoraenequipo.com.mx\/#website\",\"url\":\"https:\/\/www.sonoraenequipo.com.mx\/\",\"name\":\"Sonora en Equipo.\",\"description\":\"Diario en l\u00ednea con Noticias desde Hermosillo, Sonora\",\"publisher\":{\"@id\":\"https:\/\/www.sonoraenequipo.com.mx\/#organization\"},\"potentialAction\":[{\"@type\":\"SearchAction\",\"target\":{\"@type\":\"EntryPoint\",\"urlTemplate\":\"https:\/\/www.sonoraenequipo.com.mx\/?s={search_term_string}\"},\"query-input\":{\"@type\":\"PropertyValueSpecification\",\"valueRequired\":true,\"valueName\":\"search_term_string\"}}],\"inLanguage\":\"es\"},{\"@type\":\"Organization\",\"@id\":\"https:\/\/www.sonoraenequipo.com.mx\/#organization\",\"name\":\"Sonoraenequipo.com.mx\",\"url\":\"https:\/\/www.sonoraenequipo.com.mx\/\",\"logo\":{\"@type\":\"ImageObject\",\"inLanguage\":\"es\",\"@id\":\"https:\/\/www.sonoraenequipo.com.mx\/#\/schema\/logo\/image\/\",\"url\":\"https:\/\/www.sonoraenequipo.com.mx\/storage\/2019\/01\/sonoraenequipo_opt.png\",\"contentUrl\":\"https:\/\/www.sonoraenequipo.com.mx\/storage\/2019\/01\/sonoraenequipo_opt.png\",\"width\":375,\"height\":125,\"caption\":\"Sonoraenequipo.com.mx\"},\"image\":{\"@id\":\"https:\/\/www.sonoraenequipo.com.mx\/#\/schema\/logo\/image\/\"},\"sameAs\":[\"https:\/\/www.facebook.com\/SonoraEE\/\",\"https:\/\/x.com\/sonoraenequipo\",\"https:\/\/www.youtube.com\/channel\/UC338nW-lPEYmJQs4ZABQ1SQ\"]},{\"@type\":\"Person\",\"@id\":\"https:\/\/www.sonoraenequipo.com.mx\/#\/schema\/person\/50102df0fb23a8fa9e8effad8fa81386\",\"name\":\"enequipo\",\"image\":{\"@type\":\"ImageObject\",\"inLanguage\":\"es\",\"@id\":\"https:\/\/www.sonoraenequipo.com.mx\/#\/schema\/person\/image\/\",\"url\":\"https:\/\/secure.gravatar.com\/avatar\/049821681b589dabc0bc20695993ccebb09f5b5d4d790cd9251b97faac7c652b?s=96&d=blank&r=g\",\"contentUrl\":\"https:\/\/secure.gravatar.com\/avatar\/049821681b589dabc0bc20695993ccebb09f5b5d4d790cd9251b97faac7c652b?s=96&d=blank&r=g\",\"caption\":\"enequipo\"},\"sameAs\":[\"https:\/\/www.facebook.com\/SonoraEE\"]}]}<\/script>\n ","yoast_head_json":{"title":"Sonora en Equipo. Acciones Policiales para la Seguridad de Hermosillo Polic\u00edaca","description":"Detenidos &nbsp; &nbsp; El Sahuaro. - Por allanamiento de morada se detuvo a Juan Carlos \"N\", de 34 a\u00f1os, en las calles Roberto Romero y Vicente Mora, a En Sonora en Equipo publicamos toda la informaci\u00f3n de Sonora, M\u00e9xico y el Mundo de manera oportuna y busca que la libertad de expresi\u00f3n sea real. Visita nuestro medio informativo publicado desde Hermosillo, Sonora. %","robots":{"index":"index","follow":"follow","max-snippet":"max-snippet:-1","max-image-preview":"max-image-preview:large","max-video-preview":"max-video-preview:-1"},"canonical":"https:\/\/www.sonoraenequipo.com.mx\/acciones-policiales-para-la-seguridad-de-hermosillo-8\/","og_locale":"es_ES","og_type":"article","og_title":"Sonora en Equipo. Acciones Policiales para la Seguridad de Hermosillo Polic\u00edaca","og_description":"Detenidos &nbsp; &nbsp; El Sahuaro. - Por allanamiento de morada se detuvo a Juan Carlos \"N\", de 34 a\u00f1os, en las calles Roberto Romero y Vicente Mora, a En Sonora en Equipo publicamos toda la informaci\u00f3n de Sonora, M\u00e9xico y el Mundo de manera oportuna y busca que la libertad de expresi\u00f3n sea real. Visita nuestro medio informativo publicado desde Hermosillo, Sonora. %","og_url":"https:\/\/www.sonoraenequipo.com.mx\/acciones-policiales-para-la-seguridad-de-hermosillo-8\/","og_site_name":"Sonora en Equipo.","article_publisher":"https:\/\/www.facebook.com\/SonoraEE\/","article_author":"https:\/\/www.facebook.com\/SonoraEE","article_published_time":"2021-08-25T13:00:23+00:00","article_modified_time":"2021-08-25T18:42:31+00:00","og_image":[{"width":700,"height":400,"url":"https:\/\/www.sonoraenequipo.com.mx\/storage\/2021\/08\/violencia-Ayuntamiento-de-Hermosillo_opt.jpg","type":"image\/jpeg"}],"author":"enequipo","twitter_card":"summary_large_image","twitter_creator":"@sonoraenequipo","twitter_site":"@sonoraenequipo","twitter_misc":{"Escrito por":"enequipo","Tiempo de lectura":"7 minutos"},"schema":{"@context":"https:\/\/schema.org","@graph":[{"@type":"Article","@id":"https:\/\/www.sonoraenequipo.com.mx\/acciones-policiales-para-la-seguridad-de-hermosillo-8\/#article","isPartOf":{"@id":"https:\/\/www.sonoraenequipo.com.mx\/acciones-policiales-para-la-seguridad-de-hermosillo-8\/"},"author":{"name":"enequipo","@id":"https:\/\/www.sonoraenequipo.com.mx\/#\/schema\/person\/50102df0fb23a8fa9e8effad8fa81386"},"headline":"Acciones Policiales para la Seguridad de Hermosillo","datePublished":"2021-08-25T13:00:23+00:00","dateModified":"2021-08-25T18:42:31+00:00","mainEntityOfPage":{"@id":"https:\/\/www.sonoraenequipo.com.mx\/acciones-policiales-para-la-seguridad-de-hermosillo-8\/"},"wordCount":1614,"commentCount":0,"publisher":{"@id":"https:\/\/www.sonoraenequipo.com.mx\/#organization"},"image":{"@id":"https:\/\/www.sonoraenequipo.com.mx\/acciones-policiales-para-la-seguridad-de-hermosillo-8\/#primaryimage"},"thumbnailUrl":"https:\/\/www.sonoraenequipo.com.mx\/storage\/2021\/08\/violencia-Ayuntamiento-de-Hermosillo_opt.jpg","articleSection":["Polic\u00edaca"],"inLanguage":"es","potentialAction":[{"@type":"CommentAction","name":"Comment","target":["https:\/\/www.sonoraenequipo.com.mx\/acciones-policiales-para-la-seguridad-de-hermosillo-8\/#respond"]}]},{"@type":"WebPage","@id":"https:\/\/www.sonoraenequipo.com.mx\/acciones-policiales-para-la-seguridad-de-hermosillo-8\/","url":"https:\/\/www.sonoraenequipo.com.mx\/acciones-policiales-para-la-seguridad-de-hermosillo-8\/","name":"Sonora en Equipo. Acciones Policiales para la Seguridad de Hermosillo Polic\u00edaca","isPartOf":{"@id":"https:\/\/www.sonoraenequipo.com.mx\/#website"},"primaryImageOfPage":{"@id":"https:\/\/www.sonoraenequipo.com.mx\/acciones-policiales-para-la-seguridad-de-hermosillo-8\/#primaryimage"},"image":{"@id":"https:\/\/www.sonoraenequipo.com.mx\/acciones-policiales-para-la-seguridad-de-hermosillo-8\/#primaryimage"},"thumbnailUrl":"https:\/\/www.sonoraenequipo.com.mx\/storage\/2021\/08\/violencia-Ayuntamiento-de-Hermosillo_opt.jpg","datePublished":"2021-08-25T13:00:23+00:00","dateModified":"2021-08-25T18:42:31+00:00","description":"Detenidos &nbsp; &nbsp; El Sahuaro. - Por allanamiento de morada se detuvo a Juan Carlos \"N\", de 34 a\u00f1os, en las calles Roberto Romero y Vicente Mora, a En Sonora en Equipo publicamos toda la informaci\u00f3n de Sonora, M\u00e9xico y el Mundo de manera oportuna y busca que la libertad de expresi\u00f3n sea real. Visita nuestro medio informativo publicado desde Hermosillo, Sonora. %","breadcrumb":{"@id":"https:\/\/www.sonoraenequipo.com.mx\/acciones-policiales-para-la-seguridad-de-hermosillo-8\/#breadcrumb"},"inLanguage":"es","potentialAction":[{"@type":"ReadAction","target":["https:\/\/www.sonoraenequipo.com.mx\/acciones-policiales-para-la-seguridad-de-hermosillo-8\/"]}]},{"@type":"ImageObject","inLanguage":"es","@id":"https:\/\/www.sonoraenequipo.com.mx\/acciones-policiales-para-la-seguridad-de-hermosillo-8\/#primaryimage","url":"https:\/\/www.sonoraenequipo.com.mx\/storage\/2021\/08\/violencia-Ayuntamiento-de-Hermosillo_opt.jpg","contentUrl":"https:\/\/www.sonoraenequipo.com.mx\/storage\/2021\/08\/violencia-Ayuntamiento-de-Hermosillo_opt.jpg","width":700,"height":400},{"@type":"BreadcrumbList","@id":"https:\/\/www.sonoraenequipo.com.mx\/acciones-policiales-para-la-seguridad-de-hermosillo-8\/#breadcrumb","itemListElement":[{"@type":"ListItem","position":1,"name":"Portada","item":"https:\/\/www.sonoraenequipo.com.mx\/"},{"@type":"ListItem","position":2,"name":"Acciones Policiales para la Seguridad de Hermosillo"}]},{"@type":"WebSite","@id":"https:\/\/www.sonoraenequipo.com.mx\/#website","url":"https:\/\/www.sonoraenequipo.com.mx\/","name":"Sonora en Equipo.","description":"Diario en l\u00ednea con Noticias desde Hermosillo, Sonora","publisher":{"@id":"https:\/\/www.sonoraenequipo.com.mx\/#organization"},"potentialAction":[{"@type":"SearchAction","target":{"@type":"EntryPoint","urlTemplate":"https:\/\/www.sonoraenequipo.com.mx\/?s={search_term_string}"},"query-input":{"@type":"PropertyValueSpecification","valueRequired":true,"valueName":"search_term_string"}}],"inLanguage":"es"},{"@type":"Organization","@id":"https:\/\/www.sonoraenequipo.com.mx\/#organization","name":"Sonoraenequipo.com.mx","url":"https:\/\/www.sonoraenequipo.com.mx\/","logo":{"@type":"ImageObject","inLanguage":"es","@id":"https:\/\/www.sonoraenequipo.com.mx\/#\/schema\/logo\/image\/","url":"https:\/\/www.sonoraenequipo.com.mx\/storage\/2019\/01\/sonoraenequipo_opt.png","contentUrl":"https:\/\/www.sonoraenequipo.com.mx\/storage\/2019\/01\/sonoraenequipo_opt.png","width":375,"height":125,"caption":"Sonoraenequipo.com.mx"},"image":{"@id":"https:\/\/www.sonoraenequipo.com.mx\/#\/schema\/logo\/image\/"},"sameAs":["https:\/\/www.facebook.com\/SonoraEE\/","https:\/\/x.com\/sonoraenequipo","https:\/\/www.youtube.com\/channel\/UC338nW-lPEYmJQs4ZABQ1SQ"]},{"@type":"Person","@id":"https:\/\/www.sonoraenequipo.com.mx\/#\/schema\/person\/50102df0fb23a8fa9e8effad8fa81386","name":"enequipo","image":{"@type":"ImageObject","inLanguage":"es","@id":"https:\/\/www.sonoraenequipo.com.mx\/#\/schema\/person\/image\/","url":"https:\/\/secure.gravatar.com\/avatar\/049821681b589dabc0bc20695993ccebb09f5b5d4d790cd9251b97faac7c652b?s=96&d=blank&r=g","contentUrl":"https:\/\/secure.gravatar.com\/avatar\/049821681b589dabc0bc20695993ccebb09f5b5d4d790cd9251b97faac7c652b?s=96&d=blank&r=g","caption":"enequipo"},"sameAs":["https:\/\/www.facebook.com\/SonoraEE"]}]}},"jetpack_featured_media_url":"https:\/\/www.sonoraenequipo.com.mx\/storage\/2021\/08\/violencia-Ayuntamiento-de-Hermosillo_opt.jpg","_links":{"self":[{"href":"https:\/\/www.sonoraenequipo.com.mx\/api\/wp\/v2\/posts\/121379","targetHints":{"allow":["GET"]}}],"collection":[{"href":"https:\/\/www.sonoraenequipo.com.mx\/api\/wp\/v2\/posts"}],"about":[{"href":"https:\/\/www.sonoraenequipo.com.mx\/api\/wp\/v2\/types\/post"}],"author":[{"embeddable":true,"href":"https:\/\/www.sonoraenequipo.com.mx\/api\/wp\/v2\/users\/1"}],"replies":[{"embeddable":true,"href":"https:\/\/www.sonoraenequipo.com.mx\/api\/wp\/v2\/comments?post=121379"}],"version-history":[{"count":1,"href":"https:\/\/www.sonoraenequipo.com.mx\/api\/wp\/v2\/posts\/121379\/revisions"}],"predecessor-version":[{"id":121380,"href":"https:\/\/www.sonoraenequipo.com.mx\/api\/wp\/v2\/posts\/121379\/revisions\/121380"}],"wp:featuredmedia":[{"embeddable":true,"href":"https:\/\/www.sonoraenequipo.com.mx\/api\/wp\/v2\/media\/121376"}],"wp:attachment":[{"href":"https:\/\/www.sonoraenequipo.com.mx\/api\/wp\/v2\/media?parent=121379"}],"wp:term":[{"taxonomy":"category","embeddable":true,"href":"https:\/\/www.sonoraenequipo.com.mx\/api\/wp\/v2\/categories?post=121379"},{"taxonomy":"post_tag","embeddable":true,"href":"https:\/\/www.sonoraenequipo.com.mx\/api\/wp\/v2\/tags?post=121379"}],"curies":[{"name":"wp","href":"https:\/\/api.w.org\/{rel}","templated":true}]}}