{"id":121381,"date":"2021-08-25T08:28:43","date_gmt":"2021-08-25T15:28:43","guid":{"rendered":"https:\/\/www.sonoraenequipo.com.mx\/?p=121381"},"modified":"2021-08-25T12:19:04","modified_gmt":"2021-08-25T19:19:04","slug":"presenta-ine-anteproyecto-de-presupuesto-2022-a-partidos-politicos","status":"publish","type":"post","link":"https:\/\/www.sonoraenequipo.com.mx\/presenta-ine-anteproyecto-de-presupuesto-2022-a-partidos-politicos\/","title":{"rendered":"Presenta INE Anteproyecto de Presupuesto 2022 a partidos pol\u00edticos"},"content":{"rendered":"<p>CIUDAD DE M\u00c9XICO. MX. \u2014 La Comisi\u00f3n Temporal de Presupuesto present\u00f3 formalmente el Anteproyecto de Presupuesto 2022 del Instituto Nacional Electoral (INE) que asciende a 18 millones 827.74 millones de pesos que garantizan la organizaci\u00f3n de las seis elecciones locales, as\u00ed como la realizaci\u00f3n de la Revocaci\u00f3n de Mandato y la Consulta Popular.<\/p>\n<p>&nbsp;<\/p>\n<p> <\/p>\n<p>&nbsp;<\/p>\n<p>Al presentar el documento el presidente de la Comisi\u00f3n, Jaime Rivera, afirm\u00f3 que el c\u00e1lculo presupuestal para el pr\u00f3ximo a\u00f1o se realiz\u00f3 con racionalidad y sin excesos, que permita mantener los est\u00e1ndares de calidad a los que la ciudadan\u00eda est\u00e1 acostumbrada y a la que est\u00e1 obligado el Instituto.<\/p>\n<p>&nbsp;<\/p>\n<p><em>\u201cEl resultado es un Anteproyecto de Presupuesto racional, justificado y suficiente para cumplir con nuestras atribuciones, tanto las totalmente planeadas como las que son posibles y para las cuales tenemos que estar listos, vamos a cumplir con la ciudadan\u00eda para brindarles el mejor servicio por parte de esta instituci\u00f3n\u201d<\/em>, sentenci\u00f3.<\/p>\n<p>&nbsp;<\/p>\n<p>Record\u00f3 que cada una de las unidades responsables presentaron sus propuestas, las explicaron, justificaron y ajustaron en funci\u00f3n de las observaciones que recibieron a fin de garantizar que el resultado fuera racional sin poner en riesgo el cumplimiento de atribuciones del INE.<\/p>\n<p>&nbsp;<\/p>\n<p>Asimismo, abund\u00f3, se cuenta con dos proyectos de car\u00e1cter extraordinario que tendr\u00e1n un gran impacto presupuestal y que al menos uno de ellos, la Consulta Popular, se habr\u00e1 de encontrar anualmente en el presupuesto ante la previsi\u00f3n constitucional para que se realice cada a\u00f1o.<\/p>\n<p>&nbsp;<\/p>\n<p>En su oportunidad el Consejero Ciro Murayama asegur\u00f3 que los recursos que se plantean para el pr\u00f3ximo a\u00f1o implican una reducci\u00f3n del 35 por ciento de lo solicitado en el 2021, ya que no habr\u00e1 Proceso Electoral Federal que organizar.<\/p>\n<p>&nbsp;<\/p>\n<p>No obstante, dijo, el INE establece la necesidad de contar con un presupuesto precautorio que garantice la realizaci\u00f3n de la Revocaci\u00f3n de Mandato, as\u00ed como la Consulta Popular, que en caso de no celebrarse ser\u00e1 reintegrado en su totalidad a la Federaci\u00f3n.<\/p>\n<p>&nbsp;<\/p>\n<p><em>\u201cSi nosotros vamos a una elecci\u00f3n donde nos podamos quedar sin Presidente y se tenga que nombrar a un interino para concluir el sexenio eso tiene que hacerse con todas las garant\u00edas de certeza, con lo mismo que hacemos una elecci\u00f3n, con las mismas garant\u00edas de seguridad y garant\u00edas a los ciudadanos y actores pol\u00edticos<\/em>\u201d, indic\u00f3.<\/p>\n<p>&nbsp;<\/p>\n<p>Murayama refiri\u00f3 que el INE se toma muy en serio la Revocaci\u00f3n de Mandato ya que est\u00e1 en riesgo la estabilidad pol\u00edtica, econ\u00f3mica y social del pa\u00eds, por lo que no se puede improvisar la realizaci\u00f3n de este ejercicio democr\u00e1tico.<\/p>\n<p>&nbsp;<\/p>\n<p>Por su parte, la Consejera Claudia Zavala mencion\u00f3 que cada d\u00eda el INE tiene un mayor n\u00famero de atribuciones lo que impacta directamente en un aumento en sus recursos; sin embargo, estim\u00f3 que m\u00e1s all\u00e1 de las grandes cifras es necesario explicar qu\u00e9 es lo que hay detr\u00e1s de cada peso y para qu\u00e9 ser\u00e1 destinado.<\/p>\n<p>&nbsp;<\/p>\n<p>&nbsp;<\/p>\n<p><em>\u201cEs importante reconocer que en M\u00e9xico se invierta ese recurso para la estabilidad y la recreaci\u00f3n democr\u00e1tica, porque si no tenemos claro esto, vamos a generar un problema mayor \u201c,<\/em> abundo.<\/p>\n<p>&nbsp;<\/p>\n<p>&nbsp;<\/p>\n<p>Explic\u00f3 que la asignaci\u00f3n de recursos para una eventual Consulta Popular implica un monto mayor al de este a\u00f1o, ya que es la propia ley la que define la proyecci\u00f3n presupuestal que hoy se realiza y que ser\u00e1 sometida a la aprobaci\u00f3n del Consejo General este viernes.<\/p>\n<p>&nbsp;<\/p>\n<p>Por ello invit\u00f3 a los partidos pol\u00edticos a contribuir al ejercicio de explicaci\u00f3n y, en especial, con los legisladores que finalmente tienen la facultad de aprobar los recursos, porque la instituci\u00f3n no puede dar pasos para atr\u00e1s. <em>\u201cLos est\u00e1ndares democr\u00e1ticos son altos y los tenemos que conservar\u201d<\/em>, dijo.<\/p>\n<p>&nbsp;<\/p>\n<p>Al respecto, el Consejero Jos\u00e9 Roberto Ruiz destac\u00f3 la importancia de que en la aprobaci\u00f3n del presupuesto haya mucha seriedad y madurez pol\u00edtica porque este a\u00f1o es distinto, debido a que la Revocaci\u00f3n de Mandato equivaldr\u00e1 a una elecci\u00f3n presidencial.<\/p>\n<p>&nbsp;<\/p>\n<p>En este sentido, se sum\u00f3 al llamado a que exista esa visi\u00f3n, responsabilidad y conciencia para que se le doten al Instituto de los recursos necesarios para los dos ejercicios de participaci\u00f3n directa que podr\u00edan celebrarse el pr\u00f3ximo a\u00f1o y para los cuales se plantean montos diferenciados en atenci\u00f3n a las particularidades que presenta cada uno.<\/p>\n<p>&nbsp;<\/p>\n<p><em>\u201cHay diferencias entre Revocaci\u00f3n, elecciones del 5 de junio y Consulta Popular y ah\u00ed se demuestra que pedimos exactamente lo que necesitamos, ya que si fueran montos semejantes habr\u00eda dificultad para explicarlo, estamos haciendo un esfuerzo para ajustarnos a las caracter\u00edsticas de cada uno de los compromisos institucionales\u201d,<\/em> se\u00f1al\u00f3.<\/p>\n<p>&nbsp;<\/p>\n<p>Durante la sesi\u00f3n, a la que tambi\u00e9n asisti\u00f3 la Consejera Norma De la Cruz, las y los consejeros enfatizaron que los recursos para la Revocaci\u00f3n de Mandato y la Consulta Popular no ser\u00e1n destinados para ninguna otra actividad o pago de salarios, por lo que de no celebrarse estos ejercicios se proceder\u00eda de manera inmediata a su devoluci\u00f3n.<\/p>\n<p>&nbsp;<\/p>\n<p>Al presentar el documento, la Directora Ejecutiva de Administraci\u00f3n, Ana Laura Mart\u00ednez, aclar\u00f3 que de acuerdo con el Anteproyecto de Presupuesto se requiere cubrir el presupuesto base, la cartera institucional de proyecto, as\u00ed como lo relativo a los mecanismos de participaci\u00f3n directa que podr\u00edan celebrase el pr\u00f3ximo a\u00f1o.<\/p>\n<p><img loading=\"lazy\" decoding=\"async\" class=\"x-none size-medium \" src=\"https:\/\/www.sonoraenequipo.com.mx\/storage\/2021\/08\/Documento-presupuesto-ine_opt-680x137.png\" alt=\"\" width=\"680\" height=\"137\" \/><\/p>\n<p>Aclar\u00f3 que en cuanto al presupuesto base, no se present\u00f3 un incremento significativo e incluso se mantiene una estabilidad, adem\u00e1s de que contemplan los seis comicios locales del pr\u00f3ximo a\u00f1o y el arranque de la organizaci\u00f3n de las dos elecciones locales para el 2023.<\/p>\n<p>&nbsp;<\/p>\n<p>En cuanto a la Revocaci\u00f3n de Mandato, explic\u00f3, se construy\u00f3 el presupuesto en funci\u00f3n de las 161 mil 490 casillas que se instalar\u00e1n en los 300 distritos electorales con el apoyo de 5 mil 430 personas que fungir\u00e1n como supervisoras electorales y 32 mil 421 capacitadoras.<\/p>\n<p>&nbsp;<\/p>\n<p>Todo ello para la insaculaci\u00f3n de 12.01 millones de ciudadanos entre los que se elegir\u00e1n los 484 mil 470 funcionarias y funcionarios de casilla que recibir\u00e1n los votos de 92.4 millones de electoras y electores.<\/p>\n<p>&nbsp;<\/p>\n<p>En tanto que la Consulta Popular que podr\u00eda realizarse plantea la instalaci\u00f3n de 96 mil 591 casillas para las que se requieren 289 mil 773 personas funcionarias que ser\u00e1n capacitadas por 16 mil 226 personas asistentes electorales y dos mil 55 supervisores electorales.<\/p>\n<p>&nbsp;<\/p>\n<p>En la sesi\u00f3n, el titular del \u00d3rgano Interno de Control, George Zamora, agradeci\u00f3 la apertura y disposici\u00f3n para que el \u00e1rea a su cargo pudiera realizar un acompa\u00f1amiento que se entregar\u00e1 este mismo martes a los integrantes de la Comisi\u00f3n de Presupuesto.<\/p>\n<p>&nbsp;<\/p>\n<p>En el informe, dijo, hace referencia a la documentaci\u00f3n soporte sobre cada una de las partidas que se solicitaron porque es indispensable contar con todos los elementos utilizados para la integraci\u00f3n del presupuesto, as\u00ed como el an\u00e1lisis del cumplimiento de la normatividad vigente.<\/p>\n<p>&nbsp;<\/p>\n<p>(Publicada el 25\/08\/2021)<\/p>\n","protected":false},"excerpt":{"rendered":"<p>CIUDAD DE M\u00c9XICO. MX. \u2014 La Comisi\u00f3n Temporal de Presupuesto present\u00f3 formalmente el Anteproyecto de&#8230;<\/p>\n","protected":false},"author":1,"featured_media":121384,"comment_status":"open","ping_status":"open","sticky":false,"template":"","format":"standard","meta":{"_monsterinsights_skip_tracking":false,"_monsterinsights_sitenote_active":false,"_monsterinsights_sitenote_note":"","_monsterinsights_sitenote_category":0,"footnotes":""},"categories":[5],"tags":[],"class_list":["post"],"yoast_head":" \n<title>Sonora en Equipo. Presenta INE Anteproyecto de Presupuesto 2022 a partidos pol\u00edticos Rep\u00fablica<\/title>\n<meta name=\"description\" content=\"CIUDAD DE M\u00c9XICO. MX. \u2014 La Comisi\u00f3n Temporal de Presupuesto present\u00f3 formalmente el Anteproyecto de Presupuesto 2022 del Instituto Nacional Electoral En Sonora en Equipo publicamos toda la informaci\u00f3n de Sonora, M\u00e9xico y el Mundo de manera oportuna y busca que la libertad de expresi\u00f3n sea real. Visita nuestro medio informativo publicado desde Hermosillo, Sonora. %\" \/>\n<meta name=\"robots\" content=\"index, follow, max-snippet:-1, max-image-preview:large, max-video-preview:-1\" \/>\n<link rel=\"canonical\" href=\"https:\/\/www.sonoraenequipo.com.mx\/presenta-ine-anteproyecto-de-presupuesto-2022-a-partidos-politicos\/\" \/>\n<meta property=\"og:locale\" content=\"es_ES\" \/>\n<meta property=\"og:type\" content=\"article\" \/>\n<meta property=\"og:title\" content=\"Sonora en Equipo. Presenta INE Anteproyecto de Presupuesto 2022 a partidos pol\u00edticos Rep\u00fablica\" \/>\n<meta property=\"og:description\" content=\"CIUDAD DE M\u00c9XICO. MX. \u2014 La Comisi\u00f3n Temporal de Presupuesto present\u00f3 formalmente el Anteproyecto de Presupuesto 2022 del Instituto Nacional Electoral En Sonora en Equipo publicamos toda la informaci\u00f3n de Sonora, M\u00e9xico y el Mundo de manera oportuna y busca que la libertad de expresi\u00f3n sea real. Visita nuestro medio informativo publicado desde Hermosillo, Sonora. %\" \/>\n<meta property=\"og:url\" content=\"https:\/\/www.sonoraenequipo.com.mx\/presenta-ine-anteproyecto-de-presupuesto-2022-a-partidos-politicos\/\" \/>\n<meta property=\"og:site_name\" content=\"Sonora en Equipo.\" \/>\n<meta property=\"article:publisher\" content=\"https:\/\/www.facebook.com\/SonoraEE\/\" \/>\n<meta property=\"article:author\" content=\"https:\/\/www.facebook.com\/SonoraEE\" \/>\n<meta property=\"article:published_time\" content=\"2021-08-25T15:28:43+00:00\" \/>\n<meta property=\"article:modified_time\" content=\"2021-08-25T19:19:04+00:00\" \/>\n<meta property=\"og:image\" content=\"https:\/\/www.sonoraenequipo.com.mx\/storage\/2021\/08\/ine-virtual_opt.jpg\" \/>\n\t<meta property=\"og:image:width\" content=\"700\" \/>\n\t<meta property=\"og:image:height\" content=\"400\" \/>\n\t<meta property=\"og:image:type\" content=\"image\/jpeg\" \/>\n<meta name=\"author\" content=\"enequipo\" \/>\n<meta name=\"twitter:card\" content=\"summary_large_image\" \/>\n<meta name=\"twitter:creator\" content=\"@sonoraenequipo\" \/>\n<meta name=\"twitter:site\" content=\"@sonoraenequipo\" \/>\n<meta name=\"twitter:label1\" content=\"Escrito por\" \/>\n\t<meta name=\"twitter:data1\" content=\"enequipo\" \/>\n\t<meta name=\"twitter:label2\" content=\"Tiempo de lectura\" \/>\n\t<meta name=\"twitter:data2\" content=\"6 minutos\" \/>\n<script type=\"application\/ld+json\" class=\"yoast-schema-graph\">{\"@context\":\"https:\/\/schema.org\",\"@graph\":[{\"@type\":\"Article\",\"@id\":\"https:\/\/www.sonoraenequipo.com.mx\/presenta-ine-anteproyecto-de-presupuesto-2022-a-partidos-politicos\/#article\",\"isPartOf\":{\"@id\":\"https:\/\/www.sonoraenequipo.com.mx\/presenta-ine-anteproyecto-de-presupuesto-2022-a-partidos-politicos\/\"},\"author\":{\"name\":\"enequipo\",\"@id\":\"https:\/\/www.sonoraenequipo.com.mx\/#\/schema\/person\/50102df0fb23a8fa9e8effad8fa81386\"},\"headline\":\"Presenta INE Anteproyecto de Presupuesto 2022 a partidos pol\u00edticos\",\"datePublished\":\"2021-08-25T15:28:43+00:00\",\"dateModified\":\"2021-08-25T19:19:04+00:00\",\"mainEntityOfPage\":{\"@id\":\"https:\/\/www.sonoraenequipo.com.mx\/presenta-ine-anteproyecto-de-presupuesto-2022-a-partidos-politicos\/\"},\"wordCount\":1213,\"commentCount\":0,\"publisher\":{\"@id\":\"https:\/\/www.sonoraenequipo.com.mx\/#organization\"},\"image\":{\"@id\":\"https:\/\/www.sonoraenequipo.com.mx\/presenta-ine-anteproyecto-de-presupuesto-2022-a-partidos-politicos\/#primaryimage\"},\"thumbnailUrl\":\"https:\/\/www.sonoraenequipo.com.mx\/storage\/2021\/08\/ine-virtual_opt.jpg\",\"articleSection\":[\"Rep\u00fablica\"],\"inLanguage\":\"es\",\"potentialAction\":[{\"@type\":\"CommentAction\",\"name\":\"Comment\",\"target\":[\"https:\/\/www.sonoraenequipo.com.mx\/presenta-ine-anteproyecto-de-presupuesto-2022-a-partidos-politicos\/#respond\"]}]},{\"@type\":\"WebPage\",\"@id\":\"https:\/\/www.sonoraenequipo.com.mx\/presenta-ine-anteproyecto-de-presupuesto-2022-a-partidos-politicos\/\",\"url\":\"https:\/\/www.sonoraenequipo.com.mx\/presenta-ine-anteproyecto-de-presupuesto-2022-a-partidos-politicos\/\",\"name\":\"Sonora en Equipo. Presenta INE Anteproyecto de Presupuesto 2022 a partidos pol\u00edticos Rep\u00fablica\",\"isPartOf\":{\"@id\":\"https:\/\/www.sonoraenequipo.com.mx\/#website\"},\"primaryImageOfPage\":{\"@id\":\"https:\/\/www.sonoraenequipo.com.mx\/presenta-ine-anteproyecto-de-presupuesto-2022-a-partidos-politicos\/#primaryimage\"},\"image\":{\"@id\":\"https:\/\/www.sonoraenequipo.com.mx\/presenta-ine-anteproyecto-de-presupuesto-2022-a-partidos-politicos\/#primaryimage\"},\"thumbnailUrl\":\"https:\/\/www.sonoraenequipo.com.mx\/storage\/2021\/08\/ine-virtual_opt.jpg\",\"datePublished\":\"2021-08-25T15:28:43+00:00\",\"dateModified\":\"2021-08-25T19:19:04+00:00\",\"description\":\"CIUDAD DE M\u00c9XICO. MX. \u2014 La Comisi\u00f3n Temporal de Presupuesto present\u00f3 formalmente el Anteproyecto de Presupuesto 2022 del Instituto Nacional Electoral En Sonora en Equipo publicamos toda la informaci\u00f3n de Sonora, M\u00e9xico y el Mundo de manera oportuna y busca que la libertad de expresi\u00f3n sea real. Visita nuestro medio informativo publicado desde Hermosillo, Sonora. %\",\"breadcrumb\":{\"@id\":\"https:\/\/www.sonoraenequipo.com.mx\/presenta-ine-anteproyecto-de-presupuesto-2022-a-partidos-politicos\/#breadcrumb\"},\"inLanguage\":\"es\",\"potentialAction\":[{\"@type\":\"ReadAction\",\"target\":[\"https:\/\/www.sonoraenequipo.com.mx\/presenta-ine-anteproyecto-de-presupuesto-2022-a-partidos-politicos\/\"]}]},{\"@type\":\"ImageObject\",\"inLanguage\":\"es\",\"@id\":\"https:\/\/www.sonoraenequipo.com.mx\/presenta-ine-anteproyecto-de-presupuesto-2022-a-partidos-politicos\/#primaryimage\",\"url\":\"https:\/\/www.sonoraenequipo.com.mx\/storage\/2021\/08\/ine-virtual_opt.jpg\",\"contentUrl\":\"https:\/\/www.sonoraenequipo.com.mx\/storage\/2021\/08\/ine-virtual_opt.jpg\",\"width\":700,\"height\":400},{\"@type\":\"BreadcrumbList\",\"@id\":\"https:\/\/www.sonoraenequipo.com.mx\/presenta-ine-anteproyecto-de-presupuesto-2022-a-partidos-politicos\/#breadcrumb\",\"itemListElement\":[{\"@type\":\"ListItem\",\"position\":1,\"name\":\"Portada\",\"item\":\"https:\/\/www.sonoraenequipo.com.mx\/\"},{\"@type\":\"ListItem\",\"position\":2,\"name\":\"Presenta INE Anteproyecto de Presupuesto 2022 a partidos pol\u00edticos\"}]},{\"@type\":\"WebSite\",\"@id\":\"https:\/\/www.sonoraenequipo.com.mx\/#website\",\"url\":\"https:\/\/www.sonoraenequipo.com.mx\/\",\"name\":\"Sonora en Equipo.\",\"description\":\"Diario en l\u00ednea con Noticias desde Hermosillo, Sonora\",\"publisher\":{\"@id\":\"https:\/\/www.sonoraenequipo.com.mx\/#organization\"},\"potentialAction\":[{\"@type\":\"SearchAction\",\"target\":{\"@type\":\"EntryPoint\",\"urlTemplate\":\"https:\/\/www.sonoraenequipo.com.mx\/?s={search_term_string}\"},\"query-input\":{\"@type\":\"PropertyValueSpecification\",\"valueRequired\":true,\"valueName\":\"search_term_string\"}}],\"inLanguage\":\"es\"},{\"@type\":\"Organization\",\"@id\":\"https:\/\/www.sonoraenequipo.com.mx\/#organization\",\"name\":\"Sonoraenequipo.com.mx\",\"url\":\"https:\/\/www.sonoraenequipo.com.mx\/\",\"logo\":{\"@type\":\"ImageObject\",\"inLanguage\":\"es\",\"@id\":\"https:\/\/www.sonoraenequipo.com.mx\/#\/schema\/logo\/image\/\",\"url\":\"https:\/\/www.sonoraenequipo.com.mx\/storage\/2019\/01\/sonoraenequipo_opt.png\",\"contentUrl\":\"https:\/\/www.sonoraenequipo.com.mx\/storage\/2019\/01\/sonoraenequipo_opt.png\",\"width\":375,\"height\":125,\"caption\":\"Sonoraenequipo.com.mx\"},\"image\":{\"@id\":\"https:\/\/www.sonoraenequipo.com.mx\/#\/schema\/logo\/image\/\"},\"sameAs\":[\"https:\/\/www.facebook.com\/SonoraEE\/\",\"https:\/\/x.com\/sonoraenequipo\",\"https:\/\/www.youtube.com\/channel\/UC338nW-lPEYmJQs4ZABQ1SQ\"]},{\"@type\":\"Person\",\"@id\":\"https:\/\/www.sonoraenequipo.com.mx\/#\/schema\/person\/50102df0fb23a8fa9e8effad8fa81386\",\"name\":\"enequipo\",\"image\":{\"@type\":\"ImageObject\",\"inLanguage\":\"es\",\"@id\":\"https:\/\/www.sonoraenequipo.com.mx\/#\/schema\/person\/image\/\",\"url\":\"https:\/\/secure.gravatar.com\/avatar\/049821681b589dabc0bc20695993ccebb09f5b5d4d790cd9251b97faac7c652b?s=96&d=blank&r=g\",\"contentUrl\":\"https:\/\/secure.gravatar.com\/avatar\/049821681b589dabc0bc20695993ccebb09f5b5d4d790cd9251b97faac7c652b?s=96&d=blank&r=g\",\"caption\":\"enequipo\"},\"sameAs\":[\"https:\/\/www.facebook.com\/SonoraEE\"]}]}<\/script>\n ","yoast_head_json":{"title":"Sonora en Equipo. Presenta INE Anteproyecto de Presupuesto 2022 a partidos pol\u00edticos Rep\u00fablica","description":"CIUDAD DE M\u00c9XICO. MX. \u2014 La Comisi\u00f3n Temporal de Presupuesto present\u00f3 formalmente el Anteproyecto de Presupuesto 2022 del Instituto Nacional Electoral En Sonora en Equipo publicamos toda la informaci\u00f3n de Sonora, M\u00e9xico y el Mundo de manera oportuna y busca que la libertad de expresi\u00f3n sea real. Visita nuestro medio informativo publicado desde Hermosillo, Sonora. %","robots":{"index":"index","follow":"follow","max-snippet":"max-snippet:-1","max-image-preview":"max-image-preview:large","max-video-preview":"max-video-preview:-1"},"canonical":"https:\/\/www.sonoraenequipo.com.mx\/presenta-ine-anteproyecto-de-presupuesto-2022-a-partidos-politicos\/","og_locale":"es_ES","og_type":"article","og_title":"Sonora en Equipo. Presenta INE Anteproyecto de Presupuesto 2022 a partidos pol\u00edticos Rep\u00fablica","og_description":"CIUDAD DE M\u00c9XICO. MX. \u2014 La Comisi\u00f3n Temporal de Presupuesto present\u00f3 formalmente el Anteproyecto de Presupuesto 2022 del Instituto Nacional Electoral En Sonora en Equipo publicamos toda la informaci\u00f3n de Sonora, M\u00e9xico y el Mundo de manera oportuna y busca que la libertad de expresi\u00f3n sea real. Visita nuestro medio informativo publicado desde Hermosillo, Sonora. %","og_url":"https:\/\/www.sonoraenequipo.com.mx\/presenta-ine-anteproyecto-de-presupuesto-2022-a-partidos-politicos\/","og_site_name":"Sonora en Equipo.","article_publisher":"https:\/\/www.facebook.com\/SonoraEE\/","article_author":"https:\/\/www.facebook.com\/SonoraEE","article_published_time":"2021-08-25T15:28:43+00:00","article_modified_time":"2021-08-25T19:19:04+00:00","og_image":[{"width":700,"height":400,"url":"https:\/\/www.sonoraenequipo.com.mx\/storage\/2021\/08\/ine-virtual_opt.jpg","type":"image\/jpeg"}],"author":"enequipo","twitter_card":"summary_large_image","twitter_creator":"@sonoraenequipo","twitter_site":"@sonoraenequipo","twitter_misc":{"Escrito por":"enequipo","Tiempo de lectura":"6 minutos"},"schema":{"@context":"https:\/\/schema.org","@graph":[{"@type":"Article","@id":"https:\/\/www.sonoraenequipo.com.mx\/presenta-ine-anteproyecto-de-presupuesto-2022-a-partidos-politicos\/#article","isPartOf":{"@id":"https:\/\/www.sonoraenequipo.com.mx\/presenta-ine-anteproyecto-de-presupuesto-2022-a-partidos-politicos\/"},"author":{"name":"enequipo","@id":"https:\/\/www.sonoraenequipo.com.mx\/#\/schema\/person\/50102df0fb23a8fa9e8effad8fa81386"},"headline":"Presenta INE Anteproyecto de Presupuesto 2022 a partidos pol\u00edticos","datePublished":"2021-08-25T15:28:43+00:00","dateModified":"2021-08-25T19:19:04+00:00","mainEntityOfPage":{"@id":"https:\/\/www.sonoraenequipo.com.mx\/presenta-ine-anteproyecto-de-presupuesto-2022-a-partidos-politicos\/"},"wordCount":1213,"commentCount":0,"publisher":{"@id":"https:\/\/www.sonoraenequipo.com.mx\/#organization"},"image":{"@id":"https:\/\/www.sonoraenequipo.com.mx\/presenta-ine-anteproyecto-de-presupuesto-2022-a-partidos-politicos\/#primaryimage"},"thumbnailUrl":"https:\/\/www.sonoraenequipo.com.mx\/storage\/2021\/08\/ine-virtual_opt.jpg","articleSection":["Rep\u00fablica"],"inLanguage":"es","potentialAction":[{"@type":"CommentAction","name":"Comment","target":["https:\/\/www.sonoraenequipo.com.mx\/presenta-ine-anteproyecto-de-presupuesto-2022-a-partidos-politicos\/#respond"]}]},{"@type":"WebPage","@id":"https:\/\/www.sonoraenequipo.com.mx\/presenta-ine-anteproyecto-de-presupuesto-2022-a-partidos-politicos\/","url":"https:\/\/www.sonoraenequipo.com.mx\/presenta-ine-anteproyecto-de-presupuesto-2022-a-partidos-politicos\/","name":"Sonora en Equipo. Presenta INE Anteproyecto de Presupuesto 2022 a partidos pol\u00edticos Rep\u00fablica","isPartOf":{"@id":"https:\/\/www.sonoraenequipo.com.mx\/#website"},"primaryImageOfPage":{"@id":"https:\/\/www.sonoraenequipo.com.mx\/presenta-ine-anteproyecto-de-presupuesto-2022-a-partidos-politicos\/#primaryimage"},"image":{"@id":"https:\/\/www.sonoraenequipo.com.mx\/presenta-ine-anteproyecto-de-presupuesto-2022-a-partidos-politicos\/#primaryimage"},"thumbnailUrl":"https:\/\/www.sonoraenequipo.com.mx\/storage\/2021\/08\/ine-virtual_opt.jpg","datePublished":"2021-08-25T15:28:43+00:00","dateModified":"2021-08-25T19:19:04+00:00","description":"CIUDAD DE M\u00c9XICO. MX. \u2014 La Comisi\u00f3n Temporal de Presupuesto present\u00f3 formalmente el Anteproyecto de Presupuesto 2022 del Instituto Nacional Electoral En Sonora en Equipo publicamos toda la informaci\u00f3n de Sonora, M\u00e9xico y el Mundo de manera oportuna y busca que la libertad de expresi\u00f3n sea real. Visita nuestro medio informativo publicado desde Hermosillo, Sonora. %","breadcrumb":{"@id":"https:\/\/www.sonoraenequipo.com.mx\/presenta-ine-anteproyecto-de-presupuesto-2022-a-partidos-politicos\/#breadcrumb"},"inLanguage":"es","potentialAction":[{"@type":"ReadAction","target":["https:\/\/www.sonoraenequipo.com.mx\/presenta-ine-anteproyecto-de-presupuesto-2022-a-partidos-politicos\/"]}]},{"@type":"ImageObject","inLanguage":"es","@id":"https:\/\/www.sonoraenequipo.com.mx\/presenta-ine-anteproyecto-de-presupuesto-2022-a-partidos-politicos\/#primaryimage","url":"https:\/\/www.sonoraenequipo.com.mx\/storage\/2021\/08\/ine-virtual_opt.jpg","contentUrl":"https:\/\/www.sonoraenequipo.com.mx\/storage\/2021\/08\/ine-virtual_opt.jpg","width":700,"height":400},{"@type":"BreadcrumbList","@id":"https:\/\/www.sonoraenequipo.com.mx\/presenta-ine-anteproyecto-de-presupuesto-2022-a-partidos-politicos\/#breadcrumb","itemListElement":[{"@type":"ListItem","position":1,"name":"Portada","item":"https:\/\/www.sonoraenequipo.com.mx\/"},{"@type":"ListItem","position":2,"name":"Presenta INE Anteproyecto de Presupuesto 2022 a partidos pol\u00edticos"}]},{"@type":"WebSite","@id":"https:\/\/www.sonoraenequipo.com.mx\/#website","url":"https:\/\/www.sonoraenequipo.com.mx\/","name":"Sonora en Equipo.","description":"Diario en l\u00ednea con Noticias desde Hermosillo, Sonora","publisher":{"@id":"https:\/\/www.sonoraenequipo.com.mx\/#organization"},"potentialAction":[{"@type":"SearchAction","target":{"@type":"EntryPoint","urlTemplate":"https:\/\/www.sonoraenequipo.com.mx\/?s={search_term_string}"},"query-input":{"@type":"PropertyValueSpecification","valueRequired":true,"valueName":"search_term_string"}}],"inLanguage":"es"},{"@type":"Organization","@id":"https:\/\/www.sonoraenequipo.com.mx\/#organization","name":"Sonoraenequipo.com.mx","url":"https:\/\/www.sonoraenequipo.com.mx\/","logo":{"@type":"ImageObject","inLanguage":"es","@id":"https:\/\/www.sonoraenequipo.com.mx\/#\/schema\/logo\/image\/","url":"https:\/\/www.sonoraenequipo.com.mx\/storage\/2019\/01\/sonoraenequipo_opt.png","contentUrl":"https:\/\/www.sonoraenequipo.com.mx\/storage\/2019\/01\/sonoraenequipo_opt.png","width":375,"height":125,"caption":"Sonoraenequipo.com.mx"},"image":{"@id":"https:\/\/www.sonoraenequipo.com.mx\/#\/schema\/logo\/image\/"},"sameAs":["https:\/\/www.facebook.com\/SonoraEE\/","https:\/\/x.com\/sonoraenequipo","https:\/\/www.youtube.com\/channel\/UC338nW-lPEYmJQs4ZABQ1SQ"]},{"@type":"Person","@id":"https:\/\/www.sonoraenequipo.com.mx\/#\/schema\/person\/50102df0fb23a8fa9e8effad8fa81386","name":"enequipo","image":{"@type":"ImageObject","inLanguage":"es","@id":"https:\/\/www.sonoraenequipo.com.mx\/#\/schema\/person\/image\/","url":"https:\/\/secure.gravatar.com\/avatar\/049821681b589dabc0bc20695993ccebb09f5b5d4d790cd9251b97faac7c652b?s=96&d=blank&r=g","contentUrl":"https:\/\/secure.gravatar.com\/avatar\/049821681b589dabc0bc20695993ccebb09f5b5d4d790cd9251b97faac7c652b?s=96&d=blank&r=g","caption":"enequipo"},"sameAs":["https:\/\/www.facebook.com\/SonoraEE"]}]}},"jetpack_featured_media_url":"https:\/\/www.sonoraenequipo.com.mx\/storage\/2021\/08\/ine-virtual_opt.jpg","_links":{"self":[{"href":"https:\/\/www.sonoraenequipo.com.mx\/api\/wp\/v2\/posts\/121381","targetHints":{"allow":["GET"]}}],"collection":[{"href":"https:\/\/www.sonoraenequipo.com.mx\/api\/wp\/v2\/posts"}],"about":[{"href":"https:\/\/www.sonoraenequipo.com.mx\/api\/wp\/v2\/types\/post"}],"author":[{"embeddable":true,"href":"https:\/\/www.sonoraenequipo.com.mx\/api\/wp\/v2\/users\/1"}],"replies":[{"embeddable":true,"href":"https:\/\/www.sonoraenequipo.com.mx\/api\/wp\/v2\/comments?post=121381"}],"version-history":[{"count":1,"href":"https:\/\/www.sonoraenequipo.com.mx\/api\/wp\/v2\/posts\/121381\/revisions"}],"predecessor-version":[{"id":121385,"href":"https:\/\/www.sonoraenequipo.com.mx\/api\/wp\/v2\/posts\/121381\/revisions\/121385"}],"wp:featuredmedia":[{"embeddable":true,"href":"https:\/\/www.sonoraenequipo.com.mx\/api\/wp\/v2\/media\/121384"}],"wp:attachment":[{"href":"https:\/\/www.sonoraenequipo.com.mx\/api\/wp\/v2\/media?parent=121381"}],"wp:term":[{"taxonomy":"category","embeddable":true,"href":"https:\/\/www.sonoraenequipo.com.mx\/api\/wp\/v2\/categories?post=121381"},{"taxonomy":"post_tag","embeddable":true,"href":"https:\/\/www.sonoraenequipo.com.mx\/api\/wp\/v2\/tags?post=121381"}],"curies":[{"name":"wp","href":"https:\/\/api.w.org\/{rel}","templated":true}]}}