{"id":121386,"date":"2021-08-25T11:20:10","date_gmt":"2021-08-25T18:20:10","guid":{"rendered":"https:\/\/www.sonoraenequipo.com.mx\/?p=121386"},"modified":"2021-08-25T12:31:50","modified_gmt":"2021-08-25T19:31:50","slug":"llaman-a-profesionalizar-agua-de-hermosillo","status":"publish","type":"post","link":"https:\/\/www.sonoraenequipo.com.mx\/llaman-a-profesionalizar-agua-de-hermosillo\/","title":{"rendered":"Llaman a profesionalizar Agua de Hermosillo"},"content":{"rendered":"<p>HERMOSILLO, SONORA. MX. \u2014\u00a0 En los \u00faltimos a\u00f1os, el organismo operador de Agua de Hermosillo disminuy\u00f3 su eficiencia, lo cual afecta su capacidad para asegurar la disponibilidad y abasto de agua para la ciudad en los pr\u00f3ximos a\u00f1os. Es por ello que los especialistas de la mesa tem\u00e1tica sobre agua de Hermosillo \u00bfC\u00f3mo Vamos? hacen un llamado a las autoridades electas para integrar perfiles con capacidad t\u00e9cnica y buena reputaci\u00f3n en la paramunicipal.<\/p>\n<p>&nbsp;<\/p>\n<p> <\/p>\n<p>&nbsp;<\/p>\n<p>La situaci\u00f3n de la gesti\u00f3n del vital l\u00edquido en Hermosillo forma parte de los temas m\u00e1s relevantes incluidos en el Informe de Indicadores 2021, presentado esta semana por la organizaci\u00f3n ciudadana y el cual expone m\u00e1s de 350 indicadores en los temas prioritarios para el desarrollo de la ciudad.<\/p>\n<p>&nbsp;<\/p>\n<p>De acuerdo con la publicaci\u00f3n, en los \u00faltimos cinco a\u00f1os la eficiencia general del organismo operador present\u00f3 niveles bajos al pasar de 52% en 2016 a 32% en 2020, su menor nivel en el periodo analizado. Durante ese lapso, Agua de Hermosillo aument\u00f3 la producci\u00f3n de agua en un 23%, sin embargo, la facturaci\u00f3n disminuy\u00f3 un 5% y la cobranza baj\u00f3 un 25%. Esto implica que el organismo dej\u00f3 de cobrar 15 millones de metros c\u00fabicos de agua.<\/p>\n<p>&nbsp;<\/p>\n<p>La baja eficiencia tambi\u00e9n se refleja en el desempe\u00f1o financiero del organismo, el cual genera ingresos anuales cercanos a los 1,200 millones de pesos, monto insuficiente para invertir en las obras que mejoren sustancialmente la producci\u00f3n y distribuci\u00f3n del agua en el municipio.<\/p>\n<p>&nbsp;<\/p>\n<p>Al cierre de 2020, Agua de Hermosillo contaba con una deuda p\u00fablica cercana a los 300 millones de pesos, una deuda a proveedores por encima de los 230 millones de pesos y una cartera vencida mayor a los 2,200 millones de pesos, de la cual la mitad se cataloga como incobrable. Un incremento sustantivo en la eficiencia del organismo se ver\u00eda reflejado en mayores ingresos y con ello, mayor capacidad de inversi\u00f3n en beneficio de los hermosillenses.<\/p>\n<p>&nbsp;<\/p>\n<p>Partiendo de lo anterior, los integrantes de la mesa tem\u00e1tica sobre agua de Hermosillo \u00bfC\u00f3mo Vamos? buscan proponer al alcalde electo, Antonio Astiazar\u00e1n, as\u00ed como a la Junta de Gobierno de Agua de Hermosillo, el que se lleve a cabo un proceso abierto y colegiado para la designaci\u00f3n del pr\u00f3ximo director o directora del organismo, que respete las condiciones establecidas en la Ley de Agua del Estado de Sonora y que, a su vez, la persona seleccionada integre personal directivo bajo los mismos criterios de profesionalizaci\u00f3n.<\/p>\n<p>&nbsp;<\/p>\n<p>Ante el gran desaf\u00edo que representa este tema para la ciudad, el grupo considera que un proceso con estas caracter\u00edsticas permitir\u00eda validar la experiencia t\u00e9cnica y administrativa en materia de los servicios de agua de quien dirigir\u00e1 pr\u00f3ximamente Agua de Hermosillo, adem\u00e1s de contribuir a la generaci\u00f3n de confianza en la ciudadan\u00eda, ya que garantiza un grado mucho mayor de profesionalismo y compromiso con los objetivos del organismo que si se hace por las v\u00edas tradicionales de lealtad personal o de m\u00e9ritos pol\u00edticos.<\/p>\n<p>&nbsp;<\/p>\n<p>Adem\u00e1s de la profesionalizaci\u00f3n del organismo operador, los grandes retos que el grupo visualiza para atender en el tema de agua est\u00e1n relacionados con incrementar la eficiencia f\u00edsica del organismo a trav\u00e9s de la macro y micro medici\u00f3n, reducir las p\u00e9rdidas, el cuidado de la calidad del agua, as\u00ed como el tratamiento y re\u00faso de las aguas residuales respetando las normas oficiales mexicanas y criterios ecol\u00f3gicos.<\/p>\n<p>&nbsp;<\/p>\n<p>Hermosillo \u00bfC\u00f3mo Vamos? invita a todos los interesados a descargar de manera abierta y gratuita el Informe de Indicadores 2021 as\u00ed como los datos utilizados para su elaboraci\u00f3n disponible en la p\u00e1gina web www.hermosillocomovamos.org<\/p>\n<p>&nbsp;<\/p>\n<h3>Integrantes de la Mesa Tem\u00e1tica sobre Agua:<\/h3>\n<p>&nbsp;<\/p>\n<p><strong>Nicol\u00e1s Pineda Pablos (Coordinador de la Mesa Tem\u00e1tica)<\/strong><br \/>\nDoctor en Pol\u00edticas P\u00fablicas, Investigador de El Colegio de Sonora.<\/p>\n<p><strong>Agust\u00edn Robles Mor\u00faa<\/strong><br \/>\nDoctor en Ingenier\u00eda Ambiental, Investigador del Instituto Tecnol\u00f3gico de Sonora.<\/p>\n<p><strong>Aurora Margarita Pat Espadas<\/strong><br \/>\nDoctora en Ciencias Ambientales, especialista en Biorremediaci\u00f3n y Biotecnolog\u00eda ambiental.<\/p>\n<p><strong>Carlos Jorge Tirado Villapudua<\/strong><br \/>\nIngeniero Civil, especialista en gesti\u00f3n del agua.<\/p>\n<p><strong>Filiberto Cota Gracia<\/strong><br \/>\nIngeniero Civil, consultor en hidr\u00e1ulica urbana.<\/p>\n<p><strong>H\u00e9ctor Seldner Liz\u00e1rraga<\/strong><br \/>\nIngeniero, empresario y participante del Consejo Consultivo y Junta de Gobierno de AGUAHH.<\/p>\n<p><strong>Jes\u00fas Alberto Larios Gaxiola <\/strong><br \/>\nIngeniero civil, especialista en aguas subterr\u00e1neas.<\/p>\n<p><strong>Jes\u00fas H\u00e9ctor Kuroda Mor\u00e1n <\/strong><br \/>\nIngeniero civil, especialista en tecnolog\u00edas del agua y equipamientos.<\/p>\n<p><strong>Jos\u00e9 Luis Jardines Moreno <\/strong><br \/>\nIngeniero Civil especialista en planeaci\u00f3n y gesti\u00f3n hidr\u00e1ulica.<\/p>\n<p><strong>Juan Jaime S\u00e1nchez Meza<\/strong><br \/>\nAbogado, especialista en gesti\u00f3n del agua y consultor.<\/p>\n<p><strong>Karina L\u00f3pez Ivich<\/strong><br \/>\nMaestra en ingenier\u00eda ambiental y en econom\u00eda en pol\u00edticas p\u00fablicas.<\/p>\n<p><strong>Leticia Valenzuela<\/strong><br \/>\nIngeniero Qu\u00edmico, Maestra en Ciencias especializada en aguas residuales y gesti\u00f3n ambiental.<\/p>\n<p><strong>Luis Alan Navarro Navarro<\/strong><br \/>\nProfesor Investigador de El Colegio de Sonora en temas de agua y \u00e1reas verdes urbana<strong>s.<\/strong><\/p>\n<p><strong>Ram\u00f3n Garc\u00eda Santacruz<\/strong><br \/>\nEmpresario<\/p>\n<p>&nbsp;<\/p>\n<p>(Publicada el 25\/08\/2021)<\/p>\n","protected":false},"excerpt":{"rendered":"<p>HERMOSILLO, SONORA. MX. \u2014\u00a0 En los \u00faltimos a\u00f1os, el organismo operador de Agua de Hermosillo&#8230;<\/p>\n","protected":false},"author":1,"featured_media":121387,"comment_status":"open","ping_status":"open","sticky":false,"template":"","format":"standard","meta":{"_monsterinsights_skip_tracking":false,"_monsterinsights_sitenote_active":false,"_monsterinsights_sitenote_note":"","_monsterinsights_sitenote_category":0,"footnotes":""},"categories":[4],"tags":[],"class_list":["post"],"yoast_head":" \n<title>Sonora en Equipo. Llaman a profesionalizar Agua de Hermosillo Municipios<\/title>\n<meta name=\"description\" content=\"HERMOSILLO, SONORA. MX. \u2014\u00a0 En los \u00faltimos a\u00f1os, el organismo operador de Agua de Hermosillo disminuy\u00f3 su eficiencia, lo cual afecta su capacidad para En Sonora en Equipo publicamos toda la informaci\u00f3n de Sonora, M\u00e9xico y el Mundo de manera oportuna y busca que la libertad de expresi\u00f3n sea real. Visita nuestro medio informativo publicado desde Hermosillo, Sonora. %\" \/>\n<meta name=\"robots\" content=\"index, follow, max-snippet:-1, max-image-preview:large, max-video-preview:-1\" \/>\n<link rel=\"canonical\" href=\"https:\/\/www.sonoraenequipo.com.mx\/llaman-a-profesionalizar-agua-de-hermosillo\/\" \/>\n<meta property=\"og:locale\" content=\"es_ES\" \/>\n<meta property=\"og:type\" content=\"article\" \/>\n<meta property=\"og:title\" content=\"Sonora en Equipo. Llaman a profesionalizar Agua de Hermosillo Municipios\" \/>\n<meta property=\"og:description\" content=\"HERMOSILLO, SONORA. MX. \u2014\u00a0 En los \u00faltimos a\u00f1os, el organismo operador de Agua de Hermosillo disminuy\u00f3 su eficiencia, lo cual afecta su capacidad para En Sonora en Equipo publicamos toda la informaci\u00f3n de Sonora, M\u00e9xico y el Mundo de manera oportuna y busca que la libertad de expresi\u00f3n sea real. Visita nuestro medio informativo publicado desde Hermosillo, Sonora. %\" \/>\n<meta property=\"og:url\" content=\"https:\/\/www.sonoraenequipo.com.mx\/llaman-a-profesionalizar-agua-de-hermosillo\/\" \/>\n<meta property=\"og:site_name\" content=\"Sonora en Equipo.\" \/>\n<meta property=\"article:publisher\" content=\"https:\/\/www.facebook.com\/SonoraEE\/\" \/>\n<meta property=\"article:author\" content=\"https:\/\/www.facebook.com\/SonoraEE\" \/>\n<meta property=\"article:published_time\" content=\"2021-08-25T18:20:10+00:00\" \/>\n<meta property=\"article:modified_time\" content=\"2021-08-25T19:31:50+00:00\" \/>\n<meta property=\"og:image\" content=\"https:\/\/www.sonoraenequipo.com.mx\/storage\/2021\/08\/Acervo-Hermosillo-36_opt.jpg\" \/>\n\t<meta property=\"og:image:width\" content=\"700\" \/>\n\t<meta property=\"og:image:height\" content=\"400\" \/>\n\t<meta property=\"og:image:type\" content=\"image\/jpeg\" \/>\n<meta name=\"author\" content=\"enequipo\" \/>\n<meta name=\"twitter:card\" content=\"summary_large_image\" \/>\n<meta name=\"twitter:creator\" content=\"@sonoraenequipo\" \/>\n<meta name=\"twitter:site\" content=\"@sonoraenequipo\" \/>\n<meta name=\"twitter:label1\" content=\"Escrito por\" \/>\n\t<meta name=\"twitter:data1\" content=\"enequipo\" \/>\n\t<meta name=\"twitter:label2\" content=\"Tiempo de lectura\" \/>\n\t<meta name=\"twitter:data2\" content=\"4 minutos\" \/>\n<script type=\"application\/ld+json\" class=\"yoast-schema-graph\">{\"@context\":\"https:\/\/schema.org\",\"@graph\":[{\"@type\":\"Article\",\"@id\":\"https:\/\/www.sonoraenequipo.com.mx\/llaman-a-profesionalizar-agua-de-hermosillo\/#article\",\"isPartOf\":{\"@id\":\"https:\/\/www.sonoraenequipo.com.mx\/llaman-a-profesionalizar-agua-de-hermosillo\/\"},\"author\":{\"name\":\"enequipo\",\"@id\":\"https:\/\/www.sonoraenequipo.com.mx\/#\/schema\/person\/50102df0fb23a8fa9e8effad8fa81386\"},\"headline\":\"Llaman a profesionalizar Agua de Hermosillo\",\"datePublished\":\"2021-08-25T18:20:10+00:00\",\"dateModified\":\"2021-08-25T19:31:50+00:00\",\"mainEntityOfPage\":{\"@id\":\"https:\/\/www.sonoraenequipo.com.mx\/llaman-a-profesionalizar-agua-de-hermosillo\/\"},\"wordCount\":868,\"commentCount\":0,\"publisher\":{\"@id\":\"https:\/\/www.sonoraenequipo.com.mx\/#organization\"},\"image\":{\"@id\":\"https:\/\/www.sonoraenequipo.com.mx\/llaman-a-profesionalizar-agua-de-hermosillo\/#primaryimage\"},\"thumbnailUrl\":\"https:\/\/www.sonoraenequipo.com.mx\/storage\/2021\/08\/Acervo-Hermosillo-36_opt.jpg\",\"articleSection\":[\"Municipios\"],\"inLanguage\":\"es\",\"potentialAction\":[{\"@type\":\"CommentAction\",\"name\":\"Comment\",\"target\":[\"https:\/\/www.sonoraenequipo.com.mx\/llaman-a-profesionalizar-agua-de-hermosillo\/#respond\"]}]},{\"@type\":\"WebPage\",\"@id\":\"https:\/\/www.sonoraenequipo.com.mx\/llaman-a-profesionalizar-agua-de-hermosillo\/\",\"url\":\"https:\/\/www.sonoraenequipo.com.mx\/llaman-a-profesionalizar-agua-de-hermosillo\/\",\"name\":\"Sonora en Equipo. Llaman a profesionalizar Agua de Hermosillo Municipios\",\"isPartOf\":{\"@id\":\"https:\/\/www.sonoraenequipo.com.mx\/#website\"},\"primaryImageOfPage\":{\"@id\":\"https:\/\/www.sonoraenequipo.com.mx\/llaman-a-profesionalizar-agua-de-hermosillo\/#primaryimage\"},\"image\":{\"@id\":\"https:\/\/www.sonoraenequipo.com.mx\/llaman-a-profesionalizar-agua-de-hermosillo\/#primaryimage\"},\"thumbnailUrl\":\"https:\/\/www.sonoraenequipo.com.mx\/storage\/2021\/08\/Acervo-Hermosillo-36_opt.jpg\",\"datePublished\":\"2021-08-25T18:20:10+00:00\",\"dateModified\":\"2021-08-25T19:31:50+00:00\",\"description\":\"HERMOSILLO, SONORA. MX. \u2014\u00a0 En los \u00faltimos a\u00f1os, el organismo operador de Agua de Hermosillo disminuy\u00f3 su eficiencia, lo cual afecta su capacidad para En Sonora en Equipo publicamos toda la informaci\u00f3n de Sonora, M\u00e9xico y el Mundo de manera oportuna y busca que la libertad de expresi\u00f3n sea real. Visita nuestro medio informativo publicado desde Hermosillo, Sonora. %\",\"breadcrumb\":{\"@id\":\"https:\/\/www.sonoraenequipo.com.mx\/llaman-a-profesionalizar-agua-de-hermosillo\/#breadcrumb\"},\"inLanguage\":\"es\",\"potentialAction\":[{\"@type\":\"ReadAction\",\"target\":[\"https:\/\/www.sonoraenequipo.com.mx\/llaman-a-profesionalizar-agua-de-hermosillo\/\"]}]},{\"@type\":\"ImageObject\",\"inLanguage\":\"es\",\"@id\":\"https:\/\/www.sonoraenequipo.com.mx\/llaman-a-profesionalizar-agua-de-hermosillo\/#primaryimage\",\"url\":\"https:\/\/www.sonoraenequipo.com.mx\/storage\/2021\/08\/Acervo-Hermosillo-36_opt.jpg\",\"contentUrl\":\"https:\/\/www.sonoraenequipo.com.mx\/storage\/2021\/08\/Acervo-Hermosillo-36_opt.jpg\",\"width\":700,\"height\":400},{\"@type\":\"BreadcrumbList\",\"@id\":\"https:\/\/www.sonoraenequipo.com.mx\/llaman-a-profesionalizar-agua-de-hermosillo\/#breadcrumb\",\"itemListElement\":[{\"@type\":\"ListItem\",\"position\":1,\"name\":\"Portada\",\"item\":\"https:\/\/www.sonoraenequipo.com.mx\/\"},{\"@type\":\"ListItem\",\"position\":2,\"name\":\"Llaman a profesionalizar Agua de Hermosillo\"}]},{\"@type\":\"WebSite\",\"@id\":\"https:\/\/www.sonoraenequipo.com.mx\/#website\",\"url\":\"https:\/\/www.sonoraenequipo.com.mx\/\",\"name\":\"Sonora en Equipo.\",\"description\":\"Diario en l\u00ednea con Noticias desde Hermosillo, Sonora\",\"publisher\":{\"@id\":\"https:\/\/www.sonoraenequipo.com.mx\/#organization\"},\"potentialAction\":[{\"@type\":\"SearchAction\",\"target\":{\"@type\":\"EntryPoint\",\"urlTemplate\":\"https:\/\/www.sonoraenequipo.com.mx\/?s={search_term_string}\"},\"query-input\":{\"@type\":\"PropertyValueSpecification\",\"valueRequired\":true,\"valueName\":\"search_term_string\"}}],\"inLanguage\":\"es\"},{\"@type\":\"Organization\",\"@id\":\"https:\/\/www.sonoraenequipo.com.mx\/#organization\",\"name\":\"Sonoraenequipo.com.mx\",\"url\":\"https:\/\/www.sonoraenequipo.com.mx\/\",\"logo\":{\"@type\":\"ImageObject\",\"inLanguage\":\"es\",\"@id\":\"https:\/\/www.sonoraenequipo.com.mx\/#\/schema\/logo\/image\/\",\"url\":\"https:\/\/www.sonoraenequipo.com.mx\/storage\/2019\/01\/sonoraenequipo_opt.png\",\"contentUrl\":\"https:\/\/www.sonoraenequipo.com.mx\/storage\/2019\/01\/sonoraenequipo_opt.png\",\"width\":375,\"height\":125,\"caption\":\"Sonoraenequipo.com.mx\"},\"image\":{\"@id\":\"https:\/\/www.sonoraenequipo.com.mx\/#\/schema\/logo\/image\/\"},\"sameAs\":[\"https:\/\/www.facebook.com\/SonoraEE\/\",\"https:\/\/x.com\/sonoraenequipo\",\"https:\/\/www.youtube.com\/channel\/UC338nW-lPEYmJQs4ZABQ1SQ\"]},{\"@type\":\"Person\",\"@id\":\"https:\/\/www.sonoraenequipo.com.mx\/#\/schema\/person\/50102df0fb23a8fa9e8effad8fa81386\",\"name\":\"enequipo\",\"image\":{\"@type\":\"ImageObject\",\"inLanguage\":\"es\",\"@id\":\"https:\/\/www.sonoraenequipo.com.mx\/#\/schema\/person\/image\/\",\"url\":\"https:\/\/secure.gravatar.com\/avatar\/049821681b589dabc0bc20695993ccebb09f5b5d4d790cd9251b97faac7c652b?s=96&d=blank&r=g\",\"contentUrl\":\"https:\/\/secure.gravatar.com\/avatar\/049821681b589dabc0bc20695993ccebb09f5b5d4d790cd9251b97faac7c652b?s=96&d=blank&r=g\",\"caption\":\"enequipo\"},\"sameAs\":[\"https:\/\/www.facebook.com\/SonoraEE\"]}]}<\/script>\n ","yoast_head_json":{"title":"Sonora en Equipo. Llaman a profesionalizar Agua de Hermosillo Municipios","description":"HERMOSILLO, SONORA. MX. \u2014\u00a0 En los \u00faltimos a\u00f1os, el organismo operador de Agua de Hermosillo disminuy\u00f3 su eficiencia, lo cual afecta su capacidad para En Sonora en Equipo publicamos toda la informaci\u00f3n de Sonora, M\u00e9xico y el Mundo de manera oportuna y busca que la libertad de expresi\u00f3n sea real. Visita nuestro medio informativo publicado desde Hermosillo, Sonora. %","robots":{"index":"index","follow":"follow","max-snippet":"max-snippet:-1","max-image-preview":"max-image-preview:large","max-video-preview":"max-video-preview:-1"},"canonical":"https:\/\/www.sonoraenequipo.com.mx\/llaman-a-profesionalizar-agua-de-hermosillo\/","og_locale":"es_ES","og_type":"article","og_title":"Sonora en Equipo. Llaman a profesionalizar Agua de Hermosillo Municipios","og_description":"HERMOSILLO, SONORA. MX. \u2014\u00a0 En los \u00faltimos a\u00f1os, el organismo operador de Agua de Hermosillo disminuy\u00f3 su eficiencia, lo cual afecta su capacidad para En Sonora en Equipo publicamos toda la informaci\u00f3n de Sonora, M\u00e9xico y el Mundo de manera oportuna y busca que la libertad de expresi\u00f3n sea real. Visita nuestro medio informativo publicado desde Hermosillo, Sonora. %","og_url":"https:\/\/www.sonoraenequipo.com.mx\/llaman-a-profesionalizar-agua-de-hermosillo\/","og_site_name":"Sonora en Equipo.","article_publisher":"https:\/\/www.facebook.com\/SonoraEE\/","article_author":"https:\/\/www.facebook.com\/SonoraEE","article_published_time":"2021-08-25T18:20:10+00:00","article_modified_time":"2021-08-25T19:31:50+00:00","og_image":[{"width":700,"height":400,"url":"https:\/\/www.sonoraenequipo.com.mx\/storage\/2021\/08\/Acervo-Hermosillo-36_opt.jpg","type":"image\/jpeg"}],"author":"enequipo","twitter_card":"summary_large_image","twitter_creator":"@sonoraenequipo","twitter_site":"@sonoraenequipo","twitter_misc":{"Escrito por":"enequipo","Tiempo de lectura":"4 minutos"},"schema":{"@context":"https:\/\/schema.org","@graph":[{"@type":"Article","@id":"https:\/\/www.sonoraenequipo.com.mx\/llaman-a-profesionalizar-agua-de-hermosillo\/#article","isPartOf":{"@id":"https:\/\/www.sonoraenequipo.com.mx\/llaman-a-profesionalizar-agua-de-hermosillo\/"},"author":{"name":"enequipo","@id":"https:\/\/www.sonoraenequipo.com.mx\/#\/schema\/person\/50102df0fb23a8fa9e8effad8fa81386"},"headline":"Llaman a profesionalizar Agua de Hermosillo","datePublished":"2021-08-25T18:20:10+00:00","dateModified":"2021-08-25T19:31:50+00:00","mainEntityOfPage":{"@id":"https:\/\/www.sonoraenequipo.com.mx\/llaman-a-profesionalizar-agua-de-hermosillo\/"},"wordCount":868,"commentCount":0,"publisher":{"@id":"https:\/\/www.sonoraenequipo.com.mx\/#organization"},"image":{"@id":"https:\/\/www.sonoraenequipo.com.mx\/llaman-a-profesionalizar-agua-de-hermosillo\/#primaryimage"},"thumbnailUrl":"https:\/\/www.sonoraenequipo.com.mx\/storage\/2021\/08\/Acervo-Hermosillo-36_opt.jpg","articleSection":["Municipios"],"inLanguage":"es","potentialAction":[{"@type":"CommentAction","name":"Comment","target":["https:\/\/www.sonoraenequipo.com.mx\/llaman-a-profesionalizar-agua-de-hermosillo\/#respond"]}]},{"@type":"WebPage","@id":"https:\/\/www.sonoraenequipo.com.mx\/llaman-a-profesionalizar-agua-de-hermosillo\/","url":"https:\/\/www.sonoraenequipo.com.mx\/llaman-a-profesionalizar-agua-de-hermosillo\/","name":"Sonora en Equipo. Llaman a profesionalizar Agua de Hermosillo Municipios","isPartOf":{"@id":"https:\/\/www.sonoraenequipo.com.mx\/#website"},"primaryImageOfPage":{"@id":"https:\/\/www.sonoraenequipo.com.mx\/llaman-a-profesionalizar-agua-de-hermosillo\/#primaryimage"},"image":{"@id":"https:\/\/www.sonoraenequipo.com.mx\/llaman-a-profesionalizar-agua-de-hermosillo\/#primaryimage"},"thumbnailUrl":"https:\/\/www.sonoraenequipo.com.mx\/storage\/2021\/08\/Acervo-Hermosillo-36_opt.jpg","datePublished":"2021-08-25T18:20:10+00:00","dateModified":"2021-08-25T19:31:50+00:00","description":"HERMOSILLO, SONORA. MX. \u2014\u00a0 En los \u00faltimos a\u00f1os, el organismo operador de Agua de Hermosillo disminuy\u00f3 su eficiencia, lo cual afecta su capacidad para En Sonora en Equipo publicamos toda la informaci\u00f3n de Sonora, M\u00e9xico y el Mundo de manera oportuna y busca que la libertad de expresi\u00f3n sea real. Visita nuestro medio informativo publicado desde Hermosillo, Sonora. %","breadcrumb":{"@id":"https:\/\/www.sonoraenequipo.com.mx\/llaman-a-profesionalizar-agua-de-hermosillo\/#breadcrumb"},"inLanguage":"es","potentialAction":[{"@type":"ReadAction","target":["https:\/\/www.sonoraenequipo.com.mx\/llaman-a-profesionalizar-agua-de-hermosillo\/"]}]},{"@type":"ImageObject","inLanguage":"es","@id":"https:\/\/www.sonoraenequipo.com.mx\/llaman-a-profesionalizar-agua-de-hermosillo\/#primaryimage","url":"https:\/\/www.sonoraenequipo.com.mx\/storage\/2021\/08\/Acervo-Hermosillo-36_opt.jpg","contentUrl":"https:\/\/www.sonoraenequipo.com.mx\/storage\/2021\/08\/Acervo-Hermosillo-36_opt.jpg","width":700,"height":400},{"@type":"BreadcrumbList","@id":"https:\/\/www.sonoraenequipo.com.mx\/llaman-a-profesionalizar-agua-de-hermosillo\/#breadcrumb","itemListElement":[{"@type":"ListItem","position":1,"name":"Portada","item":"https:\/\/www.sonoraenequipo.com.mx\/"},{"@type":"ListItem","position":2,"name":"Llaman a profesionalizar Agua de Hermosillo"}]},{"@type":"WebSite","@id":"https:\/\/www.sonoraenequipo.com.mx\/#website","url":"https:\/\/www.sonoraenequipo.com.mx\/","name":"Sonora en Equipo.","description":"Diario en l\u00ednea con Noticias desde Hermosillo, Sonora","publisher":{"@id":"https:\/\/www.sonoraenequipo.com.mx\/#organization"},"potentialAction":[{"@type":"SearchAction","target":{"@type":"EntryPoint","urlTemplate":"https:\/\/www.sonoraenequipo.com.mx\/?s={search_term_string}"},"query-input":{"@type":"PropertyValueSpecification","valueRequired":true,"valueName":"search_term_string"}}],"inLanguage":"es"},{"@type":"Organization","@id":"https:\/\/www.sonoraenequipo.com.mx\/#organization","name":"Sonoraenequipo.com.mx","url":"https:\/\/www.sonoraenequipo.com.mx\/","logo":{"@type":"ImageObject","inLanguage":"es","@id":"https:\/\/www.sonoraenequipo.com.mx\/#\/schema\/logo\/image\/","url":"https:\/\/www.sonoraenequipo.com.mx\/storage\/2019\/01\/sonoraenequipo_opt.png","contentUrl":"https:\/\/www.sonoraenequipo.com.mx\/storage\/2019\/01\/sonoraenequipo_opt.png","width":375,"height":125,"caption":"Sonoraenequipo.com.mx"},"image":{"@id":"https:\/\/www.sonoraenequipo.com.mx\/#\/schema\/logo\/image\/"},"sameAs":["https:\/\/www.facebook.com\/SonoraEE\/","https:\/\/x.com\/sonoraenequipo","https:\/\/www.youtube.com\/channel\/UC338nW-lPEYmJQs4ZABQ1SQ"]},{"@type":"Person","@id":"https:\/\/www.sonoraenequipo.com.mx\/#\/schema\/person\/50102df0fb23a8fa9e8effad8fa81386","name":"enequipo","image":{"@type":"ImageObject","inLanguage":"es","@id":"https:\/\/www.sonoraenequipo.com.mx\/#\/schema\/person\/image\/","url":"https:\/\/secure.gravatar.com\/avatar\/049821681b589dabc0bc20695993ccebb09f5b5d4d790cd9251b97faac7c652b?s=96&d=blank&r=g","contentUrl":"https:\/\/secure.gravatar.com\/avatar\/049821681b589dabc0bc20695993ccebb09f5b5d4d790cd9251b97faac7c652b?s=96&d=blank&r=g","caption":"enequipo"},"sameAs":["https:\/\/www.facebook.com\/SonoraEE"]}]}},"jetpack_featured_media_url":"https:\/\/www.sonoraenequipo.com.mx\/storage\/2021\/08\/Acervo-Hermosillo-36_opt.jpg","_links":{"self":[{"href":"https:\/\/www.sonoraenequipo.com.mx\/api\/wp\/v2\/posts\/121386","targetHints":{"allow":["GET"]}}],"collection":[{"href":"https:\/\/www.sonoraenequipo.com.mx\/api\/wp\/v2\/posts"}],"about":[{"href":"https:\/\/www.sonoraenequipo.com.mx\/api\/wp\/v2\/types\/post"}],"author":[{"embeddable":true,"href":"https:\/\/www.sonoraenequipo.com.mx\/api\/wp\/v2\/users\/1"}],"replies":[{"embeddable":true,"href":"https:\/\/www.sonoraenequipo.com.mx\/api\/wp\/v2\/comments?post=121386"}],"version-history":[{"count":1,"href":"https:\/\/www.sonoraenequipo.com.mx\/api\/wp\/v2\/posts\/121386\/revisions"}],"predecessor-version":[{"id":121388,"href":"https:\/\/www.sonoraenequipo.com.mx\/api\/wp\/v2\/posts\/121386\/revisions\/121388"}],"wp:featuredmedia":[{"embeddable":true,"href":"https:\/\/www.sonoraenequipo.com.mx\/api\/wp\/v2\/media\/121387"}],"wp:attachment":[{"href":"https:\/\/www.sonoraenequipo.com.mx\/api\/wp\/v2\/media?parent=121386"}],"wp:term":[{"taxonomy":"category","embeddable":true,"href":"https:\/\/www.sonoraenequipo.com.mx\/api\/wp\/v2\/categories?post=121386"},{"taxonomy":"post_tag","embeddable":true,"href":"https:\/\/www.sonoraenequipo.com.mx\/api\/wp\/v2\/tags?post=121386"}],"curies":[{"name":"wp","href":"https:\/\/api.w.org\/{rel}","templated":true}]}}