{"id":121397,"date":"2021-08-25T18:10:27","date_gmt":"2021-08-26T01:10:27","guid":{"rendered":"https:\/\/www.sonoraenequipo.com.mx\/?p=121397"},"modified":"2021-08-25T22:23:03","modified_gmt":"2021-08-26T05:23:03","slug":"ordenan-reglamentar-revocacion-del-mandato-presidencial-en-mexico","status":"publish","type":"post","link":"https:\/\/www.sonoraenequipo.com.mx\/ordenan-reglamentar-revocacion-del-mandato-presidencial-en-mexico\/","title":{"rendered":"Ordenan reglamentar revocaci\u00f3n del mandato presidencial en M\u00e9xico."},"content":{"rendered":"<p>CIUDAD DE M\u00c9XICO. MX. \u2014 El Tribunal Electoral de M\u00e9xico orden\u00f3 este mi\u00e9rcoles (25.08.20219 al Congreso aprobar una ley que reglamente el refer\u00e9ndum de revocaci\u00f3n del mandato presidencial, una iniciativa impulsada por el propio presidente Andr\u00e9s Manuel L\u00f3pez Obrador.<\/p>\n<p>&nbsp;<\/p>\n<p> <\/p>\n<p>&nbsp;<\/p>\n<p><em>\u00abEl Tribunal Electoral del Poder Judicial de la Federaci\u00f3n determin\u00f3 por mayor\u00eda de 6 votos a favor y uno en contra que el Congreso de la Uni\u00f3n es omiso en expedir la Ley Reglamentaria en Materia de Revocaci\u00f3n de Mandato y lo vincul\u00f3 para que, en el plazo de 30 d\u00edas naturales a partir del 1 de septiembre, emita la legislaci\u00f3n respectiva\u00bb<\/em>, anunci\u00f3 en un comunicado.<\/p>\n<p>&nbsp;<\/p>\n<p>El presidente L\u00f3pez Obrador quiere convocar un refer\u00e9ndum para que el pr\u00f3ximo a\u00f1o los mexicanos decidan si debe seguir o no en el cargo, pero la oposici\u00f3n fren\u00f3 la convocatoria de una sesi\u00f3n extraordinaria en el Congreso para legislar el asunto.<br \/>\nReforma constitucional en vigor<\/p>\n<p>&nbsp;<\/p>\n<p>El Tribunal record\u00f3 que el 21 de diciembre de 2019 entr\u00f3 en vigor una reforma de la Constituci\u00f3n que permite derogar el mandato del presidente pero el Congreso incumpli\u00f3 su obligaci\u00f3n de \u00ab<em>emitir la ley reglamentaria en materia de revocaci\u00f3n de mandato dentro de los 180 d\u00edas siguientes a su publicaci\u00f3n\u00bb.<\/em><\/p>\n<p>&nbsp;<\/p>\n<p>Los magistrados dieron la raz\u00f3n al oficialista Movimiento Regeneraci\u00f3n Nacional (Morena), que impugn\u00f3 la \u00abomisi\u00f3n\u00bb del Congreso, y establecieron un plazo de 30 d\u00edas para aprobar una ley a partir del 1 de septiembre, fecha en la que iniciar\u00e1 el per\u00edodo ordinario de sesiones de la nueva legislatura.<\/p>\n<p>&nbsp;<\/p>\n<p>La semana pasada, la oposici\u00f3n fren\u00f3 la iniciativa de Morena que intent\u00f3 convocar un per\u00edodo extraordinario &#8216;in extremis&#8217; antes de concluir la legislatura para aprobar la ley de revocaci\u00f3n del mandato presidencial.<\/p>\n<p>&nbsp;<\/p>\n<h3>\nUna promesa electoral del actual presidente<\/h3>\n<p>&nbsp;<\/p>\n<p>Los opositores denuncian que el presidente quiere malgastar el dinero con este tipo de ejercicios, que le permiten estar en campa\u00f1a permanente.<\/p>\n<p>&nbsp;<\/p>\n<p>El refer\u00e9ndum de revocaci\u00f3n a mitad de mandato es una de las promesas electorales de L\u00f3pez Obrador, presidente desde 2018, para suprimir privilegios y fomentar una democracia directa en M\u00e9xico.<\/p>\n<p>&nbsp;<\/p>\n<p>El mandatario reproch\u00f3 la semana pasada que la oposici\u00f3n est\u00e1 \u00abponiendo obst\u00e1culos en el Congreso\u00bb porque \u00able tienen miedo al pueblo\u00bb.<\/p>\n<p>&nbsp;<\/p>\n<p>El Instituto Nacional Electoral (INE) present\u00f3 el martes su propuesta de presupuestos para 2022, que contempla destinar 3.800 millones de pesos (188 millones de d\u00f3lares) a la consulta de revocaci\u00f3n.<\/p>\n<p>&nbsp;<\/p>\n<p>El pasado 1 de agosto, solo el 7 % del censo vot\u00f3 en la consulta popular convocada por L\u00f3pez Obrador sobre enjuiciar a los expresidentes del pa\u00eds, ante lo cual Morena culp\u00f3 al INE de boicotearla y la autoridad electoral respondi\u00f3 que no tuvo suficiente presupuesto.<\/p>\n<p>&nbsp;<\/p>\n<p>&nbsp;<\/p>\n<p>(Publicada el 25\/08\/2021 \/EXCELSIOR \/EFE)<\/p>\n","protected":false},"excerpt":{"rendered":"<p>CIUDAD DE M\u00c9XICO. MX. \u2014 El Tribunal Electoral de M\u00e9xico orden\u00f3 este mi\u00e9rcoles (25.08.20219 al&#8230;<\/p>\n","protected":false},"author":1,"featured_media":121401,"comment_status":"open","ping_status":"open","sticky":false,"template":"","format":"standard","meta":{"_monsterinsights_skip_tracking":false,"_monsterinsights_sitenote_active":false,"_monsterinsights_sitenote_note":"","_monsterinsights_sitenote_category":0,"footnotes":""},"categories":[5],"tags":[],"class_list":["post"],"yoast_head":" \n<title>Sonora en Equipo. Ordenan reglamentar revocaci\u00f3n del mandato presidencial en M\u00e9xico. Rep\u00fablica<\/title>\n<meta name=\"description\" content=\"CIUDAD DE M\u00c9XICO. MX. \u2014 El Tribunal Electoral de M\u00e9xico orden\u00f3 este mi\u00e9rcoles (25.08.20219 al Congreso aprobar una ley que reglamente el refer\u00e9ndum de En Sonora en Equipo publicamos toda la informaci\u00f3n de Sonora, M\u00e9xico y el Mundo de manera oportuna y busca que la libertad de expresi\u00f3n sea real. Visita nuestro medio informativo publicado desde Hermosillo, Sonora. %\" \/>\n<meta name=\"robots\" content=\"index, follow, max-snippet:-1, max-image-preview:large, max-video-preview:-1\" \/>\n<link rel=\"canonical\" href=\"https:\/\/www.sonoraenequipo.com.mx\/ordenan-reglamentar-revocacion-del-mandato-presidencial-en-mexico\/\" \/>\n<meta property=\"og:locale\" content=\"es_ES\" \/>\n<meta property=\"og:type\" content=\"article\" \/>\n<meta property=\"og:title\" content=\"Sonora en Equipo. Ordenan reglamentar revocaci\u00f3n del mandato presidencial en M\u00e9xico. Rep\u00fablica\" \/>\n<meta property=\"og:description\" content=\"CIUDAD DE M\u00c9XICO. MX. \u2014 El Tribunal Electoral de M\u00e9xico orden\u00f3 este mi\u00e9rcoles (25.08.20219 al Congreso aprobar una ley que reglamente el refer\u00e9ndum de En Sonora en Equipo publicamos toda la informaci\u00f3n de Sonora, M\u00e9xico y el Mundo de manera oportuna y busca que la libertad de expresi\u00f3n sea real. Visita nuestro medio informativo publicado desde Hermosillo, Sonora. %\" \/>\n<meta property=\"og:url\" content=\"https:\/\/www.sonoraenequipo.com.mx\/ordenan-reglamentar-revocacion-del-mandato-presidencial-en-mexico\/\" \/>\n<meta property=\"og:site_name\" content=\"Sonora en Equipo.\" \/>\n<meta property=\"article:publisher\" content=\"https:\/\/www.facebook.com\/SonoraEE\/\" \/>\n<meta property=\"article:author\" content=\"https:\/\/www.facebook.com\/SonoraEE\" \/>\n<meta property=\"article:published_time\" content=\"2021-08-26T01:10:27+00:00\" \/>\n<meta property=\"article:modified_time\" content=\"2021-08-26T05:23:03+00:00\" \/>\n<meta property=\"og:image\" content=\"https:\/\/www.sonoraenequipo.com.mx\/storage\/2021\/08\/ordenan-reglamentar-revocacion-de-mandato_opt.jpg\" \/>\n\t<meta property=\"og:image:width\" content=\"700\" \/>\n\t<meta property=\"og:image:height\" content=\"400\" \/>\n\t<meta property=\"og:image:type\" content=\"image\/jpeg\" \/>\n<meta name=\"author\" content=\"enequipo\" \/>\n<meta name=\"twitter:card\" content=\"summary_large_image\" \/>\n<meta name=\"twitter:creator\" content=\"@sonoraenequipo\" \/>\n<meta name=\"twitter:site\" content=\"@sonoraenequipo\" \/>\n<meta name=\"twitter:label1\" content=\"Escrito por\" \/>\n\t<meta name=\"twitter:data1\" content=\"enequipo\" \/>\n\t<meta name=\"twitter:label2\" content=\"Tiempo de lectura\" \/>\n\t<meta name=\"twitter:data2\" content=\"2 minutos\" \/>\n<script type=\"application\/ld+json\" class=\"yoast-schema-graph\">{\"@context\":\"https:\/\/schema.org\",\"@graph\":[{\"@type\":\"Article\",\"@id\":\"https:\/\/www.sonoraenequipo.com.mx\/ordenan-reglamentar-revocacion-del-mandato-presidencial-en-mexico\/#article\",\"isPartOf\":{\"@id\":\"https:\/\/www.sonoraenequipo.com.mx\/ordenan-reglamentar-revocacion-del-mandato-presidencial-en-mexico\/\"},\"author\":{\"name\":\"enequipo\",\"@id\":\"https:\/\/www.sonoraenequipo.com.mx\/#\/schema\/person\/50102df0fb23a8fa9e8effad8fa81386\"},\"headline\":\"Ordenan reglamentar revocaci\u00f3n del mandato presidencial en M\u00e9xico.\",\"datePublished\":\"2021-08-26T01:10:27+00:00\",\"dateModified\":\"2021-08-26T05:23:03+00:00\",\"mainEntityOfPage\":{\"@id\":\"https:\/\/www.sonoraenequipo.com.mx\/ordenan-reglamentar-revocacion-del-mandato-presidencial-en-mexico\/\"},\"wordCount\":490,\"commentCount\":0,\"publisher\":{\"@id\":\"https:\/\/www.sonoraenequipo.com.mx\/#organization\"},\"image\":{\"@id\":\"https:\/\/www.sonoraenequipo.com.mx\/ordenan-reglamentar-revocacion-del-mandato-presidencial-en-mexico\/#primaryimage\"},\"thumbnailUrl\":\"https:\/\/www.sonoraenequipo.com.mx\/storage\/2021\/08\/ordenan-reglamentar-revocacion-de-mandato_opt.jpg\",\"articleSection\":[\"Rep\u00fablica\"],\"inLanguage\":\"es\",\"potentialAction\":[{\"@type\":\"CommentAction\",\"name\":\"Comment\",\"target\":[\"https:\/\/www.sonoraenequipo.com.mx\/ordenan-reglamentar-revocacion-del-mandato-presidencial-en-mexico\/#respond\"]}]},{\"@type\":\"WebPage\",\"@id\":\"https:\/\/www.sonoraenequipo.com.mx\/ordenan-reglamentar-revocacion-del-mandato-presidencial-en-mexico\/\",\"url\":\"https:\/\/www.sonoraenequipo.com.mx\/ordenan-reglamentar-revocacion-del-mandato-presidencial-en-mexico\/\",\"name\":\"Sonora en Equipo. Ordenan reglamentar revocaci\u00f3n del mandato presidencial en M\u00e9xico. Rep\u00fablica\",\"isPartOf\":{\"@id\":\"https:\/\/www.sonoraenequipo.com.mx\/#website\"},\"primaryImageOfPage\":{\"@id\":\"https:\/\/www.sonoraenequipo.com.mx\/ordenan-reglamentar-revocacion-del-mandato-presidencial-en-mexico\/#primaryimage\"},\"image\":{\"@id\":\"https:\/\/www.sonoraenequipo.com.mx\/ordenan-reglamentar-revocacion-del-mandato-presidencial-en-mexico\/#primaryimage\"},\"thumbnailUrl\":\"https:\/\/www.sonoraenequipo.com.mx\/storage\/2021\/08\/ordenan-reglamentar-revocacion-de-mandato_opt.jpg\",\"datePublished\":\"2021-08-26T01:10:27+00:00\",\"dateModified\":\"2021-08-26T05:23:03+00:00\",\"description\":\"CIUDAD DE M\u00c9XICO. MX. \u2014 El Tribunal Electoral de M\u00e9xico orden\u00f3 este mi\u00e9rcoles (25.08.20219 al Congreso aprobar una ley que reglamente el refer\u00e9ndum de En Sonora en Equipo publicamos toda la informaci\u00f3n de Sonora, M\u00e9xico y el Mundo de manera oportuna y busca que la libertad de expresi\u00f3n sea real. Visita nuestro medio informativo publicado desde Hermosillo, Sonora. %\",\"breadcrumb\":{\"@id\":\"https:\/\/www.sonoraenequipo.com.mx\/ordenan-reglamentar-revocacion-del-mandato-presidencial-en-mexico\/#breadcrumb\"},\"inLanguage\":\"es\",\"potentialAction\":[{\"@type\":\"ReadAction\",\"target\":[\"https:\/\/www.sonoraenequipo.com.mx\/ordenan-reglamentar-revocacion-del-mandato-presidencial-en-mexico\/\"]}]},{\"@type\":\"ImageObject\",\"inLanguage\":\"es\",\"@id\":\"https:\/\/www.sonoraenequipo.com.mx\/ordenan-reglamentar-revocacion-del-mandato-presidencial-en-mexico\/#primaryimage\",\"url\":\"https:\/\/www.sonoraenequipo.com.mx\/storage\/2021\/08\/ordenan-reglamentar-revocacion-de-mandato_opt.jpg\",\"contentUrl\":\"https:\/\/www.sonoraenequipo.com.mx\/storage\/2021\/08\/ordenan-reglamentar-revocacion-de-mandato_opt.jpg\",\"width\":700,\"height\":400},{\"@type\":\"BreadcrumbList\",\"@id\":\"https:\/\/www.sonoraenequipo.com.mx\/ordenan-reglamentar-revocacion-del-mandato-presidencial-en-mexico\/#breadcrumb\",\"itemListElement\":[{\"@type\":\"ListItem\",\"position\":1,\"name\":\"Portada\",\"item\":\"https:\/\/www.sonoraenequipo.com.mx\/\"},{\"@type\":\"ListItem\",\"position\":2,\"name\":\"Ordenan reglamentar revocaci\u00f3n del mandato presidencial en M\u00e9xico.\"}]},{\"@type\":\"WebSite\",\"@id\":\"https:\/\/www.sonoraenequipo.com.mx\/#website\",\"url\":\"https:\/\/www.sonoraenequipo.com.mx\/\",\"name\":\"Sonora en Equipo.\",\"description\":\"Diario en l\u00ednea con Noticias desde Hermosillo, Sonora\",\"publisher\":{\"@id\":\"https:\/\/www.sonoraenequipo.com.mx\/#organization\"},\"potentialAction\":[{\"@type\":\"SearchAction\",\"target\":{\"@type\":\"EntryPoint\",\"urlTemplate\":\"https:\/\/www.sonoraenequipo.com.mx\/?s={search_term_string}\"},\"query-input\":{\"@type\":\"PropertyValueSpecification\",\"valueRequired\":true,\"valueName\":\"search_term_string\"}}],\"inLanguage\":\"es\"},{\"@type\":\"Organization\",\"@id\":\"https:\/\/www.sonoraenequipo.com.mx\/#organization\",\"name\":\"Sonoraenequipo.com.mx\",\"url\":\"https:\/\/www.sonoraenequipo.com.mx\/\",\"logo\":{\"@type\":\"ImageObject\",\"inLanguage\":\"es\",\"@id\":\"https:\/\/www.sonoraenequipo.com.mx\/#\/schema\/logo\/image\/\",\"url\":\"https:\/\/www.sonoraenequipo.com.mx\/storage\/2019\/01\/sonoraenequipo_opt.png\",\"contentUrl\":\"https:\/\/www.sonoraenequipo.com.mx\/storage\/2019\/01\/sonoraenequipo_opt.png\",\"width\":375,\"height\":125,\"caption\":\"Sonoraenequipo.com.mx\"},\"image\":{\"@id\":\"https:\/\/www.sonoraenequipo.com.mx\/#\/schema\/logo\/image\/\"},\"sameAs\":[\"https:\/\/www.facebook.com\/SonoraEE\/\",\"https:\/\/x.com\/sonoraenequipo\",\"https:\/\/www.youtube.com\/channel\/UC338nW-lPEYmJQs4ZABQ1SQ\"]},{\"@type\":\"Person\",\"@id\":\"https:\/\/www.sonoraenequipo.com.mx\/#\/schema\/person\/50102df0fb23a8fa9e8effad8fa81386\",\"name\":\"enequipo\",\"image\":{\"@type\":\"ImageObject\",\"inLanguage\":\"es\",\"@id\":\"https:\/\/www.sonoraenequipo.com.mx\/#\/schema\/person\/image\/\",\"url\":\"https:\/\/secure.gravatar.com\/avatar\/049821681b589dabc0bc20695993ccebb09f5b5d4d790cd9251b97faac7c652b?s=96&d=blank&r=g\",\"contentUrl\":\"https:\/\/secure.gravatar.com\/avatar\/049821681b589dabc0bc20695993ccebb09f5b5d4d790cd9251b97faac7c652b?s=96&d=blank&r=g\",\"caption\":\"enequipo\"},\"sameAs\":[\"https:\/\/www.facebook.com\/SonoraEE\"]}]}<\/script>\n ","yoast_head_json":{"title":"Sonora en Equipo. Ordenan reglamentar revocaci\u00f3n del mandato presidencial en M\u00e9xico. Rep\u00fablica","description":"CIUDAD DE M\u00c9XICO. MX. \u2014 El Tribunal Electoral de M\u00e9xico orden\u00f3 este mi\u00e9rcoles (25.08.20219 al Congreso aprobar una ley que reglamente el refer\u00e9ndum de En Sonora en Equipo publicamos toda la informaci\u00f3n de Sonora, M\u00e9xico y el Mundo de manera oportuna y busca que la libertad de expresi\u00f3n sea real. Visita nuestro medio informativo publicado desde Hermosillo, Sonora. %","robots":{"index":"index","follow":"follow","max-snippet":"max-snippet:-1","max-image-preview":"max-image-preview:large","max-video-preview":"max-video-preview:-1"},"canonical":"https:\/\/www.sonoraenequipo.com.mx\/ordenan-reglamentar-revocacion-del-mandato-presidencial-en-mexico\/","og_locale":"es_ES","og_type":"article","og_title":"Sonora en Equipo. Ordenan reglamentar revocaci\u00f3n del mandato presidencial en M\u00e9xico. Rep\u00fablica","og_description":"CIUDAD DE M\u00c9XICO. MX. \u2014 El Tribunal Electoral de M\u00e9xico orden\u00f3 este mi\u00e9rcoles (25.08.20219 al Congreso aprobar una ley que reglamente el refer\u00e9ndum de En Sonora en Equipo publicamos toda la informaci\u00f3n de Sonora, M\u00e9xico y el Mundo de manera oportuna y busca que la libertad de expresi\u00f3n sea real. Visita nuestro medio informativo publicado desde Hermosillo, Sonora. %","og_url":"https:\/\/www.sonoraenequipo.com.mx\/ordenan-reglamentar-revocacion-del-mandato-presidencial-en-mexico\/","og_site_name":"Sonora en Equipo.","article_publisher":"https:\/\/www.facebook.com\/SonoraEE\/","article_author":"https:\/\/www.facebook.com\/SonoraEE","article_published_time":"2021-08-26T01:10:27+00:00","article_modified_time":"2021-08-26T05:23:03+00:00","og_image":[{"width":700,"height":400,"url":"https:\/\/www.sonoraenequipo.com.mx\/storage\/2021\/08\/ordenan-reglamentar-revocacion-de-mandato_opt.jpg","type":"image\/jpeg"}],"author":"enequipo","twitter_card":"summary_large_image","twitter_creator":"@sonoraenequipo","twitter_site":"@sonoraenequipo","twitter_misc":{"Escrito por":"enequipo","Tiempo de lectura":"2 minutos"},"schema":{"@context":"https:\/\/schema.org","@graph":[{"@type":"Article","@id":"https:\/\/www.sonoraenequipo.com.mx\/ordenan-reglamentar-revocacion-del-mandato-presidencial-en-mexico\/#article","isPartOf":{"@id":"https:\/\/www.sonoraenequipo.com.mx\/ordenan-reglamentar-revocacion-del-mandato-presidencial-en-mexico\/"},"author":{"name":"enequipo","@id":"https:\/\/www.sonoraenequipo.com.mx\/#\/schema\/person\/50102df0fb23a8fa9e8effad8fa81386"},"headline":"Ordenan reglamentar revocaci\u00f3n del mandato presidencial en M\u00e9xico.","datePublished":"2021-08-26T01:10:27+00:00","dateModified":"2021-08-26T05:23:03+00:00","mainEntityOfPage":{"@id":"https:\/\/www.sonoraenequipo.com.mx\/ordenan-reglamentar-revocacion-del-mandato-presidencial-en-mexico\/"},"wordCount":490,"commentCount":0,"publisher":{"@id":"https:\/\/www.sonoraenequipo.com.mx\/#organization"},"image":{"@id":"https:\/\/www.sonoraenequipo.com.mx\/ordenan-reglamentar-revocacion-del-mandato-presidencial-en-mexico\/#primaryimage"},"thumbnailUrl":"https:\/\/www.sonoraenequipo.com.mx\/storage\/2021\/08\/ordenan-reglamentar-revocacion-de-mandato_opt.jpg","articleSection":["Rep\u00fablica"],"inLanguage":"es","potentialAction":[{"@type":"CommentAction","name":"Comment","target":["https:\/\/www.sonoraenequipo.com.mx\/ordenan-reglamentar-revocacion-del-mandato-presidencial-en-mexico\/#respond"]}]},{"@type":"WebPage","@id":"https:\/\/www.sonoraenequipo.com.mx\/ordenan-reglamentar-revocacion-del-mandato-presidencial-en-mexico\/","url":"https:\/\/www.sonoraenequipo.com.mx\/ordenan-reglamentar-revocacion-del-mandato-presidencial-en-mexico\/","name":"Sonora en Equipo. Ordenan reglamentar revocaci\u00f3n del mandato presidencial en M\u00e9xico. Rep\u00fablica","isPartOf":{"@id":"https:\/\/www.sonoraenequipo.com.mx\/#website"},"primaryImageOfPage":{"@id":"https:\/\/www.sonoraenequipo.com.mx\/ordenan-reglamentar-revocacion-del-mandato-presidencial-en-mexico\/#primaryimage"},"image":{"@id":"https:\/\/www.sonoraenequipo.com.mx\/ordenan-reglamentar-revocacion-del-mandato-presidencial-en-mexico\/#primaryimage"},"thumbnailUrl":"https:\/\/www.sonoraenequipo.com.mx\/storage\/2021\/08\/ordenan-reglamentar-revocacion-de-mandato_opt.jpg","datePublished":"2021-08-26T01:10:27+00:00","dateModified":"2021-08-26T05:23:03+00:00","description":"CIUDAD DE M\u00c9XICO. MX. \u2014 El Tribunal Electoral de M\u00e9xico orden\u00f3 este mi\u00e9rcoles (25.08.20219 al Congreso aprobar una ley que reglamente el refer\u00e9ndum de En Sonora en Equipo publicamos toda la informaci\u00f3n de Sonora, M\u00e9xico y el Mundo de manera oportuna y busca que la libertad de expresi\u00f3n sea real. Visita nuestro medio informativo publicado desde Hermosillo, Sonora. %","breadcrumb":{"@id":"https:\/\/www.sonoraenequipo.com.mx\/ordenan-reglamentar-revocacion-del-mandato-presidencial-en-mexico\/#breadcrumb"},"inLanguage":"es","potentialAction":[{"@type":"ReadAction","target":["https:\/\/www.sonoraenequipo.com.mx\/ordenan-reglamentar-revocacion-del-mandato-presidencial-en-mexico\/"]}]},{"@type":"ImageObject","inLanguage":"es","@id":"https:\/\/www.sonoraenequipo.com.mx\/ordenan-reglamentar-revocacion-del-mandato-presidencial-en-mexico\/#primaryimage","url":"https:\/\/www.sonoraenequipo.com.mx\/storage\/2021\/08\/ordenan-reglamentar-revocacion-de-mandato_opt.jpg","contentUrl":"https:\/\/www.sonoraenequipo.com.mx\/storage\/2021\/08\/ordenan-reglamentar-revocacion-de-mandato_opt.jpg","width":700,"height":400},{"@type":"BreadcrumbList","@id":"https:\/\/www.sonoraenequipo.com.mx\/ordenan-reglamentar-revocacion-del-mandato-presidencial-en-mexico\/#breadcrumb","itemListElement":[{"@type":"ListItem","position":1,"name":"Portada","item":"https:\/\/www.sonoraenequipo.com.mx\/"},{"@type":"ListItem","position":2,"name":"Ordenan reglamentar revocaci\u00f3n del mandato presidencial en M\u00e9xico."}]},{"@type":"WebSite","@id":"https:\/\/www.sonoraenequipo.com.mx\/#website","url":"https:\/\/www.sonoraenequipo.com.mx\/","name":"Sonora en Equipo.","description":"Diario en l\u00ednea con Noticias desde Hermosillo, Sonora","publisher":{"@id":"https:\/\/www.sonoraenequipo.com.mx\/#organization"},"potentialAction":[{"@type":"SearchAction","target":{"@type":"EntryPoint","urlTemplate":"https:\/\/www.sonoraenequipo.com.mx\/?s={search_term_string}"},"query-input":{"@type":"PropertyValueSpecification","valueRequired":true,"valueName":"search_term_string"}}],"inLanguage":"es"},{"@type":"Organization","@id":"https:\/\/www.sonoraenequipo.com.mx\/#organization","name":"Sonoraenequipo.com.mx","url":"https:\/\/www.sonoraenequipo.com.mx\/","logo":{"@type":"ImageObject","inLanguage":"es","@id":"https:\/\/www.sonoraenequipo.com.mx\/#\/schema\/logo\/image\/","url":"https:\/\/www.sonoraenequipo.com.mx\/storage\/2019\/01\/sonoraenequipo_opt.png","contentUrl":"https:\/\/www.sonoraenequipo.com.mx\/storage\/2019\/01\/sonoraenequipo_opt.png","width":375,"height":125,"caption":"Sonoraenequipo.com.mx"},"image":{"@id":"https:\/\/www.sonoraenequipo.com.mx\/#\/schema\/logo\/image\/"},"sameAs":["https:\/\/www.facebook.com\/SonoraEE\/","https:\/\/x.com\/sonoraenequipo","https:\/\/www.youtube.com\/channel\/UC338nW-lPEYmJQs4ZABQ1SQ"]},{"@type":"Person","@id":"https:\/\/www.sonoraenequipo.com.mx\/#\/schema\/person\/50102df0fb23a8fa9e8effad8fa81386","name":"enequipo","image":{"@type":"ImageObject","inLanguage":"es","@id":"https:\/\/www.sonoraenequipo.com.mx\/#\/schema\/person\/image\/","url":"https:\/\/secure.gravatar.com\/avatar\/049821681b589dabc0bc20695993ccebb09f5b5d4d790cd9251b97faac7c652b?s=96&d=blank&r=g","contentUrl":"https:\/\/secure.gravatar.com\/avatar\/049821681b589dabc0bc20695993ccebb09f5b5d4d790cd9251b97faac7c652b?s=96&d=blank&r=g","caption":"enequipo"},"sameAs":["https:\/\/www.facebook.com\/SonoraEE"]}]}},"jetpack_featured_media_url":"https:\/\/www.sonoraenequipo.com.mx\/storage\/2021\/08\/ordenan-reglamentar-revocacion-de-mandato_opt.jpg","_links":{"self":[{"href":"https:\/\/www.sonoraenequipo.com.mx\/api\/wp\/v2\/posts\/121397","targetHints":{"allow":["GET"]}}],"collection":[{"href":"https:\/\/www.sonoraenequipo.com.mx\/api\/wp\/v2\/posts"}],"about":[{"href":"https:\/\/www.sonoraenequipo.com.mx\/api\/wp\/v2\/types\/post"}],"author":[{"embeddable":true,"href":"https:\/\/www.sonoraenequipo.com.mx\/api\/wp\/v2\/users\/1"}],"replies":[{"embeddable":true,"href":"https:\/\/www.sonoraenequipo.com.mx\/api\/wp\/v2\/comments?post=121397"}],"version-history":[{"count":1,"href":"https:\/\/www.sonoraenequipo.com.mx\/api\/wp\/v2\/posts\/121397\/revisions"}],"predecessor-version":[{"id":121402,"href":"https:\/\/www.sonoraenequipo.com.mx\/api\/wp\/v2\/posts\/121397\/revisions\/121402"}],"wp:featuredmedia":[{"embeddable":true,"href":"https:\/\/www.sonoraenequipo.com.mx\/api\/wp\/v2\/media\/121401"}],"wp:attachment":[{"href":"https:\/\/www.sonoraenequipo.com.mx\/api\/wp\/v2\/media?parent=121397"}],"wp:term":[{"taxonomy":"category","embeddable":true,"href":"https:\/\/www.sonoraenequipo.com.mx\/api\/wp\/v2\/categories?post=121397"},{"taxonomy":"post_tag","embeddable":true,"href":"https:\/\/www.sonoraenequipo.com.mx\/api\/wp\/v2\/tags?post=121397"}],"curies":[{"name":"wp","href":"https:\/\/api.w.org\/{rel}","templated":true}]}}