{"id":121405,"date":"2021-08-25T19:35:12","date_gmt":"2021-08-26T02:35:12","guid":{"rendered":"https:\/\/www.sonoraenequipo.com.mx\/?p=121405"},"modified":"2021-08-25T22:44:38","modified_gmt":"2021-08-26T05:44:38","slug":"turquia-inicia-retirada-de-sus-tropas-de-afganistan","status":"publish","type":"post","link":"https:\/\/www.sonoraenequipo.com.mx\/turquia-inicia-retirada-de-sus-tropas-de-afganistan\/","title":{"rendered":"Turqu\u00eda inicia retirada de sus tropas de Afganist\u00e1n"},"content":{"rendered":"<p>AFGANIST\u00c1N. \u2014 Turqu\u00eda hab\u00eda manifestado su voluntad de permanecer en Afganist\u00e1n luego que Estados Unidos y la OTAN se retiraran, incluso hab\u00edan dicho que controlar\u00edan el aeropuerto de Kabul una vez estuvieran fuera sus socios. Pero ante el nuevo escenario optaron por salir de ese pa\u00eds, al igual que sus aliados. Es as\u00ed como este mi\u00e9rcoles (25.08.2021) se inici\u00f3 la retirada de las tropas turcas de Afganist\u00e1n, donde llevaba 19 a\u00f1os participando en la misi\u00f3n de la OTAN liderada por Estados Unidos, anunci\u00f3 en un comunicado el Ministerio de Defensa turco.<\/p>\n<p>&nbsp;<\/p>\n<p> <\/p>\n<p>&nbsp;<\/p>\n<p><em>\u00abTras varios contactos y tras evaluar la situaci\u00f3n y las condiciones actuales, las Fuerzas Armadas Turcas han iniciado la evacuaci\u00f3n\u00bb,<\/em> se\u00f1ala la nota publicada en la web del Ministerio. El texto recuerda que el Ej\u00e9rcito turco ha desempe\u00f1ado \u00ab<em>desde 2002 hasta hoy, en el marco de acuerdos con Naciones Unidas, la OTAN y bilaterales, una misi\u00f3n para mejorar la estabilidad, la tranquilidad y la paz del pueblo afgano\u00bb.<\/em> Recuerda adem\u00e1s que durante los \u00faltimos seis a\u00f1os las tropas turcas han asumido la protecci\u00f3n del aeropuerto internacional de Kabul.<\/p>\n<p>&nbsp;<\/p>\n<p>&nbsp;<\/p>\n<p>En este marco tambi\u00e9n \u00abhan conseguido mantener la seguridad, en una intervenci\u00f3n conjunta con militares de otros pa\u00edses, en el caos que se ha vivido en el aeropuerto\u00bb tras la reciente toma de poder de la milicia ultraislamista talib\u00e1n en la capital afgana. \u00ab<em>En este proceso, nuestros aviones militares han evacuado a 1.129 ciudadanos civiles\u00bb,<\/em> precisa el comunicado.<\/p>\n<p>&nbsp;<\/p>\n<p>Seg\u00fan datos de la OTAN, la misi\u00f3n <em>\u00abApoyo Resuelto\u00bb, l<\/em>anzada en enero de 2015 para asistir a las fuerzas del Gobierno afgano respaldado por Estados Unidos, contaba con unos 10.000 militares de 36 pa\u00edses. Turqu\u00eda aportaba el s\u00e9ptimo mayor contingente, con 600 soldados pero era, junto con Estados Unidos, Alemania e Italia, uno de los cuatro pa\u00edses con responsabilidades operativas, concretamente en Kabul.<\/p>\n<p>&nbsp;<\/p>\n<p>El presidente turco, Recep Tayyip Erdogan, se\u00f1al\u00f3 que Turqu\u00eda considera el futuro pr\u00f3ximo de Afganist\u00e1n \u00ab<em>con cauteloso optimismo\u00bb.<\/em> \u00abC\u00f3mo ser\u00e1 Afganist\u00e1n en este proceso es algo que se sabr\u00e1 por los actos y actitudes de los talibanes, no por sus palabras\u00bb, agreg\u00f3 el mandatario en declaraciones a la agencia turca Anadolu.<\/p>\n<p>&nbsp;<\/p>\n<p>&nbsp;<\/p>\n<p>(Publicada el 25\/08\/2021 \/ EFE\/AFP)<\/p>\n","protected":false},"excerpt":{"rendered":"<p>AFGANIST\u00c1N. \u2014 Turqu\u00eda hab\u00eda manifestado su voluntad de permanecer en Afganist\u00e1n luego que Estados Unidos&#8230;<\/p>\n","protected":false},"author":1,"featured_media":121399,"comment_status":"open","ping_status":"open","sticky":false,"template":"","format":"standard","meta":{"_monsterinsights_skip_tracking":false,"_monsterinsights_sitenote_active":false,"_monsterinsights_sitenote_note":"","_monsterinsights_sitenote_category":0,"footnotes":""},"categories":[3],"tags":[],"class_list":["post"],"yoast_head":" \n<title>Sonora en Equipo. Turqu\u00eda inicia retirada de sus tropas de Afganist\u00e1n MUNDO<\/title>\n<meta name=\"description\" content=\"AFGANIST\u00c1N. \u2014 Turqu\u00eda hab\u00eda manifestado su voluntad de permanecer en Afganist\u00e1n luego que Estados Unidos y la OTAN se retiraran, incluso hab\u00edan dicho que En Sonora en Equipo publicamos toda la informaci\u00f3n de Sonora, M\u00e9xico y el Mundo de manera oportuna y busca que la libertad de expresi\u00f3n sea real. Visita nuestro medio informativo publicado desde Hermosillo, Sonora. %\" \/>\n<meta name=\"robots\" content=\"index, follow, max-snippet:-1, max-image-preview:large, max-video-preview:-1\" \/>\n<link rel=\"canonical\" href=\"https:\/\/www.sonoraenequipo.com.mx\/turquia-inicia-retirada-de-sus-tropas-de-afganistan\/\" \/>\n<meta property=\"og:locale\" content=\"es_ES\" \/>\n<meta property=\"og:type\" content=\"article\" \/>\n<meta property=\"og:title\" content=\"Sonora en Equipo. Turqu\u00eda inicia retirada de sus tropas de Afganist\u00e1n MUNDO\" \/>\n<meta property=\"og:description\" content=\"AFGANIST\u00c1N. \u2014 Turqu\u00eda hab\u00eda manifestado su voluntad de permanecer en Afganist\u00e1n luego que Estados Unidos y la OTAN se retiraran, incluso hab\u00edan dicho que En Sonora en Equipo publicamos toda la informaci\u00f3n de Sonora, M\u00e9xico y el Mundo de manera oportuna y busca que la libertad de expresi\u00f3n sea real. Visita nuestro medio informativo publicado desde Hermosillo, Sonora. %\" \/>\n<meta property=\"og:url\" content=\"https:\/\/www.sonoraenequipo.com.mx\/turquia-inicia-retirada-de-sus-tropas-de-afganistan\/\" \/>\n<meta property=\"og:site_name\" content=\"Sonora en Equipo.\" \/>\n<meta property=\"article:publisher\" content=\"https:\/\/www.facebook.com\/SonoraEE\/\" \/>\n<meta property=\"article:author\" content=\"https:\/\/www.facebook.com\/SonoraEE\" \/>\n<meta property=\"article:published_time\" content=\"2021-08-26T02:35:12+00:00\" \/>\n<meta property=\"article:modified_time\" content=\"2021-08-26T05:44:38+00:00\" \/>\n<meta property=\"og:image\" content=\"https:\/\/www.sonoraenequipo.com.mx\/storage\/2021\/08\/Afganistan-salida-de-turcos_opt.jpg\" \/>\n\t<meta property=\"og:image:width\" content=\"700\" \/>\n\t<meta property=\"og:image:height\" content=\"400\" \/>\n\t<meta property=\"og:image:type\" content=\"image\/jpeg\" \/>\n<meta name=\"author\" content=\"enequipo\" \/>\n<meta name=\"twitter:card\" content=\"summary_large_image\" \/>\n<meta name=\"twitter:creator\" content=\"@sonoraenequipo\" \/>\n<meta name=\"twitter:site\" content=\"@sonoraenequipo\" \/>\n<meta name=\"twitter:label1\" content=\"Escrito por\" \/>\n\t<meta name=\"twitter:data1\" content=\"enequipo\" \/>\n\t<meta name=\"twitter:label2\" content=\"Tiempo de lectura\" \/>\n\t<meta name=\"twitter:data2\" content=\"2 minutos\" \/>\n<script type=\"application\/ld+json\" class=\"yoast-schema-graph\">{\"@context\":\"https:\/\/schema.org\",\"@graph\":[{\"@type\":\"Article\",\"@id\":\"https:\/\/www.sonoraenequipo.com.mx\/turquia-inicia-retirada-de-sus-tropas-de-afganistan\/#article\",\"isPartOf\":{\"@id\":\"https:\/\/www.sonoraenequipo.com.mx\/turquia-inicia-retirada-de-sus-tropas-de-afganistan\/\"},\"author\":{\"name\":\"enequipo\",\"@id\":\"https:\/\/www.sonoraenequipo.com.mx\/#\/schema\/person\/50102df0fb23a8fa9e8effad8fa81386\"},\"headline\":\"Turqu\u00eda inicia retirada de sus tropas de Afganist\u00e1n\",\"datePublished\":\"2021-08-26T02:35:12+00:00\",\"dateModified\":\"2021-08-26T05:44:38+00:00\",\"mainEntityOfPage\":{\"@id\":\"https:\/\/www.sonoraenequipo.com.mx\/turquia-inicia-retirada-de-sus-tropas-de-afganistan\/\"},\"wordCount\":400,\"commentCount\":0,\"publisher\":{\"@id\":\"https:\/\/www.sonoraenequipo.com.mx\/#organization\"},\"image\":{\"@id\":\"https:\/\/www.sonoraenequipo.com.mx\/turquia-inicia-retirada-de-sus-tropas-de-afganistan\/#primaryimage\"},\"thumbnailUrl\":\"https:\/\/www.sonoraenequipo.com.mx\/storage\/2021\/08\/Afganistan-salida-de-turcos_opt.jpg\",\"articleSection\":[\"MUNDO\"],\"inLanguage\":\"es\",\"potentialAction\":[{\"@type\":\"CommentAction\",\"name\":\"Comment\",\"target\":[\"https:\/\/www.sonoraenequipo.com.mx\/turquia-inicia-retirada-de-sus-tropas-de-afganistan\/#respond\"]}]},{\"@type\":\"WebPage\",\"@id\":\"https:\/\/www.sonoraenequipo.com.mx\/turquia-inicia-retirada-de-sus-tropas-de-afganistan\/\",\"url\":\"https:\/\/www.sonoraenequipo.com.mx\/turquia-inicia-retirada-de-sus-tropas-de-afganistan\/\",\"name\":\"Sonora en Equipo. Turqu\u00eda inicia retirada de sus tropas de Afganist\u00e1n MUNDO\",\"isPartOf\":{\"@id\":\"https:\/\/www.sonoraenequipo.com.mx\/#website\"},\"primaryImageOfPage\":{\"@id\":\"https:\/\/www.sonoraenequipo.com.mx\/turquia-inicia-retirada-de-sus-tropas-de-afganistan\/#primaryimage\"},\"image\":{\"@id\":\"https:\/\/www.sonoraenequipo.com.mx\/turquia-inicia-retirada-de-sus-tropas-de-afganistan\/#primaryimage\"},\"thumbnailUrl\":\"https:\/\/www.sonoraenequipo.com.mx\/storage\/2021\/08\/Afganistan-salida-de-turcos_opt.jpg\",\"datePublished\":\"2021-08-26T02:35:12+00:00\",\"dateModified\":\"2021-08-26T05:44:38+00:00\",\"description\":\"AFGANIST\u00c1N. \u2014 Turqu\u00eda hab\u00eda manifestado su voluntad de permanecer en Afganist\u00e1n luego que Estados Unidos y la OTAN se retiraran, incluso hab\u00edan dicho que En Sonora en Equipo publicamos toda la informaci\u00f3n de Sonora, M\u00e9xico y el Mundo de manera oportuna y busca que la libertad de expresi\u00f3n sea real. Visita nuestro medio informativo publicado desde Hermosillo, Sonora. %\",\"breadcrumb\":{\"@id\":\"https:\/\/www.sonoraenequipo.com.mx\/turquia-inicia-retirada-de-sus-tropas-de-afganistan\/#breadcrumb\"},\"inLanguage\":\"es\",\"potentialAction\":[{\"@type\":\"ReadAction\",\"target\":[\"https:\/\/www.sonoraenequipo.com.mx\/turquia-inicia-retirada-de-sus-tropas-de-afganistan\/\"]}]},{\"@type\":\"ImageObject\",\"inLanguage\":\"es\",\"@id\":\"https:\/\/www.sonoraenequipo.com.mx\/turquia-inicia-retirada-de-sus-tropas-de-afganistan\/#primaryimage\",\"url\":\"https:\/\/www.sonoraenequipo.com.mx\/storage\/2021\/08\/Afganistan-salida-de-turcos_opt.jpg\",\"contentUrl\":\"https:\/\/www.sonoraenequipo.com.mx\/storage\/2021\/08\/Afganistan-salida-de-turcos_opt.jpg\",\"width\":700,\"height\":400},{\"@type\":\"BreadcrumbList\",\"@id\":\"https:\/\/www.sonoraenequipo.com.mx\/turquia-inicia-retirada-de-sus-tropas-de-afganistan\/#breadcrumb\",\"itemListElement\":[{\"@type\":\"ListItem\",\"position\":1,\"name\":\"Portada\",\"item\":\"https:\/\/www.sonoraenequipo.com.mx\/\"},{\"@type\":\"ListItem\",\"position\":2,\"name\":\"Turqu\u00eda inicia retirada de sus tropas de Afganist\u00e1n\"}]},{\"@type\":\"WebSite\",\"@id\":\"https:\/\/www.sonoraenequipo.com.mx\/#website\",\"url\":\"https:\/\/www.sonoraenequipo.com.mx\/\",\"name\":\"Sonora en Equipo.\",\"description\":\"Diario en l\u00ednea con Noticias desde Hermosillo, Sonora\",\"publisher\":{\"@id\":\"https:\/\/www.sonoraenequipo.com.mx\/#organization\"},\"potentialAction\":[{\"@type\":\"SearchAction\",\"target\":{\"@type\":\"EntryPoint\",\"urlTemplate\":\"https:\/\/www.sonoraenequipo.com.mx\/?s={search_term_string}\"},\"query-input\":{\"@type\":\"PropertyValueSpecification\",\"valueRequired\":true,\"valueName\":\"search_term_string\"}}],\"inLanguage\":\"es\"},{\"@type\":\"Organization\",\"@id\":\"https:\/\/www.sonoraenequipo.com.mx\/#organization\",\"name\":\"Sonoraenequipo.com.mx\",\"url\":\"https:\/\/www.sonoraenequipo.com.mx\/\",\"logo\":{\"@type\":\"ImageObject\",\"inLanguage\":\"es\",\"@id\":\"https:\/\/www.sonoraenequipo.com.mx\/#\/schema\/logo\/image\/\",\"url\":\"https:\/\/www.sonoraenequipo.com.mx\/storage\/2019\/01\/sonoraenequipo_opt.png\",\"contentUrl\":\"https:\/\/www.sonoraenequipo.com.mx\/storage\/2019\/01\/sonoraenequipo_opt.png\",\"width\":375,\"height\":125,\"caption\":\"Sonoraenequipo.com.mx\"},\"image\":{\"@id\":\"https:\/\/www.sonoraenequipo.com.mx\/#\/schema\/logo\/image\/\"},\"sameAs\":[\"https:\/\/www.facebook.com\/SonoraEE\/\",\"https:\/\/x.com\/sonoraenequipo\",\"https:\/\/www.youtube.com\/channel\/UC338nW-lPEYmJQs4ZABQ1SQ\"]},{\"@type\":\"Person\",\"@id\":\"https:\/\/www.sonoraenequipo.com.mx\/#\/schema\/person\/50102df0fb23a8fa9e8effad8fa81386\",\"name\":\"enequipo\",\"image\":{\"@type\":\"ImageObject\",\"inLanguage\":\"es\",\"@id\":\"https:\/\/www.sonoraenequipo.com.mx\/#\/schema\/person\/image\/\",\"url\":\"https:\/\/secure.gravatar.com\/avatar\/049821681b589dabc0bc20695993ccebb09f5b5d4d790cd9251b97faac7c652b?s=96&d=blank&r=g\",\"contentUrl\":\"https:\/\/secure.gravatar.com\/avatar\/049821681b589dabc0bc20695993ccebb09f5b5d4d790cd9251b97faac7c652b?s=96&d=blank&r=g\",\"caption\":\"enequipo\"},\"sameAs\":[\"https:\/\/www.facebook.com\/SonoraEE\"]}]}<\/script>\n ","yoast_head_json":{"title":"Sonora en Equipo. Turqu\u00eda inicia retirada de sus tropas de Afganist\u00e1n MUNDO","description":"AFGANIST\u00c1N. \u2014 Turqu\u00eda hab\u00eda manifestado su voluntad de permanecer en Afganist\u00e1n luego que Estados Unidos y la OTAN se retiraran, incluso hab\u00edan dicho que En Sonora en Equipo publicamos toda la informaci\u00f3n de Sonora, M\u00e9xico y el Mundo de manera oportuna y busca que la libertad de expresi\u00f3n sea real. Visita nuestro medio informativo publicado desde Hermosillo, Sonora. %","robots":{"index":"index","follow":"follow","max-snippet":"max-snippet:-1","max-image-preview":"max-image-preview:large","max-video-preview":"max-video-preview:-1"},"canonical":"https:\/\/www.sonoraenequipo.com.mx\/turquia-inicia-retirada-de-sus-tropas-de-afganistan\/","og_locale":"es_ES","og_type":"article","og_title":"Sonora en Equipo. Turqu\u00eda inicia retirada de sus tropas de Afganist\u00e1n MUNDO","og_description":"AFGANIST\u00c1N. \u2014 Turqu\u00eda hab\u00eda manifestado su voluntad de permanecer en Afganist\u00e1n luego que Estados Unidos y la OTAN se retiraran, incluso hab\u00edan dicho que En Sonora en Equipo publicamos toda la informaci\u00f3n de Sonora, M\u00e9xico y el Mundo de manera oportuna y busca que la libertad de expresi\u00f3n sea real. Visita nuestro medio informativo publicado desde Hermosillo, Sonora. %","og_url":"https:\/\/www.sonoraenequipo.com.mx\/turquia-inicia-retirada-de-sus-tropas-de-afganistan\/","og_site_name":"Sonora en Equipo.","article_publisher":"https:\/\/www.facebook.com\/SonoraEE\/","article_author":"https:\/\/www.facebook.com\/SonoraEE","article_published_time":"2021-08-26T02:35:12+00:00","article_modified_time":"2021-08-26T05:44:38+00:00","og_image":[{"width":700,"height":400,"url":"https:\/\/www.sonoraenequipo.com.mx\/storage\/2021\/08\/Afganistan-salida-de-turcos_opt.jpg","type":"image\/jpeg"}],"author":"enequipo","twitter_card":"summary_large_image","twitter_creator":"@sonoraenequipo","twitter_site":"@sonoraenequipo","twitter_misc":{"Escrito por":"enequipo","Tiempo de lectura":"2 minutos"},"schema":{"@context":"https:\/\/schema.org","@graph":[{"@type":"Article","@id":"https:\/\/www.sonoraenequipo.com.mx\/turquia-inicia-retirada-de-sus-tropas-de-afganistan\/#article","isPartOf":{"@id":"https:\/\/www.sonoraenequipo.com.mx\/turquia-inicia-retirada-de-sus-tropas-de-afganistan\/"},"author":{"name":"enequipo","@id":"https:\/\/www.sonoraenequipo.com.mx\/#\/schema\/person\/50102df0fb23a8fa9e8effad8fa81386"},"headline":"Turqu\u00eda inicia retirada de sus tropas de Afganist\u00e1n","datePublished":"2021-08-26T02:35:12+00:00","dateModified":"2021-08-26T05:44:38+00:00","mainEntityOfPage":{"@id":"https:\/\/www.sonoraenequipo.com.mx\/turquia-inicia-retirada-de-sus-tropas-de-afganistan\/"},"wordCount":400,"commentCount":0,"publisher":{"@id":"https:\/\/www.sonoraenequipo.com.mx\/#organization"},"image":{"@id":"https:\/\/www.sonoraenequipo.com.mx\/turquia-inicia-retirada-de-sus-tropas-de-afganistan\/#primaryimage"},"thumbnailUrl":"https:\/\/www.sonoraenequipo.com.mx\/storage\/2021\/08\/Afganistan-salida-de-turcos_opt.jpg","articleSection":["MUNDO"],"inLanguage":"es","potentialAction":[{"@type":"CommentAction","name":"Comment","target":["https:\/\/www.sonoraenequipo.com.mx\/turquia-inicia-retirada-de-sus-tropas-de-afganistan\/#respond"]}]},{"@type":"WebPage","@id":"https:\/\/www.sonoraenequipo.com.mx\/turquia-inicia-retirada-de-sus-tropas-de-afganistan\/","url":"https:\/\/www.sonoraenequipo.com.mx\/turquia-inicia-retirada-de-sus-tropas-de-afganistan\/","name":"Sonora en Equipo. Turqu\u00eda inicia retirada de sus tropas de Afganist\u00e1n MUNDO","isPartOf":{"@id":"https:\/\/www.sonoraenequipo.com.mx\/#website"},"primaryImageOfPage":{"@id":"https:\/\/www.sonoraenequipo.com.mx\/turquia-inicia-retirada-de-sus-tropas-de-afganistan\/#primaryimage"},"image":{"@id":"https:\/\/www.sonoraenequipo.com.mx\/turquia-inicia-retirada-de-sus-tropas-de-afganistan\/#primaryimage"},"thumbnailUrl":"https:\/\/www.sonoraenequipo.com.mx\/storage\/2021\/08\/Afganistan-salida-de-turcos_opt.jpg","datePublished":"2021-08-26T02:35:12+00:00","dateModified":"2021-08-26T05:44:38+00:00","description":"AFGANIST\u00c1N. \u2014 Turqu\u00eda hab\u00eda manifestado su voluntad de permanecer en Afganist\u00e1n luego que Estados Unidos y la OTAN se retiraran, incluso hab\u00edan dicho que En Sonora en Equipo publicamos toda la informaci\u00f3n de Sonora, M\u00e9xico y el Mundo de manera oportuna y busca que la libertad de expresi\u00f3n sea real. Visita nuestro medio informativo publicado desde Hermosillo, Sonora. %","breadcrumb":{"@id":"https:\/\/www.sonoraenequipo.com.mx\/turquia-inicia-retirada-de-sus-tropas-de-afganistan\/#breadcrumb"},"inLanguage":"es","potentialAction":[{"@type":"ReadAction","target":["https:\/\/www.sonoraenequipo.com.mx\/turquia-inicia-retirada-de-sus-tropas-de-afganistan\/"]}]},{"@type":"ImageObject","inLanguage":"es","@id":"https:\/\/www.sonoraenequipo.com.mx\/turquia-inicia-retirada-de-sus-tropas-de-afganistan\/#primaryimage","url":"https:\/\/www.sonoraenequipo.com.mx\/storage\/2021\/08\/Afganistan-salida-de-turcos_opt.jpg","contentUrl":"https:\/\/www.sonoraenequipo.com.mx\/storage\/2021\/08\/Afganistan-salida-de-turcos_opt.jpg","width":700,"height":400},{"@type":"BreadcrumbList","@id":"https:\/\/www.sonoraenequipo.com.mx\/turquia-inicia-retirada-de-sus-tropas-de-afganistan\/#breadcrumb","itemListElement":[{"@type":"ListItem","position":1,"name":"Portada","item":"https:\/\/www.sonoraenequipo.com.mx\/"},{"@type":"ListItem","position":2,"name":"Turqu\u00eda inicia retirada de sus tropas de Afganist\u00e1n"}]},{"@type":"WebSite","@id":"https:\/\/www.sonoraenequipo.com.mx\/#website","url":"https:\/\/www.sonoraenequipo.com.mx\/","name":"Sonora en Equipo.","description":"Diario en l\u00ednea con Noticias desde Hermosillo, Sonora","publisher":{"@id":"https:\/\/www.sonoraenequipo.com.mx\/#organization"},"potentialAction":[{"@type":"SearchAction","target":{"@type":"EntryPoint","urlTemplate":"https:\/\/www.sonoraenequipo.com.mx\/?s={search_term_string}"},"query-input":{"@type":"PropertyValueSpecification","valueRequired":true,"valueName":"search_term_string"}}],"inLanguage":"es"},{"@type":"Organization","@id":"https:\/\/www.sonoraenequipo.com.mx\/#organization","name":"Sonoraenequipo.com.mx","url":"https:\/\/www.sonoraenequipo.com.mx\/","logo":{"@type":"ImageObject","inLanguage":"es","@id":"https:\/\/www.sonoraenequipo.com.mx\/#\/schema\/logo\/image\/","url":"https:\/\/www.sonoraenequipo.com.mx\/storage\/2019\/01\/sonoraenequipo_opt.png","contentUrl":"https:\/\/www.sonoraenequipo.com.mx\/storage\/2019\/01\/sonoraenequipo_opt.png","width":375,"height":125,"caption":"Sonoraenequipo.com.mx"},"image":{"@id":"https:\/\/www.sonoraenequipo.com.mx\/#\/schema\/logo\/image\/"},"sameAs":["https:\/\/www.facebook.com\/SonoraEE\/","https:\/\/x.com\/sonoraenequipo","https:\/\/www.youtube.com\/channel\/UC338nW-lPEYmJQs4ZABQ1SQ"]},{"@type":"Person","@id":"https:\/\/www.sonoraenequipo.com.mx\/#\/schema\/person\/50102df0fb23a8fa9e8effad8fa81386","name":"enequipo","image":{"@type":"ImageObject","inLanguage":"es","@id":"https:\/\/www.sonoraenequipo.com.mx\/#\/schema\/person\/image\/","url":"https:\/\/secure.gravatar.com\/avatar\/049821681b589dabc0bc20695993ccebb09f5b5d4d790cd9251b97faac7c652b?s=96&d=blank&r=g","contentUrl":"https:\/\/secure.gravatar.com\/avatar\/049821681b589dabc0bc20695993ccebb09f5b5d4d790cd9251b97faac7c652b?s=96&d=blank&r=g","caption":"enequipo"},"sameAs":["https:\/\/www.facebook.com\/SonoraEE"]}]}},"jetpack_featured_media_url":"https:\/\/www.sonoraenequipo.com.mx\/storage\/2021\/08\/Afganistan-salida-de-turcos_opt.jpg","_links":{"self":[{"href":"https:\/\/www.sonoraenequipo.com.mx\/api\/wp\/v2\/posts\/121405","targetHints":{"allow":["GET"]}}],"collection":[{"href":"https:\/\/www.sonoraenequipo.com.mx\/api\/wp\/v2\/posts"}],"about":[{"href":"https:\/\/www.sonoraenequipo.com.mx\/api\/wp\/v2\/types\/post"}],"author":[{"embeddable":true,"href":"https:\/\/www.sonoraenequipo.com.mx\/api\/wp\/v2\/users\/1"}],"replies":[{"embeddable":true,"href":"https:\/\/www.sonoraenequipo.com.mx\/api\/wp\/v2\/comments?post=121405"}],"version-history":[{"count":3,"href":"https:\/\/www.sonoraenequipo.com.mx\/api\/wp\/v2\/posts\/121405\/revisions"}],"predecessor-version":[{"id":121408,"href":"https:\/\/www.sonoraenequipo.com.mx\/api\/wp\/v2\/posts\/121405\/revisions\/121408"}],"wp:featuredmedia":[{"embeddable":true,"href":"https:\/\/www.sonoraenequipo.com.mx\/api\/wp\/v2\/media\/121399"}],"wp:attachment":[{"href":"https:\/\/www.sonoraenequipo.com.mx\/api\/wp\/v2\/media?parent=121405"}],"wp:term":[{"taxonomy":"category","embeddable":true,"href":"https:\/\/www.sonoraenequipo.com.mx\/api\/wp\/v2\/categories?post=121405"},{"taxonomy":"post_tag","embeddable":true,"href":"https:\/\/www.sonoraenequipo.com.mx\/api\/wp\/v2\/tags?post=121405"}],"curies":[{"name":"wp","href":"https:\/\/api.w.org\/{rel}","templated":true}]}}