{"id":121409,"date":"2021-08-25T21:36:47","date_gmt":"2021-08-26T04:36:47","guid":{"rendered":"https:\/\/www.sonoraenequipo.com.mx\/?p=121409"},"modified":"2021-08-25T23:30:57","modified_gmt":"2021-08-26T06:30:57","slug":"garantizaremos-respaldo-financiero-para-el-nuevo-hospital-general-alfonso-durazo","status":"publish","type":"post","link":"https:\/\/www.sonoraenequipo.com.mx\/garantizaremos-respaldo-financiero-para-el-nuevo-hospital-general-alfonso-durazo\/","title":{"rendered":"Garantizaremos respaldo financiero para el nuevo Hospital General: Alfonso Durazo."},"content":{"rendered":"<p>HERMOSILLO, SONORA. MX. \u2014 El gobernador electo, Alfonso Durazo Monta\u00f1o, asegur\u00f3 que para su gobierno ser\u00e1 prioridad garantizar el respaldo financiero para el arranque del nuevo Hospital General, despu\u00e9s de que el coordinador del proceso de entrega-recepci\u00f3n del nuevo gobierno, Omar del Valle Colosio, informara que en este 2021 no est\u00e1 presupuestado el inicio de operaciones del centro de salud.<\/p>\n<p>&nbsp;<\/p>\n<p> <\/p>\n<p>El pr\u00f3ximo mandatario estatal record\u00f3 que el gobierno federal ha hecho un gran esfuerzo para sacar adelante el tema del nuevo hospital y que su aportaci\u00f3n presupuestal ha sido definitiva en la construcci\u00f3n del nosocomio.<\/p>\n<p>&nbsp;<\/p>\n<p><em>\u201cHay ya un trabajo avanzado en materia presupuestal para el tema del equipamiento por parte del INSABI (Instituto de Salud para el Bienestar), y dejar aqu\u00ed asentado que ser\u00e1 prioridad para mi gobierno garantizar el respaldo financiero para la operaci\u00f3n \u00f3ptima del Hospital General\u201d<\/em>, coment\u00f3 Durazo Monta\u00f1o.<\/p>\n<p>&nbsp;<\/p>\n<p>Por su parte, el doctor Jos\u00e9 Luis Alom\u00eda Zegarra, coordinador de la mesa t\u00e9cnica de entrega-recepci\u00f3n de la Secretar\u00eda de Salud y pr\u00f3ximo titular de esa dependencia, precis\u00f3 que \u201cmientras no se entregue la obra f\u00edsica y esta sea obviamente recibida a cabalidad, o al menos con todos los protocolos de identificaci\u00f3n y recepci\u00f3n que se tienen que llevar a cabo, no se podr\u00eda dar inicio al equipamiento\u201d.<\/p>\n<p>&nbsp;<\/p>\n<p>El especialista en epidemiolog\u00eda agreg\u00f3 que el equipamiento que tendr\u00e1 un costo que superar\u00e1 los 800 millones de pesos, \u201cya est\u00e1 siendo adquirido en este momento, lo que va a cubrir en su totalidad, en esta primera fase como en la segunda, el INSABI\u201d.<\/p>\n<p>&nbsp;<\/p>\n<p>(Publicada el 25\/08\/2021)<\/p>\n","protected":false},"excerpt":{"rendered":"<p>HERMOSILLO, SONORA. MX. \u2014 El gobernador electo, Alfonso Durazo Monta\u00f1o, asegur\u00f3 que para su gobierno&#8230;<\/p>\n","protected":false},"author":1,"featured_media":121410,"comment_status":"open","ping_status":"open","sticky":false,"template":"","format":"standard","meta":{"_monsterinsights_skip_tracking":false,"_monsterinsights_sitenote_active":false,"_monsterinsights_sitenote_note":"","_monsterinsights_sitenote_category":0,"footnotes":""},"categories":[22],"tags":[],"class_list":["post"],"yoast_head":" \n<title>Sonora en Equipo. Garantizaremos respaldo financiero para el nuevo Hospital General: Alfonso Durazo. Sonora<\/title>\n<meta name=\"description\" content=\"HERMOSILLO, SONORA. MX. \u2014 El gobernador electo, Alfonso Durazo Monta\u00f1o, asegur\u00f3 que para su gobierno ser\u00e1 prioridad garantizar el respaldo financiero para En Sonora en Equipo publicamos toda la informaci\u00f3n de Sonora, M\u00e9xico y el Mundo de manera oportuna y busca que la libertad de expresi\u00f3n sea real. Visita nuestro medio informativo publicado desde Hermosillo, Sonora. %\" \/>\n<meta name=\"robots\" content=\"index, follow, max-snippet:-1, max-image-preview:large, max-video-preview:-1\" \/>\n<link rel=\"canonical\" href=\"https:\/\/www.sonoraenequipo.com.mx\/garantizaremos-respaldo-financiero-para-el-nuevo-hospital-general-alfonso-durazo\/\" \/>\n<meta property=\"og:locale\" content=\"es_ES\" \/>\n<meta property=\"og:type\" content=\"article\" \/>\n<meta property=\"og:title\" content=\"Sonora en Equipo. Garantizaremos respaldo financiero para el nuevo Hospital General: Alfonso Durazo. Sonora\" \/>\n<meta property=\"og:description\" content=\"HERMOSILLO, SONORA. MX. \u2014 El gobernador electo, Alfonso Durazo Monta\u00f1o, asegur\u00f3 que para su gobierno ser\u00e1 prioridad garantizar el respaldo financiero para En Sonora en Equipo publicamos toda la informaci\u00f3n de Sonora, M\u00e9xico y el Mundo de manera oportuna y busca que la libertad de expresi\u00f3n sea real. Visita nuestro medio informativo publicado desde Hermosillo, Sonora. %\" \/>\n<meta property=\"og:url\" content=\"https:\/\/www.sonoraenequipo.com.mx\/garantizaremos-respaldo-financiero-para-el-nuevo-hospital-general-alfonso-durazo\/\" \/>\n<meta property=\"og:site_name\" content=\"Sonora en Equipo.\" \/>\n<meta property=\"article:publisher\" content=\"https:\/\/www.facebook.com\/SonoraEE\/\" \/>\n<meta property=\"article:author\" content=\"https:\/\/www.facebook.com\/SonoraEE\" \/>\n<meta property=\"article:published_time\" content=\"2021-08-26T04:36:47+00:00\" \/>\n<meta property=\"article:modified_time\" content=\"2021-08-26T06:30:57+00:00\" \/>\n<meta property=\"og:image\" content=\"https:\/\/www.sonoraenequipo.com.mx\/storage\/2021\/08\/durazo3_opt.jpg\" \/>\n\t<meta property=\"og:image:width\" content=\"700\" \/>\n\t<meta property=\"og:image:height\" content=\"400\" \/>\n\t<meta property=\"og:image:type\" content=\"image\/jpeg\" \/>\n<meta name=\"author\" content=\"enequipo\" \/>\n<meta name=\"twitter:card\" content=\"summary_large_image\" \/>\n<meta name=\"twitter:creator\" content=\"@sonoraenequipo\" \/>\n<meta name=\"twitter:site\" content=\"@sonoraenequipo\" \/>\n<meta name=\"twitter:label1\" content=\"Escrito por\" \/>\n\t<meta name=\"twitter:data1\" content=\"enequipo\" \/>\n\t<meta name=\"twitter:label2\" content=\"Tiempo de lectura\" \/>\n\t<meta name=\"twitter:data2\" content=\"2 minutos\" \/>\n<script type=\"application\/ld+json\" class=\"yoast-schema-graph\">{\"@context\":\"https:\/\/schema.org\",\"@graph\":[{\"@type\":\"Article\",\"@id\":\"https:\/\/www.sonoraenequipo.com.mx\/garantizaremos-respaldo-financiero-para-el-nuevo-hospital-general-alfonso-durazo\/#article\",\"isPartOf\":{\"@id\":\"https:\/\/www.sonoraenequipo.com.mx\/garantizaremos-respaldo-financiero-para-el-nuevo-hospital-general-alfonso-durazo\/\"},\"author\":{\"name\":\"enequipo\",\"@id\":\"https:\/\/www.sonoraenequipo.com.mx\/#\/schema\/person\/50102df0fb23a8fa9e8effad8fa81386\"},\"headline\":\"Garantizaremos respaldo financiero para el nuevo Hospital General: Alfonso Durazo.\",\"datePublished\":\"2021-08-26T04:36:47+00:00\",\"dateModified\":\"2021-08-26T06:30:57+00:00\",\"mainEntityOfPage\":{\"@id\":\"https:\/\/www.sonoraenequipo.com.mx\/garantizaremos-respaldo-financiero-para-el-nuevo-hospital-general-alfonso-durazo\/\"},\"wordCount\":286,\"commentCount\":0,\"publisher\":{\"@id\":\"https:\/\/www.sonoraenequipo.com.mx\/#organization\"},\"image\":{\"@id\":\"https:\/\/www.sonoraenequipo.com.mx\/garantizaremos-respaldo-financiero-para-el-nuevo-hospital-general-alfonso-durazo\/#primaryimage\"},\"thumbnailUrl\":\"https:\/\/www.sonoraenequipo.com.mx\/storage\/2021\/08\/durazo3_opt.jpg\",\"articleSection\":[\"Sonora\"],\"inLanguage\":\"es\",\"potentialAction\":[{\"@type\":\"CommentAction\",\"name\":\"Comment\",\"target\":[\"https:\/\/www.sonoraenequipo.com.mx\/garantizaremos-respaldo-financiero-para-el-nuevo-hospital-general-alfonso-durazo\/#respond\"]}]},{\"@type\":\"WebPage\",\"@id\":\"https:\/\/www.sonoraenequipo.com.mx\/garantizaremos-respaldo-financiero-para-el-nuevo-hospital-general-alfonso-durazo\/\",\"url\":\"https:\/\/www.sonoraenequipo.com.mx\/garantizaremos-respaldo-financiero-para-el-nuevo-hospital-general-alfonso-durazo\/\",\"name\":\"Sonora en Equipo. Garantizaremos respaldo financiero para el nuevo Hospital General: Alfonso Durazo. Sonora\",\"isPartOf\":{\"@id\":\"https:\/\/www.sonoraenequipo.com.mx\/#website\"},\"primaryImageOfPage\":{\"@id\":\"https:\/\/www.sonoraenequipo.com.mx\/garantizaremos-respaldo-financiero-para-el-nuevo-hospital-general-alfonso-durazo\/#primaryimage\"},\"image\":{\"@id\":\"https:\/\/www.sonoraenequipo.com.mx\/garantizaremos-respaldo-financiero-para-el-nuevo-hospital-general-alfonso-durazo\/#primaryimage\"},\"thumbnailUrl\":\"https:\/\/www.sonoraenequipo.com.mx\/storage\/2021\/08\/durazo3_opt.jpg\",\"datePublished\":\"2021-08-26T04:36:47+00:00\",\"dateModified\":\"2021-08-26T06:30:57+00:00\",\"description\":\"HERMOSILLO, SONORA. MX. \u2014 El gobernador electo, Alfonso Durazo Monta\u00f1o, asegur\u00f3 que para su gobierno ser\u00e1 prioridad garantizar el respaldo financiero para En Sonora en Equipo publicamos toda la informaci\u00f3n de Sonora, M\u00e9xico y el Mundo de manera oportuna y busca que la libertad de expresi\u00f3n sea real. Visita nuestro medio informativo publicado desde Hermosillo, Sonora. %\",\"breadcrumb\":{\"@id\":\"https:\/\/www.sonoraenequipo.com.mx\/garantizaremos-respaldo-financiero-para-el-nuevo-hospital-general-alfonso-durazo\/#breadcrumb\"},\"inLanguage\":\"es\",\"potentialAction\":[{\"@type\":\"ReadAction\",\"target\":[\"https:\/\/www.sonoraenequipo.com.mx\/garantizaremos-respaldo-financiero-para-el-nuevo-hospital-general-alfonso-durazo\/\"]}]},{\"@type\":\"ImageObject\",\"inLanguage\":\"es\",\"@id\":\"https:\/\/www.sonoraenequipo.com.mx\/garantizaremos-respaldo-financiero-para-el-nuevo-hospital-general-alfonso-durazo\/#primaryimage\",\"url\":\"https:\/\/www.sonoraenequipo.com.mx\/storage\/2021\/08\/durazo3_opt.jpg\",\"contentUrl\":\"https:\/\/www.sonoraenequipo.com.mx\/storage\/2021\/08\/durazo3_opt.jpg\",\"width\":700,\"height\":400},{\"@type\":\"BreadcrumbList\",\"@id\":\"https:\/\/www.sonoraenequipo.com.mx\/garantizaremos-respaldo-financiero-para-el-nuevo-hospital-general-alfonso-durazo\/#breadcrumb\",\"itemListElement\":[{\"@type\":\"ListItem\",\"position\":1,\"name\":\"Portada\",\"item\":\"https:\/\/www.sonoraenequipo.com.mx\/\"},{\"@type\":\"ListItem\",\"position\":2,\"name\":\"Garantizaremos respaldo financiero para el nuevo Hospital General: Alfonso Durazo.\"}]},{\"@type\":\"WebSite\",\"@id\":\"https:\/\/www.sonoraenequipo.com.mx\/#website\",\"url\":\"https:\/\/www.sonoraenequipo.com.mx\/\",\"name\":\"Sonora en Equipo.\",\"description\":\"Diario en l\u00ednea con Noticias desde Hermosillo, Sonora\",\"publisher\":{\"@id\":\"https:\/\/www.sonoraenequipo.com.mx\/#organization\"},\"potentialAction\":[{\"@type\":\"SearchAction\",\"target\":{\"@type\":\"EntryPoint\",\"urlTemplate\":\"https:\/\/www.sonoraenequipo.com.mx\/?s={search_term_string}\"},\"query-input\":{\"@type\":\"PropertyValueSpecification\",\"valueRequired\":true,\"valueName\":\"search_term_string\"}}],\"inLanguage\":\"es\"},{\"@type\":\"Organization\",\"@id\":\"https:\/\/www.sonoraenequipo.com.mx\/#organization\",\"name\":\"Sonoraenequipo.com.mx\",\"url\":\"https:\/\/www.sonoraenequipo.com.mx\/\",\"logo\":{\"@type\":\"ImageObject\",\"inLanguage\":\"es\",\"@id\":\"https:\/\/www.sonoraenequipo.com.mx\/#\/schema\/logo\/image\/\",\"url\":\"https:\/\/www.sonoraenequipo.com.mx\/storage\/2019\/01\/sonoraenequipo_opt.png\",\"contentUrl\":\"https:\/\/www.sonoraenequipo.com.mx\/storage\/2019\/01\/sonoraenequipo_opt.png\",\"width\":375,\"height\":125,\"caption\":\"Sonoraenequipo.com.mx\"},\"image\":{\"@id\":\"https:\/\/www.sonoraenequipo.com.mx\/#\/schema\/logo\/image\/\"},\"sameAs\":[\"https:\/\/www.facebook.com\/SonoraEE\/\",\"https:\/\/x.com\/sonoraenequipo\",\"https:\/\/www.youtube.com\/channel\/UC338nW-lPEYmJQs4ZABQ1SQ\"]},{\"@type\":\"Person\",\"@id\":\"https:\/\/www.sonoraenequipo.com.mx\/#\/schema\/person\/50102df0fb23a8fa9e8effad8fa81386\",\"name\":\"enequipo\",\"image\":{\"@type\":\"ImageObject\",\"inLanguage\":\"es\",\"@id\":\"https:\/\/www.sonoraenequipo.com.mx\/#\/schema\/person\/image\/\",\"url\":\"https:\/\/secure.gravatar.com\/avatar\/049821681b589dabc0bc20695993ccebb09f5b5d4d790cd9251b97faac7c652b?s=96&d=blank&r=g\",\"contentUrl\":\"https:\/\/secure.gravatar.com\/avatar\/049821681b589dabc0bc20695993ccebb09f5b5d4d790cd9251b97faac7c652b?s=96&d=blank&r=g\",\"caption\":\"enequipo\"},\"sameAs\":[\"https:\/\/www.facebook.com\/SonoraEE\"]}]}<\/script>\n ","yoast_head_json":{"title":"Sonora en Equipo. Garantizaremos respaldo financiero para el nuevo Hospital General: Alfonso Durazo. Sonora","description":"HERMOSILLO, SONORA. MX. \u2014 El gobernador electo, Alfonso Durazo Monta\u00f1o, asegur\u00f3 que para su gobierno ser\u00e1 prioridad garantizar el respaldo financiero para En Sonora en Equipo publicamos toda la informaci\u00f3n de Sonora, M\u00e9xico y el Mundo de manera oportuna y busca que la libertad de expresi\u00f3n sea real. Visita nuestro medio informativo publicado desde Hermosillo, Sonora. %","robots":{"index":"index","follow":"follow","max-snippet":"max-snippet:-1","max-image-preview":"max-image-preview:large","max-video-preview":"max-video-preview:-1"},"canonical":"https:\/\/www.sonoraenequipo.com.mx\/garantizaremos-respaldo-financiero-para-el-nuevo-hospital-general-alfonso-durazo\/","og_locale":"es_ES","og_type":"article","og_title":"Sonora en Equipo. Garantizaremos respaldo financiero para el nuevo Hospital General: Alfonso Durazo. Sonora","og_description":"HERMOSILLO, SONORA. MX. \u2014 El gobernador electo, Alfonso Durazo Monta\u00f1o, asegur\u00f3 que para su gobierno ser\u00e1 prioridad garantizar el respaldo financiero para En Sonora en Equipo publicamos toda la informaci\u00f3n de Sonora, M\u00e9xico y el Mundo de manera oportuna y busca que la libertad de expresi\u00f3n sea real. Visita nuestro medio informativo publicado desde Hermosillo, Sonora. %","og_url":"https:\/\/www.sonoraenequipo.com.mx\/garantizaremos-respaldo-financiero-para-el-nuevo-hospital-general-alfonso-durazo\/","og_site_name":"Sonora en Equipo.","article_publisher":"https:\/\/www.facebook.com\/SonoraEE\/","article_author":"https:\/\/www.facebook.com\/SonoraEE","article_published_time":"2021-08-26T04:36:47+00:00","article_modified_time":"2021-08-26T06:30:57+00:00","og_image":[{"width":700,"height":400,"url":"https:\/\/www.sonoraenequipo.com.mx\/storage\/2021\/08\/durazo3_opt.jpg","type":"image\/jpeg"}],"author":"enequipo","twitter_card":"summary_large_image","twitter_creator":"@sonoraenequipo","twitter_site":"@sonoraenequipo","twitter_misc":{"Escrito por":"enequipo","Tiempo de lectura":"2 minutos"},"schema":{"@context":"https:\/\/schema.org","@graph":[{"@type":"Article","@id":"https:\/\/www.sonoraenequipo.com.mx\/garantizaremos-respaldo-financiero-para-el-nuevo-hospital-general-alfonso-durazo\/#article","isPartOf":{"@id":"https:\/\/www.sonoraenequipo.com.mx\/garantizaremos-respaldo-financiero-para-el-nuevo-hospital-general-alfonso-durazo\/"},"author":{"name":"enequipo","@id":"https:\/\/www.sonoraenequipo.com.mx\/#\/schema\/person\/50102df0fb23a8fa9e8effad8fa81386"},"headline":"Garantizaremos respaldo financiero para el nuevo Hospital General: Alfonso Durazo.","datePublished":"2021-08-26T04:36:47+00:00","dateModified":"2021-08-26T06:30:57+00:00","mainEntityOfPage":{"@id":"https:\/\/www.sonoraenequipo.com.mx\/garantizaremos-respaldo-financiero-para-el-nuevo-hospital-general-alfonso-durazo\/"},"wordCount":286,"commentCount":0,"publisher":{"@id":"https:\/\/www.sonoraenequipo.com.mx\/#organization"},"image":{"@id":"https:\/\/www.sonoraenequipo.com.mx\/garantizaremos-respaldo-financiero-para-el-nuevo-hospital-general-alfonso-durazo\/#primaryimage"},"thumbnailUrl":"https:\/\/www.sonoraenequipo.com.mx\/storage\/2021\/08\/durazo3_opt.jpg","articleSection":["Sonora"],"inLanguage":"es","potentialAction":[{"@type":"CommentAction","name":"Comment","target":["https:\/\/www.sonoraenequipo.com.mx\/garantizaremos-respaldo-financiero-para-el-nuevo-hospital-general-alfonso-durazo\/#respond"]}]},{"@type":"WebPage","@id":"https:\/\/www.sonoraenequipo.com.mx\/garantizaremos-respaldo-financiero-para-el-nuevo-hospital-general-alfonso-durazo\/","url":"https:\/\/www.sonoraenequipo.com.mx\/garantizaremos-respaldo-financiero-para-el-nuevo-hospital-general-alfonso-durazo\/","name":"Sonora en Equipo. Garantizaremos respaldo financiero para el nuevo Hospital General: Alfonso Durazo. Sonora","isPartOf":{"@id":"https:\/\/www.sonoraenequipo.com.mx\/#website"},"primaryImageOfPage":{"@id":"https:\/\/www.sonoraenequipo.com.mx\/garantizaremos-respaldo-financiero-para-el-nuevo-hospital-general-alfonso-durazo\/#primaryimage"},"image":{"@id":"https:\/\/www.sonoraenequipo.com.mx\/garantizaremos-respaldo-financiero-para-el-nuevo-hospital-general-alfonso-durazo\/#primaryimage"},"thumbnailUrl":"https:\/\/www.sonoraenequipo.com.mx\/storage\/2021\/08\/durazo3_opt.jpg","datePublished":"2021-08-26T04:36:47+00:00","dateModified":"2021-08-26T06:30:57+00:00","description":"HERMOSILLO, SONORA. MX. \u2014 El gobernador electo, Alfonso Durazo Monta\u00f1o, asegur\u00f3 que para su gobierno ser\u00e1 prioridad garantizar el respaldo financiero para En Sonora en Equipo publicamos toda la informaci\u00f3n de Sonora, M\u00e9xico y el Mundo de manera oportuna y busca que la libertad de expresi\u00f3n sea real. Visita nuestro medio informativo publicado desde Hermosillo, Sonora. %","breadcrumb":{"@id":"https:\/\/www.sonoraenequipo.com.mx\/garantizaremos-respaldo-financiero-para-el-nuevo-hospital-general-alfonso-durazo\/#breadcrumb"},"inLanguage":"es","potentialAction":[{"@type":"ReadAction","target":["https:\/\/www.sonoraenequipo.com.mx\/garantizaremos-respaldo-financiero-para-el-nuevo-hospital-general-alfonso-durazo\/"]}]},{"@type":"ImageObject","inLanguage":"es","@id":"https:\/\/www.sonoraenequipo.com.mx\/garantizaremos-respaldo-financiero-para-el-nuevo-hospital-general-alfonso-durazo\/#primaryimage","url":"https:\/\/www.sonoraenequipo.com.mx\/storage\/2021\/08\/durazo3_opt.jpg","contentUrl":"https:\/\/www.sonoraenequipo.com.mx\/storage\/2021\/08\/durazo3_opt.jpg","width":700,"height":400},{"@type":"BreadcrumbList","@id":"https:\/\/www.sonoraenequipo.com.mx\/garantizaremos-respaldo-financiero-para-el-nuevo-hospital-general-alfonso-durazo\/#breadcrumb","itemListElement":[{"@type":"ListItem","position":1,"name":"Portada","item":"https:\/\/www.sonoraenequipo.com.mx\/"},{"@type":"ListItem","position":2,"name":"Garantizaremos respaldo financiero para el nuevo Hospital General: Alfonso Durazo."}]},{"@type":"WebSite","@id":"https:\/\/www.sonoraenequipo.com.mx\/#website","url":"https:\/\/www.sonoraenequipo.com.mx\/","name":"Sonora en Equipo.","description":"Diario en l\u00ednea con Noticias desde Hermosillo, Sonora","publisher":{"@id":"https:\/\/www.sonoraenequipo.com.mx\/#organization"},"potentialAction":[{"@type":"SearchAction","target":{"@type":"EntryPoint","urlTemplate":"https:\/\/www.sonoraenequipo.com.mx\/?s={search_term_string}"},"query-input":{"@type":"PropertyValueSpecification","valueRequired":true,"valueName":"search_term_string"}}],"inLanguage":"es"},{"@type":"Organization","@id":"https:\/\/www.sonoraenequipo.com.mx\/#organization","name":"Sonoraenequipo.com.mx","url":"https:\/\/www.sonoraenequipo.com.mx\/","logo":{"@type":"ImageObject","inLanguage":"es","@id":"https:\/\/www.sonoraenequipo.com.mx\/#\/schema\/logo\/image\/","url":"https:\/\/www.sonoraenequipo.com.mx\/storage\/2019\/01\/sonoraenequipo_opt.png","contentUrl":"https:\/\/www.sonoraenequipo.com.mx\/storage\/2019\/01\/sonoraenequipo_opt.png","width":375,"height":125,"caption":"Sonoraenequipo.com.mx"},"image":{"@id":"https:\/\/www.sonoraenequipo.com.mx\/#\/schema\/logo\/image\/"},"sameAs":["https:\/\/www.facebook.com\/SonoraEE\/","https:\/\/x.com\/sonoraenequipo","https:\/\/www.youtube.com\/channel\/UC338nW-lPEYmJQs4ZABQ1SQ"]},{"@type":"Person","@id":"https:\/\/www.sonoraenequipo.com.mx\/#\/schema\/person\/50102df0fb23a8fa9e8effad8fa81386","name":"enequipo","image":{"@type":"ImageObject","inLanguage":"es","@id":"https:\/\/www.sonoraenequipo.com.mx\/#\/schema\/person\/image\/","url":"https:\/\/secure.gravatar.com\/avatar\/049821681b589dabc0bc20695993ccebb09f5b5d4d790cd9251b97faac7c652b?s=96&d=blank&r=g","contentUrl":"https:\/\/secure.gravatar.com\/avatar\/049821681b589dabc0bc20695993ccebb09f5b5d4d790cd9251b97faac7c652b?s=96&d=blank&r=g","caption":"enequipo"},"sameAs":["https:\/\/www.facebook.com\/SonoraEE"]}]}},"jetpack_featured_media_url":"https:\/\/www.sonoraenequipo.com.mx\/storage\/2021\/08\/durazo3_opt.jpg","_links":{"self":[{"href":"https:\/\/www.sonoraenequipo.com.mx\/api\/wp\/v2\/posts\/121409","targetHints":{"allow":["GET"]}}],"collection":[{"href":"https:\/\/www.sonoraenequipo.com.mx\/api\/wp\/v2\/posts"}],"about":[{"href":"https:\/\/www.sonoraenequipo.com.mx\/api\/wp\/v2\/types\/post"}],"author":[{"embeddable":true,"href":"https:\/\/www.sonoraenequipo.com.mx\/api\/wp\/v2\/users\/1"}],"replies":[{"embeddable":true,"href":"https:\/\/www.sonoraenequipo.com.mx\/api\/wp\/v2\/comments?post=121409"}],"version-history":[{"count":1,"href":"https:\/\/www.sonoraenequipo.com.mx\/api\/wp\/v2\/posts\/121409\/revisions"}],"predecessor-version":[{"id":121412,"href":"https:\/\/www.sonoraenequipo.com.mx\/api\/wp\/v2\/posts\/121409\/revisions\/121412"}],"wp:featuredmedia":[{"embeddable":true,"href":"https:\/\/www.sonoraenequipo.com.mx\/api\/wp\/v2\/media\/121410"}],"wp:attachment":[{"href":"https:\/\/www.sonoraenequipo.com.mx\/api\/wp\/v2\/media?parent=121409"}],"wp:term":[{"taxonomy":"category","embeddable":true,"href":"https:\/\/www.sonoraenequipo.com.mx\/api\/wp\/v2\/categories?post=121409"},{"taxonomy":"post_tag","embeddable":true,"href":"https:\/\/www.sonoraenequipo.com.mx\/api\/wp\/v2\/tags?post=121409"}],"curies":[{"name":"wp","href":"https:\/\/api.w.org\/{rel}","templated":true}]}}