{"id":121413,"date":"2021-08-26T15:43:15","date_gmt":"2021-08-26T22:43:15","guid":{"rendered":"https:\/\/www.sonoraenequipo.com.mx\/?p=121413"},"modified":"2021-08-26T16:59:36","modified_gmt":"2021-08-26T23:59:36","slug":"unison-e-index-revisan-temas-para-el-plan-de-desarrollo-institucional-2021-2025","status":"publish","type":"post","link":"https:\/\/www.sonoraenequipo.com.mx\/unison-e-index-revisan-temas-para-el-plan-de-desarrollo-institucional-2021-2025\/","title":{"rendered":"Unison e Index revisan temas para el\u00a0 Plan de Desarrollo Institucional 2021-2025"},"content":{"rendered":"<p>HERMOSILLO, SONORA,MX.\u2500\u2500 \u00a0Impulsar la generaci\u00f3n de patentes, producto del desarrollo cient\u00edfico y tecnol\u00f3gico generado por investigadores de la Universidad de Sonora, es uno de los aspectos que se fortalecer\u00e1 a trav\u00e9s del Plan de Desarrollo Institucional (PDI) 2021-2025, coment\u00f3 la rectora de esta casa de estudios, Mar\u00eda Rita Plancarte Mart\u00ednez.<\/p>\n<p>En una reuni\u00f3n con el presidente en Sonora del Consejo Nacional de Industria Maquiladora y Manufactura de Exportaci\u00f3n (Index), Gerardo V\u00e1zquez Falc\u00f3n, como parte de la consulta institucional para la conformaci\u00f3n de dicho documento, la rectora Plancarte Mart\u00ednez enfatiz\u00f3 que se requiere capitalizar el crecimiento cient\u00edfico y tecnol\u00f3gico de la instituci\u00f3n, a fin de que el conocimiento se traduzca en productos y servicios para la sociedad.<\/p>\n<p>De ah\u00ed la importancia que tiene para la alma m\u00e1ter conocer ideas, sugerencias y propuestas no s\u00f3lo de la comunidad universitaria, sino tambi\u00e9n de c\u00e1maras empresariales, colegios de profesionistas y egresados que coadyuven al desarrollo de la instituci\u00f3n; es por ello que la Universidad ha dispuesto de un periodo de consulta, explic\u00f3.<\/p>\n<p>Por su parte, la directora de Planeaci\u00f3n y Evaluaci\u00f3n, de esta casa de estudios, Karla Montes L\u00f3pez, coment\u00f3 que en el proceso de conformaci\u00f3n del Plan de Desarrollo Institucional (PDI) 2021-2025 de la alma mater abri\u00f3 una etapa de consulta disponible en el sitio <a href=\"https:\/\/forms.office.com\/pages\/responsepage.aspx?id=RTZVZ7MNgESxJ2-BmnnjZ6ais-0LvSdGp3gTqcYpd1xUQk9YMEVZRFlXVEs2UEdIUko1NDNMV0NEWi4u\">https:\/\/forms.office.com\/pages\/responsepage.aspx?id=RTZVZ7MNgESxJ2-BmnnjZ6ais-0LvSdGp3gTqcYpd1xUQk9YMEVZRFlXVEs2UEdIUko1NDNMV0NEWi4u<\/a><\/p>\n<p>&nbsp;<\/p>\n<p>Se\u00f1al\u00f3 que para la integraci\u00f3n de este documento se trabaja con los enfoques de planeaci\u00f3n estrat\u00e9gica, y participativa; el primero requiere un profundo an\u00e1lisis de las fortalezas y debilidades de la instituci\u00f3n para replantear lo que sea necesario y establecer una visi\u00f3n de desarrollo a 10 a\u00f1os para concretar esa visi\u00f3n. El segundo enfoque abre la puerta a la participaci\u00f3n y establecimiento de contacto con diferentes sectores de la sociedad, abund\u00f3.<\/p>\n<p>A\u00f1adi\u00f3 que las bases para el PDI son seis l\u00edneas rectoras, una de \u00e9stas engloba el conjunto de estrategias generales para la cohesi\u00f3n y conformaci\u00f3n de una comunidad universitaria sustentable equitativa, inclusiva y saludable, mediante la formaci\u00f3n profesional y de posgrado, la investigaci\u00f3n, creaci\u00f3n art\u00edstica y vinculaci\u00f3n.<\/p>\n<p>En tanto, el presidente de Index Sonora, Gerardo V\u00e1zquez Falc\u00f3n, manifest\u00f3 la disposici\u00f3n de este organismo para apoyar a la m\u00e1xima casa de estudios a trav\u00e9s de acciones espec\u00edficas de transferencia de tecnolog\u00eda, proyectos que deber\u00e1n estar orientados en beneficios concretos para la sociedad, a fin de que sean susceptibles de financiamiento.<\/p>\n<p>El representante del sector manufacturero de exportaci\u00f3n de la entidad, mismo que genera 136,000 empleos directos en 336 plantas maquiladoras, reconoci\u00f3 la capacidad instalada de la Universidad de Sonora en infraestructura de laboratorios y equipo especializado.<\/p>\n<p>Apunt\u00f3 que un aspecto de gran ayuda es que la Universidad de Sonora certifique diversos procesos y\/o servicios de empresas sonorenses, a fin de que se conviertan en proveedur\u00eda del sector manufacturero de exportaci\u00f3n, y eso tambi\u00e9n podr\u00eda atraer inversi\u00f3n extranjera, s\u00f3lo por citar un ejemplo.<\/p>\n<p>En la reuni\u00f3n estuvieron tambi\u00e9n el secretario de Rector\u00eda, de la Universidad de Sonora, Benjam\u00edn Burgos Flores as\u00ed como la directora general de Index Sonora, Diana Patricia Ram\u00edrez, y la gerente de proyectos especiales de dicho organismo, Ana Irma Beltr\u00e1n.<\/p>\n<p>La Universidad de Sonora invita a la comunidad universitaria en general, c\u00e1maras empresariales y colegios de profesionistas a participar, a trav\u00e9s de la liga <a href=\"https:\/\/forms.office.com\/pages\/responsepage.aspx?id=RTZVZ7MNgESxJ2-BmnnjZ6ais-0LvSdGp3gTqcYpd1xUQk9YMEVZRFlXVEs2UEdIUko1NDNMV0NEWi4\">https:\/\/forms.office.com\/pages\/responsepage.aspx?id=RTZVZ7MNgESxJ2-BmnnjZ6ais-0LvSdGp3gTqcYpd1xUQk9YMEVZRFlXVEs2UEdIUko1NDNMV0NEWi4<\/a><\/p>\n<p>Fecha de Publicaci\u00f3n\u00a0\u00a0 jueves \/ 26\u00a0 \/ agosto \/ 2021<\/p>\n<p>&nbsp;<\/p>\n","protected":false},"excerpt":{"rendered":"<p>HERMOSILLO, SONORA,MX.\u2500\u2500 \u00a0Impulsar la generaci\u00f3n de patentes, producto del desarrollo cient\u00edfico y tecnol\u00f3gico generado por&#8230;<\/p>\n","protected":false},"author":1,"featured_media":121414,"comment_status":"open","ping_status":"open","sticky":false,"template":"","format":"standard","meta":{"_monsterinsights_skip_tracking":false,"_monsterinsights_sitenote_active":false,"_monsterinsights_sitenote_note":"","_monsterinsights_sitenote_category":0,"footnotes":""},"categories":[22],"tags":[1215,6044,63],"class_list":["post"],"yoast_head":" \n<title>Sonora en Equipo. Unison e Index revisan temas para el\u00a0 Plan de Desarrollo Institucional 2021-2025 Sonora<\/title>\n<meta name=\"description\" content=\"HERMOSILLO, SONORA,MX.\u2500\u2500 \u00a0Impulsar la generaci\u00f3n de patentes, producto del desarrollo cient\u00edfico y tecnol\u00f3gico generado por investigadores de la En Sonora en Equipo publicamos toda la informaci\u00f3n de Sonora, M\u00e9xico y el Mundo de manera oportuna y busca que la libertad de expresi\u00f3n sea real. Visita nuestro medio informativo publicado desde Hermosillo, Sonora. %\" \/>\n<meta name=\"robots\" content=\"index, follow, max-snippet:-1, max-image-preview:large, max-video-preview:-1\" \/>\n<link rel=\"canonical\" href=\"https:\/\/www.sonoraenequipo.com.mx\/unison-e-index-revisan-temas-para-el-plan-de-desarrollo-institucional-2021-2025\/\" \/>\n<meta property=\"og:locale\" content=\"es_ES\" \/>\n<meta property=\"og:type\" content=\"article\" \/>\n<meta property=\"og:title\" content=\"Sonora en Equipo. Unison e Index revisan temas para el\u00a0 Plan de Desarrollo Institucional 2021-2025 Sonora\" \/>\n<meta property=\"og:description\" content=\"HERMOSILLO, SONORA,MX.\u2500\u2500 \u00a0Impulsar la generaci\u00f3n de patentes, producto del desarrollo cient\u00edfico y tecnol\u00f3gico generado por investigadores de la En Sonora en Equipo publicamos toda la informaci\u00f3n de Sonora, M\u00e9xico y el Mundo de manera oportuna y busca que la libertad de expresi\u00f3n sea real. Visita nuestro medio informativo publicado desde Hermosillo, Sonora. %\" \/>\n<meta property=\"og:url\" content=\"https:\/\/www.sonoraenequipo.com.mx\/unison-e-index-revisan-temas-para-el-plan-de-desarrollo-institucional-2021-2025\/\" \/>\n<meta property=\"og:site_name\" content=\"Sonora en Equipo.\" \/>\n<meta property=\"article:publisher\" content=\"https:\/\/www.facebook.com\/SonoraEE\/\" \/>\n<meta property=\"article:author\" content=\"https:\/\/www.facebook.com\/SonoraEE\" \/>\n<meta property=\"article:published_time\" content=\"2021-08-26T22:43:15+00:00\" \/>\n<meta property=\"article:modified_time\" content=\"2021-08-26T23:59:36+00:00\" \/>\n<meta property=\"og:image\" content=\"https:\/\/www.sonoraenequipo.com.mx\/storage\/2021\/08\/unison260821.jpg\" \/>\n\t<meta property=\"og:image:width\" content=\"700\" \/>\n\t<meta property=\"og:image:height\" content=\"400\" \/>\n\t<meta property=\"og:image:type\" content=\"image\/jpeg\" \/>\n<meta name=\"author\" content=\"enequipo\" \/>\n<meta name=\"twitter:card\" content=\"summary_large_image\" \/>\n<meta name=\"twitter:creator\" content=\"@sonoraenequipo\" \/>\n<meta name=\"twitter:site\" content=\"@sonoraenequipo\" \/>\n<meta name=\"twitter:label1\" content=\"Escrito por\" \/>\n\t<meta name=\"twitter:data1\" content=\"enequipo\" \/>\n\t<meta name=\"twitter:label2\" content=\"Tiempo de lectura\" \/>\n\t<meta name=\"twitter:data2\" content=\"3 minutos\" \/>\n<script type=\"application\/ld+json\" class=\"yoast-schema-graph\">{\"@context\":\"https:\/\/schema.org\",\"@graph\":[{\"@type\":\"Article\",\"@id\":\"https:\/\/www.sonoraenequipo.com.mx\/unison-e-index-revisan-temas-para-el-plan-de-desarrollo-institucional-2021-2025\/#article\",\"isPartOf\":{\"@id\":\"https:\/\/www.sonoraenequipo.com.mx\/unison-e-index-revisan-temas-para-el-plan-de-desarrollo-institucional-2021-2025\/\"},\"author\":{\"name\":\"enequipo\",\"@id\":\"https:\/\/www.sonoraenequipo.com.mx\/#\/schema\/person\/50102df0fb23a8fa9e8effad8fa81386\"},\"headline\":\"Unison e Index revisan temas para el\u00a0 Plan de Desarrollo Institucional 2021-2025\",\"datePublished\":\"2021-08-26T22:43:15+00:00\",\"dateModified\":\"2021-08-26T23:59:36+00:00\",\"mainEntityOfPage\":{\"@id\":\"https:\/\/www.sonoraenequipo.com.mx\/unison-e-index-revisan-temas-para-el-plan-de-desarrollo-institucional-2021-2025\/\"},\"wordCount\":652,\"commentCount\":0,\"publisher\":{\"@id\":\"https:\/\/www.sonoraenequipo.com.mx\/#organization\"},\"image\":{\"@id\":\"https:\/\/www.sonoraenequipo.com.mx\/unison-e-index-revisan-temas-para-el-plan-de-desarrollo-institucional-2021-2025\/#primaryimage\"},\"thumbnailUrl\":\"https:\/\/www.sonoraenequipo.com.mx\/storage\/2021\/08\/unison260821.jpg\",\"keywords\":[\"INDEX\",\"plan de desarrollo\",\"UniSon\"],\"articleSection\":[\"Sonora\"],\"inLanguage\":\"es\",\"potentialAction\":[{\"@type\":\"CommentAction\",\"name\":\"Comment\",\"target\":[\"https:\/\/www.sonoraenequipo.com.mx\/unison-e-index-revisan-temas-para-el-plan-de-desarrollo-institucional-2021-2025\/#respond\"]}]},{\"@type\":\"WebPage\",\"@id\":\"https:\/\/www.sonoraenequipo.com.mx\/unison-e-index-revisan-temas-para-el-plan-de-desarrollo-institucional-2021-2025\/\",\"url\":\"https:\/\/www.sonoraenequipo.com.mx\/unison-e-index-revisan-temas-para-el-plan-de-desarrollo-institucional-2021-2025\/\",\"name\":\"Sonora en Equipo. Unison e Index revisan temas para el\u00a0 Plan de Desarrollo Institucional 2021-2025 Sonora\",\"isPartOf\":{\"@id\":\"https:\/\/www.sonoraenequipo.com.mx\/#website\"},\"primaryImageOfPage\":{\"@id\":\"https:\/\/www.sonoraenequipo.com.mx\/unison-e-index-revisan-temas-para-el-plan-de-desarrollo-institucional-2021-2025\/#primaryimage\"},\"image\":{\"@id\":\"https:\/\/www.sonoraenequipo.com.mx\/unison-e-index-revisan-temas-para-el-plan-de-desarrollo-institucional-2021-2025\/#primaryimage\"},\"thumbnailUrl\":\"https:\/\/www.sonoraenequipo.com.mx\/storage\/2021\/08\/unison260821.jpg\",\"datePublished\":\"2021-08-26T22:43:15+00:00\",\"dateModified\":\"2021-08-26T23:59:36+00:00\",\"description\":\"HERMOSILLO, SONORA,MX.\u2500\u2500 \u00a0Impulsar la generaci\u00f3n de patentes, producto del desarrollo cient\u00edfico y tecnol\u00f3gico generado por investigadores de la En Sonora en Equipo publicamos toda la informaci\u00f3n de Sonora, M\u00e9xico y el Mundo de manera oportuna y busca que la libertad de expresi\u00f3n sea real. Visita nuestro medio informativo publicado desde Hermosillo, Sonora. %\",\"breadcrumb\":{\"@id\":\"https:\/\/www.sonoraenequipo.com.mx\/unison-e-index-revisan-temas-para-el-plan-de-desarrollo-institucional-2021-2025\/#breadcrumb\"},\"inLanguage\":\"es\",\"potentialAction\":[{\"@type\":\"ReadAction\",\"target\":[\"https:\/\/www.sonoraenequipo.com.mx\/unison-e-index-revisan-temas-para-el-plan-de-desarrollo-institucional-2021-2025\/\"]}]},{\"@type\":\"ImageObject\",\"inLanguage\":\"es\",\"@id\":\"https:\/\/www.sonoraenequipo.com.mx\/unison-e-index-revisan-temas-para-el-plan-de-desarrollo-institucional-2021-2025\/#primaryimage\",\"url\":\"https:\/\/www.sonoraenequipo.com.mx\/storage\/2021\/08\/unison260821.jpg\",\"contentUrl\":\"https:\/\/www.sonoraenequipo.com.mx\/storage\/2021\/08\/unison260821.jpg\",\"width\":700,\"height\":400},{\"@type\":\"BreadcrumbList\",\"@id\":\"https:\/\/www.sonoraenequipo.com.mx\/unison-e-index-revisan-temas-para-el-plan-de-desarrollo-institucional-2021-2025\/#breadcrumb\",\"itemListElement\":[{\"@type\":\"ListItem\",\"position\":1,\"name\":\"Portada\",\"item\":\"https:\/\/www.sonoraenequipo.com.mx\/\"},{\"@type\":\"ListItem\",\"position\":2,\"name\":\"Unison e Index revisan temas para el\u00a0 Plan de Desarrollo Institucional 2021-2025\"}]},{\"@type\":\"WebSite\",\"@id\":\"https:\/\/www.sonoraenequipo.com.mx\/#website\",\"url\":\"https:\/\/www.sonoraenequipo.com.mx\/\",\"name\":\"Sonora en Equipo.\",\"description\":\"Diario en l\u00ednea con Noticias desde Hermosillo, Sonora\",\"publisher\":{\"@id\":\"https:\/\/www.sonoraenequipo.com.mx\/#organization\"},\"potentialAction\":[{\"@type\":\"SearchAction\",\"target\":{\"@type\":\"EntryPoint\",\"urlTemplate\":\"https:\/\/www.sonoraenequipo.com.mx\/?s={search_term_string}\"},\"query-input\":{\"@type\":\"PropertyValueSpecification\",\"valueRequired\":true,\"valueName\":\"search_term_string\"}}],\"inLanguage\":\"es\"},{\"@type\":\"Organization\",\"@id\":\"https:\/\/www.sonoraenequipo.com.mx\/#organization\",\"name\":\"Sonoraenequipo.com.mx\",\"url\":\"https:\/\/www.sonoraenequipo.com.mx\/\",\"logo\":{\"@type\":\"ImageObject\",\"inLanguage\":\"es\",\"@id\":\"https:\/\/www.sonoraenequipo.com.mx\/#\/schema\/logo\/image\/\",\"url\":\"https:\/\/www.sonoraenequipo.com.mx\/storage\/2019\/01\/sonoraenequipo_opt.png\",\"contentUrl\":\"https:\/\/www.sonoraenequipo.com.mx\/storage\/2019\/01\/sonoraenequipo_opt.png\",\"width\":375,\"height\":125,\"caption\":\"Sonoraenequipo.com.mx\"},\"image\":{\"@id\":\"https:\/\/www.sonoraenequipo.com.mx\/#\/schema\/logo\/image\/\"},\"sameAs\":[\"https:\/\/www.facebook.com\/SonoraEE\/\",\"https:\/\/x.com\/sonoraenequipo\",\"https:\/\/www.youtube.com\/channel\/UC338nW-lPEYmJQs4ZABQ1SQ\"]},{\"@type\":\"Person\",\"@id\":\"https:\/\/www.sonoraenequipo.com.mx\/#\/schema\/person\/50102df0fb23a8fa9e8effad8fa81386\",\"name\":\"enequipo\",\"image\":{\"@type\":\"ImageObject\",\"inLanguage\":\"es\",\"@id\":\"https:\/\/www.sonoraenequipo.com.mx\/#\/schema\/person\/image\/\",\"url\":\"https:\/\/secure.gravatar.com\/avatar\/049821681b589dabc0bc20695993ccebb09f5b5d4d790cd9251b97faac7c652b?s=96&d=blank&r=g\",\"contentUrl\":\"https:\/\/secure.gravatar.com\/avatar\/049821681b589dabc0bc20695993ccebb09f5b5d4d790cd9251b97faac7c652b?s=96&d=blank&r=g\",\"caption\":\"enequipo\"},\"sameAs\":[\"https:\/\/www.facebook.com\/SonoraEE\"]}]}<\/script>\n ","yoast_head_json":{"title":"Sonora en Equipo. Unison e Index revisan temas para el\u00a0 Plan de Desarrollo Institucional 2021-2025 Sonora","description":"HERMOSILLO, SONORA,MX.\u2500\u2500 \u00a0Impulsar la generaci\u00f3n de patentes, producto del desarrollo cient\u00edfico y tecnol\u00f3gico generado por investigadores de la En Sonora en Equipo publicamos toda la informaci\u00f3n de Sonora, M\u00e9xico y el Mundo de manera oportuna y busca que la libertad de expresi\u00f3n sea real. Visita nuestro medio informativo publicado desde Hermosillo, Sonora. %","robots":{"index":"index","follow":"follow","max-snippet":"max-snippet:-1","max-image-preview":"max-image-preview:large","max-video-preview":"max-video-preview:-1"},"canonical":"https:\/\/www.sonoraenequipo.com.mx\/unison-e-index-revisan-temas-para-el-plan-de-desarrollo-institucional-2021-2025\/","og_locale":"es_ES","og_type":"article","og_title":"Sonora en Equipo. Unison e Index revisan temas para el\u00a0 Plan de Desarrollo Institucional 2021-2025 Sonora","og_description":"HERMOSILLO, SONORA,MX.\u2500\u2500 \u00a0Impulsar la generaci\u00f3n de patentes, producto del desarrollo cient\u00edfico y tecnol\u00f3gico generado por investigadores de la En Sonora en Equipo publicamos toda la informaci\u00f3n de Sonora, M\u00e9xico y el Mundo de manera oportuna y busca que la libertad de expresi\u00f3n sea real. Visita nuestro medio informativo publicado desde Hermosillo, Sonora. %","og_url":"https:\/\/www.sonoraenequipo.com.mx\/unison-e-index-revisan-temas-para-el-plan-de-desarrollo-institucional-2021-2025\/","og_site_name":"Sonora en Equipo.","article_publisher":"https:\/\/www.facebook.com\/SonoraEE\/","article_author":"https:\/\/www.facebook.com\/SonoraEE","article_published_time":"2021-08-26T22:43:15+00:00","article_modified_time":"2021-08-26T23:59:36+00:00","og_image":[{"width":700,"height":400,"url":"https:\/\/www.sonoraenequipo.com.mx\/storage\/2021\/08\/unison260821.jpg","type":"image\/jpeg"}],"author":"enequipo","twitter_card":"summary_large_image","twitter_creator":"@sonoraenequipo","twitter_site":"@sonoraenequipo","twitter_misc":{"Escrito por":"enequipo","Tiempo de lectura":"3 minutos"},"schema":{"@context":"https:\/\/schema.org","@graph":[{"@type":"Article","@id":"https:\/\/www.sonoraenequipo.com.mx\/unison-e-index-revisan-temas-para-el-plan-de-desarrollo-institucional-2021-2025\/#article","isPartOf":{"@id":"https:\/\/www.sonoraenequipo.com.mx\/unison-e-index-revisan-temas-para-el-plan-de-desarrollo-institucional-2021-2025\/"},"author":{"name":"enequipo","@id":"https:\/\/www.sonoraenequipo.com.mx\/#\/schema\/person\/50102df0fb23a8fa9e8effad8fa81386"},"headline":"Unison e Index revisan temas para el\u00a0 Plan de Desarrollo Institucional 2021-2025","datePublished":"2021-08-26T22:43:15+00:00","dateModified":"2021-08-26T23:59:36+00:00","mainEntityOfPage":{"@id":"https:\/\/www.sonoraenequipo.com.mx\/unison-e-index-revisan-temas-para-el-plan-de-desarrollo-institucional-2021-2025\/"},"wordCount":652,"commentCount":0,"publisher":{"@id":"https:\/\/www.sonoraenequipo.com.mx\/#organization"},"image":{"@id":"https:\/\/www.sonoraenequipo.com.mx\/unison-e-index-revisan-temas-para-el-plan-de-desarrollo-institucional-2021-2025\/#primaryimage"},"thumbnailUrl":"https:\/\/www.sonoraenequipo.com.mx\/storage\/2021\/08\/unison260821.jpg","keywords":["INDEX","plan de desarrollo","UniSon"],"articleSection":["Sonora"],"inLanguage":"es","potentialAction":[{"@type":"CommentAction","name":"Comment","target":["https:\/\/www.sonoraenequipo.com.mx\/unison-e-index-revisan-temas-para-el-plan-de-desarrollo-institucional-2021-2025\/#respond"]}]},{"@type":"WebPage","@id":"https:\/\/www.sonoraenequipo.com.mx\/unison-e-index-revisan-temas-para-el-plan-de-desarrollo-institucional-2021-2025\/","url":"https:\/\/www.sonoraenequipo.com.mx\/unison-e-index-revisan-temas-para-el-plan-de-desarrollo-institucional-2021-2025\/","name":"Sonora en Equipo. Unison e Index revisan temas para el\u00a0 Plan de Desarrollo Institucional 2021-2025 Sonora","isPartOf":{"@id":"https:\/\/www.sonoraenequipo.com.mx\/#website"},"primaryImageOfPage":{"@id":"https:\/\/www.sonoraenequipo.com.mx\/unison-e-index-revisan-temas-para-el-plan-de-desarrollo-institucional-2021-2025\/#primaryimage"},"image":{"@id":"https:\/\/www.sonoraenequipo.com.mx\/unison-e-index-revisan-temas-para-el-plan-de-desarrollo-institucional-2021-2025\/#primaryimage"},"thumbnailUrl":"https:\/\/www.sonoraenequipo.com.mx\/storage\/2021\/08\/unison260821.jpg","datePublished":"2021-08-26T22:43:15+00:00","dateModified":"2021-08-26T23:59:36+00:00","description":"HERMOSILLO, SONORA,MX.\u2500\u2500 \u00a0Impulsar la generaci\u00f3n de patentes, producto del desarrollo cient\u00edfico y tecnol\u00f3gico generado por investigadores de la En Sonora en Equipo publicamos toda la informaci\u00f3n de Sonora, M\u00e9xico y el Mundo de manera oportuna y busca que la libertad de expresi\u00f3n sea real. Visita nuestro medio informativo publicado desde Hermosillo, Sonora. %","breadcrumb":{"@id":"https:\/\/www.sonoraenequipo.com.mx\/unison-e-index-revisan-temas-para-el-plan-de-desarrollo-institucional-2021-2025\/#breadcrumb"},"inLanguage":"es","potentialAction":[{"@type":"ReadAction","target":["https:\/\/www.sonoraenequipo.com.mx\/unison-e-index-revisan-temas-para-el-plan-de-desarrollo-institucional-2021-2025\/"]}]},{"@type":"ImageObject","inLanguage":"es","@id":"https:\/\/www.sonoraenequipo.com.mx\/unison-e-index-revisan-temas-para-el-plan-de-desarrollo-institucional-2021-2025\/#primaryimage","url":"https:\/\/www.sonoraenequipo.com.mx\/storage\/2021\/08\/unison260821.jpg","contentUrl":"https:\/\/www.sonoraenequipo.com.mx\/storage\/2021\/08\/unison260821.jpg","width":700,"height":400},{"@type":"BreadcrumbList","@id":"https:\/\/www.sonoraenequipo.com.mx\/unison-e-index-revisan-temas-para-el-plan-de-desarrollo-institucional-2021-2025\/#breadcrumb","itemListElement":[{"@type":"ListItem","position":1,"name":"Portada","item":"https:\/\/www.sonoraenequipo.com.mx\/"},{"@type":"ListItem","position":2,"name":"Unison e Index revisan temas para el\u00a0 Plan de Desarrollo Institucional 2021-2025"}]},{"@type":"WebSite","@id":"https:\/\/www.sonoraenequipo.com.mx\/#website","url":"https:\/\/www.sonoraenequipo.com.mx\/","name":"Sonora en Equipo.","description":"Diario en l\u00ednea con Noticias desde Hermosillo, Sonora","publisher":{"@id":"https:\/\/www.sonoraenequipo.com.mx\/#organization"},"potentialAction":[{"@type":"SearchAction","target":{"@type":"EntryPoint","urlTemplate":"https:\/\/www.sonoraenequipo.com.mx\/?s={search_term_string}"},"query-input":{"@type":"PropertyValueSpecification","valueRequired":true,"valueName":"search_term_string"}}],"inLanguage":"es"},{"@type":"Organization","@id":"https:\/\/www.sonoraenequipo.com.mx\/#organization","name":"Sonoraenequipo.com.mx","url":"https:\/\/www.sonoraenequipo.com.mx\/","logo":{"@type":"ImageObject","inLanguage":"es","@id":"https:\/\/www.sonoraenequipo.com.mx\/#\/schema\/logo\/image\/","url":"https:\/\/www.sonoraenequipo.com.mx\/storage\/2019\/01\/sonoraenequipo_opt.png","contentUrl":"https:\/\/www.sonoraenequipo.com.mx\/storage\/2019\/01\/sonoraenequipo_opt.png","width":375,"height":125,"caption":"Sonoraenequipo.com.mx"},"image":{"@id":"https:\/\/www.sonoraenequipo.com.mx\/#\/schema\/logo\/image\/"},"sameAs":["https:\/\/www.facebook.com\/SonoraEE\/","https:\/\/x.com\/sonoraenequipo","https:\/\/www.youtube.com\/channel\/UC338nW-lPEYmJQs4ZABQ1SQ"]},{"@type":"Person","@id":"https:\/\/www.sonoraenequipo.com.mx\/#\/schema\/person\/50102df0fb23a8fa9e8effad8fa81386","name":"enequipo","image":{"@type":"ImageObject","inLanguage":"es","@id":"https:\/\/www.sonoraenequipo.com.mx\/#\/schema\/person\/image\/","url":"https:\/\/secure.gravatar.com\/avatar\/049821681b589dabc0bc20695993ccebb09f5b5d4d790cd9251b97faac7c652b?s=96&d=blank&r=g","contentUrl":"https:\/\/secure.gravatar.com\/avatar\/049821681b589dabc0bc20695993ccebb09f5b5d4d790cd9251b97faac7c652b?s=96&d=blank&r=g","caption":"enequipo"},"sameAs":["https:\/\/www.facebook.com\/SonoraEE"]}]}},"jetpack_featured_media_url":"https:\/\/www.sonoraenequipo.com.mx\/storage\/2021\/08\/unison260821.jpg","_links":{"self":[{"href":"https:\/\/www.sonoraenequipo.com.mx\/api\/wp\/v2\/posts\/121413","targetHints":{"allow":["GET"]}}],"collection":[{"href":"https:\/\/www.sonoraenequipo.com.mx\/api\/wp\/v2\/posts"}],"about":[{"href":"https:\/\/www.sonoraenequipo.com.mx\/api\/wp\/v2\/types\/post"}],"author":[{"embeddable":true,"href":"https:\/\/www.sonoraenequipo.com.mx\/api\/wp\/v2\/users\/1"}],"replies":[{"embeddable":true,"href":"https:\/\/www.sonoraenequipo.com.mx\/api\/wp\/v2\/comments?post=121413"}],"version-history":[{"count":1,"href":"https:\/\/www.sonoraenequipo.com.mx\/api\/wp\/v2\/posts\/121413\/revisions"}],"predecessor-version":[{"id":121415,"href":"https:\/\/www.sonoraenequipo.com.mx\/api\/wp\/v2\/posts\/121413\/revisions\/121415"}],"wp:featuredmedia":[{"embeddable":true,"href":"https:\/\/www.sonoraenequipo.com.mx\/api\/wp\/v2\/media\/121414"}],"wp:attachment":[{"href":"https:\/\/www.sonoraenequipo.com.mx\/api\/wp\/v2\/media?parent=121413"}],"wp:term":[{"taxonomy":"category","embeddable":true,"href":"https:\/\/www.sonoraenequipo.com.mx\/api\/wp\/v2\/categories?post=121413"},{"taxonomy":"post_tag","embeddable":true,"href":"https:\/\/www.sonoraenequipo.com.mx\/api\/wp\/v2\/tags?post=121413"}],"curies":[{"name":"wp","href":"https:\/\/api.w.org\/{rel}","templated":true}]}}