{"id":121424,"date":"2021-08-26T11:20:34","date_gmt":"2021-08-26T18:20:34","guid":{"rendered":"https:\/\/www.sonoraenequipo.com.mx\/?p=121424"},"modified":"2021-08-26T14:34:00","modified_gmt":"2021-08-26T21:34:00","slug":"dialoga-antonio-astiazaran-con-jovenes-empresarios-sobre-la-recuperacion-economica-de-hermosillo","status":"publish","type":"post","link":"https:\/\/www.sonoraenequipo.com.mx\/dialoga-antonio-astiazaran-con-jovenes-empresarios-sobre-la-recuperacion-economica-de-hermosillo\/","title":{"rendered":"Dialoga Antonio Astiazar\u00e1n con j\u00f3venes empresarios sobre la recuperaci\u00f3n econ\u00f3mica de Hermosillo"},"content":{"rendered":"<p>HERMOSILLO, SONORA,MX.\u2500\u2500 \u00a0La recuperaci\u00f3n econ\u00f3mica de Hermosillo vendr\u00e1 acompa\u00f1ada de la sociedad civil organizada con acciones desde la administraci\u00f3n municipal como la promoci\u00f3n, mejora regulatoria y emprendimiento.<\/p>\n<p>&nbsp;<\/p>\n<p>Antonio Astiazar\u00e1n Guti\u00e9rrez, alcalde electo de Hermosillo, expres\u00f3 ante J\u00f3venes Empresarios de la C\u00e1mara Nacional de Comercio (CANACO), representados por Jos\u00e9 Eduardo Lemmen Meyer y, Ario Boj\u00f3rquez Egurrola, presidente de CANACO Hermosillo, que se le dar\u00e1 el impulso al talento juvenil que tienen nuevas ideas y oportunidades de negocio.<\/p>\n<p>&nbsp;<\/p>\n<p>Mencion\u00f3 que se pondr\u00e1 en funcionamiento la Agencia Municipal de Desarrollo Econ\u00f3mico en el cual participar\u00e1 un consejo ciudadano donde las y los j\u00f3venes empresarios podr\u00e1n ser parte de \u00e9l.<\/p>\n<p>&nbsp;<\/p>\n<p>\u201cUn consejo ciudadano que va trabajar de la mano con el gobierno para impulsar tres tema: Uno, promoci\u00f3n, que es important\u00edsima hacerla; dos, mejora regulatoria que es urgente hacerla en Hermosillo; tres, el tema que tiene que ver con el desarrollo al emprendedur\u00edsmo\u201d, indic\u00f3.<\/p>\n<p>&nbsp;<\/p>\n<p>La idea es que j\u00f3venes empresarios, mujeres y hombres, tengan el respaldo de un organismo del gobierno municipal que respalde sus ideas innovadoras, dijo, y que \u00e9stas se conviertan en fuente de empleo y oportunidades de negocio.<\/p>\n<p>&nbsp;<\/p>\n<p>Astiazar\u00e1n Guti\u00e9rrez a\u00f1adi\u00f3 que se impulsar\u00e1 un centro municipal que promueva el talento juvenil, que estimule la participaci\u00f3n de las nuevas ideas para realizarlas con el apoyo de un capital semilla o financiamiento .<\/p>\n<p>&nbsp;<\/p>\n<p>Los participantes en el encuentrocelebrado ayer compartieron sus inquietudes en este tema y el Alcalde Electo agradeci\u00f3 el espacio para dialogar con las y los j\u00f3venes de este sector productivo de Hermosillo.<\/p>\n<p>Fecha de Publicaci\u00f3n\u00a0\u00a0 jueves \/ 26\u00a0 \/ agosto \/ 2021<\/p>\n","protected":false},"excerpt":{"rendered":"<p>HERMOSILLO, SONORA,MX.\u2500\u2500 \u00a0La recuperaci\u00f3n econ\u00f3mica de Hermosillo vendr\u00e1 acompa\u00f1ada de la sociedad civil organizada con&#8230;<\/p>\n","protected":false},"author":1,"featured_media":121425,"comment_status":"open","ping_status":"open","sticky":false,"template":"","format":"standard","meta":{"_monsterinsights_skip_tracking":false,"_monsterinsights_sitenote_active":false,"_monsterinsights_sitenote_note":"","_monsterinsights_sitenote_category":0,"footnotes":""},"categories":[4],"tags":[93,35],"class_list":["post"],"yoast_head":" \n<title>Sonora en Equipo. Dialoga Antonio Astiazar\u00e1n con j\u00f3venes empresarios sobre la recuperaci\u00f3n econ\u00f3mica de Hermosillo Municipios<\/title>\n<meta name=\"description\" content=\"HERMOSILLO, SONORA,MX.\u2500\u2500 \u00a0La recuperaci\u00f3n econ\u00f3mica de Hermosillo vendr\u00e1 acompa\u00f1ada de la sociedad civil organizada con acciones desde la administraci\u00f3n En Sonora en Equipo publicamos toda la informaci\u00f3n de Sonora, M\u00e9xico y el Mundo de manera oportuna y busca que la libertad de expresi\u00f3n sea real. Visita nuestro medio informativo publicado desde Hermosillo, Sonora. %\" \/>\n<meta name=\"robots\" content=\"index, follow, max-snippet:-1, max-image-preview:large, max-video-preview:-1\" \/>\n<link rel=\"canonical\" href=\"https:\/\/www.sonoraenequipo.com.mx\/dialoga-antonio-astiazaran-con-jovenes-empresarios-sobre-la-recuperacion-economica-de-hermosillo\/\" \/>\n<meta property=\"og:locale\" content=\"es_ES\" \/>\n<meta property=\"og:type\" content=\"article\" \/>\n<meta property=\"og:title\" content=\"Sonora en Equipo. Dialoga Antonio Astiazar\u00e1n con j\u00f3venes empresarios sobre la recuperaci\u00f3n econ\u00f3mica de Hermosillo Municipios\" \/>\n<meta property=\"og:description\" content=\"HERMOSILLO, SONORA,MX.\u2500\u2500 \u00a0La recuperaci\u00f3n econ\u00f3mica de Hermosillo vendr\u00e1 acompa\u00f1ada de la sociedad civil organizada con acciones desde la administraci\u00f3n En Sonora en Equipo publicamos toda la informaci\u00f3n de Sonora, M\u00e9xico y el Mundo de manera oportuna y busca que la libertad de expresi\u00f3n sea real. Visita nuestro medio informativo publicado desde Hermosillo, Sonora. %\" \/>\n<meta property=\"og:url\" content=\"https:\/\/www.sonoraenequipo.com.mx\/dialoga-antonio-astiazaran-con-jovenes-empresarios-sobre-la-recuperacion-economica-de-hermosillo\/\" \/>\n<meta property=\"og:site_name\" content=\"Sonora en Equipo.\" \/>\n<meta property=\"article:publisher\" content=\"https:\/\/www.facebook.com\/SonoraEE\/\" \/>\n<meta property=\"article:author\" content=\"https:\/\/www.facebook.com\/SonoraEE\" \/>\n<meta property=\"article:published_time\" content=\"2021-08-26T18:20:34+00:00\" \/>\n<meta property=\"article:modified_time\" content=\"2021-08-26T21:34:00+00:00\" \/>\n<meta property=\"og:image\" content=\"https:\/\/www.sonoraenequipo.com.mx\/storage\/2021\/08\/tono250821.jpg\" \/>\n\t<meta property=\"og:image:width\" content=\"700\" \/>\n\t<meta property=\"og:image:height\" content=\"394\" \/>\n\t<meta property=\"og:image:type\" content=\"image\/jpeg\" \/>\n<meta name=\"author\" content=\"enequipo\" \/>\n<meta name=\"twitter:card\" content=\"summary_large_image\" \/>\n<meta name=\"twitter:creator\" content=\"@sonoraenequipo\" \/>\n<meta name=\"twitter:site\" content=\"@sonoraenequipo\" \/>\n<meta name=\"twitter:label1\" content=\"Escrito por\" \/>\n\t<meta name=\"twitter:data1\" content=\"enequipo\" \/>\n\t<meta name=\"twitter:label2\" content=\"Tiempo de lectura\" \/>\n\t<meta name=\"twitter:data2\" content=\"2 minutos\" \/>\n<script type=\"application\/ld+json\" class=\"yoast-schema-graph\">{\"@context\":\"https:\/\/schema.org\",\"@graph\":[{\"@type\":\"Article\",\"@id\":\"https:\/\/www.sonoraenequipo.com.mx\/dialoga-antonio-astiazaran-con-jovenes-empresarios-sobre-la-recuperacion-economica-de-hermosillo\/#article\",\"isPartOf\":{\"@id\":\"https:\/\/www.sonoraenequipo.com.mx\/dialoga-antonio-astiazaran-con-jovenes-empresarios-sobre-la-recuperacion-economica-de-hermosillo\/\"},\"author\":{\"name\":\"enequipo\",\"@id\":\"https:\/\/www.sonoraenequipo.com.mx\/#\/schema\/person\/50102df0fb23a8fa9e8effad8fa81386\"},\"headline\":\"Dialoga Antonio Astiazar\u00e1n con j\u00f3venes empresarios sobre la recuperaci\u00f3n econ\u00f3mica de Hermosillo\",\"datePublished\":\"2021-08-26T18:20:34+00:00\",\"dateModified\":\"2021-08-26T21:34:00+00:00\",\"mainEntityOfPage\":{\"@id\":\"https:\/\/www.sonoraenequipo.com.mx\/dialoga-antonio-astiazaran-con-jovenes-empresarios-sobre-la-recuperacion-economica-de-hermosillo\/\"},\"wordCount\":303,\"commentCount\":0,\"publisher\":{\"@id\":\"https:\/\/www.sonoraenequipo.com.mx\/#organization\"},\"image\":{\"@id\":\"https:\/\/www.sonoraenequipo.com.mx\/dialoga-antonio-astiazaran-con-jovenes-empresarios-sobre-la-recuperacion-economica-de-hermosillo\/#primaryimage\"},\"thumbnailUrl\":\"https:\/\/www.sonoraenequipo.com.mx\/storage\/2021\/08\/tono250821.jpg\",\"keywords\":[\"econom\u00eda\",\"hermosillo\"],\"articleSection\":[\"Municipios\"],\"inLanguage\":\"es\",\"potentialAction\":[{\"@type\":\"CommentAction\",\"name\":\"Comment\",\"target\":[\"https:\/\/www.sonoraenequipo.com.mx\/dialoga-antonio-astiazaran-con-jovenes-empresarios-sobre-la-recuperacion-economica-de-hermosillo\/#respond\"]}]},{\"@type\":\"WebPage\",\"@id\":\"https:\/\/www.sonoraenequipo.com.mx\/dialoga-antonio-astiazaran-con-jovenes-empresarios-sobre-la-recuperacion-economica-de-hermosillo\/\",\"url\":\"https:\/\/www.sonoraenequipo.com.mx\/dialoga-antonio-astiazaran-con-jovenes-empresarios-sobre-la-recuperacion-economica-de-hermosillo\/\",\"name\":\"Sonora en Equipo. Dialoga Antonio Astiazar\u00e1n con j\u00f3venes empresarios sobre la recuperaci\u00f3n econ\u00f3mica de Hermosillo Municipios\",\"isPartOf\":{\"@id\":\"https:\/\/www.sonoraenequipo.com.mx\/#website\"},\"primaryImageOfPage\":{\"@id\":\"https:\/\/www.sonoraenequipo.com.mx\/dialoga-antonio-astiazaran-con-jovenes-empresarios-sobre-la-recuperacion-economica-de-hermosillo\/#primaryimage\"},\"image\":{\"@id\":\"https:\/\/www.sonoraenequipo.com.mx\/dialoga-antonio-astiazaran-con-jovenes-empresarios-sobre-la-recuperacion-economica-de-hermosillo\/#primaryimage\"},\"thumbnailUrl\":\"https:\/\/www.sonoraenequipo.com.mx\/storage\/2021\/08\/tono250821.jpg\",\"datePublished\":\"2021-08-26T18:20:34+00:00\",\"dateModified\":\"2021-08-26T21:34:00+00:00\",\"description\":\"HERMOSILLO, SONORA,MX.\u2500\u2500 \u00a0La recuperaci\u00f3n econ\u00f3mica de Hermosillo vendr\u00e1 acompa\u00f1ada de la sociedad civil organizada con acciones desde la administraci\u00f3n En Sonora en Equipo publicamos toda la informaci\u00f3n de Sonora, M\u00e9xico y el Mundo de manera oportuna y busca que la libertad de expresi\u00f3n sea real. Visita nuestro medio informativo publicado desde Hermosillo, Sonora. %\",\"breadcrumb\":{\"@id\":\"https:\/\/www.sonoraenequipo.com.mx\/dialoga-antonio-astiazaran-con-jovenes-empresarios-sobre-la-recuperacion-economica-de-hermosillo\/#breadcrumb\"},\"inLanguage\":\"es\",\"potentialAction\":[{\"@type\":\"ReadAction\",\"target\":[\"https:\/\/www.sonoraenequipo.com.mx\/dialoga-antonio-astiazaran-con-jovenes-empresarios-sobre-la-recuperacion-economica-de-hermosillo\/\"]}]},{\"@type\":\"ImageObject\",\"inLanguage\":\"es\",\"@id\":\"https:\/\/www.sonoraenequipo.com.mx\/dialoga-antonio-astiazaran-con-jovenes-empresarios-sobre-la-recuperacion-economica-de-hermosillo\/#primaryimage\",\"url\":\"https:\/\/www.sonoraenequipo.com.mx\/storage\/2021\/08\/tono250821.jpg\",\"contentUrl\":\"https:\/\/www.sonoraenequipo.com.mx\/storage\/2021\/08\/tono250821.jpg\",\"width\":700,\"height\":394},{\"@type\":\"BreadcrumbList\",\"@id\":\"https:\/\/www.sonoraenequipo.com.mx\/dialoga-antonio-astiazaran-con-jovenes-empresarios-sobre-la-recuperacion-economica-de-hermosillo\/#breadcrumb\",\"itemListElement\":[{\"@type\":\"ListItem\",\"position\":1,\"name\":\"Portada\",\"item\":\"https:\/\/www.sonoraenequipo.com.mx\/\"},{\"@type\":\"ListItem\",\"position\":2,\"name\":\"Dialoga Antonio Astiazar\u00e1n con j\u00f3venes empresarios sobre la recuperaci\u00f3n econ\u00f3mica de Hermosillo\"}]},{\"@type\":\"WebSite\",\"@id\":\"https:\/\/www.sonoraenequipo.com.mx\/#website\",\"url\":\"https:\/\/www.sonoraenequipo.com.mx\/\",\"name\":\"Sonora en Equipo.\",\"description\":\"Diario en l\u00ednea con Noticias desde Hermosillo, Sonora\",\"publisher\":{\"@id\":\"https:\/\/www.sonoraenequipo.com.mx\/#organization\"},\"potentialAction\":[{\"@type\":\"SearchAction\",\"target\":{\"@type\":\"EntryPoint\",\"urlTemplate\":\"https:\/\/www.sonoraenequipo.com.mx\/?s={search_term_string}\"},\"query-input\":{\"@type\":\"PropertyValueSpecification\",\"valueRequired\":true,\"valueName\":\"search_term_string\"}}],\"inLanguage\":\"es\"},{\"@type\":\"Organization\",\"@id\":\"https:\/\/www.sonoraenequipo.com.mx\/#organization\",\"name\":\"Sonoraenequipo.com.mx\",\"url\":\"https:\/\/www.sonoraenequipo.com.mx\/\",\"logo\":{\"@type\":\"ImageObject\",\"inLanguage\":\"es\",\"@id\":\"https:\/\/www.sonoraenequipo.com.mx\/#\/schema\/logo\/image\/\",\"url\":\"https:\/\/www.sonoraenequipo.com.mx\/storage\/2019\/01\/sonoraenequipo_opt.png\",\"contentUrl\":\"https:\/\/www.sonoraenequipo.com.mx\/storage\/2019\/01\/sonoraenequipo_opt.png\",\"width\":375,\"height\":125,\"caption\":\"Sonoraenequipo.com.mx\"},\"image\":{\"@id\":\"https:\/\/www.sonoraenequipo.com.mx\/#\/schema\/logo\/image\/\"},\"sameAs\":[\"https:\/\/www.facebook.com\/SonoraEE\/\",\"https:\/\/x.com\/sonoraenequipo\",\"https:\/\/www.youtube.com\/channel\/UC338nW-lPEYmJQs4ZABQ1SQ\"]},{\"@type\":\"Person\",\"@id\":\"https:\/\/www.sonoraenequipo.com.mx\/#\/schema\/person\/50102df0fb23a8fa9e8effad8fa81386\",\"name\":\"enequipo\",\"image\":{\"@type\":\"ImageObject\",\"inLanguage\":\"es\",\"@id\":\"https:\/\/www.sonoraenequipo.com.mx\/#\/schema\/person\/image\/\",\"url\":\"https:\/\/secure.gravatar.com\/avatar\/049821681b589dabc0bc20695993ccebb09f5b5d4d790cd9251b97faac7c652b?s=96&d=blank&r=g\",\"contentUrl\":\"https:\/\/secure.gravatar.com\/avatar\/049821681b589dabc0bc20695993ccebb09f5b5d4d790cd9251b97faac7c652b?s=96&d=blank&r=g\",\"caption\":\"enequipo\"},\"sameAs\":[\"https:\/\/www.facebook.com\/SonoraEE\"]}]}<\/script>\n ","yoast_head_json":{"title":"Sonora en Equipo. Dialoga Antonio Astiazar\u00e1n con j\u00f3venes empresarios sobre la recuperaci\u00f3n econ\u00f3mica de Hermosillo Municipios","description":"HERMOSILLO, SONORA,MX.\u2500\u2500 \u00a0La recuperaci\u00f3n econ\u00f3mica de Hermosillo vendr\u00e1 acompa\u00f1ada de la sociedad civil organizada con acciones desde la administraci\u00f3n En Sonora en Equipo publicamos toda la informaci\u00f3n de Sonora, M\u00e9xico y el Mundo de manera oportuna y busca que la libertad de expresi\u00f3n sea real. Visita nuestro medio informativo publicado desde Hermosillo, Sonora. %","robots":{"index":"index","follow":"follow","max-snippet":"max-snippet:-1","max-image-preview":"max-image-preview:large","max-video-preview":"max-video-preview:-1"},"canonical":"https:\/\/www.sonoraenequipo.com.mx\/dialoga-antonio-astiazaran-con-jovenes-empresarios-sobre-la-recuperacion-economica-de-hermosillo\/","og_locale":"es_ES","og_type":"article","og_title":"Sonora en Equipo. Dialoga Antonio Astiazar\u00e1n con j\u00f3venes empresarios sobre la recuperaci\u00f3n econ\u00f3mica de Hermosillo Municipios","og_description":"HERMOSILLO, SONORA,MX.\u2500\u2500 \u00a0La recuperaci\u00f3n econ\u00f3mica de Hermosillo vendr\u00e1 acompa\u00f1ada de la sociedad civil organizada con acciones desde la administraci\u00f3n En Sonora en Equipo publicamos toda la informaci\u00f3n de Sonora, M\u00e9xico y el Mundo de manera oportuna y busca que la libertad de expresi\u00f3n sea real. Visita nuestro medio informativo publicado desde Hermosillo, Sonora. %","og_url":"https:\/\/www.sonoraenequipo.com.mx\/dialoga-antonio-astiazaran-con-jovenes-empresarios-sobre-la-recuperacion-economica-de-hermosillo\/","og_site_name":"Sonora en Equipo.","article_publisher":"https:\/\/www.facebook.com\/SonoraEE\/","article_author":"https:\/\/www.facebook.com\/SonoraEE","article_published_time":"2021-08-26T18:20:34+00:00","article_modified_time":"2021-08-26T21:34:00+00:00","og_image":[{"width":700,"height":394,"url":"https:\/\/www.sonoraenequipo.com.mx\/storage\/2021\/08\/tono250821.jpg","type":"image\/jpeg"}],"author":"enequipo","twitter_card":"summary_large_image","twitter_creator":"@sonoraenequipo","twitter_site":"@sonoraenequipo","twitter_misc":{"Escrito por":"enequipo","Tiempo de lectura":"2 minutos"},"schema":{"@context":"https:\/\/schema.org","@graph":[{"@type":"Article","@id":"https:\/\/www.sonoraenequipo.com.mx\/dialoga-antonio-astiazaran-con-jovenes-empresarios-sobre-la-recuperacion-economica-de-hermosillo\/#article","isPartOf":{"@id":"https:\/\/www.sonoraenequipo.com.mx\/dialoga-antonio-astiazaran-con-jovenes-empresarios-sobre-la-recuperacion-economica-de-hermosillo\/"},"author":{"name":"enequipo","@id":"https:\/\/www.sonoraenequipo.com.mx\/#\/schema\/person\/50102df0fb23a8fa9e8effad8fa81386"},"headline":"Dialoga Antonio Astiazar\u00e1n con j\u00f3venes empresarios sobre la recuperaci\u00f3n econ\u00f3mica de Hermosillo","datePublished":"2021-08-26T18:20:34+00:00","dateModified":"2021-08-26T21:34:00+00:00","mainEntityOfPage":{"@id":"https:\/\/www.sonoraenequipo.com.mx\/dialoga-antonio-astiazaran-con-jovenes-empresarios-sobre-la-recuperacion-economica-de-hermosillo\/"},"wordCount":303,"commentCount":0,"publisher":{"@id":"https:\/\/www.sonoraenequipo.com.mx\/#organization"},"image":{"@id":"https:\/\/www.sonoraenequipo.com.mx\/dialoga-antonio-astiazaran-con-jovenes-empresarios-sobre-la-recuperacion-economica-de-hermosillo\/#primaryimage"},"thumbnailUrl":"https:\/\/www.sonoraenequipo.com.mx\/storage\/2021\/08\/tono250821.jpg","keywords":["econom\u00eda","hermosillo"],"articleSection":["Municipios"],"inLanguage":"es","potentialAction":[{"@type":"CommentAction","name":"Comment","target":["https:\/\/www.sonoraenequipo.com.mx\/dialoga-antonio-astiazaran-con-jovenes-empresarios-sobre-la-recuperacion-economica-de-hermosillo\/#respond"]}]},{"@type":"WebPage","@id":"https:\/\/www.sonoraenequipo.com.mx\/dialoga-antonio-astiazaran-con-jovenes-empresarios-sobre-la-recuperacion-economica-de-hermosillo\/","url":"https:\/\/www.sonoraenequipo.com.mx\/dialoga-antonio-astiazaran-con-jovenes-empresarios-sobre-la-recuperacion-economica-de-hermosillo\/","name":"Sonora en Equipo. Dialoga Antonio Astiazar\u00e1n con j\u00f3venes empresarios sobre la recuperaci\u00f3n econ\u00f3mica de Hermosillo Municipios","isPartOf":{"@id":"https:\/\/www.sonoraenequipo.com.mx\/#website"},"primaryImageOfPage":{"@id":"https:\/\/www.sonoraenequipo.com.mx\/dialoga-antonio-astiazaran-con-jovenes-empresarios-sobre-la-recuperacion-economica-de-hermosillo\/#primaryimage"},"image":{"@id":"https:\/\/www.sonoraenequipo.com.mx\/dialoga-antonio-astiazaran-con-jovenes-empresarios-sobre-la-recuperacion-economica-de-hermosillo\/#primaryimage"},"thumbnailUrl":"https:\/\/www.sonoraenequipo.com.mx\/storage\/2021\/08\/tono250821.jpg","datePublished":"2021-08-26T18:20:34+00:00","dateModified":"2021-08-26T21:34:00+00:00","description":"HERMOSILLO, SONORA,MX.\u2500\u2500 \u00a0La recuperaci\u00f3n econ\u00f3mica de Hermosillo vendr\u00e1 acompa\u00f1ada de la sociedad civil organizada con acciones desde la administraci\u00f3n En Sonora en Equipo publicamos toda la informaci\u00f3n de Sonora, M\u00e9xico y el Mundo de manera oportuna y busca que la libertad de expresi\u00f3n sea real. Visita nuestro medio informativo publicado desde Hermosillo, Sonora. %","breadcrumb":{"@id":"https:\/\/www.sonoraenequipo.com.mx\/dialoga-antonio-astiazaran-con-jovenes-empresarios-sobre-la-recuperacion-economica-de-hermosillo\/#breadcrumb"},"inLanguage":"es","potentialAction":[{"@type":"ReadAction","target":["https:\/\/www.sonoraenequipo.com.mx\/dialoga-antonio-astiazaran-con-jovenes-empresarios-sobre-la-recuperacion-economica-de-hermosillo\/"]}]},{"@type":"ImageObject","inLanguage":"es","@id":"https:\/\/www.sonoraenequipo.com.mx\/dialoga-antonio-astiazaran-con-jovenes-empresarios-sobre-la-recuperacion-economica-de-hermosillo\/#primaryimage","url":"https:\/\/www.sonoraenequipo.com.mx\/storage\/2021\/08\/tono250821.jpg","contentUrl":"https:\/\/www.sonoraenequipo.com.mx\/storage\/2021\/08\/tono250821.jpg","width":700,"height":394},{"@type":"BreadcrumbList","@id":"https:\/\/www.sonoraenequipo.com.mx\/dialoga-antonio-astiazaran-con-jovenes-empresarios-sobre-la-recuperacion-economica-de-hermosillo\/#breadcrumb","itemListElement":[{"@type":"ListItem","position":1,"name":"Portada","item":"https:\/\/www.sonoraenequipo.com.mx\/"},{"@type":"ListItem","position":2,"name":"Dialoga Antonio Astiazar\u00e1n con j\u00f3venes empresarios sobre la recuperaci\u00f3n econ\u00f3mica de Hermosillo"}]},{"@type":"WebSite","@id":"https:\/\/www.sonoraenequipo.com.mx\/#website","url":"https:\/\/www.sonoraenequipo.com.mx\/","name":"Sonora en Equipo.","description":"Diario en l\u00ednea con Noticias desde Hermosillo, Sonora","publisher":{"@id":"https:\/\/www.sonoraenequipo.com.mx\/#organization"},"potentialAction":[{"@type":"SearchAction","target":{"@type":"EntryPoint","urlTemplate":"https:\/\/www.sonoraenequipo.com.mx\/?s={search_term_string}"},"query-input":{"@type":"PropertyValueSpecification","valueRequired":true,"valueName":"search_term_string"}}],"inLanguage":"es"},{"@type":"Organization","@id":"https:\/\/www.sonoraenequipo.com.mx\/#organization","name":"Sonoraenequipo.com.mx","url":"https:\/\/www.sonoraenequipo.com.mx\/","logo":{"@type":"ImageObject","inLanguage":"es","@id":"https:\/\/www.sonoraenequipo.com.mx\/#\/schema\/logo\/image\/","url":"https:\/\/www.sonoraenequipo.com.mx\/storage\/2019\/01\/sonoraenequipo_opt.png","contentUrl":"https:\/\/www.sonoraenequipo.com.mx\/storage\/2019\/01\/sonoraenequipo_opt.png","width":375,"height":125,"caption":"Sonoraenequipo.com.mx"},"image":{"@id":"https:\/\/www.sonoraenequipo.com.mx\/#\/schema\/logo\/image\/"},"sameAs":["https:\/\/www.facebook.com\/SonoraEE\/","https:\/\/x.com\/sonoraenequipo","https:\/\/www.youtube.com\/channel\/UC338nW-lPEYmJQs4ZABQ1SQ"]},{"@type":"Person","@id":"https:\/\/www.sonoraenequipo.com.mx\/#\/schema\/person\/50102df0fb23a8fa9e8effad8fa81386","name":"enequipo","image":{"@type":"ImageObject","inLanguage":"es","@id":"https:\/\/www.sonoraenequipo.com.mx\/#\/schema\/person\/image\/","url":"https:\/\/secure.gravatar.com\/avatar\/049821681b589dabc0bc20695993ccebb09f5b5d4d790cd9251b97faac7c652b?s=96&d=blank&r=g","contentUrl":"https:\/\/secure.gravatar.com\/avatar\/049821681b589dabc0bc20695993ccebb09f5b5d4d790cd9251b97faac7c652b?s=96&d=blank&r=g","caption":"enequipo"},"sameAs":["https:\/\/www.facebook.com\/SonoraEE"]}]}},"jetpack_featured_media_url":"https:\/\/www.sonoraenequipo.com.mx\/storage\/2021\/08\/tono250821.jpg","_links":{"self":[{"href":"https:\/\/www.sonoraenequipo.com.mx\/api\/wp\/v2\/posts\/121424","targetHints":{"allow":["GET"]}}],"collection":[{"href":"https:\/\/www.sonoraenequipo.com.mx\/api\/wp\/v2\/posts"}],"about":[{"href":"https:\/\/www.sonoraenequipo.com.mx\/api\/wp\/v2\/types\/post"}],"author":[{"embeddable":true,"href":"https:\/\/www.sonoraenequipo.com.mx\/api\/wp\/v2\/users\/1"}],"replies":[{"embeddable":true,"href":"https:\/\/www.sonoraenequipo.com.mx\/api\/wp\/v2\/comments?post=121424"}],"version-history":[{"count":1,"href":"https:\/\/www.sonoraenequipo.com.mx\/api\/wp\/v2\/posts\/121424\/revisions"}],"predecessor-version":[{"id":121426,"href":"https:\/\/www.sonoraenequipo.com.mx\/api\/wp\/v2\/posts\/121424\/revisions\/121426"}],"wp:featuredmedia":[{"embeddable":true,"href":"https:\/\/www.sonoraenequipo.com.mx\/api\/wp\/v2\/media\/121425"}],"wp:attachment":[{"href":"https:\/\/www.sonoraenequipo.com.mx\/api\/wp\/v2\/media?parent=121424"}],"wp:term":[{"taxonomy":"category","embeddable":true,"href":"https:\/\/www.sonoraenequipo.com.mx\/api\/wp\/v2\/categories?post=121424"},{"taxonomy":"post_tag","embeddable":true,"href":"https:\/\/www.sonoraenequipo.com.mx\/api\/wp\/v2\/tags?post=121424"}],"curies":[{"name":"wp","href":"https:\/\/api.w.org\/{rel}","templated":true}]}}