{"id":121437,"date":"2021-08-26T13:36:29","date_gmt":"2021-08-26T20:36:29","guid":{"rendered":"https:\/\/www.sonoraenequipo.com.mx\/?p=121437"},"modified":"2021-08-26T13:44:52","modified_gmt":"2021-08-26T20:44:52","slug":"reinstala-cidue-semaforo-en-bulevar-ignacio-soto","status":"publish","type":"post","link":"https:\/\/www.sonoraenequipo.com.mx\/reinstala-cidue-semaforo-en-bulevar-ignacio-soto\/","title":{"rendered":"Reinstala CIDUE sem\u00e1foro en bulevar Ignacio Soto"},"content":{"rendered":"<ul>\n<li>El dispositivo vial hab\u00eda resultado da\u00f1ado despu\u00e9s de un accidente automovil\u00edstico<\/li>\n<\/ul>\n<p>&nbsp;<\/p>\n<p>HERMOSILLO, SONORA,MX.\u2500\u2500 \u00a0Personal de la Direcci\u00f3n de Vialidad y Semaforizaci\u00f3n de la Coordinaci\u00f3n de Infraestructura, Desarrollo Urbano y Ecolog\u00eda (CIDUE), reinstal\u00f3 el sem\u00e1foro del bulevar Ignacio Soto y calle Colegio Militar, que result\u00f3 da\u00f1ado por un accidente automovil\u00edstico.<\/p>\n<p>&nbsp;<\/p>\n<p>&nbsp;<\/p>\n<p>Con el apoyo de elementos de Tr\u00e1nsito Municipal, la maniobra que se llev\u00f3 a cabo durante la ma\u00f1ana de este mi\u00e9rcoles se debi\u00f3 a que el pasado domingo 22 de agosto un autom\u00f3vil tipo sed\u00e1n se impact\u00f3 contra el poste y derrib\u00f3 los dos brazos del sem\u00e1foro.<\/p>\n<p>&nbsp;<\/p>\n<p>&nbsp;<\/p>\n<p>Dicho sector es de confluencia de los vecinos de la colonia Loma Linda y una importante vialidad de entrada para los viajeros que entran a la ciudad por la carretera federal 15, por lo tanto era muy importante que se sustituyera el poste para la reinstalaci\u00f3n del dispositivo vial.<\/p>\n<p>&nbsp;<\/p>\n<p>&nbsp;<\/p>\n<p>La seguridad de los ciudadanos y de los visitantes es una prioridad para el Gobierno de Hermosillo y CIDUE, cuyo personal se mantiene atento a los reportes de desperfectos o fallas en la sincron\u00eda en la L\u00ednea de Atenci\u00f3n Ciudadana 072, para mantener la adecuada movilidad en la ciudad, en los 306 cruceros donde existen sem\u00e1foros.<\/p>\n<p>&nbsp;<\/p>\n<p>&nbsp;<\/p>\n<p>Tambi\u00e9n se reciben este tipo de reportes de los ciudadanos por fallas y sem\u00e1foros volteados mediante las redes sociales de CIDUE (@cidue_hmo), en Facebook y Twitter.<\/p>\n<p>Fecha de Publicaci\u00f3n\u00a0\u00a0 jueves \/ 26\u00a0 \/ agosto \/ 2021<\/p>\n<p>&nbsp;<\/p>\n<p>&nbsp;<\/p>\n","protected":false},"excerpt":{"rendered":"<p>El dispositivo vial hab\u00eda resultado da\u00f1ado despu\u00e9s de un accidente automovil\u00edstico &nbsp; HERMOSILLO, SONORA,MX.\u2500\u2500 \u00a0Personal&#8230;<\/p>\n","protected":false},"author":1,"featured_media":121438,"comment_status":"open","ping_status":"open","sticky":false,"template":"","format":"standard","meta":{"_monsterinsights_skip_tracking":false,"_monsterinsights_sitenote_active":false,"_monsterinsights_sitenote_note":"","_monsterinsights_sitenote_category":0,"footnotes":""},"categories":[4],"tags":[1559,35],"class_list":["post"],"yoast_head":" \n<title>Sonora en Equipo. Reinstala CIDUE sem\u00e1foro en bulevar Ignacio Soto Municipios<\/title>\n<meta name=\"description\" content=\"El dispositivo vial hab\u00eda resultado da\u00f1ado despu\u00e9s de un accidente automovil\u00edstico &nbsp; HERMOSILLO, SONORA,MX.\u2500\u2500 \u00a0Personal de la Direcci\u00f3n de Vialidad y En Sonora en Equipo publicamos toda la informaci\u00f3n de Sonora, M\u00e9xico y el Mundo de manera oportuna y busca que la libertad de expresi\u00f3n sea real. Visita nuestro medio informativo publicado desde Hermosillo, Sonora. %\" \/>\n<meta name=\"robots\" content=\"index, follow, max-snippet:-1, max-image-preview:large, max-video-preview:-1\" \/>\n<link rel=\"canonical\" href=\"https:\/\/www.sonoraenequipo.com.mx\/reinstala-cidue-semaforo-en-bulevar-ignacio-soto\/\" \/>\n<meta property=\"og:locale\" content=\"es_ES\" \/>\n<meta property=\"og:type\" content=\"article\" \/>\n<meta property=\"og:title\" content=\"Sonora en Equipo. Reinstala CIDUE sem\u00e1foro en bulevar Ignacio Soto Municipios\" \/>\n<meta property=\"og:description\" content=\"El dispositivo vial hab\u00eda resultado da\u00f1ado despu\u00e9s de un accidente automovil\u00edstico &nbsp; HERMOSILLO, SONORA,MX.\u2500\u2500 \u00a0Personal de la Direcci\u00f3n de Vialidad y En Sonora en Equipo publicamos toda la informaci\u00f3n de Sonora, M\u00e9xico y el Mundo de manera oportuna y busca que la libertad de expresi\u00f3n sea real. Visita nuestro medio informativo publicado desde Hermosillo, Sonora. %\" \/>\n<meta property=\"og:url\" content=\"https:\/\/www.sonoraenequipo.com.mx\/reinstala-cidue-semaforo-en-bulevar-ignacio-soto\/\" \/>\n<meta property=\"og:site_name\" content=\"Sonora en Equipo.\" \/>\n<meta property=\"article:publisher\" content=\"https:\/\/www.facebook.com\/SonoraEE\/\" \/>\n<meta property=\"article:author\" content=\"https:\/\/www.facebook.com\/SonoraEE\" \/>\n<meta property=\"article:published_time\" content=\"2021-08-26T20:36:29+00:00\" \/>\n<meta property=\"article:modified_time\" content=\"2021-08-26T20:44:52+00:00\" \/>\n<meta property=\"og:image\" content=\"https:\/\/www.sonoraenequipo.com.mx\/storage\/2021\/08\/semaforo-caido.jpg\" \/>\n\t<meta property=\"og:image:width\" content=\"700\" \/>\n\t<meta property=\"og:image:height\" content=\"400\" \/>\n\t<meta property=\"og:image:type\" content=\"image\/jpeg\" \/>\n<meta name=\"author\" content=\"enequipo\" \/>\n<meta name=\"twitter:card\" content=\"summary_large_image\" \/>\n<meta name=\"twitter:creator\" content=\"@sonoraenequipo\" \/>\n<meta name=\"twitter:site\" content=\"@sonoraenequipo\" \/>\n<meta name=\"twitter:label1\" content=\"Escrito por\" \/>\n\t<meta name=\"twitter:data1\" content=\"enequipo\" \/>\n\t<meta name=\"twitter:label2\" content=\"Tiempo de lectura\" \/>\n\t<meta name=\"twitter:data2\" content=\"2 minutos\" \/>\n<script type=\"application\/ld+json\" class=\"yoast-schema-graph\">{\"@context\":\"https:\/\/schema.org\",\"@graph\":[{\"@type\":\"Article\",\"@id\":\"https:\/\/www.sonoraenequipo.com.mx\/reinstala-cidue-semaforo-en-bulevar-ignacio-soto\/#article\",\"isPartOf\":{\"@id\":\"https:\/\/www.sonoraenequipo.com.mx\/reinstala-cidue-semaforo-en-bulevar-ignacio-soto\/\"},\"author\":{\"name\":\"enequipo\",\"@id\":\"https:\/\/www.sonoraenequipo.com.mx\/#\/schema\/person\/50102df0fb23a8fa9e8effad8fa81386\"},\"headline\":\"Reinstala CIDUE sem\u00e1foro en bulevar Ignacio Soto\",\"datePublished\":\"2021-08-26T20:36:29+00:00\",\"dateModified\":\"2021-08-26T20:44:52+00:00\",\"mainEntityOfPage\":{\"@id\":\"https:\/\/www.sonoraenequipo.com.mx\/reinstala-cidue-semaforo-en-bulevar-ignacio-soto\/\"},\"wordCount\":274,\"commentCount\":0,\"publisher\":{\"@id\":\"https:\/\/www.sonoraenequipo.com.mx\/#organization\"},\"image\":{\"@id\":\"https:\/\/www.sonoraenequipo.com.mx\/reinstala-cidue-semaforo-en-bulevar-ignacio-soto\/#primaryimage\"},\"thumbnailUrl\":\"https:\/\/www.sonoraenequipo.com.mx\/storage\/2021\/08\/semaforo-caido.jpg\",\"keywords\":[\"CIDUE\",\"hermosillo\"],\"articleSection\":[\"Municipios\"],\"inLanguage\":\"es\",\"potentialAction\":[{\"@type\":\"CommentAction\",\"name\":\"Comment\",\"target\":[\"https:\/\/www.sonoraenequipo.com.mx\/reinstala-cidue-semaforo-en-bulevar-ignacio-soto\/#respond\"]}]},{\"@type\":\"WebPage\",\"@id\":\"https:\/\/www.sonoraenequipo.com.mx\/reinstala-cidue-semaforo-en-bulevar-ignacio-soto\/\",\"url\":\"https:\/\/www.sonoraenequipo.com.mx\/reinstala-cidue-semaforo-en-bulevar-ignacio-soto\/\",\"name\":\"Sonora en Equipo. Reinstala CIDUE sem\u00e1foro en bulevar Ignacio Soto Municipios\",\"isPartOf\":{\"@id\":\"https:\/\/www.sonoraenequipo.com.mx\/#website\"},\"primaryImageOfPage\":{\"@id\":\"https:\/\/www.sonoraenequipo.com.mx\/reinstala-cidue-semaforo-en-bulevar-ignacio-soto\/#primaryimage\"},\"image\":{\"@id\":\"https:\/\/www.sonoraenequipo.com.mx\/reinstala-cidue-semaforo-en-bulevar-ignacio-soto\/#primaryimage\"},\"thumbnailUrl\":\"https:\/\/www.sonoraenequipo.com.mx\/storage\/2021\/08\/semaforo-caido.jpg\",\"datePublished\":\"2021-08-26T20:36:29+00:00\",\"dateModified\":\"2021-08-26T20:44:52+00:00\",\"description\":\"El dispositivo vial hab\u00eda resultado da\u00f1ado despu\u00e9s de un accidente automovil\u00edstico &nbsp; HERMOSILLO, SONORA,MX.\u2500\u2500 \u00a0Personal de la Direcci\u00f3n de Vialidad y En Sonora en Equipo publicamos toda la informaci\u00f3n de Sonora, M\u00e9xico y el Mundo de manera oportuna y busca que la libertad de expresi\u00f3n sea real. Visita nuestro medio informativo publicado desde Hermosillo, Sonora. %\",\"breadcrumb\":{\"@id\":\"https:\/\/www.sonoraenequipo.com.mx\/reinstala-cidue-semaforo-en-bulevar-ignacio-soto\/#breadcrumb\"},\"inLanguage\":\"es\",\"potentialAction\":[{\"@type\":\"ReadAction\",\"target\":[\"https:\/\/www.sonoraenequipo.com.mx\/reinstala-cidue-semaforo-en-bulevar-ignacio-soto\/\"]}]},{\"@type\":\"ImageObject\",\"inLanguage\":\"es\",\"@id\":\"https:\/\/www.sonoraenequipo.com.mx\/reinstala-cidue-semaforo-en-bulevar-ignacio-soto\/#primaryimage\",\"url\":\"https:\/\/www.sonoraenequipo.com.mx\/storage\/2021\/08\/semaforo-caido.jpg\",\"contentUrl\":\"https:\/\/www.sonoraenequipo.com.mx\/storage\/2021\/08\/semaforo-caido.jpg\",\"width\":700,\"height\":400},{\"@type\":\"BreadcrumbList\",\"@id\":\"https:\/\/www.sonoraenequipo.com.mx\/reinstala-cidue-semaforo-en-bulevar-ignacio-soto\/#breadcrumb\",\"itemListElement\":[{\"@type\":\"ListItem\",\"position\":1,\"name\":\"Portada\",\"item\":\"https:\/\/www.sonoraenequipo.com.mx\/\"},{\"@type\":\"ListItem\",\"position\":2,\"name\":\"Reinstala CIDUE sem\u00e1foro en bulevar Ignacio Soto\"}]},{\"@type\":\"WebSite\",\"@id\":\"https:\/\/www.sonoraenequipo.com.mx\/#website\",\"url\":\"https:\/\/www.sonoraenequipo.com.mx\/\",\"name\":\"Sonora en Equipo.\",\"description\":\"Diario en l\u00ednea con Noticias desde Hermosillo, Sonora\",\"publisher\":{\"@id\":\"https:\/\/www.sonoraenequipo.com.mx\/#organization\"},\"potentialAction\":[{\"@type\":\"SearchAction\",\"target\":{\"@type\":\"EntryPoint\",\"urlTemplate\":\"https:\/\/www.sonoraenequipo.com.mx\/?s={search_term_string}\"},\"query-input\":{\"@type\":\"PropertyValueSpecification\",\"valueRequired\":true,\"valueName\":\"search_term_string\"}}],\"inLanguage\":\"es\"},{\"@type\":\"Organization\",\"@id\":\"https:\/\/www.sonoraenequipo.com.mx\/#organization\",\"name\":\"Sonoraenequipo.com.mx\",\"url\":\"https:\/\/www.sonoraenequipo.com.mx\/\",\"logo\":{\"@type\":\"ImageObject\",\"inLanguage\":\"es\",\"@id\":\"https:\/\/www.sonoraenequipo.com.mx\/#\/schema\/logo\/image\/\",\"url\":\"https:\/\/www.sonoraenequipo.com.mx\/storage\/2019\/01\/sonoraenequipo_opt.png\",\"contentUrl\":\"https:\/\/www.sonoraenequipo.com.mx\/storage\/2019\/01\/sonoraenequipo_opt.png\",\"width\":375,\"height\":125,\"caption\":\"Sonoraenequipo.com.mx\"},\"image\":{\"@id\":\"https:\/\/www.sonoraenequipo.com.mx\/#\/schema\/logo\/image\/\"},\"sameAs\":[\"https:\/\/www.facebook.com\/SonoraEE\/\",\"https:\/\/x.com\/sonoraenequipo\",\"https:\/\/www.youtube.com\/channel\/UC338nW-lPEYmJQs4ZABQ1SQ\"]},{\"@type\":\"Person\",\"@id\":\"https:\/\/www.sonoraenequipo.com.mx\/#\/schema\/person\/50102df0fb23a8fa9e8effad8fa81386\",\"name\":\"enequipo\",\"image\":{\"@type\":\"ImageObject\",\"inLanguage\":\"es\",\"@id\":\"https:\/\/www.sonoraenequipo.com.mx\/#\/schema\/person\/image\/\",\"url\":\"https:\/\/secure.gravatar.com\/avatar\/049821681b589dabc0bc20695993ccebb09f5b5d4d790cd9251b97faac7c652b?s=96&d=blank&r=g\",\"contentUrl\":\"https:\/\/secure.gravatar.com\/avatar\/049821681b589dabc0bc20695993ccebb09f5b5d4d790cd9251b97faac7c652b?s=96&d=blank&r=g\",\"caption\":\"enequipo\"},\"sameAs\":[\"https:\/\/www.facebook.com\/SonoraEE\"]}]}<\/script>\n ","yoast_head_json":{"title":"Sonora en Equipo. Reinstala CIDUE sem\u00e1foro en bulevar Ignacio Soto Municipios","description":"El dispositivo vial hab\u00eda resultado da\u00f1ado despu\u00e9s de un accidente automovil\u00edstico &nbsp; HERMOSILLO, SONORA,MX.\u2500\u2500 \u00a0Personal de la Direcci\u00f3n de Vialidad y En Sonora en Equipo publicamos toda la informaci\u00f3n de Sonora, M\u00e9xico y el Mundo de manera oportuna y busca que la libertad de expresi\u00f3n sea real. Visita nuestro medio informativo publicado desde Hermosillo, Sonora. %","robots":{"index":"index","follow":"follow","max-snippet":"max-snippet:-1","max-image-preview":"max-image-preview:large","max-video-preview":"max-video-preview:-1"},"canonical":"https:\/\/www.sonoraenequipo.com.mx\/reinstala-cidue-semaforo-en-bulevar-ignacio-soto\/","og_locale":"es_ES","og_type":"article","og_title":"Sonora en Equipo. Reinstala CIDUE sem\u00e1foro en bulevar Ignacio Soto Municipios","og_description":"El dispositivo vial hab\u00eda resultado da\u00f1ado despu\u00e9s de un accidente automovil\u00edstico &nbsp; HERMOSILLO, SONORA,MX.\u2500\u2500 \u00a0Personal de la Direcci\u00f3n de Vialidad y En Sonora en Equipo publicamos toda la informaci\u00f3n de Sonora, M\u00e9xico y el Mundo de manera oportuna y busca que la libertad de expresi\u00f3n sea real. Visita nuestro medio informativo publicado desde Hermosillo, Sonora. %","og_url":"https:\/\/www.sonoraenequipo.com.mx\/reinstala-cidue-semaforo-en-bulevar-ignacio-soto\/","og_site_name":"Sonora en Equipo.","article_publisher":"https:\/\/www.facebook.com\/SonoraEE\/","article_author":"https:\/\/www.facebook.com\/SonoraEE","article_published_time":"2021-08-26T20:36:29+00:00","article_modified_time":"2021-08-26T20:44:52+00:00","og_image":[{"width":700,"height":400,"url":"https:\/\/www.sonoraenequipo.com.mx\/storage\/2021\/08\/semaforo-caido.jpg","type":"image\/jpeg"}],"author":"enequipo","twitter_card":"summary_large_image","twitter_creator":"@sonoraenequipo","twitter_site":"@sonoraenequipo","twitter_misc":{"Escrito por":"enequipo","Tiempo de lectura":"2 minutos"},"schema":{"@context":"https:\/\/schema.org","@graph":[{"@type":"Article","@id":"https:\/\/www.sonoraenequipo.com.mx\/reinstala-cidue-semaforo-en-bulevar-ignacio-soto\/#article","isPartOf":{"@id":"https:\/\/www.sonoraenequipo.com.mx\/reinstala-cidue-semaforo-en-bulevar-ignacio-soto\/"},"author":{"name":"enequipo","@id":"https:\/\/www.sonoraenequipo.com.mx\/#\/schema\/person\/50102df0fb23a8fa9e8effad8fa81386"},"headline":"Reinstala CIDUE sem\u00e1foro en bulevar Ignacio Soto","datePublished":"2021-08-26T20:36:29+00:00","dateModified":"2021-08-26T20:44:52+00:00","mainEntityOfPage":{"@id":"https:\/\/www.sonoraenequipo.com.mx\/reinstala-cidue-semaforo-en-bulevar-ignacio-soto\/"},"wordCount":274,"commentCount":0,"publisher":{"@id":"https:\/\/www.sonoraenequipo.com.mx\/#organization"},"image":{"@id":"https:\/\/www.sonoraenequipo.com.mx\/reinstala-cidue-semaforo-en-bulevar-ignacio-soto\/#primaryimage"},"thumbnailUrl":"https:\/\/www.sonoraenequipo.com.mx\/storage\/2021\/08\/semaforo-caido.jpg","keywords":["CIDUE","hermosillo"],"articleSection":["Municipios"],"inLanguage":"es","potentialAction":[{"@type":"CommentAction","name":"Comment","target":["https:\/\/www.sonoraenequipo.com.mx\/reinstala-cidue-semaforo-en-bulevar-ignacio-soto\/#respond"]}]},{"@type":"WebPage","@id":"https:\/\/www.sonoraenequipo.com.mx\/reinstala-cidue-semaforo-en-bulevar-ignacio-soto\/","url":"https:\/\/www.sonoraenequipo.com.mx\/reinstala-cidue-semaforo-en-bulevar-ignacio-soto\/","name":"Sonora en Equipo. Reinstala CIDUE sem\u00e1foro en bulevar Ignacio Soto Municipios","isPartOf":{"@id":"https:\/\/www.sonoraenequipo.com.mx\/#website"},"primaryImageOfPage":{"@id":"https:\/\/www.sonoraenequipo.com.mx\/reinstala-cidue-semaforo-en-bulevar-ignacio-soto\/#primaryimage"},"image":{"@id":"https:\/\/www.sonoraenequipo.com.mx\/reinstala-cidue-semaforo-en-bulevar-ignacio-soto\/#primaryimage"},"thumbnailUrl":"https:\/\/www.sonoraenequipo.com.mx\/storage\/2021\/08\/semaforo-caido.jpg","datePublished":"2021-08-26T20:36:29+00:00","dateModified":"2021-08-26T20:44:52+00:00","description":"El dispositivo vial hab\u00eda resultado da\u00f1ado despu\u00e9s de un accidente automovil\u00edstico &nbsp; HERMOSILLO, SONORA,MX.\u2500\u2500 \u00a0Personal de la Direcci\u00f3n de Vialidad y En Sonora en Equipo publicamos toda la informaci\u00f3n de Sonora, M\u00e9xico y el Mundo de manera oportuna y busca que la libertad de expresi\u00f3n sea real. Visita nuestro medio informativo publicado desde Hermosillo, Sonora. %","breadcrumb":{"@id":"https:\/\/www.sonoraenequipo.com.mx\/reinstala-cidue-semaforo-en-bulevar-ignacio-soto\/#breadcrumb"},"inLanguage":"es","potentialAction":[{"@type":"ReadAction","target":["https:\/\/www.sonoraenequipo.com.mx\/reinstala-cidue-semaforo-en-bulevar-ignacio-soto\/"]}]},{"@type":"ImageObject","inLanguage":"es","@id":"https:\/\/www.sonoraenequipo.com.mx\/reinstala-cidue-semaforo-en-bulevar-ignacio-soto\/#primaryimage","url":"https:\/\/www.sonoraenequipo.com.mx\/storage\/2021\/08\/semaforo-caido.jpg","contentUrl":"https:\/\/www.sonoraenequipo.com.mx\/storage\/2021\/08\/semaforo-caido.jpg","width":700,"height":400},{"@type":"BreadcrumbList","@id":"https:\/\/www.sonoraenequipo.com.mx\/reinstala-cidue-semaforo-en-bulevar-ignacio-soto\/#breadcrumb","itemListElement":[{"@type":"ListItem","position":1,"name":"Portada","item":"https:\/\/www.sonoraenequipo.com.mx\/"},{"@type":"ListItem","position":2,"name":"Reinstala CIDUE sem\u00e1foro en bulevar Ignacio Soto"}]},{"@type":"WebSite","@id":"https:\/\/www.sonoraenequipo.com.mx\/#website","url":"https:\/\/www.sonoraenequipo.com.mx\/","name":"Sonora en Equipo.","description":"Diario en l\u00ednea con Noticias desde Hermosillo, Sonora","publisher":{"@id":"https:\/\/www.sonoraenequipo.com.mx\/#organization"},"potentialAction":[{"@type":"SearchAction","target":{"@type":"EntryPoint","urlTemplate":"https:\/\/www.sonoraenequipo.com.mx\/?s={search_term_string}"},"query-input":{"@type":"PropertyValueSpecification","valueRequired":true,"valueName":"search_term_string"}}],"inLanguage":"es"},{"@type":"Organization","@id":"https:\/\/www.sonoraenequipo.com.mx\/#organization","name":"Sonoraenequipo.com.mx","url":"https:\/\/www.sonoraenequipo.com.mx\/","logo":{"@type":"ImageObject","inLanguage":"es","@id":"https:\/\/www.sonoraenequipo.com.mx\/#\/schema\/logo\/image\/","url":"https:\/\/www.sonoraenequipo.com.mx\/storage\/2019\/01\/sonoraenequipo_opt.png","contentUrl":"https:\/\/www.sonoraenequipo.com.mx\/storage\/2019\/01\/sonoraenequipo_opt.png","width":375,"height":125,"caption":"Sonoraenequipo.com.mx"},"image":{"@id":"https:\/\/www.sonoraenequipo.com.mx\/#\/schema\/logo\/image\/"},"sameAs":["https:\/\/www.facebook.com\/SonoraEE\/","https:\/\/x.com\/sonoraenequipo","https:\/\/www.youtube.com\/channel\/UC338nW-lPEYmJQs4ZABQ1SQ"]},{"@type":"Person","@id":"https:\/\/www.sonoraenequipo.com.mx\/#\/schema\/person\/50102df0fb23a8fa9e8effad8fa81386","name":"enequipo","image":{"@type":"ImageObject","inLanguage":"es","@id":"https:\/\/www.sonoraenequipo.com.mx\/#\/schema\/person\/image\/","url":"https:\/\/secure.gravatar.com\/avatar\/049821681b589dabc0bc20695993ccebb09f5b5d4d790cd9251b97faac7c652b?s=96&d=blank&r=g","contentUrl":"https:\/\/secure.gravatar.com\/avatar\/049821681b589dabc0bc20695993ccebb09f5b5d4d790cd9251b97faac7c652b?s=96&d=blank&r=g","caption":"enequipo"},"sameAs":["https:\/\/www.facebook.com\/SonoraEE"]}]}},"jetpack_featured_media_url":"https:\/\/www.sonoraenequipo.com.mx\/storage\/2021\/08\/semaforo-caido.jpg","_links":{"self":[{"href":"https:\/\/www.sonoraenequipo.com.mx\/api\/wp\/v2\/posts\/121437","targetHints":{"allow":["GET"]}}],"collection":[{"href":"https:\/\/www.sonoraenequipo.com.mx\/api\/wp\/v2\/posts"}],"about":[{"href":"https:\/\/www.sonoraenequipo.com.mx\/api\/wp\/v2\/types\/post"}],"author":[{"embeddable":true,"href":"https:\/\/www.sonoraenequipo.com.mx\/api\/wp\/v2\/users\/1"}],"replies":[{"embeddable":true,"href":"https:\/\/www.sonoraenequipo.com.mx\/api\/wp\/v2\/comments?post=121437"}],"version-history":[{"count":1,"href":"https:\/\/www.sonoraenequipo.com.mx\/api\/wp\/v2\/posts\/121437\/revisions"}],"predecessor-version":[{"id":121439,"href":"https:\/\/www.sonoraenequipo.com.mx\/api\/wp\/v2\/posts\/121437\/revisions\/121439"}],"wp:featuredmedia":[{"embeddable":true,"href":"https:\/\/www.sonoraenequipo.com.mx\/api\/wp\/v2\/media\/121438"}],"wp:attachment":[{"href":"https:\/\/www.sonoraenequipo.com.mx\/api\/wp\/v2\/media?parent=121437"}],"wp:term":[{"taxonomy":"category","embeddable":true,"href":"https:\/\/www.sonoraenequipo.com.mx\/api\/wp\/v2\/categories?post=121437"},{"taxonomy":"post_tag","embeddable":true,"href":"https:\/\/www.sonoraenequipo.com.mx\/api\/wp\/v2\/tags?post=121437"}],"curies":[{"name":"wp","href":"https:\/\/api.w.org\/{rel}","templated":true}]}}