{"id":121449,"date":"2021-08-26T11:15:28","date_gmt":"2021-08-26T18:15:28","guid":{"rendered":"https:\/\/www.sonoraenequipo.com.mx\/?p=121449"},"modified":"2021-08-26T16:02:42","modified_gmt":"2021-08-26T23:02:42","slug":"espana-afirma-que-mujeres-y-personas-lgtbi-son-la-prioridad-en-afganistan","status":"publish","type":"post","link":"https:\/\/www.sonoraenequipo.com.mx\/espana-afirma-que-mujeres-y-personas-lgtbi-son-la-prioridad-en-afganistan\/","title":{"rendered":"Espa\u00f1a afirma que mujeres y personas LGTBI son la prioridad en Afganist\u00e1n"},"content":{"rendered":"<p>AFGANISTAN. \u2014 La ministra de Igualdad, Irene Montero, se\u00f1al\u00f3 este jueves (26.08.2021) que la prioridad internacional, as\u00ed como la del gobierno espa\u00f1ol, \u00abdeben ser las mujeres y personas LGTBI en Afganist\u00e1n ahora y en los pr\u00f3ximos meses\u00bb.<\/p>\n<p>&nbsp;<\/p>\n<p> <\/p>\n<p>&nbsp;<\/p>\n<p>Montero hizo las declaraciones tras asistir a un encuentro virtual de ministros de igualdad en el marco de la conferencia del G20 para abordar la situaci\u00f3n de las mujeres en Afganist\u00e1n.<\/p>\n<p>&nbsp;<\/p>\n<p><em>\u00abUna agenda feminista internacional, el marco internacional de los derechos humanos y las alianzas entre pa\u00edses para lograr estos objetivos son herramientas fundamentales\u00bb,<\/em> agreg\u00f3 la ministra.<\/p>\n<p>&nbsp;<\/p>\n<p>Adem\u00e1s, Montero subray\u00f3 que para el gobierno de Espa\u00f1a los derechos de las mujeres ya son una prioridad y por ello<em> \u00abse est\u00e1n haciendo todos los esfuerzos posibles para asegurar la salida del pa\u00eds de todas las personas que lo puedan necesitar\u00bb.<\/em><\/p>\n<p>&nbsp;<\/p>\n<p>Adem\u00e1s, Montero subray\u00f3 que para el gobierno de Espa\u00f1a los derechos de las mujeres ya son una prioridad y por ello <em>\u00abse est\u00e1n haciendo todos los esfuerzos posibles para asegurar la salida del pa\u00eds de todas las personas que lo puedan necesitar\u00bb.<\/em><\/p>\n<p>&nbsp;<\/p>\n<p>En este sentido, pidi\u00f3 tambi\u00e9n \u00ab<em>una profunda reflexi\u00f3n sobre c\u00f3mo reforzar la acci\u00f3n de las distintas instituciones internacionales para garantizar los derechos de las mujeres y ni\u00f1as y de las personas LGTBI\u00bb.<\/em><\/p>\n<p>&nbsp;<\/p>\n<p>(Publicada el 26\/08\/2021)<\/p>\n","protected":false},"excerpt":{"rendered":"<p>AFGANISTAN. \u2014 La ministra de Igualdad, Irene Montero, se\u00f1al\u00f3 este jueves (26.08.2021) que la prioridad&#8230;<\/p>\n","protected":false},"author":1,"featured_media":121458,"comment_status":"open","ping_status":"open","sticky":false,"template":"","format":"standard","meta":{"_monsterinsights_skip_tracking":false,"_monsterinsights_sitenote_active":false,"_monsterinsights_sitenote_note":"","_monsterinsights_sitenote_category":0,"footnotes":""},"categories":[3],"tags":[],"class_list":["post"],"yoast_head":" \n<title>Sonora en Equipo. Espa\u00f1a afirma que mujeres y personas LGTBI son la prioridad en Afganist\u00e1n MUNDO<\/title>\n<meta name=\"description\" content=\"AFGANISTAN. \u2014 La ministra de Igualdad, Irene Montero, se\u00f1al\u00f3 este jueves (26.08.2021) que la prioridad internacional, as\u00ed como la del gobierno espa\u00f1ol, En Sonora en Equipo publicamos toda la informaci\u00f3n de Sonora, M\u00e9xico y el Mundo de manera oportuna y busca que la libertad de expresi\u00f3n sea real. Visita nuestro medio informativo publicado desde Hermosillo, Sonora. %\" \/>\n<meta name=\"robots\" content=\"index, follow, max-snippet:-1, max-image-preview:large, max-video-preview:-1\" \/>\n<link rel=\"canonical\" href=\"https:\/\/www.sonoraenequipo.com.mx\/espana-afirma-que-mujeres-y-personas-lgtbi-son-la-prioridad-en-afganistan\/\" \/>\n<meta property=\"og:locale\" content=\"es_ES\" \/>\n<meta property=\"og:type\" content=\"article\" \/>\n<meta property=\"og:title\" content=\"Sonora en Equipo. Espa\u00f1a afirma que mujeres y personas LGTBI son la prioridad en Afganist\u00e1n MUNDO\" \/>\n<meta property=\"og:description\" content=\"AFGANISTAN. \u2014 La ministra de Igualdad, Irene Montero, se\u00f1al\u00f3 este jueves (26.08.2021) que la prioridad internacional, as\u00ed como la del gobierno espa\u00f1ol, En Sonora en Equipo publicamos toda la informaci\u00f3n de Sonora, M\u00e9xico y el Mundo de manera oportuna y busca que la libertad de expresi\u00f3n sea real. Visita nuestro medio informativo publicado desde Hermosillo, Sonora. %\" \/>\n<meta property=\"og:url\" content=\"https:\/\/www.sonoraenequipo.com.mx\/espana-afirma-que-mujeres-y-personas-lgtbi-son-la-prioridad-en-afganistan\/\" \/>\n<meta property=\"og:site_name\" content=\"Sonora en Equipo.\" \/>\n<meta property=\"article:publisher\" content=\"https:\/\/www.facebook.com\/SonoraEE\/\" \/>\n<meta property=\"article:author\" content=\"https:\/\/www.facebook.com\/SonoraEE\" \/>\n<meta property=\"article:published_time\" content=\"2021-08-26T18:15:28+00:00\" \/>\n<meta property=\"article:modified_time\" content=\"2021-08-26T23:02:42+00:00\" \/>\n<meta property=\"og:image\" content=\"https:\/\/www.sonoraenequipo.com.mx\/storage\/2021\/08\/Afganistan2_opt.jpg\" \/>\n\t<meta property=\"og:image:width\" content=\"700\" \/>\n\t<meta property=\"og:image:height\" content=\"400\" \/>\n\t<meta property=\"og:image:type\" content=\"image\/jpeg\" \/>\n<meta name=\"author\" content=\"enequipo\" \/>\n<meta name=\"twitter:card\" content=\"summary_large_image\" \/>\n<meta name=\"twitter:creator\" content=\"@sonoraenequipo\" \/>\n<meta name=\"twitter:site\" content=\"@sonoraenequipo\" \/>\n<meta name=\"twitter:label1\" content=\"Escrito por\" \/>\n\t<meta name=\"twitter:data1\" content=\"enequipo\" \/>\n\t<meta name=\"twitter:label2\" content=\"Tiempo de lectura\" \/>\n\t<meta name=\"twitter:data2\" content=\"1 minuto\" \/>\n<script type=\"application\/ld+json\" class=\"yoast-schema-graph\">{\"@context\":\"https:\/\/schema.org\",\"@graph\":[{\"@type\":\"Article\",\"@id\":\"https:\/\/www.sonoraenequipo.com.mx\/espana-afirma-que-mujeres-y-personas-lgtbi-son-la-prioridad-en-afganistan\/#article\",\"isPartOf\":{\"@id\":\"https:\/\/www.sonoraenequipo.com.mx\/espana-afirma-que-mujeres-y-personas-lgtbi-son-la-prioridad-en-afganistan\/\"},\"author\":{\"name\":\"enequipo\",\"@id\":\"https:\/\/www.sonoraenequipo.com.mx\/#\/schema\/person\/50102df0fb23a8fa9e8effad8fa81386\"},\"headline\":\"Espa\u00f1a afirma que mujeres y personas LGTBI son la prioridad en Afganist\u00e1n\",\"datePublished\":\"2021-08-26T18:15:28+00:00\",\"dateModified\":\"2021-08-26T23:02:42+00:00\",\"mainEntityOfPage\":{\"@id\":\"https:\/\/www.sonoraenequipo.com.mx\/espana-afirma-que-mujeres-y-personas-lgtbi-son-la-prioridad-en-afganistan\/\"},\"wordCount\":251,\"commentCount\":0,\"publisher\":{\"@id\":\"https:\/\/www.sonoraenequipo.com.mx\/#organization\"},\"image\":{\"@id\":\"https:\/\/www.sonoraenequipo.com.mx\/espana-afirma-que-mujeres-y-personas-lgtbi-son-la-prioridad-en-afganistan\/#primaryimage\"},\"thumbnailUrl\":\"https:\/\/www.sonoraenequipo.com.mx\/storage\/2021\/08\/Afganistan2_opt.jpg\",\"articleSection\":[\"MUNDO\"],\"inLanguage\":\"es\",\"potentialAction\":[{\"@type\":\"CommentAction\",\"name\":\"Comment\",\"target\":[\"https:\/\/www.sonoraenequipo.com.mx\/espana-afirma-que-mujeres-y-personas-lgtbi-son-la-prioridad-en-afganistan\/#respond\"]}]},{\"@type\":\"WebPage\",\"@id\":\"https:\/\/www.sonoraenequipo.com.mx\/espana-afirma-que-mujeres-y-personas-lgtbi-son-la-prioridad-en-afganistan\/\",\"url\":\"https:\/\/www.sonoraenequipo.com.mx\/espana-afirma-que-mujeres-y-personas-lgtbi-son-la-prioridad-en-afganistan\/\",\"name\":\"Sonora en Equipo. Espa\u00f1a afirma que mujeres y personas LGTBI son la prioridad en Afganist\u00e1n MUNDO\",\"isPartOf\":{\"@id\":\"https:\/\/www.sonoraenequipo.com.mx\/#website\"},\"primaryImageOfPage\":{\"@id\":\"https:\/\/www.sonoraenequipo.com.mx\/espana-afirma-que-mujeres-y-personas-lgtbi-son-la-prioridad-en-afganistan\/#primaryimage\"},\"image\":{\"@id\":\"https:\/\/www.sonoraenequipo.com.mx\/espana-afirma-que-mujeres-y-personas-lgtbi-son-la-prioridad-en-afganistan\/#primaryimage\"},\"thumbnailUrl\":\"https:\/\/www.sonoraenequipo.com.mx\/storage\/2021\/08\/Afganistan2_opt.jpg\",\"datePublished\":\"2021-08-26T18:15:28+00:00\",\"dateModified\":\"2021-08-26T23:02:42+00:00\",\"description\":\"AFGANISTAN. \u2014 La ministra de Igualdad, Irene Montero, se\u00f1al\u00f3 este jueves (26.08.2021) que la prioridad internacional, as\u00ed como la del gobierno espa\u00f1ol, En Sonora en Equipo publicamos toda la informaci\u00f3n de Sonora, M\u00e9xico y el Mundo de manera oportuna y busca que la libertad de expresi\u00f3n sea real. Visita nuestro medio informativo publicado desde Hermosillo, Sonora. %\",\"breadcrumb\":{\"@id\":\"https:\/\/www.sonoraenequipo.com.mx\/espana-afirma-que-mujeres-y-personas-lgtbi-son-la-prioridad-en-afganistan\/#breadcrumb\"},\"inLanguage\":\"es\",\"potentialAction\":[{\"@type\":\"ReadAction\",\"target\":[\"https:\/\/www.sonoraenequipo.com.mx\/espana-afirma-que-mujeres-y-personas-lgtbi-son-la-prioridad-en-afganistan\/\"]}]},{\"@type\":\"ImageObject\",\"inLanguage\":\"es\",\"@id\":\"https:\/\/www.sonoraenequipo.com.mx\/espana-afirma-que-mujeres-y-personas-lgtbi-son-la-prioridad-en-afganistan\/#primaryimage\",\"url\":\"https:\/\/www.sonoraenequipo.com.mx\/storage\/2021\/08\/Afganistan2_opt.jpg\",\"contentUrl\":\"https:\/\/www.sonoraenequipo.com.mx\/storage\/2021\/08\/Afganistan2_opt.jpg\",\"width\":700,\"height\":400},{\"@type\":\"BreadcrumbList\",\"@id\":\"https:\/\/www.sonoraenequipo.com.mx\/espana-afirma-que-mujeres-y-personas-lgtbi-son-la-prioridad-en-afganistan\/#breadcrumb\",\"itemListElement\":[{\"@type\":\"ListItem\",\"position\":1,\"name\":\"Portada\",\"item\":\"https:\/\/www.sonoraenequipo.com.mx\/\"},{\"@type\":\"ListItem\",\"position\":2,\"name\":\"Espa\u00f1a afirma que mujeres y personas LGTBI son la prioridad en Afganist\u00e1n\"}]},{\"@type\":\"WebSite\",\"@id\":\"https:\/\/www.sonoraenequipo.com.mx\/#website\",\"url\":\"https:\/\/www.sonoraenequipo.com.mx\/\",\"name\":\"Sonora en Equipo.\",\"description\":\"Diario en l\u00ednea con Noticias desde Hermosillo, Sonora\",\"publisher\":{\"@id\":\"https:\/\/www.sonoraenequipo.com.mx\/#organization\"},\"potentialAction\":[{\"@type\":\"SearchAction\",\"target\":{\"@type\":\"EntryPoint\",\"urlTemplate\":\"https:\/\/www.sonoraenequipo.com.mx\/?s={search_term_string}\"},\"query-input\":{\"@type\":\"PropertyValueSpecification\",\"valueRequired\":true,\"valueName\":\"search_term_string\"}}],\"inLanguage\":\"es\"},{\"@type\":\"Organization\",\"@id\":\"https:\/\/www.sonoraenequipo.com.mx\/#organization\",\"name\":\"Sonoraenequipo.com.mx\",\"url\":\"https:\/\/www.sonoraenequipo.com.mx\/\",\"logo\":{\"@type\":\"ImageObject\",\"inLanguage\":\"es\",\"@id\":\"https:\/\/www.sonoraenequipo.com.mx\/#\/schema\/logo\/image\/\",\"url\":\"https:\/\/www.sonoraenequipo.com.mx\/storage\/2019\/01\/sonoraenequipo_opt.png\",\"contentUrl\":\"https:\/\/www.sonoraenequipo.com.mx\/storage\/2019\/01\/sonoraenequipo_opt.png\",\"width\":375,\"height\":125,\"caption\":\"Sonoraenequipo.com.mx\"},\"image\":{\"@id\":\"https:\/\/www.sonoraenequipo.com.mx\/#\/schema\/logo\/image\/\"},\"sameAs\":[\"https:\/\/www.facebook.com\/SonoraEE\/\",\"https:\/\/x.com\/sonoraenequipo\",\"https:\/\/www.youtube.com\/channel\/UC338nW-lPEYmJQs4ZABQ1SQ\"]},{\"@type\":\"Person\",\"@id\":\"https:\/\/www.sonoraenequipo.com.mx\/#\/schema\/person\/50102df0fb23a8fa9e8effad8fa81386\",\"name\":\"enequipo\",\"image\":{\"@type\":\"ImageObject\",\"inLanguage\":\"es\",\"@id\":\"https:\/\/www.sonoraenequipo.com.mx\/#\/schema\/person\/image\/\",\"url\":\"https:\/\/secure.gravatar.com\/avatar\/049821681b589dabc0bc20695993ccebb09f5b5d4d790cd9251b97faac7c652b?s=96&d=blank&r=g\",\"contentUrl\":\"https:\/\/secure.gravatar.com\/avatar\/049821681b589dabc0bc20695993ccebb09f5b5d4d790cd9251b97faac7c652b?s=96&d=blank&r=g\",\"caption\":\"enequipo\"},\"sameAs\":[\"https:\/\/www.facebook.com\/SonoraEE\"]}]}<\/script>\n ","yoast_head_json":{"title":"Sonora en Equipo. Espa\u00f1a afirma que mujeres y personas LGTBI son la prioridad en Afganist\u00e1n MUNDO","description":"AFGANISTAN. \u2014 La ministra de Igualdad, Irene Montero, se\u00f1al\u00f3 este jueves (26.08.2021) que la prioridad internacional, as\u00ed como la del gobierno espa\u00f1ol, En Sonora en Equipo publicamos toda la informaci\u00f3n de Sonora, M\u00e9xico y el Mundo de manera oportuna y busca que la libertad de expresi\u00f3n sea real. Visita nuestro medio informativo publicado desde Hermosillo, Sonora. %","robots":{"index":"index","follow":"follow","max-snippet":"max-snippet:-1","max-image-preview":"max-image-preview:large","max-video-preview":"max-video-preview:-1"},"canonical":"https:\/\/www.sonoraenequipo.com.mx\/espana-afirma-que-mujeres-y-personas-lgtbi-son-la-prioridad-en-afganistan\/","og_locale":"es_ES","og_type":"article","og_title":"Sonora en Equipo. Espa\u00f1a afirma que mujeres y personas LGTBI son la prioridad en Afganist\u00e1n MUNDO","og_description":"AFGANISTAN. \u2014 La ministra de Igualdad, Irene Montero, se\u00f1al\u00f3 este jueves (26.08.2021) que la prioridad internacional, as\u00ed como la del gobierno espa\u00f1ol, En Sonora en Equipo publicamos toda la informaci\u00f3n de Sonora, M\u00e9xico y el Mundo de manera oportuna y busca que la libertad de expresi\u00f3n sea real. Visita nuestro medio informativo publicado desde Hermosillo, Sonora. %","og_url":"https:\/\/www.sonoraenequipo.com.mx\/espana-afirma-que-mujeres-y-personas-lgtbi-son-la-prioridad-en-afganistan\/","og_site_name":"Sonora en Equipo.","article_publisher":"https:\/\/www.facebook.com\/SonoraEE\/","article_author":"https:\/\/www.facebook.com\/SonoraEE","article_published_time":"2021-08-26T18:15:28+00:00","article_modified_time":"2021-08-26T23:02:42+00:00","og_image":[{"width":700,"height":400,"url":"https:\/\/www.sonoraenequipo.com.mx\/storage\/2021\/08\/Afganistan2_opt.jpg","type":"image\/jpeg"}],"author":"enequipo","twitter_card":"summary_large_image","twitter_creator":"@sonoraenequipo","twitter_site":"@sonoraenequipo","twitter_misc":{"Escrito por":"enequipo","Tiempo de lectura":"1 minuto"},"schema":{"@context":"https:\/\/schema.org","@graph":[{"@type":"Article","@id":"https:\/\/www.sonoraenequipo.com.mx\/espana-afirma-que-mujeres-y-personas-lgtbi-son-la-prioridad-en-afganistan\/#article","isPartOf":{"@id":"https:\/\/www.sonoraenequipo.com.mx\/espana-afirma-que-mujeres-y-personas-lgtbi-son-la-prioridad-en-afganistan\/"},"author":{"name":"enequipo","@id":"https:\/\/www.sonoraenequipo.com.mx\/#\/schema\/person\/50102df0fb23a8fa9e8effad8fa81386"},"headline":"Espa\u00f1a afirma que mujeres y personas LGTBI son la prioridad en Afganist\u00e1n","datePublished":"2021-08-26T18:15:28+00:00","dateModified":"2021-08-26T23:02:42+00:00","mainEntityOfPage":{"@id":"https:\/\/www.sonoraenequipo.com.mx\/espana-afirma-que-mujeres-y-personas-lgtbi-son-la-prioridad-en-afganistan\/"},"wordCount":251,"commentCount":0,"publisher":{"@id":"https:\/\/www.sonoraenequipo.com.mx\/#organization"},"image":{"@id":"https:\/\/www.sonoraenequipo.com.mx\/espana-afirma-que-mujeres-y-personas-lgtbi-son-la-prioridad-en-afganistan\/#primaryimage"},"thumbnailUrl":"https:\/\/www.sonoraenequipo.com.mx\/storage\/2021\/08\/Afganistan2_opt.jpg","articleSection":["MUNDO"],"inLanguage":"es","potentialAction":[{"@type":"CommentAction","name":"Comment","target":["https:\/\/www.sonoraenequipo.com.mx\/espana-afirma-que-mujeres-y-personas-lgtbi-son-la-prioridad-en-afganistan\/#respond"]}]},{"@type":"WebPage","@id":"https:\/\/www.sonoraenequipo.com.mx\/espana-afirma-que-mujeres-y-personas-lgtbi-son-la-prioridad-en-afganistan\/","url":"https:\/\/www.sonoraenequipo.com.mx\/espana-afirma-que-mujeres-y-personas-lgtbi-son-la-prioridad-en-afganistan\/","name":"Sonora en Equipo. Espa\u00f1a afirma que mujeres y personas LGTBI son la prioridad en Afganist\u00e1n MUNDO","isPartOf":{"@id":"https:\/\/www.sonoraenequipo.com.mx\/#website"},"primaryImageOfPage":{"@id":"https:\/\/www.sonoraenequipo.com.mx\/espana-afirma-que-mujeres-y-personas-lgtbi-son-la-prioridad-en-afganistan\/#primaryimage"},"image":{"@id":"https:\/\/www.sonoraenequipo.com.mx\/espana-afirma-que-mujeres-y-personas-lgtbi-son-la-prioridad-en-afganistan\/#primaryimage"},"thumbnailUrl":"https:\/\/www.sonoraenequipo.com.mx\/storage\/2021\/08\/Afganistan2_opt.jpg","datePublished":"2021-08-26T18:15:28+00:00","dateModified":"2021-08-26T23:02:42+00:00","description":"AFGANISTAN. \u2014 La ministra de Igualdad, Irene Montero, se\u00f1al\u00f3 este jueves (26.08.2021) que la prioridad internacional, as\u00ed como la del gobierno espa\u00f1ol, En Sonora en Equipo publicamos toda la informaci\u00f3n de Sonora, M\u00e9xico y el Mundo de manera oportuna y busca que la libertad de expresi\u00f3n sea real. Visita nuestro medio informativo publicado desde Hermosillo, Sonora. %","breadcrumb":{"@id":"https:\/\/www.sonoraenequipo.com.mx\/espana-afirma-que-mujeres-y-personas-lgtbi-son-la-prioridad-en-afganistan\/#breadcrumb"},"inLanguage":"es","potentialAction":[{"@type":"ReadAction","target":["https:\/\/www.sonoraenequipo.com.mx\/espana-afirma-que-mujeres-y-personas-lgtbi-son-la-prioridad-en-afganistan\/"]}]},{"@type":"ImageObject","inLanguage":"es","@id":"https:\/\/www.sonoraenequipo.com.mx\/espana-afirma-que-mujeres-y-personas-lgtbi-son-la-prioridad-en-afganistan\/#primaryimage","url":"https:\/\/www.sonoraenequipo.com.mx\/storage\/2021\/08\/Afganistan2_opt.jpg","contentUrl":"https:\/\/www.sonoraenequipo.com.mx\/storage\/2021\/08\/Afganistan2_opt.jpg","width":700,"height":400},{"@type":"BreadcrumbList","@id":"https:\/\/www.sonoraenequipo.com.mx\/espana-afirma-que-mujeres-y-personas-lgtbi-son-la-prioridad-en-afganistan\/#breadcrumb","itemListElement":[{"@type":"ListItem","position":1,"name":"Portada","item":"https:\/\/www.sonoraenequipo.com.mx\/"},{"@type":"ListItem","position":2,"name":"Espa\u00f1a afirma que mujeres y personas LGTBI son la prioridad en Afganist\u00e1n"}]},{"@type":"WebSite","@id":"https:\/\/www.sonoraenequipo.com.mx\/#website","url":"https:\/\/www.sonoraenequipo.com.mx\/","name":"Sonora en Equipo.","description":"Diario en l\u00ednea con Noticias desde Hermosillo, Sonora","publisher":{"@id":"https:\/\/www.sonoraenequipo.com.mx\/#organization"},"potentialAction":[{"@type":"SearchAction","target":{"@type":"EntryPoint","urlTemplate":"https:\/\/www.sonoraenequipo.com.mx\/?s={search_term_string}"},"query-input":{"@type":"PropertyValueSpecification","valueRequired":true,"valueName":"search_term_string"}}],"inLanguage":"es"},{"@type":"Organization","@id":"https:\/\/www.sonoraenequipo.com.mx\/#organization","name":"Sonoraenequipo.com.mx","url":"https:\/\/www.sonoraenequipo.com.mx\/","logo":{"@type":"ImageObject","inLanguage":"es","@id":"https:\/\/www.sonoraenequipo.com.mx\/#\/schema\/logo\/image\/","url":"https:\/\/www.sonoraenequipo.com.mx\/storage\/2019\/01\/sonoraenequipo_opt.png","contentUrl":"https:\/\/www.sonoraenequipo.com.mx\/storage\/2019\/01\/sonoraenequipo_opt.png","width":375,"height":125,"caption":"Sonoraenequipo.com.mx"},"image":{"@id":"https:\/\/www.sonoraenequipo.com.mx\/#\/schema\/logo\/image\/"},"sameAs":["https:\/\/www.facebook.com\/SonoraEE\/","https:\/\/x.com\/sonoraenequipo","https:\/\/www.youtube.com\/channel\/UC338nW-lPEYmJQs4ZABQ1SQ"]},{"@type":"Person","@id":"https:\/\/www.sonoraenequipo.com.mx\/#\/schema\/person\/50102df0fb23a8fa9e8effad8fa81386","name":"enequipo","image":{"@type":"ImageObject","inLanguage":"es","@id":"https:\/\/www.sonoraenequipo.com.mx\/#\/schema\/person\/image\/","url":"https:\/\/secure.gravatar.com\/avatar\/049821681b589dabc0bc20695993ccebb09f5b5d4d790cd9251b97faac7c652b?s=96&d=blank&r=g","contentUrl":"https:\/\/secure.gravatar.com\/avatar\/049821681b589dabc0bc20695993ccebb09f5b5d4d790cd9251b97faac7c652b?s=96&d=blank&r=g","caption":"enequipo"},"sameAs":["https:\/\/www.facebook.com\/SonoraEE"]}]}},"jetpack_featured_media_url":"https:\/\/www.sonoraenequipo.com.mx\/storage\/2021\/08\/Afganistan2_opt.jpg","_links":{"self":[{"href":"https:\/\/www.sonoraenequipo.com.mx\/api\/wp\/v2\/posts\/121449","targetHints":{"allow":["GET"]}}],"collection":[{"href":"https:\/\/www.sonoraenequipo.com.mx\/api\/wp\/v2\/posts"}],"about":[{"href":"https:\/\/www.sonoraenequipo.com.mx\/api\/wp\/v2\/types\/post"}],"author":[{"embeddable":true,"href":"https:\/\/www.sonoraenequipo.com.mx\/api\/wp\/v2\/users\/1"}],"replies":[{"embeddable":true,"href":"https:\/\/www.sonoraenequipo.com.mx\/api\/wp\/v2\/comments?post=121449"}],"version-history":[{"count":1,"href":"https:\/\/www.sonoraenequipo.com.mx\/api\/wp\/v2\/posts\/121449\/revisions"}],"predecessor-version":[{"id":121459,"href":"https:\/\/www.sonoraenequipo.com.mx\/api\/wp\/v2\/posts\/121449\/revisions\/121459"}],"wp:featuredmedia":[{"embeddable":true,"href":"https:\/\/www.sonoraenequipo.com.mx\/api\/wp\/v2\/media\/121458"}],"wp:attachment":[{"href":"https:\/\/www.sonoraenequipo.com.mx\/api\/wp\/v2\/media?parent=121449"}],"wp:term":[{"taxonomy":"category","embeddable":true,"href":"https:\/\/www.sonoraenequipo.com.mx\/api\/wp\/v2\/categories?post=121449"},{"taxonomy":"post_tag","embeddable":true,"href":"https:\/\/www.sonoraenequipo.com.mx\/api\/wp\/v2\/tags?post=121449"}],"curies":[{"name":"wp","href":"https:\/\/api.w.org\/{rel}","templated":true}]}}