{"id":121454,"date":"2021-08-26T16:52:08","date_gmt":"2021-08-26T23:52:08","guid":{"rendered":"https:\/\/www.sonoraenequipo.com.mx\/?p=121454"},"modified":"2021-08-26T16:57:22","modified_gmt":"2021-08-26T23:57:22","slug":"logra-joven-de-itama-estudiar-en-linea-carrera-de-medicina-en-universidad-autonoma-de-durango","status":"publish","type":"post","link":"https:\/\/www.sonoraenequipo.com.mx\/logra-joven-de-itama-estudiar-en-linea-carrera-de-medicina-en-universidad-autonoma-de-durango\/","title":{"rendered":"Logra joven de Itama estudiar en l\u00ednea carrera de Medicina en Universidad Aut\u00f3noma de Durango"},"content":{"rendered":"<p>Logra joven de Itama estudiar en l\u00ednea carrera de Medicina en Universidad Aut\u00f3noma de Durango<\/p>\n<p>\u25baNicol\u00e1s cuenta con el respaldo de su familia y del personal Centro \u201cC\u00f3corit\u201d<\/p>\n<p>C\u00f3corit, Cajeme; Sonora; 26 agosto de 2021. Sus ganas de salir adelante y el apoyo incondicional de sus padres fueron el principal motor para que Nicol\u00e1s, joven que actualmente se encuentra en el Centro \u201cC\u00f3corit\u201d del Instituto de Tratamiento y de Aplicaci\u00f3n de Medidas para Adolescentes (Itama), iniciara estudios en l\u00ednea en la carrera de Medicina en la Universidad Aut\u00f3noma de Durango.<\/p>\n<p>&nbsp;<\/p>\n<p>La directora del Centro Especializado de Internamiento para Adolescentes del Sur, Issa Lizbeth Morales Samayoa afirm\u00f3 que el caso de este joven es una gran satisfacci\u00f3n para todo el personal, motiv\u00e1ndolos a seguir dando su mejor esfuerzo para lograr una reinserci\u00f3n integral.<\/p>\n<p>&nbsp;<\/p>\n<p>Indic\u00f3 que el joven al ingresar a Itama contaba con preparatoria y su deseo era seguir estudiando la universidad, ahora cursa el primer semestre de la carrera y gran parte de su d\u00eda lo dedica a estudiar y hacer tareas, lo cual motiva al resto de sus compa\u00f1eros del centro a esforzarse y alcanzar sus metas.<\/p>\n<p>&nbsp;<\/p>\n<p>La responsable del Centro, coment\u00f3 que las \u00e1reas Educativas, Trabajo Social y Psicolog\u00eda se encuentran apoyando al estudiante universitario en la elaboraci\u00f3n de trabajos y la conexi\u00f3n a clases.<\/p>\n<p>&nbsp;<\/p>\n<p>Es de suma importancia reconoci\u00f3 Morales Samayoa, el soporte que este joven recibe por parte de su familia en este importante proceso, quienes en todo momento lo han acompa\u00f1ado para lograr su plan de vida.<\/p>\n<p>&nbsp;<\/p>\n<p>El postulante de medicina dijo sentirse agradecido con su familia y personal del Instituto quienes en todo momento lo han motivado a seguir estudiando y prepararse.<\/p>\n<p>Fecha de Publicaci\u00f3n\u00a0\u00a0 jueves \/ 26\u00a0 \/ agosto \/ 2021<\/p>\n","protected":false},"excerpt":{"rendered":"<p>Logra joven de Itama estudiar en l\u00ednea carrera de Medicina en Universidad Aut\u00f3noma de Durango&#8230;<\/p>\n","protected":false},"author":1,"featured_media":121455,"comment_status":"open","ping_status":"open","sticky":false,"template":"","format":"standard","meta":{"_monsterinsights_skip_tracking":false,"_monsterinsights_sitenote_active":false,"_monsterinsights_sitenote_note":"","_monsterinsights_sitenote_category":0,"footnotes":""},"categories":[22],"tags":[3269,15],"class_list":["post"],"yoast_head":" \n<title>Sonora en Equipo. Logra joven de Itama estudiar en l\u00ednea carrera de Medicina en Universidad Aut\u00f3noma de Durango Sonora<\/title>\n<meta name=\"description\" content=\"Logra joven de Itama estudiar en l\u00ednea carrera de Medicina en Universidad Aut\u00f3noma de Durango \u25baNicol\u00e1s cuenta con el respaldo de su familia y del personal En Sonora en Equipo publicamos toda la informaci\u00f3n de Sonora, M\u00e9xico y el Mundo de manera oportuna y busca que la libertad de expresi\u00f3n sea real. Visita nuestro medio informativo publicado desde Hermosillo, Sonora. %\" \/>\n<meta name=\"robots\" content=\"index, follow, max-snippet:-1, max-image-preview:large, max-video-preview:-1\" \/>\n<link rel=\"canonical\" href=\"https:\/\/www.sonoraenequipo.com.mx\/logra-joven-de-itama-estudiar-en-linea-carrera-de-medicina-en-universidad-autonoma-de-durango\/\" \/>\n<meta property=\"og:locale\" content=\"es_ES\" \/>\n<meta property=\"og:type\" content=\"article\" \/>\n<meta property=\"og:title\" content=\"Sonora en Equipo. Logra joven de Itama estudiar en l\u00ednea carrera de Medicina en Universidad Aut\u00f3noma de Durango Sonora\" \/>\n<meta property=\"og:description\" content=\"Logra joven de Itama estudiar en l\u00ednea carrera de Medicina en Universidad Aut\u00f3noma de Durango \u25baNicol\u00e1s cuenta con el respaldo de su familia y del personal En Sonora en Equipo publicamos toda la informaci\u00f3n de Sonora, M\u00e9xico y el Mundo de manera oportuna y busca que la libertad de expresi\u00f3n sea real. Visita nuestro medio informativo publicado desde Hermosillo, Sonora. %\" \/>\n<meta property=\"og:url\" content=\"https:\/\/www.sonoraenequipo.com.mx\/logra-joven-de-itama-estudiar-en-linea-carrera-de-medicina-en-universidad-autonoma-de-durango\/\" \/>\n<meta property=\"og:site_name\" content=\"Sonora en Equipo.\" \/>\n<meta property=\"article:publisher\" content=\"https:\/\/www.facebook.com\/SonoraEE\/\" \/>\n<meta property=\"article:author\" content=\"https:\/\/www.facebook.com\/SonoraEE\" \/>\n<meta property=\"article:published_time\" content=\"2021-08-26T23:52:08+00:00\" \/>\n<meta property=\"article:modified_time\" content=\"2021-08-26T23:57:22+00:00\" \/>\n<meta property=\"og:image\" content=\"https:\/\/www.sonoraenequipo.com.mx\/storage\/2021\/08\/itama3.jpg\" \/>\n\t<meta property=\"og:image:width\" content=\"700\" \/>\n\t<meta property=\"og:image:height\" content=\"400\" \/>\n\t<meta property=\"og:image:type\" content=\"image\/jpeg\" \/>\n<meta name=\"author\" content=\"enequipo\" \/>\n<meta name=\"twitter:card\" content=\"summary_large_image\" \/>\n<meta name=\"twitter:creator\" content=\"@sonoraenequipo\" \/>\n<meta name=\"twitter:site\" content=\"@sonoraenequipo\" \/>\n<meta name=\"twitter:label1\" content=\"Escrito por\" \/>\n\t<meta name=\"twitter:data1\" content=\"enequipo\" \/>\n\t<meta name=\"twitter:label2\" content=\"Tiempo de lectura\" \/>\n\t<meta name=\"twitter:data2\" content=\"2 minutos\" \/>\n<script type=\"application\/ld+json\" class=\"yoast-schema-graph\">{\"@context\":\"https:\/\/schema.org\",\"@graph\":[{\"@type\":\"Article\",\"@id\":\"https:\/\/www.sonoraenequipo.com.mx\/logra-joven-de-itama-estudiar-en-linea-carrera-de-medicina-en-universidad-autonoma-de-durango\/#article\",\"isPartOf\":{\"@id\":\"https:\/\/www.sonoraenequipo.com.mx\/logra-joven-de-itama-estudiar-en-linea-carrera-de-medicina-en-universidad-autonoma-de-durango\/\"},\"author\":{\"name\":\"enequipo\",\"@id\":\"https:\/\/www.sonoraenequipo.com.mx\/#\/schema\/person\/50102df0fb23a8fa9e8effad8fa81386\"},\"headline\":\"Logra joven de Itama estudiar en l\u00ednea carrera de Medicina en Universidad Aut\u00f3noma de Durango\",\"datePublished\":\"2021-08-26T23:52:08+00:00\",\"dateModified\":\"2021-08-26T23:57:22+00:00\",\"mainEntityOfPage\":{\"@id\":\"https:\/\/www.sonoraenequipo.com.mx\/logra-joven-de-itama-estudiar-en-linea-carrera-de-medicina-en-universidad-autonoma-de-durango\/\"},\"wordCount\":323,\"commentCount\":0,\"publisher\":{\"@id\":\"https:\/\/www.sonoraenequipo.com.mx\/#organization\"},\"image\":{\"@id\":\"https:\/\/www.sonoraenequipo.com.mx\/logra-joven-de-itama-estudiar-en-linea-carrera-de-medicina-en-universidad-autonoma-de-durango\/#primaryimage\"},\"thumbnailUrl\":\"https:\/\/www.sonoraenequipo.com.mx\/storage\/2021\/08\/itama3.jpg\",\"keywords\":[\"ITAMA\",\"Sonora\"],\"articleSection\":[\"Sonora\"],\"inLanguage\":\"es\",\"potentialAction\":[{\"@type\":\"CommentAction\",\"name\":\"Comment\",\"target\":[\"https:\/\/www.sonoraenequipo.com.mx\/logra-joven-de-itama-estudiar-en-linea-carrera-de-medicina-en-universidad-autonoma-de-durango\/#respond\"]}]},{\"@type\":\"WebPage\",\"@id\":\"https:\/\/www.sonoraenequipo.com.mx\/logra-joven-de-itama-estudiar-en-linea-carrera-de-medicina-en-universidad-autonoma-de-durango\/\",\"url\":\"https:\/\/www.sonoraenequipo.com.mx\/logra-joven-de-itama-estudiar-en-linea-carrera-de-medicina-en-universidad-autonoma-de-durango\/\",\"name\":\"Sonora en Equipo. Logra joven de Itama estudiar en l\u00ednea carrera de Medicina en Universidad Aut\u00f3noma de Durango Sonora\",\"isPartOf\":{\"@id\":\"https:\/\/www.sonoraenequipo.com.mx\/#website\"},\"primaryImageOfPage\":{\"@id\":\"https:\/\/www.sonoraenequipo.com.mx\/logra-joven-de-itama-estudiar-en-linea-carrera-de-medicina-en-universidad-autonoma-de-durango\/#primaryimage\"},\"image\":{\"@id\":\"https:\/\/www.sonoraenequipo.com.mx\/logra-joven-de-itama-estudiar-en-linea-carrera-de-medicina-en-universidad-autonoma-de-durango\/#primaryimage\"},\"thumbnailUrl\":\"https:\/\/www.sonoraenequipo.com.mx\/storage\/2021\/08\/itama3.jpg\",\"datePublished\":\"2021-08-26T23:52:08+00:00\",\"dateModified\":\"2021-08-26T23:57:22+00:00\",\"description\":\"Logra joven de Itama estudiar en l\u00ednea carrera de Medicina en Universidad Aut\u00f3noma de Durango \u25baNicol\u00e1s cuenta con el respaldo de su familia y del personal En Sonora en Equipo publicamos toda la informaci\u00f3n de Sonora, M\u00e9xico y el Mundo de manera oportuna y busca que la libertad de expresi\u00f3n sea real. Visita nuestro medio informativo publicado desde Hermosillo, Sonora. %\",\"breadcrumb\":{\"@id\":\"https:\/\/www.sonoraenequipo.com.mx\/logra-joven-de-itama-estudiar-en-linea-carrera-de-medicina-en-universidad-autonoma-de-durango\/#breadcrumb\"},\"inLanguage\":\"es\",\"potentialAction\":[{\"@type\":\"ReadAction\",\"target\":[\"https:\/\/www.sonoraenequipo.com.mx\/logra-joven-de-itama-estudiar-en-linea-carrera-de-medicina-en-universidad-autonoma-de-durango\/\"]}]},{\"@type\":\"ImageObject\",\"inLanguage\":\"es\",\"@id\":\"https:\/\/www.sonoraenequipo.com.mx\/logra-joven-de-itama-estudiar-en-linea-carrera-de-medicina-en-universidad-autonoma-de-durango\/#primaryimage\",\"url\":\"https:\/\/www.sonoraenequipo.com.mx\/storage\/2021\/08\/itama3.jpg\",\"contentUrl\":\"https:\/\/www.sonoraenequipo.com.mx\/storage\/2021\/08\/itama3.jpg\",\"width\":700,\"height\":400,\"caption\":\"imagen: El Imparcial\"},{\"@type\":\"BreadcrumbList\",\"@id\":\"https:\/\/www.sonoraenequipo.com.mx\/logra-joven-de-itama-estudiar-en-linea-carrera-de-medicina-en-universidad-autonoma-de-durango\/#breadcrumb\",\"itemListElement\":[{\"@type\":\"ListItem\",\"position\":1,\"name\":\"Portada\",\"item\":\"https:\/\/www.sonoraenequipo.com.mx\/\"},{\"@type\":\"ListItem\",\"position\":2,\"name\":\"Logra joven de Itama estudiar en l\u00ednea carrera de Medicina en Universidad Aut\u00f3noma de Durango\"}]},{\"@type\":\"WebSite\",\"@id\":\"https:\/\/www.sonoraenequipo.com.mx\/#website\",\"url\":\"https:\/\/www.sonoraenequipo.com.mx\/\",\"name\":\"Sonora en Equipo.\",\"description\":\"Diario en l\u00ednea con Noticias desde Hermosillo, Sonora\",\"publisher\":{\"@id\":\"https:\/\/www.sonoraenequipo.com.mx\/#organization\"},\"potentialAction\":[{\"@type\":\"SearchAction\",\"target\":{\"@type\":\"EntryPoint\",\"urlTemplate\":\"https:\/\/www.sonoraenequipo.com.mx\/?s={search_term_string}\"},\"query-input\":{\"@type\":\"PropertyValueSpecification\",\"valueRequired\":true,\"valueName\":\"search_term_string\"}}],\"inLanguage\":\"es\"},{\"@type\":\"Organization\",\"@id\":\"https:\/\/www.sonoraenequipo.com.mx\/#organization\",\"name\":\"Sonoraenequipo.com.mx\",\"url\":\"https:\/\/www.sonoraenequipo.com.mx\/\",\"logo\":{\"@type\":\"ImageObject\",\"inLanguage\":\"es\",\"@id\":\"https:\/\/www.sonoraenequipo.com.mx\/#\/schema\/logo\/image\/\",\"url\":\"https:\/\/www.sonoraenequipo.com.mx\/storage\/2019\/01\/sonoraenequipo_opt.png\",\"contentUrl\":\"https:\/\/www.sonoraenequipo.com.mx\/storage\/2019\/01\/sonoraenequipo_opt.png\",\"width\":375,\"height\":125,\"caption\":\"Sonoraenequipo.com.mx\"},\"image\":{\"@id\":\"https:\/\/www.sonoraenequipo.com.mx\/#\/schema\/logo\/image\/\"},\"sameAs\":[\"https:\/\/www.facebook.com\/SonoraEE\/\",\"https:\/\/x.com\/sonoraenequipo\",\"https:\/\/www.youtube.com\/channel\/UC338nW-lPEYmJQs4ZABQ1SQ\"]},{\"@type\":\"Person\",\"@id\":\"https:\/\/www.sonoraenequipo.com.mx\/#\/schema\/person\/50102df0fb23a8fa9e8effad8fa81386\",\"name\":\"enequipo\",\"image\":{\"@type\":\"ImageObject\",\"inLanguage\":\"es\",\"@id\":\"https:\/\/www.sonoraenequipo.com.mx\/#\/schema\/person\/image\/\",\"url\":\"https:\/\/secure.gravatar.com\/avatar\/049821681b589dabc0bc20695993ccebb09f5b5d4d790cd9251b97faac7c652b?s=96&d=blank&r=g\",\"contentUrl\":\"https:\/\/secure.gravatar.com\/avatar\/049821681b589dabc0bc20695993ccebb09f5b5d4d790cd9251b97faac7c652b?s=96&d=blank&r=g\",\"caption\":\"enequipo\"},\"sameAs\":[\"https:\/\/www.facebook.com\/SonoraEE\"]}]}<\/script>\n ","yoast_head_json":{"title":"Sonora en Equipo. Logra joven de Itama estudiar en l\u00ednea carrera de Medicina en Universidad Aut\u00f3noma de Durango Sonora","description":"Logra joven de Itama estudiar en l\u00ednea carrera de Medicina en Universidad Aut\u00f3noma de Durango \u25baNicol\u00e1s cuenta con el respaldo de su familia y del personal En Sonora en Equipo publicamos toda la informaci\u00f3n de Sonora, M\u00e9xico y el Mundo de manera oportuna y busca que la libertad de expresi\u00f3n sea real. Visita nuestro medio informativo publicado desde Hermosillo, Sonora. %","robots":{"index":"index","follow":"follow","max-snippet":"max-snippet:-1","max-image-preview":"max-image-preview:large","max-video-preview":"max-video-preview:-1"},"canonical":"https:\/\/www.sonoraenequipo.com.mx\/logra-joven-de-itama-estudiar-en-linea-carrera-de-medicina-en-universidad-autonoma-de-durango\/","og_locale":"es_ES","og_type":"article","og_title":"Sonora en Equipo. Logra joven de Itama estudiar en l\u00ednea carrera de Medicina en Universidad Aut\u00f3noma de Durango Sonora","og_description":"Logra joven de Itama estudiar en l\u00ednea carrera de Medicina en Universidad Aut\u00f3noma de Durango \u25baNicol\u00e1s cuenta con el respaldo de su familia y del personal En Sonora en Equipo publicamos toda la informaci\u00f3n de Sonora, M\u00e9xico y el Mundo de manera oportuna y busca que la libertad de expresi\u00f3n sea real. Visita nuestro medio informativo publicado desde Hermosillo, Sonora. %","og_url":"https:\/\/www.sonoraenequipo.com.mx\/logra-joven-de-itama-estudiar-en-linea-carrera-de-medicina-en-universidad-autonoma-de-durango\/","og_site_name":"Sonora en Equipo.","article_publisher":"https:\/\/www.facebook.com\/SonoraEE\/","article_author":"https:\/\/www.facebook.com\/SonoraEE","article_published_time":"2021-08-26T23:52:08+00:00","article_modified_time":"2021-08-26T23:57:22+00:00","og_image":[{"width":700,"height":400,"url":"https:\/\/www.sonoraenequipo.com.mx\/storage\/2021\/08\/itama3.jpg","type":"image\/jpeg"}],"author":"enequipo","twitter_card":"summary_large_image","twitter_creator":"@sonoraenequipo","twitter_site":"@sonoraenequipo","twitter_misc":{"Escrito por":"enequipo","Tiempo de lectura":"2 minutos"},"schema":{"@context":"https:\/\/schema.org","@graph":[{"@type":"Article","@id":"https:\/\/www.sonoraenequipo.com.mx\/logra-joven-de-itama-estudiar-en-linea-carrera-de-medicina-en-universidad-autonoma-de-durango\/#article","isPartOf":{"@id":"https:\/\/www.sonoraenequipo.com.mx\/logra-joven-de-itama-estudiar-en-linea-carrera-de-medicina-en-universidad-autonoma-de-durango\/"},"author":{"name":"enequipo","@id":"https:\/\/www.sonoraenequipo.com.mx\/#\/schema\/person\/50102df0fb23a8fa9e8effad8fa81386"},"headline":"Logra joven de Itama estudiar en l\u00ednea carrera de Medicina en Universidad Aut\u00f3noma de Durango","datePublished":"2021-08-26T23:52:08+00:00","dateModified":"2021-08-26T23:57:22+00:00","mainEntityOfPage":{"@id":"https:\/\/www.sonoraenequipo.com.mx\/logra-joven-de-itama-estudiar-en-linea-carrera-de-medicina-en-universidad-autonoma-de-durango\/"},"wordCount":323,"commentCount":0,"publisher":{"@id":"https:\/\/www.sonoraenequipo.com.mx\/#organization"},"image":{"@id":"https:\/\/www.sonoraenequipo.com.mx\/logra-joven-de-itama-estudiar-en-linea-carrera-de-medicina-en-universidad-autonoma-de-durango\/#primaryimage"},"thumbnailUrl":"https:\/\/www.sonoraenequipo.com.mx\/storage\/2021\/08\/itama3.jpg","keywords":["ITAMA","Sonora"],"articleSection":["Sonora"],"inLanguage":"es","potentialAction":[{"@type":"CommentAction","name":"Comment","target":["https:\/\/www.sonoraenequipo.com.mx\/logra-joven-de-itama-estudiar-en-linea-carrera-de-medicina-en-universidad-autonoma-de-durango\/#respond"]}]},{"@type":"WebPage","@id":"https:\/\/www.sonoraenequipo.com.mx\/logra-joven-de-itama-estudiar-en-linea-carrera-de-medicina-en-universidad-autonoma-de-durango\/","url":"https:\/\/www.sonoraenequipo.com.mx\/logra-joven-de-itama-estudiar-en-linea-carrera-de-medicina-en-universidad-autonoma-de-durango\/","name":"Sonora en Equipo. Logra joven de Itama estudiar en l\u00ednea carrera de Medicina en Universidad Aut\u00f3noma de Durango Sonora","isPartOf":{"@id":"https:\/\/www.sonoraenequipo.com.mx\/#website"},"primaryImageOfPage":{"@id":"https:\/\/www.sonoraenequipo.com.mx\/logra-joven-de-itama-estudiar-en-linea-carrera-de-medicina-en-universidad-autonoma-de-durango\/#primaryimage"},"image":{"@id":"https:\/\/www.sonoraenequipo.com.mx\/logra-joven-de-itama-estudiar-en-linea-carrera-de-medicina-en-universidad-autonoma-de-durango\/#primaryimage"},"thumbnailUrl":"https:\/\/www.sonoraenequipo.com.mx\/storage\/2021\/08\/itama3.jpg","datePublished":"2021-08-26T23:52:08+00:00","dateModified":"2021-08-26T23:57:22+00:00","description":"Logra joven de Itama estudiar en l\u00ednea carrera de Medicina en Universidad Aut\u00f3noma de Durango \u25baNicol\u00e1s cuenta con el respaldo de su familia y del personal En Sonora en Equipo publicamos toda la informaci\u00f3n de Sonora, M\u00e9xico y el Mundo de manera oportuna y busca que la libertad de expresi\u00f3n sea real. Visita nuestro medio informativo publicado desde Hermosillo, Sonora. %","breadcrumb":{"@id":"https:\/\/www.sonoraenequipo.com.mx\/logra-joven-de-itama-estudiar-en-linea-carrera-de-medicina-en-universidad-autonoma-de-durango\/#breadcrumb"},"inLanguage":"es","potentialAction":[{"@type":"ReadAction","target":["https:\/\/www.sonoraenequipo.com.mx\/logra-joven-de-itama-estudiar-en-linea-carrera-de-medicina-en-universidad-autonoma-de-durango\/"]}]},{"@type":"ImageObject","inLanguage":"es","@id":"https:\/\/www.sonoraenequipo.com.mx\/logra-joven-de-itama-estudiar-en-linea-carrera-de-medicina-en-universidad-autonoma-de-durango\/#primaryimage","url":"https:\/\/www.sonoraenequipo.com.mx\/storage\/2021\/08\/itama3.jpg","contentUrl":"https:\/\/www.sonoraenequipo.com.mx\/storage\/2021\/08\/itama3.jpg","width":700,"height":400,"caption":"imagen: El Imparcial"},{"@type":"BreadcrumbList","@id":"https:\/\/www.sonoraenequipo.com.mx\/logra-joven-de-itama-estudiar-en-linea-carrera-de-medicina-en-universidad-autonoma-de-durango\/#breadcrumb","itemListElement":[{"@type":"ListItem","position":1,"name":"Portada","item":"https:\/\/www.sonoraenequipo.com.mx\/"},{"@type":"ListItem","position":2,"name":"Logra joven de Itama estudiar en l\u00ednea carrera de Medicina en Universidad Aut\u00f3noma de Durango"}]},{"@type":"WebSite","@id":"https:\/\/www.sonoraenequipo.com.mx\/#website","url":"https:\/\/www.sonoraenequipo.com.mx\/","name":"Sonora en Equipo.","description":"Diario en l\u00ednea con Noticias desde Hermosillo, Sonora","publisher":{"@id":"https:\/\/www.sonoraenequipo.com.mx\/#organization"},"potentialAction":[{"@type":"SearchAction","target":{"@type":"EntryPoint","urlTemplate":"https:\/\/www.sonoraenequipo.com.mx\/?s={search_term_string}"},"query-input":{"@type":"PropertyValueSpecification","valueRequired":true,"valueName":"search_term_string"}}],"inLanguage":"es"},{"@type":"Organization","@id":"https:\/\/www.sonoraenequipo.com.mx\/#organization","name":"Sonoraenequipo.com.mx","url":"https:\/\/www.sonoraenequipo.com.mx\/","logo":{"@type":"ImageObject","inLanguage":"es","@id":"https:\/\/www.sonoraenequipo.com.mx\/#\/schema\/logo\/image\/","url":"https:\/\/www.sonoraenequipo.com.mx\/storage\/2019\/01\/sonoraenequipo_opt.png","contentUrl":"https:\/\/www.sonoraenequipo.com.mx\/storage\/2019\/01\/sonoraenequipo_opt.png","width":375,"height":125,"caption":"Sonoraenequipo.com.mx"},"image":{"@id":"https:\/\/www.sonoraenequipo.com.mx\/#\/schema\/logo\/image\/"},"sameAs":["https:\/\/www.facebook.com\/SonoraEE\/","https:\/\/x.com\/sonoraenequipo","https:\/\/www.youtube.com\/channel\/UC338nW-lPEYmJQs4ZABQ1SQ"]},{"@type":"Person","@id":"https:\/\/www.sonoraenequipo.com.mx\/#\/schema\/person\/50102df0fb23a8fa9e8effad8fa81386","name":"enequipo","image":{"@type":"ImageObject","inLanguage":"es","@id":"https:\/\/www.sonoraenequipo.com.mx\/#\/schema\/person\/image\/","url":"https:\/\/secure.gravatar.com\/avatar\/049821681b589dabc0bc20695993ccebb09f5b5d4d790cd9251b97faac7c652b?s=96&d=blank&r=g","contentUrl":"https:\/\/secure.gravatar.com\/avatar\/049821681b589dabc0bc20695993ccebb09f5b5d4d790cd9251b97faac7c652b?s=96&d=blank&r=g","caption":"enequipo"},"sameAs":["https:\/\/www.facebook.com\/SonoraEE"]}]}},"jetpack_featured_media_url":"https:\/\/www.sonoraenequipo.com.mx\/storage\/2021\/08\/itama3.jpg","_links":{"self":[{"href":"https:\/\/www.sonoraenequipo.com.mx\/api\/wp\/v2\/posts\/121454","targetHints":{"allow":["GET"]}}],"collection":[{"href":"https:\/\/www.sonoraenequipo.com.mx\/api\/wp\/v2\/posts"}],"about":[{"href":"https:\/\/www.sonoraenequipo.com.mx\/api\/wp\/v2\/types\/post"}],"author":[{"embeddable":true,"href":"https:\/\/www.sonoraenequipo.com.mx\/api\/wp\/v2\/users\/1"}],"replies":[{"embeddable":true,"href":"https:\/\/www.sonoraenequipo.com.mx\/api\/wp\/v2\/comments?post=121454"}],"version-history":[{"count":1,"href":"https:\/\/www.sonoraenequipo.com.mx\/api\/wp\/v2\/posts\/121454\/revisions"}],"predecessor-version":[{"id":121456,"href":"https:\/\/www.sonoraenequipo.com.mx\/api\/wp\/v2\/posts\/121454\/revisions\/121456"}],"wp:featuredmedia":[{"embeddable":true,"href":"https:\/\/www.sonoraenequipo.com.mx\/api\/wp\/v2\/media\/121455"}],"wp:attachment":[{"href":"https:\/\/www.sonoraenequipo.com.mx\/api\/wp\/v2\/media?parent=121454"}],"wp:term":[{"taxonomy":"category","embeddable":true,"href":"https:\/\/www.sonoraenequipo.com.mx\/api\/wp\/v2\/categories?post=121454"},{"taxonomy":"post_tag","embeddable":true,"href":"https:\/\/www.sonoraenequipo.com.mx\/api\/wp\/v2\/tags?post=121454"}],"curies":[{"name":"wp","href":"https:\/\/api.w.org\/{rel}","templated":true}]}}