{"id":121460,"date":"2021-08-26T09:15:04","date_gmt":"2021-08-26T16:15:04","guid":{"rendered":"https:\/\/www.sonoraenequipo.com.mx\/?p=121460"},"modified":"2021-08-26T16:12:29","modified_gmt":"2021-08-26T23:12:29","slug":"con-coleccion-%e2%80%b221-para-el-21%e2%80%b2-gobierno-de-la-cuarta-transformacion-fomenta-habito-de-la-lectura","status":"publish","type":"post","link":"https:\/\/www.sonoraenequipo.com.mx\/con-coleccion-%e2%80%b221-para-el-21%e2%80%b2-gobierno-de-la-cuarta-transformacion-fomenta-habito-de-la-lectura\/","title":{"rendered":"Con colecci\u00f3n \u203221 para el 21\u2032, Gobierno de la Cuarta Transformaci\u00f3n fomenta h\u00e1bito de la lectura"},"content":{"rendered":"<p>CIUDAD DE M\u00c9XICO. MX. \u2014 El presidente Andr\u00e9s Manuel L\u00f3pez Obrador present\u00f3 la colecci\u00f3n \u201921 para el 21\u2032 del Fondo de Cultura Econ\u00f3mica (FCE), relacionada con los 700 a\u00f1os de la fundaci\u00f3n de M\u00e9xico-Tenochtitl\u00e1n, los 500 a\u00f1os de la invasi\u00f3n extranjera y los 200 a\u00f1os de la Independencia.<\/p>\n<p>&nbsp;<\/p>\n<p> <\/p>\n<p>&nbsp;<\/p>\n<p>En conferencia de prensa matutina explic\u00f3 que se trata de la reedici\u00f3n de textos<em> \u201cb\u00e1sicos, fundamentales, de escritores destacad\u00edsimos de nuestro pa\u00eds\u201d.<\/em><\/p>\n<p>&nbsp;<\/p>\n<p>El jefe del ejecutivo resalt\u00f3 el esfuerzo que realiza el FCE para fomentar el h\u00e1bito de la lectura, como la venta de obras a precios asequibles e incluso la distribuci\u00f3n gratuita a la poblaci\u00f3n.<\/p>\n<p>&nbsp;<\/p>\n<p><em>\u201cEs muy importante, sobre todo en las nuevas generaciones, en los j\u00f3venes, que se afiance el h\u00e1bito de la lectura aun con todo el bombardeo que hay de medios electr\u00f3nicos y lo simplista que resulta ver solo lo b\u00e1sico, las rese\u00f1as, la superficie y no ir al fondo\u201d,<\/em> remarc\u00f3.<\/p>\n<p>&nbsp;<\/p>\n<p>Sobre \u2019<em>21 para el 21\u2032,<\/em> el titular del FCE, Francisco Ignacio Taibo, explic\u00f3 que <em>\u201cla idea era producir una gran colecci\u00f3n en t\u00e9rminos de t\u00edtulos y de ejemplares que nos permitiera una distribuci\u00f3n masiva a lo largo y ancho del pa\u00eds\u201d.<\/em><\/p>\n<p>&nbsp;<\/p>\n<p>Indic\u00f3 que se entregar\u00e1n principalmente a j\u00f3venes, personas jubiladas y escuelas en zonas rurales. En octubre, al inicio de planes piloto de fomento a la lectura, incrementar\u00e1 la dispersi\u00f3n de los libros.<\/p>\n<p>&nbsp;<\/p>\n<p>La selecci\u00f3n consta de 21 t\u00edtulos: La revoluci\u00f3n de Independencia, de Luis Villoro; Canek, de Ermilo Abreu G\u00f3mez; Muerte en el bosque, de Amparo D\u00e1vila; Bal\u00fan Can\u00e1n, de Rosario Castellanos; El libro rojo de la Independencia, de Vicente Riva Palacio y Manuel Payno; Breve historia de la guerra con los Estados Unidos, de Jos\u00e9 C. Valad\u00e9s; Tom\u00f3chic, de Heriberto Fr\u00edas; Tiene la noche un \u00e1rbol, de Guadalupe Due\u00f1as; Antolog\u00eda de poes\u00eda mexicana del siglo XIX; Y Matarazo no llam\u00f3\u2026, de Elena Garro; Tiempo de ladrones, de Emilio Carballido; R\u00edo subterr\u00e1neo, de In\u00e9s Arredondo; Los de abajo, de Mariano Azuela; El libro vac\u00edo, de Josefina Vicens; Noticias biogr\u00e1ficas de insurgentes apodados, de El\u00edas Amador; El laberinto de la soledad, de Octavio Paz; Apocalipstick, de Carlos Monsiv\u00e1is; Pueblo en vilo, de Luis Gonz\u00e1lez y Gonz\u00e1lez; Paseo de la Reforma, de Elena Poniatowska; Cr\u00f3nicas de amor, de historia y de guerra, de Guillermo Prieto, y La sombra del caudillo, de Mart\u00edn Luis Guzm\u00e1n.<\/p>\n<p>&nbsp;<\/p>\n<p>Todos son posteriores a la \u00e9poca de la Independencia hasta mediados del siglo XX y la reedici\u00f3n consta de cien mil ejemplares de cada uno, puntualiz\u00f3 el titular del FCE.<\/p>\n<p>&nbsp;<\/p>\n<p>Inform\u00f3 que este proyecto se financi\u00f3 con recursos del Instituto para Devolver al Pueblo lo Robado. La inversi\u00f3n, de alrededor de 45 millones de pesos, cubri\u00f3 costos de impresi\u00f3n y distribuci\u00f3n, as\u00ed como pago por derechos de autor a herederos o autores.<\/p>\n<p>&nbsp;<\/p>\n<p>Acompa\u00f1aron al presidente, el director general de Educal, Fritz Glockner Corte; el coordinador de Administraci\u00f3n del FCE, Luis Enrique Miramontes Higuera y la enlace de Comunicaci\u00f3n Social del FCE, Sandra Montoya C\u00e1rdenas.<\/p>\n<p>&nbsp;<\/p>\n<p>(Publicada el 26\/08\/2021)<\/p>\n","protected":false},"excerpt":{"rendered":"<p>CIUDAD DE M\u00c9XICO. MX. \u2014 El presidente Andr\u00e9s Manuel L\u00f3pez Obrador present\u00f3 la colecci\u00f3n \u201921&#8230;<\/p>\n","protected":false},"author":1,"featured_media":121461,"comment_status":"open","ping_status":"open","sticky":false,"template":"","format":"standard","meta":{"_monsterinsights_skip_tracking":false,"_monsterinsights_sitenote_active":false,"_monsterinsights_sitenote_note":"","_monsterinsights_sitenote_category":0,"footnotes":""},"categories":[5],"tags":[],"class_list":["post"],"yoast_head":" \n<title>Sonora en Equipo. Con colecci\u00f3n \u203221 para el 21\u2032, Gobierno de la Cuarta Transformaci\u00f3n fomenta h\u00e1bito de la lectura Rep\u00fablica<\/title>\n<meta name=\"description\" content=\"CIUDAD DE M\u00c9XICO. MX. \u2014 El presidente Andr\u00e9s Manuel L\u00f3pez Obrador present\u00f3 la colecci\u00f3n \u201921 para el 21\u2032 del Fondo de Cultura Econ\u00f3mica (FCE), relacionada En Sonora en Equipo publicamos toda la informaci\u00f3n de Sonora, M\u00e9xico y el Mundo de manera oportuna y busca que la libertad de expresi\u00f3n sea real. Visita nuestro medio informativo publicado desde Hermosillo, Sonora. %\" \/>\n<meta name=\"robots\" content=\"index, follow, max-snippet:-1, max-image-preview:large, max-video-preview:-1\" \/>\n<link rel=\"canonical\" href=\"https:\/\/www.sonoraenequipo.com.mx\/con-coleccion-\u203221-para-el-21\u2032-gobierno-de-la-cuarta-transformacion-fomenta-habito-de-la-lectura\/\" \/>\n<meta property=\"og:locale\" content=\"es_ES\" \/>\n<meta property=\"og:type\" content=\"article\" \/>\n<meta property=\"og:title\" content=\"Sonora en Equipo. Con colecci\u00f3n \u203221 para el 21\u2032, Gobierno de la Cuarta Transformaci\u00f3n fomenta h\u00e1bito de la lectura Rep\u00fablica\" \/>\n<meta property=\"og:description\" content=\"CIUDAD DE M\u00c9XICO. MX. \u2014 El presidente Andr\u00e9s Manuel L\u00f3pez Obrador present\u00f3 la colecci\u00f3n \u201921 para el 21\u2032 del Fondo de Cultura Econ\u00f3mica (FCE), relacionada En Sonora en Equipo publicamos toda la informaci\u00f3n de Sonora, M\u00e9xico y el Mundo de manera oportuna y busca que la libertad de expresi\u00f3n sea real. Visita nuestro medio informativo publicado desde Hermosillo, Sonora. %\" \/>\n<meta property=\"og:url\" content=\"https:\/\/www.sonoraenequipo.com.mx\/con-coleccion-\u203221-para-el-21\u2032-gobierno-de-la-cuarta-transformacion-fomenta-habito-de-la-lectura\/\" \/>\n<meta property=\"og:site_name\" content=\"Sonora en Equipo.\" \/>\n<meta property=\"article:publisher\" content=\"https:\/\/www.facebook.com\/SonoraEE\/\" \/>\n<meta property=\"article:author\" content=\"https:\/\/www.facebook.com\/SonoraEE\" \/>\n<meta property=\"article:published_time\" content=\"2021-08-26T16:15:04+00:00\" \/>\n<meta property=\"article:modified_time\" content=\"2021-08-26T23:12:29+00:00\" \/>\n<meta property=\"og:image\" content=\"https:\/\/www.sonoraenequipo.com.mx\/storage\/2021\/08\/26-08-2021-amlo_opt.jpg\" \/>\n\t<meta property=\"og:image:width\" content=\"700\" \/>\n\t<meta property=\"og:image:height\" content=\"400\" \/>\n\t<meta property=\"og:image:type\" content=\"image\/jpeg\" \/>\n<meta name=\"author\" content=\"enequipo\" \/>\n<meta name=\"twitter:card\" content=\"summary_large_image\" \/>\n<meta name=\"twitter:creator\" content=\"@sonoraenequipo\" \/>\n<meta name=\"twitter:site\" content=\"@sonoraenequipo\" \/>\n<meta name=\"twitter:label1\" content=\"Escrito por\" \/>\n\t<meta name=\"twitter:data1\" content=\"enequipo\" \/>\n\t<meta name=\"twitter:label2\" content=\"Tiempo de lectura\" \/>\n\t<meta name=\"twitter:data2\" content=\"3 minutos\" \/>\n<script type=\"application\/ld+json\" class=\"yoast-schema-graph\">{\"@context\":\"https:\/\/schema.org\",\"@graph\":[{\"@type\":\"Article\",\"@id\":\"https:\/\/www.sonoraenequipo.com.mx\/con-coleccion-%e2%80%b221-para-el-21%e2%80%b2-gobierno-de-la-cuarta-transformacion-fomenta-habito-de-la-lectura\/#article\",\"isPartOf\":{\"@id\":\"https:\/\/www.sonoraenequipo.com.mx\/con-coleccion-%e2%80%b221-para-el-21%e2%80%b2-gobierno-de-la-cuarta-transformacion-fomenta-habito-de-la-lectura\/\"},\"author\":{\"name\":\"enequipo\",\"@id\":\"https:\/\/www.sonoraenequipo.com.mx\/#\/schema\/person\/50102df0fb23a8fa9e8effad8fa81386\"},\"headline\":\"Con colecci\u00f3n \u203221 para el 21\u2032, Gobierno de la Cuarta Transformaci\u00f3n fomenta h\u00e1bito de la lectura\",\"datePublished\":\"2021-08-26T16:15:04+00:00\",\"dateModified\":\"2021-08-26T23:12:29+00:00\",\"mainEntityOfPage\":{\"@id\":\"https:\/\/www.sonoraenequipo.com.mx\/con-coleccion-%e2%80%b221-para-el-21%e2%80%b2-gobierno-de-la-cuarta-transformacion-fomenta-habito-de-la-lectura\/\"},\"wordCount\":575,\"commentCount\":0,\"publisher\":{\"@id\":\"https:\/\/www.sonoraenequipo.com.mx\/#organization\"},\"image\":{\"@id\":\"https:\/\/www.sonoraenequipo.com.mx\/con-coleccion-%e2%80%b221-para-el-21%e2%80%b2-gobierno-de-la-cuarta-transformacion-fomenta-habito-de-la-lectura\/#primaryimage\"},\"thumbnailUrl\":\"https:\/\/www.sonoraenequipo.com.mx\/storage\/2021\/08\/26-08-2021-amlo_opt.jpg\",\"articleSection\":[\"Rep\u00fablica\"],\"inLanguage\":\"es\",\"potentialAction\":[{\"@type\":\"CommentAction\",\"name\":\"Comment\",\"target\":[\"https:\/\/www.sonoraenequipo.com.mx\/con-coleccion-%e2%80%b221-para-el-21%e2%80%b2-gobierno-de-la-cuarta-transformacion-fomenta-habito-de-la-lectura\/#respond\"]}]},{\"@type\":\"WebPage\",\"@id\":\"https:\/\/www.sonoraenequipo.com.mx\/con-coleccion-%e2%80%b221-para-el-21%e2%80%b2-gobierno-de-la-cuarta-transformacion-fomenta-habito-de-la-lectura\/\",\"url\":\"https:\/\/www.sonoraenequipo.com.mx\/con-coleccion-%e2%80%b221-para-el-21%e2%80%b2-gobierno-de-la-cuarta-transformacion-fomenta-habito-de-la-lectura\/\",\"name\":\"Sonora en Equipo. Con colecci\u00f3n \u203221 para el 21\u2032, Gobierno de la Cuarta Transformaci\u00f3n fomenta h\u00e1bito de la lectura Rep\u00fablica\",\"isPartOf\":{\"@id\":\"https:\/\/www.sonoraenequipo.com.mx\/#website\"},\"primaryImageOfPage\":{\"@id\":\"https:\/\/www.sonoraenequipo.com.mx\/con-coleccion-%e2%80%b221-para-el-21%e2%80%b2-gobierno-de-la-cuarta-transformacion-fomenta-habito-de-la-lectura\/#primaryimage\"},\"image\":{\"@id\":\"https:\/\/www.sonoraenequipo.com.mx\/con-coleccion-%e2%80%b221-para-el-21%e2%80%b2-gobierno-de-la-cuarta-transformacion-fomenta-habito-de-la-lectura\/#primaryimage\"},\"thumbnailUrl\":\"https:\/\/www.sonoraenequipo.com.mx\/storage\/2021\/08\/26-08-2021-amlo_opt.jpg\",\"datePublished\":\"2021-08-26T16:15:04+00:00\",\"dateModified\":\"2021-08-26T23:12:29+00:00\",\"description\":\"CIUDAD DE M\u00c9XICO. MX. \u2014 El presidente Andr\u00e9s Manuel L\u00f3pez Obrador present\u00f3 la colecci\u00f3n \u201921 para el 21\u2032 del Fondo de Cultura Econ\u00f3mica (FCE), relacionada En Sonora en Equipo publicamos toda la informaci\u00f3n de Sonora, M\u00e9xico y el Mundo de manera oportuna y busca que la libertad de expresi\u00f3n sea real. Visita nuestro medio informativo publicado desde Hermosillo, Sonora. %\",\"breadcrumb\":{\"@id\":\"https:\/\/www.sonoraenequipo.com.mx\/con-coleccion-%e2%80%b221-para-el-21%e2%80%b2-gobierno-de-la-cuarta-transformacion-fomenta-habito-de-la-lectura\/#breadcrumb\"},\"inLanguage\":\"es\",\"potentialAction\":[{\"@type\":\"ReadAction\",\"target\":[\"https:\/\/www.sonoraenequipo.com.mx\/con-coleccion-%e2%80%b221-para-el-21%e2%80%b2-gobierno-de-la-cuarta-transformacion-fomenta-habito-de-la-lectura\/\"]}]},{\"@type\":\"ImageObject\",\"inLanguage\":\"es\",\"@id\":\"https:\/\/www.sonoraenequipo.com.mx\/con-coleccion-%e2%80%b221-para-el-21%e2%80%b2-gobierno-de-la-cuarta-transformacion-fomenta-habito-de-la-lectura\/#primaryimage\",\"url\":\"https:\/\/www.sonoraenequipo.com.mx\/storage\/2021\/08\/26-08-2021-amlo_opt.jpg\",\"contentUrl\":\"https:\/\/www.sonoraenequipo.com.mx\/storage\/2021\/08\/26-08-2021-amlo_opt.jpg\",\"width\":700,\"height\":400},{\"@type\":\"BreadcrumbList\",\"@id\":\"https:\/\/www.sonoraenequipo.com.mx\/con-coleccion-%e2%80%b221-para-el-21%e2%80%b2-gobierno-de-la-cuarta-transformacion-fomenta-habito-de-la-lectura\/#breadcrumb\",\"itemListElement\":[{\"@type\":\"ListItem\",\"position\":1,\"name\":\"Portada\",\"item\":\"https:\/\/www.sonoraenequipo.com.mx\/\"},{\"@type\":\"ListItem\",\"position\":2,\"name\":\"Con colecci\u00f3n \u203221 para el 21\u2032, Gobierno de la Cuarta Transformaci\u00f3n fomenta h\u00e1bito de la lectura\"}]},{\"@type\":\"WebSite\",\"@id\":\"https:\/\/www.sonoraenequipo.com.mx\/#website\",\"url\":\"https:\/\/www.sonoraenequipo.com.mx\/\",\"name\":\"Sonora en Equipo.\",\"description\":\"Diario en l\u00ednea con Noticias desde Hermosillo, Sonora\",\"publisher\":{\"@id\":\"https:\/\/www.sonoraenequipo.com.mx\/#organization\"},\"potentialAction\":[{\"@type\":\"SearchAction\",\"target\":{\"@type\":\"EntryPoint\",\"urlTemplate\":\"https:\/\/www.sonoraenequipo.com.mx\/?s={search_term_string}\"},\"query-input\":{\"@type\":\"PropertyValueSpecification\",\"valueRequired\":true,\"valueName\":\"search_term_string\"}}],\"inLanguage\":\"es\"},{\"@type\":\"Organization\",\"@id\":\"https:\/\/www.sonoraenequipo.com.mx\/#organization\",\"name\":\"Sonoraenequipo.com.mx\",\"url\":\"https:\/\/www.sonoraenequipo.com.mx\/\",\"logo\":{\"@type\":\"ImageObject\",\"inLanguage\":\"es\",\"@id\":\"https:\/\/www.sonoraenequipo.com.mx\/#\/schema\/logo\/image\/\",\"url\":\"https:\/\/www.sonoraenequipo.com.mx\/storage\/2019\/01\/sonoraenequipo_opt.png\",\"contentUrl\":\"https:\/\/www.sonoraenequipo.com.mx\/storage\/2019\/01\/sonoraenequipo_opt.png\",\"width\":375,\"height\":125,\"caption\":\"Sonoraenequipo.com.mx\"},\"image\":{\"@id\":\"https:\/\/www.sonoraenequipo.com.mx\/#\/schema\/logo\/image\/\"},\"sameAs\":[\"https:\/\/www.facebook.com\/SonoraEE\/\",\"https:\/\/x.com\/sonoraenequipo\",\"https:\/\/www.youtube.com\/channel\/UC338nW-lPEYmJQs4ZABQ1SQ\"]},{\"@type\":\"Person\",\"@id\":\"https:\/\/www.sonoraenequipo.com.mx\/#\/schema\/person\/50102df0fb23a8fa9e8effad8fa81386\",\"name\":\"enequipo\",\"image\":{\"@type\":\"ImageObject\",\"inLanguage\":\"es\",\"@id\":\"https:\/\/www.sonoraenequipo.com.mx\/#\/schema\/person\/image\/\",\"url\":\"https:\/\/secure.gravatar.com\/avatar\/049821681b589dabc0bc20695993ccebb09f5b5d4d790cd9251b97faac7c652b?s=96&d=blank&r=g\",\"contentUrl\":\"https:\/\/secure.gravatar.com\/avatar\/049821681b589dabc0bc20695993ccebb09f5b5d4d790cd9251b97faac7c652b?s=96&d=blank&r=g\",\"caption\":\"enequipo\"},\"sameAs\":[\"https:\/\/www.facebook.com\/SonoraEE\"]}]}<\/script>\n ","yoast_head_json":{"title":"Sonora en Equipo. Con colecci\u00f3n \u203221 para el 21\u2032, Gobierno de la Cuarta Transformaci\u00f3n fomenta h\u00e1bito de la lectura Rep\u00fablica","description":"CIUDAD DE M\u00c9XICO. MX. \u2014 El presidente Andr\u00e9s Manuel L\u00f3pez Obrador present\u00f3 la colecci\u00f3n \u201921 para el 21\u2032 del Fondo de Cultura Econ\u00f3mica (FCE), relacionada En Sonora en Equipo publicamos toda la informaci\u00f3n de Sonora, M\u00e9xico y el Mundo de manera oportuna y busca que la libertad de expresi\u00f3n sea real. Visita nuestro medio informativo publicado desde Hermosillo, Sonora. %","robots":{"index":"index","follow":"follow","max-snippet":"max-snippet:-1","max-image-preview":"max-image-preview:large","max-video-preview":"max-video-preview:-1"},"canonical":"https:\/\/www.sonoraenequipo.com.mx\/con-coleccion-\u203221-para-el-21\u2032-gobierno-de-la-cuarta-transformacion-fomenta-habito-de-la-lectura\/","og_locale":"es_ES","og_type":"article","og_title":"Sonora en Equipo. Con colecci\u00f3n \u203221 para el 21\u2032, Gobierno de la Cuarta Transformaci\u00f3n fomenta h\u00e1bito de la lectura Rep\u00fablica","og_description":"CIUDAD DE M\u00c9XICO. MX. \u2014 El presidente Andr\u00e9s Manuel L\u00f3pez Obrador present\u00f3 la colecci\u00f3n \u201921 para el 21\u2032 del Fondo de Cultura Econ\u00f3mica (FCE), relacionada En Sonora en Equipo publicamos toda la informaci\u00f3n de Sonora, M\u00e9xico y el Mundo de manera oportuna y busca que la libertad de expresi\u00f3n sea real. Visita nuestro medio informativo publicado desde Hermosillo, Sonora. %","og_url":"https:\/\/www.sonoraenequipo.com.mx\/con-coleccion-\u203221-para-el-21\u2032-gobierno-de-la-cuarta-transformacion-fomenta-habito-de-la-lectura\/","og_site_name":"Sonora en Equipo.","article_publisher":"https:\/\/www.facebook.com\/SonoraEE\/","article_author":"https:\/\/www.facebook.com\/SonoraEE","article_published_time":"2021-08-26T16:15:04+00:00","article_modified_time":"2021-08-26T23:12:29+00:00","og_image":[{"width":700,"height":400,"url":"https:\/\/www.sonoraenequipo.com.mx\/storage\/2021\/08\/26-08-2021-amlo_opt.jpg","type":"image\/jpeg"}],"author":"enequipo","twitter_card":"summary_large_image","twitter_creator":"@sonoraenequipo","twitter_site":"@sonoraenequipo","twitter_misc":{"Escrito por":"enequipo","Tiempo de lectura":"3 minutos"},"schema":{"@context":"https:\/\/schema.org","@graph":[{"@type":"Article","@id":"https:\/\/www.sonoraenequipo.com.mx\/con-coleccion-%e2%80%b221-para-el-21%e2%80%b2-gobierno-de-la-cuarta-transformacion-fomenta-habito-de-la-lectura\/#article","isPartOf":{"@id":"https:\/\/www.sonoraenequipo.com.mx\/con-coleccion-%e2%80%b221-para-el-21%e2%80%b2-gobierno-de-la-cuarta-transformacion-fomenta-habito-de-la-lectura\/"},"author":{"name":"enequipo","@id":"https:\/\/www.sonoraenequipo.com.mx\/#\/schema\/person\/50102df0fb23a8fa9e8effad8fa81386"},"headline":"Con colecci\u00f3n \u203221 para el 21\u2032, Gobierno de la Cuarta Transformaci\u00f3n fomenta h\u00e1bito de la lectura","datePublished":"2021-08-26T16:15:04+00:00","dateModified":"2021-08-26T23:12:29+00:00","mainEntityOfPage":{"@id":"https:\/\/www.sonoraenequipo.com.mx\/con-coleccion-%e2%80%b221-para-el-21%e2%80%b2-gobierno-de-la-cuarta-transformacion-fomenta-habito-de-la-lectura\/"},"wordCount":575,"commentCount":0,"publisher":{"@id":"https:\/\/www.sonoraenequipo.com.mx\/#organization"},"image":{"@id":"https:\/\/www.sonoraenequipo.com.mx\/con-coleccion-%e2%80%b221-para-el-21%e2%80%b2-gobierno-de-la-cuarta-transformacion-fomenta-habito-de-la-lectura\/#primaryimage"},"thumbnailUrl":"https:\/\/www.sonoraenequipo.com.mx\/storage\/2021\/08\/26-08-2021-amlo_opt.jpg","articleSection":["Rep\u00fablica"],"inLanguage":"es","potentialAction":[{"@type":"CommentAction","name":"Comment","target":["https:\/\/www.sonoraenequipo.com.mx\/con-coleccion-%e2%80%b221-para-el-21%e2%80%b2-gobierno-de-la-cuarta-transformacion-fomenta-habito-de-la-lectura\/#respond"]}]},{"@type":"WebPage","@id":"https:\/\/www.sonoraenequipo.com.mx\/con-coleccion-%e2%80%b221-para-el-21%e2%80%b2-gobierno-de-la-cuarta-transformacion-fomenta-habito-de-la-lectura\/","url":"https:\/\/www.sonoraenequipo.com.mx\/con-coleccion-%e2%80%b221-para-el-21%e2%80%b2-gobierno-de-la-cuarta-transformacion-fomenta-habito-de-la-lectura\/","name":"Sonora en Equipo. Con colecci\u00f3n \u203221 para el 21\u2032, Gobierno de la Cuarta Transformaci\u00f3n fomenta h\u00e1bito de la lectura Rep\u00fablica","isPartOf":{"@id":"https:\/\/www.sonoraenequipo.com.mx\/#website"},"primaryImageOfPage":{"@id":"https:\/\/www.sonoraenequipo.com.mx\/con-coleccion-%e2%80%b221-para-el-21%e2%80%b2-gobierno-de-la-cuarta-transformacion-fomenta-habito-de-la-lectura\/#primaryimage"},"image":{"@id":"https:\/\/www.sonoraenequipo.com.mx\/con-coleccion-%e2%80%b221-para-el-21%e2%80%b2-gobierno-de-la-cuarta-transformacion-fomenta-habito-de-la-lectura\/#primaryimage"},"thumbnailUrl":"https:\/\/www.sonoraenequipo.com.mx\/storage\/2021\/08\/26-08-2021-amlo_opt.jpg","datePublished":"2021-08-26T16:15:04+00:00","dateModified":"2021-08-26T23:12:29+00:00","description":"CIUDAD DE M\u00c9XICO. MX. \u2014 El presidente Andr\u00e9s Manuel L\u00f3pez Obrador present\u00f3 la colecci\u00f3n \u201921 para el 21\u2032 del Fondo de Cultura Econ\u00f3mica (FCE), relacionada En Sonora en Equipo publicamos toda la informaci\u00f3n de Sonora, M\u00e9xico y el Mundo de manera oportuna y busca que la libertad de expresi\u00f3n sea real. Visita nuestro medio informativo publicado desde Hermosillo, Sonora. %","breadcrumb":{"@id":"https:\/\/www.sonoraenequipo.com.mx\/con-coleccion-%e2%80%b221-para-el-21%e2%80%b2-gobierno-de-la-cuarta-transformacion-fomenta-habito-de-la-lectura\/#breadcrumb"},"inLanguage":"es","potentialAction":[{"@type":"ReadAction","target":["https:\/\/www.sonoraenequipo.com.mx\/con-coleccion-%e2%80%b221-para-el-21%e2%80%b2-gobierno-de-la-cuarta-transformacion-fomenta-habito-de-la-lectura\/"]}]},{"@type":"ImageObject","inLanguage":"es","@id":"https:\/\/www.sonoraenequipo.com.mx\/con-coleccion-%e2%80%b221-para-el-21%e2%80%b2-gobierno-de-la-cuarta-transformacion-fomenta-habito-de-la-lectura\/#primaryimage","url":"https:\/\/www.sonoraenequipo.com.mx\/storage\/2021\/08\/26-08-2021-amlo_opt.jpg","contentUrl":"https:\/\/www.sonoraenequipo.com.mx\/storage\/2021\/08\/26-08-2021-amlo_opt.jpg","width":700,"height":400},{"@type":"BreadcrumbList","@id":"https:\/\/www.sonoraenequipo.com.mx\/con-coleccion-%e2%80%b221-para-el-21%e2%80%b2-gobierno-de-la-cuarta-transformacion-fomenta-habito-de-la-lectura\/#breadcrumb","itemListElement":[{"@type":"ListItem","position":1,"name":"Portada","item":"https:\/\/www.sonoraenequipo.com.mx\/"},{"@type":"ListItem","position":2,"name":"Con colecci\u00f3n \u203221 para el 21\u2032, Gobierno de la Cuarta Transformaci\u00f3n fomenta h\u00e1bito de la lectura"}]},{"@type":"WebSite","@id":"https:\/\/www.sonoraenequipo.com.mx\/#website","url":"https:\/\/www.sonoraenequipo.com.mx\/","name":"Sonora en Equipo.","description":"Diario en l\u00ednea con Noticias desde Hermosillo, Sonora","publisher":{"@id":"https:\/\/www.sonoraenequipo.com.mx\/#organization"},"potentialAction":[{"@type":"SearchAction","target":{"@type":"EntryPoint","urlTemplate":"https:\/\/www.sonoraenequipo.com.mx\/?s={search_term_string}"},"query-input":{"@type":"PropertyValueSpecification","valueRequired":true,"valueName":"search_term_string"}}],"inLanguage":"es"},{"@type":"Organization","@id":"https:\/\/www.sonoraenequipo.com.mx\/#organization","name":"Sonoraenequipo.com.mx","url":"https:\/\/www.sonoraenequipo.com.mx\/","logo":{"@type":"ImageObject","inLanguage":"es","@id":"https:\/\/www.sonoraenequipo.com.mx\/#\/schema\/logo\/image\/","url":"https:\/\/www.sonoraenequipo.com.mx\/storage\/2019\/01\/sonoraenequipo_opt.png","contentUrl":"https:\/\/www.sonoraenequipo.com.mx\/storage\/2019\/01\/sonoraenequipo_opt.png","width":375,"height":125,"caption":"Sonoraenequipo.com.mx"},"image":{"@id":"https:\/\/www.sonoraenequipo.com.mx\/#\/schema\/logo\/image\/"},"sameAs":["https:\/\/www.facebook.com\/SonoraEE\/","https:\/\/x.com\/sonoraenequipo","https:\/\/www.youtube.com\/channel\/UC338nW-lPEYmJQs4ZABQ1SQ"]},{"@type":"Person","@id":"https:\/\/www.sonoraenequipo.com.mx\/#\/schema\/person\/50102df0fb23a8fa9e8effad8fa81386","name":"enequipo","image":{"@type":"ImageObject","inLanguage":"es","@id":"https:\/\/www.sonoraenequipo.com.mx\/#\/schema\/person\/image\/","url":"https:\/\/secure.gravatar.com\/avatar\/049821681b589dabc0bc20695993ccebb09f5b5d4d790cd9251b97faac7c652b?s=96&d=blank&r=g","contentUrl":"https:\/\/secure.gravatar.com\/avatar\/049821681b589dabc0bc20695993ccebb09f5b5d4d790cd9251b97faac7c652b?s=96&d=blank&r=g","caption":"enequipo"},"sameAs":["https:\/\/www.facebook.com\/SonoraEE"]}]}},"jetpack_featured_media_url":"https:\/\/www.sonoraenequipo.com.mx\/storage\/2021\/08\/26-08-2021-amlo_opt.jpg","_links":{"self":[{"href":"https:\/\/www.sonoraenequipo.com.mx\/api\/wp\/v2\/posts\/121460","targetHints":{"allow":["GET"]}}],"collection":[{"href":"https:\/\/www.sonoraenequipo.com.mx\/api\/wp\/v2\/posts"}],"about":[{"href":"https:\/\/www.sonoraenequipo.com.mx\/api\/wp\/v2\/types\/post"}],"author":[{"embeddable":true,"href":"https:\/\/www.sonoraenequipo.com.mx\/api\/wp\/v2\/users\/1"}],"replies":[{"embeddable":true,"href":"https:\/\/www.sonoraenequipo.com.mx\/api\/wp\/v2\/comments?post=121460"}],"version-history":[{"count":1,"href":"https:\/\/www.sonoraenequipo.com.mx\/api\/wp\/v2\/posts\/121460\/revisions"}],"predecessor-version":[{"id":121462,"href":"https:\/\/www.sonoraenequipo.com.mx\/api\/wp\/v2\/posts\/121460\/revisions\/121462"}],"wp:featuredmedia":[{"embeddable":true,"href":"https:\/\/www.sonoraenequipo.com.mx\/api\/wp\/v2\/media\/121461"}],"wp:attachment":[{"href":"https:\/\/www.sonoraenequipo.com.mx\/api\/wp\/v2\/media?parent=121460"}],"wp:term":[{"taxonomy":"category","embeddable":true,"href":"https:\/\/www.sonoraenequipo.com.mx\/api\/wp\/v2\/categories?post=121460"},{"taxonomy":"post_tag","embeddable":true,"href":"https:\/\/www.sonoraenequipo.com.mx\/api\/wp\/v2\/tags?post=121460"}],"curies":[{"name":"wp","href":"https:\/\/api.w.org\/{rel}","templated":true}]}}