{"id":121463,"date":"2021-08-26T15:12:34","date_gmt":"2021-08-26T22:12:34","guid":{"rendered":"https:\/\/www.sonoraenequipo.com.mx\/?p=121463"},"modified":"2021-08-26T19:47:28","modified_gmt":"2021-08-27T02:47:28","slug":"mediante-videoconferencia-comparece-ricardo-anaya-ante-juez-federal","status":"publish","type":"post","link":"https:\/\/www.sonoraenequipo.com.mx\/mediante-videoconferencia-comparece-ricardo-anaya-ante-juez-federal\/","title":{"rendered":"Mediante videoconferencia, comparece Ricardo Anaya ante juez federal"},"content":{"rendered":"<p>CIUDAD DE M\u00c9XICO. MX. \u2014 El excandidato presidencial panista comparece ante Marco Antonio Fuerte Tapia, juez de control del Centro de Justicia Penal Federal en el Reclusorio Norte.<\/p>\n<p>&nbsp;<\/p>\n<p> <\/p>\n<p>El panista Ricardo Anaya comparece este jueves a trav\u00e9s de videoconferencia ante un juez federal por las acusaciones de la Fiscal\u00eda General de la Rep\u00fablica (FGR) de que recibi\u00f3 sobornos de 6.8 millones de pesos.<\/p>\n<p>&nbsp;<\/p>\n<p>El excandidato presidencial panista comparece ante Marco Antonio Fuerte Tapia, juez de control del Centro de Justicia Penal Federal en el Reclusorio Norte de la Ciudad de M\u00e9xico.<\/p>\n<p>&nbsp;<\/p>\n<p>En un comunicado difundido el mi\u00e9rcoles, la Fiscal\u00eda dijo que <em>\u201cseg\u00fan consta en diligencias ministeriales\u201d<\/em> ese soborno fue entregado a Anaya<em> \u201cpor una persona de confianza\u201d<\/em> del exdirector de Pemex, Emilio Lozoya, <em>\u201cen las instalaciones de la C\u00e1mara de Diputados, en el a\u00f1o 2014\u201d.<\/em><\/p>\n<p>&nbsp;<\/p>\n<p>Lozoya denunci\u00f3 el a\u00f1o pasado que en 2014 recibi\u00f3 la orden de entregar 6,8 millones de pesos a Anaya, entonces legislador del Partido Acci\u00f3n Nacional (PAN), para que votara a favor de la reforma energ\u00e9tica del presidente Enrique Pe\u00f1a Nieto, del Partido Revolucionario Institucional (PRI).<\/p>\n<p>&nbsp;<\/p>\n<p><em>\u201cPosteriormente, y de conformidad con lo se\u00f1alado en el Diario de Debates de la C\u00e1mara de Diputados, donde se aprob\u00f3 la reforma constitucional en materia energ\u00e9tica, qued\u00f3 constancia<\/em>\u201d de que Ricardo Anaya \u201c<em>vot\u00f3 a favor de la misma\u201d<\/em>, a\u00f1adi\u00f3 la Fiscal\u00eda.<\/p>\n<p>&nbsp;<\/p>\n<p>Adem\u00e1s, dijo que dos testigos <em>\u201cmanifestaron haber presenciado diversas visitas\u201d<\/em> de Anaya y otros legisladores a las oficinas de Lozoya en la sede de Pemex.<\/p>\n<p>&nbsp;<\/p>\n<p>Seg\u00fan la Fiscal\u00eda, la reforma energ\u00e9tica sirvi\u00f3 para privatizar \u201cla producci\u00f3n petrolera mexicana, en favor de empresas extranjeras, como Odebrecht Brasil\u201d.<\/p>\n<p>&nbsp;<\/p>\n<p><em>\u201cLa secuencia de todas las diligencias se\u00f1aladas, que pueden aportarse en versi\u00f3n p\u00fablica, m\u00e1s otras adicionales, evidencian una l\u00ednea clara y consecuente de hechos delictivos que tuvieron por objeto entregar el patrimonio petrolero del pa\u00eds a intereses y a empresas extranjeras\u201d,<\/em> expres\u00f3 el Ministerio P\u00fablico.<\/p>\n<p>&nbsp;<\/p>\n<p>Tras el comunicado, Anaya respondi\u00f3 en Twitter que en la Fiscal\u00eda son unos <em>\u201cincompetentes\u201d<\/em> ya que su voto a favor de la reforma <em><strong>\u201cfue ocho meses antes de la supuesta entrega\u201d<\/strong><\/em> denunciada por Lozoya.<\/p>\n<p>&nbsp;<\/p>\n<p>Anaya Cort\u00e9s, quien fue candidato presidencial del PAN en 2018 y perdi\u00f3 contra el actual presidente, Andr\u00e9s Manuel L\u00f3pez Obrador, fue citado a declarar este jueves pero avanz\u00f3 que no acudir\u00e1 porque se considera v\u00edctima de una \u201cpersecuci\u00f3n pol\u00edtica\u201d del actual Gobierno.<\/p>\n<p>&nbsp;<\/p>\n<p>&nbsp;<\/p>\n<p>(Publicada el 26\/08\/2021)<\/p>\n","protected":false},"excerpt":{"rendered":"<p>CIUDAD DE M\u00c9XICO. MX. \u2014 El excandidato presidencial panista comparece ante Marco Antonio Fuerte Tapia,&#8230;<\/p>\n","protected":false},"author":1,"featured_media":121472,"comment_status":"open","ping_status":"open","sticky":false,"template":"","format":"standard","meta":{"_monsterinsights_skip_tracking":false,"_monsterinsights_sitenote_active":false,"_monsterinsights_sitenote_note":"","_monsterinsights_sitenote_category":0,"footnotes":""},"categories":[1],"tags":[],"class_list":["post"],"yoast_head":" \n<title>Sonora en Equipo. Mediante videoconferencia, comparece Ricardo Anaya ante juez federal<\/title>\n<meta name=\"description\" content=\"CIUDAD DE M\u00c9XICO. MX. \u2014 El excandidato presidencial panista comparece ante Marco Antonio Fuerte Tapia, juez de control del Centro de Justicia Penal En Sonora en Equipo publicamos toda la informaci\u00f3n de Sonora, M\u00e9xico y el Mundo de manera oportuna y busca que la libertad de expresi\u00f3n sea real. Visita nuestro medio informativo publicado desde Hermosillo, Sonora. %\" \/>\n<meta name=\"robots\" content=\"index, follow, max-snippet:-1, max-image-preview:large, max-video-preview:-1\" \/>\n<link rel=\"canonical\" href=\"https:\/\/www.sonoraenequipo.com.mx\/mediante-videoconferencia-comparece-ricardo-anaya-ante-juez-federal\/\" \/>\n<meta property=\"og:locale\" content=\"es_ES\" \/>\n<meta property=\"og:type\" content=\"article\" \/>\n<meta property=\"og:title\" content=\"Sonora en Equipo. Mediante videoconferencia, comparece Ricardo Anaya ante juez federal\" \/>\n<meta property=\"og:description\" content=\"CIUDAD DE M\u00c9XICO. MX. \u2014 El excandidato presidencial panista comparece ante Marco Antonio Fuerte Tapia, juez de control del Centro de Justicia Penal En Sonora en Equipo publicamos toda la informaci\u00f3n de Sonora, M\u00e9xico y el Mundo de manera oportuna y busca que la libertad de expresi\u00f3n sea real. Visita nuestro medio informativo publicado desde Hermosillo, Sonora. %\" \/>\n<meta property=\"og:url\" content=\"https:\/\/www.sonoraenequipo.com.mx\/mediante-videoconferencia-comparece-ricardo-anaya-ante-juez-federal\/\" \/>\n<meta property=\"og:site_name\" content=\"Sonora en Equipo.\" \/>\n<meta property=\"article:publisher\" content=\"https:\/\/www.facebook.com\/SonoraEE\/\" \/>\n<meta property=\"article:author\" content=\"https:\/\/www.facebook.com\/SonoraEE\" \/>\n<meta property=\"article:published_time\" content=\"2021-08-26T22:12:34+00:00\" \/>\n<meta property=\"article:modified_time\" content=\"2021-08-27T02:47:28+00:00\" \/>\n<meta property=\"og:image\" content=\"https:\/\/www.sonoraenequipo.com.mx\/storage\/2021\/08\/riki-riquin-canallin_opt.jpg\" \/>\n\t<meta property=\"og:image:width\" content=\"700\" \/>\n\t<meta property=\"og:image:height\" content=\"400\" \/>\n\t<meta property=\"og:image:type\" content=\"image\/jpeg\" \/>\n<meta name=\"author\" content=\"enequipo\" \/>\n<meta name=\"twitter:card\" content=\"summary_large_image\" \/>\n<meta name=\"twitter:creator\" content=\"@sonoraenequipo\" \/>\n<meta name=\"twitter:site\" content=\"@sonoraenequipo\" \/>\n<meta name=\"twitter:label1\" content=\"Escrito por\" \/>\n\t<meta name=\"twitter:data1\" content=\"enequipo\" \/>\n\t<meta name=\"twitter:label2\" content=\"Tiempo de lectura\" \/>\n\t<meta name=\"twitter:data2\" content=\"2 minutos\" \/>\n<script type=\"application\/ld+json\" class=\"yoast-schema-graph\">{\"@context\":\"https:\/\/schema.org\",\"@graph\":[{\"@type\":\"Article\",\"@id\":\"https:\/\/www.sonoraenequipo.com.mx\/mediante-videoconferencia-comparece-ricardo-anaya-ante-juez-federal\/#article\",\"isPartOf\":{\"@id\":\"https:\/\/www.sonoraenequipo.com.mx\/mediante-videoconferencia-comparece-ricardo-anaya-ante-juez-federal\/\"},\"author\":{\"name\":\"enequipo\",\"@id\":\"https:\/\/www.sonoraenequipo.com.mx\/#\/schema\/person\/50102df0fb23a8fa9e8effad8fa81386\"},\"headline\":\"Mediante videoconferencia, comparece Ricardo Anaya ante juez federal\",\"datePublished\":\"2021-08-26T22:12:34+00:00\",\"dateModified\":\"2021-08-27T02:47:28+00:00\",\"mainEntityOfPage\":{\"@id\":\"https:\/\/www.sonoraenequipo.com.mx\/mediante-videoconferencia-comparece-ricardo-anaya-ante-juez-federal\/\"},\"wordCount\":442,\"commentCount\":0,\"publisher\":{\"@id\":\"https:\/\/www.sonoraenequipo.com.mx\/#organization\"},\"image\":{\"@id\":\"https:\/\/www.sonoraenequipo.com.mx\/mediante-videoconferencia-comparece-ricardo-anaya-ante-juez-federal\/#primaryimage\"},\"thumbnailUrl\":\"https:\/\/www.sonoraenequipo.com.mx\/storage\/2021\/08\/riki-riquin-canallin_opt.jpg\",\"articleSection\":[\"Sin categorizar\"],\"inLanguage\":\"es\",\"potentialAction\":[{\"@type\":\"CommentAction\",\"name\":\"Comment\",\"target\":[\"https:\/\/www.sonoraenequipo.com.mx\/mediante-videoconferencia-comparece-ricardo-anaya-ante-juez-federal\/#respond\"]}]},{\"@type\":\"WebPage\",\"@id\":\"https:\/\/www.sonoraenequipo.com.mx\/mediante-videoconferencia-comparece-ricardo-anaya-ante-juez-federal\/\",\"url\":\"https:\/\/www.sonoraenequipo.com.mx\/mediante-videoconferencia-comparece-ricardo-anaya-ante-juez-federal\/\",\"name\":\"Sonora en Equipo. Mediante videoconferencia, comparece Ricardo Anaya ante juez federal\",\"isPartOf\":{\"@id\":\"https:\/\/www.sonoraenequipo.com.mx\/#website\"},\"primaryImageOfPage\":{\"@id\":\"https:\/\/www.sonoraenequipo.com.mx\/mediante-videoconferencia-comparece-ricardo-anaya-ante-juez-federal\/#primaryimage\"},\"image\":{\"@id\":\"https:\/\/www.sonoraenequipo.com.mx\/mediante-videoconferencia-comparece-ricardo-anaya-ante-juez-federal\/#primaryimage\"},\"thumbnailUrl\":\"https:\/\/www.sonoraenequipo.com.mx\/storage\/2021\/08\/riki-riquin-canallin_opt.jpg\",\"datePublished\":\"2021-08-26T22:12:34+00:00\",\"dateModified\":\"2021-08-27T02:47:28+00:00\",\"description\":\"CIUDAD DE M\u00c9XICO. MX. \u2014 El excandidato presidencial panista comparece ante Marco Antonio Fuerte Tapia, juez de control del Centro de Justicia Penal En Sonora en Equipo publicamos toda la informaci\u00f3n de Sonora, M\u00e9xico y el Mundo de manera oportuna y busca que la libertad de expresi\u00f3n sea real. Visita nuestro medio informativo publicado desde Hermosillo, Sonora. %\",\"breadcrumb\":{\"@id\":\"https:\/\/www.sonoraenequipo.com.mx\/mediante-videoconferencia-comparece-ricardo-anaya-ante-juez-federal\/#breadcrumb\"},\"inLanguage\":\"es\",\"potentialAction\":[{\"@type\":\"ReadAction\",\"target\":[\"https:\/\/www.sonoraenequipo.com.mx\/mediante-videoconferencia-comparece-ricardo-anaya-ante-juez-federal\/\"]}]},{\"@type\":\"ImageObject\",\"inLanguage\":\"es\",\"@id\":\"https:\/\/www.sonoraenequipo.com.mx\/mediante-videoconferencia-comparece-ricardo-anaya-ante-juez-federal\/#primaryimage\",\"url\":\"https:\/\/www.sonoraenequipo.com.mx\/storage\/2021\/08\/riki-riquin-canallin_opt.jpg\",\"contentUrl\":\"https:\/\/www.sonoraenequipo.com.mx\/storage\/2021\/08\/riki-riquin-canallin_opt.jpg\",\"width\":700,\"height\":400},{\"@type\":\"BreadcrumbList\",\"@id\":\"https:\/\/www.sonoraenequipo.com.mx\/mediante-videoconferencia-comparece-ricardo-anaya-ante-juez-federal\/#breadcrumb\",\"itemListElement\":[{\"@type\":\"ListItem\",\"position\":1,\"name\":\"Portada\",\"item\":\"https:\/\/www.sonoraenequipo.com.mx\/\"},{\"@type\":\"ListItem\",\"position\":2,\"name\":\"Mediante videoconferencia, comparece Ricardo Anaya ante juez federal\"}]},{\"@type\":\"WebSite\",\"@id\":\"https:\/\/www.sonoraenequipo.com.mx\/#website\",\"url\":\"https:\/\/www.sonoraenequipo.com.mx\/\",\"name\":\"Sonora en Equipo.\",\"description\":\"Diario en l\u00ednea con Noticias desde Hermosillo, Sonora\",\"publisher\":{\"@id\":\"https:\/\/www.sonoraenequipo.com.mx\/#organization\"},\"potentialAction\":[{\"@type\":\"SearchAction\",\"target\":{\"@type\":\"EntryPoint\",\"urlTemplate\":\"https:\/\/www.sonoraenequipo.com.mx\/?s={search_term_string}\"},\"query-input\":{\"@type\":\"PropertyValueSpecification\",\"valueRequired\":true,\"valueName\":\"search_term_string\"}}],\"inLanguage\":\"es\"},{\"@type\":\"Organization\",\"@id\":\"https:\/\/www.sonoraenequipo.com.mx\/#organization\",\"name\":\"Sonoraenequipo.com.mx\",\"url\":\"https:\/\/www.sonoraenequipo.com.mx\/\",\"logo\":{\"@type\":\"ImageObject\",\"inLanguage\":\"es\",\"@id\":\"https:\/\/www.sonoraenequipo.com.mx\/#\/schema\/logo\/image\/\",\"url\":\"https:\/\/www.sonoraenequipo.com.mx\/storage\/2019\/01\/sonoraenequipo_opt.png\",\"contentUrl\":\"https:\/\/www.sonoraenequipo.com.mx\/storage\/2019\/01\/sonoraenequipo_opt.png\",\"width\":375,\"height\":125,\"caption\":\"Sonoraenequipo.com.mx\"},\"image\":{\"@id\":\"https:\/\/www.sonoraenequipo.com.mx\/#\/schema\/logo\/image\/\"},\"sameAs\":[\"https:\/\/www.facebook.com\/SonoraEE\/\",\"https:\/\/x.com\/sonoraenequipo\",\"https:\/\/www.youtube.com\/channel\/UC338nW-lPEYmJQs4ZABQ1SQ\"]},{\"@type\":\"Person\",\"@id\":\"https:\/\/www.sonoraenequipo.com.mx\/#\/schema\/person\/50102df0fb23a8fa9e8effad8fa81386\",\"name\":\"enequipo\",\"image\":{\"@type\":\"ImageObject\",\"inLanguage\":\"es\",\"@id\":\"https:\/\/www.sonoraenequipo.com.mx\/#\/schema\/person\/image\/\",\"url\":\"https:\/\/secure.gravatar.com\/avatar\/049821681b589dabc0bc20695993ccebb09f5b5d4d790cd9251b97faac7c652b?s=96&d=blank&r=g\",\"contentUrl\":\"https:\/\/secure.gravatar.com\/avatar\/049821681b589dabc0bc20695993ccebb09f5b5d4d790cd9251b97faac7c652b?s=96&d=blank&r=g\",\"caption\":\"enequipo\"},\"sameAs\":[\"https:\/\/www.facebook.com\/SonoraEE\"]}]}<\/script>\n ","yoast_head_json":{"title":"Sonora en Equipo. Mediante videoconferencia, comparece Ricardo Anaya ante juez federal","description":"CIUDAD DE M\u00c9XICO. MX. \u2014 El excandidato presidencial panista comparece ante Marco Antonio Fuerte Tapia, juez de control del Centro de Justicia Penal En Sonora en Equipo publicamos toda la informaci\u00f3n de Sonora, M\u00e9xico y el Mundo de manera oportuna y busca que la libertad de expresi\u00f3n sea real. Visita nuestro medio informativo publicado desde Hermosillo, Sonora. %","robots":{"index":"index","follow":"follow","max-snippet":"max-snippet:-1","max-image-preview":"max-image-preview:large","max-video-preview":"max-video-preview:-1"},"canonical":"https:\/\/www.sonoraenequipo.com.mx\/mediante-videoconferencia-comparece-ricardo-anaya-ante-juez-federal\/","og_locale":"es_ES","og_type":"article","og_title":"Sonora en Equipo. Mediante videoconferencia, comparece Ricardo Anaya ante juez federal","og_description":"CIUDAD DE M\u00c9XICO. MX. \u2014 El excandidato presidencial panista comparece ante Marco Antonio Fuerte Tapia, juez de control del Centro de Justicia Penal En Sonora en Equipo publicamos toda la informaci\u00f3n de Sonora, M\u00e9xico y el Mundo de manera oportuna y busca que la libertad de expresi\u00f3n sea real. Visita nuestro medio informativo publicado desde Hermosillo, Sonora. %","og_url":"https:\/\/www.sonoraenequipo.com.mx\/mediante-videoconferencia-comparece-ricardo-anaya-ante-juez-federal\/","og_site_name":"Sonora en Equipo.","article_publisher":"https:\/\/www.facebook.com\/SonoraEE\/","article_author":"https:\/\/www.facebook.com\/SonoraEE","article_published_time":"2021-08-26T22:12:34+00:00","article_modified_time":"2021-08-27T02:47:28+00:00","og_image":[{"width":700,"height":400,"url":"https:\/\/www.sonoraenequipo.com.mx\/storage\/2021\/08\/riki-riquin-canallin_opt.jpg","type":"image\/jpeg"}],"author":"enequipo","twitter_card":"summary_large_image","twitter_creator":"@sonoraenequipo","twitter_site":"@sonoraenequipo","twitter_misc":{"Escrito por":"enequipo","Tiempo de lectura":"2 minutos"},"schema":{"@context":"https:\/\/schema.org","@graph":[{"@type":"Article","@id":"https:\/\/www.sonoraenequipo.com.mx\/mediante-videoconferencia-comparece-ricardo-anaya-ante-juez-federal\/#article","isPartOf":{"@id":"https:\/\/www.sonoraenequipo.com.mx\/mediante-videoconferencia-comparece-ricardo-anaya-ante-juez-federal\/"},"author":{"name":"enequipo","@id":"https:\/\/www.sonoraenequipo.com.mx\/#\/schema\/person\/50102df0fb23a8fa9e8effad8fa81386"},"headline":"Mediante videoconferencia, comparece Ricardo Anaya ante juez federal","datePublished":"2021-08-26T22:12:34+00:00","dateModified":"2021-08-27T02:47:28+00:00","mainEntityOfPage":{"@id":"https:\/\/www.sonoraenequipo.com.mx\/mediante-videoconferencia-comparece-ricardo-anaya-ante-juez-federal\/"},"wordCount":442,"commentCount":0,"publisher":{"@id":"https:\/\/www.sonoraenequipo.com.mx\/#organization"},"image":{"@id":"https:\/\/www.sonoraenequipo.com.mx\/mediante-videoconferencia-comparece-ricardo-anaya-ante-juez-federal\/#primaryimage"},"thumbnailUrl":"https:\/\/www.sonoraenequipo.com.mx\/storage\/2021\/08\/riki-riquin-canallin_opt.jpg","articleSection":["Sin categorizar"],"inLanguage":"es","potentialAction":[{"@type":"CommentAction","name":"Comment","target":["https:\/\/www.sonoraenequipo.com.mx\/mediante-videoconferencia-comparece-ricardo-anaya-ante-juez-federal\/#respond"]}]},{"@type":"WebPage","@id":"https:\/\/www.sonoraenequipo.com.mx\/mediante-videoconferencia-comparece-ricardo-anaya-ante-juez-federal\/","url":"https:\/\/www.sonoraenequipo.com.mx\/mediante-videoconferencia-comparece-ricardo-anaya-ante-juez-federal\/","name":"Sonora en Equipo. Mediante videoconferencia, comparece Ricardo Anaya ante juez federal","isPartOf":{"@id":"https:\/\/www.sonoraenequipo.com.mx\/#website"},"primaryImageOfPage":{"@id":"https:\/\/www.sonoraenequipo.com.mx\/mediante-videoconferencia-comparece-ricardo-anaya-ante-juez-federal\/#primaryimage"},"image":{"@id":"https:\/\/www.sonoraenequipo.com.mx\/mediante-videoconferencia-comparece-ricardo-anaya-ante-juez-federal\/#primaryimage"},"thumbnailUrl":"https:\/\/www.sonoraenequipo.com.mx\/storage\/2021\/08\/riki-riquin-canallin_opt.jpg","datePublished":"2021-08-26T22:12:34+00:00","dateModified":"2021-08-27T02:47:28+00:00","description":"CIUDAD DE M\u00c9XICO. MX. \u2014 El excandidato presidencial panista comparece ante Marco Antonio Fuerte Tapia, juez de control del Centro de Justicia Penal En Sonora en Equipo publicamos toda la informaci\u00f3n de Sonora, M\u00e9xico y el Mundo de manera oportuna y busca que la libertad de expresi\u00f3n sea real. Visita nuestro medio informativo publicado desde Hermosillo, Sonora. %","breadcrumb":{"@id":"https:\/\/www.sonoraenequipo.com.mx\/mediante-videoconferencia-comparece-ricardo-anaya-ante-juez-federal\/#breadcrumb"},"inLanguage":"es","potentialAction":[{"@type":"ReadAction","target":["https:\/\/www.sonoraenequipo.com.mx\/mediante-videoconferencia-comparece-ricardo-anaya-ante-juez-federal\/"]}]},{"@type":"ImageObject","inLanguage":"es","@id":"https:\/\/www.sonoraenequipo.com.mx\/mediante-videoconferencia-comparece-ricardo-anaya-ante-juez-federal\/#primaryimage","url":"https:\/\/www.sonoraenequipo.com.mx\/storage\/2021\/08\/riki-riquin-canallin_opt.jpg","contentUrl":"https:\/\/www.sonoraenequipo.com.mx\/storage\/2021\/08\/riki-riquin-canallin_opt.jpg","width":700,"height":400},{"@type":"BreadcrumbList","@id":"https:\/\/www.sonoraenequipo.com.mx\/mediante-videoconferencia-comparece-ricardo-anaya-ante-juez-federal\/#breadcrumb","itemListElement":[{"@type":"ListItem","position":1,"name":"Portada","item":"https:\/\/www.sonoraenequipo.com.mx\/"},{"@type":"ListItem","position":2,"name":"Mediante videoconferencia, comparece Ricardo Anaya ante juez federal"}]},{"@type":"WebSite","@id":"https:\/\/www.sonoraenequipo.com.mx\/#website","url":"https:\/\/www.sonoraenequipo.com.mx\/","name":"Sonora en Equipo.","description":"Diario en l\u00ednea con Noticias desde Hermosillo, Sonora","publisher":{"@id":"https:\/\/www.sonoraenequipo.com.mx\/#organization"},"potentialAction":[{"@type":"SearchAction","target":{"@type":"EntryPoint","urlTemplate":"https:\/\/www.sonoraenequipo.com.mx\/?s={search_term_string}"},"query-input":{"@type":"PropertyValueSpecification","valueRequired":true,"valueName":"search_term_string"}}],"inLanguage":"es"},{"@type":"Organization","@id":"https:\/\/www.sonoraenequipo.com.mx\/#organization","name":"Sonoraenequipo.com.mx","url":"https:\/\/www.sonoraenequipo.com.mx\/","logo":{"@type":"ImageObject","inLanguage":"es","@id":"https:\/\/www.sonoraenequipo.com.mx\/#\/schema\/logo\/image\/","url":"https:\/\/www.sonoraenequipo.com.mx\/storage\/2019\/01\/sonoraenequipo_opt.png","contentUrl":"https:\/\/www.sonoraenequipo.com.mx\/storage\/2019\/01\/sonoraenequipo_opt.png","width":375,"height":125,"caption":"Sonoraenequipo.com.mx"},"image":{"@id":"https:\/\/www.sonoraenequipo.com.mx\/#\/schema\/logo\/image\/"},"sameAs":["https:\/\/www.facebook.com\/SonoraEE\/","https:\/\/x.com\/sonoraenequipo","https:\/\/www.youtube.com\/channel\/UC338nW-lPEYmJQs4ZABQ1SQ"]},{"@type":"Person","@id":"https:\/\/www.sonoraenequipo.com.mx\/#\/schema\/person\/50102df0fb23a8fa9e8effad8fa81386","name":"enequipo","image":{"@type":"ImageObject","inLanguage":"es","@id":"https:\/\/www.sonoraenequipo.com.mx\/#\/schema\/person\/image\/","url":"https:\/\/secure.gravatar.com\/avatar\/049821681b589dabc0bc20695993ccebb09f5b5d4d790cd9251b97faac7c652b?s=96&d=blank&r=g","contentUrl":"https:\/\/secure.gravatar.com\/avatar\/049821681b589dabc0bc20695993ccebb09f5b5d4d790cd9251b97faac7c652b?s=96&d=blank&r=g","caption":"enequipo"},"sameAs":["https:\/\/www.facebook.com\/SonoraEE"]}]}},"jetpack_featured_media_url":"https:\/\/www.sonoraenequipo.com.mx\/storage\/2021\/08\/riki-riquin-canallin_opt.jpg","_links":{"self":[{"href":"https:\/\/www.sonoraenequipo.com.mx\/api\/wp\/v2\/posts\/121463","targetHints":{"allow":["GET"]}}],"collection":[{"href":"https:\/\/www.sonoraenequipo.com.mx\/api\/wp\/v2\/posts"}],"about":[{"href":"https:\/\/www.sonoraenequipo.com.mx\/api\/wp\/v2\/types\/post"}],"author":[{"embeddable":true,"href":"https:\/\/www.sonoraenequipo.com.mx\/api\/wp\/v2\/users\/1"}],"replies":[{"embeddable":true,"href":"https:\/\/www.sonoraenequipo.com.mx\/api\/wp\/v2\/comments?post=121463"}],"version-history":[{"count":1,"href":"https:\/\/www.sonoraenequipo.com.mx\/api\/wp\/v2\/posts\/121463\/revisions"}],"predecessor-version":[{"id":121464,"href":"https:\/\/www.sonoraenequipo.com.mx\/api\/wp\/v2\/posts\/121463\/revisions\/121464"}],"wp:featuredmedia":[{"embeddable":true,"href":"https:\/\/www.sonoraenequipo.com.mx\/api\/wp\/v2\/media\/121472"}],"wp:attachment":[{"href":"https:\/\/www.sonoraenequipo.com.mx\/api\/wp\/v2\/media?parent=121463"}],"wp:term":[{"taxonomy":"category","embeddable":true,"href":"https:\/\/www.sonoraenequipo.com.mx\/api\/wp\/v2\/categories?post=121463"},{"taxonomy":"post_tag","embeddable":true,"href":"https:\/\/www.sonoraenequipo.com.mx\/api\/wp\/v2\/tags?post=121463"}],"curies":[{"name":"wp","href":"https:\/\/api.w.org\/{rel}","templated":true}]}}