{"id":121479,"date":"2021-08-26T20:25:23","date_gmt":"2021-08-27T03:25:23","guid":{"rendered":"https:\/\/www.sonoraenequipo.com.mx\/?p=121479"},"modified":"2021-08-27T09:32:12","modified_gmt":"2021-08-27T16:32:12","slug":"el-feminicidio-es-un-acto-de-amor-aseguro-director-del-iie-de-la-unam","status":"publish","type":"post","link":"https:\/\/www.sonoraenequipo.com.mx\/el-feminicidio-es-un-acto-de-amor-aseguro-director-del-iie-de-la-unam\/","title":{"rendered":"\u201cEl feminicidio es un acto de amor\u201d, asegur\u00f3 director del IIE de la UNAM"},"content":{"rendered":"<p>CIUDAD DE M\u00c9XICO.MX. \u2014<em> \u201cEl feminicidio es un acto de amor\u201d,<\/em> estas fueron las palabras del Dr. Iv\u00e1n Ruiz Garc\u00eda, director del Instituto de Investigaci\u00f3n Est\u00e9ticas de la UNAM durante una entrevista para Radio UNAM.<\/p>\n<p>&nbsp;<\/p>\n<p> <\/p>\n<p>Al respecto la Comisi\u00f3n Interna de Equidad G\u00e9nero del IIE se\u00f1al\u00f3 que estos lamentables comentarios fueron hechos el pasado 30 de junio en el noticiero matutino Primer Movimiento de Radio UNAM con motivo de la presentaci\u00f3n de su libro.<\/p>\n<h3>\n\u201c\u2026Porque la tortura, la cercenaci\u00f3n, la huella sobre el cad\u00e1ver es una pasi\u00f3n del alma\u201c, refiri\u00f3.<\/h3>\n<p>En este programa, el funcionario de la m\u00e1xima casa de estudios <em>\u201cexpres\u00f3 comentarios lamentables que normalizan la violencia y se oponen a los principios de respeto y equidad de g\u00e9nero por los que la comunidad dcl Instituto de Investigaciones Est\u00e9ticas ha trabajado<\/em><br \/>\n<em>incansablemente\u201d<\/em><\/p>\n<p><em>\u201cEl feminicidio por m\u00e1s horroroso que pueda ser es un acto de amor y acto de pasiones del alma\u201d,<\/em> abund\u00f3 en la entrevista Ruiz Garc\u00eda.<\/p>\n<blockquote class=\"twitter-tweet\" data-width=\"550\" data-dnt=\"true\">\n<p lang=\"es\" dir=\"ltr\">Hoy <a href=\"https:\/\/twitter.com\/Indomita_Versa?ref_src=twsrc%5Etfw\">@Indomita_Versa<\/a> comparti\u00f3 las misoginas declaraciones del director del instituto de est\u00e9ticas de la UNAM, Iv\u00e1n Ruiz, el tipo afirma que los feminicidios son un acto de amor\u2026 \u00bfy adivinen seg\u00fan \u00e9l a qu\u00e9 feminista reconoce y cita? A Rita Segato, as\u00ed es: <a href=\"https:\/\/t.co\/LJoWMDqHhK\">pic.twitter.com\/LJoWMDqHhK<\/a><\/p>\n<p>&mdash; Alba Calder\u00f3n (@soldealba) <a href=\"https:\/\/twitter.com\/soldealba\/status\/1430752879342673923?ref_src=twsrc%5Etfw\">August 26, 2021<\/a><\/p><\/blockquote>\n<p><script async src=\"https:\/\/platform.twitter.com\/widgets.js\" charset=\"utf-8\"><\/script><\/p>\n<p>Esto que provoc\u00f3 una oleada de rechazo de parte de la comunidad estudiantil, que pidieron a la UNAM tomar cartas en el asunto.<\/p>\n<p>El IIE enfatiz\u00f3 que si bien las declaraciones fueron realizadas en el ejercicio de su cargo como director del Instituto, estas <em>\u201cno representan e] esp\u00edritu de esta comunidad, que est\u00e1 comprometida con las acciones encaminadas a promover la lucha contra la violencia de g\u00e9nero y a favor de la equidad\u201d.<\/em><\/p>\n<p>&nbsp;<\/p>\n<p>La Comisi\u00f3n se comprometi\u00f3 a realizar esfuerzos para procurar la erradicaci\u00f3n de la violencia contra las mujeres y solicit\u00f3 a la UNAM evaluar las medidas pertinentes para en su caso, sancionar las responsabilidades que correspondan.<\/p>\n<p><a class=\"twitter-timeline\" data-width=\"640\" data-height=\"960\" data-dnt=\"true\" href=\"https:\/\/twitter.com\/soldealba?ref_src=twsrc%5Etfw\">Tweets by soldealba<\/a><script async src=\"https:\/\/platform.twitter.com\/widgets.js\" charset=\"utf-8\"><\/script><\/p>\n<p>&nbsp;<\/p>\n<p>&nbsp;<\/p>\n<p>&nbsp;<\/p>\n<p>(Publicada el 26\/08\/2021<\/p>\n","protected":false},"excerpt":{"rendered":"<p>CIUDAD DE M\u00c9XICO.MX. \u2014 \u201cEl feminicidio es un acto de amor\u201d, estas fueron las palabras&#8230;<\/p>\n","protected":false},"author":1,"featured_media":121480,"comment_status":"open","ping_status":"open","sticky":false,"template":"","format":"standard","meta":{"_monsterinsights_skip_tracking":false,"_monsterinsights_sitenote_active":false,"_monsterinsights_sitenote_note":"","_monsterinsights_sitenote_category":0,"footnotes":""},"categories":[22],"tags":[],"class_list":["post"],"yoast_head":" \n<title>Sonora en Equipo. \u201cEl feminicidio es un acto de amor\u201d, asegur\u00f3 director del IIE de la UNAM Sonora<\/title>\n<meta name=\"description\" content=\"CIUDAD DE M\u00c9XICO.MX. \u2014 \u201cEl feminicidio es un acto de amor\u201d, estas fueron las palabras del Dr. Iv\u00e1n Ruiz Garc\u00eda, director del Instituto de Investigaci\u00f3n En Sonora en Equipo publicamos toda la informaci\u00f3n de Sonora, M\u00e9xico y el Mundo de manera oportuna y busca que la libertad de expresi\u00f3n sea real. Visita nuestro medio informativo publicado desde Hermosillo, Sonora. %\" \/>\n<meta name=\"robots\" content=\"index, follow, max-snippet:-1, max-image-preview:large, max-video-preview:-1\" \/>\n<link rel=\"canonical\" href=\"https:\/\/www.sonoraenequipo.com.mx\/el-feminicidio-es-un-acto-de-amor-aseguro-director-del-iie-de-la-unam\/\" \/>\n<meta property=\"og:locale\" content=\"es_ES\" \/>\n<meta property=\"og:type\" content=\"article\" \/>\n<meta property=\"og:title\" content=\"Sonora en Equipo. \u201cEl feminicidio es un acto de amor\u201d, asegur\u00f3 director del IIE de la UNAM Sonora\" \/>\n<meta property=\"og:description\" content=\"CIUDAD DE M\u00c9XICO.MX. \u2014 \u201cEl feminicidio es un acto de amor\u201d, estas fueron las palabras del Dr. Iv\u00e1n Ruiz Garc\u00eda, director del Instituto de Investigaci\u00f3n En Sonora en Equipo publicamos toda la informaci\u00f3n de Sonora, M\u00e9xico y el Mundo de manera oportuna y busca que la libertad de expresi\u00f3n sea real. Visita nuestro medio informativo publicado desde Hermosillo, Sonora. %\" \/>\n<meta property=\"og:url\" content=\"https:\/\/www.sonoraenequipo.com.mx\/el-feminicidio-es-un-acto-de-amor-aseguro-director-del-iie-de-la-unam\/\" \/>\n<meta property=\"og:site_name\" content=\"Sonora en Equipo.\" \/>\n<meta property=\"article:publisher\" content=\"https:\/\/www.facebook.com\/SonoraEE\/\" \/>\n<meta property=\"article:author\" content=\"https:\/\/www.facebook.com\/SonoraEE\" \/>\n<meta property=\"article:published_time\" content=\"2021-08-27T03:25:23+00:00\" \/>\n<meta property=\"article:modified_time\" content=\"2021-08-27T16:32:12+00:00\" \/>\n<meta property=\"og:image\" content=\"https:\/\/www.sonoraenequipo.com.mx\/storage\/2021\/08\/Ivan-Ruiz-Garcia-UNAM-feminicidio_opt.jpg\" \/>\n\t<meta property=\"og:image:width\" content=\"700\" \/>\n\t<meta property=\"og:image:height\" content=\"400\" \/>\n\t<meta property=\"og:image:type\" content=\"image\/jpeg\" \/>\n<meta name=\"author\" content=\"enequipo\" \/>\n<meta name=\"twitter:card\" content=\"summary_large_image\" \/>\n<meta name=\"twitter:creator\" content=\"@sonoraenequipo\" \/>\n<meta name=\"twitter:site\" content=\"@sonoraenequipo\" \/>\n<meta name=\"twitter:label1\" content=\"Escrito por\" \/>\n\t<meta name=\"twitter:data1\" content=\"enequipo\" \/>\n\t<meta name=\"twitter:label2\" content=\"Tiempo de lectura\" \/>\n\t<meta name=\"twitter:data2\" content=\"2 minutos\" \/>\n<script type=\"application\/ld+json\" class=\"yoast-schema-graph\">{\"@context\":\"https:\/\/schema.org\",\"@graph\":[{\"@type\":\"Article\",\"@id\":\"https:\/\/www.sonoraenequipo.com.mx\/el-feminicidio-es-un-acto-de-amor-aseguro-director-del-iie-de-la-unam\/#article\",\"isPartOf\":{\"@id\":\"https:\/\/www.sonoraenequipo.com.mx\/el-feminicidio-es-un-acto-de-amor-aseguro-director-del-iie-de-la-unam\/\"},\"author\":{\"name\":\"enequipo\",\"@id\":\"https:\/\/www.sonoraenequipo.com.mx\/#\/schema\/person\/50102df0fb23a8fa9e8effad8fa81386\"},\"headline\":\"\u201cEl feminicidio es un acto de amor\u201d, asegur\u00f3 director del IIE de la UNAM\",\"datePublished\":\"2021-08-27T03:25:23+00:00\",\"dateModified\":\"2021-08-27T16:32:12+00:00\",\"mainEntityOfPage\":{\"@id\":\"https:\/\/www.sonoraenequipo.com.mx\/el-feminicidio-es-un-acto-de-amor-aseguro-director-del-iie-de-la-unam\/\"},\"wordCount\":316,\"commentCount\":0,\"publisher\":{\"@id\":\"https:\/\/www.sonoraenequipo.com.mx\/#organization\"},\"image\":{\"@id\":\"https:\/\/www.sonoraenequipo.com.mx\/el-feminicidio-es-un-acto-de-amor-aseguro-director-del-iie-de-la-unam\/#primaryimage\"},\"thumbnailUrl\":\"https:\/\/www.sonoraenequipo.com.mx\/storage\/2021\/08\/Ivan-Ruiz-Garcia-UNAM-feminicidio_opt.jpg\",\"articleSection\":[\"Sonora\"],\"inLanguage\":\"es\",\"potentialAction\":[{\"@type\":\"CommentAction\",\"name\":\"Comment\",\"target\":[\"https:\/\/www.sonoraenequipo.com.mx\/el-feminicidio-es-un-acto-de-amor-aseguro-director-del-iie-de-la-unam\/#respond\"]}]},{\"@type\":\"WebPage\",\"@id\":\"https:\/\/www.sonoraenequipo.com.mx\/el-feminicidio-es-un-acto-de-amor-aseguro-director-del-iie-de-la-unam\/\",\"url\":\"https:\/\/www.sonoraenequipo.com.mx\/el-feminicidio-es-un-acto-de-amor-aseguro-director-del-iie-de-la-unam\/\",\"name\":\"Sonora en Equipo. \u201cEl feminicidio es un acto de amor\u201d, asegur\u00f3 director del IIE de la UNAM Sonora\",\"isPartOf\":{\"@id\":\"https:\/\/www.sonoraenequipo.com.mx\/#website\"},\"primaryImageOfPage\":{\"@id\":\"https:\/\/www.sonoraenequipo.com.mx\/el-feminicidio-es-un-acto-de-amor-aseguro-director-del-iie-de-la-unam\/#primaryimage\"},\"image\":{\"@id\":\"https:\/\/www.sonoraenequipo.com.mx\/el-feminicidio-es-un-acto-de-amor-aseguro-director-del-iie-de-la-unam\/#primaryimage\"},\"thumbnailUrl\":\"https:\/\/www.sonoraenequipo.com.mx\/storage\/2021\/08\/Ivan-Ruiz-Garcia-UNAM-feminicidio_opt.jpg\",\"datePublished\":\"2021-08-27T03:25:23+00:00\",\"dateModified\":\"2021-08-27T16:32:12+00:00\",\"description\":\"CIUDAD DE M\u00c9XICO.MX. \u2014 \u201cEl feminicidio es un acto de amor\u201d, estas fueron las palabras del Dr. Iv\u00e1n Ruiz Garc\u00eda, director del Instituto de Investigaci\u00f3n En Sonora en Equipo publicamos toda la informaci\u00f3n de Sonora, M\u00e9xico y el Mundo de manera oportuna y busca que la libertad de expresi\u00f3n sea real. Visita nuestro medio informativo publicado desde Hermosillo, Sonora. %\",\"breadcrumb\":{\"@id\":\"https:\/\/www.sonoraenequipo.com.mx\/el-feminicidio-es-un-acto-de-amor-aseguro-director-del-iie-de-la-unam\/#breadcrumb\"},\"inLanguage\":\"es\",\"potentialAction\":[{\"@type\":\"ReadAction\",\"target\":[\"https:\/\/www.sonoraenequipo.com.mx\/el-feminicidio-es-un-acto-de-amor-aseguro-director-del-iie-de-la-unam\/\"]}]},{\"@type\":\"ImageObject\",\"inLanguage\":\"es\",\"@id\":\"https:\/\/www.sonoraenequipo.com.mx\/el-feminicidio-es-un-acto-de-amor-aseguro-director-del-iie-de-la-unam\/#primaryimage\",\"url\":\"https:\/\/www.sonoraenequipo.com.mx\/storage\/2021\/08\/Ivan-Ruiz-Garcia-UNAM-feminicidio_opt.jpg\",\"contentUrl\":\"https:\/\/www.sonoraenequipo.com.mx\/storage\/2021\/08\/Ivan-Ruiz-Garcia-UNAM-feminicidio_opt.jpg\",\"width\":700,\"height\":400},{\"@type\":\"BreadcrumbList\",\"@id\":\"https:\/\/www.sonoraenequipo.com.mx\/el-feminicidio-es-un-acto-de-amor-aseguro-director-del-iie-de-la-unam\/#breadcrumb\",\"itemListElement\":[{\"@type\":\"ListItem\",\"position\":1,\"name\":\"Portada\",\"item\":\"https:\/\/www.sonoraenequipo.com.mx\/\"},{\"@type\":\"ListItem\",\"position\":2,\"name\":\"\u201cEl feminicidio es un acto de amor\u201d, asegur\u00f3 director del IIE de la UNAM\"}]},{\"@type\":\"WebSite\",\"@id\":\"https:\/\/www.sonoraenequipo.com.mx\/#website\",\"url\":\"https:\/\/www.sonoraenequipo.com.mx\/\",\"name\":\"Sonora en Equipo.\",\"description\":\"Diario en l\u00ednea con Noticias desde Hermosillo, Sonora\",\"publisher\":{\"@id\":\"https:\/\/www.sonoraenequipo.com.mx\/#organization\"},\"potentialAction\":[{\"@type\":\"SearchAction\",\"target\":{\"@type\":\"EntryPoint\",\"urlTemplate\":\"https:\/\/www.sonoraenequipo.com.mx\/?s={search_term_string}\"},\"query-input\":{\"@type\":\"PropertyValueSpecification\",\"valueRequired\":true,\"valueName\":\"search_term_string\"}}],\"inLanguage\":\"es\"},{\"@type\":\"Organization\",\"@id\":\"https:\/\/www.sonoraenequipo.com.mx\/#organization\",\"name\":\"Sonoraenequipo.com.mx\",\"url\":\"https:\/\/www.sonoraenequipo.com.mx\/\",\"logo\":{\"@type\":\"ImageObject\",\"inLanguage\":\"es\",\"@id\":\"https:\/\/www.sonoraenequipo.com.mx\/#\/schema\/logo\/image\/\",\"url\":\"https:\/\/www.sonoraenequipo.com.mx\/storage\/2019\/01\/sonoraenequipo_opt.png\",\"contentUrl\":\"https:\/\/www.sonoraenequipo.com.mx\/storage\/2019\/01\/sonoraenequipo_opt.png\",\"width\":375,\"height\":125,\"caption\":\"Sonoraenequipo.com.mx\"},\"image\":{\"@id\":\"https:\/\/www.sonoraenequipo.com.mx\/#\/schema\/logo\/image\/\"},\"sameAs\":[\"https:\/\/www.facebook.com\/SonoraEE\/\",\"https:\/\/x.com\/sonoraenequipo\",\"https:\/\/www.youtube.com\/channel\/UC338nW-lPEYmJQs4ZABQ1SQ\"]},{\"@type\":\"Person\",\"@id\":\"https:\/\/www.sonoraenequipo.com.mx\/#\/schema\/person\/50102df0fb23a8fa9e8effad8fa81386\",\"name\":\"enequipo\",\"image\":{\"@type\":\"ImageObject\",\"inLanguage\":\"es\",\"@id\":\"https:\/\/www.sonoraenequipo.com.mx\/#\/schema\/person\/image\/\",\"url\":\"https:\/\/secure.gravatar.com\/avatar\/049821681b589dabc0bc20695993ccebb09f5b5d4d790cd9251b97faac7c652b?s=96&d=blank&r=g\",\"contentUrl\":\"https:\/\/secure.gravatar.com\/avatar\/049821681b589dabc0bc20695993ccebb09f5b5d4d790cd9251b97faac7c652b?s=96&d=blank&r=g\",\"caption\":\"enequipo\"},\"sameAs\":[\"https:\/\/www.facebook.com\/SonoraEE\"]}]}<\/script>\n ","yoast_head_json":{"title":"Sonora en Equipo. \u201cEl feminicidio es un acto de amor\u201d, asegur\u00f3 director del IIE de la UNAM Sonora","description":"CIUDAD DE M\u00c9XICO.MX. \u2014 \u201cEl feminicidio es un acto de amor\u201d, estas fueron las palabras del Dr. Iv\u00e1n Ruiz Garc\u00eda, director del Instituto de Investigaci\u00f3n En Sonora en Equipo publicamos toda la informaci\u00f3n de Sonora, M\u00e9xico y el Mundo de manera oportuna y busca que la libertad de expresi\u00f3n sea real. Visita nuestro medio informativo publicado desde Hermosillo, Sonora. %","robots":{"index":"index","follow":"follow","max-snippet":"max-snippet:-1","max-image-preview":"max-image-preview:large","max-video-preview":"max-video-preview:-1"},"canonical":"https:\/\/www.sonoraenequipo.com.mx\/el-feminicidio-es-un-acto-de-amor-aseguro-director-del-iie-de-la-unam\/","og_locale":"es_ES","og_type":"article","og_title":"Sonora en Equipo. \u201cEl feminicidio es un acto de amor\u201d, asegur\u00f3 director del IIE de la UNAM Sonora","og_description":"CIUDAD DE M\u00c9XICO.MX. \u2014 \u201cEl feminicidio es un acto de amor\u201d, estas fueron las palabras del Dr. Iv\u00e1n Ruiz Garc\u00eda, director del Instituto de Investigaci\u00f3n En Sonora en Equipo publicamos toda la informaci\u00f3n de Sonora, M\u00e9xico y el Mundo de manera oportuna y busca que la libertad de expresi\u00f3n sea real. Visita nuestro medio informativo publicado desde Hermosillo, Sonora. %","og_url":"https:\/\/www.sonoraenequipo.com.mx\/el-feminicidio-es-un-acto-de-amor-aseguro-director-del-iie-de-la-unam\/","og_site_name":"Sonora en Equipo.","article_publisher":"https:\/\/www.facebook.com\/SonoraEE\/","article_author":"https:\/\/www.facebook.com\/SonoraEE","article_published_time":"2021-08-27T03:25:23+00:00","article_modified_time":"2021-08-27T16:32:12+00:00","og_image":[{"width":700,"height":400,"url":"https:\/\/www.sonoraenequipo.com.mx\/storage\/2021\/08\/Ivan-Ruiz-Garcia-UNAM-feminicidio_opt.jpg","type":"image\/jpeg"}],"author":"enequipo","twitter_card":"summary_large_image","twitter_creator":"@sonoraenequipo","twitter_site":"@sonoraenequipo","twitter_misc":{"Escrito por":"enequipo","Tiempo de lectura":"2 minutos"},"schema":{"@context":"https:\/\/schema.org","@graph":[{"@type":"Article","@id":"https:\/\/www.sonoraenequipo.com.mx\/el-feminicidio-es-un-acto-de-amor-aseguro-director-del-iie-de-la-unam\/#article","isPartOf":{"@id":"https:\/\/www.sonoraenequipo.com.mx\/el-feminicidio-es-un-acto-de-amor-aseguro-director-del-iie-de-la-unam\/"},"author":{"name":"enequipo","@id":"https:\/\/www.sonoraenequipo.com.mx\/#\/schema\/person\/50102df0fb23a8fa9e8effad8fa81386"},"headline":"\u201cEl feminicidio es un acto de amor\u201d, asegur\u00f3 director del IIE de la UNAM","datePublished":"2021-08-27T03:25:23+00:00","dateModified":"2021-08-27T16:32:12+00:00","mainEntityOfPage":{"@id":"https:\/\/www.sonoraenequipo.com.mx\/el-feminicidio-es-un-acto-de-amor-aseguro-director-del-iie-de-la-unam\/"},"wordCount":316,"commentCount":0,"publisher":{"@id":"https:\/\/www.sonoraenequipo.com.mx\/#organization"},"image":{"@id":"https:\/\/www.sonoraenequipo.com.mx\/el-feminicidio-es-un-acto-de-amor-aseguro-director-del-iie-de-la-unam\/#primaryimage"},"thumbnailUrl":"https:\/\/www.sonoraenequipo.com.mx\/storage\/2021\/08\/Ivan-Ruiz-Garcia-UNAM-feminicidio_opt.jpg","articleSection":["Sonora"],"inLanguage":"es","potentialAction":[{"@type":"CommentAction","name":"Comment","target":["https:\/\/www.sonoraenequipo.com.mx\/el-feminicidio-es-un-acto-de-amor-aseguro-director-del-iie-de-la-unam\/#respond"]}]},{"@type":"WebPage","@id":"https:\/\/www.sonoraenequipo.com.mx\/el-feminicidio-es-un-acto-de-amor-aseguro-director-del-iie-de-la-unam\/","url":"https:\/\/www.sonoraenequipo.com.mx\/el-feminicidio-es-un-acto-de-amor-aseguro-director-del-iie-de-la-unam\/","name":"Sonora en Equipo. \u201cEl feminicidio es un acto de amor\u201d, asegur\u00f3 director del IIE de la UNAM Sonora","isPartOf":{"@id":"https:\/\/www.sonoraenequipo.com.mx\/#website"},"primaryImageOfPage":{"@id":"https:\/\/www.sonoraenequipo.com.mx\/el-feminicidio-es-un-acto-de-amor-aseguro-director-del-iie-de-la-unam\/#primaryimage"},"image":{"@id":"https:\/\/www.sonoraenequipo.com.mx\/el-feminicidio-es-un-acto-de-amor-aseguro-director-del-iie-de-la-unam\/#primaryimage"},"thumbnailUrl":"https:\/\/www.sonoraenequipo.com.mx\/storage\/2021\/08\/Ivan-Ruiz-Garcia-UNAM-feminicidio_opt.jpg","datePublished":"2021-08-27T03:25:23+00:00","dateModified":"2021-08-27T16:32:12+00:00","description":"CIUDAD DE M\u00c9XICO.MX. \u2014 \u201cEl feminicidio es un acto de amor\u201d, estas fueron las palabras del Dr. Iv\u00e1n Ruiz Garc\u00eda, director del Instituto de Investigaci\u00f3n En Sonora en Equipo publicamos toda la informaci\u00f3n de Sonora, M\u00e9xico y el Mundo de manera oportuna y busca que la libertad de expresi\u00f3n sea real. Visita nuestro medio informativo publicado desde Hermosillo, Sonora. %","breadcrumb":{"@id":"https:\/\/www.sonoraenequipo.com.mx\/el-feminicidio-es-un-acto-de-amor-aseguro-director-del-iie-de-la-unam\/#breadcrumb"},"inLanguage":"es","potentialAction":[{"@type":"ReadAction","target":["https:\/\/www.sonoraenequipo.com.mx\/el-feminicidio-es-un-acto-de-amor-aseguro-director-del-iie-de-la-unam\/"]}]},{"@type":"ImageObject","inLanguage":"es","@id":"https:\/\/www.sonoraenequipo.com.mx\/el-feminicidio-es-un-acto-de-amor-aseguro-director-del-iie-de-la-unam\/#primaryimage","url":"https:\/\/www.sonoraenequipo.com.mx\/storage\/2021\/08\/Ivan-Ruiz-Garcia-UNAM-feminicidio_opt.jpg","contentUrl":"https:\/\/www.sonoraenequipo.com.mx\/storage\/2021\/08\/Ivan-Ruiz-Garcia-UNAM-feminicidio_opt.jpg","width":700,"height":400},{"@type":"BreadcrumbList","@id":"https:\/\/www.sonoraenequipo.com.mx\/el-feminicidio-es-un-acto-de-amor-aseguro-director-del-iie-de-la-unam\/#breadcrumb","itemListElement":[{"@type":"ListItem","position":1,"name":"Portada","item":"https:\/\/www.sonoraenequipo.com.mx\/"},{"@type":"ListItem","position":2,"name":"\u201cEl feminicidio es un acto de amor\u201d, asegur\u00f3 director del IIE de la UNAM"}]},{"@type":"WebSite","@id":"https:\/\/www.sonoraenequipo.com.mx\/#website","url":"https:\/\/www.sonoraenequipo.com.mx\/","name":"Sonora en Equipo.","description":"Diario en l\u00ednea con Noticias desde Hermosillo, Sonora","publisher":{"@id":"https:\/\/www.sonoraenequipo.com.mx\/#organization"},"potentialAction":[{"@type":"SearchAction","target":{"@type":"EntryPoint","urlTemplate":"https:\/\/www.sonoraenequipo.com.mx\/?s={search_term_string}"},"query-input":{"@type":"PropertyValueSpecification","valueRequired":true,"valueName":"search_term_string"}}],"inLanguage":"es"},{"@type":"Organization","@id":"https:\/\/www.sonoraenequipo.com.mx\/#organization","name":"Sonoraenequipo.com.mx","url":"https:\/\/www.sonoraenequipo.com.mx\/","logo":{"@type":"ImageObject","inLanguage":"es","@id":"https:\/\/www.sonoraenequipo.com.mx\/#\/schema\/logo\/image\/","url":"https:\/\/www.sonoraenequipo.com.mx\/storage\/2019\/01\/sonoraenequipo_opt.png","contentUrl":"https:\/\/www.sonoraenequipo.com.mx\/storage\/2019\/01\/sonoraenequipo_opt.png","width":375,"height":125,"caption":"Sonoraenequipo.com.mx"},"image":{"@id":"https:\/\/www.sonoraenequipo.com.mx\/#\/schema\/logo\/image\/"},"sameAs":["https:\/\/www.facebook.com\/SonoraEE\/","https:\/\/x.com\/sonoraenequipo","https:\/\/www.youtube.com\/channel\/UC338nW-lPEYmJQs4ZABQ1SQ"]},{"@type":"Person","@id":"https:\/\/www.sonoraenequipo.com.mx\/#\/schema\/person\/50102df0fb23a8fa9e8effad8fa81386","name":"enequipo","image":{"@type":"ImageObject","inLanguage":"es","@id":"https:\/\/www.sonoraenequipo.com.mx\/#\/schema\/person\/image\/","url":"https:\/\/secure.gravatar.com\/avatar\/049821681b589dabc0bc20695993ccebb09f5b5d4d790cd9251b97faac7c652b?s=96&d=blank&r=g","contentUrl":"https:\/\/secure.gravatar.com\/avatar\/049821681b589dabc0bc20695993ccebb09f5b5d4d790cd9251b97faac7c652b?s=96&d=blank&r=g","caption":"enequipo"},"sameAs":["https:\/\/www.facebook.com\/SonoraEE"]}]}},"jetpack_featured_media_url":"https:\/\/www.sonoraenequipo.com.mx\/storage\/2021\/08\/Ivan-Ruiz-Garcia-UNAM-feminicidio_opt.jpg","_links":{"self":[{"href":"https:\/\/www.sonoraenequipo.com.mx\/api\/wp\/v2\/posts\/121479","targetHints":{"allow":["GET"]}}],"collection":[{"href":"https:\/\/www.sonoraenequipo.com.mx\/api\/wp\/v2\/posts"}],"about":[{"href":"https:\/\/www.sonoraenequipo.com.mx\/api\/wp\/v2\/types\/post"}],"author":[{"embeddable":true,"href":"https:\/\/www.sonoraenequipo.com.mx\/api\/wp\/v2\/users\/1"}],"replies":[{"embeddable":true,"href":"https:\/\/www.sonoraenequipo.com.mx\/api\/wp\/v2\/comments?post=121479"}],"version-history":[{"count":1,"href":"https:\/\/www.sonoraenequipo.com.mx\/api\/wp\/v2\/posts\/121479\/revisions"}],"predecessor-version":[{"id":121490,"href":"https:\/\/www.sonoraenequipo.com.mx\/api\/wp\/v2\/posts\/121479\/revisions\/121490"}],"wp:featuredmedia":[{"embeddable":true,"href":"https:\/\/www.sonoraenequipo.com.mx\/api\/wp\/v2\/media\/121480"}],"wp:attachment":[{"href":"https:\/\/www.sonoraenequipo.com.mx\/api\/wp\/v2\/media?parent=121479"}],"wp:term":[{"taxonomy":"category","embeddable":true,"href":"https:\/\/www.sonoraenequipo.com.mx\/api\/wp\/v2\/categories?post=121479"},{"taxonomy":"post_tag","embeddable":true,"href":"https:\/\/www.sonoraenequipo.com.mx\/api\/wp\/v2\/tags?post=121479"}],"curies":[{"name":"wp","href":"https:\/\/api.w.org\/{rel}","templated":true}]}}