{"id":121491,"date":"2021-08-27T07:10:25","date_gmt":"2021-08-27T14:10:25","guid":{"rendered":"https:\/\/www.sonoraenequipo.com.mx\/?p=121491"},"modified":"2021-08-27T09:49:03","modified_gmt":"2021-08-27T16:49:03","slug":"cnte-impide-entrada-del-presidente-lopez-obrador-a-la-mananera","status":"publish","type":"post","link":"https:\/\/www.sonoraenequipo.com.mx\/cnte-impide-entrada-del-presidente-lopez-obrador-a-la-mananera\/","title":{"rendered":"CNTE impide entrada del presidente L\u00f3pez Obrador a la ma\u00f1anera"},"content":{"rendered":"<p>TUXTLA GUTI\u00c9RREZ, CHIAPAS. MX. \u2014 Docentes, m\u00e9dicos, estudiantes, madres de v\u00edctimas de feminicidio, mujeres en busca de empleo, entre otros sectores de la poblaci\u00f3n se manifestaron a las afueras del Cuartel de la S\u00e9ptima Regi\u00f3n Militar previo a la celebraci\u00f3n de la conferencia del Presidente de M\u00e9xico Andr\u00e9s Manuel L\u00f3pez Obrador.<\/p>\n<p>&nbsp;<\/p>\n<p> <\/p>\n<p>A las 6:00 cuando arrib\u00f3 el veh\u00edculo del ejecutivo federal, los manifestantes le bloquearon el paso y uno a uno dio a conocer sus exigencias en el altavoz. Otros se acercaban a la ventanilla para tratar de obtener una respuesta.<\/p>\n<p>&nbsp;<\/p>\n<p>El presidente no baj\u00f3 el vidrio durante las dos horas que los grupos bloquearon el paso. Las escoltas argumentaron que por la pandemia del COVID-19.<\/p>\n<p>&nbsp;<\/p>\n<p>Jes\u00fas Ventura, docente de nivel b\u00e1sico de la regi\u00f3n centro, dijo que la exigencia de su grupo es la soluci\u00f3n al tema de caja de ahorro y Fondo de Ahorro y Beneficio Social (Fabes), <em>\u201cel gobierno del estado quiere tener congeladas las cuentas; pensamos que el presidente iba a bajarse y dar soluci\u00f3n, pero no fue as\u00ed\u201d.<\/em><\/p>\n<p>&nbsp;<\/p>\n<p><em>\u201cNo hay medicamentos, se\u00f1or presidente. No es justo que el gobernador de Chiapas no nos escuche\u201d,<\/em> protest\u00f3 otro hombre en la ventanilla de la camioneta. Mientras alrededor, decenas de pancartas mostraban algunos de los diferentes sectores con problem\u00e1ticas no resueltas.<\/p>\n<p>&nbsp;<\/p>\n<p><em>\u201cRecontrataci\u00f3n y reubicaci\u00f3n del personal de salud COVID-19\u201d, \u201cAyer h\u00e9roes, hoy despedidos\u201d, \u201cPrometi\u00f3 seguridad laboral; hoy estamos desempleados\u201d<\/em>,<em> \u201cH\u00e9roes para el pueblo, invisibles para el Estado. No nos olvide se\u00f1or presidente\u201d, \u201cJusticia para nosotros propicias federales inocentes\u201d, \u201cLa gente est\u00e1 cansada de las mentiras\u201d; \u201cNo a la disminuci\u00f3n de matr\u00edculas\u201d,<\/em> entre otras leyendas.<\/p>\n<p>&nbsp;<\/p>\n<p>A las 8:00 horas, cuando los manifestantes comenzaron a retirarse y minutos despu\u00e9s de que concluy\u00f3 la transmisi\u00f3n en vivo de la conferencia en la que no pudo participar, el veh\u00edculo del presidente pudo ingresar al cuartel militar.<\/p>\n<p>&nbsp;<\/p>\n<p>H\u00e9ctor Guti\u00e9rrez de la Direcci\u00f3n Pol\u00edtica de la Secci\u00f3n 7 del SNTE -CNTE, dijo que desde la Asamblea Estatal se determin\u00f3 la manifestaci\u00f3n pac\u00edfica y al llegar al punto de encuentro, se toparon con m\u00e1s grupos.<\/p>\n<p>&nbsp;<\/p>\n<p><em>\u201cNo son chantajes son problemas reales\u201d,<\/em> dijo ante los se\u00f1alamientos del presidente y confirm\u00f3 que han sido 18 mesas de di\u00e1logo con la presencia de ambas partes, \u201c<em>pero sin soluciones\u201d.<\/em><\/p>\n<p>&nbsp;<\/p>\n<p>Esta manifestaci\u00f3n estaba prevista en la jornada de movilizaciones en Chiapas que iniciaron con la \u201cliberaci\u00f3n de las casetas de cobro\u201d.<\/p>\n<p>&nbsp;<\/p>\n<p><em>\u201cHoy nos retiramos cuando vimos que no hubo respuesta al di\u00e1logo. Se cerraron al di\u00e1logo\u201d<\/em>, dijo.<\/p>\n<p>&nbsp;<\/p>\n<p><iframe loading=\"lazy\" title=\"Llamado al di\u00e1logo entre la CNTE y la SEP. Conferencia presidente AMLO\" width=\"640\" height=\"360\" src=\"https:\/\/www.youtube.com\/embed\/wEb-uc0khBE?start=684&#038;feature=oembed\" frameborder=\"0\" allow=\"accelerometer; autoplay; clipboard-write; encrypted-media; gyroscope; picture-in-picture; web-share\" referrerpolicy=\"strict-origin-when-cross-origin\" allowfullscreen><\/iframe><\/p>\n<p>&nbsp;<\/p>\n<p>(Publicada el 26\/08\/2021<\/p>\n","protected":false},"excerpt":{"rendered":"<p>TUXTLA GUTI\u00c9RREZ, CHIAPAS. MX. \u2014 Docentes, m\u00e9dicos, estudiantes, madres de v\u00edctimas de feminicidio, mujeres en&#8230;<\/p>\n","protected":false},"author":1,"featured_media":121492,"comment_status":"open","ping_status":"open","sticky":false,"template":"","format":"standard","meta":{"_monsterinsights_skip_tracking":false,"_monsterinsights_sitenote_active":false,"_monsterinsights_sitenote_note":"","_monsterinsights_sitenote_category":0,"footnotes":""},"categories":[5],"tags":[],"class_list":["post"],"yoast_head":" \n<title>Sonora en Equipo. CNTE impide entrada del presidente L\u00f3pez Obrador a la ma\u00f1anera Rep\u00fablica<\/title>\n<meta name=\"description\" content=\"TUXTLA GUTI\u00c9RREZ, CHIAPAS. MX. \u2014 Docentes, m\u00e9dicos, estudiantes, madres de v\u00edctimas de feminicidio, mujeres en busca de empleo, entre otros sectores de la En Sonora en Equipo publicamos toda la informaci\u00f3n de Sonora, M\u00e9xico y el Mundo de manera oportuna y busca que la libertad de expresi\u00f3n sea real. Visita nuestro medio informativo publicado desde Hermosillo, Sonora. %\" \/>\n<meta name=\"robots\" content=\"index, follow, max-snippet:-1, max-image-preview:large, max-video-preview:-1\" \/>\n<link rel=\"canonical\" href=\"https:\/\/www.sonoraenequipo.com.mx\/cnte-impide-entrada-del-presidente-lopez-obrador-a-la-mananera\/\" \/>\n<meta property=\"og:locale\" content=\"es_ES\" \/>\n<meta property=\"og:type\" content=\"article\" \/>\n<meta property=\"og:title\" content=\"Sonora en Equipo. CNTE impide entrada del presidente L\u00f3pez Obrador a la ma\u00f1anera Rep\u00fablica\" \/>\n<meta property=\"og:description\" content=\"TUXTLA GUTI\u00c9RREZ, CHIAPAS. MX. \u2014 Docentes, m\u00e9dicos, estudiantes, madres de v\u00edctimas de feminicidio, mujeres en busca de empleo, entre otros sectores de la En Sonora en Equipo publicamos toda la informaci\u00f3n de Sonora, M\u00e9xico y el Mundo de manera oportuna y busca que la libertad de expresi\u00f3n sea real. Visita nuestro medio informativo publicado desde Hermosillo, Sonora. %\" \/>\n<meta property=\"og:url\" content=\"https:\/\/www.sonoraenequipo.com.mx\/cnte-impide-entrada-del-presidente-lopez-obrador-a-la-mananera\/\" \/>\n<meta property=\"og:site_name\" content=\"Sonora en Equipo.\" \/>\n<meta property=\"article:publisher\" content=\"https:\/\/www.facebook.com\/SonoraEE\/\" \/>\n<meta property=\"article:author\" content=\"https:\/\/www.facebook.com\/SonoraEE\" \/>\n<meta property=\"article:published_time\" content=\"2021-08-27T14:10:25+00:00\" \/>\n<meta property=\"article:modified_time\" content=\"2021-08-27T16:49:03+00:00\" \/>\n<meta property=\"og:image\" content=\"https:\/\/www.sonoraenequipo.com.mx\/storage\/2021\/08\/protestas-en-chiapas_opt.jpg\" \/>\n\t<meta property=\"og:image:width\" content=\"700\" \/>\n\t<meta property=\"og:image:height\" content=\"400\" \/>\n\t<meta property=\"og:image:type\" content=\"image\/jpeg\" \/>\n<meta name=\"author\" content=\"enequipo\" \/>\n<meta name=\"twitter:card\" content=\"summary_large_image\" \/>\n<meta name=\"twitter:creator\" content=\"@sonoraenequipo\" \/>\n<meta name=\"twitter:site\" content=\"@sonoraenequipo\" \/>\n<meta name=\"twitter:label1\" content=\"Escrito por\" \/>\n\t<meta name=\"twitter:data1\" content=\"enequipo\" \/>\n\t<meta name=\"twitter:label2\" content=\"Tiempo de lectura\" \/>\n\t<meta name=\"twitter:data2\" content=\"2 minutos\" \/>\n<script type=\"application\/ld+json\" class=\"yoast-schema-graph\">{\"@context\":\"https:\/\/schema.org\",\"@graph\":[{\"@type\":\"Article\",\"@id\":\"https:\/\/www.sonoraenequipo.com.mx\/cnte-impide-entrada-del-presidente-lopez-obrador-a-la-mananera\/#article\",\"isPartOf\":{\"@id\":\"https:\/\/www.sonoraenequipo.com.mx\/cnte-impide-entrada-del-presidente-lopez-obrador-a-la-mananera\/\"},\"author\":{\"name\":\"enequipo\",\"@id\":\"https:\/\/www.sonoraenequipo.com.mx\/#\/schema\/person\/50102df0fb23a8fa9e8effad8fa81386\"},\"headline\":\"CNTE impide entrada del presidente L\u00f3pez Obrador a la ma\u00f1anera\",\"datePublished\":\"2021-08-27T14:10:25+00:00\",\"dateModified\":\"2021-08-27T16:49:03+00:00\",\"mainEntityOfPage\":{\"@id\":\"https:\/\/www.sonoraenequipo.com.mx\/cnte-impide-entrada-del-presidente-lopez-obrador-a-la-mananera\/\"},\"wordCount\":481,\"commentCount\":0,\"publisher\":{\"@id\":\"https:\/\/www.sonoraenequipo.com.mx\/#organization\"},\"image\":{\"@id\":\"https:\/\/www.sonoraenequipo.com.mx\/cnte-impide-entrada-del-presidente-lopez-obrador-a-la-mananera\/#primaryimage\"},\"thumbnailUrl\":\"https:\/\/www.sonoraenequipo.com.mx\/storage\/2021\/08\/protestas-en-chiapas_opt.jpg\",\"articleSection\":[\"Rep\u00fablica\"],\"inLanguage\":\"es\",\"potentialAction\":[{\"@type\":\"CommentAction\",\"name\":\"Comment\",\"target\":[\"https:\/\/www.sonoraenequipo.com.mx\/cnte-impide-entrada-del-presidente-lopez-obrador-a-la-mananera\/#respond\"]}]},{\"@type\":\"WebPage\",\"@id\":\"https:\/\/www.sonoraenequipo.com.mx\/cnte-impide-entrada-del-presidente-lopez-obrador-a-la-mananera\/\",\"url\":\"https:\/\/www.sonoraenequipo.com.mx\/cnte-impide-entrada-del-presidente-lopez-obrador-a-la-mananera\/\",\"name\":\"Sonora en Equipo. CNTE impide entrada del presidente L\u00f3pez Obrador a la ma\u00f1anera Rep\u00fablica\",\"isPartOf\":{\"@id\":\"https:\/\/www.sonoraenequipo.com.mx\/#website\"},\"primaryImageOfPage\":{\"@id\":\"https:\/\/www.sonoraenequipo.com.mx\/cnte-impide-entrada-del-presidente-lopez-obrador-a-la-mananera\/#primaryimage\"},\"image\":{\"@id\":\"https:\/\/www.sonoraenequipo.com.mx\/cnte-impide-entrada-del-presidente-lopez-obrador-a-la-mananera\/#primaryimage\"},\"thumbnailUrl\":\"https:\/\/www.sonoraenequipo.com.mx\/storage\/2021\/08\/protestas-en-chiapas_opt.jpg\",\"datePublished\":\"2021-08-27T14:10:25+00:00\",\"dateModified\":\"2021-08-27T16:49:03+00:00\",\"description\":\"TUXTLA GUTI\u00c9RREZ, CHIAPAS. MX. \u2014 Docentes, m\u00e9dicos, estudiantes, madres de v\u00edctimas de feminicidio, mujeres en busca de empleo, entre otros sectores de la En Sonora en Equipo publicamos toda la informaci\u00f3n de Sonora, M\u00e9xico y el Mundo de manera oportuna y busca que la libertad de expresi\u00f3n sea real. Visita nuestro medio informativo publicado desde Hermosillo, Sonora. %\",\"breadcrumb\":{\"@id\":\"https:\/\/www.sonoraenequipo.com.mx\/cnte-impide-entrada-del-presidente-lopez-obrador-a-la-mananera\/#breadcrumb\"},\"inLanguage\":\"es\",\"potentialAction\":[{\"@type\":\"ReadAction\",\"target\":[\"https:\/\/www.sonoraenequipo.com.mx\/cnte-impide-entrada-del-presidente-lopez-obrador-a-la-mananera\/\"]}]},{\"@type\":\"ImageObject\",\"inLanguage\":\"es\",\"@id\":\"https:\/\/www.sonoraenequipo.com.mx\/cnte-impide-entrada-del-presidente-lopez-obrador-a-la-mananera\/#primaryimage\",\"url\":\"https:\/\/www.sonoraenequipo.com.mx\/storage\/2021\/08\/protestas-en-chiapas_opt.jpg\",\"contentUrl\":\"https:\/\/www.sonoraenequipo.com.mx\/storage\/2021\/08\/protestas-en-chiapas_opt.jpg\",\"width\":700,\"height\":400},{\"@type\":\"BreadcrumbList\",\"@id\":\"https:\/\/www.sonoraenequipo.com.mx\/cnte-impide-entrada-del-presidente-lopez-obrador-a-la-mananera\/#breadcrumb\",\"itemListElement\":[{\"@type\":\"ListItem\",\"position\":1,\"name\":\"Portada\",\"item\":\"https:\/\/www.sonoraenequipo.com.mx\/\"},{\"@type\":\"ListItem\",\"position\":2,\"name\":\"CNTE impide entrada del presidente L\u00f3pez Obrador a la ma\u00f1anera\"}]},{\"@type\":\"WebSite\",\"@id\":\"https:\/\/www.sonoraenequipo.com.mx\/#website\",\"url\":\"https:\/\/www.sonoraenequipo.com.mx\/\",\"name\":\"Sonora en Equipo.\",\"description\":\"Diario en l\u00ednea con Noticias desde Hermosillo, Sonora\",\"publisher\":{\"@id\":\"https:\/\/www.sonoraenequipo.com.mx\/#organization\"},\"potentialAction\":[{\"@type\":\"SearchAction\",\"target\":{\"@type\":\"EntryPoint\",\"urlTemplate\":\"https:\/\/www.sonoraenequipo.com.mx\/?s={search_term_string}\"},\"query-input\":{\"@type\":\"PropertyValueSpecification\",\"valueRequired\":true,\"valueName\":\"search_term_string\"}}],\"inLanguage\":\"es\"},{\"@type\":\"Organization\",\"@id\":\"https:\/\/www.sonoraenequipo.com.mx\/#organization\",\"name\":\"Sonoraenequipo.com.mx\",\"url\":\"https:\/\/www.sonoraenequipo.com.mx\/\",\"logo\":{\"@type\":\"ImageObject\",\"inLanguage\":\"es\",\"@id\":\"https:\/\/www.sonoraenequipo.com.mx\/#\/schema\/logo\/image\/\",\"url\":\"https:\/\/www.sonoraenequipo.com.mx\/storage\/2019\/01\/sonoraenequipo_opt.png\",\"contentUrl\":\"https:\/\/www.sonoraenequipo.com.mx\/storage\/2019\/01\/sonoraenequipo_opt.png\",\"width\":375,\"height\":125,\"caption\":\"Sonoraenequipo.com.mx\"},\"image\":{\"@id\":\"https:\/\/www.sonoraenequipo.com.mx\/#\/schema\/logo\/image\/\"},\"sameAs\":[\"https:\/\/www.facebook.com\/SonoraEE\/\",\"https:\/\/x.com\/sonoraenequipo\",\"https:\/\/www.youtube.com\/channel\/UC338nW-lPEYmJQs4ZABQ1SQ\"]},{\"@type\":\"Person\",\"@id\":\"https:\/\/www.sonoraenequipo.com.mx\/#\/schema\/person\/50102df0fb23a8fa9e8effad8fa81386\",\"name\":\"enequipo\",\"image\":{\"@type\":\"ImageObject\",\"inLanguage\":\"es\",\"@id\":\"https:\/\/www.sonoraenequipo.com.mx\/#\/schema\/person\/image\/\",\"url\":\"https:\/\/secure.gravatar.com\/avatar\/049821681b589dabc0bc20695993ccebb09f5b5d4d790cd9251b97faac7c652b?s=96&d=blank&r=g\",\"contentUrl\":\"https:\/\/secure.gravatar.com\/avatar\/049821681b589dabc0bc20695993ccebb09f5b5d4d790cd9251b97faac7c652b?s=96&d=blank&r=g\",\"caption\":\"enequipo\"},\"sameAs\":[\"https:\/\/www.facebook.com\/SonoraEE\"]}]}<\/script>\n ","yoast_head_json":{"title":"Sonora en Equipo. CNTE impide entrada del presidente L\u00f3pez Obrador a la ma\u00f1anera Rep\u00fablica","description":"TUXTLA GUTI\u00c9RREZ, CHIAPAS. MX. \u2014 Docentes, m\u00e9dicos, estudiantes, madres de v\u00edctimas de feminicidio, mujeres en busca de empleo, entre otros sectores de la En Sonora en Equipo publicamos toda la informaci\u00f3n de Sonora, M\u00e9xico y el Mundo de manera oportuna y busca que la libertad de expresi\u00f3n sea real. Visita nuestro medio informativo publicado desde Hermosillo, Sonora. %","robots":{"index":"index","follow":"follow","max-snippet":"max-snippet:-1","max-image-preview":"max-image-preview:large","max-video-preview":"max-video-preview:-1"},"canonical":"https:\/\/www.sonoraenequipo.com.mx\/cnte-impide-entrada-del-presidente-lopez-obrador-a-la-mananera\/","og_locale":"es_ES","og_type":"article","og_title":"Sonora en Equipo. CNTE impide entrada del presidente L\u00f3pez Obrador a la ma\u00f1anera Rep\u00fablica","og_description":"TUXTLA GUTI\u00c9RREZ, CHIAPAS. MX. \u2014 Docentes, m\u00e9dicos, estudiantes, madres de v\u00edctimas de feminicidio, mujeres en busca de empleo, entre otros sectores de la En Sonora en Equipo publicamos toda la informaci\u00f3n de Sonora, M\u00e9xico y el Mundo de manera oportuna y busca que la libertad de expresi\u00f3n sea real. Visita nuestro medio informativo publicado desde Hermosillo, Sonora. %","og_url":"https:\/\/www.sonoraenequipo.com.mx\/cnte-impide-entrada-del-presidente-lopez-obrador-a-la-mananera\/","og_site_name":"Sonora en Equipo.","article_publisher":"https:\/\/www.facebook.com\/SonoraEE\/","article_author":"https:\/\/www.facebook.com\/SonoraEE","article_published_time":"2021-08-27T14:10:25+00:00","article_modified_time":"2021-08-27T16:49:03+00:00","og_image":[{"width":700,"height":400,"url":"https:\/\/www.sonoraenequipo.com.mx\/storage\/2021\/08\/protestas-en-chiapas_opt.jpg","type":"image\/jpeg"}],"author":"enequipo","twitter_card":"summary_large_image","twitter_creator":"@sonoraenequipo","twitter_site":"@sonoraenequipo","twitter_misc":{"Escrito por":"enequipo","Tiempo de lectura":"2 minutos"},"schema":{"@context":"https:\/\/schema.org","@graph":[{"@type":"Article","@id":"https:\/\/www.sonoraenequipo.com.mx\/cnte-impide-entrada-del-presidente-lopez-obrador-a-la-mananera\/#article","isPartOf":{"@id":"https:\/\/www.sonoraenequipo.com.mx\/cnte-impide-entrada-del-presidente-lopez-obrador-a-la-mananera\/"},"author":{"name":"enequipo","@id":"https:\/\/www.sonoraenequipo.com.mx\/#\/schema\/person\/50102df0fb23a8fa9e8effad8fa81386"},"headline":"CNTE impide entrada del presidente L\u00f3pez Obrador a la ma\u00f1anera","datePublished":"2021-08-27T14:10:25+00:00","dateModified":"2021-08-27T16:49:03+00:00","mainEntityOfPage":{"@id":"https:\/\/www.sonoraenequipo.com.mx\/cnte-impide-entrada-del-presidente-lopez-obrador-a-la-mananera\/"},"wordCount":481,"commentCount":0,"publisher":{"@id":"https:\/\/www.sonoraenequipo.com.mx\/#organization"},"image":{"@id":"https:\/\/www.sonoraenequipo.com.mx\/cnte-impide-entrada-del-presidente-lopez-obrador-a-la-mananera\/#primaryimage"},"thumbnailUrl":"https:\/\/www.sonoraenequipo.com.mx\/storage\/2021\/08\/protestas-en-chiapas_opt.jpg","articleSection":["Rep\u00fablica"],"inLanguage":"es","potentialAction":[{"@type":"CommentAction","name":"Comment","target":["https:\/\/www.sonoraenequipo.com.mx\/cnte-impide-entrada-del-presidente-lopez-obrador-a-la-mananera\/#respond"]}]},{"@type":"WebPage","@id":"https:\/\/www.sonoraenequipo.com.mx\/cnte-impide-entrada-del-presidente-lopez-obrador-a-la-mananera\/","url":"https:\/\/www.sonoraenequipo.com.mx\/cnte-impide-entrada-del-presidente-lopez-obrador-a-la-mananera\/","name":"Sonora en Equipo. CNTE impide entrada del presidente L\u00f3pez Obrador a la ma\u00f1anera Rep\u00fablica","isPartOf":{"@id":"https:\/\/www.sonoraenequipo.com.mx\/#website"},"primaryImageOfPage":{"@id":"https:\/\/www.sonoraenequipo.com.mx\/cnte-impide-entrada-del-presidente-lopez-obrador-a-la-mananera\/#primaryimage"},"image":{"@id":"https:\/\/www.sonoraenequipo.com.mx\/cnte-impide-entrada-del-presidente-lopez-obrador-a-la-mananera\/#primaryimage"},"thumbnailUrl":"https:\/\/www.sonoraenequipo.com.mx\/storage\/2021\/08\/protestas-en-chiapas_opt.jpg","datePublished":"2021-08-27T14:10:25+00:00","dateModified":"2021-08-27T16:49:03+00:00","description":"TUXTLA GUTI\u00c9RREZ, CHIAPAS. MX. \u2014 Docentes, m\u00e9dicos, estudiantes, madres de v\u00edctimas de feminicidio, mujeres en busca de empleo, entre otros sectores de la En Sonora en Equipo publicamos toda la informaci\u00f3n de Sonora, M\u00e9xico y el Mundo de manera oportuna y busca que la libertad de expresi\u00f3n sea real. Visita nuestro medio informativo publicado desde Hermosillo, Sonora. %","breadcrumb":{"@id":"https:\/\/www.sonoraenequipo.com.mx\/cnte-impide-entrada-del-presidente-lopez-obrador-a-la-mananera\/#breadcrumb"},"inLanguage":"es","potentialAction":[{"@type":"ReadAction","target":["https:\/\/www.sonoraenequipo.com.mx\/cnte-impide-entrada-del-presidente-lopez-obrador-a-la-mananera\/"]}]},{"@type":"ImageObject","inLanguage":"es","@id":"https:\/\/www.sonoraenequipo.com.mx\/cnte-impide-entrada-del-presidente-lopez-obrador-a-la-mananera\/#primaryimage","url":"https:\/\/www.sonoraenequipo.com.mx\/storage\/2021\/08\/protestas-en-chiapas_opt.jpg","contentUrl":"https:\/\/www.sonoraenequipo.com.mx\/storage\/2021\/08\/protestas-en-chiapas_opt.jpg","width":700,"height":400},{"@type":"BreadcrumbList","@id":"https:\/\/www.sonoraenequipo.com.mx\/cnte-impide-entrada-del-presidente-lopez-obrador-a-la-mananera\/#breadcrumb","itemListElement":[{"@type":"ListItem","position":1,"name":"Portada","item":"https:\/\/www.sonoraenequipo.com.mx\/"},{"@type":"ListItem","position":2,"name":"CNTE impide entrada del presidente L\u00f3pez Obrador a la ma\u00f1anera"}]},{"@type":"WebSite","@id":"https:\/\/www.sonoraenequipo.com.mx\/#website","url":"https:\/\/www.sonoraenequipo.com.mx\/","name":"Sonora en Equipo.","description":"Diario en l\u00ednea con Noticias desde Hermosillo, Sonora","publisher":{"@id":"https:\/\/www.sonoraenequipo.com.mx\/#organization"},"potentialAction":[{"@type":"SearchAction","target":{"@type":"EntryPoint","urlTemplate":"https:\/\/www.sonoraenequipo.com.mx\/?s={search_term_string}"},"query-input":{"@type":"PropertyValueSpecification","valueRequired":true,"valueName":"search_term_string"}}],"inLanguage":"es"},{"@type":"Organization","@id":"https:\/\/www.sonoraenequipo.com.mx\/#organization","name":"Sonoraenequipo.com.mx","url":"https:\/\/www.sonoraenequipo.com.mx\/","logo":{"@type":"ImageObject","inLanguage":"es","@id":"https:\/\/www.sonoraenequipo.com.mx\/#\/schema\/logo\/image\/","url":"https:\/\/www.sonoraenequipo.com.mx\/storage\/2019\/01\/sonoraenequipo_opt.png","contentUrl":"https:\/\/www.sonoraenequipo.com.mx\/storage\/2019\/01\/sonoraenequipo_opt.png","width":375,"height":125,"caption":"Sonoraenequipo.com.mx"},"image":{"@id":"https:\/\/www.sonoraenequipo.com.mx\/#\/schema\/logo\/image\/"},"sameAs":["https:\/\/www.facebook.com\/SonoraEE\/","https:\/\/x.com\/sonoraenequipo","https:\/\/www.youtube.com\/channel\/UC338nW-lPEYmJQs4ZABQ1SQ"]},{"@type":"Person","@id":"https:\/\/www.sonoraenequipo.com.mx\/#\/schema\/person\/50102df0fb23a8fa9e8effad8fa81386","name":"enequipo","image":{"@type":"ImageObject","inLanguage":"es","@id":"https:\/\/www.sonoraenequipo.com.mx\/#\/schema\/person\/image\/","url":"https:\/\/secure.gravatar.com\/avatar\/049821681b589dabc0bc20695993ccebb09f5b5d4d790cd9251b97faac7c652b?s=96&d=blank&r=g","contentUrl":"https:\/\/secure.gravatar.com\/avatar\/049821681b589dabc0bc20695993ccebb09f5b5d4d790cd9251b97faac7c652b?s=96&d=blank&r=g","caption":"enequipo"},"sameAs":["https:\/\/www.facebook.com\/SonoraEE"]}]}},"jetpack_featured_media_url":"https:\/\/www.sonoraenequipo.com.mx\/storage\/2021\/08\/protestas-en-chiapas_opt.jpg","_links":{"self":[{"href":"https:\/\/www.sonoraenequipo.com.mx\/api\/wp\/v2\/posts\/121491","targetHints":{"allow":["GET"]}}],"collection":[{"href":"https:\/\/www.sonoraenequipo.com.mx\/api\/wp\/v2\/posts"}],"about":[{"href":"https:\/\/www.sonoraenequipo.com.mx\/api\/wp\/v2\/types\/post"}],"author":[{"embeddable":true,"href":"https:\/\/www.sonoraenequipo.com.mx\/api\/wp\/v2\/users\/1"}],"replies":[{"embeddable":true,"href":"https:\/\/www.sonoraenequipo.com.mx\/api\/wp\/v2\/comments?post=121491"}],"version-history":[{"count":1,"href":"https:\/\/www.sonoraenequipo.com.mx\/api\/wp\/v2\/posts\/121491\/revisions"}],"predecessor-version":[{"id":121493,"href":"https:\/\/www.sonoraenequipo.com.mx\/api\/wp\/v2\/posts\/121491\/revisions\/121493"}],"wp:featuredmedia":[{"embeddable":true,"href":"https:\/\/www.sonoraenequipo.com.mx\/api\/wp\/v2\/media\/121492"}],"wp:attachment":[{"href":"https:\/\/www.sonoraenequipo.com.mx\/api\/wp\/v2\/media?parent=121491"}],"wp:term":[{"taxonomy":"category","embeddable":true,"href":"https:\/\/www.sonoraenequipo.com.mx\/api\/wp\/v2\/categories?post=121491"},{"taxonomy":"post_tag","embeddable":true,"href":"https:\/\/www.sonoraenequipo.com.mx\/api\/wp\/v2\/tags?post=121491"}],"curies":[{"name":"wp","href":"https:\/\/api.w.org\/{rel}","templated":true}]}}