{"id":121494,"date":"2021-08-26T23:15:59","date_gmt":"2021-08-27T06:15:59","guid":{"rendered":"https:\/\/www.sonoraenequipo.com.mx\/?p=121494"},"modified":"2021-08-27T13:45:29","modified_gmt":"2021-08-27T20:45:29","slug":"el-rector-de-la-unam-solicita-remocion-de-director-del-iie-tras-declaracion-sobre-el-feminicidio","status":"publish","type":"post","link":"https:\/\/www.sonoraenequipo.com.mx\/el-rector-de-la-unam-solicita-remocion-de-director-del-iie-tras-declaracion-sobre-el-feminicidio\/","title":{"rendered":"El rector de la UNAM solicita remoci\u00f3n de director del IIE tras declaraci\u00f3n sobre el feminicidio."},"content":{"rendered":"<p>CIUDAD DE M\u00c9XICO. MX. \u2014 La Universidad Nacional Aut\u00f3noma de M\u00e9xico (UNAM) inform\u00f3 que el rector Enrique Graue solicit\u00f3 a la Junta de Gobierno de la casa de estudios la remoci\u00f3n del Iv\u00e1n Ruiz como director del Instituto de investigaciones Est\u00e9ticas (IIE).<\/p>\n<p>&nbsp;<\/p>\n<p> <\/p>\n<p>&nbsp;<\/p>\n<p>Esto luego de que Ruiz Garc\u00eda asegurara que \u201cel feminicidio es un acto de amor\u201d durante el noticiero matutino Primer Movimiento de Radio UNAM con motivo de la presentaci\u00f3n de su libro.<\/p>\n<p>&nbsp;<\/p>\n<p>A trav\u00e9s de un comunicado, la m\u00e1xima casa de estudios precis\u00f3 que Graue envi\u00f3 una carta al presidente en turno de la Junta de Gobierno, Javier Garc\u00edadiego Danta, donde se refiri\u00f3 a las <em>\u201clamentables declaraciones\u201d<\/em> que realiz\u00f3 el acad\u00e9mico.<\/p>\n<p>&nbsp;<\/p>\n<p>&nbsp;<\/p>\n<p>En dicha entrevista el director del IIE emiti\u00f3 una serie de comentarios que normalizan la violencia contra las mujeres en un pa\u00eds donde al d\u00eda son asesinadas 10 mujeres.<\/p>\n<p>&nbsp;<\/p>\n<p>\u201cEl feminicidio por m\u00e1s horroroso que pueda ser es un acto de amor y acto de pasiones del alma\u201d, dijo convencido.<\/p>\n<p>&nbsp;<\/p>\n<p>Lo anterior desat\u00f3 una oleada de rechazo e indignaci\u00f3n por parte de la comunidad universitaria, quienes exigieron a las autoridades de la UNAM tomar cartas en el asunto.<\/p>\n<p><a class=\"twitter-timeline\" data-width=\"640\" data-height=\"960\" data-dnt=\"true\" href=\"https:\/\/twitter.com\/UNAM_MX?ref_src=twsrc%5Etfw\">Tweets by UNAM_MX<\/a><script async src=\"https:\/\/platform.twitter.com\/widgets.js\" charset=\"utf-8\"><\/script><\/p>\n<p>&nbsp;<\/p>\n<p>(Publicada el 26\/08\/2021<\/p>\n","protected":false},"excerpt":{"rendered":"<p>CIUDAD DE M\u00c9XICO. MX. \u2014 La Universidad Nacional Aut\u00f3noma de M\u00e9xico (UNAM) inform\u00f3 que el&#8230;<\/p>\n","protected":false},"author":1,"featured_media":121510,"comment_status":"open","ping_status":"open","sticky":false,"template":"","format":"standard","meta":{"_monsterinsights_skip_tracking":false,"_monsterinsights_sitenote_active":false,"_monsterinsights_sitenote_note":"","_monsterinsights_sitenote_category":0,"footnotes":""},"categories":[5],"tags":[],"class_list":["post"],"yoast_head":" \n<title>Sonora en Equipo. El rector de la UNAM solicita remoci\u00f3n de director del IIE tras declaraci\u00f3n sobre el feminicidio. Rep\u00fablica<\/title>\n<meta name=\"description\" content=\"CIUDAD DE M\u00c9XICO. MX. \u2014 La Universidad Nacional Aut\u00f3noma de M\u00e9xico (UNAM) inform\u00f3 que el rector Enrique Graue solicit\u00f3 a la Junta de Gobierno de la casa En Sonora en Equipo publicamos toda la informaci\u00f3n de Sonora, M\u00e9xico y el Mundo de manera oportuna y busca que la libertad de expresi\u00f3n sea real. Visita nuestro medio informativo publicado desde Hermosillo, Sonora. %\" \/>\n<meta name=\"robots\" content=\"index, follow, max-snippet:-1, max-image-preview:large, max-video-preview:-1\" \/>\n<link rel=\"canonical\" href=\"https:\/\/www.sonoraenequipo.com.mx\/el-rector-de-la-unam-solicita-remocion-de-director-del-iie-tras-declaracion-sobre-el-feminicidio\/\" \/>\n<meta property=\"og:locale\" content=\"es_ES\" \/>\n<meta property=\"og:type\" content=\"article\" \/>\n<meta property=\"og:title\" content=\"Sonora en Equipo. El rector de la UNAM solicita remoci\u00f3n de director del IIE tras declaraci\u00f3n sobre el feminicidio. Rep\u00fablica\" \/>\n<meta property=\"og:description\" content=\"CIUDAD DE M\u00c9XICO. MX. \u2014 La Universidad Nacional Aut\u00f3noma de M\u00e9xico (UNAM) inform\u00f3 que el rector Enrique Graue solicit\u00f3 a la Junta de Gobierno de la casa En Sonora en Equipo publicamos toda la informaci\u00f3n de Sonora, M\u00e9xico y el Mundo de manera oportuna y busca que la libertad de expresi\u00f3n sea real. Visita nuestro medio informativo publicado desde Hermosillo, Sonora. %\" \/>\n<meta property=\"og:url\" content=\"https:\/\/www.sonoraenequipo.com.mx\/el-rector-de-la-unam-solicita-remocion-de-director-del-iie-tras-declaracion-sobre-el-feminicidio\/\" \/>\n<meta property=\"og:site_name\" content=\"Sonora en Equipo.\" \/>\n<meta property=\"article:publisher\" content=\"https:\/\/www.facebook.com\/SonoraEE\/\" \/>\n<meta property=\"article:author\" content=\"https:\/\/www.facebook.com\/SonoraEE\" \/>\n<meta property=\"article:published_time\" content=\"2021-08-27T06:15:59+00:00\" \/>\n<meta property=\"article:modified_time\" content=\"2021-08-27T20:45:29+00:00\" \/>\n<meta property=\"og:image\" content=\"https:\/\/www.sonoraenequipo.com.mx\/storage\/2021\/08\/enrique_graue_opt.jpg\" \/>\n\t<meta property=\"og:image:width\" content=\"700\" \/>\n\t<meta property=\"og:image:height\" content=\"400\" \/>\n\t<meta property=\"og:image:type\" content=\"image\/jpeg\" \/>\n<meta name=\"author\" content=\"enequipo\" \/>\n<meta name=\"twitter:card\" content=\"summary_large_image\" \/>\n<meta name=\"twitter:creator\" content=\"@sonoraenequipo\" \/>\n<meta name=\"twitter:site\" content=\"@sonoraenequipo\" \/>\n<meta name=\"twitter:label1\" content=\"Escrito por\" \/>\n\t<meta name=\"twitter:data1\" content=\"enequipo\" \/>\n\t<meta name=\"twitter:label2\" content=\"Tiempo de lectura\" \/>\n\t<meta name=\"twitter:data2\" content=\"1 minuto\" \/>\n<script type=\"application\/ld+json\" class=\"yoast-schema-graph\">{\"@context\":\"https:\/\/schema.org\",\"@graph\":[{\"@type\":\"Article\",\"@id\":\"https:\/\/www.sonoraenequipo.com.mx\/el-rector-de-la-unam-solicita-remocion-de-director-del-iie-tras-declaracion-sobre-el-feminicidio\/#article\",\"isPartOf\":{\"@id\":\"https:\/\/www.sonoraenequipo.com.mx\/el-rector-de-la-unam-solicita-remocion-de-director-del-iie-tras-declaracion-sobre-el-feminicidio\/\"},\"author\":{\"name\":\"enequipo\",\"@id\":\"https:\/\/www.sonoraenequipo.com.mx\/#\/schema\/person\/50102df0fb23a8fa9e8effad8fa81386\"},\"headline\":\"El rector de la UNAM solicita remoci\u00f3n de director del IIE tras declaraci\u00f3n sobre el feminicidio.\",\"datePublished\":\"2021-08-27T06:15:59+00:00\",\"dateModified\":\"2021-08-27T20:45:29+00:00\",\"mainEntityOfPage\":{\"@id\":\"https:\/\/www.sonoraenequipo.com.mx\/el-rector-de-la-unam-solicita-remocion-de-director-del-iie-tras-declaracion-sobre-el-feminicidio\/\"},\"wordCount\":238,\"commentCount\":0,\"publisher\":{\"@id\":\"https:\/\/www.sonoraenequipo.com.mx\/#organization\"},\"image\":{\"@id\":\"https:\/\/www.sonoraenequipo.com.mx\/el-rector-de-la-unam-solicita-remocion-de-director-del-iie-tras-declaracion-sobre-el-feminicidio\/#primaryimage\"},\"thumbnailUrl\":\"https:\/\/www.sonoraenequipo.com.mx\/storage\/2021\/08\/enrique_graue_opt.jpg\",\"articleSection\":[\"Rep\u00fablica\"],\"inLanguage\":\"es\",\"potentialAction\":[{\"@type\":\"CommentAction\",\"name\":\"Comment\",\"target\":[\"https:\/\/www.sonoraenequipo.com.mx\/el-rector-de-la-unam-solicita-remocion-de-director-del-iie-tras-declaracion-sobre-el-feminicidio\/#respond\"]}]},{\"@type\":\"WebPage\",\"@id\":\"https:\/\/www.sonoraenequipo.com.mx\/el-rector-de-la-unam-solicita-remocion-de-director-del-iie-tras-declaracion-sobre-el-feminicidio\/\",\"url\":\"https:\/\/www.sonoraenequipo.com.mx\/el-rector-de-la-unam-solicita-remocion-de-director-del-iie-tras-declaracion-sobre-el-feminicidio\/\",\"name\":\"Sonora en Equipo. El rector de la UNAM solicita remoci\u00f3n de director del IIE tras declaraci\u00f3n sobre el feminicidio. Rep\u00fablica\",\"isPartOf\":{\"@id\":\"https:\/\/www.sonoraenequipo.com.mx\/#website\"},\"primaryImageOfPage\":{\"@id\":\"https:\/\/www.sonoraenequipo.com.mx\/el-rector-de-la-unam-solicita-remocion-de-director-del-iie-tras-declaracion-sobre-el-feminicidio\/#primaryimage\"},\"image\":{\"@id\":\"https:\/\/www.sonoraenequipo.com.mx\/el-rector-de-la-unam-solicita-remocion-de-director-del-iie-tras-declaracion-sobre-el-feminicidio\/#primaryimage\"},\"thumbnailUrl\":\"https:\/\/www.sonoraenequipo.com.mx\/storage\/2021\/08\/enrique_graue_opt.jpg\",\"datePublished\":\"2021-08-27T06:15:59+00:00\",\"dateModified\":\"2021-08-27T20:45:29+00:00\",\"description\":\"CIUDAD DE M\u00c9XICO. MX. \u2014 La Universidad Nacional Aut\u00f3noma de M\u00e9xico (UNAM) inform\u00f3 que el rector Enrique Graue solicit\u00f3 a la Junta de Gobierno de la casa En Sonora en Equipo publicamos toda la informaci\u00f3n de Sonora, M\u00e9xico y el Mundo de manera oportuna y busca que la libertad de expresi\u00f3n sea real. Visita nuestro medio informativo publicado desde Hermosillo, Sonora. %\",\"breadcrumb\":{\"@id\":\"https:\/\/www.sonoraenequipo.com.mx\/el-rector-de-la-unam-solicita-remocion-de-director-del-iie-tras-declaracion-sobre-el-feminicidio\/#breadcrumb\"},\"inLanguage\":\"es\",\"potentialAction\":[{\"@type\":\"ReadAction\",\"target\":[\"https:\/\/www.sonoraenequipo.com.mx\/el-rector-de-la-unam-solicita-remocion-de-director-del-iie-tras-declaracion-sobre-el-feminicidio\/\"]}]},{\"@type\":\"ImageObject\",\"inLanguage\":\"es\",\"@id\":\"https:\/\/www.sonoraenequipo.com.mx\/el-rector-de-la-unam-solicita-remocion-de-director-del-iie-tras-declaracion-sobre-el-feminicidio\/#primaryimage\",\"url\":\"https:\/\/www.sonoraenequipo.com.mx\/storage\/2021\/08\/enrique_graue_opt.jpg\",\"contentUrl\":\"https:\/\/www.sonoraenequipo.com.mx\/storage\/2021\/08\/enrique_graue_opt.jpg\",\"width\":700,\"height\":400},{\"@type\":\"BreadcrumbList\",\"@id\":\"https:\/\/www.sonoraenequipo.com.mx\/el-rector-de-la-unam-solicita-remocion-de-director-del-iie-tras-declaracion-sobre-el-feminicidio\/#breadcrumb\",\"itemListElement\":[{\"@type\":\"ListItem\",\"position\":1,\"name\":\"Portada\",\"item\":\"https:\/\/www.sonoraenequipo.com.mx\/\"},{\"@type\":\"ListItem\",\"position\":2,\"name\":\"El rector de la UNAM solicita remoci\u00f3n de director del IIE tras declaraci\u00f3n sobre el feminicidio.\"}]},{\"@type\":\"WebSite\",\"@id\":\"https:\/\/www.sonoraenequipo.com.mx\/#website\",\"url\":\"https:\/\/www.sonoraenequipo.com.mx\/\",\"name\":\"Sonora en Equipo.\",\"description\":\"Diario en l\u00ednea con Noticias desde Hermosillo, Sonora\",\"publisher\":{\"@id\":\"https:\/\/www.sonoraenequipo.com.mx\/#organization\"},\"potentialAction\":[{\"@type\":\"SearchAction\",\"target\":{\"@type\":\"EntryPoint\",\"urlTemplate\":\"https:\/\/www.sonoraenequipo.com.mx\/?s={search_term_string}\"},\"query-input\":{\"@type\":\"PropertyValueSpecification\",\"valueRequired\":true,\"valueName\":\"search_term_string\"}}],\"inLanguage\":\"es\"},{\"@type\":\"Organization\",\"@id\":\"https:\/\/www.sonoraenequipo.com.mx\/#organization\",\"name\":\"Sonoraenequipo.com.mx\",\"url\":\"https:\/\/www.sonoraenequipo.com.mx\/\",\"logo\":{\"@type\":\"ImageObject\",\"inLanguage\":\"es\",\"@id\":\"https:\/\/www.sonoraenequipo.com.mx\/#\/schema\/logo\/image\/\",\"url\":\"https:\/\/www.sonoraenequipo.com.mx\/storage\/2019\/01\/sonoraenequipo_opt.png\",\"contentUrl\":\"https:\/\/www.sonoraenequipo.com.mx\/storage\/2019\/01\/sonoraenequipo_opt.png\",\"width\":375,\"height\":125,\"caption\":\"Sonoraenequipo.com.mx\"},\"image\":{\"@id\":\"https:\/\/www.sonoraenequipo.com.mx\/#\/schema\/logo\/image\/\"},\"sameAs\":[\"https:\/\/www.facebook.com\/SonoraEE\/\",\"https:\/\/x.com\/sonoraenequipo\",\"https:\/\/www.youtube.com\/channel\/UC338nW-lPEYmJQs4ZABQ1SQ\"]},{\"@type\":\"Person\",\"@id\":\"https:\/\/www.sonoraenequipo.com.mx\/#\/schema\/person\/50102df0fb23a8fa9e8effad8fa81386\",\"name\":\"enequipo\",\"image\":{\"@type\":\"ImageObject\",\"inLanguage\":\"es\",\"@id\":\"https:\/\/www.sonoraenequipo.com.mx\/#\/schema\/person\/image\/\",\"url\":\"https:\/\/secure.gravatar.com\/avatar\/049821681b589dabc0bc20695993ccebb09f5b5d4d790cd9251b97faac7c652b?s=96&d=blank&r=g\",\"contentUrl\":\"https:\/\/secure.gravatar.com\/avatar\/049821681b589dabc0bc20695993ccebb09f5b5d4d790cd9251b97faac7c652b?s=96&d=blank&r=g\",\"caption\":\"enequipo\"},\"sameAs\":[\"https:\/\/www.facebook.com\/SonoraEE\"]}]}<\/script>\n ","yoast_head_json":{"title":"Sonora en Equipo. El rector de la UNAM solicita remoci\u00f3n de director del IIE tras declaraci\u00f3n sobre el feminicidio. Rep\u00fablica","description":"CIUDAD DE M\u00c9XICO. MX. \u2014 La Universidad Nacional Aut\u00f3noma de M\u00e9xico (UNAM) inform\u00f3 que el rector Enrique Graue solicit\u00f3 a la Junta de Gobierno de la casa En Sonora en Equipo publicamos toda la informaci\u00f3n de Sonora, M\u00e9xico y el Mundo de manera oportuna y busca que la libertad de expresi\u00f3n sea real. Visita nuestro medio informativo publicado desde Hermosillo, Sonora. %","robots":{"index":"index","follow":"follow","max-snippet":"max-snippet:-1","max-image-preview":"max-image-preview:large","max-video-preview":"max-video-preview:-1"},"canonical":"https:\/\/www.sonoraenequipo.com.mx\/el-rector-de-la-unam-solicita-remocion-de-director-del-iie-tras-declaracion-sobre-el-feminicidio\/","og_locale":"es_ES","og_type":"article","og_title":"Sonora en Equipo. El rector de la UNAM solicita remoci\u00f3n de director del IIE tras declaraci\u00f3n sobre el feminicidio. Rep\u00fablica","og_description":"CIUDAD DE M\u00c9XICO. MX. \u2014 La Universidad Nacional Aut\u00f3noma de M\u00e9xico (UNAM) inform\u00f3 que el rector Enrique Graue solicit\u00f3 a la Junta de Gobierno de la casa En Sonora en Equipo publicamos toda la informaci\u00f3n de Sonora, M\u00e9xico y el Mundo de manera oportuna y busca que la libertad de expresi\u00f3n sea real. Visita nuestro medio informativo publicado desde Hermosillo, Sonora. %","og_url":"https:\/\/www.sonoraenequipo.com.mx\/el-rector-de-la-unam-solicita-remocion-de-director-del-iie-tras-declaracion-sobre-el-feminicidio\/","og_site_name":"Sonora en Equipo.","article_publisher":"https:\/\/www.facebook.com\/SonoraEE\/","article_author":"https:\/\/www.facebook.com\/SonoraEE","article_published_time":"2021-08-27T06:15:59+00:00","article_modified_time":"2021-08-27T20:45:29+00:00","og_image":[{"width":700,"height":400,"url":"https:\/\/www.sonoraenequipo.com.mx\/storage\/2021\/08\/enrique_graue_opt.jpg","type":"image\/jpeg"}],"author":"enequipo","twitter_card":"summary_large_image","twitter_creator":"@sonoraenequipo","twitter_site":"@sonoraenequipo","twitter_misc":{"Escrito por":"enequipo","Tiempo de lectura":"1 minuto"},"schema":{"@context":"https:\/\/schema.org","@graph":[{"@type":"Article","@id":"https:\/\/www.sonoraenequipo.com.mx\/el-rector-de-la-unam-solicita-remocion-de-director-del-iie-tras-declaracion-sobre-el-feminicidio\/#article","isPartOf":{"@id":"https:\/\/www.sonoraenequipo.com.mx\/el-rector-de-la-unam-solicita-remocion-de-director-del-iie-tras-declaracion-sobre-el-feminicidio\/"},"author":{"name":"enequipo","@id":"https:\/\/www.sonoraenequipo.com.mx\/#\/schema\/person\/50102df0fb23a8fa9e8effad8fa81386"},"headline":"El rector de la UNAM solicita remoci\u00f3n de director del IIE tras declaraci\u00f3n sobre el feminicidio.","datePublished":"2021-08-27T06:15:59+00:00","dateModified":"2021-08-27T20:45:29+00:00","mainEntityOfPage":{"@id":"https:\/\/www.sonoraenequipo.com.mx\/el-rector-de-la-unam-solicita-remocion-de-director-del-iie-tras-declaracion-sobre-el-feminicidio\/"},"wordCount":238,"commentCount":0,"publisher":{"@id":"https:\/\/www.sonoraenequipo.com.mx\/#organization"},"image":{"@id":"https:\/\/www.sonoraenequipo.com.mx\/el-rector-de-la-unam-solicita-remocion-de-director-del-iie-tras-declaracion-sobre-el-feminicidio\/#primaryimage"},"thumbnailUrl":"https:\/\/www.sonoraenequipo.com.mx\/storage\/2021\/08\/enrique_graue_opt.jpg","articleSection":["Rep\u00fablica"],"inLanguage":"es","potentialAction":[{"@type":"CommentAction","name":"Comment","target":["https:\/\/www.sonoraenequipo.com.mx\/el-rector-de-la-unam-solicita-remocion-de-director-del-iie-tras-declaracion-sobre-el-feminicidio\/#respond"]}]},{"@type":"WebPage","@id":"https:\/\/www.sonoraenequipo.com.mx\/el-rector-de-la-unam-solicita-remocion-de-director-del-iie-tras-declaracion-sobre-el-feminicidio\/","url":"https:\/\/www.sonoraenequipo.com.mx\/el-rector-de-la-unam-solicita-remocion-de-director-del-iie-tras-declaracion-sobre-el-feminicidio\/","name":"Sonora en Equipo. El rector de la UNAM solicita remoci\u00f3n de director del IIE tras declaraci\u00f3n sobre el feminicidio. Rep\u00fablica","isPartOf":{"@id":"https:\/\/www.sonoraenequipo.com.mx\/#website"},"primaryImageOfPage":{"@id":"https:\/\/www.sonoraenequipo.com.mx\/el-rector-de-la-unam-solicita-remocion-de-director-del-iie-tras-declaracion-sobre-el-feminicidio\/#primaryimage"},"image":{"@id":"https:\/\/www.sonoraenequipo.com.mx\/el-rector-de-la-unam-solicita-remocion-de-director-del-iie-tras-declaracion-sobre-el-feminicidio\/#primaryimage"},"thumbnailUrl":"https:\/\/www.sonoraenequipo.com.mx\/storage\/2021\/08\/enrique_graue_opt.jpg","datePublished":"2021-08-27T06:15:59+00:00","dateModified":"2021-08-27T20:45:29+00:00","description":"CIUDAD DE M\u00c9XICO. MX. \u2014 La Universidad Nacional Aut\u00f3noma de M\u00e9xico (UNAM) inform\u00f3 que el rector Enrique Graue solicit\u00f3 a la Junta de Gobierno de la casa En Sonora en Equipo publicamos toda la informaci\u00f3n de Sonora, M\u00e9xico y el Mundo de manera oportuna y busca que la libertad de expresi\u00f3n sea real. Visita nuestro medio informativo publicado desde Hermosillo, Sonora. %","breadcrumb":{"@id":"https:\/\/www.sonoraenequipo.com.mx\/el-rector-de-la-unam-solicita-remocion-de-director-del-iie-tras-declaracion-sobre-el-feminicidio\/#breadcrumb"},"inLanguage":"es","potentialAction":[{"@type":"ReadAction","target":["https:\/\/www.sonoraenequipo.com.mx\/el-rector-de-la-unam-solicita-remocion-de-director-del-iie-tras-declaracion-sobre-el-feminicidio\/"]}]},{"@type":"ImageObject","inLanguage":"es","@id":"https:\/\/www.sonoraenequipo.com.mx\/el-rector-de-la-unam-solicita-remocion-de-director-del-iie-tras-declaracion-sobre-el-feminicidio\/#primaryimage","url":"https:\/\/www.sonoraenequipo.com.mx\/storage\/2021\/08\/enrique_graue_opt.jpg","contentUrl":"https:\/\/www.sonoraenequipo.com.mx\/storage\/2021\/08\/enrique_graue_opt.jpg","width":700,"height":400},{"@type":"BreadcrumbList","@id":"https:\/\/www.sonoraenequipo.com.mx\/el-rector-de-la-unam-solicita-remocion-de-director-del-iie-tras-declaracion-sobre-el-feminicidio\/#breadcrumb","itemListElement":[{"@type":"ListItem","position":1,"name":"Portada","item":"https:\/\/www.sonoraenequipo.com.mx\/"},{"@type":"ListItem","position":2,"name":"El rector de la UNAM solicita remoci\u00f3n de director del IIE tras declaraci\u00f3n sobre el feminicidio."}]},{"@type":"WebSite","@id":"https:\/\/www.sonoraenequipo.com.mx\/#website","url":"https:\/\/www.sonoraenequipo.com.mx\/","name":"Sonora en Equipo.","description":"Diario en l\u00ednea con Noticias desde Hermosillo, Sonora","publisher":{"@id":"https:\/\/www.sonoraenequipo.com.mx\/#organization"},"potentialAction":[{"@type":"SearchAction","target":{"@type":"EntryPoint","urlTemplate":"https:\/\/www.sonoraenequipo.com.mx\/?s={search_term_string}"},"query-input":{"@type":"PropertyValueSpecification","valueRequired":true,"valueName":"search_term_string"}}],"inLanguage":"es"},{"@type":"Organization","@id":"https:\/\/www.sonoraenequipo.com.mx\/#organization","name":"Sonoraenequipo.com.mx","url":"https:\/\/www.sonoraenequipo.com.mx\/","logo":{"@type":"ImageObject","inLanguage":"es","@id":"https:\/\/www.sonoraenequipo.com.mx\/#\/schema\/logo\/image\/","url":"https:\/\/www.sonoraenequipo.com.mx\/storage\/2019\/01\/sonoraenequipo_opt.png","contentUrl":"https:\/\/www.sonoraenequipo.com.mx\/storage\/2019\/01\/sonoraenequipo_opt.png","width":375,"height":125,"caption":"Sonoraenequipo.com.mx"},"image":{"@id":"https:\/\/www.sonoraenequipo.com.mx\/#\/schema\/logo\/image\/"},"sameAs":["https:\/\/www.facebook.com\/SonoraEE\/","https:\/\/x.com\/sonoraenequipo","https:\/\/www.youtube.com\/channel\/UC338nW-lPEYmJQs4ZABQ1SQ"]},{"@type":"Person","@id":"https:\/\/www.sonoraenequipo.com.mx\/#\/schema\/person\/50102df0fb23a8fa9e8effad8fa81386","name":"enequipo","image":{"@type":"ImageObject","inLanguage":"es","@id":"https:\/\/www.sonoraenequipo.com.mx\/#\/schema\/person\/image\/","url":"https:\/\/secure.gravatar.com\/avatar\/049821681b589dabc0bc20695993ccebb09f5b5d4d790cd9251b97faac7c652b?s=96&d=blank&r=g","contentUrl":"https:\/\/secure.gravatar.com\/avatar\/049821681b589dabc0bc20695993ccebb09f5b5d4d790cd9251b97faac7c652b?s=96&d=blank&r=g","caption":"enequipo"},"sameAs":["https:\/\/www.facebook.com\/SonoraEE"]}]}},"jetpack_featured_media_url":"https:\/\/www.sonoraenequipo.com.mx\/storage\/2021\/08\/enrique_graue_opt.jpg","_links":{"self":[{"href":"https:\/\/www.sonoraenequipo.com.mx\/api\/wp\/v2\/posts\/121494","targetHints":{"allow":["GET"]}}],"collection":[{"href":"https:\/\/www.sonoraenequipo.com.mx\/api\/wp\/v2\/posts"}],"about":[{"href":"https:\/\/www.sonoraenequipo.com.mx\/api\/wp\/v2\/types\/post"}],"author":[{"embeddable":true,"href":"https:\/\/www.sonoraenequipo.com.mx\/api\/wp\/v2\/users\/1"}],"replies":[{"embeddable":true,"href":"https:\/\/www.sonoraenequipo.com.mx\/api\/wp\/v2\/comments?post=121494"}],"version-history":[{"count":1,"href":"https:\/\/www.sonoraenequipo.com.mx\/api\/wp\/v2\/posts\/121494\/revisions"}],"predecessor-version":[{"id":121513,"href":"https:\/\/www.sonoraenequipo.com.mx\/api\/wp\/v2\/posts\/121494\/revisions\/121513"}],"wp:featuredmedia":[{"embeddable":true,"href":"https:\/\/www.sonoraenequipo.com.mx\/api\/wp\/v2\/media\/121510"}],"wp:attachment":[{"href":"https:\/\/www.sonoraenequipo.com.mx\/api\/wp\/v2\/media?parent=121494"}],"wp:term":[{"taxonomy":"category","embeddable":true,"href":"https:\/\/www.sonoraenequipo.com.mx\/api\/wp\/v2\/categories?post=121494"},{"taxonomy":"post_tag","embeddable":true,"href":"https:\/\/www.sonoraenequipo.com.mx\/api\/wp\/v2\/tags?post=121494"}],"curies":[{"name":"wp","href":"https:\/\/api.w.org\/{rel}","templated":true}]}}