{"id":121498,"date":"2021-08-27T11:26:10","date_gmt":"2021-08-27T18:26:10","guid":{"rendered":"https:\/\/www.sonoraenequipo.com.mx\/?p=121498"},"modified":"2021-08-27T13:55:17","modified_gmt":"2021-08-27T20:55:17","slug":"juego-mexico-vs-jamaica-sera-a-puerta-cerrada-tras-sancion-de-fifa-por-gritos-discriminatorios","status":"publish","type":"post","link":"https:\/\/www.sonoraenequipo.com.mx\/juego-mexico-vs-jamaica-sera-a-puerta-cerrada-tras-sancion-de-fifa-por-gritos-discriminatorios\/","title":{"rendered":"Juego M\u00e9xico vs. Jamaica ser\u00e1 a puerta cerrada tras \u00a0sanci\u00f3n de FIFA por gritos discriminatorios"},"content":{"rendered":"<p>CIUDAD DE M\u00c9XICO.\u2500\u2500La Federaci\u00f3n Mexicana de F\u00fatbol (FMF) ha sido notificada por la Federaci\u00f3n Internacional de Futbol Asociaci\u00f3n (FIFA) acerca de la sanci\u00f3n impuesta debido a los gritos discriminatorios.<\/p>\n<p>&nbsp;<\/p>\n<p>&nbsp;<\/p>\n<p>La Comisi\u00f3n de Apelaciones de la FIFA ha resuelto que la sanci\u00f3n impuesta por la Comisi\u00f3n Disciplinaria consistente en dos partidos a puerta cerrada, se reduzca a un solo partido, dicha sanci\u00f3n se deber\u00e1 cumplir en el siguiente partido oficial que se juegue como local en cualquier categor\u00eda de f\u00fatbol once masculino.<\/p>\n<p>Lo anterior, en reconocimiento a los esfuerzos realizados por la FMF por erradicar la discriminaci\u00f3n.<\/p>\n<p>&nbsp;<\/p>\n<p>Ante esta resoluci\u00f3n, la Federaci\u00f3n Mexicana de F\u00fatbol confirma :<\/p>\n<p>&nbsp;<\/p>\n<p>El\u00a0 pr\u00f3ximo partido de la Selecci\u00f3n Nacional de M\u00e9xico de las eliminatorias rumbo a Qatar 2022, ante su similar de Jamaica en el Estadio Azteca, ser\u00e1 a puerta cerrada.<\/p>\n<p>El\u00a0 partido de la Selecci\u00f3n Nacional Femenil programado para la fecha FIFA de Septiembre, no se ver\u00e1 afectado.<\/p>\n<p>Fecha de Publicaci\u00f3n\u00a0\u00a0 viernes \/ 27\u00a0 \/ agosto \/ 2021<\/p>\n<p>&nbsp;<\/p>\n<p>&nbsp;<\/p>\n<p>&nbsp;<\/p>\n<p>&nbsp;<\/p>\n<p>En la FMF estamos convencidos de poder contar con el apoyo de nuestra afici\u00f3n para evitar enfrentar esta lamentable situaci\u00f3n en el futuro y reiteramos nuestro\u00a0 compromiso por seguir trabajando en esfuerzos encaminados a promover el respeto y la igualdad, como parte fundamental de Nuestro F\u00fatbol.<\/p>\n<p>Fecha de Publicaci\u00f3n\u00a0\u00a0 viernes \/ 27\u00a0 \/ agosto \/ 2021<\/p>\n<p>&nbsp;<\/p>\n","protected":false},"excerpt":{"rendered":"<p>CIUDAD DE M\u00c9XICO.\u2500\u2500La Federaci\u00f3n Mexicana de F\u00fatbol (FMF) ha sido notificada por la Federaci\u00f3n Internacional&#8230;<\/p>\n","protected":false},"author":1,"featured_media":121499,"comment_status":"open","ping_status":"open","sticky":false,"template":"","format":"standard","meta":{"_monsterinsights_skip_tracking":false,"_monsterinsights_sitenote_active":false,"_monsterinsights_sitenote_note":"","_monsterinsights_sitenote_category":0,"footnotes":""},"categories":[10],"tags":[6046,53],"class_list":["post"],"yoast_head":" \n<title>Sonora en Equipo. Juego M\u00e9xico vs. Jamaica ser\u00e1 a puerta cerrada tras \u00a0sanci\u00f3n de FIFA por gritos discriminatorios Deportes<\/title>\n<meta name=\"description\" content=\"CIUDAD DE M\u00c9XICO.\u2500\u2500La Federaci\u00f3n Mexicana de F\u00fatbol (FMF) ha sido notificada por la Federaci\u00f3n Internacional de Futbol Asociaci\u00f3n (FIFA) acerca de la En Sonora en Equipo publicamos toda la informaci\u00f3n de Sonora, M\u00e9xico y el Mundo de manera oportuna y busca que la libertad de expresi\u00f3n sea real. Visita nuestro medio informativo publicado desde Hermosillo, Sonora. %\" \/>\n<meta name=\"robots\" content=\"index, follow, max-snippet:-1, max-image-preview:large, max-video-preview:-1\" \/>\n<link rel=\"canonical\" href=\"https:\/\/www.sonoraenequipo.com.mx\/juego-mexico-vs-jamaica-sera-a-puerta-cerrada-tras-sancion-de-fifa-por-gritos-discriminatorios\/\" \/>\n<meta property=\"og:locale\" content=\"es_ES\" \/>\n<meta property=\"og:type\" content=\"article\" \/>\n<meta property=\"og:title\" content=\"Sonora en Equipo. Juego M\u00e9xico vs. Jamaica ser\u00e1 a puerta cerrada tras \u00a0sanci\u00f3n de FIFA por gritos discriminatorios Deportes\" \/>\n<meta property=\"og:description\" content=\"CIUDAD DE M\u00c9XICO.\u2500\u2500La Federaci\u00f3n Mexicana de F\u00fatbol (FMF) ha sido notificada por la Federaci\u00f3n Internacional de Futbol Asociaci\u00f3n (FIFA) acerca de la En Sonora en Equipo publicamos toda la informaci\u00f3n de Sonora, M\u00e9xico y el Mundo de manera oportuna y busca que la libertad de expresi\u00f3n sea real. Visita nuestro medio informativo publicado desde Hermosillo, Sonora. %\" \/>\n<meta property=\"og:url\" content=\"https:\/\/www.sonoraenequipo.com.mx\/juego-mexico-vs-jamaica-sera-a-puerta-cerrada-tras-sancion-de-fifa-por-gritos-discriminatorios\/\" \/>\n<meta property=\"og:site_name\" content=\"Sonora en Equipo.\" \/>\n<meta property=\"article:publisher\" content=\"https:\/\/www.facebook.com\/SonoraEE\/\" \/>\n<meta property=\"article:author\" content=\"https:\/\/www.facebook.com\/SonoraEE\" \/>\n<meta property=\"article:published_time\" content=\"2021-08-27T18:26:10+00:00\" \/>\n<meta property=\"article:modified_time\" content=\"2021-08-27T20:55:17+00:00\" \/>\n<meta property=\"og:image\" content=\"https:\/\/www.sonoraenequipo.com.mx\/storage\/2021\/08\/mex-jam.jpg\" \/>\n\t<meta property=\"og:image:width\" content=\"700\" \/>\n\t<meta property=\"og:image:height\" content=\"400\" \/>\n\t<meta property=\"og:image:type\" content=\"image\/jpeg\" \/>\n<meta name=\"author\" content=\"enequipo\" \/>\n<meta name=\"twitter:card\" content=\"summary_large_image\" \/>\n<meta name=\"twitter:creator\" content=\"@sonoraenequipo\" \/>\n<meta name=\"twitter:site\" content=\"@sonoraenequipo\" \/>\n<meta name=\"twitter:label1\" content=\"Escrito por\" \/>\n\t<meta name=\"twitter:data1\" content=\"enequipo\" \/>\n\t<meta name=\"twitter:label2\" content=\"Tiempo de lectura\" \/>\n\t<meta name=\"twitter:data2\" content=\"1 minuto\" \/>\n<script type=\"application\/ld+json\" class=\"yoast-schema-graph\">{\"@context\":\"https:\/\/schema.org\",\"@graph\":[{\"@type\":\"Article\",\"@id\":\"https:\/\/www.sonoraenequipo.com.mx\/juego-mexico-vs-jamaica-sera-a-puerta-cerrada-tras-sancion-de-fifa-por-gritos-discriminatorios\/#article\",\"isPartOf\":{\"@id\":\"https:\/\/www.sonoraenequipo.com.mx\/juego-mexico-vs-jamaica-sera-a-puerta-cerrada-tras-sancion-de-fifa-por-gritos-discriminatorios\/\"},\"author\":{\"name\":\"enequipo\",\"@id\":\"https:\/\/www.sonoraenequipo.com.mx\/#\/schema\/person\/50102df0fb23a8fa9e8effad8fa81386\"},\"headline\":\"Juego M\u00e9xico vs. Jamaica ser\u00e1 a puerta cerrada tras \u00a0sanci\u00f3n de FIFA por gritos discriminatorios\",\"datePublished\":\"2021-08-27T18:26:10+00:00\",\"dateModified\":\"2021-08-27T20:55:17+00:00\",\"mainEntityOfPage\":{\"@id\":\"https:\/\/www.sonoraenequipo.com.mx\/juego-mexico-vs-jamaica-sera-a-puerta-cerrada-tras-sancion-de-fifa-por-gritos-discriminatorios\/\"},\"wordCount\":259,\"commentCount\":0,\"publisher\":{\"@id\":\"https:\/\/www.sonoraenequipo.com.mx\/#organization\"},\"image\":{\"@id\":\"https:\/\/www.sonoraenequipo.com.mx\/juego-mexico-vs-jamaica-sera-a-puerta-cerrada-tras-sancion-de-fifa-por-gritos-discriminatorios\/#primaryimage\"},\"thumbnailUrl\":\"https:\/\/www.sonoraenequipo.com.mx\/storage\/2021\/08\/mex-jam.jpg\",\"keywords\":[\"catar\",\"mexico\"],\"articleSection\":[\"Deportes\"],\"inLanguage\":\"es\",\"potentialAction\":[{\"@type\":\"CommentAction\",\"name\":\"Comment\",\"target\":[\"https:\/\/www.sonoraenequipo.com.mx\/juego-mexico-vs-jamaica-sera-a-puerta-cerrada-tras-sancion-de-fifa-por-gritos-discriminatorios\/#respond\"]}]},{\"@type\":\"WebPage\",\"@id\":\"https:\/\/www.sonoraenequipo.com.mx\/juego-mexico-vs-jamaica-sera-a-puerta-cerrada-tras-sancion-de-fifa-por-gritos-discriminatorios\/\",\"url\":\"https:\/\/www.sonoraenequipo.com.mx\/juego-mexico-vs-jamaica-sera-a-puerta-cerrada-tras-sancion-de-fifa-por-gritos-discriminatorios\/\",\"name\":\"Sonora en Equipo. Juego M\u00e9xico vs. Jamaica ser\u00e1 a puerta cerrada tras \u00a0sanci\u00f3n de FIFA por gritos discriminatorios Deportes\",\"isPartOf\":{\"@id\":\"https:\/\/www.sonoraenequipo.com.mx\/#website\"},\"primaryImageOfPage\":{\"@id\":\"https:\/\/www.sonoraenequipo.com.mx\/juego-mexico-vs-jamaica-sera-a-puerta-cerrada-tras-sancion-de-fifa-por-gritos-discriminatorios\/#primaryimage\"},\"image\":{\"@id\":\"https:\/\/www.sonoraenequipo.com.mx\/juego-mexico-vs-jamaica-sera-a-puerta-cerrada-tras-sancion-de-fifa-por-gritos-discriminatorios\/#primaryimage\"},\"thumbnailUrl\":\"https:\/\/www.sonoraenequipo.com.mx\/storage\/2021\/08\/mex-jam.jpg\",\"datePublished\":\"2021-08-27T18:26:10+00:00\",\"dateModified\":\"2021-08-27T20:55:17+00:00\",\"description\":\"CIUDAD DE M\u00c9XICO.\u2500\u2500La Federaci\u00f3n Mexicana de F\u00fatbol (FMF) ha sido notificada por la Federaci\u00f3n Internacional de Futbol Asociaci\u00f3n (FIFA) acerca de la En Sonora en Equipo publicamos toda la informaci\u00f3n de Sonora, M\u00e9xico y el Mundo de manera oportuna y busca que la libertad de expresi\u00f3n sea real. Visita nuestro medio informativo publicado desde Hermosillo, Sonora. %\",\"breadcrumb\":{\"@id\":\"https:\/\/www.sonoraenequipo.com.mx\/juego-mexico-vs-jamaica-sera-a-puerta-cerrada-tras-sancion-de-fifa-por-gritos-discriminatorios\/#breadcrumb\"},\"inLanguage\":\"es\",\"potentialAction\":[{\"@type\":\"ReadAction\",\"target\":[\"https:\/\/www.sonoraenequipo.com.mx\/juego-mexico-vs-jamaica-sera-a-puerta-cerrada-tras-sancion-de-fifa-por-gritos-discriminatorios\/\"]}]},{\"@type\":\"ImageObject\",\"inLanguage\":\"es\",\"@id\":\"https:\/\/www.sonoraenequipo.com.mx\/juego-mexico-vs-jamaica-sera-a-puerta-cerrada-tras-sancion-de-fifa-por-gritos-discriminatorios\/#primaryimage\",\"url\":\"https:\/\/www.sonoraenequipo.com.mx\/storage\/2021\/08\/mex-jam.jpg\",\"contentUrl\":\"https:\/\/www.sonoraenequipo.com.mx\/storage\/2021\/08\/mex-jam.jpg\",\"width\":700,\"height\":400},{\"@type\":\"BreadcrumbList\",\"@id\":\"https:\/\/www.sonoraenequipo.com.mx\/juego-mexico-vs-jamaica-sera-a-puerta-cerrada-tras-sancion-de-fifa-por-gritos-discriminatorios\/#breadcrumb\",\"itemListElement\":[{\"@type\":\"ListItem\",\"position\":1,\"name\":\"Portada\",\"item\":\"https:\/\/www.sonoraenequipo.com.mx\/\"},{\"@type\":\"ListItem\",\"position\":2,\"name\":\"Juego M\u00e9xico vs. Jamaica ser\u00e1 a puerta cerrada tras \u00a0sanci\u00f3n de FIFA por gritos discriminatorios\"}]},{\"@type\":\"WebSite\",\"@id\":\"https:\/\/www.sonoraenequipo.com.mx\/#website\",\"url\":\"https:\/\/www.sonoraenequipo.com.mx\/\",\"name\":\"Sonora en Equipo.\",\"description\":\"Diario en l\u00ednea con Noticias desde Hermosillo, Sonora\",\"publisher\":{\"@id\":\"https:\/\/www.sonoraenequipo.com.mx\/#organization\"},\"potentialAction\":[{\"@type\":\"SearchAction\",\"target\":{\"@type\":\"EntryPoint\",\"urlTemplate\":\"https:\/\/www.sonoraenequipo.com.mx\/?s={search_term_string}\"},\"query-input\":{\"@type\":\"PropertyValueSpecification\",\"valueRequired\":true,\"valueName\":\"search_term_string\"}}],\"inLanguage\":\"es\"},{\"@type\":\"Organization\",\"@id\":\"https:\/\/www.sonoraenequipo.com.mx\/#organization\",\"name\":\"Sonoraenequipo.com.mx\",\"url\":\"https:\/\/www.sonoraenequipo.com.mx\/\",\"logo\":{\"@type\":\"ImageObject\",\"inLanguage\":\"es\",\"@id\":\"https:\/\/www.sonoraenequipo.com.mx\/#\/schema\/logo\/image\/\",\"url\":\"https:\/\/www.sonoraenequipo.com.mx\/storage\/2019\/01\/sonoraenequipo_opt.png\",\"contentUrl\":\"https:\/\/www.sonoraenequipo.com.mx\/storage\/2019\/01\/sonoraenequipo_opt.png\",\"width\":375,\"height\":125,\"caption\":\"Sonoraenequipo.com.mx\"},\"image\":{\"@id\":\"https:\/\/www.sonoraenequipo.com.mx\/#\/schema\/logo\/image\/\"},\"sameAs\":[\"https:\/\/www.facebook.com\/SonoraEE\/\",\"https:\/\/x.com\/sonoraenequipo\",\"https:\/\/www.youtube.com\/channel\/UC338nW-lPEYmJQs4ZABQ1SQ\"]},{\"@type\":\"Person\",\"@id\":\"https:\/\/www.sonoraenequipo.com.mx\/#\/schema\/person\/50102df0fb23a8fa9e8effad8fa81386\",\"name\":\"enequipo\",\"image\":{\"@type\":\"ImageObject\",\"inLanguage\":\"es\",\"@id\":\"https:\/\/www.sonoraenequipo.com.mx\/#\/schema\/person\/image\/\",\"url\":\"https:\/\/secure.gravatar.com\/avatar\/049821681b589dabc0bc20695993ccebb09f5b5d4d790cd9251b97faac7c652b?s=96&d=blank&r=g\",\"contentUrl\":\"https:\/\/secure.gravatar.com\/avatar\/049821681b589dabc0bc20695993ccebb09f5b5d4d790cd9251b97faac7c652b?s=96&d=blank&r=g\",\"caption\":\"enequipo\"},\"sameAs\":[\"https:\/\/www.facebook.com\/SonoraEE\"]}]}<\/script>\n ","yoast_head_json":{"title":"Sonora en Equipo. Juego M\u00e9xico vs. Jamaica ser\u00e1 a puerta cerrada tras \u00a0sanci\u00f3n de FIFA por gritos discriminatorios Deportes","description":"CIUDAD DE M\u00c9XICO.\u2500\u2500La Federaci\u00f3n Mexicana de F\u00fatbol (FMF) ha sido notificada por la Federaci\u00f3n Internacional de Futbol Asociaci\u00f3n (FIFA) acerca de la En Sonora en Equipo publicamos toda la informaci\u00f3n de Sonora, M\u00e9xico y el Mundo de manera oportuna y busca que la libertad de expresi\u00f3n sea real. Visita nuestro medio informativo publicado desde Hermosillo, Sonora. %","robots":{"index":"index","follow":"follow","max-snippet":"max-snippet:-1","max-image-preview":"max-image-preview:large","max-video-preview":"max-video-preview:-1"},"canonical":"https:\/\/www.sonoraenequipo.com.mx\/juego-mexico-vs-jamaica-sera-a-puerta-cerrada-tras-sancion-de-fifa-por-gritos-discriminatorios\/","og_locale":"es_ES","og_type":"article","og_title":"Sonora en Equipo. Juego M\u00e9xico vs. Jamaica ser\u00e1 a puerta cerrada tras \u00a0sanci\u00f3n de FIFA por gritos discriminatorios Deportes","og_description":"CIUDAD DE M\u00c9XICO.\u2500\u2500La Federaci\u00f3n Mexicana de F\u00fatbol (FMF) ha sido notificada por la Federaci\u00f3n Internacional de Futbol Asociaci\u00f3n (FIFA) acerca de la En Sonora en Equipo publicamos toda la informaci\u00f3n de Sonora, M\u00e9xico y el Mundo de manera oportuna y busca que la libertad de expresi\u00f3n sea real. Visita nuestro medio informativo publicado desde Hermosillo, Sonora. %","og_url":"https:\/\/www.sonoraenequipo.com.mx\/juego-mexico-vs-jamaica-sera-a-puerta-cerrada-tras-sancion-de-fifa-por-gritos-discriminatorios\/","og_site_name":"Sonora en Equipo.","article_publisher":"https:\/\/www.facebook.com\/SonoraEE\/","article_author":"https:\/\/www.facebook.com\/SonoraEE","article_published_time":"2021-08-27T18:26:10+00:00","article_modified_time":"2021-08-27T20:55:17+00:00","og_image":[{"width":700,"height":400,"url":"https:\/\/www.sonoraenequipo.com.mx\/storage\/2021\/08\/mex-jam.jpg","type":"image\/jpeg"}],"author":"enequipo","twitter_card":"summary_large_image","twitter_creator":"@sonoraenequipo","twitter_site":"@sonoraenequipo","twitter_misc":{"Escrito por":"enequipo","Tiempo de lectura":"1 minuto"},"schema":{"@context":"https:\/\/schema.org","@graph":[{"@type":"Article","@id":"https:\/\/www.sonoraenequipo.com.mx\/juego-mexico-vs-jamaica-sera-a-puerta-cerrada-tras-sancion-de-fifa-por-gritos-discriminatorios\/#article","isPartOf":{"@id":"https:\/\/www.sonoraenequipo.com.mx\/juego-mexico-vs-jamaica-sera-a-puerta-cerrada-tras-sancion-de-fifa-por-gritos-discriminatorios\/"},"author":{"name":"enequipo","@id":"https:\/\/www.sonoraenequipo.com.mx\/#\/schema\/person\/50102df0fb23a8fa9e8effad8fa81386"},"headline":"Juego M\u00e9xico vs. Jamaica ser\u00e1 a puerta cerrada tras \u00a0sanci\u00f3n de FIFA por gritos discriminatorios","datePublished":"2021-08-27T18:26:10+00:00","dateModified":"2021-08-27T20:55:17+00:00","mainEntityOfPage":{"@id":"https:\/\/www.sonoraenequipo.com.mx\/juego-mexico-vs-jamaica-sera-a-puerta-cerrada-tras-sancion-de-fifa-por-gritos-discriminatorios\/"},"wordCount":259,"commentCount":0,"publisher":{"@id":"https:\/\/www.sonoraenequipo.com.mx\/#organization"},"image":{"@id":"https:\/\/www.sonoraenequipo.com.mx\/juego-mexico-vs-jamaica-sera-a-puerta-cerrada-tras-sancion-de-fifa-por-gritos-discriminatorios\/#primaryimage"},"thumbnailUrl":"https:\/\/www.sonoraenequipo.com.mx\/storage\/2021\/08\/mex-jam.jpg","keywords":["catar","mexico"],"articleSection":["Deportes"],"inLanguage":"es","potentialAction":[{"@type":"CommentAction","name":"Comment","target":["https:\/\/www.sonoraenequipo.com.mx\/juego-mexico-vs-jamaica-sera-a-puerta-cerrada-tras-sancion-de-fifa-por-gritos-discriminatorios\/#respond"]}]},{"@type":"WebPage","@id":"https:\/\/www.sonoraenequipo.com.mx\/juego-mexico-vs-jamaica-sera-a-puerta-cerrada-tras-sancion-de-fifa-por-gritos-discriminatorios\/","url":"https:\/\/www.sonoraenequipo.com.mx\/juego-mexico-vs-jamaica-sera-a-puerta-cerrada-tras-sancion-de-fifa-por-gritos-discriminatorios\/","name":"Sonora en Equipo. Juego M\u00e9xico vs. Jamaica ser\u00e1 a puerta cerrada tras \u00a0sanci\u00f3n de FIFA por gritos discriminatorios Deportes","isPartOf":{"@id":"https:\/\/www.sonoraenequipo.com.mx\/#website"},"primaryImageOfPage":{"@id":"https:\/\/www.sonoraenequipo.com.mx\/juego-mexico-vs-jamaica-sera-a-puerta-cerrada-tras-sancion-de-fifa-por-gritos-discriminatorios\/#primaryimage"},"image":{"@id":"https:\/\/www.sonoraenequipo.com.mx\/juego-mexico-vs-jamaica-sera-a-puerta-cerrada-tras-sancion-de-fifa-por-gritos-discriminatorios\/#primaryimage"},"thumbnailUrl":"https:\/\/www.sonoraenequipo.com.mx\/storage\/2021\/08\/mex-jam.jpg","datePublished":"2021-08-27T18:26:10+00:00","dateModified":"2021-08-27T20:55:17+00:00","description":"CIUDAD DE M\u00c9XICO.\u2500\u2500La Federaci\u00f3n Mexicana de F\u00fatbol (FMF) ha sido notificada por la Federaci\u00f3n Internacional de Futbol Asociaci\u00f3n (FIFA) acerca de la En Sonora en Equipo publicamos toda la informaci\u00f3n de Sonora, M\u00e9xico y el Mundo de manera oportuna y busca que la libertad de expresi\u00f3n sea real. Visita nuestro medio informativo publicado desde Hermosillo, Sonora. %","breadcrumb":{"@id":"https:\/\/www.sonoraenequipo.com.mx\/juego-mexico-vs-jamaica-sera-a-puerta-cerrada-tras-sancion-de-fifa-por-gritos-discriminatorios\/#breadcrumb"},"inLanguage":"es","potentialAction":[{"@type":"ReadAction","target":["https:\/\/www.sonoraenequipo.com.mx\/juego-mexico-vs-jamaica-sera-a-puerta-cerrada-tras-sancion-de-fifa-por-gritos-discriminatorios\/"]}]},{"@type":"ImageObject","inLanguage":"es","@id":"https:\/\/www.sonoraenequipo.com.mx\/juego-mexico-vs-jamaica-sera-a-puerta-cerrada-tras-sancion-de-fifa-por-gritos-discriminatorios\/#primaryimage","url":"https:\/\/www.sonoraenequipo.com.mx\/storage\/2021\/08\/mex-jam.jpg","contentUrl":"https:\/\/www.sonoraenequipo.com.mx\/storage\/2021\/08\/mex-jam.jpg","width":700,"height":400},{"@type":"BreadcrumbList","@id":"https:\/\/www.sonoraenequipo.com.mx\/juego-mexico-vs-jamaica-sera-a-puerta-cerrada-tras-sancion-de-fifa-por-gritos-discriminatorios\/#breadcrumb","itemListElement":[{"@type":"ListItem","position":1,"name":"Portada","item":"https:\/\/www.sonoraenequipo.com.mx\/"},{"@type":"ListItem","position":2,"name":"Juego M\u00e9xico vs. Jamaica ser\u00e1 a puerta cerrada tras \u00a0sanci\u00f3n de FIFA por gritos discriminatorios"}]},{"@type":"WebSite","@id":"https:\/\/www.sonoraenequipo.com.mx\/#website","url":"https:\/\/www.sonoraenequipo.com.mx\/","name":"Sonora en Equipo.","description":"Diario en l\u00ednea con Noticias desde Hermosillo, Sonora","publisher":{"@id":"https:\/\/www.sonoraenequipo.com.mx\/#organization"},"potentialAction":[{"@type":"SearchAction","target":{"@type":"EntryPoint","urlTemplate":"https:\/\/www.sonoraenequipo.com.mx\/?s={search_term_string}"},"query-input":{"@type":"PropertyValueSpecification","valueRequired":true,"valueName":"search_term_string"}}],"inLanguage":"es"},{"@type":"Organization","@id":"https:\/\/www.sonoraenequipo.com.mx\/#organization","name":"Sonoraenequipo.com.mx","url":"https:\/\/www.sonoraenequipo.com.mx\/","logo":{"@type":"ImageObject","inLanguage":"es","@id":"https:\/\/www.sonoraenequipo.com.mx\/#\/schema\/logo\/image\/","url":"https:\/\/www.sonoraenequipo.com.mx\/storage\/2019\/01\/sonoraenequipo_opt.png","contentUrl":"https:\/\/www.sonoraenequipo.com.mx\/storage\/2019\/01\/sonoraenequipo_opt.png","width":375,"height":125,"caption":"Sonoraenequipo.com.mx"},"image":{"@id":"https:\/\/www.sonoraenequipo.com.mx\/#\/schema\/logo\/image\/"},"sameAs":["https:\/\/www.facebook.com\/SonoraEE\/","https:\/\/x.com\/sonoraenequipo","https:\/\/www.youtube.com\/channel\/UC338nW-lPEYmJQs4ZABQ1SQ"]},{"@type":"Person","@id":"https:\/\/www.sonoraenequipo.com.mx\/#\/schema\/person\/50102df0fb23a8fa9e8effad8fa81386","name":"enequipo","image":{"@type":"ImageObject","inLanguage":"es","@id":"https:\/\/www.sonoraenequipo.com.mx\/#\/schema\/person\/image\/","url":"https:\/\/secure.gravatar.com\/avatar\/049821681b589dabc0bc20695993ccebb09f5b5d4d790cd9251b97faac7c652b?s=96&d=blank&r=g","contentUrl":"https:\/\/secure.gravatar.com\/avatar\/049821681b589dabc0bc20695993ccebb09f5b5d4d790cd9251b97faac7c652b?s=96&d=blank&r=g","caption":"enequipo"},"sameAs":["https:\/\/www.facebook.com\/SonoraEE"]}]}},"jetpack_featured_media_url":"https:\/\/www.sonoraenequipo.com.mx\/storage\/2021\/08\/mex-jam.jpg","_links":{"self":[{"href":"https:\/\/www.sonoraenequipo.com.mx\/api\/wp\/v2\/posts\/121498","targetHints":{"allow":["GET"]}}],"collection":[{"href":"https:\/\/www.sonoraenequipo.com.mx\/api\/wp\/v2\/posts"}],"about":[{"href":"https:\/\/www.sonoraenequipo.com.mx\/api\/wp\/v2\/types\/post"}],"author":[{"embeddable":true,"href":"https:\/\/www.sonoraenequipo.com.mx\/api\/wp\/v2\/users\/1"}],"replies":[{"embeddable":true,"href":"https:\/\/www.sonoraenequipo.com.mx\/api\/wp\/v2\/comments?post=121498"}],"version-history":[{"count":1,"href":"https:\/\/www.sonoraenequipo.com.mx\/api\/wp\/v2\/posts\/121498\/revisions"}],"predecessor-version":[{"id":121500,"href":"https:\/\/www.sonoraenequipo.com.mx\/api\/wp\/v2\/posts\/121498\/revisions\/121500"}],"wp:featuredmedia":[{"embeddable":true,"href":"https:\/\/www.sonoraenequipo.com.mx\/api\/wp\/v2\/media\/121499"}],"wp:attachment":[{"href":"https:\/\/www.sonoraenequipo.com.mx\/api\/wp\/v2\/media?parent=121498"}],"wp:term":[{"taxonomy":"category","embeddable":true,"href":"https:\/\/www.sonoraenequipo.com.mx\/api\/wp\/v2\/categories?post=121498"},{"taxonomy":"post_tag","embeddable":true,"href":"https:\/\/www.sonoraenequipo.com.mx\/api\/wp\/v2\/tags?post=121498"}],"curies":[{"name":"wp","href":"https:\/\/api.w.org\/{rel}","templated":true}]}}