{"id":121501,"date":"2021-08-27T12:43:24","date_gmt":"2021-08-27T19:43:24","guid":{"rendered":"https:\/\/www.sonoraenequipo.com.mx\/?p=121501"},"modified":"2021-08-27T13:54:33","modified_gmt":"2021-08-27T20:54:33","slug":"pentagono-un-atacante-suicida-es-responsable-del-atentado-en-kabul-continua-la-evacuacion","status":"publish","type":"post","link":"https:\/\/www.sonoraenequipo.com.mx\/pentagono-un-atacante-suicida-es-responsable-del-atentado-en-kabul-continua-la-evacuacion\/","title":{"rendered":"Pent\u00e1gono: Un atacante suicida es responsable del atentado en Kabul, contin\u00faa la evacuaci\u00f3n"},"content":{"rendered":"<p>WASHINGTON, EE.UU.&#8211; Autoridades del Pent\u00e1gono informaron hoy que el atentado mortal del jueves en la entrada al aeropuerto de Kabul fue perpetrado por un solo terrorista suicida y no por dos. Tambi\u00e9n confirm\u00f3 el Pent\u00e1gono que no hubo una segunda explosi\u00f3n en un hotel cercano.<\/p>\n<p>&nbsp;<\/p>\n<p>Los nuevos detalles llegan cuando multitudes de personas desesperadas por salir de Afganist\u00e1n regresaron este viernes al aeropuerto de Kabul al reanudarse los vuelos de evacuaci\u00f3n, un d\u00eda despu\u00e9s de los ataques con bombas que dejaron m\u00e1s de 100 muertos en los alrededores de la instalaci\u00f3n.<\/p>\n<p>&nbsp;<\/p>\n<p>\u00abPuedo confirmarles que no creemos que haya habido una segunda explosi\u00f3n en el Hotel Baron o cerca de \u00e9l, que fue un solo terrorista suicida\u00bb, dijo a los periodistas el general de divisi\u00f3n del Ej\u00e9rcito William Taylor.<\/p>\n<p>&nbsp;<\/p>\n<p>El atentado del jueves en el aeropuerto de Kabul, en el que murieron al menos 79 afganos y 13 soldados estadounidenses, fue reivindicado por militantes del Estado Isl\u00e1mico. La filial afgana del Estado Isl\u00e1mico, ISIS-Joras\u00e1n, se ha erigido en enemiga tanto de Occidente como de los talibanes.<\/p>\n<p>&nbsp;<\/p>\n<p>Taylor dijo que los soldados estadounidenses heridos en el ataque estaban siendo tratados en Alemania<\/p>\n<p>&nbsp;<\/p>\n<p>El diario Wall Street Journal informa que la mayor\u00eda de esas personas huyeron del \u00e1rea m\u00e1s tarde el viernes en medio de rumores de que otro ataque terrorista era inminente.<\/p>\n<p>&nbsp;<\/p>\n<p>Al menos 90 afganos murieron en el ataque, seg\u00fan la agencia de noticias afgana Pajhwok. Tambi\u00e9n hubo 13 soldados estadounidenses entre los muertos.<\/p>\n<p>&nbsp;<\/p>\n<p>El grupo Estado Isl\u00e1mico se atribuy\u00f3 los ataques en un reporte en su canal de noticias en Telegram, horas despu\u00e9s de que dos atacantes suicidas detonaran explosivos en el per\u00edmetro del Aeropuerto Internacional Hamid Karzai.<\/p>\n<p>eg\u00fan dijo el general Frank\u00a0 McKenzie, jefe del Comando Central de Estados Unidos, en un reporte de prensa en el Pent\u00e1gono, una batalla a tiros se destap\u00f3 despu\u00e9s de las explosiones.<\/p>\n<p>&nbsp;<\/p>\n<p>Una facci\u00f3n regional del EI conocida como ISIS-Khorasan Province, o ISIS-K, fue se\u00f1alada por los ataques.<\/p>\n<p>&nbsp;<\/p>\n<p>El presidente estadounidense, Joe Biden, prometi\u00f3 venganza contra los responsables.<\/p>\n<p>&nbsp;<\/p>\n<p>\u00abA quienes cometieron este ataque, as\u00ed como a cualquiera que le desee mal a Estados Unidos, sepan esto: no perdonaremos\u201d, dijo Biden en un mensaje televisado. \u201cLes vamos a dar caza, pagar\u00e1n por ello\u00bb.<\/p>\n<p>&nbsp;<\/p>\n<p>Biden dijo que hab\u00eda ordenado a los comandantes desarrollar planes de acciones contra blancos de ISIS-K: \u201cResponderemos con fuerza y precisi\u00f3n (\u2026) en el lugar y momento que seleccionemos\u201d.<\/p>\n<p>&nbsp;<\/p>\n<p>Fue el peor d\u00eda para los militares estadounidenses en Afganist\u00e1n en una d\u00e9cada. Tambi\u00e9n el d\u00eda m\u00e1s sombr\u00edo de la presidencia de siete meses de Biden, quien aplaz\u00f3 a \u00faltimo minuto una reuni\u00f3n en Washington con el primer ministro de Israel, Naftali B\u00e9net.<\/p>\n<p>&nbsp;<\/p>\n<p>M\u00e1s de 100.000 personas han salido de Afganist\u00e1n en vuelos de evacuaci\u00f3n, dijo Biden el jueves, y prometi\u00f3 que las evacuaciones continuar\u00e1n hasta el plazo de retirar todas las tropas el 31 de agosto.<\/p>\n<p>&nbsp;<\/p>\n<p>\u00abSacaremos a todos los estadounidenses que quieran salir de all\u00ed\u201d, afirm\u00f3 el presidente.<\/p>\n<p>Fecha de Publicaci\u00f3n\u00a0\u00a0 viernes \/ 27\u00a0 \/ agosto \/ 2021\/ VOA<\/p>\n<p>&nbsp;<\/p>\n","protected":false},"excerpt":{"rendered":"<p>WASHINGTON, EE.UU.&#8211; Autoridades del Pent\u00e1gono informaron hoy que el atentado mortal del jueves en la&#8230;<\/p>\n","protected":false},"author":1,"featured_media":121502,"comment_status":"open","ping_status":"open","sticky":false,"template":"","format":"standard","meta":{"_monsterinsights_skip_tracking":false,"_monsterinsights_sitenote_active":false,"_monsterinsights_sitenote_note":"","_monsterinsights_sitenote_category":0,"footnotes":""},"categories":[3],"tags":[573],"class_list":["post"],"yoast_head":" \n<title>Sonora en Equipo. Pent\u00e1gono: Un atacante suicida es responsable del atentado en Kabul, contin\u00faa la evacuaci\u00f3n MUNDO<\/title>\n<meta name=\"description\" content=\"WASHINGTON, EE.UU.-- Autoridades del Pent\u00e1gono informaron hoy que el atentado mortal del jueves en la entrada al aeropuerto de Kabul fue perpetrado por un En Sonora en Equipo publicamos toda la informaci\u00f3n de Sonora, M\u00e9xico y el Mundo de manera oportuna y busca que la libertad de expresi\u00f3n sea real. Visita nuestro medio informativo publicado desde Hermosillo, Sonora. %\" \/>\n<meta name=\"robots\" content=\"index, follow, max-snippet:-1, max-image-preview:large, max-video-preview:-1\" \/>\n<link rel=\"canonical\" href=\"https:\/\/www.sonoraenequipo.com.mx\/pentagono-un-atacante-suicida-es-responsable-del-atentado-en-kabul-continua-la-evacuacion\/\" \/>\n<meta property=\"og:locale\" content=\"es_ES\" \/>\n<meta property=\"og:type\" content=\"article\" \/>\n<meta property=\"og:title\" content=\"Sonora en Equipo. Pent\u00e1gono: Un atacante suicida es responsable del atentado en Kabul, contin\u00faa la evacuaci\u00f3n MUNDO\" \/>\n<meta property=\"og:description\" content=\"WASHINGTON, EE.UU.-- Autoridades del Pent\u00e1gono informaron hoy que el atentado mortal del jueves en la entrada al aeropuerto de Kabul fue perpetrado por un En Sonora en Equipo publicamos toda la informaci\u00f3n de Sonora, M\u00e9xico y el Mundo de manera oportuna y busca que la libertad de expresi\u00f3n sea real. Visita nuestro medio informativo publicado desde Hermosillo, Sonora. %\" \/>\n<meta property=\"og:url\" content=\"https:\/\/www.sonoraenequipo.com.mx\/pentagono-un-atacante-suicida-es-responsable-del-atentado-en-kabul-continua-la-evacuacion\/\" \/>\n<meta property=\"og:site_name\" content=\"Sonora en Equipo.\" \/>\n<meta property=\"article:publisher\" content=\"https:\/\/www.facebook.com\/SonoraEE\/\" \/>\n<meta property=\"article:author\" content=\"https:\/\/www.facebook.com\/SonoraEE\" \/>\n<meta property=\"article:published_time\" content=\"2021-08-27T19:43:24+00:00\" \/>\n<meta property=\"article:modified_time\" content=\"2021-08-27T20:54:33+00:00\" \/>\n<meta property=\"og:image\" content=\"https:\/\/www.sonoraenequipo.com.mx\/storage\/2021\/08\/aeropuerto-afgano.jpg\" \/>\n\t<meta property=\"og:image:width\" content=\"711\" \/>\n\t<meta property=\"og:image:height\" content=\"399\" \/>\n\t<meta property=\"og:image:type\" content=\"image\/jpeg\" \/>\n<meta name=\"author\" content=\"enequipo\" \/>\n<meta name=\"twitter:card\" content=\"summary_large_image\" \/>\n<meta name=\"twitter:creator\" content=\"@sonoraenequipo\" \/>\n<meta name=\"twitter:site\" content=\"@sonoraenequipo\" \/>\n<meta name=\"twitter:label1\" content=\"Escrito por\" \/>\n\t<meta name=\"twitter:data1\" content=\"enequipo\" \/>\n\t<meta name=\"twitter:label2\" content=\"Tiempo de lectura\" \/>\n\t<meta name=\"twitter:data2\" content=\"3 minutos\" \/>\n<script type=\"application\/ld+json\" class=\"yoast-schema-graph\">{\"@context\":\"https:\/\/schema.org\",\"@graph\":[{\"@type\":\"Article\",\"@id\":\"https:\/\/www.sonoraenequipo.com.mx\/pentagono-un-atacante-suicida-es-responsable-del-atentado-en-kabul-continua-la-evacuacion\/#article\",\"isPartOf\":{\"@id\":\"https:\/\/www.sonoraenequipo.com.mx\/pentagono-un-atacante-suicida-es-responsable-del-atentado-en-kabul-continua-la-evacuacion\/\"},\"author\":{\"name\":\"enequipo\",\"@id\":\"https:\/\/www.sonoraenequipo.com.mx\/#\/schema\/person\/50102df0fb23a8fa9e8effad8fa81386\"},\"headline\":\"Pent\u00e1gono: Un atacante suicida es responsable del atentado en Kabul, contin\u00faa la evacuaci\u00f3n\",\"datePublished\":\"2021-08-27T19:43:24+00:00\",\"dateModified\":\"2021-08-27T20:54:33+00:00\",\"mainEntityOfPage\":{\"@id\":\"https:\/\/www.sonoraenequipo.com.mx\/pentagono-un-atacante-suicida-es-responsable-del-atentado-en-kabul-continua-la-evacuacion\/\"},\"wordCount\":564,\"commentCount\":0,\"publisher\":{\"@id\":\"https:\/\/www.sonoraenequipo.com.mx\/#organization\"},\"image\":{\"@id\":\"https:\/\/www.sonoraenequipo.com.mx\/pentagono-un-atacante-suicida-es-responsable-del-atentado-en-kabul-continua-la-evacuacion\/#primaryimage\"},\"thumbnailUrl\":\"https:\/\/www.sonoraenequipo.com.mx\/storage\/2021\/08\/aeropuerto-afgano.jpg\",\"keywords\":[\"AFGANISTAN\"],\"articleSection\":[\"MUNDO\"],\"inLanguage\":\"es\",\"potentialAction\":[{\"@type\":\"CommentAction\",\"name\":\"Comment\",\"target\":[\"https:\/\/www.sonoraenequipo.com.mx\/pentagono-un-atacante-suicida-es-responsable-del-atentado-en-kabul-continua-la-evacuacion\/#respond\"]}]},{\"@type\":\"WebPage\",\"@id\":\"https:\/\/www.sonoraenequipo.com.mx\/pentagono-un-atacante-suicida-es-responsable-del-atentado-en-kabul-continua-la-evacuacion\/\",\"url\":\"https:\/\/www.sonoraenequipo.com.mx\/pentagono-un-atacante-suicida-es-responsable-del-atentado-en-kabul-continua-la-evacuacion\/\",\"name\":\"Sonora en Equipo. Pent\u00e1gono: Un atacante suicida es responsable del atentado en Kabul, contin\u00faa la evacuaci\u00f3n MUNDO\",\"isPartOf\":{\"@id\":\"https:\/\/www.sonoraenequipo.com.mx\/#website\"},\"primaryImageOfPage\":{\"@id\":\"https:\/\/www.sonoraenequipo.com.mx\/pentagono-un-atacante-suicida-es-responsable-del-atentado-en-kabul-continua-la-evacuacion\/#primaryimage\"},\"image\":{\"@id\":\"https:\/\/www.sonoraenequipo.com.mx\/pentagono-un-atacante-suicida-es-responsable-del-atentado-en-kabul-continua-la-evacuacion\/#primaryimage\"},\"thumbnailUrl\":\"https:\/\/www.sonoraenequipo.com.mx\/storage\/2021\/08\/aeropuerto-afgano.jpg\",\"datePublished\":\"2021-08-27T19:43:24+00:00\",\"dateModified\":\"2021-08-27T20:54:33+00:00\",\"description\":\"WASHINGTON, EE.UU.-- Autoridades del Pent\u00e1gono informaron hoy que el atentado mortal del jueves en la entrada al aeropuerto de Kabul fue perpetrado por un En Sonora en Equipo publicamos toda la informaci\u00f3n de Sonora, M\u00e9xico y el Mundo de manera oportuna y busca que la libertad de expresi\u00f3n sea real. Visita nuestro medio informativo publicado desde Hermosillo, Sonora. %\",\"breadcrumb\":{\"@id\":\"https:\/\/www.sonoraenequipo.com.mx\/pentagono-un-atacante-suicida-es-responsable-del-atentado-en-kabul-continua-la-evacuacion\/#breadcrumb\"},\"inLanguage\":\"es\",\"potentialAction\":[{\"@type\":\"ReadAction\",\"target\":[\"https:\/\/www.sonoraenequipo.com.mx\/pentagono-un-atacante-suicida-es-responsable-del-atentado-en-kabul-continua-la-evacuacion\/\"]}]},{\"@type\":\"ImageObject\",\"inLanguage\":\"es\",\"@id\":\"https:\/\/www.sonoraenequipo.com.mx\/pentagono-un-atacante-suicida-es-responsable-del-atentado-en-kabul-continua-la-evacuacion\/#primaryimage\",\"url\":\"https:\/\/www.sonoraenequipo.com.mx\/storage\/2021\/08\/aeropuerto-afgano.jpg\",\"contentUrl\":\"https:\/\/www.sonoraenequipo.com.mx\/storage\/2021\/08\/aeropuerto-afgano.jpg\",\"width\":711,\"height\":399,\"caption\":\"Fuerzas del Talib\u00e1n custodian la entrada del Aeropuerto Internacional de Kabul el 27 de agosto de 2021. Reuters\"},{\"@type\":\"BreadcrumbList\",\"@id\":\"https:\/\/www.sonoraenequipo.com.mx\/pentagono-un-atacante-suicida-es-responsable-del-atentado-en-kabul-continua-la-evacuacion\/#breadcrumb\",\"itemListElement\":[{\"@type\":\"ListItem\",\"position\":1,\"name\":\"Portada\",\"item\":\"https:\/\/www.sonoraenequipo.com.mx\/\"},{\"@type\":\"ListItem\",\"position\":2,\"name\":\"Pent\u00e1gono: Un atacante suicida es responsable del atentado en Kabul, contin\u00faa la evacuaci\u00f3n\"}]},{\"@type\":\"WebSite\",\"@id\":\"https:\/\/www.sonoraenequipo.com.mx\/#website\",\"url\":\"https:\/\/www.sonoraenequipo.com.mx\/\",\"name\":\"Sonora en Equipo.\",\"description\":\"Diario en l\u00ednea con Noticias desde Hermosillo, Sonora\",\"publisher\":{\"@id\":\"https:\/\/www.sonoraenequipo.com.mx\/#organization\"},\"potentialAction\":[{\"@type\":\"SearchAction\",\"target\":{\"@type\":\"EntryPoint\",\"urlTemplate\":\"https:\/\/www.sonoraenequipo.com.mx\/?s={search_term_string}\"},\"query-input\":{\"@type\":\"PropertyValueSpecification\",\"valueRequired\":true,\"valueName\":\"search_term_string\"}}],\"inLanguage\":\"es\"},{\"@type\":\"Organization\",\"@id\":\"https:\/\/www.sonoraenequipo.com.mx\/#organization\",\"name\":\"Sonoraenequipo.com.mx\",\"url\":\"https:\/\/www.sonoraenequipo.com.mx\/\",\"logo\":{\"@type\":\"ImageObject\",\"inLanguage\":\"es\",\"@id\":\"https:\/\/www.sonoraenequipo.com.mx\/#\/schema\/logo\/image\/\",\"url\":\"https:\/\/www.sonoraenequipo.com.mx\/storage\/2019\/01\/sonoraenequipo_opt.png\",\"contentUrl\":\"https:\/\/www.sonoraenequipo.com.mx\/storage\/2019\/01\/sonoraenequipo_opt.png\",\"width\":375,\"height\":125,\"caption\":\"Sonoraenequipo.com.mx\"},\"image\":{\"@id\":\"https:\/\/www.sonoraenequipo.com.mx\/#\/schema\/logo\/image\/\"},\"sameAs\":[\"https:\/\/www.facebook.com\/SonoraEE\/\",\"https:\/\/x.com\/sonoraenequipo\",\"https:\/\/www.youtube.com\/channel\/UC338nW-lPEYmJQs4ZABQ1SQ\"]},{\"@type\":\"Person\",\"@id\":\"https:\/\/www.sonoraenequipo.com.mx\/#\/schema\/person\/50102df0fb23a8fa9e8effad8fa81386\",\"name\":\"enequipo\",\"image\":{\"@type\":\"ImageObject\",\"inLanguage\":\"es\",\"@id\":\"https:\/\/www.sonoraenequipo.com.mx\/#\/schema\/person\/image\/\",\"url\":\"https:\/\/secure.gravatar.com\/avatar\/049821681b589dabc0bc20695993ccebb09f5b5d4d790cd9251b97faac7c652b?s=96&d=blank&r=g\",\"contentUrl\":\"https:\/\/secure.gravatar.com\/avatar\/049821681b589dabc0bc20695993ccebb09f5b5d4d790cd9251b97faac7c652b?s=96&d=blank&r=g\",\"caption\":\"enequipo\"},\"sameAs\":[\"https:\/\/www.facebook.com\/SonoraEE\"]}]}<\/script>\n ","yoast_head_json":{"title":"Sonora en Equipo. Pent\u00e1gono: Un atacante suicida es responsable del atentado en Kabul, contin\u00faa la evacuaci\u00f3n MUNDO","description":"WASHINGTON, EE.UU.-- Autoridades del Pent\u00e1gono informaron hoy que el atentado mortal del jueves en la entrada al aeropuerto de Kabul fue perpetrado por un En Sonora en Equipo publicamos toda la informaci\u00f3n de Sonora, M\u00e9xico y el Mundo de manera oportuna y busca que la libertad de expresi\u00f3n sea real. Visita nuestro medio informativo publicado desde Hermosillo, Sonora. %","robots":{"index":"index","follow":"follow","max-snippet":"max-snippet:-1","max-image-preview":"max-image-preview:large","max-video-preview":"max-video-preview:-1"},"canonical":"https:\/\/www.sonoraenequipo.com.mx\/pentagono-un-atacante-suicida-es-responsable-del-atentado-en-kabul-continua-la-evacuacion\/","og_locale":"es_ES","og_type":"article","og_title":"Sonora en Equipo. Pent\u00e1gono: Un atacante suicida es responsable del atentado en Kabul, contin\u00faa la evacuaci\u00f3n MUNDO","og_description":"WASHINGTON, EE.UU.-- Autoridades del Pent\u00e1gono informaron hoy que el atentado mortal del jueves en la entrada al aeropuerto de Kabul fue perpetrado por un En Sonora en Equipo publicamos toda la informaci\u00f3n de Sonora, M\u00e9xico y el Mundo de manera oportuna y busca que la libertad de expresi\u00f3n sea real. Visita nuestro medio informativo publicado desde Hermosillo, Sonora. %","og_url":"https:\/\/www.sonoraenequipo.com.mx\/pentagono-un-atacante-suicida-es-responsable-del-atentado-en-kabul-continua-la-evacuacion\/","og_site_name":"Sonora en Equipo.","article_publisher":"https:\/\/www.facebook.com\/SonoraEE\/","article_author":"https:\/\/www.facebook.com\/SonoraEE","article_published_time":"2021-08-27T19:43:24+00:00","article_modified_time":"2021-08-27T20:54:33+00:00","og_image":[{"width":711,"height":399,"url":"https:\/\/www.sonoraenequipo.com.mx\/storage\/2021\/08\/aeropuerto-afgano.jpg","type":"image\/jpeg"}],"author":"enequipo","twitter_card":"summary_large_image","twitter_creator":"@sonoraenequipo","twitter_site":"@sonoraenequipo","twitter_misc":{"Escrito por":"enequipo","Tiempo de lectura":"3 minutos"},"schema":{"@context":"https:\/\/schema.org","@graph":[{"@type":"Article","@id":"https:\/\/www.sonoraenequipo.com.mx\/pentagono-un-atacante-suicida-es-responsable-del-atentado-en-kabul-continua-la-evacuacion\/#article","isPartOf":{"@id":"https:\/\/www.sonoraenequipo.com.mx\/pentagono-un-atacante-suicida-es-responsable-del-atentado-en-kabul-continua-la-evacuacion\/"},"author":{"name":"enequipo","@id":"https:\/\/www.sonoraenequipo.com.mx\/#\/schema\/person\/50102df0fb23a8fa9e8effad8fa81386"},"headline":"Pent\u00e1gono: Un atacante suicida es responsable del atentado en Kabul, contin\u00faa la evacuaci\u00f3n","datePublished":"2021-08-27T19:43:24+00:00","dateModified":"2021-08-27T20:54:33+00:00","mainEntityOfPage":{"@id":"https:\/\/www.sonoraenequipo.com.mx\/pentagono-un-atacante-suicida-es-responsable-del-atentado-en-kabul-continua-la-evacuacion\/"},"wordCount":564,"commentCount":0,"publisher":{"@id":"https:\/\/www.sonoraenequipo.com.mx\/#organization"},"image":{"@id":"https:\/\/www.sonoraenequipo.com.mx\/pentagono-un-atacante-suicida-es-responsable-del-atentado-en-kabul-continua-la-evacuacion\/#primaryimage"},"thumbnailUrl":"https:\/\/www.sonoraenequipo.com.mx\/storage\/2021\/08\/aeropuerto-afgano.jpg","keywords":["AFGANISTAN"],"articleSection":["MUNDO"],"inLanguage":"es","potentialAction":[{"@type":"CommentAction","name":"Comment","target":["https:\/\/www.sonoraenequipo.com.mx\/pentagono-un-atacante-suicida-es-responsable-del-atentado-en-kabul-continua-la-evacuacion\/#respond"]}]},{"@type":"WebPage","@id":"https:\/\/www.sonoraenequipo.com.mx\/pentagono-un-atacante-suicida-es-responsable-del-atentado-en-kabul-continua-la-evacuacion\/","url":"https:\/\/www.sonoraenequipo.com.mx\/pentagono-un-atacante-suicida-es-responsable-del-atentado-en-kabul-continua-la-evacuacion\/","name":"Sonora en Equipo. Pent\u00e1gono: Un atacante suicida es responsable del atentado en Kabul, contin\u00faa la evacuaci\u00f3n MUNDO","isPartOf":{"@id":"https:\/\/www.sonoraenequipo.com.mx\/#website"},"primaryImageOfPage":{"@id":"https:\/\/www.sonoraenequipo.com.mx\/pentagono-un-atacante-suicida-es-responsable-del-atentado-en-kabul-continua-la-evacuacion\/#primaryimage"},"image":{"@id":"https:\/\/www.sonoraenequipo.com.mx\/pentagono-un-atacante-suicida-es-responsable-del-atentado-en-kabul-continua-la-evacuacion\/#primaryimage"},"thumbnailUrl":"https:\/\/www.sonoraenequipo.com.mx\/storage\/2021\/08\/aeropuerto-afgano.jpg","datePublished":"2021-08-27T19:43:24+00:00","dateModified":"2021-08-27T20:54:33+00:00","description":"WASHINGTON, EE.UU.-- Autoridades del Pent\u00e1gono informaron hoy que el atentado mortal del jueves en la entrada al aeropuerto de Kabul fue perpetrado por un En Sonora en Equipo publicamos toda la informaci\u00f3n de Sonora, M\u00e9xico y el Mundo de manera oportuna y busca que la libertad de expresi\u00f3n sea real. Visita nuestro medio informativo publicado desde Hermosillo, Sonora. %","breadcrumb":{"@id":"https:\/\/www.sonoraenequipo.com.mx\/pentagono-un-atacante-suicida-es-responsable-del-atentado-en-kabul-continua-la-evacuacion\/#breadcrumb"},"inLanguage":"es","potentialAction":[{"@type":"ReadAction","target":["https:\/\/www.sonoraenequipo.com.mx\/pentagono-un-atacante-suicida-es-responsable-del-atentado-en-kabul-continua-la-evacuacion\/"]}]},{"@type":"ImageObject","inLanguage":"es","@id":"https:\/\/www.sonoraenequipo.com.mx\/pentagono-un-atacante-suicida-es-responsable-del-atentado-en-kabul-continua-la-evacuacion\/#primaryimage","url":"https:\/\/www.sonoraenequipo.com.mx\/storage\/2021\/08\/aeropuerto-afgano.jpg","contentUrl":"https:\/\/www.sonoraenequipo.com.mx\/storage\/2021\/08\/aeropuerto-afgano.jpg","width":711,"height":399,"caption":"Fuerzas del Talib\u00e1n custodian la entrada del Aeropuerto Internacional de Kabul el 27 de agosto de 2021. Reuters"},{"@type":"BreadcrumbList","@id":"https:\/\/www.sonoraenequipo.com.mx\/pentagono-un-atacante-suicida-es-responsable-del-atentado-en-kabul-continua-la-evacuacion\/#breadcrumb","itemListElement":[{"@type":"ListItem","position":1,"name":"Portada","item":"https:\/\/www.sonoraenequipo.com.mx\/"},{"@type":"ListItem","position":2,"name":"Pent\u00e1gono: Un atacante suicida es responsable del atentado en Kabul, contin\u00faa la evacuaci\u00f3n"}]},{"@type":"WebSite","@id":"https:\/\/www.sonoraenequipo.com.mx\/#website","url":"https:\/\/www.sonoraenequipo.com.mx\/","name":"Sonora en Equipo.","description":"Diario en l\u00ednea con Noticias desde Hermosillo, Sonora","publisher":{"@id":"https:\/\/www.sonoraenequipo.com.mx\/#organization"},"potentialAction":[{"@type":"SearchAction","target":{"@type":"EntryPoint","urlTemplate":"https:\/\/www.sonoraenequipo.com.mx\/?s={search_term_string}"},"query-input":{"@type":"PropertyValueSpecification","valueRequired":true,"valueName":"search_term_string"}}],"inLanguage":"es"},{"@type":"Organization","@id":"https:\/\/www.sonoraenequipo.com.mx\/#organization","name":"Sonoraenequipo.com.mx","url":"https:\/\/www.sonoraenequipo.com.mx\/","logo":{"@type":"ImageObject","inLanguage":"es","@id":"https:\/\/www.sonoraenequipo.com.mx\/#\/schema\/logo\/image\/","url":"https:\/\/www.sonoraenequipo.com.mx\/storage\/2019\/01\/sonoraenequipo_opt.png","contentUrl":"https:\/\/www.sonoraenequipo.com.mx\/storage\/2019\/01\/sonoraenequipo_opt.png","width":375,"height":125,"caption":"Sonoraenequipo.com.mx"},"image":{"@id":"https:\/\/www.sonoraenequipo.com.mx\/#\/schema\/logo\/image\/"},"sameAs":["https:\/\/www.facebook.com\/SonoraEE\/","https:\/\/x.com\/sonoraenequipo","https:\/\/www.youtube.com\/channel\/UC338nW-lPEYmJQs4ZABQ1SQ"]},{"@type":"Person","@id":"https:\/\/www.sonoraenequipo.com.mx\/#\/schema\/person\/50102df0fb23a8fa9e8effad8fa81386","name":"enequipo","image":{"@type":"ImageObject","inLanguage":"es","@id":"https:\/\/www.sonoraenequipo.com.mx\/#\/schema\/person\/image\/","url":"https:\/\/secure.gravatar.com\/avatar\/049821681b589dabc0bc20695993ccebb09f5b5d4d790cd9251b97faac7c652b?s=96&d=blank&r=g","contentUrl":"https:\/\/secure.gravatar.com\/avatar\/049821681b589dabc0bc20695993ccebb09f5b5d4d790cd9251b97faac7c652b?s=96&d=blank&r=g","caption":"enequipo"},"sameAs":["https:\/\/www.facebook.com\/SonoraEE"]}]}},"jetpack_featured_media_url":"https:\/\/www.sonoraenequipo.com.mx\/storage\/2021\/08\/aeropuerto-afgano.jpg","_links":{"self":[{"href":"https:\/\/www.sonoraenequipo.com.mx\/api\/wp\/v2\/posts\/121501","targetHints":{"allow":["GET"]}}],"collection":[{"href":"https:\/\/www.sonoraenequipo.com.mx\/api\/wp\/v2\/posts"}],"about":[{"href":"https:\/\/www.sonoraenequipo.com.mx\/api\/wp\/v2\/types\/post"}],"author":[{"embeddable":true,"href":"https:\/\/www.sonoraenequipo.com.mx\/api\/wp\/v2\/users\/1"}],"replies":[{"embeddable":true,"href":"https:\/\/www.sonoraenequipo.com.mx\/api\/wp\/v2\/comments?post=121501"}],"version-history":[{"count":4,"href":"https:\/\/www.sonoraenequipo.com.mx\/api\/wp\/v2\/posts\/121501\/revisions"}],"predecessor-version":[{"id":121517,"href":"https:\/\/www.sonoraenequipo.com.mx\/api\/wp\/v2\/posts\/121501\/revisions\/121517"}],"wp:featuredmedia":[{"embeddable":true,"href":"https:\/\/www.sonoraenequipo.com.mx\/api\/wp\/v2\/media\/121502"}],"wp:attachment":[{"href":"https:\/\/www.sonoraenequipo.com.mx\/api\/wp\/v2\/media?parent=121501"}],"wp:term":[{"taxonomy":"category","embeddable":true,"href":"https:\/\/www.sonoraenequipo.com.mx\/api\/wp\/v2\/categories?post=121501"},{"taxonomy":"post_tag","embeddable":true,"href":"https:\/\/www.sonoraenequipo.com.mx\/api\/wp\/v2\/tags?post=121501"}],"curies":[{"name":"wp","href":"https:\/\/api.w.org\/{rel}","templated":true}]}}