{"id":121518,"date":"2021-08-27T10:21:23","date_gmt":"2021-08-27T17:21:23","guid":{"rendered":"https:\/\/www.sonoraenequipo.com.mx\/?p=121518"},"modified":"2021-08-27T14:06:33","modified_gmt":"2021-08-27T21:06:33","slug":"fatiga-y-sofoco-por-covid-duran-hasta-un-ano-tras-el-contagio-estudio","status":"publish","type":"post","link":"https:\/\/www.sonoraenequipo.com.mx\/fatiga-y-sofoco-por-covid-duran-hasta-un-ano-tras-el-contagio-estudio\/","title":{"rendered":"Fatiga y sofoco por covid duran hasta un a\u00f1o tras el contagio: estudio"},"content":{"rendered":"<p>INGLATERRA. \u2014 Numerosas personas que sufrieron el covid siguen sintiendo secuelas como fatiga o sofoco un a\u00f1o despu\u00e9s de pasar la enfermedad, desvel\u00f3 un estudio chino sobre los efectos a largo plazo de la pandemia.<\/p>\n<p>&nbsp;<\/p>\n<p> <\/p>\n<p>&nbsp;<\/p>\n<p><em>\u201cAlrededor de la mitad\u201d<\/em> de los pacientes salidos del hospital<em> \u201csufren al menos un s\u00edntoma persistente (el m\u00e1s habitual es la fatiga o la debilidad muscular) y un paciente de cada tres todav\u00eda padece ahogos\u201d<\/em> doce meses despu\u00e9s, se\u00f1ala el art\u00edculo publicado este viernes (27.08.2021) en la revista brit\u00e1nica The Lancet.<\/p>\n<p>&nbsp;<\/p>\n<p>Estas proporciones son todav\u00eda m\u00e1s elevadas entre los pacientes afectados por una forma severa del covid y que pasaron por las unidades de cuidados intensivos.<\/p>\n<p>&nbsp;<\/p>\n<p>La investigaci\u00f3n se bas\u00f3 en un chequeo m\u00e9dico realizado a casi mil 300 personas salidas entre enero y mayo de 2020 de un hospital de Wuhan, la primera ciudad afectada por la pandemia.<\/p>\n<p>&nbsp;<\/p>\n<p>Estos datos se compararon con los recogidos a los seis meses de que estos pacientes salieran del hospital.<\/p>\n<p>&nbsp;<\/p>\n<p>\u201cLa proporci\u00f3n de pacientes con al menos un s\u00edntoma o secuela disminuy\u00f3 del 68% despu\u00e9s de seis meses, a 49% despu\u00e9s de doce\u201d, indicaron los investigadores.<\/p>\n<p>&nbsp;<\/p>\n<p>Por contra, la proporci\u00f3n de pacientes con disnea (problemas respiratorios) \u201caument\u00f3 ligeramente\u201d del 26 al 30%.<\/p>\n<p>&nbsp;<\/p>\n<p>Que no se te pase: Esto es lo que debes saber sobre la variante Lambda del covid-19<\/p>\n<p>&nbsp;<\/p>\n<p>Adem\u00e1s, el conjunto de pacientes que presentaban una disminuci\u00f3n de capacidad de difusi\u00f3n pulmonar no mostr\u00f3 ninguna mejora en este periodo.<\/p>\n<p>&nbsp;<\/p>\n<p>El estudio advierte de un aumento del n\u00famero de pacientes con ansiedad o depresi\u00f3n, del 23 al 26%.<\/p>\n<p>&nbsp;<\/p>\n<p>Los autores se\u00f1alan que las mujeres son un 43% m\u00e1s proclives a sufrir fatiga o debilidad muscular persistente, y dos veces m\u00e1s propensas a padecer ansiedad o depresi\u00f3n.<\/p>\n<p>&nbsp;<\/p>\n<p>A pesar de estas secuelas, el estudio se\u00f1ala que un 88% de los enfermos de covid que trabajaban al ser contagiados han podido retomar sus ocupaciones un a\u00f1o despu\u00e9s.<\/p>\n<p>&nbsp;<\/p>\n<p>Este estudio, el primero con un a\u00f1o de perspectiva, se suma a otras investigaciones recientes que instan a las autoridades sanitarias a <em>\u201cprepararse para respaldar a largo plazo\u201d<\/em> a los pacientes de covid.<\/p>\n<p>&nbsp;<\/p>\n<p><em>\u201cEl covid persistente es un desaf\u00edo m\u00e9dico de primer orden\u201d<\/em>, advierte The Lancet en un editorial junto a este estudio.<\/p>\n<p>&nbsp;<\/p>\n<p>&nbsp;<\/p>\n<p>(Publicada el 27\/08\/2021 \/AFP)<\/p>\n","protected":false},"excerpt":{"rendered":"<p>INGLATERRA. \u2014 Numerosas personas que sufrieron el covid siguen sintiendo secuelas como fatiga o sofoco&#8230;<\/p>\n","protected":false},"author":1,"featured_media":121484,"comment_status":"open","ping_status":"open","sticky":false,"template":"","format":"standard","meta":{"_monsterinsights_skip_tracking":false,"_monsterinsights_sitenote_active":false,"_monsterinsights_sitenote_note":"","_monsterinsights_sitenote_category":0,"footnotes":""},"categories":[12],"tags":[6050,4029,4249,6048,6051,6049],"class_list":["post"],"yoast_head":" \n<title>Sonora en Equipo. Fatiga y sofoco por covid duran hasta un a\u00f1o tras el contagio: estudio Especiales<\/title>\n<meta name=\"description\" content=\"INGLATERRA. \u2014 Numerosas personas que sufrieron el covid siguen sintiendo secuelas como fatiga o sofoco un a\u00f1o despu\u00e9s de pasar la enfermedad, desvel\u00f3 un En Sonora en Equipo publicamos toda la informaci\u00f3n de Sonora, M\u00e9xico y el Mundo de manera oportuna y busca que la libertad de expresi\u00f3n sea real. Visita nuestro medio informativo publicado desde Hermosillo, Sonora. %\" \/>\n<meta name=\"robots\" content=\"index, follow, max-snippet:-1, max-image-preview:large, max-video-preview:-1\" \/>\n<link rel=\"canonical\" href=\"https:\/\/www.sonoraenequipo.com.mx\/fatiga-y-sofoco-por-covid-duran-hasta-un-ano-tras-el-contagio-estudio\/\" \/>\n<meta property=\"og:locale\" content=\"es_ES\" \/>\n<meta property=\"og:type\" content=\"article\" \/>\n<meta property=\"og:title\" content=\"Sonora en Equipo. Fatiga y sofoco por covid duran hasta un a\u00f1o tras el contagio: estudio Especiales\" \/>\n<meta property=\"og:description\" content=\"INGLATERRA. \u2014 Numerosas personas que sufrieron el covid siguen sintiendo secuelas como fatiga o sofoco un a\u00f1o despu\u00e9s de pasar la enfermedad, desvel\u00f3 un En Sonora en Equipo publicamos toda la informaci\u00f3n de Sonora, M\u00e9xico y el Mundo de manera oportuna y busca que la libertad de expresi\u00f3n sea real. Visita nuestro medio informativo publicado desde Hermosillo, Sonora. %\" \/>\n<meta property=\"og:url\" content=\"https:\/\/www.sonoraenequipo.com.mx\/fatiga-y-sofoco-por-covid-duran-hasta-un-ano-tras-el-contagio-estudio\/\" \/>\n<meta property=\"og:site_name\" content=\"Sonora en Equipo.\" \/>\n<meta property=\"article:publisher\" content=\"https:\/\/www.facebook.com\/SonoraEE\/\" \/>\n<meta property=\"article:author\" content=\"https:\/\/www.facebook.com\/SonoraEE\" \/>\n<meta property=\"article:published_time\" content=\"2021-08-27T17:21:23+00:00\" \/>\n<meta property=\"article:modified_time\" content=\"2021-08-27T21:06:33+00:00\" \/>\n<meta property=\"og:image\" content=\"https:\/\/www.sonoraenequipo.com.mx\/storage\/2021\/08\/fatiga-sofoco_opt.jpg\" \/>\n\t<meta property=\"og:image:width\" content=\"700\" \/>\n\t<meta property=\"og:image:height\" content=\"400\" \/>\n\t<meta property=\"og:image:type\" content=\"image\/jpeg\" \/>\n<meta name=\"author\" content=\"enequipo\" \/>\n<meta name=\"twitter:card\" content=\"summary_large_image\" \/>\n<meta name=\"twitter:creator\" content=\"@sonoraenequipo\" \/>\n<meta name=\"twitter:site\" content=\"@sonoraenequipo\" \/>\n<meta name=\"twitter:label1\" content=\"Escrito por\" \/>\n\t<meta name=\"twitter:data1\" content=\"enequipo\" \/>\n\t<meta name=\"twitter:label2\" content=\"Tiempo de lectura\" \/>\n\t<meta name=\"twitter:data2\" content=\"2 minutos\" \/>\n<script type=\"application\/ld+json\" class=\"yoast-schema-graph\">{\"@context\":\"https:\/\/schema.org\",\"@graph\":[{\"@type\":\"Article\",\"@id\":\"https:\/\/www.sonoraenequipo.com.mx\/fatiga-y-sofoco-por-covid-duran-hasta-un-ano-tras-el-contagio-estudio\/#article\",\"isPartOf\":{\"@id\":\"https:\/\/www.sonoraenequipo.com.mx\/fatiga-y-sofoco-por-covid-duran-hasta-un-ano-tras-el-contagio-estudio\/\"},\"author\":{\"name\":\"enequipo\",\"@id\":\"https:\/\/www.sonoraenequipo.com.mx\/#\/schema\/person\/50102df0fb23a8fa9e8effad8fa81386\"},\"headline\":\"Fatiga y sofoco por covid duran hasta un a\u00f1o tras el contagio: estudio\",\"datePublished\":\"2021-08-27T17:21:23+00:00\",\"dateModified\":\"2021-08-27T21:06:33+00:00\",\"mainEntityOfPage\":{\"@id\":\"https:\/\/www.sonoraenequipo.com.mx\/fatiga-y-sofoco-por-covid-duran-hasta-un-ano-tras-el-contagio-estudio\/\"},\"wordCount\":424,\"commentCount\":0,\"publisher\":{\"@id\":\"https:\/\/www.sonoraenequipo.com.mx\/#organization\"},\"image\":{\"@id\":\"https:\/\/www.sonoraenequipo.com.mx\/fatiga-y-sofoco-por-covid-duran-hasta-un-ano-tras-el-contagio-estudio\/#primaryimage\"},\"thumbnailUrl\":\"https:\/\/www.sonoraenequipo.com.mx\/storage\/2021\/08\/fatiga-sofoco_opt.jpg\",\"keywords\":[\"corona\",\"Coronavirus\",\"covid\",\"fatiga\",\"secuelas\",\"sofoco\"],\"articleSection\":[\"Especiales\"],\"inLanguage\":\"es\",\"potentialAction\":[{\"@type\":\"CommentAction\",\"name\":\"Comment\",\"target\":[\"https:\/\/www.sonoraenequipo.com.mx\/fatiga-y-sofoco-por-covid-duran-hasta-un-ano-tras-el-contagio-estudio\/#respond\"]}]},{\"@type\":\"WebPage\",\"@id\":\"https:\/\/www.sonoraenequipo.com.mx\/fatiga-y-sofoco-por-covid-duran-hasta-un-ano-tras-el-contagio-estudio\/\",\"url\":\"https:\/\/www.sonoraenequipo.com.mx\/fatiga-y-sofoco-por-covid-duran-hasta-un-ano-tras-el-contagio-estudio\/\",\"name\":\"Sonora en Equipo. Fatiga y sofoco por covid duran hasta un a\u00f1o tras el contagio: estudio Especiales\",\"isPartOf\":{\"@id\":\"https:\/\/www.sonoraenequipo.com.mx\/#website\"},\"primaryImageOfPage\":{\"@id\":\"https:\/\/www.sonoraenequipo.com.mx\/fatiga-y-sofoco-por-covid-duran-hasta-un-ano-tras-el-contagio-estudio\/#primaryimage\"},\"image\":{\"@id\":\"https:\/\/www.sonoraenequipo.com.mx\/fatiga-y-sofoco-por-covid-duran-hasta-un-ano-tras-el-contagio-estudio\/#primaryimage\"},\"thumbnailUrl\":\"https:\/\/www.sonoraenequipo.com.mx\/storage\/2021\/08\/fatiga-sofoco_opt.jpg\",\"datePublished\":\"2021-08-27T17:21:23+00:00\",\"dateModified\":\"2021-08-27T21:06:33+00:00\",\"description\":\"INGLATERRA. \u2014 Numerosas personas que sufrieron el covid siguen sintiendo secuelas como fatiga o sofoco un a\u00f1o despu\u00e9s de pasar la enfermedad, desvel\u00f3 un En Sonora en Equipo publicamos toda la informaci\u00f3n de Sonora, M\u00e9xico y el Mundo de manera oportuna y busca que la libertad de expresi\u00f3n sea real. Visita nuestro medio informativo publicado desde Hermosillo, Sonora. %\",\"breadcrumb\":{\"@id\":\"https:\/\/www.sonoraenequipo.com.mx\/fatiga-y-sofoco-por-covid-duran-hasta-un-ano-tras-el-contagio-estudio\/#breadcrumb\"},\"inLanguage\":\"es\",\"potentialAction\":[{\"@type\":\"ReadAction\",\"target\":[\"https:\/\/www.sonoraenequipo.com.mx\/fatiga-y-sofoco-por-covid-duran-hasta-un-ano-tras-el-contagio-estudio\/\"]}]},{\"@type\":\"ImageObject\",\"inLanguage\":\"es\",\"@id\":\"https:\/\/www.sonoraenequipo.com.mx\/fatiga-y-sofoco-por-covid-duran-hasta-un-ano-tras-el-contagio-estudio\/#primaryimage\",\"url\":\"https:\/\/www.sonoraenequipo.com.mx\/storage\/2021\/08\/fatiga-sofoco_opt.jpg\",\"contentUrl\":\"https:\/\/www.sonoraenequipo.com.mx\/storage\/2021\/08\/fatiga-sofoco_opt.jpg\",\"width\":700,\"height\":400},{\"@type\":\"BreadcrumbList\",\"@id\":\"https:\/\/www.sonoraenequipo.com.mx\/fatiga-y-sofoco-por-covid-duran-hasta-un-ano-tras-el-contagio-estudio\/#breadcrumb\",\"itemListElement\":[{\"@type\":\"ListItem\",\"position\":1,\"name\":\"Portada\",\"item\":\"https:\/\/www.sonoraenequipo.com.mx\/\"},{\"@type\":\"ListItem\",\"position\":2,\"name\":\"Fatiga y sofoco por covid duran hasta un a\u00f1o tras el contagio: estudio\"}]},{\"@type\":\"WebSite\",\"@id\":\"https:\/\/www.sonoraenequipo.com.mx\/#website\",\"url\":\"https:\/\/www.sonoraenequipo.com.mx\/\",\"name\":\"Sonora en Equipo.\",\"description\":\"Diario en l\u00ednea con Noticias desde Hermosillo, Sonora\",\"publisher\":{\"@id\":\"https:\/\/www.sonoraenequipo.com.mx\/#organization\"},\"potentialAction\":[{\"@type\":\"SearchAction\",\"target\":{\"@type\":\"EntryPoint\",\"urlTemplate\":\"https:\/\/www.sonoraenequipo.com.mx\/?s={search_term_string}\"},\"query-input\":{\"@type\":\"PropertyValueSpecification\",\"valueRequired\":true,\"valueName\":\"search_term_string\"}}],\"inLanguage\":\"es\"},{\"@type\":\"Organization\",\"@id\":\"https:\/\/www.sonoraenequipo.com.mx\/#organization\",\"name\":\"Sonoraenequipo.com.mx\",\"url\":\"https:\/\/www.sonoraenequipo.com.mx\/\",\"logo\":{\"@type\":\"ImageObject\",\"inLanguage\":\"es\",\"@id\":\"https:\/\/www.sonoraenequipo.com.mx\/#\/schema\/logo\/image\/\",\"url\":\"https:\/\/www.sonoraenequipo.com.mx\/storage\/2019\/01\/sonoraenequipo_opt.png\",\"contentUrl\":\"https:\/\/www.sonoraenequipo.com.mx\/storage\/2019\/01\/sonoraenequipo_opt.png\",\"width\":375,\"height\":125,\"caption\":\"Sonoraenequipo.com.mx\"},\"image\":{\"@id\":\"https:\/\/www.sonoraenequipo.com.mx\/#\/schema\/logo\/image\/\"},\"sameAs\":[\"https:\/\/www.facebook.com\/SonoraEE\/\",\"https:\/\/x.com\/sonoraenequipo\",\"https:\/\/www.youtube.com\/channel\/UC338nW-lPEYmJQs4ZABQ1SQ\"]},{\"@type\":\"Person\",\"@id\":\"https:\/\/www.sonoraenequipo.com.mx\/#\/schema\/person\/50102df0fb23a8fa9e8effad8fa81386\",\"name\":\"enequipo\",\"image\":{\"@type\":\"ImageObject\",\"inLanguage\":\"es\",\"@id\":\"https:\/\/www.sonoraenequipo.com.mx\/#\/schema\/person\/image\/\",\"url\":\"https:\/\/secure.gravatar.com\/avatar\/049821681b589dabc0bc20695993ccebb09f5b5d4d790cd9251b97faac7c652b?s=96&d=blank&r=g\",\"contentUrl\":\"https:\/\/secure.gravatar.com\/avatar\/049821681b589dabc0bc20695993ccebb09f5b5d4d790cd9251b97faac7c652b?s=96&d=blank&r=g\",\"caption\":\"enequipo\"},\"sameAs\":[\"https:\/\/www.facebook.com\/SonoraEE\"]}]}<\/script>\n ","yoast_head_json":{"title":"Sonora en Equipo. Fatiga y sofoco por covid duran hasta un a\u00f1o tras el contagio: estudio Especiales","description":"INGLATERRA. \u2014 Numerosas personas que sufrieron el covid siguen sintiendo secuelas como fatiga o sofoco un a\u00f1o despu\u00e9s de pasar la enfermedad, desvel\u00f3 un En Sonora en Equipo publicamos toda la informaci\u00f3n de Sonora, M\u00e9xico y el Mundo de manera oportuna y busca que la libertad de expresi\u00f3n sea real. Visita nuestro medio informativo publicado desde Hermosillo, Sonora. %","robots":{"index":"index","follow":"follow","max-snippet":"max-snippet:-1","max-image-preview":"max-image-preview:large","max-video-preview":"max-video-preview:-1"},"canonical":"https:\/\/www.sonoraenequipo.com.mx\/fatiga-y-sofoco-por-covid-duran-hasta-un-ano-tras-el-contagio-estudio\/","og_locale":"es_ES","og_type":"article","og_title":"Sonora en Equipo. Fatiga y sofoco por covid duran hasta un a\u00f1o tras el contagio: estudio Especiales","og_description":"INGLATERRA. \u2014 Numerosas personas que sufrieron el covid siguen sintiendo secuelas como fatiga o sofoco un a\u00f1o despu\u00e9s de pasar la enfermedad, desvel\u00f3 un En Sonora en Equipo publicamos toda la informaci\u00f3n de Sonora, M\u00e9xico y el Mundo de manera oportuna y busca que la libertad de expresi\u00f3n sea real. Visita nuestro medio informativo publicado desde Hermosillo, Sonora. %","og_url":"https:\/\/www.sonoraenequipo.com.mx\/fatiga-y-sofoco-por-covid-duran-hasta-un-ano-tras-el-contagio-estudio\/","og_site_name":"Sonora en Equipo.","article_publisher":"https:\/\/www.facebook.com\/SonoraEE\/","article_author":"https:\/\/www.facebook.com\/SonoraEE","article_published_time":"2021-08-27T17:21:23+00:00","article_modified_time":"2021-08-27T21:06:33+00:00","og_image":[{"width":700,"height":400,"url":"https:\/\/www.sonoraenequipo.com.mx\/storage\/2021\/08\/fatiga-sofoco_opt.jpg","type":"image\/jpeg"}],"author":"enequipo","twitter_card":"summary_large_image","twitter_creator":"@sonoraenequipo","twitter_site":"@sonoraenequipo","twitter_misc":{"Escrito por":"enequipo","Tiempo de lectura":"2 minutos"},"schema":{"@context":"https:\/\/schema.org","@graph":[{"@type":"Article","@id":"https:\/\/www.sonoraenequipo.com.mx\/fatiga-y-sofoco-por-covid-duran-hasta-un-ano-tras-el-contagio-estudio\/#article","isPartOf":{"@id":"https:\/\/www.sonoraenequipo.com.mx\/fatiga-y-sofoco-por-covid-duran-hasta-un-ano-tras-el-contagio-estudio\/"},"author":{"name":"enequipo","@id":"https:\/\/www.sonoraenequipo.com.mx\/#\/schema\/person\/50102df0fb23a8fa9e8effad8fa81386"},"headline":"Fatiga y sofoco por covid duran hasta un a\u00f1o tras el contagio: estudio","datePublished":"2021-08-27T17:21:23+00:00","dateModified":"2021-08-27T21:06:33+00:00","mainEntityOfPage":{"@id":"https:\/\/www.sonoraenequipo.com.mx\/fatiga-y-sofoco-por-covid-duran-hasta-un-ano-tras-el-contagio-estudio\/"},"wordCount":424,"commentCount":0,"publisher":{"@id":"https:\/\/www.sonoraenequipo.com.mx\/#organization"},"image":{"@id":"https:\/\/www.sonoraenequipo.com.mx\/fatiga-y-sofoco-por-covid-duran-hasta-un-ano-tras-el-contagio-estudio\/#primaryimage"},"thumbnailUrl":"https:\/\/www.sonoraenequipo.com.mx\/storage\/2021\/08\/fatiga-sofoco_opt.jpg","keywords":["corona","Coronavirus","covid","fatiga","secuelas","sofoco"],"articleSection":["Especiales"],"inLanguage":"es","potentialAction":[{"@type":"CommentAction","name":"Comment","target":["https:\/\/www.sonoraenequipo.com.mx\/fatiga-y-sofoco-por-covid-duran-hasta-un-ano-tras-el-contagio-estudio\/#respond"]}]},{"@type":"WebPage","@id":"https:\/\/www.sonoraenequipo.com.mx\/fatiga-y-sofoco-por-covid-duran-hasta-un-ano-tras-el-contagio-estudio\/","url":"https:\/\/www.sonoraenequipo.com.mx\/fatiga-y-sofoco-por-covid-duran-hasta-un-ano-tras-el-contagio-estudio\/","name":"Sonora en Equipo. Fatiga y sofoco por covid duran hasta un a\u00f1o tras el contagio: estudio Especiales","isPartOf":{"@id":"https:\/\/www.sonoraenequipo.com.mx\/#website"},"primaryImageOfPage":{"@id":"https:\/\/www.sonoraenequipo.com.mx\/fatiga-y-sofoco-por-covid-duran-hasta-un-ano-tras-el-contagio-estudio\/#primaryimage"},"image":{"@id":"https:\/\/www.sonoraenequipo.com.mx\/fatiga-y-sofoco-por-covid-duran-hasta-un-ano-tras-el-contagio-estudio\/#primaryimage"},"thumbnailUrl":"https:\/\/www.sonoraenequipo.com.mx\/storage\/2021\/08\/fatiga-sofoco_opt.jpg","datePublished":"2021-08-27T17:21:23+00:00","dateModified":"2021-08-27T21:06:33+00:00","description":"INGLATERRA. \u2014 Numerosas personas que sufrieron el covid siguen sintiendo secuelas como fatiga o sofoco un a\u00f1o despu\u00e9s de pasar la enfermedad, desvel\u00f3 un En Sonora en Equipo publicamos toda la informaci\u00f3n de Sonora, M\u00e9xico y el Mundo de manera oportuna y busca que la libertad de expresi\u00f3n sea real. Visita nuestro medio informativo publicado desde Hermosillo, Sonora. %","breadcrumb":{"@id":"https:\/\/www.sonoraenequipo.com.mx\/fatiga-y-sofoco-por-covid-duran-hasta-un-ano-tras-el-contagio-estudio\/#breadcrumb"},"inLanguage":"es","potentialAction":[{"@type":"ReadAction","target":["https:\/\/www.sonoraenequipo.com.mx\/fatiga-y-sofoco-por-covid-duran-hasta-un-ano-tras-el-contagio-estudio\/"]}]},{"@type":"ImageObject","inLanguage":"es","@id":"https:\/\/www.sonoraenequipo.com.mx\/fatiga-y-sofoco-por-covid-duran-hasta-un-ano-tras-el-contagio-estudio\/#primaryimage","url":"https:\/\/www.sonoraenequipo.com.mx\/storage\/2021\/08\/fatiga-sofoco_opt.jpg","contentUrl":"https:\/\/www.sonoraenequipo.com.mx\/storage\/2021\/08\/fatiga-sofoco_opt.jpg","width":700,"height":400},{"@type":"BreadcrumbList","@id":"https:\/\/www.sonoraenequipo.com.mx\/fatiga-y-sofoco-por-covid-duran-hasta-un-ano-tras-el-contagio-estudio\/#breadcrumb","itemListElement":[{"@type":"ListItem","position":1,"name":"Portada","item":"https:\/\/www.sonoraenequipo.com.mx\/"},{"@type":"ListItem","position":2,"name":"Fatiga y sofoco por covid duran hasta un a\u00f1o tras el contagio: estudio"}]},{"@type":"WebSite","@id":"https:\/\/www.sonoraenequipo.com.mx\/#website","url":"https:\/\/www.sonoraenequipo.com.mx\/","name":"Sonora en Equipo.","description":"Diario en l\u00ednea con Noticias desde Hermosillo, Sonora","publisher":{"@id":"https:\/\/www.sonoraenequipo.com.mx\/#organization"},"potentialAction":[{"@type":"SearchAction","target":{"@type":"EntryPoint","urlTemplate":"https:\/\/www.sonoraenequipo.com.mx\/?s={search_term_string}"},"query-input":{"@type":"PropertyValueSpecification","valueRequired":true,"valueName":"search_term_string"}}],"inLanguage":"es"},{"@type":"Organization","@id":"https:\/\/www.sonoraenequipo.com.mx\/#organization","name":"Sonoraenequipo.com.mx","url":"https:\/\/www.sonoraenequipo.com.mx\/","logo":{"@type":"ImageObject","inLanguage":"es","@id":"https:\/\/www.sonoraenequipo.com.mx\/#\/schema\/logo\/image\/","url":"https:\/\/www.sonoraenequipo.com.mx\/storage\/2019\/01\/sonoraenequipo_opt.png","contentUrl":"https:\/\/www.sonoraenequipo.com.mx\/storage\/2019\/01\/sonoraenequipo_opt.png","width":375,"height":125,"caption":"Sonoraenequipo.com.mx"},"image":{"@id":"https:\/\/www.sonoraenequipo.com.mx\/#\/schema\/logo\/image\/"},"sameAs":["https:\/\/www.facebook.com\/SonoraEE\/","https:\/\/x.com\/sonoraenequipo","https:\/\/www.youtube.com\/channel\/UC338nW-lPEYmJQs4ZABQ1SQ"]},{"@type":"Person","@id":"https:\/\/www.sonoraenequipo.com.mx\/#\/schema\/person\/50102df0fb23a8fa9e8effad8fa81386","name":"enequipo","image":{"@type":"ImageObject","inLanguage":"es","@id":"https:\/\/www.sonoraenequipo.com.mx\/#\/schema\/person\/image\/","url":"https:\/\/secure.gravatar.com\/avatar\/049821681b589dabc0bc20695993ccebb09f5b5d4d790cd9251b97faac7c652b?s=96&d=blank&r=g","contentUrl":"https:\/\/secure.gravatar.com\/avatar\/049821681b589dabc0bc20695993ccebb09f5b5d4d790cd9251b97faac7c652b?s=96&d=blank&r=g","caption":"enequipo"},"sameAs":["https:\/\/www.facebook.com\/SonoraEE"]}]}},"jetpack_featured_media_url":"https:\/\/www.sonoraenequipo.com.mx\/storage\/2021\/08\/fatiga-sofoco_opt.jpg","_links":{"self":[{"href":"https:\/\/www.sonoraenequipo.com.mx\/api\/wp\/v2\/posts\/121518","targetHints":{"allow":["GET"]}}],"collection":[{"href":"https:\/\/www.sonoraenequipo.com.mx\/api\/wp\/v2\/posts"}],"about":[{"href":"https:\/\/www.sonoraenequipo.com.mx\/api\/wp\/v2\/types\/post"}],"author":[{"embeddable":true,"href":"https:\/\/www.sonoraenequipo.com.mx\/api\/wp\/v2\/users\/1"}],"replies":[{"embeddable":true,"href":"https:\/\/www.sonoraenequipo.com.mx\/api\/wp\/v2\/comments?post=121518"}],"version-history":[{"count":1,"href":"https:\/\/www.sonoraenequipo.com.mx\/api\/wp\/v2\/posts\/121518\/revisions"}],"predecessor-version":[{"id":121520,"href":"https:\/\/www.sonoraenequipo.com.mx\/api\/wp\/v2\/posts\/121518\/revisions\/121520"}],"wp:featuredmedia":[{"embeddable":true,"href":"https:\/\/www.sonoraenequipo.com.mx\/api\/wp\/v2\/media\/121484"}],"wp:attachment":[{"href":"https:\/\/www.sonoraenequipo.com.mx\/api\/wp\/v2\/media?parent=121518"}],"wp:term":[{"taxonomy":"category","embeddable":true,"href":"https:\/\/www.sonoraenequipo.com.mx\/api\/wp\/v2\/categories?post=121518"},{"taxonomy":"post_tag","embeddable":true,"href":"https:\/\/www.sonoraenequipo.com.mx\/api\/wp\/v2\/tags?post=121518"}],"curies":[{"name":"wp","href":"https:\/\/api.w.org\/{rel}","templated":true}]}}