{"id":121528,"date":"2021-08-27T14:37:19","date_gmt":"2021-08-27T21:37:19","guid":{"rendered":"https:\/\/www.sonoraenequipo.com.mx\/?p=121528"},"modified":"2021-08-27T14:44:56","modified_gmt":"2021-08-27T21:44:56","slug":"nora-se-fortalece-y-podria-afectar-a-sonora","status":"publish","type":"post","link":"https:\/\/www.sonoraenequipo.com.mx\/nora-se-fortalece-y-podria-afectar-a-sonora\/","title":{"rendered":"Nora Se Fortalece y podr\u00eda afectar a Sonora"},"content":{"rendered":"<p>&nbsp;<\/p>\n<p>Ubicaci\u00f3n actual:Latitud Norte:15.5\u00b0\u00a0\u00a0\u00a0\u00a0\u00a0\u00a0\u00a0 Longitud Oeste: 104.9\u00b0 14:00 hora Sonora<\/p>\n<p>Distancia al lugar m\u00e1s cercano\u00a0\u00a0\u00a0\u00a0\u00a0\u00a0\u00a0 A 395 km al sur de Manzanillo, Col., y a 975 km al sur-sureste de Cabo San Lucas, B.C.S.<\/p>\n<p>&nbsp;<\/p>\n<p>Zona de vigilancia por efectos de hurac\u00e1n de L\u00e1zaro C\u00e1rdenas, Mich. hasta Cabo Corrientes, Jal. Zona de prevenci\u00f3n por efectos de tormenta tropical desde T\u00e9cpan de Galeana, Gro., hasta San Blas, Nay. Zona de vigilancia por efectos de tormenta tropical desde San Blas, Nay., hasta Mazatl\u00e1n, Sin.<\/p>\n<p>Desplazamiento actual: Hacia el noroeste (310\u00b0) a 19 km\/h<\/p>\n<p>Vientos m\u00e1ximos [km\/h]:\u00a0\u00a0\u00a0\u00a0\u00a0\u00a0 Sostenidos: 100 km\/h\u00a0\u00a0 Rachas: 120 km\/h<\/p>\n<p>Presi\u00f3n m\u00ednima central [hpa]: 991 hPa<\/p>\n<p>Pron\u00f3stico de lluvia\u00a0\u00a0\u00a0\u00a0\u00a0 Lluvias puntuales torrenciales: Michoac\u00e1n y Guerrero. Lluvias muy fuertes con lluvias puntuales intensas: Colima y Oaxaca (oeste). Lluvias puntuales muy fuertes: Jalisco. Lluvias puntuales fuertes: Sinaloa y Nayarit.<\/p>\n<p>Viento con rachas de 70 a 90 km\/h y oleaje de 3 a 5 metros de altura: costas de Jalisco (sur), Colima, y Michoac\u00e1n.<\/p>\n<p>Viento con rachas de 50 a 60 km\/h y oleaje de 2 a 4 metros de altura: costas de Guerrero y Oaxaca.<\/p>\n<p>Comentarios adicionales\u00a0\u00a0\u00a0\u00a0\u00a0\u00a0\u00a0 Se espera que el sistema se intensifique a Hurac\u00e1n categor\u00eda 1 durante el s\u00e1bado, muy cerca de la costa de Jalisco y Nayarit.<\/p>\n<p>Recomendaciones\u00a0\u00a0\u00a0\u00a0\u00a0\u00a0\u00a0\u00a0\u00a0 Extremar precauciones a la poblaci\u00f3n en general en las zonas de los estados mencionados por lluvias, viento y oleaje (incluyendo la navegaci\u00f3n mar\u00edtima) y atender las recomendaciones emitidas por las autoridades del Sistema Nacional de Protecci\u00f3n Civil, en cada entidad.<\/p>\n<p>Fecha de Publicaci\u00f3n\u00a0\u00a0 viernes \/ 27\u00a0 \/ agosto \/ 2021\/ fuente SMN<\/p>\n<p>&nbsp;<\/p>\n","protected":false},"excerpt":{"rendered":"<p>&nbsp; Ubicaci\u00f3n actual:Latitud Norte:15.5\u00b0\u00a0\u00a0\u00a0\u00a0\u00a0\u00a0\u00a0 Longitud Oeste: 104.9\u00b0 14:00 hora Sonora Distancia al lugar m\u00e1s cercano\u00a0\u00a0\u00a0\u00a0\u00a0\u00a0\u00a0&#8230;<\/p>\n","protected":false},"author":1,"featured_media":121529,"comment_status":"open","ping_status":"open","sticky":false,"template":"","format":"standard","meta":{"_monsterinsights_skip_tracking":false,"_monsterinsights_sitenote_active":false,"_monsterinsights_sitenote_note":"","_monsterinsights_sitenote_category":0,"footnotes":""},"categories":[5],"tags":[6054,15],"class_list":["post"],"yoast_head":" \n<title>Sonora en Equipo. Nora Se Fortalece y podr\u00eda afectar a Sonora Rep\u00fablica<\/title>\n<meta name=\"description\" content=\"&nbsp; Ubicaci\u00f3n actual:Latitud Norte:15.5\u00b0\u00a0\u00a0\u00a0\u00a0\u00a0\u00a0\u00a0 Longitud Oeste: 104.9\u00b0 14:00 hora Sonora Distancia al lugar m\u00e1s cercano\u00a0\u00a0\u00a0\u00a0\u00a0\u00a0\u00a0 A 395 km al sur de En Sonora en Equipo publicamos toda la informaci\u00f3n de Sonora, M\u00e9xico y el Mundo de manera oportuna y busca que la libertad de expresi\u00f3n sea real. Visita nuestro medio informativo publicado desde Hermosillo, Sonora. %\" \/>\n<meta name=\"robots\" content=\"index, follow, max-snippet:-1, max-image-preview:large, max-video-preview:-1\" \/>\n<link rel=\"canonical\" href=\"https:\/\/www.sonoraenequipo.com.mx\/nora-se-fortalece-y-podria-afectar-a-sonora\/\" \/>\n<meta property=\"og:locale\" content=\"es_ES\" \/>\n<meta property=\"og:type\" content=\"article\" \/>\n<meta property=\"og:title\" content=\"Sonora en Equipo. Nora Se Fortalece y podr\u00eda afectar a Sonora Rep\u00fablica\" \/>\n<meta property=\"og:description\" content=\"&nbsp; Ubicaci\u00f3n actual:Latitud Norte:15.5\u00b0\u00a0\u00a0\u00a0\u00a0\u00a0\u00a0\u00a0 Longitud Oeste: 104.9\u00b0 14:00 hora Sonora Distancia al lugar m\u00e1s cercano\u00a0\u00a0\u00a0\u00a0\u00a0\u00a0\u00a0 A 395 km al sur de En Sonora en Equipo publicamos toda la informaci\u00f3n de Sonora, M\u00e9xico y el Mundo de manera oportuna y busca que la libertad de expresi\u00f3n sea real. Visita nuestro medio informativo publicado desde Hermosillo, Sonora. %\" \/>\n<meta property=\"og:url\" content=\"https:\/\/www.sonoraenequipo.com.mx\/nora-se-fortalece-y-podria-afectar-a-sonora\/\" \/>\n<meta property=\"og:site_name\" content=\"Sonora en Equipo.\" \/>\n<meta property=\"article:publisher\" content=\"https:\/\/www.facebook.com\/SonoraEE\/\" \/>\n<meta property=\"article:author\" content=\"https:\/\/www.facebook.com\/SonoraEE\" \/>\n<meta property=\"article:published_time\" content=\"2021-08-27T21:37:19+00:00\" \/>\n<meta property=\"article:modified_time\" content=\"2021-08-27T21:44:56+00:00\" \/>\n<meta property=\"og:image\" content=\"https:\/\/www.sonoraenequipo.com.mx\/storage\/2021\/08\/nora.jpg\" \/>\n\t<meta property=\"og:image:width\" content=\"711\" \/>\n\t<meta property=\"og:image:height\" content=\"400\" \/>\n\t<meta property=\"og:image:type\" content=\"image\/jpeg\" \/>\n<meta name=\"author\" content=\"enequipo\" \/>\n<meta name=\"twitter:card\" content=\"summary_large_image\" \/>\n<meta name=\"twitter:creator\" content=\"@sonoraenequipo\" \/>\n<meta name=\"twitter:site\" content=\"@sonoraenequipo\" \/>\n<meta name=\"twitter:label1\" content=\"Escrito por\" \/>\n\t<meta name=\"twitter:data1\" content=\"enequipo\" \/>\n\t<meta name=\"twitter:label2\" content=\"Tiempo de lectura\" \/>\n\t<meta name=\"twitter:data2\" content=\"2 minutos\" \/>\n<script type=\"application\/ld+json\" class=\"yoast-schema-graph\">{\"@context\":\"https:\/\/schema.org\",\"@graph\":[{\"@type\":\"Article\",\"@id\":\"https:\/\/www.sonoraenequipo.com.mx\/nora-se-fortalece-y-podria-afectar-a-sonora\/#article\",\"isPartOf\":{\"@id\":\"https:\/\/www.sonoraenequipo.com.mx\/nora-se-fortalece-y-podria-afectar-a-sonora\/\"},\"author\":{\"name\":\"enequipo\",\"@id\":\"https:\/\/www.sonoraenequipo.com.mx\/#\/schema\/person\/50102df0fb23a8fa9e8effad8fa81386\"},\"headline\":\"Nora Se Fortalece y podr\u00eda afectar a Sonora\",\"datePublished\":\"2021-08-27T21:37:19+00:00\",\"dateModified\":\"2021-08-27T21:44:56+00:00\",\"mainEntityOfPage\":{\"@id\":\"https:\/\/www.sonoraenequipo.com.mx\/nora-se-fortalece-y-podria-afectar-a-sonora\/\"},\"wordCount\":279,\"commentCount\":0,\"publisher\":{\"@id\":\"https:\/\/www.sonoraenequipo.com.mx\/#organization\"},\"image\":{\"@id\":\"https:\/\/www.sonoraenequipo.com.mx\/nora-se-fortalece-y-podria-afectar-a-sonora\/#primaryimage\"},\"thumbnailUrl\":\"https:\/\/www.sonoraenequipo.com.mx\/storage\/2021\/08\/nora.jpg\",\"keywords\":[\"Nora\",\"Sonora\"],\"articleSection\":[\"Rep\u00fablica\"],\"inLanguage\":\"es\",\"potentialAction\":[{\"@type\":\"CommentAction\",\"name\":\"Comment\",\"target\":[\"https:\/\/www.sonoraenequipo.com.mx\/nora-se-fortalece-y-podria-afectar-a-sonora\/#respond\"]}]},{\"@type\":\"WebPage\",\"@id\":\"https:\/\/www.sonoraenequipo.com.mx\/nora-se-fortalece-y-podria-afectar-a-sonora\/\",\"url\":\"https:\/\/www.sonoraenequipo.com.mx\/nora-se-fortalece-y-podria-afectar-a-sonora\/\",\"name\":\"Sonora en Equipo. Nora Se Fortalece y podr\u00eda afectar a Sonora Rep\u00fablica\",\"isPartOf\":{\"@id\":\"https:\/\/www.sonoraenequipo.com.mx\/#website\"},\"primaryImageOfPage\":{\"@id\":\"https:\/\/www.sonoraenequipo.com.mx\/nora-se-fortalece-y-podria-afectar-a-sonora\/#primaryimage\"},\"image\":{\"@id\":\"https:\/\/www.sonoraenequipo.com.mx\/nora-se-fortalece-y-podria-afectar-a-sonora\/#primaryimage\"},\"thumbnailUrl\":\"https:\/\/www.sonoraenequipo.com.mx\/storage\/2021\/08\/nora.jpg\",\"datePublished\":\"2021-08-27T21:37:19+00:00\",\"dateModified\":\"2021-08-27T21:44:56+00:00\",\"description\":\"&nbsp; Ubicaci\u00f3n actual:Latitud Norte:15.5\u00b0\u00a0\u00a0\u00a0\u00a0\u00a0\u00a0\u00a0 Longitud Oeste: 104.9\u00b0 14:00 hora Sonora Distancia al lugar m\u00e1s cercano\u00a0\u00a0\u00a0\u00a0\u00a0\u00a0\u00a0 A 395 km al sur de En Sonora en Equipo publicamos toda la informaci\u00f3n de Sonora, M\u00e9xico y el Mundo de manera oportuna y busca que la libertad de expresi\u00f3n sea real. Visita nuestro medio informativo publicado desde Hermosillo, Sonora. %\",\"breadcrumb\":{\"@id\":\"https:\/\/www.sonoraenequipo.com.mx\/nora-se-fortalece-y-podria-afectar-a-sonora\/#breadcrumb\"},\"inLanguage\":\"es\",\"potentialAction\":[{\"@type\":\"ReadAction\",\"target\":[\"https:\/\/www.sonoraenequipo.com.mx\/nora-se-fortalece-y-podria-afectar-a-sonora\/\"]}]},{\"@type\":\"ImageObject\",\"inLanguage\":\"es\",\"@id\":\"https:\/\/www.sonoraenequipo.com.mx\/nora-se-fortalece-y-podria-afectar-a-sonora\/#primaryimage\",\"url\":\"https:\/\/www.sonoraenequipo.com.mx\/storage\/2021\/08\/nora.jpg\",\"contentUrl\":\"https:\/\/www.sonoraenequipo.com.mx\/storage\/2021\/08\/nora.jpg\",\"width\":711,\"height\":400},{\"@type\":\"BreadcrumbList\",\"@id\":\"https:\/\/www.sonoraenequipo.com.mx\/nora-se-fortalece-y-podria-afectar-a-sonora\/#breadcrumb\",\"itemListElement\":[{\"@type\":\"ListItem\",\"position\":1,\"name\":\"Portada\",\"item\":\"https:\/\/www.sonoraenequipo.com.mx\/\"},{\"@type\":\"ListItem\",\"position\":2,\"name\":\"Nora Se Fortalece y podr\u00eda afectar a Sonora\"}]},{\"@type\":\"WebSite\",\"@id\":\"https:\/\/www.sonoraenequipo.com.mx\/#website\",\"url\":\"https:\/\/www.sonoraenequipo.com.mx\/\",\"name\":\"Sonora en Equipo.\",\"description\":\"Diario en l\u00ednea con Noticias desde Hermosillo, Sonora\",\"publisher\":{\"@id\":\"https:\/\/www.sonoraenequipo.com.mx\/#organization\"},\"potentialAction\":[{\"@type\":\"SearchAction\",\"target\":{\"@type\":\"EntryPoint\",\"urlTemplate\":\"https:\/\/www.sonoraenequipo.com.mx\/?s={search_term_string}\"},\"query-input\":{\"@type\":\"PropertyValueSpecification\",\"valueRequired\":true,\"valueName\":\"search_term_string\"}}],\"inLanguage\":\"es\"},{\"@type\":\"Organization\",\"@id\":\"https:\/\/www.sonoraenequipo.com.mx\/#organization\",\"name\":\"Sonoraenequipo.com.mx\",\"url\":\"https:\/\/www.sonoraenequipo.com.mx\/\",\"logo\":{\"@type\":\"ImageObject\",\"inLanguage\":\"es\",\"@id\":\"https:\/\/www.sonoraenequipo.com.mx\/#\/schema\/logo\/image\/\",\"url\":\"https:\/\/www.sonoraenequipo.com.mx\/storage\/2019\/01\/sonoraenequipo_opt.png\",\"contentUrl\":\"https:\/\/www.sonoraenequipo.com.mx\/storage\/2019\/01\/sonoraenequipo_opt.png\",\"width\":375,\"height\":125,\"caption\":\"Sonoraenequipo.com.mx\"},\"image\":{\"@id\":\"https:\/\/www.sonoraenequipo.com.mx\/#\/schema\/logo\/image\/\"},\"sameAs\":[\"https:\/\/www.facebook.com\/SonoraEE\/\",\"https:\/\/x.com\/sonoraenequipo\",\"https:\/\/www.youtube.com\/channel\/UC338nW-lPEYmJQs4ZABQ1SQ\"]},{\"@type\":\"Person\",\"@id\":\"https:\/\/www.sonoraenequipo.com.mx\/#\/schema\/person\/50102df0fb23a8fa9e8effad8fa81386\",\"name\":\"enequipo\",\"image\":{\"@type\":\"ImageObject\",\"inLanguage\":\"es\",\"@id\":\"https:\/\/www.sonoraenequipo.com.mx\/#\/schema\/person\/image\/\",\"url\":\"https:\/\/secure.gravatar.com\/avatar\/049821681b589dabc0bc20695993ccebb09f5b5d4d790cd9251b97faac7c652b?s=96&d=blank&r=g\",\"contentUrl\":\"https:\/\/secure.gravatar.com\/avatar\/049821681b589dabc0bc20695993ccebb09f5b5d4d790cd9251b97faac7c652b?s=96&d=blank&r=g\",\"caption\":\"enequipo\"},\"sameAs\":[\"https:\/\/www.facebook.com\/SonoraEE\"]}]}<\/script>\n ","yoast_head_json":{"title":"Sonora en Equipo. Nora Se Fortalece y podr\u00eda afectar a Sonora Rep\u00fablica","description":"&nbsp; Ubicaci\u00f3n actual:Latitud Norte:15.5\u00b0\u00a0\u00a0\u00a0\u00a0\u00a0\u00a0\u00a0 Longitud Oeste: 104.9\u00b0 14:00 hora Sonora Distancia al lugar m\u00e1s cercano\u00a0\u00a0\u00a0\u00a0\u00a0\u00a0\u00a0 A 395 km al sur de En Sonora en Equipo publicamos toda la informaci\u00f3n de Sonora, M\u00e9xico y el Mundo de manera oportuna y busca que la libertad de expresi\u00f3n sea real. Visita nuestro medio informativo publicado desde Hermosillo, Sonora. %","robots":{"index":"index","follow":"follow","max-snippet":"max-snippet:-1","max-image-preview":"max-image-preview:large","max-video-preview":"max-video-preview:-1"},"canonical":"https:\/\/www.sonoraenequipo.com.mx\/nora-se-fortalece-y-podria-afectar-a-sonora\/","og_locale":"es_ES","og_type":"article","og_title":"Sonora en Equipo. Nora Se Fortalece y podr\u00eda afectar a Sonora Rep\u00fablica","og_description":"&nbsp; Ubicaci\u00f3n actual:Latitud Norte:15.5\u00b0\u00a0\u00a0\u00a0\u00a0\u00a0\u00a0\u00a0 Longitud Oeste: 104.9\u00b0 14:00 hora Sonora Distancia al lugar m\u00e1s cercano\u00a0\u00a0\u00a0\u00a0\u00a0\u00a0\u00a0 A 395 km al sur de En Sonora en Equipo publicamos toda la informaci\u00f3n de Sonora, M\u00e9xico y el Mundo de manera oportuna y busca que la libertad de expresi\u00f3n sea real. Visita nuestro medio informativo publicado desde Hermosillo, Sonora. %","og_url":"https:\/\/www.sonoraenequipo.com.mx\/nora-se-fortalece-y-podria-afectar-a-sonora\/","og_site_name":"Sonora en Equipo.","article_publisher":"https:\/\/www.facebook.com\/SonoraEE\/","article_author":"https:\/\/www.facebook.com\/SonoraEE","article_published_time":"2021-08-27T21:37:19+00:00","article_modified_time":"2021-08-27T21:44:56+00:00","og_image":[{"width":711,"height":400,"url":"https:\/\/www.sonoraenequipo.com.mx\/storage\/2021\/08\/nora.jpg","type":"image\/jpeg"}],"author":"enequipo","twitter_card":"summary_large_image","twitter_creator":"@sonoraenequipo","twitter_site":"@sonoraenequipo","twitter_misc":{"Escrito por":"enequipo","Tiempo de lectura":"2 minutos"},"schema":{"@context":"https:\/\/schema.org","@graph":[{"@type":"Article","@id":"https:\/\/www.sonoraenequipo.com.mx\/nora-se-fortalece-y-podria-afectar-a-sonora\/#article","isPartOf":{"@id":"https:\/\/www.sonoraenequipo.com.mx\/nora-se-fortalece-y-podria-afectar-a-sonora\/"},"author":{"name":"enequipo","@id":"https:\/\/www.sonoraenequipo.com.mx\/#\/schema\/person\/50102df0fb23a8fa9e8effad8fa81386"},"headline":"Nora Se Fortalece y podr\u00eda afectar a Sonora","datePublished":"2021-08-27T21:37:19+00:00","dateModified":"2021-08-27T21:44:56+00:00","mainEntityOfPage":{"@id":"https:\/\/www.sonoraenequipo.com.mx\/nora-se-fortalece-y-podria-afectar-a-sonora\/"},"wordCount":279,"commentCount":0,"publisher":{"@id":"https:\/\/www.sonoraenequipo.com.mx\/#organization"},"image":{"@id":"https:\/\/www.sonoraenequipo.com.mx\/nora-se-fortalece-y-podria-afectar-a-sonora\/#primaryimage"},"thumbnailUrl":"https:\/\/www.sonoraenequipo.com.mx\/storage\/2021\/08\/nora.jpg","keywords":["Nora","Sonora"],"articleSection":["Rep\u00fablica"],"inLanguage":"es","potentialAction":[{"@type":"CommentAction","name":"Comment","target":["https:\/\/www.sonoraenequipo.com.mx\/nora-se-fortalece-y-podria-afectar-a-sonora\/#respond"]}]},{"@type":"WebPage","@id":"https:\/\/www.sonoraenequipo.com.mx\/nora-se-fortalece-y-podria-afectar-a-sonora\/","url":"https:\/\/www.sonoraenequipo.com.mx\/nora-se-fortalece-y-podria-afectar-a-sonora\/","name":"Sonora en Equipo. Nora Se Fortalece y podr\u00eda afectar a Sonora Rep\u00fablica","isPartOf":{"@id":"https:\/\/www.sonoraenequipo.com.mx\/#website"},"primaryImageOfPage":{"@id":"https:\/\/www.sonoraenequipo.com.mx\/nora-se-fortalece-y-podria-afectar-a-sonora\/#primaryimage"},"image":{"@id":"https:\/\/www.sonoraenequipo.com.mx\/nora-se-fortalece-y-podria-afectar-a-sonora\/#primaryimage"},"thumbnailUrl":"https:\/\/www.sonoraenequipo.com.mx\/storage\/2021\/08\/nora.jpg","datePublished":"2021-08-27T21:37:19+00:00","dateModified":"2021-08-27T21:44:56+00:00","description":"&nbsp; Ubicaci\u00f3n actual:Latitud Norte:15.5\u00b0\u00a0\u00a0\u00a0\u00a0\u00a0\u00a0\u00a0 Longitud Oeste: 104.9\u00b0 14:00 hora Sonora Distancia al lugar m\u00e1s cercano\u00a0\u00a0\u00a0\u00a0\u00a0\u00a0\u00a0 A 395 km al sur de En Sonora en Equipo publicamos toda la informaci\u00f3n de Sonora, M\u00e9xico y el Mundo de manera oportuna y busca que la libertad de expresi\u00f3n sea real. Visita nuestro medio informativo publicado desde Hermosillo, Sonora. %","breadcrumb":{"@id":"https:\/\/www.sonoraenequipo.com.mx\/nora-se-fortalece-y-podria-afectar-a-sonora\/#breadcrumb"},"inLanguage":"es","potentialAction":[{"@type":"ReadAction","target":["https:\/\/www.sonoraenequipo.com.mx\/nora-se-fortalece-y-podria-afectar-a-sonora\/"]}]},{"@type":"ImageObject","inLanguage":"es","@id":"https:\/\/www.sonoraenequipo.com.mx\/nora-se-fortalece-y-podria-afectar-a-sonora\/#primaryimage","url":"https:\/\/www.sonoraenequipo.com.mx\/storage\/2021\/08\/nora.jpg","contentUrl":"https:\/\/www.sonoraenequipo.com.mx\/storage\/2021\/08\/nora.jpg","width":711,"height":400},{"@type":"BreadcrumbList","@id":"https:\/\/www.sonoraenequipo.com.mx\/nora-se-fortalece-y-podria-afectar-a-sonora\/#breadcrumb","itemListElement":[{"@type":"ListItem","position":1,"name":"Portada","item":"https:\/\/www.sonoraenequipo.com.mx\/"},{"@type":"ListItem","position":2,"name":"Nora Se Fortalece y podr\u00eda afectar a Sonora"}]},{"@type":"WebSite","@id":"https:\/\/www.sonoraenequipo.com.mx\/#website","url":"https:\/\/www.sonoraenequipo.com.mx\/","name":"Sonora en Equipo.","description":"Diario en l\u00ednea con Noticias desde Hermosillo, Sonora","publisher":{"@id":"https:\/\/www.sonoraenequipo.com.mx\/#organization"},"potentialAction":[{"@type":"SearchAction","target":{"@type":"EntryPoint","urlTemplate":"https:\/\/www.sonoraenequipo.com.mx\/?s={search_term_string}"},"query-input":{"@type":"PropertyValueSpecification","valueRequired":true,"valueName":"search_term_string"}}],"inLanguage":"es"},{"@type":"Organization","@id":"https:\/\/www.sonoraenequipo.com.mx\/#organization","name":"Sonoraenequipo.com.mx","url":"https:\/\/www.sonoraenequipo.com.mx\/","logo":{"@type":"ImageObject","inLanguage":"es","@id":"https:\/\/www.sonoraenequipo.com.mx\/#\/schema\/logo\/image\/","url":"https:\/\/www.sonoraenequipo.com.mx\/storage\/2019\/01\/sonoraenequipo_opt.png","contentUrl":"https:\/\/www.sonoraenequipo.com.mx\/storage\/2019\/01\/sonoraenequipo_opt.png","width":375,"height":125,"caption":"Sonoraenequipo.com.mx"},"image":{"@id":"https:\/\/www.sonoraenequipo.com.mx\/#\/schema\/logo\/image\/"},"sameAs":["https:\/\/www.facebook.com\/SonoraEE\/","https:\/\/x.com\/sonoraenequipo","https:\/\/www.youtube.com\/channel\/UC338nW-lPEYmJQs4ZABQ1SQ"]},{"@type":"Person","@id":"https:\/\/www.sonoraenequipo.com.mx\/#\/schema\/person\/50102df0fb23a8fa9e8effad8fa81386","name":"enequipo","image":{"@type":"ImageObject","inLanguage":"es","@id":"https:\/\/www.sonoraenequipo.com.mx\/#\/schema\/person\/image\/","url":"https:\/\/secure.gravatar.com\/avatar\/049821681b589dabc0bc20695993ccebb09f5b5d4d790cd9251b97faac7c652b?s=96&d=blank&r=g","contentUrl":"https:\/\/secure.gravatar.com\/avatar\/049821681b589dabc0bc20695993ccebb09f5b5d4d790cd9251b97faac7c652b?s=96&d=blank&r=g","caption":"enequipo"},"sameAs":["https:\/\/www.facebook.com\/SonoraEE"]}]}},"jetpack_featured_media_url":"https:\/\/www.sonoraenequipo.com.mx\/storage\/2021\/08\/nora.jpg","_links":{"self":[{"href":"https:\/\/www.sonoraenequipo.com.mx\/api\/wp\/v2\/posts\/121528","targetHints":{"allow":["GET"]}}],"collection":[{"href":"https:\/\/www.sonoraenequipo.com.mx\/api\/wp\/v2\/posts"}],"about":[{"href":"https:\/\/www.sonoraenequipo.com.mx\/api\/wp\/v2\/types\/post"}],"author":[{"embeddable":true,"href":"https:\/\/www.sonoraenequipo.com.mx\/api\/wp\/v2\/users\/1"}],"replies":[{"embeddable":true,"href":"https:\/\/www.sonoraenequipo.com.mx\/api\/wp\/v2\/comments?post=121528"}],"version-history":[{"count":3,"href":"https:\/\/www.sonoraenequipo.com.mx\/api\/wp\/v2\/posts\/121528\/revisions"}],"predecessor-version":[{"id":121532,"href":"https:\/\/www.sonoraenequipo.com.mx\/api\/wp\/v2\/posts\/121528\/revisions\/121532"}],"wp:featuredmedia":[{"embeddable":true,"href":"https:\/\/www.sonoraenequipo.com.mx\/api\/wp\/v2\/media\/121529"}],"wp:attachment":[{"href":"https:\/\/www.sonoraenequipo.com.mx\/api\/wp\/v2\/media?parent=121528"}],"wp:term":[{"taxonomy":"category","embeddable":true,"href":"https:\/\/www.sonoraenequipo.com.mx\/api\/wp\/v2\/categories?post=121528"},{"taxonomy":"post_tag","embeddable":true,"href":"https:\/\/www.sonoraenequipo.com.mx\/api\/wp\/v2\/tags?post=121528"}],"curies":[{"name":"wp","href":"https:\/\/api.w.org\/{rel}","templated":true}]}}