{"id":121533,"date":"2021-08-27T15:00:12","date_gmt":"2021-08-27T22:00:12","guid":{"rendered":"https:\/\/www.sonoraenequipo.com.mx\/?p=121533"},"modified":"2021-08-27T16:56:30","modified_gmt":"2021-08-27T23:56:30","slug":"realizaran-reforestacion-en-humedal-de-la-sauceda","status":"publish","type":"post","link":"https:\/\/www.sonoraenequipo.com.mx\/realizaran-reforestacion-en-humedal-de-la-sauceda\/","title":{"rendered":"Realizar\u00e1n reforestaci\u00f3n en humedal de la Sauceda"},"content":{"rendered":"<p>HERMOSILLO, SONORA. MX. \u2014 Un total de 250 \u00e1rboles ser\u00e1n plantados en el humedal La Sauceda, por parte de Amigos de la Laguna La Sauceda, quienes invitan a la ciudadan\u00eda para participar en esta jornada en beneficio de este espacio.<\/p>\n<p>&nbsp;<\/p>\n<p> <\/p>\n<p>Rafael Pacheco Rodr\u00edguez, representante de la agrupaci\u00f3n, explic\u00f3 que la jornada iniciar\u00e1 a partir de las 8:00 horas en el sitio en el que ser\u00e1n sembrados ejemplares nativos, como mezquites, Palo Verde, Palo Fierro, entre otros.<\/p>\n<p>&nbsp;<\/p>\n<p><em>\u201cEst\u00e1 invitada la ciudadan\u00eda, estaremos algunos colectivos, estudiantes de la Universidad de Sonora, es abierto, que lleven su cubrebocas y lleven su agua, all\u00e1 habr\u00e1 herramientas, si quieren llevar por si las dudas\u201d,<\/em> dijo.<\/p>\n<p>&nbsp;<\/p>\n<h3>El Humedal de La Sauceda se recuperar\u00e1 al 100% en tres meses<\/h3>\n<p>&nbsp;<\/p>\n<p>El humedal de La Sauceda presenta un 18% de su capacidad luego de 15 d\u00edas de que Agua de Hermosillo iniciara con recargas del vital l\u00edquido, por lo que estiman que alcance el 100% aproximadamente en 3 meses.<\/p>\n<p>&nbsp;<\/p>\n<p>&nbsp;<\/p>\n<p>Rafael Pacheco Rodr\u00edguez, representante del grupo de Amigos de la Laguna La Sauceda, se mostr\u00f3 extra\u00f1ado porque el cuerpo de agua del humedal se sigue viendo seco. Esto \u2014 dijo\u2014 , es se\u00f1al de que est\u00e1 entrando muy poca agua. <em>\u201cNo entiendo, porque la presa El Molinito tiene mucha agua, el R\u00edo Sonora se ha corrido mucho, si ya tienen la l\u00ednea directa del Molinito para ac\u00e1, no entiendo porque no le sueltan todo de una vez, la parte t\u00e9cnica ya la pusieron ellos, del Molinito a las plantas de tratamiento y de ah\u00ed al humedal\u201d,<\/em> dijo.<\/p>\n<p>&nbsp;<\/p>\n<p>El representante del grupo asegur\u00f3 que despu\u00e9s de 15 d\u00edas de haber intervenido el organismo operador del agua, se ha logrado un 18% de almacenamiento y de seguir as\u00ed ser\u00eda en 3 meses cuando se logre el 100%.<\/p>\n<p>&nbsp;<\/p>\n<p>\u201c<em>Eso si no le dejan de echar agua, precisamente lo que queremos es que no le dejen de echar agua, esperamos que le echen m\u00e1s r\u00e1pido agua, tienen la soluci\u00f3n inmediata\u201d,<\/em> coment\u00f3.<\/p>\n<p>Pacheco Rodr\u00edguez se\u00f1al\u00f3 que las recargas son constantes, sin embargo, sigue siendo muy poca para abatir el problema por el que atraviesa el humedal actualmente, por lo que espera que incrementen el flujo.<\/p>\n<p>&nbsp;<\/p>\n<p>&nbsp;<\/p>\n<p>(Publicada el 26\/08\/2021 \/Con informaci\u00f3n de David Jaquez y Rafael Pacheco)<\/p>\n","protected":false},"excerpt":{"rendered":"<p>HERMOSILLO, SONORA. MX. \u2014 Un total de 250 \u00e1rboles ser\u00e1n plantados en el humedal La&#8230;<\/p>\n","protected":false},"author":1,"featured_media":121541,"comment_status":"open","ping_status":"open","sticky":false,"template":"","format":"standard","meta":{"_monsterinsights_skip_tracking":false,"_monsterinsights_sitenote_active":false,"_monsterinsights_sitenote_note":"","_monsterinsights_sitenote_category":0,"footnotes":""},"categories":[4],"tags":[],"class_list":["post"],"yoast_head":" \n<title>Sonora en Equipo. Realizar\u00e1n reforestaci\u00f3n en humedal de la Sauceda Municipios<\/title>\n<meta name=\"description\" content=\"HERMOSILLO, SONORA. MX. \u2014 Un total de 250 \u00e1rboles ser\u00e1n plantados en el humedal La Sauceda, por parte de Amigos de la Laguna La Sauceda, quienes invitan a En Sonora en Equipo publicamos toda la informaci\u00f3n de Sonora, M\u00e9xico y el Mundo de manera oportuna y busca que la libertad de expresi\u00f3n sea real. Visita nuestro medio informativo publicado desde Hermosillo, Sonora. %\" \/>\n<meta name=\"robots\" content=\"index, follow, max-snippet:-1, max-image-preview:large, max-video-preview:-1\" \/>\n<link rel=\"canonical\" href=\"https:\/\/www.sonoraenequipo.com.mx\/realizaran-reforestacion-en-humedal-de-la-sauceda\/\" \/>\n<meta property=\"og:locale\" content=\"es_ES\" \/>\n<meta property=\"og:type\" content=\"article\" \/>\n<meta property=\"og:title\" content=\"Sonora en Equipo. Realizar\u00e1n reforestaci\u00f3n en humedal de la Sauceda Municipios\" \/>\n<meta property=\"og:description\" content=\"HERMOSILLO, SONORA. MX. \u2014 Un total de 250 \u00e1rboles ser\u00e1n plantados en el humedal La Sauceda, por parte de Amigos de la Laguna La Sauceda, quienes invitan a En Sonora en Equipo publicamos toda la informaci\u00f3n de Sonora, M\u00e9xico y el Mundo de manera oportuna y busca que la libertad de expresi\u00f3n sea real. Visita nuestro medio informativo publicado desde Hermosillo, Sonora. %\" \/>\n<meta property=\"og:url\" content=\"https:\/\/www.sonoraenequipo.com.mx\/realizaran-reforestacion-en-humedal-de-la-sauceda\/\" \/>\n<meta property=\"og:site_name\" content=\"Sonora en Equipo.\" \/>\n<meta property=\"article:publisher\" content=\"https:\/\/www.facebook.com\/SonoraEE\/\" \/>\n<meta property=\"article:author\" content=\"https:\/\/www.facebook.com\/SonoraEE\" \/>\n<meta property=\"article:published_time\" content=\"2021-08-27T22:00:12+00:00\" \/>\n<meta property=\"article:modified_time\" content=\"2021-08-27T23:56:30+00:00\" \/>\n<meta property=\"og:image\" content=\"https:\/\/www.sonoraenequipo.com.mx\/storage\/2021\/08\/forestacion-del-humedal-de-la-sauceda_opt.jpg\" \/>\n\t<meta property=\"og:image:width\" content=\"700\" \/>\n\t<meta property=\"og:image:height\" content=\"400\" \/>\n\t<meta property=\"og:image:type\" content=\"image\/jpeg\" \/>\n<meta name=\"author\" content=\"enequipo\" \/>\n<meta name=\"twitter:card\" content=\"summary_large_image\" \/>\n<meta name=\"twitter:creator\" content=\"@sonoraenequipo\" \/>\n<meta name=\"twitter:site\" content=\"@sonoraenequipo\" \/>\n<meta name=\"twitter:label1\" content=\"Escrito por\" \/>\n\t<meta name=\"twitter:data1\" content=\"enequipo\" \/>\n\t<meta name=\"twitter:label2\" content=\"Tiempo de lectura\" \/>\n\t<meta name=\"twitter:data2\" content=\"2 minutos\" \/>\n<script type=\"application\/ld+json\" class=\"yoast-schema-graph\">{\"@context\":\"https:\/\/schema.org\",\"@graph\":[{\"@type\":\"Article\",\"@id\":\"https:\/\/www.sonoraenequipo.com.mx\/realizaran-reforestacion-en-humedal-de-la-sauceda\/#article\",\"isPartOf\":{\"@id\":\"https:\/\/www.sonoraenequipo.com.mx\/realizaran-reforestacion-en-humedal-de-la-sauceda\/\"},\"author\":{\"name\":\"enequipo\",\"@id\":\"https:\/\/www.sonoraenequipo.com.mx\/#\/schema\/person\/50102df0fb23a8fa9e8effad8fa81386\"},\"headline\":\"Realizar\u00e1n reforestaci\u00f3n en humedal de la Sauceda\",\"datePublished\":\"2021-08-27T22:00:12+00:00\",\"dateModified\":\"2021-08-27T23:56:30+00:00\",\"mainEntityOfPage\":{\"@id\":\"https:\/\/www.sonoraenequipo.com.mx\/realizaran-reforestacion-en-humedal-de-la-sauceda\/\"},\"wordCount\":398,\"commentCount\":0,\"publisher\":{\"@id\":\"https:\/\/www.sonoraenequipo.com.mx\/#organization\"},\"image\":{\"@id\":\"https:\/\/www.sonoraenequipo.com.mx\/realizaran-reforestacion-en-humedal-de-la-sauceda\/#primaryimage\"},\"thumbnailUrl\":\"https:\/\/www.sonoraenequipo.com.mx\/storage\/2021\/08\/forestacion-del-humedal-de-la-sauceda_opt.jpg\",\"articleSection\":[\"Municipios\"],\"inLanguage\":\"es\",\"potentialAction\":[{\"@type\":\"CommentAction\",\"name\":\"Comment\",\"target\":[\"https:\/\/www.sonoraenequipo.com.mx\/realizaran-reforestacion-en-humedal-de-la-sauceda\/#respond\"]}]},{\"@type\":\"WebPage\",\"@id\":\"https:\/\/www.sonoraenequipo.com.mx\/realizaran-reforestacion-en-humedal-de-la-sauceda\/\",\"url\":\"https:\/\/www.sonoraenequipo.com.mx\/realizaran-reforestacion-en-humedal-de-la-sauceda\/\",\"name\":\"Sonora en Equipo. Realizar\u00e1n reforestaci\u00f3n en humedal de la Sauceda Municipios\",\"isPartOf\":{\"@id\":\"https:\/\/www.sonoraenequipo.com.mx\/#website\"},\"primaryImageOfPage\":{\"@id\":\"https:\/\/www.sonoraenequipo.com.mx\/realizaran-reforestacion-en-humedal-de-la-sauceda\/#primaryimage\"},\"image\":{\"@id\":\"https:\/\/www.sonoraenequipo.com.mx\/realizaran-reforestacion-en-humedal-de-la-sauceda\/#primaryimage\"},\"thumbnailUrl\":\"https:\/\/www.sonoraenequipo.com.mx\/storage\/2021\/08\/forestacion-del-humedal-de-la-sauceda_opt.jpg\",\"datePublished\":\"2021-08-27T22:00:12+00:00\",\"dateModified\":\"2021-08-27T23:56:30+00:00\",\"description\":\"HERMOSILLO, SONORA. MX. \u2014 Un total de 250 \u00e1rboles ser\u00e1n plantados en el humedal La Sauceda, por parte de Amigos de la Laguna La Sauceda, quienes invitan a En Sonora en Equipo publicamos toda la informaci\u00f3n de Sonora, M\u00e9xico y el Mundo de manera oportuna y busca que la libertad de expresi\u00f3n sea real. Visita nuestro medio informativo publicado desde Hermosillo, Sonora. %\",\"breadcrumb\":{\"@id\":\"https:\/\/www.sonoraenequipo.com.mx\/realizaran-reforestacion-en-humedal-de-la-sauceda\/#breadcrumb\"},\"inLanguage\":\"es\",\"potentialAction\":[{\"@type\":\"ReadAction\",\"target\":[\"https:\/\/www.sonoraenequipo.com.mx\/realizaran-reforestacion-en-humedal-de-la-sauceda\/\"]}]},{\"@type\":\"ImageObject\",\"inLanguage\":\"es\",\"@id\":\"https:\/\/www.sonoraenequipo.com.mx\/realizaran-reforestacion-en-humedal-de-la-sauceda\/#primaryimage\",\"url\":\"https:\/\/www.sonoraenequipo.com.mx\/storage\/2021\/08\/forestacion-del-humedal-de-la-sauceda_opt.jpg\",\"contentUrl\":\"https:\/\/www.sonoraenequipo.com.mx\/storage\/2021\/08\/forestacion-del-humedal-de-la-sauceda_opt.jpg\",\"width\":700,\"height\":400},{\"@type\":\"BreadcrumbList\",\"@id\":\"https:\/\/www.sonoraenequipo.com.mx\/realizaran-reforestacion-en-humedal-de-la-sauceda\/#breadcrumb\",\"itemListElement\":[{\"@type\":\"ListItem\",\"position\":1,\"name\":\"Portada\",\"item\":\"https:\/\/www.sonoraenequipo.com.mx\/\"},{\"@type\":\"ListItem\",\"position\":2,\"name\":\"Realizar\u00e1n reforestaci\u00f3n en humedal de la Sauceda\"}]},{\"@type\":\"WebSite\",\"@id\":\"https:\/\/www.sonoraenequipo.com.mx\/#website\",\"url\":\"https:\/\/www.sonoraenequipo.com.mx\/\",\"name\":\"Sonora en Equipo.\",\"description\":\"Diario en l\u00ednea con Noticias desde Hermosillo, Sonora\",\"publisher\":{\"@id\":\"https:\/\/www.sonoraenequipo.com.mx\/#organization\"},\"potentialAction\":[{\"@type\":\"SearchAction\",\"target\":{\"@type\":\"EntryPoint\",\"urlTemplate\":\"https:\/\/www.sonoraenequipo.com.mx\/?s={search_term_string}\"},\"query-input\":{\"@type\":\"PropertyValueSpecification\",\"valueRequired\":true,\"valueName\":\"search_term_string\"}}],\"inLanguage\":\"es\"},{\"@type\":\"Organization\",\"@id\":\"https:\/\/www.sonoraenequipo.com.mx\/#organization\",\"name\":\"Sonoraenequipo.com.mx\",\"url\":\"https:\/\/www.sonoraenequipo.com.mx\/\",\"logo\":{\"@type\":\"ImageObject\",\"inLanguage\":\"es\",\"@id\":\"https:\/\/www.sonoraenequipo.com.mx\/#\/schema\/logo\/image\/\",\"url\":\"https:\/\/www.sonoraenequipo.com.mx\/storage\/2019\/01\/sonoraenequipo_opt.png\",\"contentUrl\":\"https:\/\/www.sonoraenequipo.com.mx\/storage\/2019\/01\/sonoraenequipo_opt.png\",\"width\":375,\"height\":125,\"caption\":\"Sonoraenequipo.com.mx\"},\"image\":{\"@id\":\"https:\/\/www.sonoraenequipo.com.mx\/#\/schema\/logo\/image\/\"},\"sameAs\":[\"https:\/\/www.facebook.com\/SonoraEE\/\",\"https:\/\/x.com\/sonoraenequipo\",\"https:\/\/www.youtube.com\/channel\/UC338nW-lPEYmJQs4ZABQ1SQ\"]},{\"@type\":\"Person\",\"@id\":\"https:\/\/www.sonoraenequipo.com.mx\/#\/schema\/person\/50102df0fb23a8fa9e8effad8fa81386\",\"name\":\"enequipo\",\"image\":{\"@type\":\"ImageObject\",\"inLanguage\":\"es\",\"@id\":\"https:\/\/www.sonoraenequipo.com.mx\/#\/schema\/person\/image\/\",\"url\":\"https:\/\/secure.gravatar.com\/avatar\/049821681b589dabc0bc20695993ccebb09f5b5d4d790cd9251b97faac7c652b?s=96&d=blank&r=g\",\"contentUrl\":\"https:\/\/secure.gravatar.com\/avatar\/049821681b589dabc0bc20695993ccebb09f5b5d4d790cd9251b97faac7c652b?s=96&d=blank&r=g\",\"caption\":\"enequipo\"},\"sameAs\":[\"https:\/\/www.facebook.com\/SonoraEE\"]}]}<\/script>\n ","yoast_head_json":{"title":"Sonora en Equipo. Realizar\u00e1n reforestaci\u00f3n en humedal de la Sauceda Municipios","description":"HERMOSILLO, SONORA. MX. \u2014 Un total de 250 \u00e1rboles ser\u00e1n plantados en el humedal La Sauceda, por parte de Amigos de la Laguna La Sauceda, quienes invitan a En Sonora en Equipo publicamos toda la informaci\u00f3n de Sonora, M\u00e9xico y el Mundo de manera oportuna y busca que la libertad de expresi\u00f3n sea real. Visita nuestro medio informativo publicado desde Hermosillo, Sonora. %","robots":{"index":"index","follow":"follow","max-snippet":"max-snippet:-1","max-image-preview":"max-image-preview:large","max-video-preview":"max-video-preview:-1"},"canonical":"https:\/\/www.sonoraenequipo.com.mx\/realizaran-reforestacion-en-humedal-de-la-sauceda\/","og_locale":"es_ES","og_type":"article","og_title":"Sonora en Equipo. Realizar\u00e1n reforestaci\u00f3n en humedal de la Sauceda Municipios","og_description":"HERMOSILLO, SONORA. MX. \u2014 Un total de 250 \u00e1rboles ser\u00e1n plantados en el humedal La Sauceda, por parte de Amigos de la Laguna La Sauceda, quienes invitan a En Sonora en Equipo publicamos toda la informaci\u00f3n de Sonora, M\u00e9xico y el Mundo de manera oportuna y busca que la libertad de expresi\u00f3n sea real. Visita nuestro medio informativo publicado desde Hermosillo, Sonora. %","og_url":"https:\/\/www.sonoraenequipo.com.mx\/realizaran-reforestacion-en-humedal-de-la-sauceda\/","og_site_name":"Sonora en Equipo.","article_publisher":"https:\/\/www.facebook.com\/SonoraEE\/","article_author":"https:\/\/www.facebook.com\/SonoraEE","article_published_time":"2021-08-27T22:00:12+00:00","article_modified_time":"2021-08-27T23:56:30+00:00","og_image":[{"width":700,"height":400,"url":"https:\/\/www.sonoraenequipo.com.mx\/storage\/2021\/08\/forestacion-del-humedal-de-la-sauceda_opt.jpg","type":"image\/jpeg"}],"author":"enequipo","twitter_card":"summary_large_image","twitter_creator":"@sonoraenequipo","twitter_site":"@sonoraenequipo","twitter_misc":{"Escrito por":"enequipo","Tiempo de lectura":"2 minutos"},"schema":{"@context":"https:\/\/schema.org","@graph":[{"@type":"Article","@id":"https:\/\/www.sonoraenequipo.com.mx\/realizaran-reforestacion-en-humedal-de-la-sauceda\/#article","isPartOf":{"@id":"https:\/\/www.sonoraenequipo.com.mx\/realizaran-reforestacion-en-humedal-de-la-sauceda\/"},"author":{"name":"enequipo","@id":"https:\/\/www.sonoraenequipo.com.mx\/#\/schema\/person\/50102df0fb23a8fa9e8effad8fa81386"},"headline":"Realizar\u00e1n reforestaci\u00f3n en humedal de la Sauceda","datePublished":"2021-08-27T22:00:12+00:00","dateModified":"2021-08-27T23:56:30+00:00","mainEntityOfPage":{"@id":"https:\/\/www.sonoraenequipo.com.mx\/realizaran-reforestacion-en-humedal-de-la-sauceda\/"},"wordCount":398,"commentCount":0,"publisher":{"@id":"https:\/\/www.sonoraenequipo.com.mx\/#organization"},"image":{"@id":"https:\/\/www.sonoraenequipo.com.mx\/realizaran-reforestacion-en-humedal-de-la-sauceda\/#primaryimage"},"thumbnailUrl":"https:\/\/www.sonoraenequipo.com.mx\/storage\/2021\/08\/forestacion-del-humedal-de-la-sauceda_opt.jpg","articleSection":["Municipios"],"inLanguage":"es","potentialAction":[{"@type":"CommentAction","name":"Comment","target":["https:\/\/www.sonoraenequipo.com.mx\/realizaran-reforestacion-en-humedal-de-la-sauceda\/#respond"]}]},{"@type":"WebPage","@id":"https:\/\/www.sonoraenequipo.com.mx\/realizaran-reforestacion-en-humedal-de-la-sauceda\/","url":"https:\/\/www.sonoraenequipo.com.mx\/realizaran-reforestacion-en-humedal-de-la-sauceda\/","name":"Sonora en Equipo. Realizar\u00e1n reforestaci\u00f3n en humedal de la Sauceda Municipios","isPartOf":{"@id":"https:\/\/www.sonoraenequipo.com.mx\/#website"},"primaryImageOfPage":{"@id":"https:\/\/www.sonoraenequipo.com.mx\/realizaran-reforestacion-en-humedal-de-la-sauceda\/#primaryimage"},"image":{"@id":"https:\/\/www.sonoraenequipo.com.mx\/realizaran-reforestacion-en-humedal-de-la-sauceda\/#primaryimage"},"thumbnailUrl":"https:\/\/www.sonoraenequipo.com.mx\/storage\/2021\/08\/forestacion-del-humedal-de-la-sauceda_opt.jpg","datePublished":"2021-08-27T22:00:12+00:00","dateModified":"2021-08-27T23:56:30+00:00","description":"HERMOSILLO, SONORA. MX. \u2014 Un total de 250 \u00e1rboles ser\u00e1n plantados en el humedal La Sauceda, por parte de Amigos de la Laguna La Sauceda, quienes invitan a En Sonora en Equipo publicamos toda la informaci\u00f3n de Sonora, M\u00e9xico y el Mundo de manera oportuna y busca que la libertad de expresi\u00f3n sea real. Visita nuestro medio informativo publicado desde Hermosillo, Sonora. %","breadcrumb":{"@id":"https:\/\/www.sonoraenequipo.com.mx\/realizaran-reforestacion-en-humedal-de-la-sauceda\/#breadcrumb"},"inLanguage":"es","potentialAction":[{"@type":"ReadAction","target":["https:\/\/www.sonoraenequipo.com.mx\/realizaran-reforestacion-en-humedal-de-la-sauceda\/"]}]},{"@type":"ImageObject","inLanguage":"es","@id":"https:\/\/www.sonoraenequipo.com.mx\/realizaran-reforestacion-en-humedal-de-la-sauceda\/#primaryimage","url":"https:\/\/www.sonoraenequipo.com.mx\/storage\/2021\/08\/forestacion-del-humedal-de-la-sauceda_opt.jpg","contentUrl":"https:\/\/www.sonoraenequipo.com.mx\/storage\/2021\/08\/forestacion-del-humedal-de-la-sauceda_opt.jpg","width":700,"height":400},{"@type":"BreadcrumbList","@id":"https:\/\/www.sonoraenequipo.com.mx\/realizaran-reforestacion-en-humedal-de-la-sauceda\/#breadcrumb","itemListElement":[{"@type":"ListItem","position":1,"name":"Portada","item":"https:\/\/www.sonoraenequipo.com.mx\/"},{"@type":"ListItem","position":2,"name":"Realizar\u00e1n reforestaci\u00f3n en humedal de la Sauceda"}]},{"@type":"WebSite","@id":"https:\/\/www.sonoraenequipo.com.mx\/#website","url":"https:\/\/www.sonoraenequipo.com.mx\/","name":"Sonora en Equipo.","description":"Diario en l\u00ednea con Noticias desde Hermosillo, Sonora","publisher":{"@id":"https:\/\/www.sonoraenequipo.com.mx\/#organization"},"potentialAction":[{"@type":"SearchAction","target":{"@type":"EntryPoint","urlTemplate":"https:\/\/www.sonoraenequipo.com.mx\/?s={search_term_string}"},"query-input":{"@type":"PropertyValueSpecification","valueRequired":true,"valueName":"search_term_string"}}],"inLanguage":"es"},{"@type":"Organization","@id":"https:\/\/www.sonoraenequipo.com.mx\/#organization","name":"Sonoraenequipo.com.mx","url":"https:\/\/www.sonoraenequipo.com.mx\/","logo":{"@type":"ImageObject","inLanguage":"es","@id":"https:\/\/www.sonoraenequipo.com.mx\/#\/schema\/logo\/image\/","url":"https:\/\/www.sonoraenequipo.com.mx\/storage\/2019\/01\/sonoraenequipo_opt.png","contentUrl":"https:\/\/www.sonoraenequipo.com.mx\/storage\/2019\/01\/sonoraenequipo_opt.png","width":375,"height":125,"caption":"Sonoraenequipo.com.mx"},"image":{"@id":"https:\/\/www.sonoraenequipo.com.mx\/#\/schema\/logo\/image\/"},"sameAs":["https:\/\/www.facebook.com\/SonoraEE\/","https:\/\/x.com\/sonoraenequipo","https:\/\/www.youtube.com\/channel\/UC338nW-lPEYmJQs4ZABQ1SQ"]},{"@type":"Person","@id":"https:\/\/www.sonoraenequipo.com.mx\/#\/schema\/person\/50102df0fb23a8fa9e8effad8fa81386","name":"enequipo","image":{"@type":"ImageObject","inLanguage":"es","@id":"https:\/\/www.sonoraenequipo.com.mx\/#\/schema\/person\/image\/","url":"https:\/\/secure.gravatar.com\/avatar\/049821681b589dabc0bc20695993ccebb09f5b5d4d790cd9251b97faac7c652b?s=96&d=blank&r=g","contentUrl":"https:\/\/secure.gravatar.com\/avatar\/049821681b589dabc0bc20695993ccebb09f5b5d4d790cd9251b97faac7c652b?s=96&d=blank&r=g","caption":"enequipo"},"sameAs":["https:\/\/www.facebook.com\/SonoraEE"]}]}},"jetpack_featured_media_url":"https:\/\/www.sonoraenequipo.com.mx\/storage\/2021\/08\/forestacion-del-humedal-de-la-sauceda_opt.jpg","_links":{"self":[{"href":"https:\/\/www.sonoraenequipo.com.mx\/api\/wp\/v2\/posts\/121533","targetHints":{"allow":["GET"]}}],"collection":[{"href":"https:\/\/www.sonoraenequipo.com.mx\/api\/wp\/v2\/posts"}],"about":[{"href":"https:\/\/www.sonoraenequipo.com.mx\/api\/wp\/v2\/types\/post"}],"author":[{"embeddable":true,"href":"https:\/\/www.sonoraenequipo.com.mx\/api\/wp\/v2\/users\/1"}],"replies":[{"embeddable":true,"href":"https:\/\/www.sonoraenequipo.com.mx\/api\/wp\/v2\/comments?post=121533"}],"version-history":[{"count":1,"href":"https:\/\/www.sonoraenequipo.com.mx\/api\/wp\/v2\/posts\/121533\/revisions"}],"predecessor-version":[{"id":121542,"href":"https:\/\/www.sonoraenequipo.com.mx\/api\/wp\/v2\/posts\/121533\/revisions\/121542"}],"wp:featuredmedia":[{"embeddable":true,"href":"https:\/\/www.sonoraenequipo.com.mx\/api\/wp\/v2\/media\/121541"}],"wp:attachment":[{"href":"https:\/\/www.sonoraenequipo.com.mx\/api\/wp\/v2\/media?parent=121533"}],"wp:term":[{"taxonomy":"category","embeddable":true,"href":"https:\/\/www.sonoraenequipo.com.mx\/api\/wp\/v2\/categories?post=121533"},{"taxonomy":"post_tag","embeddable":true,"href":"https:\/\/www.sonoraenequipo.com.mx\/api\/wp\/v2\/tags?post=121533"}],"curies":[{"name":"wp","href":"https:\/\/api.w.org\/{rel}","templated":true}]}}