{"id":121537,"date":"2021-08-27T16:00:22","date_gmt":"2021-08-27T23:00:22","guid":{"rendered":"https:\/\/www.sonoraenequipo.com.mx\/?p=121537"},"modified":"2021-08-27T17:38:59","modified_gmt":"2021-08-28T00:38:59","slug":"rehabilitacion-de-la-avenida-12-de-octubre-al-norte-de-hermosillo-es-una-realidad","status":"publish","type":"post","link":"https:\/\/www.sonoraenequipo.com.mx\/rehabilitacion-de-la-avenida-12-de-octubre-al-norte-de-hermosillo-es-una-realidad\/","title":{"rendered":"Rehabilitaci\u00f3n de la avenida 12 de octubre al norte de Hermosillo es una realidad"},"content":{"rendered":"<p>\u25baLa obra beneficia a m\u00e1s de 25 mil habitantes de esa zona<\/p>\n<p>&nbsp;<\/p>\n<p>HERMOSILLO, SONORA,MX.\u2500\u2500 \u00a0La Coordinaci\u00f3n de Infraestructura, Desarrollo Urbano y Ecolog\u00eda (CIDUE) trabaja en la rehabilitaci\u00f3n de la avenida 12 de octubre, una importante vialidad para las colonias del Norte de la ciudad.<\/p>\n<p>&nbsp;<\/p>\n<p>El titular de CIDUE, Jos\u00e9 Carrillo Atondo, explic\u00f3 que esta obra se realiza a trav\u00e9s del FAIS (Fondo de Aportaciones para la Infraestructura Social), con recursos del RAMO 33, con un costo por el orden de los 3.8 millones de pesos, que contempla el recarpeteo del tramo comprendido entre las calles Topahue y Granados.<\/p>\n<p>&nbsp;<\/p>\n<p>Los beneficiados ser\u00e1n m\u00e1s de 25 mil personas, destac\u00f3 el funcionario municipal, ya que el recarpeteo se realiza en el sector donde se encuentran las colonias Jacinto L\u00f3pez, Heberto Castillo y Carmen Serd\u00e1n.<\/p>\n<p>&nbsp;<\/p>\n<p>En los d\u00edas previos se trabaj\u00f3 en el fresado del anterior pavimento, y actualmente se realizan tareas de bacheo profundo, para luego continuar con las labores de nivelaci\u00f3n y finalmente la se\u00f1alizaci\u00f3n, raz\u00f3n por la cual algunas de las calles aleda\u00f1as a esta podr\u00edan verse obstruidas.<\/p>\n<p>&nbsp;<\/p>\n<p>El Gobierno de Hermosillo agradece a los vecinos su comprensi\u00f3n y paciencia, ya que son obras que vendr\u00e1n a cambiar la cara del sector y traer el beneficio de una mejor y m\u00e1s segura movilidad para todos los ciudadanos.<\/p>\n<p>Fecha de Publicaci\u00f3n\u00a0\u00a0 viernes \/ 27\u00a0 \/ agosto \/ 2021<\/p>\n<p>&nbsp;<\/p>\n","protected":false},"excerpt":{"rendered":"<p>\u25baLa obra beneficia a m\u00e1s de 25 mil habitantes de esa zona &nbsp; HERMOSILLO, SONORA,MX.\u2500\u2500&#8230;<\/p>\n","protected":false},"author":1,"featured_media":121538,"comment_status":"open","ping_status":"open","sticky":false,"template":"","format":"standard","meta":{"_monsterinsights_skip_tracking":false,"_monsterinsights_sitenote_active":false,"_monsterinsights_sitenote_note":"","_monsterinsights_sitenote_category":0,"footnotes":""},"categories":[4],"tags":[4958],"class_list":["post"],"yoast_head":" \n<title>Sonora en Equipo. Rehabilitaci\u00f3n de la avenida 12 de octubre al norte de Hermosillo es una realidad Municipios<\/title>\n<meta name=\"description\" content=\"\u25baLa obra beneficia a m\u00e1s de 25 mil habitantes de esa zona &nbsp; HERMOSILLO, SONORA,MX.\u2500\u2500 \u00a0La Coordinaci\u00f3n de Infraestructura, Desarrollo Urbano y En Sonora en Equipo publicamos toda la informaci\u00f3n de Sonora, M\u00e9xico y el Mundo de manera oportuna y busca que la libertad de expresi\u00f3n sea real. Visita nuestro medio informativo publicado desde Hermosillo, Sonora. %\" \/>\n<meta name=\"robots\" content=\"index, follow, max-snippet:-1, max-image-preview:large, max-video-preview:-1\" \/>\n<link rel=\"canonical\" href=\"https:\/\/www.sonoraenequipo.com.mx\/rehabilitacion-de-la-avenida-12-de-octubre-al-norte-de-hermosillo-es-una-realidad\/\" \/>\n<meta property=\"og:locale\" content=\"es_ES\" \/>\n<meta property=\"og:type\" content=\"article\" \/>\n<meta property=\"og:title\" content=\"Sonora en Equipo. Rehabilitaci\u00f3n de la avenida 12 de octubre al norte de Hermosillo es una realidad Municipios\" \/>\n<meta property=\"og:description\" content=\"\u25baLa obra beneficia a m\u00e1s de 25 mil habitantes de esa zona &nbsp; HERMOSILLO, SONORA,MX.\u2500\u2500 \u00a0La Coordinaci\u00f3n de Infraestructura, Desarrollo Urbano y En Sonora en Equipo publicamos toda la informaci\u00f3n de Sonora, M\u00e9xico y el Mundo de manera oportuna y busca que la libertad de expresi\u00f3n sea real. Visita nuestro medio informativo publicado desde Hermosillo, Sonora. %\" \/>\n<meta property=\"og:url\" content=\"https:\/\/www.sonoraenequipo.com.mx\/rehabilitacion-de-la-avenida-12-de-octubre-al-norte-de-hermosillo-es-una-realidad\/\" \/>\n<meta property=\"og:site_name\" content=\"Sonora en Equipo.\" \/>\n<meta property=\"article:publisher\" content=\"https:\/\/www.facebook.com\/SonoraEE\/\" \/>\n<meta property=\"article:author\" content=\"https:\/\/www.facebook.com\/SonoraEE\" \/>\n<meta property=\"article:published_time\" content=\"2021-08-27T23:00:22+00:00\" \/>\n<meta property=\"article:modified_time\" content=\"2021-08-28T00:38:59+00:00\" \/>\n<meta property=\"og:image\" content=\"https:\/\/www.sonoraenequipo.com.mx\/storage\/2021\/08\/bacheohmo12-oct.jpg\" \/>\n\t<meta property=\"og:image:width\" content=\"700\" \/>\n\t<meta property=\"og:image:height\" content=\"400\" \/>\n\t<meta property=\"og:image:type\" content=\"image\/jpeg\" \/>\n<meta name=\"author\" content=\"enequipo\" \/>\n<meta name=\"twitter:card\" content=\"summary_large_image\" \/>\n<meta name=\"twitter:creator\" content=\"@sonoraenequipo\" \/>\n<meta name=\"twitter:site\" content=\"@sonoraenequipo\" \/>\n<meta name=\"twitter:label1\" content=\"Escrito por\" \/>\n\t<meta name=\"twitter:data1\" content=\"enequipo\" \/>\n\t<meta name=\"twitter:label2\" content=\"Tiempo de lectura\" \/>\n\t<meta name=\"twitter:data2\" content=\"1 minuto\" \/>\n<script type=\"application\/ld+json\" class=\"yoast-schema-graph\">{\"@context\":\"https:\/\/schema.org\",\"@graph\":[{\"@type\":\"Article\",\"@id\":\"https:\/\/www.sonoraenequipo.com.mx\/rehabilitacion-de-la-avenida-12-de-octubre-al-norte-de-hermosillo-es-una-realidad\/#article\",\"isPartOf\":{\"@id\":\"https:\/\/www.sonoraenequipo.com.mx\/rehabilitacion-de-la-avenida-12-de-octubre-al-norte-de-hermosillo-es-una-realidad\/\"},\"author\":{\"name\":\"enequipo\",\"@id\":\"https:\/\/www.sonoraenequipo.com.mx\/#\/schema\/person\/50102df0fb23a8fa9e8effad8fa81386\"},\"headline\":\"Rehabilitaci\u00f3n de la avenida 12 de octubre al norte de Hermosillo es una realidad\",\"datePublished\":\"2021-08-27T23:00:22+00:00\",\"dateModified\":\"2021-08-28T00:38:59+00:00\",\"mainEntityOfPage\":{\"@id\":\"https:\/\/www.sonoraenequipo.com.mx\/rehabilitacion-de-la-avenida-12-de-octubre-al-norte-de-hermosillo-es-una-realidad\/\"},\"wordCount\":257,\"commentCount\":0,\"publisher\":{\"@id\":\"https:\/\/www.sonoraenequipo.com.mx\/#organization\"},\"image\":{\"@id\":\"https:\/\/www.sonoraenequipo.com.mx\/rehabilitacion-de-la-avenida-12-de-octubre-al-norte-de-hermosillo-es-una-realidad\/#primaryimage\"},\"thumbnailUrl\":\"https:\/\/www.sonoraenequipo.com.mx\/storage\/2021\/08\/bacheohmo12-oct.jpg\",\"keywords\":[\"pavimentacion hermosillo\"],\"articleSection\":[\"Municipios\"],\"inLanguage\":\"es\",\"potentialAction\":[{\"@type\":\"CommentAction\",\"name\":\"Comment\",\"target\":[\"https:\/\/www.sonoraenequipo.com.mx\/rehabilitacion-de-la-avenida-12-de-octubre-al-norte-de-hermosillo-es-una-realidad\/#respond\"]}]},{\"@type\":\"WebPage\",\"@id\":\"https:\/\/www.sonoraenequipo.com.mx\/rehabilitacion-de-la-avenida-12-de-octubre-al-norte-de-hermosillo-es-una-realidad\/\",\"url\":\"https:\/\/www.sonoraenequipo.com.mx\/rehabilitacion-de-la-avenida-12-de-octubre-al-norte-de-hermosillo-es-una-realidad\/\",\"name\":\"Sonora en Equipo. Rehabilitaci\u00f3n de la avenida 12 de octubre al norte de Hermosillo es una realidad Municipios\",\"isPartOf\":{\"@id\":\"https:\/\/www.sonoraenequipo.com.mx\/#website\"},\"primaryImageOfPage\":{\"@id\":\"https:\/\/www.sonoraenequipo.com.mx\/rehabilitacion-de-la-avenida-12-de-octubre-al-norte-de-hermosillo-es-una-realidad\/#primaryimage\"},\"image\":{\"@id\":\"https:\/\/www.sonoraenequipo.com.mx\/rehabilitacion-de-la-avenida-12-de-octubre-al-norte-de-hermosillo-es-una-realidad\/#primaryimage\"},\"thumbnailUrl\":\"https:\/\/www.sonoraenequipo.com.mx\/storage\/2021\/08\/bacheohmo12-oct.jpg\",\"datePublished\":\"2021-08-27T23:00:22+00:00\",\"dateModified\":\"2021-08-28T00:38:59+00:00\",\"description\":\"\u25baLa obra beneficia a m\u00e1s de 25 mil habitantes de esa zona &nbsp; HERMOSILLO, SONORA,MX.\u2500\u2500 \u00a0La Coordinaci\u00f3n de Infraestructura, Desarrollo Urbano y En Sonora en Equipo publicamos toda la informaci\u00f3n de Sonora, M\u00e9xico y el Mundo de manera oportuna y busca que la libertad de expresi\u00f3n sea real. Visita nuestro medio informativo publicado desde Hermosillo, Sonora. %\",\"breadcrumb\":{\"@id\":\"https:\/\/www.sonoraenequipo.com.mx\/rehabilitacion-de-la-avenida-12-de-octubre-al-norte-de-hermosillo-es-una-realidad\/#breadcrumb\"},\"inLanguage\":\"es\",\"potentialAction\":[{\"@type\":\"ReadAction\",\"target\":[\"https:\/\/www.sonoraenequipo.com.mx\/rehabilitacion-de-la-avenida-12-de-octubre-al-norte-de-hermosillo-es-una-realidad\/\"]}]},{\"@type\":\"ImageObject\",\"inLanguage\":\"es\",\"@id\":\"https:\/\/www.sonoraenequipo.com.mx\/rehabilitacion-de-la-avenida-12-de-octubre-al-norte-de-hermosillo-es-una-realidad\/#primaryimage\",\"url\":\"https:\/\/www.sonoraenequipo.com.mx\/storage\/2021\/08\/bacheohmo12-oct.jpg\",\"contentUrl\":\"https:\/\/www.sonoraenequipo.com.mx\/storage\/2021\/08\/bacheohmo12-oct.jpg\",\"width\":700,\"height\":400},{\"@type\":\"BreadcrumbList\",\"@id\":\"https:\/\/www.sonoraenequipo.com.mx\/rehabilitacion-de-la-avenida-12-de-octubre-al-norte-de-hermosillo-es-una-realidad\/#breadcrumb\",\"itemListElement\":[{\"@type\":\"ListItem\",\"position\":1,\"name\":\"Portada\",\"item\":\"https:\/\/www.sonoraenequipo.com.mx\/\"},{\"@type\":\"ListItem\",\"position\":2,\"name\":\"Rehabilitaci\u00f3n de la avenida 12 de octubre al norte de Hermosillo es una realidad\"}]},{\"@type\":\"WebSite\",\"@id\":\"https:\/\/www.sonoraenequipo.com.mx\/#website\",\"url\":\"https:\/\/www.sonoraenequipo.com.mx\/\",\"name\":\"Sonora en Equipo.\",\"description\":\"Diario en l\u00ednea con Noticias desde Hermosillo, Sonora\",\"publisher\":{\"@id\":\"https:\/\/www.sonoraenequipo.com.mx\/#organization\"},\"potentialAction\":[{\"@type\":\"SearchAction\",\"target\":{\"@type\":\"EntryPoint\",\"urlTemplate\":\"https:\/\/www.sonoraenequipo.com.mx\/?s={search_term_string}\"},\"query-input\":{\"@type\":\"PropertyValueSpecification\",\"valueRequired\":true,\"valueName\":\"search_term_string\"}}],\"inLanguage\":\"es\"},{\"@type\":\"Organization\",\"@id\":\"https:\/\/www.sonoraenequipo.com.mx\/#organization\",\"name\":\"Sonoraenequipo.com.mx\",\"url\":\"https:\/\/www.sonoraenequipo.com.mx\/\",\"logo\":{\"@type\":\"ImageObject\",\"inLanguage\":\"es\",\"@id\":\"https:\/\/www.sonoraenequipo.com.mx\/#\/schema\/logo\/image\/\",\"url\":\"https:\/\/www.sonoraenequipo.com.mx\/storage\/2019\/01\/sonoraenequipo_opt.png\",\"contentUrl\":\"https:\/\/www.sonoraenequipo.com.mx\/storage\/2019\/01\/sonoraenequipo_opt.png\",\"width\":375,\"height\":125,\"caption\":\"Sonoraenequipo.com.mx\"},\"image\":{\"@id\":\"https:\/\/www.sonoraenequipo.com.mx\/#\/schema\/logo\/image\/\"},\"sameAs\":[\"https:\/\/www.facebook.com\/SonoraEE\/\",\"https:\/\/x.com\/sonoraenequipo\",\"https:\/\/www.youtube.com\/channel\/UC338nW-lPEYmJQs4ZABQ1SQ\"]},{\"@type\":\"Person\",\"@id\":\"https:\/\/www.sonoraenequipo.com.mx\/#\/schema\/person\/50102df0fb23a8fa9e8effad8fa81386\",\"name\":\"enequipo\",\"image\":{\"@type\":\"ImageObject\",\"inLanguage\":\"es\",\"@id\":\"https:\/\/www.sonoraenequipo.com.mx\/#\/schema\/person\/image\/\",\"url\":\"https:\/\/secure.gravatar.com\/avatar\/049821681b589dabc0bc20695993ccebb09f5b5d4d790cd9251b97faac7c652b?s=96&d=blank&r=g\",\"contentUrl\":\"https:\/\/secure.gravatar.com\/avatar\/049821681b589dabc0bc20695993ccebb09f5b5d4d790cd9251b97faac7c652b?s=96&d=blank&r=g\",\"caption\":\"enequipo\"},\"sameAs\":[\"https:\/\/www.facebook.com\/SonoraEE\"]}]}<\/script>\n ","yoast_head_json":{"title":"Sonora en Equipo. Rehabilitaci\u00f3n de la avenida 12 de octubre al norte de Hermosillo es una realidad Municipios","description":"\u25baLa obra beneficia a m\u00e1s de 25 mil habitantes de esa zona &nbsp; HERMOSILLO, SONORA,MX.\u2500\u2500 \u00a0La Coordinaci\u00f3n de Infraestructura, Desarrollo Urbano y En Sonora en Equipo publicamos toda la informaci\u00f3n de Sonora, M\u00e9xico y el Mundo de manera oportuna y busca que la libertad de expresi\u00f3n sea real. Visita nuestro medio informativo publicado desde Hermosillo, Sonora. %","robots":{"index":"index","follow":"follow","max-snippet":"max-snippet:-1","max-image-preview":"max-image-preview:large","max-video-preview":"max-video-preview:-1"},"canonical":"https:\/\/www.sonoraenequipo.com.mx\/rehabilitacion-de-la-avenida-12-de-octubre-al-norte-de-hermosillo-es-una-realidad\/","og_locale":"es_ES","og_type":"article","og_title":"Sonora en Equipo. Rehabilitaci\u00f3n de la avenida 12 de octubre al norte de Hermosillo es una realidad Municipios","og_description":"\u25baLa obra beneficia a m\u00e1s de 25 mil habitantes de esa zona &nbsp; HERMOSILLO, SONORA,MX.\u2500\u2500 \u00a0La Coordinaci\u00f3n de Infraestructura, Desarrollo Urbano y En Sonora en Equipo publicamos toda la informaci\u00f3n de Sonora, M\u00e9xico y el Mundo de manera oportuna y busca que la libertad de expresi\u00f3n sea real. Visita nuestro medio informativo publicado desde Hermosillo, Sonora. %","og_url":"https:\/\/www.sonoraenequipo.com.mx\/rehabilitacion-de-la-avenida-12-de-octubre-al-norte-de-hermosillo-es-una-realidad\/","og_site_name":"Sonora en Equipo.","article_publisher":"https:\/\/www.facebook.com\/SonoraEE\/","article_author":"https:\/\/www.facebook.com\/SonoraEE","article_published_time":"2021-08-27T23:00:22+00:00","article_modified_time":"2021-08-28T00:38:59+00:00","og_image":[{"width":700,"height":400,"url":"https:\/\/www.sonoraenequipo.com.mx\/storage\/2021\/08\/bacheohmo12-oct.jpg","type":"image\/jpeg"}],"author":"enequipo","twitter_card":"summary_large_image","twitter_creator":"@sonoraenequipo","twitter_site":"@sonoraenequipo","twitter_misc":{"Escrito por":"enequipo","Tiempo de lectura":"1 minuto"},"schema":{"@context":"https:\/\/schema.org","@graph":[{"@type":"Article","@id":"https:\/\/www.sonoraenequipo.com.mx\/rehabilitacion-de-la-avenida-12-de-octubre-al-norte-de-hermosillo-es-una-realidad\/#article","isPartOf":{"@id":"https:\/\/www.sonoraenequipo.com.mx\/rehabilitacion-de-la-avenida-12-de-octubre-al-norte-de-hermosillo-es-una-realidad\/"},"author":{"name":"enequipo","@id":"https:\/\/www.sonoraenequipo.com.mx\/#\/schema\/person\/50102df0fb23a8fa9e8effad8fa81386"},"headline":"Rehabilitaci\u00f3n de la avenida 12 de octubre al norte de Hermosillo es una realidad","datePublished":"2021-08-27T23:00:22+00:00","dateModified":"2021-08-28T00:38:59+00:00","mainEntityOfPage":{"@id":"https:\/\/www.sonoraenequipo.com.mx\/rehabilitacion-de-la-avenida-12-de-octubre-al-norte-de-hermosillo-es-una-realidad\/"},"wordCount":257,"commentCount":0,"publisher":{"@id":"https:\/\/www.sonoraenequipo.com.mx\/#organization"},"image":{"@id":"https:\/\/www.sonoraenequipo.com.mx\/rehabilitacion-de-la-avenida-12-de-octubre-al-norte-de-hermosillo-es-una-realidad\/#primaryimage"},"thumbnailUrl":"https:\/\/www.sonoraenequipo.com.mx\/storage\/2021\/08\/bacheohmo12-oct.jpg","keywords":["pavimentacion hermosillo"],"articleSection":["Municipios"],"inLanguage":"es","potentialAction":[{"@type":"CommentAction","name":"Comment","target":["https:\/\/www.sonoraenequipo.com.mx\/rehabilitacion-de-la-avenida-12-de-octubre-al-norte-de-hermosillo-es-una-realidad\/#respond"]}]},{"@type":"WebPage","@id":"https:\/\/www.sonoraenequipo.com.mx\/rehabilitacion-de-la-avenida-12-de-octubre-al-norte-de-hermosillo-es-una-realidad\/","url":"https:\/\/www.sonoraenequipo.com.mx\/rehabilitacion-de-la-avenida-12-de-octubre-al-norte-de-hermosillo-es-una-realidad\/","name":"Sonora en Equipo. Rehabilitaci\u00f3n de la avenida 12 de octubre al norte de Hermosillo es una realidad Municipios","isPartOf":{"@id":"https:\/\/www.sonoraenequipo.com.mx\/#website"},"primaryImageOfPage":{"@id":"https:\/\/www.sonoraenequipo.com.mx\/rehabilitacion-de-la-avenida-12-de-octubre-al-norte-de-hermosillo-es-una-realidad\/#primaryimage"},"image":{"@id":"https:\/\/www.sonoraenequipo.com.mx\/rehabilitacion-de-la-avenida-12-de-octubre-al-norte-de-hermosillo-es-una-realidad\/#primaryimage"},"thumbnailUrl":"https:\/\/www.sonoraenequipo.com.mx\/storage\/2021\/08\/bacheohmo12-oct.jpg","datePublished":"2021-08-27T23:00:22+00:00","dateModified":"2021-08-28T00:38:59+00:00","description":"\u25baLa obra beneficia a m\u00e1s de 25 mil habitantes de esa zona &nbsp; HERMOSILLO, SONORA,MX.\u2500\u2500 \u00a0La Coordinaci\u00f3n de Infraestructura, Desarrollo Urbano y En Sonora en Equipo publicamos toda la informaci\u00f3n de Sonora, M\u00e9xico y el Mundo de manera oportuna y busca que la libertad de expresi\u00f3n sea real. Visita nuestro medio informativo publicado desde Hermosillo, Sonora. %","breadcrumb":{"@id":"https:\/\/www.sonoraenequipo.com.mx\/rehabilitacion-de-la-avenida-12-de-octubre-al-norte-de-hermosillo-es-una-realidad\/#breadcrumb"},"inLanguage":"es","potentialAction":[{"@type":"ReadAction","target":["https:\/\/www.sonoraenequipo.com.mx\/rehabilitacion-de-la-avenida-12-de-octubre-al-norte-de-hermosillo-es-una-realidad\/"]}]},{"@type":"ImageObject","inLanguage":"es","@id":"https:\/\/www.sonoraenequipo.com.mx\/rehabilitacion-de-la-avenida-12-de-octubre-al-norte-de-hermosillo-es-una-realidad\/#primaryimage","url":"https:\/\/www.sonoraenequipo.com.mx\/storage\/2021\/08\/bacheohmo12-oct.jpg","contentUrl":"https:\/\/www.sonoraenequipo.com.mx\/storage\/2021\/08\/bacheohmo12-oct.jpg","width":700,"height":400},{"@type":"BreadcrumbList","@id":"https:\/\/www.sonoraenequipo.com.mx\/rehabilitacion-de-la-avenida-12-de-octubre-al-norte-de-hermosillo-es-una-realidad\/#breadcrumb","itemListElement":[{"@type":"ListItem","position":1,"name":"Portada","item":"https:\/\/www.sonoraenequipo.com.mx\/"},{"@type":"ListItem","position":2,"name":"Rehabilitaci\u00f3n de la avenida 12 de octubre al norte de Hermosillo es una realidad"}]},{"@type":"WebSite","@id":"https:\/\/www.sonoraenequipo.com.mx\/#website","url":"https:\/\/www.sonoraenequipo.com.mx\/","name":"Sonora en Equipo.","description":"Diario en l\u00ednea con Noticias desde Hermosillo, Sonora","publisher":{"@id":"https:\/\/www.sonoraenequipo.com.mx\/#organization"},"potentialAction":[{"@type":"SearchAction","target":{"@type":"EntryPoint","urlTemplate":"https:\/\/www.sonoraenequipo.com.mx\/?s={search_term_string}"},"query-input":{"@type":"PropertyValueSpecification","valueRequired":true,"valueName":"search_term_string"}}],"inLanguage":"es"},{"@type":"Organization","@id":"https:\/\/www.sonoraenequipo.com.mx\/#organization","name":"Sonoraenequipo.com.mx","url":"https:\/\/www.sonoraenequipo.com.mx\/","logo":{"@type":"ImageObject","inLanguage":"es","@id":"https:\/\/www.sonoraenequipo.com.mx\/#\/schema\/logo\/image\/","url":"https:\/\/www.sonoraenequipo.com.mx\/storage\/2019\/01\/sonoraenequipo_opt.png","contentUrl":"https:\/\/www.sonoraenequipo.com.mx\/storage\/2019\/01\/sonoraenequipo_opt.png","width":375,"height":125,"caption":"Sonoraenequipo.com.mx"},"image":{"@id":"https:\/\/www.sonoraenequipo.com.mx\/#\/schema\/logo\/image\/"},"sameAs":["https:\/\/www.facebook.com\/SonoraEE\/","https:\/\/x.com\/sonoraenequipo","https:\/\/www.youtube.com\/channel\/UC338nW-lPEYmJQs4ZABQ1SQ"]},{"@type":"Person","@id":"https:\/\/www.sonoraenequipo.com.mx\/#\/schema\/person\/50102df0fb23a8fa9e8effad8fa81386","name":"enequipo","image":{"@type":"ImageObject","inLanguage":"es","@id":"https:\/\/www.sonoraenequipo.com.mx\/#\/schema\/person\/image\/","url":"https:\/\/secure.gravatar.com\/avatar\/049821681b589dabc0bc20695993ccebb09f5b5d4d790cd9251b97faac7c652b?s=96&d=blank&r=g","contentUrl":"https:\/\/secure.gravatar.com\/avatar\/049821681b589dabc0bc20695993ccebb09f5b5d4d790cd9251b97faac7c652b?s=96&d=blank&r=g","caption":"enequipo"},"sameAs":["https:\/\/www.facebook.com\/SonoraEE"]}]}},"jetpack_featured_media_url":"https:\/\/www.sonoraenequipo.com.mx\/storage\/2021\/08\/bacheohmo12-oct.jpg","_links":{"self":[{"href":"https:\/\/www.sonoraenequipo.com.mx\/api\/wp\/v2\/posts\/121537","targetHints":{"allow":["GET"]}}],"collection":[{"href":"https:\/\/www.sonoraenequipo.com.mx\/api\/wp\/v2\/posts"}],"about":[{"href":"https:\/\/www.sonoraenequipo.com.mx\/api\/wp\/v2\/types\/post"}],"author":[{"embeddable":true,"href":"https:\/\/www.sonoraenequipo.com.mx\/api\/wp\/v2\/users\/1"}],"replies":[{"embeddable":true,"href":"https:\/\/www.sonoraenequipo.com.mx\/api\/wp\/v2\/comments?post=121537"}],"version-history":[{"count":1,"href":"https:\/\/www.sonoraenequipo.com.mx\/api\/wp\/v2\/posts\/121537\/revisions"}],"predecessor-version":[{"id":121539,"href":"https:\/\/www.sonoraenequipo.com.mx\/api\/wp\/v2\/posts\/121537\/revisions\/121539"}],"wp:featuredmedia":[{"embeddable":true,"href":"https:\/\/www.sonoraenequipo.com.mx\/api\/wp\/v2\/media\/121538"}],"wp:attachment":[{"href":"https:\/\/www.sonoraenequipo.com.mx\/api\/wp\/v2\/media?parent=121537"}],"wp:term":[{"taxonomy":"category","embeddable":true,"href":"https:\/\/www.sonoraenequipo.com.mx\/api\/wp\/v2\/categories?post=121537"},{"taxonomy":"post_tag","embeddable":true,"href":"https:\/\/www.sonoraenequipo.com.mx\/api\/wp\/v2\/tags?post=121537"}],"curies":[{"name":"wp","href":"https:\/\/api.w.org\/{rel}","templated":true}]}}