{"id":121543,"date":"2021-08-27T16:22:11","date_gmt":"2021-08-27T23:22:11","guid":{"rendered":"https:\/\/www.sonoraenequipo.com.mx\/?p=121543"},"modified":"2021-08-27T17:20:52","modified_gmt":"2021-08-28T00:20:52","slug":"caso-anaya-no-es-por-recibir-dinero-o-voto-sino-por-corrupcion","status":"publish","type":"post","link":"https:\/\/www.sonoraenequipo.com.mx\/caso-anaya-no-es-por-recibir-dinero-o-voto-sino-por-corrupcion\/","title":{"rendered":"\u201cCaso Anaya no es por recibir dinero o voto, sino por corrupci\u00f3n\u201d"},"content":{"rendered":"<p>CIUDAD DE M\u00c9XICO.- El fiscal General de la Rep\u00fablica, Alejandro Gertz Manero, asegur\u00f3 hoy que a Ricardo Anaya no se le acusa de haber recibido dinero o de haber votado en un sentido o en otro, sino que se est\u00e1n fincando cargos por una corrupci\u00f3n a nivel Estado, esto es haber entregado bienes de la naci\u00f3n.<\/p>\n<p>&nbsp;<\/p>\n<p> <\/p>\n<p>Sin mencionar el nombre de Anaya, pero a pregunta expresa de senadores de Morena sobre el caso en contra del panista quien sali\u00f3 del pa\u00eds esta semana, el fiscal expuso <em>\u201chemos podido ir probando con toda precisi\u00f3n ante los jueces que no es el caso de una persona que recibi\u00f3 un dinero y que vot\u00f3 en un sentido\u201d.<\/em><\/p>\n<p>Dijo que se trata del \u201c<em>caso de una corrupci\u00f3n a nivel del Estado para entregar los bienes de la naci\u00f3n a cambio de recibir prebendas, de recibir dinero, eso es quiz\u00e1 uno de los esc\u00e1ndalos en contra de la integridad y del patrimonio de nuestro pa\u00eds m\u00e1s importante\u201d.<\/em><\/p>\n<p>Dijo que<em> no es como lo quieren plantear quienes est\u00e1n haciendo una defensa de este caso que me parece francamente deleznable\u201d.<\/em><\/p>\n<p>&nbsp;<\/p>\n<p>Gertz subray\u00f3 que este asunto, ligado al caso Odebrecht, es un asunto de fondo, es un asunto de la naci\u00f3n mexicana, es un asunto del patrimonio de todos los mexicanos y afortunadamente hemos logrado y hemos ido ganando a pesar de una campa\u00f1a, los hemos ido procesando y trayendo de nuevo a M\u00e9xico y obteniendo ordenes de aprehensi\u00f3n.<\/p>\n<p>Expuso que este caso es parte del llamado Odebrecht, empresa transnacional que dijo vino a M\u00e9xico a corromper todo el sistema pol\u00edtico y apoderar de los recursos petroleros de nuestro pa\u00eds.<\/p>\n<p>&nbsp;<\/p>\n<p><em>\u201cEso no lo digo yo, lo reconocieron los propios funcionarios de Odebrecht en cortes y juzgados de toda Am\u00e9rica Latina\u201d.<\/em><\/p>\n<p><em>\u201cY eso fue que uno de los esc\u00e1ndalos de corrupci\u00f3n y traici\u00f3n a la patria m\u00e1s grave que se hab\u00edan dado en muchos a\u00f1os en el \u00e1mbito americano, no fue M\u00e9xico ajeno a ello\u201d,<\/em> expuso a los senadores.<\/p>\n<p>Record\u00f3 que por una serie de denuncias, por un conflicto de personas que estaban en el poder en ese momento se inici\u00f3 una carpeta de investigaci\u00f3n que se qued\u00f3 congelada hasta que nosotros llegamos y otra que nos presentaron, nos permiti\u00f3 reiniciar todo este asunto.<\/p>\n<p>&nbsp;<\/p>\n<p><em>\u201cEso nos permiti\u00f3 iniciar un procedimiento contra\u00a0 \u2014 Emilio \u2014\u00a0<\/em> (Lozoya)<em> que se encuentra sujeto a proceso\u201d<\/em>. Logr\u00f3 escapar del pa\u00eds y cre\u00eda que no lo \u00edbamos a encontrar nunca, lo encontramos, dijeron que no le \u00edbamos a ganar los juicios en Espa\u00f1a y les ganamos. Lo trajimos y lo sujetamos a proceso. Se acogi\u00f3 a una figura jur\u00eddica que es v\u00e1lida en nuestro pa\u00eds para que procesado que da informaci\u00f3n puede tener pruebas e informaciones.<\/p>\n<p>&nbsp;<\/p>\n<p>Record\u00f3 que a Lozoya no se le ha dado esa consideraci\u00f3n, simplemente se decret\u00f3 una libertad provisional mientras da las pruebas que nos permita esclarecer ese enorme fraude y traici\u00f3n.<\/p>\n<p>&nbsp;<\/p>\n<p>&nbsp;<\/p>\n<p>(Publicada el 27\/08\/2021)<\/p>\n","protected":false},"excerpt":{"rendered":"<p>CIUDAD DE M\u00c9XICO.- El fiscal General de la Rep\u00fablica, Alejandro Gertz Manero, asegur\u00f3 hoy que&#8230;<\/p>\n","protected":false},"author":1,"featured_media":121546,"comment_status":"open","ping_status":"open","sticky":false,"template":"","format":"standard","meta":{"_monsterinsights_skip_tracking":false,"_monsterinsights_sitenote_active":false,"_monsterinsights_sitenote_note":"","_monsterinsights_sitenote_category":0,"footnotes":""},"categories":[5],"tags":[],"class_list":["post"],"yoast_head":" \n<title>Sonora en Equipo. \u201cCaso Anaya no es por recibir dinero o voto, sino por corrupci\u00f3n\u201d Rep\u00fablica<\/title>\n<meta name=\"description\" content=\"CIUDAD DE M\u00c9XICO.- El fiscal General de la Rep\u00fablica, Alejandro Gertz Manero, asegur\u00f3 hoy que a Ricardo Anaya no se le acusa de haber recibido dinero o de En Sonora en Equipo publicamos toda la informaci\u00f3n de Sonora, M\u00e9xico y el Mundo de manera oportuna y busca que la libertad de expresi\u00f3n sea real. Visita nuestro medio informativo publicado desde Hermosillo, Sonora. %\" \/>\n<meta name=\"robots\" content=\"index, follow, max-snippet:-1, max-image-preview:large, max-video-preview:-1\" \/>\n<link rel=\"canonical\" href=\"https:\/\/www.sonoraenequipo.com.mx\/caso-anaya-no-es-por-recibir-dinero-o-voto-sino-por-corrupcion\/\" \/>\n<meta property=\"og:locale\" content=\"es_ES\" \/>\n<meta property=\"og:type\" content=\"article\" \/>\n<meta property=\"og:title\" content=\"Sonora en Equipo. \u201cCaso Anaya no es por recibir dinero o voto, sino por corrupci\u00f3n\u201d Rep\u00fablica\" \/>\n<meta property=\"og:description\" content=\"CIUDAD DE M\u00c9XICO.- El fiscal General de la Rep\u00fablica, Alejandro Gertz Manero, asegur\u00f3 hoy que a Ricardo Anaya no se le acusa de haber recibido dinero o de En Sonora en Equipo publicamos toda la informaci\u00f3n de Sonora, M\u00e9xico y el Mundo de manera oportuna y busca que la libertad de expresi\u00f3n sea real. Visita nuestro medio informativo publicado desde Hermosillo, Sonora. %\" \/>\n<meta property=\"og:url\" content=\"https:\/\/www.sonoraenequipo.com.mx\/caso-anaya-no-es-por-recibir-dinero-o-voto-sino-por-corrupcion\/\" \/>\n<meta property=\"og:site_name\" content=\"Sonora en Equipo.\" \/>\n<meta property=\"article:publisher\" content=\"https:\/\/www.facebook.com\/SonoraEE\/\" \/>\n<meta property=\"article:author\" content=\"https:\/\/www.facebook.com\/SonoraEE\" \/>\n<meta property=\"article:published_time\" content=\"2021-08-27T23:22:11+00:00\" \/>\n<meta property=\"article:modified_time\" content=\"2021-08-28T00:20:52+00:00\" \/>\n<meta property=\"og:image\" content=\"https:\/\/www.sonoraenequipo.com.mx\/storage\/2021\/08\/Anaya-es-corrupto-dice-Gertz_opt.jpg\" \/>\n\t<meta property=\"og:image:width\" content=\"700\" \/>\n\t<meta property=\"og:image:height\" content=\"400\" \/>\n\t<meta property=\"og:image:type\" content=\"image\/jpeg\" \/>\n<meta name=\"author\" content=\"enequipo\" \/>\n<meta name=\"twitter:card\" content=\"summary_large_image\" \/>\n<meta name=\"twitter:creator\" content=\"@sonoraenequipo\" \/>\n<meta name=\"twitter:site\" content=\"@sonoraenequipo\" \/>\n<meta name=\"twitter:label1\" content=\"Escrito por\" \/>\n\t<meta name=\"twitter:data1\" content=\"enequipo\" \/>\n\t<meta name=\"twitter:label2\" content=\"Tiempo de lectura\" \/>\n\t<meta name=\"twitter:data2\" content=\"3 minutos\" \/>\n<script type=\"application\/ld+json\" class=\"yoast-schema-graph\">{\"@context\":\"https:\/\/schema.org\",\"@graph\":[{\"@type\":\"Article\",\"@id\":\"https:\/\/www.sonoraenequipo.com.mx\/caso-anaya-no-es-por-recibir-dinero-o-voto-sino-por-corrupcion\/#article\",\"isPartOf\":{\"@id\":\"https:\/\/www.sonoraenequipo.com.mx\/caso-anaya-no-es-por-recibir-dinero-o-voto-sino-por-corrupcion\/\"},\"author\":{\"name\":\"enequipo\",\"@id\":\"https:\/\/www.sonoraenequipo.com.mx\/#\/schema\/person\/50102df0fb23a8fa9e8effad8fa81386\"},\"headline\":\"\u201cCaso Anaya no es por recibir dinero o voto, sino por corrupci\u00f3n\u201d\",\"datePublished\":\"2021-08-27T23:22:11+00:00\",\"dateModified\":\"2021-08-28T00:20:52+00:00\",\"mainEntityOfPage\":{\"@id\":\"https:\/\/www.sonoraenequipo.com.mx\/caso-anaya-no-es-por-recibir-dinero-o-voto-sino-por-corrupcion\/\"},\"wordCount\":540,\"commentCount\":0,\"publisher\":{\"@id\":\"https:\/\/www.sonoraenequipo.com.mx\/#organization\"},\"image\":{\"@id\":\"https:\/\/www.sonoraenequipo.com.mx\/caso-anaya-no-es-por-recibir-dinero-o-voto-sino-por-corrupcion\/#primaryimage\"},\"thumbnailUrl\":\"https:\/\/www.sonoraenequipo.com.mx\/storage\/2021\/08\/Anaya-es-corrupto-dice-Gertz_opt.jpg\",\"articleSection\":[\"Rep\u00fablica\"],\"inLanguage\":\"es\",\"potentialAction\":[{\"@type\":\"CommentAction\",\"name\":\"Comment\",\"target\":[\"https:\/\/www.sonoraenequipo.com.mx\/caso-anaya-no-es-por-recibir-dinero-o-voto-sino-por-corrupcion\/#respond\"]}]},{\"@type\":\"WebPage\",\"@id\":\"https:\/\/www.sonoraenequipo.com.mx\/caso-anaya-no-es-por-recibir-dinero-o-voto-sino-por-corrupcion\/\",\"url\":\"https:\/\/www.sonoraenequipo.com.mx\/caso-anaya-no-es-por-recibir-dinero-o-voto-sino-por-corrupcion\/\",\"name\":\"Sonora en Equipo. \u201cCaso Anaya no es por recibir dinero o voto, sino por corrupci\u00f3n\u201d Rep\u00fablica\",\"isPartOf\":{\"@id\":\"https:\/\/www.sonoraenequipo.com.mx\/#website\"},\"primaryImageOfPage\":{\"@id\":\"https:\/\/www.sonoraenequipo.com.mx\/caso-anaya-no-es-por-recibir-dinero-o-voto-sino-por-corrupcion\/#primaryimage\"},\"image\":{\"@id\":\"https:\/\/www.sonoraenequipo.com.mx\/caso-anaya-no-es-por-recibir-dinero-o-voto-sino-por-corrupcion\/#primaryimage\"},\"thumbnailUrl\":\"https:\/\/www.sonoraenequipo.com.mx\/storage\/2021\/08\/Anaya-es-corrupto-dice-Gertz_opt.jpg\",\"datePublished\":\"2021-08-27T23:22:11+00:00\",\"dateModified\":\"2021-08-28T00:20:52+00:00\",\"description\":\"CIUDAD DE M\u00c9XICO.- El fiscal General de la Rep\u00fablica, Alejandro Gertz Manero, asegur\u00f3 hoy que a Ricardo Anaya no se le acusa de haber recibido dinero o de En Sonora en Equipo publicamos toda la informaci\u00f3n de Sonora, M\u00e9xico y el Mundo de manera oportuna y busca que la libertad de expresi\u00f3n sea real. Visita nuestro medio informativo publicado desde Hermosillo, Sonora. %\",\"breadcrumb\":{\"@id\":\"https:\/\/www.sonoraenequipo.com.mx\/caso-anaya-no-es-por-recibir-dinero-o-voto-sino-por-corrupcion\/#breadcrumb\"},\"inLanguage\":\"es\",\"potentialAction\":[{\"@type\":\"ReadAction\",\"target\":[\"https:\/\/www.sonoraenequipo.com.mx\/caso-anaya-no-es-por-recibir-dinero-o-voto-sino-por-corrupcion\/\"]}]},{\"@type\":\"ImageObject\",\"inLanguage\":\"es\",\"@id\":\"https:\/\/www.sonoraenequipo.com.mx\/caso-anaya-no-es-por-recibir-dinero-o-voto-sino-por-corrupcion\/#primaryimage\",\"url\":\"https:\/\/www.sonoraenequipo.com.mx\/storage\/2021\/08\/Anaya-es-corrupto-dice-Gertz_opt.jpg\",\"contentUrl\":\"https:\/\/www.sonoraenequipo.com.mx\/storage\/2021\/08\/Anaya-es-corrupto-dice-Gertz_opt.jpg\",\"width\":700,\"height\":400},{\"@type\":\"BreadcrumbList\",\"@id\":\"https:\/\/www.sonoraenequipo.com.mx\/caso-anaya-no-es-por-recibir-dinero-o-voto-sino-por-corrupcion\/#breadcrumb\",\"itemListElement\":[{\"@type\":\"ListItem\",\"position\":1,\"name\":\"Portada\",\"item\":\"https:\/\/www.sonoraenequipo.com.mx\/\"},{\"@type\":\"ListItem\",\"position\":2,\"name\":\"\u201cCaso Anaya no es por recibir dinero o voto, sino por corrupci\u00f3n\u201d\"}]},{\"@type\":\"WebSite\",\"@id\":\"https:\/\/www.sonoraenequipo.com.mx\/#website\",\"url\":\"https:\/\/www.sonoraenequipo.com.mx\/\",\"name\":\"Sonora en Equipo.\",\"description\":\"Diario en l\u00ednea con Noticias desde Hermosillo, Sonora\",\"publisher\":{\"@id\":\"https:\/\/www.sonoraenequipo.com.mx\/#organization\"},\"potentialAction\":[{\"@type\":\"SearchAction\",\"target\":{\"@type\":\"EntryPoint\",\"urlTemplate\":\"https:\/\/www.sonoraenequipo.com.mx\/?s={search_term_string}\"},\"query-input\":{\"@type\":\"PropertyValueSpecification\",\"valueRequired\":true,\"valueName\":\"search_term_string\"}}],\"inLanguage\":\"es\"},{\"@type\":\"Organization\",\"@id\":\"https:\/\/www.sonoraenequipo.com.mx\/#organization\",\"name\":\"Sonoraenequipo.com.mx\",\"url\":\"https:\/\/www.sonoraenequipo.com.mx\/\",\"logo\":{\"@type\":\"ImageObject\",\"inLanguage\":\"es\",\"@id\":\"https:\/\/www.sonoraenequipo.com.mx\/#\/schema\/logo\/image\/\",\"url\":\"https:\/\/www.sonoraenequipo.com.mx\/storage\/2019\/01\/sonoraenequipo_opt.png\",\"contentUrl\":\"https:\/\/www.sonoraenequipo.com.mx\/storage\/2019\/01\/sonoraenequipo_opt.png\",\"width\":375,\"height\":125,\"caption\":\"Sonoraenequipo.com.mx\"},\"image\":{\"@id\":\"https:\/\/www.sonoraenequipo.com.mx\/#\/schema\/logo\/image\/\"},\"sameAs\":[\"https:\/\/www.facebook.com\/SonoraEE\/\",\"https:\/\/x.com\/sonoraenequipo\",\"https:\/\/www.youtube.com\/channel\/UC338nW-lPEYmJQs4ZABQ1SQ\"]},{\"@type\":\"Person\",\"@id\":\"https:\/\/www.sonoraenequipo.com.mx\/#\/schema\/person\/50102df0fb23a8fa9e8effad8fa81386\",\"name\":\"enequipo\",\"image\":{\"@type\":\"ImageObject\",\"inLanguage\":\"es\",\"@id\":\"https:\/\/www.sonoraenequipo.com.mx\/#\/schema\/person\/image\/\",\"url\":\"https:\/\/secure.gravatar.com\/avatar\/049821681b589dabc0bc20695993ccebb09f5b5d4d790cd9251b97faac7c652b?s=96&d=blank&r=g\",\"contentUrl\":\"https:\/\/secure.gravatar.com\/avatar\/049821681b589dabc0bc20695993ccebb09f5b5d4d790cd9251b97faac7c652b?s=96&d=blank&r=g\",\"caption\":\"enequipo\"},\"sameAs\":[\"https:\/\/www.facebook.com\/SonoraEE\"]}]}<\/script>\n ","yoast_head_json":{"title":"Sonora en Equipo. \u201cCaso Anaya no es por recibir dinero o voto, sino por corrupci\u00f3n\u201d Rep\u00fablica","description":"CIUDAD DE M\u00c9XICO.- El fiscal General de la Rep\u00fablica, Alejandro Gertz Manero, asegur\u00f3 hoy que a Ricardo Anaya no se le acusa de haber recibido dinero o de En Sonora en Equipo publicamos toda la informaci\u00f3n de Sonora, M\u00e9xico y el Mundo de manera oportuna y busca que la libertad de expresi\u00f3n sea real. Visita nuestro medio informativo publicado desde Hermosillo, Sonora. %","robots":{"index":"index","follow":"follow","max-snippet":"max-snippet:-1","max-image-preview":"max-image-preview:large","max-video-preview":"max-video-preview:-1"},"canonical":"https:\/\/www.sonoraenequipo.com.mx\/caso-anaya-no-es-por-recibir-dinero-o-voto-sino-por-corrupcion\/","og_locale":"es_ES","og_type":"article","og_title":"Sonora en Equipo. \u201cCaso Anaya no es por recibir dinero o voto, sino por corrupci\u00f3n\u201d Rep\u00fablica","og_description":"CIUDAD DE M\u00c9XICO.- El fiscal General de la Rep\u00fablica, Alejandro Gertz Manero, asegur\u00f3 hoy que a Ricardo Anaya no se le acusa de haber recibido dinero o de En Sonora en Equipo publicamos toda la informaci\u00f3n de Sonora, M\u00e9xico y el Mundo de manera oportuna y busca que la libertad de expresi\u00f3n sea real. Visita nuestro medio informativo publicado desde Hermosillo, Sonora. %","og_url":"https:\/\/www.sonoraenequipo.com.mx\/caso-anaya-no-es-por-recibir-dinero-o-voto-sino-por-corrupcion\/","og_site_name":"Sonora en Equipo.","article_publisher":"https:\/\/www.facebook.com\/SonoraEE\/","article_author":"https:\/\/www.facebook.com\/SonoraEE","article_published_time":"2021-08-27T23:22:11+00:00","article_modified_time":"2021-08-28T00:20:52+00:00","og_image":[{"width":700,"height":400,"url":"https:\/\/www.sonoraenequipo.com.mx\/storage\/2021\/08\/Anaya-es-corrupto-dice-Gertz_opt.jpg","type":"image\/jpeg"}],"author":"enequipo","twitter_card":"summary_large_image","twitter_creator":"@sonoraenequipo","twitter_site":"@sonoraenequipo","twitter_misc":{"Escrito por":"enequipo","Tiempo de lectura":"3 minutos"},"schema":{"@context":"https:\/\/schema.org","@graph":[{"@type":"Article","@id":"https:\/\/www.sonoraenequipo.com.mx\/caso-anaya-no-es-por-recibir-dinero-o-voto-sino-por-corrupcion\/#article","isPartOf":{"@id":"https:\/\/www.sonoraenequipo.com.mx\/caso-anaya-no-es-por-recibir-dinero-o-voto-sino-por-corrupcion\/"},"author":{"name":"enequipo","@id":"https:\/\/www.sonoraenequipo.com.mx\/#\/schema\/person\/50102df0fb23a8fa9e8effad8fa81386"},"headline":"\u201cCaso Anaya no es por recibir dinero o voto, sino por corrupci\u00f3n\u201d","datePublished":"2021-08-27T23:22:11+00:00","dateModified":"2021-08-28T00:20:52+00:00","mainEntityOfPage":{"@id":"https:\/\/www.sonoraenequipo.com.mx\/caso-anaya-no-es-por-recibir-dinero-o-voto-sino-por-corrupcion\/"},"wordCount":540,"commentCount":0,"publisher":{"@id":"https:\/\/www.sonoraenequipo.com.mx\/#organization"},"image":{"@id":"https:\/\/www.sonoraenequipo.com.mx\/caso-anaya-no-es-por-recibir-dinero-o-voto-sino-por-corrupcion\/#primaryimage"},"thumbnailUrl":"https:\/\/www.sonoraenequipo.com.mx\/storage\/2021\/08\/Anaya-es-corrupto-dice-Gertz_opt.jpg","articleSection":["Rep\u00fablica"],"inLanguage":"es","potentialAction":[{"@type":"CommentAction","name":"Comment","target":["https:\/\/www.sonoraenequipo.com.mx\/caso-anaya-no-es-por-recibir-dinero-o-voto-sino-por-corrupcion\/#respond"]}]},{"@type":"WebPage","@id":"https:\/\/www.sonoraenequipo.com.mx\/caso-anaya-no-es-por-recibir-dinero-o-voto-sino-por-corrupcion\/","url":"https:\/\/www.sonoraenequipo.com.mx\/caso-anaya-no-es-por-recibir-dinero-o-voto-sino-por-corrupcion\/","name":"Sonora en Equipo. \u201cCaso Anaya no es por recibir dinero o voto, sino por corrupci\u00f3n\u201d Rep\u00fablica","isPartOf":{"@id":"https:\/\/www.sonoraenequipo.com.mx\/#website"},"primaryImageOfPage":{"@id":"https:\/\/www.sonoraenequipo.com.mx\/caso-anaya-no-es-por-recibir-dinero-o-voto-sino-por-corrupcion\/#primaryimage"},"image":{"@id":"https:\/\/www.sonoraenequipo.com.mx\/caso-anaya-no-es-por-recibir-dinero-o-voto-sino-por-corrupcion\/#primaryimage"},"thumbnailUrl":"https:\/\/www.sonoraenequipo.com.mx\/storage\/2021\/08\/Anaya-es-corrupto-dice-Gertz_opt.jpg","datePublished":"2021-08-27T23:22:11+00:00","dateModified":"2021-08-28T00:20:52+00:00","description":"CIUDAD DE M\u00c9XICO.- El fiscal General de la Rep\u00fablica, Alejandro Gertz Manero, asegur\u00f3 hoy que a Ricardo Anaya no se le acusa de haber recibido dinero o de En Sonora en Equipo publicamos toda la informaci\u00f3n de Sonora, M\u00e9xico y el Mundo de manera oportuna y busca que la libertad de expresi\u00f3n sea real. Visita nuestro medio informativo publicado desde Hermosillo, Sonora. %","breadcrumb":{"@id":"https:\/\/www.sonoraenequipo.com.mx\/caso-anaya-no-es-por-recibir-dinero-o-voto-sino-por-corrupcion\/#breadcrumb"},"inLanguage":"es","potentialAction":[{"@type":"ReadAction","target":["https:\/\/www.sonoraenequipo.com.mx\/caso-anaya-no-es-por-recibir-dinero-o-voto-sino-por-corrupcion\/"]}]},{"@type":"ImageObject","inLanguage":"es","@id":"https:\/\/www.sonoraenequipo.com.mx\/caso-anaya-no-es-por-recibir-dinero-o-voto-sino-por-corrupcion\/#primaryimage","url":"https:\/\/www.sonoraenequipo.com.mx\/storage\/2021\/08\/Anaya-es-corrupto-dice-Gertz_opt.jpg","contentUrl":"https:\/\/www.sonoraenequipo.com.mx\/storage\/2021\/08\/Anaya-es-corrupto-dice-Gertz_opt.jpg","width":700,"height":400},{"@type":"BreadcrumbList","@id":"https:\/\/www.sonoraenequipo.com.mx\/caso-anaya-no-es-por-recibir-dinero-o-voto-sino-por-corrupcion\/#breadcrumb","itemListElement":[{"@type":"ListItem","position":1,"name":"Portada","item":"https:\/\/www.sonoraenequipo.com.mx\/"},{"@type":"ListItem","position":2,"name":"\u201cCaso Anaya no es por recibir dinero o voto, sino por corrupci\u00f3n\u201d"}]},{"@type":"WebSite","@id":"https:\/\/www.sonoraenequipo.com.mx\/#website","url":"https:\/\/www.sonoraenequipo.com.mx\/","name":"Sonora en Equipo.","description":"Diario en l\u00ednea con Noticias desde Hermosillo, Sonora","publisher":{"@id":"https:\/\/www.sonoraenequipo.com.mx\/#organization"},"potentialAction":[{"@type":"SearchAction","target":{"@type":"EntryPoint","urlTemplate":"https:\/\/www.sonoraenequipo.com.mx\/?s={search_term_string}"},"query-input":{"@type":"PropertyValueSpecification","valueRequired":true,"valueName":"search_term_string"}}],"inLanguage":"es"},{"@type":"Organization","@id":"https:\/\/www.sonoraenequipo.com.mx\/#organization","name":"Sonoraenequipo.com.mx","url":"https:\/\/www.sonoraenequipo.com.mx\/","logo":{"@type":"ImageObject","inLanguage":"es","@id":"https:\/\/www.sonoraenequipo.com.mx\/#\/schema\/logo\/image\/","url":"https:\/\/www.sonoraenequipo.com.mx\/storage\/2019\/01\/sonoraenequipo_opt.png","contentUrl":"https:\/\/www.sonoraenequipo.com.mx\/storage\/2019\/01\/sonoraenequipo_opt.png","width":375,"height":125,"caption":"Sonoraenequipo.com.mx"},"image":{"@id":"https:\/\/www.sonoraenequipo.com.mx\/#\/schema\/logo\/image\/"},"sameAs":["https:\/\/www.facebook.com\/SonoraEE\/","https:\/\/x.com\/sonoraenequipo","https:\/\/www.youtube.com\/channel\/UC338nW-lPEYmJQs4ZABQ1SQ"]},{"@type":"Person","@id":"https:\/\/www.sonoraenequipo.com.mx\/#\/schema\/person\/50102df0fb23a8fa9e8effad8fa81386","name":"enequipo","image":{"@type":"ImageObject","inLanguage":"es","@id":"https:\/\/www.sonoraenequipo.com.mx\/#\/schema\/person\/image\/","url":"https:\/\/secure.gravatar.com\/avatar\/049821681b589dabc0bc20695993ccebb09f5b5d4d790cd9251b97faac7c652b?s=96&d=blank&r=g","contentUrl":"https:\/\/secure.gravatar.com\/avatar\/049821681b589dabc0bc20695993ccebb09f5b5d4d790cd9251b97faac7c652b?s=96&d=blank&r=g","caption":"enequipo"},"sameAs":["https:\/\/www.facebook.com\/SonoraEE"]}]}},"jetpack_featured_media_url":"https:\/\/www.sonoraenequipo.com.mx\/storage\/2021\/08\/Anaya-es-corrupto-dice-Gertz_opt.jpg","_links":{"self":[{"href":"https:\/\/www.sonoraenequipo.com.mx\/api\/wp\/v2\/posts\/121543","targetHints":{"allow":["GET"]}}],"collection":[{"href":"https:\/\/www.sonoraenequipo.com.mx\/api\/wp\/v2\/posts"}],"about":[{"href":"https:\/\/www.sonoraenequipo.com.mx\/api\/wp\/v2\/types\/post"}],"author":[{"embeddable":true,"href":"https:\/\/www.sonoraenequipo.com.mx\/api\/wp\/v2\/users\/1"}],"replies":[{"embeddable":true,"href":"https:\/\/www.sonoraenequipo.com.mx\/api\/wp\/v2\/comments?post=121543"}],"version-history":[{"count":1,"href":"https:\/\/www.sonoraenequipo.com.mx\/api\/wp\/v2\/posts\/121543\/revisions"}],"predecessor-version":[{"id":121545,"href":"https:\/\/www.sonoraenequipo.com.mx\/api\/wp\/v2\/posts\/121543\/revisions\/121545"}],"wp:featuredmedia":[{"embeddable":true,"href":"https:\/\/www.sonoraenequipo.com.mx\/api\/wp\/v2\/media\/121546"}],"wp:attachment":[{"href":"https:\/\/www.sonoraenequipo.com.mx\/api\/wp\/v2\/media?parent=121543"}],"wp:term":[{"taxonomy":"category","embeddable":true,"href":"https:\/\/www.sonoraenequipo.com.mx\/api\/wp\/v2\/categories?post=121543"},{"taxonomy":"post_tag","embeddable":true,"href":"https:\/\/www.sonoraenequipo.com.mx\/api\/wp\/v2\/tags?post=121543"}],"curies":[{"name":"wp","href":"https:\/\/api.w.org\/{rel}","templated":true}]}}