{"id":121547,"date":"2021-08-27T09:30:48","date_gmt":"2021-08-27T16:30:48","guid":{"rendered":"https:\/\/www.sonoraenequipo.com.mx\/?p=121547"},"modified":"2021-08-27T17:33:13","modified_gmt":"2021-08-28T00:33:13","slug":"tras-mas-de-2-horas-de-bloqueo-cnte-deja-pasar-camioneta-de-amlo","status":"publish","type":"post","link":"https:\/\/www.sonoraenequipo.com.mx\/tras-mas-de-2-horas-de-bloqueo-cnte-deja-pasar-camioneta-de-amlo\/","title":{"rendered":"Tras m\u00e1s de 2 horas de bloqueo, CNTE deja pasar camioneta de AMLO"},"content":{"rendered":"<p>TUXTLA GUTI\u00c9RREZ, CHIS.- Tras m\u00e1s de dos horas de que su camioneta Suburban fue retenida por integrantes de la secci\u00f3n 7 de la Coordinadora Nacional de Trabajadores de la Educaci\u00f3n (CNTE) , el presidente Andr\u00e9s Manuel L\u00f3pez Obrador pudo ingresar a las instalaciones del cuartel general de la S\u00e9ptima Regi\u00f3n Militar.<\/p>\n<p>&nbsp;<\/p>\n<p> <\/p>\n<p>&nbsp;<\/p>\n<p>A las 8:15 horas, el presidente L\u00f3pez Obrador hizo una se\u00f1a de avanzar a su equipo de Ayudant\u00eda, y al conductor del veh\u00edculo, quienes no tuvieron ning\u00fan problema para que el mandatario federal ingresara, puesto que los manifestantes solo se limitaron a exigir soluci\u00f3n a sus demandas desde lejos.<\/p>\n<p>&nbsp;<\/p>\n<p>Fuentes de Presidencia informan que el Ejecutivo federal se encuentra reunido en estos momentos con el gobernador Rutilio Escand\u00f3n y los integrantes de su gabinete de seguridad, entre ellos, el general Luis Cresencio Sandoval, secretario de la Defensa Nacional (Sedena); el almirante Jos\u00e9 Rafael Ojeda Dur\u00e1n, titular de Marina (Semar); Rosa Icela Rodr\u00edguez, secretaria de Seguridad y Protecci\u00f3n Ciudadana (SSPC).<\/p>\n<p>&nbsp;<\/p>\n<p>(Publicada el 27\/08\/2021)<\/p>\n","protected":false},"excerpt":{"rendered":"<p>TUXTLA GUTI\u00c9RREZ, CHIS.- Tras m\u00e1s de dos horas de que su camioneta Suburban fue retenida&#8230;<\/p>\n","protected":false},"author":1,"featured_media":0,"comment_status":"open","ping_status":"open","sticky":false,"template":"","format":"standard","meta":{"_monsterinsights_skip_tracking":false,"_monsterinsights_sitenote_active":false,"_monsterinsights_sitenote_note":"","_monsterinsights_sitenote_category":0,"footnotes":""},"categories":[1],"tags":[],"class_list":["post"],"yoast_head":" \n<title>Sonora en Equipo. Tras m\u00e1s de 2 horas de bloqueo, CNTE deja pasar camioneta de AMLO<\/title>\n<meta name=\"description\" content=\"TUXTLA GUTI\u00c9RREZ, CHIS.- Tras m\u00e1s de dos horas de que su camioneta Suburban fue retenida por integrantes de la secci\u00f3n 7 de la Coordinadora Nacional de En Sonora en Equipo publicamos toda la informaci\u00f3n de Sonora, M\u00e9xico y el Mundo de manera oportuna y busca que la libertad de expresi\u00f3n sea real. Visita nuestro medio informativo publicado desde Hermosillo, Sonora. %\" \/>\n<meta name=\"robots\" content=\"index, follow, max-snippet:-1, max-image-preview:large, max-video-preview:-1\" \/>\n<link rel=\"canonical\" href=\"https:\/\/www.sonoraenequipo.com.mx\/tras-mas-de-2-horas-de-bloqueo-cnte-deja-pasar-camioneta-de-amlo\/\" \/>\n<meta property=\"og:locale\" content=\"es_ES\" \/>\n<meta property=\"og:type\" content=\"article\" \/>\n<meta property=\"og:title\" content=\"Sonora en Equipo. Tras m\u00e1s de 2 horas de bloqueo, CNTE deja pasar camioneta de AMLO\" \/>\n<meta property=\"og:description\" content=\"TUXTLA GUTI\u00c9RREZ, CHIS.- Tras m\u00e1s de dos horas de que su camioneta Suburban fue retenida por integrantes de la secci\u00f3n 7 de la Coordinadora Nacional de En Sonora en Equipo publicamos toda la informaci\u00f3n de Sonora, M\u00e9xico y el Mundo de manera oportuna y busca que la libertad de expresi\u00f3n sea real. Visita nuestro medio informativo publicado desde Hermosillo, Sonora. %\" \/>\n<meta property=\"og:url\" content=\"https:\/\/www.sonoraenequipo.com.mx\/tras-mas-de-2-horas-de-bloqueo-cnte-deja-pasar-camioneta-de-amlo\/\" \/>\n<meta property=\"og:site_name\" content=\"Sonora en Equipo.\" \/>\n<meta property=\"article:publisher\" content=\"https:\/\/www.facebook.com\/SonoraEE\/\" \/>\n<meta property=\"article:author\" content=\"https:\/\/www.facebook.com\/SonoraEE\" \/>\n<meta property=\"article:published_time\" content=\"2021-08-27T16:30:48+00:00\" \/>\n<meta property=\"article:modified_time\" content=\"2021-08-28T00:33:13+00:00\" \/>\n<meta name=\"author\" content=\"enequipo\" \/>\n<meta name=\"twitter:card\" content=\"summary_large_image\" \/>\n<meta name=\"twitter:creator\" content=\"@sonoraenequipo\" \/>\n<meta name=\"twitter:site\" content=\"@sonoraenequipo\" \/>\n<meta name=\"twitter:label1\" content=\"Escrito por\" \/>\n\t<meta name=\"twitter:data1\" content=\"enequipo\" \/>\n\t<meta name=\"twitter:label2\" content=\"Tiempo de lectura\" \/>\n\t<meta name=\"twitter:data2\" content=\"1 minuto\" \/>\n<script type=\"application\/ld+json\" class=\"yoast-schema-graph\">{\"@context\":\"https:\/\/schema.org\",\"@graph\":[{\"@type\":\"Article\",\"@id\":\"https:\/\/www.sonoraenequipo.com.mx\/tras-mas-de-2-horas-de-bloqueo-cnte-deja-pasar-camioneta-de-amlo\/#article\",\"isPartOf\":{\"@id\":\"https:\/\/www.sonoraenequipo.com.mx\/tras-mas-de-2-horas-de-bloqueo-cnte-deja-pasar-camioneta-de-amlo\/\"},\"author\":{\"name\":\"enequipo\",\"@id\":\"https:\/\/www.sonoraenequipo.com.mx\/#\/schema\/person\/50102df0fb23a8fa9e8effad8fa81386\"},\"headline\":\"Tras m\u00e1s de 2 horas de bloqueo, CNTE deja pasar camioneta de AMLO\",\"datePublished\":\"2021-08-27T16:30:48+00:00\",\"dateModified\":\"2021-08-28T00:33:13+00:00\",\"mainEntityOfPage\":{\"@id\":\"https:\/\/www.sonoraenequipo.com.mx\/tras-mas-de-2-horas-de-bloqueo-cnte-deja-pasar-camioneta-de-amlo\/\"},\"wordCount\":195,\"commentCount\":0,\"publisher\":{\"@id\":\"https:\/\/www.sonoraenequipo.com.mx\/#organization\"},\"articleSection\":[\"Sin categorizar\"],\"inLanguage\":\"es\",\"potentialAction\":[{\"@type\":\"CommentAction\",\"name\":\"Comment\",\"target\":[\"https:\/\/www.sonoraenequipo.com.mx\/tras-mas-de-2-horas-de-bloqueo-cnte-deja-pasar-camioneta-de-amlo\/#respond\"]}]},{\"@type\":\"WebPage\",\"@id\":\"https:\/\/www.sonoraenequipo.com.mx\/tras-mas-de-2-horas-de-bloqueo-cnte-deja-pasar-camioneta-de-amlo\/\",\"url\":\"https:\/\/www.sonoraenequipo.com.mx\/tras-mas-de-2-horas-de-bloqueo-cnte-deja-pasar-camioneta-de-amlo\/\",\"name\":\"Sonora en Equipo. Tras m\u00e1s de 2 horas de bloqueo, CNTE deja pasar camioneta de AMLO\",\"isPartOf\":{\"@id\":\"https:\/\/www.sonoraenequipo.com.mx\/#website\"},\"datePublished\":\"2021-08-27T16:30:48+00:00\",\"dateModified\":\"2021-08-28T00:33:13+00:00\",\"description\":\"TUXTLA GUTI\u00c9RREZ, CHIS.- Tras m\u00e1s de dos horas de que su camioneta Suburban fue retenida por integrantes de la secci\u00f3n 7 de la Coordinadora Nacional de En Sonora en Equipo publicamos toda la informaci\u00f3n de Sonora, M\u00e9xico y el Mundo de manera oportuna y busca que la libertad de expresi\u00f3n sea real. Visita nuestro medio informativo publicado desde Hermosillo, Sonora. %\",\"breadcrumb\":{\"@id\":\"https:\/\/www.sonoraenequipo.com.mx\/tras-mas-de-2-horas-de-bloqueo-cnte-deja-pasar-camioneta-de-amlo\/#breadcrumb\"},\"inLanguage\":\"es\",\"potentialAction\":[{\"@type\":\"ReadAction\",\"target\":[\"https:\/\/www.sonoraenequipo.com.mx\/tras-mas-de-2-horas-de-bloqueo-cnte-deja-pasar-camioneta-de-amlo\/\"]}]},{\"@type\":\"BreadcrumbList\",\"@id\":\"https:\/\/www.sonoraenequipo.com.mx\/tras-mas-de-2-horas-de-bloqueo-cnte-deja-pasar-camioneta-de-amlo\/#breadcrumb\",\"itemListElement\":[{\"@type\":\"ListItem\",\"position\":1,\"name\":\"Portada\",\"item\":\"https:\/\/www.sonoraenequipo.com.mx\/\"},{\"@type\":\"ListItem\",\"position\":2,\"name\":\"Tras m\u00e1s de 2 horas de bloqueo, CNTE deja pasar camioneta de AMLO\"}]},{\"@type\":\"WebSite\",\"@id\":\"https:\/\/www.sonoraenequipo.com.mx\/#website\",\"url\":\"https:\/\/www.sonoraenequipo.com.mx\/\",\"name\":\"Sonora en Equipo.\",\"description\":\"Diario en l\u00ednea con Noticias desde Hermosillo, Sonora\",\"publisher\":{\"@id\":\"https:\/\/www.sonoraenequipo.com.mx\/#organization\"},\"potentialAction\":[{\"@type\":\"SearchAction\",\"target\":{\"@type\":\"EntryPoint\",\"urlTemplate\":\"https:\/\/www.sonoraenequipo.com.mx\/?s={search_term_string}\"},\"query-input\":{\"@type\":\"PropertyValueSpecification\",\"valueRequired\":true,\"valueName\":\"search_term_string\"}}],\"inLanguage\":\"es\"},{\"@type\":\"Organization\",\"@id\":\"https:\/\/www.sonoraenequipo.com.mx\/#organization\",\"name\":\"Sonoraenequipo.com.mx\",\"url\":\"https:\/\/www.sonoraenequipo.com.mx\/\",\"logo\":{\"@type\":\"ImageObject\",\"inLanguage\":\"es\",\"@id\":\"https:\/\/www.sonoraenequipo.com.mx\/#\/schema\/logo\/image\/\",\"url\":\"https:\/\/www.sonoraenequipo.com.mx\/storage\/2019\/01\/sonoraenequipo_opt.png\",\"contentUrl\":\"https:\/\/www.sonoraenequipo.com.mx\/storage\/2019\/01\/sonoraenequipo_opt.png\",\"width\":375,\"height\":125,\"caption\":\"Sonoraenequipo.com.mx\"},\"image\":{\"@id\":\"https:\/\/www.sonoraenequipo.com.mx\/#\/schema\/logo\/image\/\"},\"sameAs\":[\"https:\/\/www.facebook.com\/SonoraEE\/\",\"https:\/\/x.com\/sonoraenequipo\",\"https:\/\/www.youtube.com\/channel\/UC338nW-lPEYmJQs4ZABQ1SQ\"]},{\"@type\":\"Person\",\"@id\":\"https:\/\/www.sonoraenequipo.com.mx\/#\/schema\/person\/50102df0fb23a8fa9e8effad8fa81386\",\"name\":\"enequipo\",\"image\":{\"@type\":\"ImageObject\",\"inLanguage\":\"es\",\"@id\":\"https:\/\/www.sonoraenequipo.com.mx\/#\/schema\/person\/image\/\",\"url\":\"https:\/\/secure.gravatar.com\/avatar\/049821681b589dabc0bc20695993ccebb09f5b5d4d790cd9251b97faac7c652b?s=96&d=blank&r=g\",\"contentUrl\":\"https:\/\/secure.gravatar.com\/avatar\/049821681b589dabc0bc20695993ccebb09f5b5d4d790cd9251b97faac7c652b?s=96&d=blank&r=g\",\"caption\":\"enequipo\"},\"sameAs\":[\"https:\/\/www.facebook.com\/SonoraEE\"]}]}<\/script>\n ","yoast_head_json":{"title":"Sonora en Equipo. Tras m\u00e1s de 2 horas de bloqueo, CNTE deja pasar camioneta de AMLO","description":"TUXTLA GUTI\u00c9RREZ, CHIS.- Tras m\u00e1s de dos horas de que su camioneta Suburban fue retenida por integrantes de la secci\u00f3n 7 de la Coordinadora Nacional de En Sonora en Equipo publicamos toda la informaci\u00f3n de Sonora, M\u00e9xico y el Mundo de manera oportuna y busca que la libertad de expresi\u00f3n sea real. Visita nuestro medio informativo publicado desde Hermosillo, Sonora. %","robots":{"index":"index","follow":"follow","max-snippet":"max-snippet:-1","max-image-preview":"max-image-preview:large","max-video-preview":"max-video-preview:-1"},"canonical":"https:\/\/www.sonoraenequipo.com.mx\/tras-mas-de-2-horas-de-bloqueo-cnte-deja-pasar-camioneta-de-amlo\/","og_locale":"es_ES","og_type":"article","og_title":"Sonora en Equipo. Tras m\u00e1s de 2 horas de bloqueo, CNTE deja pasar camioneta de AMLO","og_description":"TUXTLA GUTI\u00c9RREZ, CHIS.- Tras m\u00e1s de dos horas de que su camioneta Suburban fue retenida por integrantes de la secci\u00f3n 7 de la Coordinadora Nacional de En Sonora en Equipo publicamos toda la informaci\u00f3n de Sonora, M\u00e9xico y el Mundo de manera oportuna y busca que la libertad de expresi\u00f3n sea real. Visita nuestro medio informativo publicado desde Hermosillo, Sonora. %","og_url":"https:\/\/www.sonoraenequipo.com.mx\/tras-mas-de-2-horas-de-bloqueo-cnte-deja-pasar-camioneta-de-amlo\/","og_site_name":"Sonora en Equipo.","article_publisher":"https:\/\/www.facebook.com\/SonoraEE\/","article_author":"https:\/\/www.facebook.com\/SonoraEE","article_published_time":"2021-08-27T16:30:48+00:00","article_modified_time":"2021-08-28T00:33:13+00:00","author":"enequipo","twitter_card":"summary_large_image","twitter_creator":"@sonoraenequipo","twitter_site":"@sonoraenequipo","twitter_misc":{"Escrito por":"enequipo","Tiempo de lectura":"1 minuto"},"schema":{"@context":"https:\/\/schema.org","@graph":[{"@type":"Article","@id":"https:\/\/www.sonoraenequipo.com.mx\/tras-mas-de-2-horas-de-bloqueo-cnte-deja-pasar-camioneta-de-amlo\/#article","isPartOf":{"@id":"https:\/\/www.sonoraenequipo.com.mx\/tras-mas-de-2-horas-de-bloqueo-cnte-deja-pasar-camioneta-de-amlo\/"},"author":{"name":"enequipo","@id":"https:\/\/www.sonoraenequipo.com.mx\/#\/schema\/person\/50102df0fb23a8fa9e8effad8fa81386"},"headline":"Tras m\u00e1s de 2 horas de bloqueo, CNTE deja pasar camioneta de AMLO","datePublished":"2021-08-27T16:30:48+00:00","dateModified":"2021-08-28T00:33:13+00:00","mainEntityOfPage":{"@id":"https:\/\/www.sonoraenequipo.com.mx\/tras-mas-de-2-horas-de-bloqueo-cnte-deja-pasar-camioneta-de-amlo\/"},"wordCount":195,"commentCount":0,"publisher":{"@id":"https:\/\/www.sonoraenequipo.com.mx\/#organization"},"articleSection":["Sin categorizar"],"inLanguage":"es","potentialAction":[{"@type":"CommentAction","name":"Comment","target":["https:\/\/www.sonoraenequipo.com.mx\/tras-mas-de-2-horas-de-bloqueo-cnte-deja-pasar-camioneta-de-amlo\/#respond"]}]},{"@type":"WebPage","@id":"https:\/\/www.sonoraenequipo.com.mx\/tras-mas-de-2-horas-de-bloqueo-cnte-deja-pasar-camioneta-de-amlo\/","url":"https:\/\/www.sonoraenequipo.com.mx\/tras-mas-de-2-horas-de-bloqueo-cnte-deja-pasar-camioneta-de-amlo\/","name":"Sonora en Equipo. Tras m\u00e1s de 2 horas de bloqueo, CNTE deja pasar camioneta de AMLO","isPartOf":{"@id":"https:\/\/www.sonoraenequipo.com.mx\/#website"},"datePublished":"2021-08-27T16:30:48+00:00","dateModified":"2021-08-28T00:33:13+00:00","description":"TUXTLA GUTI\u00c9RREZ, CHIS.- Tras m\u00e1s de dos horas de que su camioneta Suburban fue retenida por integrantes de la secci\u00f3n 7 de la Coordinadora Nacional de En Sonora en Equipo publicamos toda la informaci\u00f3n de Sonora, M\u00e9xico y el Mundo de manera oportuna y busca que la libertad de expresi\u00f3n sea real. Visita nuestro medio informativo publicado desde Hermosillo, Sonora. %","breadcrumb":{"@id":"https:\/\/www.sonoraenequipo.com.mx\/tras-mas-de-2-horas-de-bloqueo-cnte-deja-pasar-camioneta-de-amlo\/#breadcrumb"},"inLanguage":"es","potentialAction":[{"@type":"ReadAction","target":["https:\/\/www.sonoraenequipo.com.mx\/tras-mas-de-2-horas-de-bloqueo-cnte-deja-pasar-camioneta-de-amlo\/"]}]},{"@type":"BreadcrumbList","@id":"https:\/\/www.sonoraenequipo.com.mx\/tras-mas-de-2-horas-de-bloqueo-cnte-deja-pasar-camioneta-de-amlo\/#breadcrumb","itemListElement":[{"@type":"ListItem","position":1,"name":"Portada","item":"https:\/\/www.sonoraenequipo.com.mx\/"},{"@type":"ListItem","position":2,"name":"Tras m\u00e1s de 2 horas de bloqueo, CNTE deja pasar camioneta de AMLO"}]},{"@type":"WebSite","@id":"https:\/\/www.sonoraenequipo.com.mx\/#website","url":"https:\/\/www.sonoraenequipo.com.mx\/","name":"Sonora en Equipo.","description":"Diario en l\u00ednea con Noticias desde Hermosillo, Sonora","publisher":{"@id":"https:\/\/www.sonoraenequipo.com.mx\/#organization"},"potentialAction":[{"@type":"SearchAction","target":{"@type":"EntryPoint","urlTemplate":"https:\/\/www.sonoraenequipo.com.mx\/?s={search_term_string}"},"query-input":{"@type":"PropertyValueSpecification","valueRequired":true,"valueName":"search_term_string"}}],"inLanguage":"es"},{"@type":"Organization","@id":"https:\/\/www.sonoraenequipo.com.mx\/#organization","name":"Sonoraenequipo.com.mx","url":"https:\/\/www.sonoraenequipo.com.mx\/","logo":{"@type":"ImageObject","inLanguage":"es","@id":"https:\/\/www.sonoraenequipo.com.mx\/#\/schema\/logo\/image\/","url":"https:\/\/www.sonoraenequipo.com.mx\/storage\/2019\/01\/sonoraenequipo_opt.png","contentUrl":"https:\/\/www.sonoraenequipo.com.mx\/storage\/2019\/01\/sonoraenequipo_opt.png","width":375,"height":125,"caption":"Sonoraenequipo.com.mx"},"image":{"@id":"https:\/\/www.sonoraenequipo.com.mx\/#\/schema\/logo\/image\/"},"sameAs":["https:\/\/www.facebook.com\/SonoraEE\/","https:\/\/x.com\/sonoraenequipo","https:\/\/www.youtube.com\/channel\/UC338nW-lPEYmJQs4ZABQ1SQ"]},{"@type":"Person","@id":"https:\/\/www.sonoraenequipo.com.mx\/#\/schema\/person\/50102df0fb23a8fa9e8effad8fa81386","name":"enequipo","image":{"@type":"ImageObject","inLanguage":"es","@id":"https:\/\/www.sonoraenequipo.com.mx\/#\/schema\/person\/image\/","url":"https:\/\/secure.gravatar.com\/avatar\/049821681b589dabc0bc20695993ccebb09f5b5d4d790cd9251b97faac7c652b?s=96&d=blank&r=g","contentUrl":"https:\/\/secure.gravatar.com\/avatar\/049821681b589dabc0bc20695993ccebb09f5b5d4d790cd9251b97faac7c652b?s=96&d=blank&r=g","caption":"enequipo"},"sameAs":["https:\/\/www.facebook.com\/SonoraEE"]}]}},"jetpack_featured_media_url":"","_links":{"self":[{"href":"https:\/\/www.sonoraenequipo.com.mx\/api\/wp\/v2\/posts\/121547","targetHints":{"allow":["GET"]}}],"collection":[{"href":"https:\/\/www.sonoraenequipo.com.mx\/api\/wp\/v2\/posts"}],"about":[{"href":"https:\/\/www.sonoraenequipo.com.mx\/api\/wp\/v2\/types\/post"}],"author":[{"embeddable":true,"href":"https:\/\/www.sonoraenequipo.com.mx\/api\/wp\/v2\/users\/1"}],"replies":[{"embeddable":true,"href":"https:\/\/www.sonoraenequipo.com.mx\/api\/wp\/v2\/comments?post=121547"}],"version-history":[{"count":1,"href":"https:\/\/www.sonoraenequipo.com.mx\/api\/wp\/v2\/posts\/121547\/revisions"}],"predecessor-version":[{"id":121548,"href":"https:\/\/www.sonoraenequipo.com.mx\/api\/wp\/v2\/posts\/121547\/revisions\/121548"}],"wp:attachment":[{"href":"https:\/\/www.sonoraenequipo.com.mx\/api\/wp\/v2\/media?parent=121547"}],"wp:term":[{"taxonomy":"category","embeddable":true,"href":"https:\/\/www.sonoraenequipo.com.mx\/api\/wp\/v2\/categories?post=121547"},{"taxonomy":"post_tag","embeddable":true,"href":"https:\/\/www.sonoraenequipo.com.mx\/api\/wp\/v2\/tags?post=121547"}],"curies":[{"name":"wp","href":"https:\/\/api.w.org\/{rel}","templated":true}]}}