{"id":121551,"date":"2021-08-27T17:40:56","date_gmt":"2021-08-28T00:40:56","guid":{"rendered":"https:\/\/www.sonoraenequipo.com.mx\/?p=121551"},"modified":"2021-08-27T17:40:56","modified_gmt":"2021-08-28T00:40:56","slug":"emite-ine-lineamientos-para-revocacion-de-mandato","status":"publish","type":"post","link":"https:\/\/www.sonoraenequipo.com.mx\/emite-ine-lineamientos-para-revocacion-de-mandato\/","title":{"rendered":"Emite INE Lineamientos para Revocaci\u00f3n de Mandato"},"content":{"rendered":"<p>CIUDAD DE M\u00c9XICO.\u2500\u2500La instalaci\u00f3n de 161 mil casillas, voto de las y los mexicanos desde el exterior por la v\u00eda electr\u00f3nica y el uso de prerrogativas de los partidos en Radio y TV para emitir su postura sobre la Revocaci\u00f3n de Mandato, son algunos elementos que contienen los lineamientos<\/p>\n<p>El Instituto no pretende legislar ni sustituir al Congreso en sus facultades y atribuciones constitucionales: Lorenzo C\u00f3rdova<\/p>\n<p>El Consejo General del Instituto Nacional Electoral (INE) aprob\u00f3 los lineamientos para la organizaci\u00f3n de la Revocaci\u00f3n de Mandato que, en 2019, se incluy\u00f3 en el art\u00edculo 35 de la Constituci\u00f3n Pol\u00edtica de los Estados Unidos Mexicanos como un derecho de la ciudadan\u00eda.<\/p>\n<p>&nbsp;<\/p>\n<p>Las normas aprobadas dan certeza a la ciudadan\u00eda y a los actores pol\u00edticos sobre la forma en que la autoridad electoral cumplir\u00e1 con sus atribuciones establecidas en la Constituci\u00f3n, la cual establece que ser\u00e1 el Instituto quien deber\u00e1 convocar a una eventual Revocaci\u00f3n de Mandato a petici\u00f3n de la ciudadan\u00eda, en un n\u00famero equivalente, al menos, a 3% de los inscritos en la Lista Nominal de Electores.<\/p>\n<p>&nbsp;<\/p>\n<p>En estos lineamientos se establecen directrices que dan claridad sobre las acciones que realizar\u00e1 el INE en materia de organizaci\u00f3n e integraci\u00f3n de las mesas directivas de casilla, difusi\u00f3n, documentaci\u00f3n, escrutinio y c\u00f3mputo de los resultados.<\/p>\n<p>&nbsp;<\/p>\n<p>Asimismo, incluye reglas para la observaci\u00f3n, atenci\u00f3n de visitantes extranjeros y el papel de los partidos pol\u00edticos en este ejercicio.<\/p>\n<p>&nbsp;<\/p>\n<p>El Consejero Presidente del INE, Lorenzo C\u00f3rdova, aclar\u00f3 que los lineamientos aprobados tienen tres prop\u00f3sitos: primero, subsanar un incumplimiento del Poder Legislativo, que a la fecha no ha emitido una ley que d\u00e9 claridad sobre los procedimientos a seguir en la Revocaci\u00f3n de Mandato; segundo, fundamentar la solicitud de los recursos presupuestales correspondientes para llevar a cabo dicho ejercicio.<\/p>\n<p>&nbsp;<\/p>\n<p>En tercer lugar -a\u00f1adi\u00f3- los lineamientos buscan brindar certeza a la ciudadan\u00eda, a partidos y a los actores pol\u00edticos sobre los procedimientos, plazos y competencias de cada actor en este ejercicio de democracia directa.<\/p>\n<p>&nbsp;<\/p>\n<p>INE dispuesto a modificar lineamientos en caso de que se emita una ley secundaria<\/p>\n<p>&nbsp;<\/p>\n<p>Lorenzo C\u00f3rdova explic\u00f3 que el INE tiene conocimiento de que hay avances en el Congreso de la Uni\u00f3n en la elaboraci\u00f3n de la Ley Federal de Revocaci\u00f3n de Mandato, incluso propuestas de dictamen sobre ella.<\/p>\n<p>&nbsp;<\/p>\n<p>\u201cEn este sentido, las consejeras y consejeros electorales reiteramos nuestra disposici\u00f3n para adecuar nuestros lineamientos para que sean compatibles con la Ley que, en su caso, sea aprobada en el Congreso. Para decirlo en una nuez: el INE no pretende legislar ni sustituir al Congreso en sus facultades y atribuciones constitucionales\u201d, indic\u00f3.<\/p>\n<p>&nbsp;<\/p>\n<p>&nbsp;<\/p>\n<p>&nbsp;<\/p>\n<p>Al manifestar su voto a favor de los lineamientos, la Consejera Norma De la Cruz destac\u00f3 la pertinencia de la realizaci\u00f3n de los ejercicios de la democracia directa, los cuales deben convertirse en algo com\u00fan y peri\u00f3dico en nuestra sociedad.<\/p>\n<p>&nbsp;<\/p>\n<p>&nbsp;<\/p>\n<p>&nbsp;<\/p>\n<p>\u201cNormalizar estos ejercicios de evaluaci\u00f3n a los gobiernos dar\u00eda como fruto una sociedad m\u00e1s cr\u00edtica e informada, comprometida a exigir cuentas claras y transparentes a su gobierno y a sus representantes. Y, por otro lado, obligar\u00eda a desempe\u00f1ar la labor de todas y todos los funcionarios p\u00fablicos de mejor manera a sabiendas que, de no hacerlo, se nos puede exigir nuestra renuncia.\u201d<\/p>\n<p>&nbsp;<\/p>\n<p>&nbsp;<\/p>\n<p>&nbsp;<\/p>\n<p>Aun cuando no hay ley secundaria el INE debe trabajar en la Revocaci\u00f3n de Mandato<\/p>\n<p>&nbsp;<\/p>\n<p>La Consejera Dania Ravel expuso que la Revocaci\u00f3n de Mandato es un instrumento de participaci\u00f3n solicitado por la ciudadan\u00eda para determinar la conclusi\u00f3n anticipada en el desempe\u00f1o del cargo de la Presidencia de la Rep\u00fablica a partir de la p\u00e9rdida de confianza.<\/p>\n<p>&nbsp;<\/p>\n<p>\u201cLa Revocaci\u00f3n del Mandato es un ejercicio sustentado en la decisi\u00f3n popular cuando las y los ciudadanos consideren que se ha perdido la confianza en la persona en la que recae el Poder Ejecutivo Federal\u201d, estableci\u00f3.<\/p>\n<p>&nbsp;<\/p>\n<p>Record\u00f3 que el Poder Legislativo en la reforma constitucional de 2019 estableci\u00f3 la obligaci\u00f3n de la emisi\u00f3n de una ley reglamentaria dentro de los 180 d\u00edas siguientes a la publicaci\u00f3n del decreto, en la cual se deber\u00eda desarrollar con toda claridad las etapas y procedimientos para la organizaci\u00f3n de este proceso, lo cual no ha ocurrido a la fecha.<\/p>\n<p>&nbsp;<\/p>\n<p>\u201cAun y cuando no haya ley, nosotros debemos trabajar; en caso contrario, se podr\u00eda generar una afectaci\u00f3n a los derechos de la ciudadan\u00eda a participar en el proceso de Revocaci\u00f3n de Mandato\u201d, dijo.<\/p>\n<p>&nbsp;<\/p>\n<p>Lineamientos se sustentan en la reforma de 2019<\/p>\n<p>&nbsp;<\/p>\n<p>La Consejera Carla Humphrey explic\u00f3 la ruta legal a seguir para la realizaci\u00f3n de un ejercicio de Revocaci\u00f3n de Mandato, en la cual se sustenta la aprobaci\u00f3n de estos lineamientos.<\/p>\n<p>&nbsp;<\/p>\n<p>Indic\u00f3 que el art\u00edculo 4\u00b0 transitorio de la reforma de 2019 precis\u00f3 que, en caso de solicitarse el proceso de Revocaci\u00f3n de Mandato del Presidente electo para el periodo constitucional 2018-2024, la solicitud de firmas comenzar\u00e1 durante el mes de noviembre y hasta el 15 de diciembre del a\u00f1o 2021 y la petici\u00f3n deber\u00e1 presentarse dentro de los primeros 15 d\u00edas del mes de diciembre.<\/p>\n<p>&nbsp;<\/p>\n<p>En el supuesto de que la solicitud sea procedente, el INE deber\u00e1 emitir la convocatoria dentro de los 20 d\u00edas siguientes al vencimiento del plazo para la presentaci\u00f3n de esta solicitud y la jornada de votaci\u00f3n ser\u00e1 a los 60 d\u00edas de expedida la convocatoria. \u201cDe ah\u00ed la necesidad para el INE de comenzar con los trabajos preparativos desde ahora\u201d.<\/p>\n<p>&nbsp;<\/p>\n<p>Ejercicio in\u00e9dito que amerita a todos los actores ser cuidadosos y responsables<\/p>\n<p>&nbsp;<\/p>\n<p>El Consejero Mart\u00edn Faz se\u00f1al\u00f3 que \u201cla Revocaci\u00f3n de Mandato en M\u00e9xico para el cargo de Presidencia de la Rep\u00fablica, de conformidad con el art\u00edculo 35 constitucional, representa un hito en la historia de nuestro pa\u00eds, pues se constituye por primera vez la posibilidad de que quien tiene derecho al voto eval\u00fae el ejercicio del poder dentro de nuestro sistema pol\u00edtico y con el sufragio remover a quien ha accedido al poder a trav\u00e9s de una elecci\u00f3n\u201d.<\/p>\n<p>&nbsp;<\/p>\n<p>La posibilidad de remover del cargo a un Presidente, subray\u00f3, \u201cnos coloca tanto a las autoridades electorales como a los actores pol\u00edticos y a la misma ciudadan\u00eda en escenarios a\u00fan inexplorados. Es por ello que la totalidad de quienes habremos de intervenir en este ejercicio debemos ser en extremo cuidadosos y responsables con los pasos que se tendr\u00e1n que dar para concretar esta important\u00edsima consulta al electorado\u201d.<\/p>\n<p>&nbsp;<\/p>\n<p>Lo anterior obligar\u00e1 al INE \u201ca utilizar las mejores pr\u00e1cticas y los m\u00e1s altos est\u00e1ndares electorales que a lo largo de los a\u00f1os hemos desarrollado, toda vez que tal proceso no debe despertar la menor suspicacia respecto de sus procedimientos y, particularmente, de su resultado\u201d, enfatiz\u00f3.<\/p>\n<p>&nbsp;<\/p>\n<p>INE debe prever la Revocaci\u00f3n de Mandato en el Anteproyecto de Presupuesto para el ejercicio 2022<\/p>\n<p>&nbsp;<\/p>\n<p>La Consejera Adriana Favela record\u00f3 que el presupuesto 2022 del Instituto se debe presentar a la Secretar\u00eda de Hacienda y Cr\u00e9dito P\u00fablico a m\u00e1s tardar el 28 de agosto. \u201cYa la Suprema Corte de Justicia ha sostenido que el INE tiene el deber de prever en cada proyecto de presupuesto los recursos necesarios para que, en su caso, se puedan realizar los procesos de democracia directa como consultas populares y el procedimiento de Revocaci\u00f3n de Mandato\u201d.<\/p>\n<p>&nbsp;<\/p>\n<p>A\u00f1adi\u00f3 que si bien el 25 de agosto de 2021 la Sala Superior emiti\u00f3 una sentencia en la que orden\u00f3 al Congreso de la Uni\u00f3n a que expida la ley correspondiente en un plazo de 30 d\u00edas, contados a partir del 1\u00ba de septiembre de este a\u00f1o, \u201cello no releva al INE de prever en el Proyecto de Presupuesto para el ejercicio 2022, los recursos indispensables para organizar este proceso de participaci\u00f3n\u201d.<\/p>\n<p>&nbsp;<\/p>\n<p>El Consejero Uuc-kib Espadas asegur\u00f3 que en el pasado ha evidenciado decisiones adoptadas por el Consejo General que, a su parecer, eran materia legislativa; sin embargo, asever\u00f3, en esta ocasi\u00f3n no es el caso.<\/p>\n<p>&nbsp;<\/p>\n<p>Por ello rechaz\u00f3 que los lineamientos sobre la Revocaci\u00f3n de Mandato que aprueba hoy el INE suplan alg\u00fan tipo de ley, ni presente ni futura y que, en consecuencia, establezca obligaciones contrarias, ya que el Congreso puede legislar todav\u00eda, a pesar de que acumula m\u00e1s de 400 d\u00edas de omisi\u00f3n.<\/p>\n<p>&nbsp;<\/p>\n<p>\u201cLos lineamientos no obstruyen la capacidad del Congreso de legislar en la materia. Cualquier cosa que nosotros pongamos en negro sobre blanco en estos lineamientos carecer\u00e1 de cualquier validez jur\u00eddica y en consecuencia de efectividad, si el Congreso efectivamente legisla en esta materia en el plazo que estableci\u00f3 la Sala Superior\u201d, mencion\u00f3.<\/p>\n<p>&nbsp;<\/p>\n<p>El Consejero Jaime Rivera resalt\u00f3 que los lineamientos establecen que el c\u00f3mputo de las actas de la Revocaci\u00f3n de Mandato se realizar\u00e1 la misma noche de la elecci\u00f3n a partir de la llegada del primer paquete a la sede del \u00f3rgano distrital correspondiente y concluir\u00e1 hasta que se reciba y compute el \u00faltimo paquete. En consecuencia, \u00fanicamente se implementar\u00e1 el Conteo R\u00e1pido como mecanismo de resultados preliminares.<\/p>\n<p>&nbsp;<\/p>\n<p>\u201cRetardar innecesariamente la emisi\u00f3n de resultados puede tener el efecto exactamente contrario al que se busca con algunas reglas que es la de dar certeza y confianza. Yo estoy a favor de la certeza, la confianza y la exactitud de los resultados que se emitan\u201d, afirm\u00f3.<\/p>\n<p>&nbsp;<\/p>\n<p>El ejercicio de los derechos pol\u00edtico-electorales no est\u00e1 sujeto a si se expide o no una ley<\/p>\n<p>&nbsp;<\/p>\n<p>Por su parte, la Consejera Claudia Zavala refiri\u00f3 que m\u00e1s all\u00e1 de los tiempos legislativos, de los acuerdos y los consensos que se logren materializar, o no, en el Congreso de la Uni\u00f3n, lo que el INE est\u00e1 realizando es un ejercicio para traducir las actividades de la Revocaci\u00f3n de Mandato en un ejercicio presupuestal. \u201cTraducir actividades a costos\u201d.<\/p>\n<p>&nbsp;<\/p>\n<p>\u201cEl ejercicio de los derechos pol\u00edtico-electorales reconocidos en la Constituci\u00f3n no est\u00e1 sujeto a si se expide o no una ley, a si se logran o no los consensos, \u00e9sa es la actividad pol\u00edtica, nosotros debemos de garantizarlos. Ser\u00eda mejor que existiera la ley, claro, pero si los tiempos de los consensos pol\u00edticos no se han concretado, nosotros como instituci\u00f3n, como autoridad electoral no tenemos que esperar\u201d.<\/p>\n<p>&nbsp;<\/p>\n<p>Al respaldar el proyecto de lineamientos, el Consejero Jos\u00e9 Roberto Ruiz inform\u00f3 que \u00e9stos han sido el resultado de un largo trabajo de las distintas \u00e1reas del Instituto Nacional Electoral y de mucho di\u00e1logo con las representaciones partidistas que ha encabezado la presencia del Consejo y la Secretar\u00eda Ejecutiva.<\/p>\n<p>&nbsp;<\/p>\n<p>Posibilidad de que se interrumpa el mandato de un Presidente es una situaci\u00f3n excepcional, grave y delicada para cualquier sistema pol\u00edtico<\/p>\n<p>&nbsp;<\/p>\n<p>Finalmente, el Consejero Ciro Murayama advirti\u00f3 que la posibilidad de que se interrumpa el mandato de un Presidente es una situaci\u00f3n excepcional, grave y delicada para cualquier sistema pol\u00edtico y en M\u00e9xico no se ha presentado esta situaci\u00f3n desde hace 90 a\u00f1os.<\/p>\n<p>&nbsp;<\/p>\n<p>\u201cYo creo que la democracia representativa puede ser lesionada por la democracia plebiscitaria y que los ejercicios de democracia directa deben ser complementarios\u201d; sin embargo, a\u00f1adi\u00f3 que m\u00e1s all\u00e1 de su opini\u00f3n personal, la Revocaci\u00f3n de Mandato est\u00e1 ya en la Constituci\u00f3n y el INE debe enfrentarla con toda seriedad.<\/p>\n<p>&nbsp;<\/p>\n<p>Contenido del documento aprobado<\/p>\n<p>&nbsp;<\/p>\n<p>Los lineamientos para la organizaci\u00f3n de la Revocaci\u00f3n de Mandato aprobados por el INE contemplan la instalaci\u00f3n de 161 mil casillas, para lo que se requerir\u00e1 5 mil 430 supervisoras y supervisores electorales, 32 mil 421 capacitadores asistentes electorales, para lograr contar con m\u00e1s de 484 mil funcionarias y funcionarios de estas casillas que se requerir\u00e1n.<\/p>\n<p>&nbsp;<\/p>\n<p>Este documento considera la posibilidad del voto de las y los mexicanos residentes en el exterior por Internet, as\u00ed como los c\u00f3mputos el mismo d\u00eda de la Jornada Electoral y la implementaci\u00f3n de un Conteo R\u00e1pido el mismo d\u00eda.<\/p>\n<p>&nbsp;<\/p>\n<p>Adicionalmente se establece el uso de una aplicaci\u00f3n m\u00f3vil para recolectar las firmas necesarias para que el INE pueda convocar a este mecanismo de participaci\u00f3n directa.<\/p>\n<p>&nbsp;<\/p>\n<p>Respecto a la participaci\u00f3n de los partidos pol\u00edticos, los lineamientos establecen que \u00e9stos podr\u00e1n realizar propaganda siempre y cuando no utilicen recursos p\u00fablicos para ello, ni contraten propaganda en radio y televisi\u00f3n, lo cual est\u00e1 prohibido constitucionalmente; sin embargo, s\u00ed podr\u00e1n utilizar los espacios asignados como prerrogativas para fijar su postura sobre la Revocaci\u00f3n de Mandato.<\/p>\n<p>&nbsp;<\/p>\n<p>Los lineamientos emitidos por el Consejo General del INE protegen y garantizan el ejercicio pleno de los derechos pol\u00edtico-electorales de todas las personas que participen en la organizaci\u00f3n y realizaci\u00f3n del proceso de Revocaci\u00f3n de Mandato.<\/p>\n<p>Fecha de Publicaci\u00f3n\u00a0\u00a0 viernes \/ 27\u00a0 \/ agosto \/ 2021<\/p>\n<p>&nbsp;<\/p>\n","protected":false},"excerpt":{"rendered":"<p>CIUDAD DE M\u00c9XICO.\u2500\u2500La instalaci\u00f3n de 161 mil casillas, voto de las y los mexicanos desde&#8230;<\/p>\n","protected":false},"author":1,"featured_media":120515,"comment_status":"open","ping_status":"open","sticky":false,"template":"","format":"standard","meta":{"_monsterinsights_skip_tracking":false,"_monsterinsights_sitenote_active":false,"_monsterinsights_sitenote_note":"","_monsterinsights_sitenote_category":0,"footnotes":""},"categories":[5],"tags":[1247,6056],"class_list":["post"],"yoast_head":" \n<title>Sonora en Equipo. Emite INE Lineamientos para Revocaci\u00f3n de Mandato Rep\u00fablica<\/title>\n<meta name=\"description\" content=\"CIUDAD DE M\u00c9XICO.\u2500\u2500La instalaci\u00f3n de 161 mil casillas, voto de las y los mexicanos desde el exterior por la v\u00eda electr\u00f3nica y el uso de prerrogativas de En Sonora en Equipo publicamos toda la informaci\u00f3n de Sonora, M\u00e9xico y el Mundo de manera oportuna y busca que la libertad de expresi\u00f3n sea real. Visita nuestro medio informativo publicado desde Hermosillo, Sonora. %\" \/>\n<meta name=\"robots\" content=\"index, follow, max-snippet:-1, max-image-preview:large, max-video-preview:-1\" \/>\n<link rel=\"canonical\" href=\"https:\/\/www.sonoraenequipo.com.mx\/emite-ine-lineamientos-para-revocacion-de-mandato\/\" \/>\n<meta property=\"og:locale\" content=\"es_ES\" \/>\n<meta property=\"og:type\" content=\"article\" \/>\n<meta property=\"og:title\" content=\"Sonora en Equipo. Emite INE Lineamientos para Revocaci\u00f3n de Mandato Rep\u00fablica\" \/>\n<meta property=\"og:description\" content=\"CIUDAD DE M\u00c9XICO.\u2500\u2500La instalaci\u00f3n de 161 mil casillas, voto de las y los mexicanos desde el exterior por la v\u00eda electr\u00f3nica y el uso de prerrogativas de En Sonora en Equipo publicamos toda la informaci\u00f3n de Sonora, M\u00e9xico y el Mundo de manera oportuna y busca que la libertad de expresi\u00f3n sea real. Visita nuestro medio informativo publicado desde Hermosillo, Sonora. %\" \/>\n<meta property=\"og:url\" content=\"https:\/\/www.sonoraenequipo.com.mx\/emite-ine-lineamientos-para-revocacion-de-mandato\/\" \/>\n<meta property=\"og:site_name\" content=\"Sonora en Equipo.\" \/>\n<meta property=\"article:publisher\" content=\"https:\/\/www.facebook.com\/SonoraEE\/\" \/>\n<meta property=\"article:author\" content=\"https:\/\/www.facebook.com\/SonoraEE\" \/>\n<meta property=\"article:published_time\" content=\"2021-08-28T00:40:56+00:00\" \/>\n<meta property=\"og:image\" content=\"https:\/\/www.sonoraenequipo.com.mx\/storage\/2021\/08\/lorenzo1-cordova_opt.jpg\" \/>\n\t<meta property=\"og:image:width\" content=\"700\" \/>\n\t<meta property=\"og:image:height\" content=\"400\" \/>\n\t<meta property=\"og:image:type\" content=\"image\/jpeg\" \/>\n<meta name=\"author\" content=\"enequipo\" \/>\n<meta name=\"twitter:card\" content=\"summary_large_image\" \/>\n<meta name=\"twitter:creator\" content=\"@sonoraenequipo\" \/>\n<meta name=\"twitter:site\" content=\"@sonoraenequipo\" \/>\n<meta name=\"twitter:label1\" content=\"Escrito por\" \/>\n\t<meta name=\"twitter:data1\" content=\"enequipo\" \/>\n\t<meta name=\"twitter:label2\" content=\"Tiempo de lectura\" \/>\n\t<meta name=\"twitter:data2\" content=\"9 minutos\" \/>\n<script type=\"application\/ld+json\" class=\"yoast-schema-graph\">{\"@context\":\"https:\/\/schema.org\",\"@graph\":[{\"@type\":\"Article\",\"@id\":\"https:\/\/www.sonoraenequipo.com.mx\/emite-ine-lineamientos-para-revocacion-de-mandato\/#article\",\"isPartOf\":{\"@id\":\"https:\/\/www.sonoraenequipo.com.mx\/emite-ine-lineamientos-para-revocacion-de-mandato\/\"},\"author\":{\"name\":\"enequipo\",\"@id\":\"https:\/\/www.sonoraenequipo.com.mx\/#\/schema\/person\/50102df0fb23a8fa9e8effad8fa81386\"},\"headline\":\"Emite INE Lineamientos para Revocaci\u00f3n de Mandato\",\"datePublished\":\"2021-08-28T00:40:56+00:00\",\"mainEntityOfPage\":{\"@id\":\"https:\/\/www.sonoraenequipo.com.mx\/emite-ine-lineamientos-para-revocacion-de-mandato\/\"},\"wordCount\":2222,\"commentCount\":0,\"publisher\":{\"@id\":\"https:\/\/www.sonoraenequipo.com.mx\/#organization\"},\"image\":{\"@id\":\"https:\/\/www.sonoraenequipo.com.mx\/emite-ine-lineamientos-para-revocacion-de-mandato\/#primaryimage\"},\"thumbnailUrl\":\"https:\/\/www.sonoraenequipo.com.mx\/storage\/2021\/08\/lorenzo1-cordova_opt.jpg\",\"keywords\":[\"INE\",\"revocacion de mandato\"],\"articleSection\":[\"Rep\u00fablica\"],\"inLanguage\":\"es\",\"potentialAction\":[{\"@type\":\"CommentAction\",\"name\":\"Comment\",\"target\":[\"https:\/\/www.sonoraenequipo.com.mx\/emite-ine-lineamientos-para-revocacion-de-mandato\/#respond\"]}]},{\"@type\":\"WebPage\",\"@id\":\"https:\/\/www.sonoraenequipo.com.mx\/emite-ine-lineamientos-para-revocacion-de-mandato\/\",\"url\":\"https:\/\/www.sonoraenequipo.com.mx\/emite-ine-lineamientos-para-revocacion-de-mandato\/\",\"name\":\"Sonora en Equipo. Emite INE Lineamientos para Revocaci\u00f3n de Mandato Rep\u00fablica\",\"isPartOf\":{\"@id\":\"https:\/\/www.sonoraenequipo.com.mx\/#website\"},\"primaryImageOfPage\":{\"@id\":\"https:\/\/www.sonoraenequipo.com.mx\/emite-ine-lineamientos-para-revocacion-de-mandato\/#primaryimage\"},\"image\":{\"@id\":\"https:\/\/www.sonoraenequipo.com.mx\/emite-ine-lineamientos-para-revocacion-de-mandato\/#primaryimage\"},\"thumbnailUrl\":\"https:\/\/www.sonoraenequipo.com.mx\/storage\/2021\/08\/lorenzo1-cordova_opt.jpg\",\"datePublished\":\"2021-08-28T00:40:56+00:00\",\"description\":\"CIUDAD DE M\u00c9XICO.\u2500\u2500La instalaci\u00f3n de 161 mil casillas, voto de las y los mexicanos desde el exterior por la v\u00eda electr\u00f3nica y el uso de prerrogativas de En Sonora en Equipo publicamos toda la informaci\u00f3n de Sonora, M\u00e9xico y el Mundo de manera oportuna y busca que la libertad de expresi\u00f3n sea real. Visita nuestro medio informativo publicado desde Hermosillo, Sonora. %\",\"breadcrumb\":{\"@id\":\"https:\/\/www.sonoraenequipo.com.mx\/emite-ine-lineamientos-para-revocacion-de-mandato\/#breadcrumb\"},\"inLanguage\":\"es\",\"potentialAction\":[{\"@type\":\"ReadAction\",\"target\":[\"https:\/\/www.sonoraenequipo.com.mx\/emite-ine-lineamientos-para-revocacion-de-mandato\/\"]}]},{\"@type\":\"ImageObject\",\"inLanguage\":\"es\",\"@id\":\"https:\/\/www.sonoraenequipo.com.mx\/emite-ine-lineamientos-para-revocacion-de-mandato\/#primaryimage\",\"url\":\"https:\/\/www.sonoraenequipo.com.mx\/storage\/2021\/08\/lorenzo1-cordova_opt.jpg\",\"contentUrl\":\"https:\/\/www.sonoraenequipo.com.mx\/storage\/2021\/08\/lorenzo1-cordova_opt.jpg\",\"width\":700,\"height\":400},{\"@type\":\"BreadcrumbList\",\"@id\":\"https:\/\/www.sonoraenequipo.com.mx\/emite-ine-lineamientos-para-revocacion-de-mandato\/#breadcrumb\",\"itemListElement\":[{\"@type\":\"ListItem\",\"position\":1,\"name\":\"Portada\",\"item\":\"https:\/\/www.sonoraenequipo.com.mx\/\"},{\"@type\":\"ListItem\",\"position\":2,\"name\":\"Emite INE Lineamientos para Revocaci\u00f3n de Mandato\"}]},{\"@type\":\"WebSite\",\"@id\":\"https:\/\/www.sonoraenequipo.com.mx\/#website\",\"url\":\"https:\/\/www.sonoraenequipo.com.mx\/\",\"name\":\"Sonora en Equipo.\",\"description\":\"Diario en l\u00ednea con Noticias desde Hermosillo, Sonora\",\"publisher\":{\"@id\":\"https:\/\/www.sonoraenequipo.com.mx\/#organization\"},\"potentialAction\":[{\"@type\":\"SearchAction\",\"target\":{\"@type\":\"EntryPoint\",\"urlTemplate\":\"https:\/\/www.sonoraenequipo.com.mx\/?s={search_term_string}\"},\"query-input\":{\"@type\":\"PropertyValueSpecification\",\"valueRequired\":true,\"valueName\":\"search_term_string\"}}],\"inLanguage\":\"es\"},{\"@type\":\"Organization\",\"@id\":\"https:\/\/www.sonoraenequipo.com.mx\/#organization\",\"name\":\"Sonoraenequipo.com.mx\",\"url\":\"https:\/\/www.sonoraenequipo.com.mx\/\",\"logo\":{\"@type\":\"ImageObject\",\"inLanguage\":\"es\",\"@id\":\"https:\/\/www.sonoraenequipo.com.mx\/#\/schema\/logo\/image\/\",\"url\":\"https:\/\/www.sonoraenequipo.com.mx\/storage\/2019\/01\/sonoraenequipo_opt.png\",\"contentUrl\":\"https:\/\/www.sonoraenequipo.com.mx\/storage\/2019\/01\/sonoraenequipo_opt.png\",\"width\":375,\"height\":125,\"caption\":\"Sonoraenequipo.com.mx\"},\"image\":{\"@id\":\"https:\/\/www.sonoraenequipo.com.mx\/#\/schema\/logo\/image\/\"},\"sameAs\":[\"https:\/\/www.facebook.com\/SonoraEE\/\",\"https:\/\/x.com\/sonoraenequipo\",\"https:\/\/www.youtube.com\/channel\/UC338nW-lPEYmJQs4ZABQ1SQ\"]},{\"@type\":\"Person\",\"@id\":\"https:\/\/www.sonoraenequipo.com.mx\/#\/schema\/person\/50102df0fb23a8fa9e8effad8fa81386\",\"name\":\"enequipo\",\"image\":{\"@type\":\"ImageObject\",\"inLanguage\":\"es\",\"@id\":\"https:\/\/www.sonoraenequipo.com.mx\/#\/schema\/person\/image\/\",\"url\":\"https:\/\/secure.gravatar.com\/avatar\/049821681b589dabc0bc20695993ccebb09f5b5d4d790cd9251b97faac7c652b?s=96&d=blank&r=g\",\"contentUrl\":\"https:\/\/secure.gravatar.com\/avatar\/049821681b589dabc0bc20695993ccebb09f5b5d4d790cd9251b97faac7c652b?s=96&d=blank&r=g\",\"caption\":\"enequipo\"},\"sameAs\":[\"https:\/\/www.facebook.com\/SonoraEE\"]}]}<\/script>\n ","yoast_head_json":{"title":"Sonora en Equipo. Emite INE Lineamientos para Revocaci\u00f3n de Mandato Rep\u00fablica","description":"CIUDAD DE M\u00c9XICO.\u2500\u2500La instalaci\u00f3n de 161 mil casillas, voto de las y los mexicanos desde el exterior por la v\u00eda electr\u00f3nica y el uso de prerrogativas de En Sonora en Equipo publicamos toda la informaci\u00f3n de Sonora, M\u00e9xico y el Mundo de manera oportuna y busca que la libertad de expresi\u00f3n sea real. Visita nuestro medio informativo publicado desde Hermosillo, Sonora. %","robots":{"index":"index","follow":"follow","max-snippet":"max-snippet:-1","max-image-preview":"max-image-preview:large","max-video-preview":"max-video-preview:-1"},"canonical":"https:\/\/www.sonoraenequipo.com.mx\/emite-ine-lineamientos-para-revocacion-de-mandato\/","og_locale":"es_ES","og_type":"article","og_title":"Sonora en Equipo. Emite INE Lineamientos para Revocaci\u00f3n de Mandato Rep\u00fablica","og_description":"CIUDAD DE M\u00c9XICO.\u2500\u2500La instalaci\u00f3n de 161 mil casillas, voto de las y los mexicanos desde el exterior por la v\u00eda electr\u00f3nica y el uso de prerrogativas de En Sonora en Equipo publicamos toda la informaci\u00f3n de Sonora, M\u00e9xico y el Mundo de manera oportuna y busca que la libertad de expresi\u00f3n sea real. Visita nuestro medio informativo publicado desde Hermosillo, Sonora. %","og_url":"https:\/\/www.sonoraenequipo.com.mx\/emite-ine-lineamientos-para-revocacion-de-mandato\/","og_site_name":"Sonora en Equipo.","article_publisher":"https:\/\/www.facebook.com\/SonoraEE\/","article_author":"https:\/\/www.facebook.com\/SonoraEE","article_published_time":"2021-08-28T00:40:56+00:00","og_image":[{"width":700,"height":400,"url":"https:\/\/www.sonoraenequipo.com.mx\/storage\/2021\/08\/lorenzo1-cordova_opt.jpg","type":"image\/jpeg"}],"author":"enequipo","twitter_card":"summary_large_image","twitter_creator":"@sonoraenequipo","twitter_site":"@sonoraenequipo","twitter_misc":{"Escrito por":"enequipo","Tiempo de lectura":"9 minutos"},"schema":{"@context":"https:\/\/schema.org","@graph":[{"@type":"Article","@id":"https:\/\/www.sonoraenequipo.com.mx\/emite-ine-lineamientos-para-revocacion-de-mandato\/#article","isPartOf":{"@id":"https:\/\/www.sonoraenequipo.com.mx\/emite-ine-lineamientos-para-revocacion-de-mandato\/"},"author":{"name":"enequipo","@id":"https:\/\/www.sonoraenequipo.com.mx\/#\/schema\/person\/50102df0fb23a8fa9e8effad8fa81386"},"headline":"Emite INE Lineamientos para Revocaci\u00f3n de Mandato","datePublished":"2021-08-28T00:40:56+00:00","mainEntityOfPage":{"@id":"https:\/\/www.sonoraenequipo.com.mx\/emite-ine-lineamientos-para-revocacion-de-mandato\/"},"wordCount":2222,"commentCount":0,"publisher":{"@id":"https:\/\/www.sonoraenequipo.com.mx\/#organization"},"image":{"@id":"https:\/\/www.sonoraenequipo.com.mx\/emite-ine-lineamientos-para-revocacion-de-mandato\/#primaryimage"},"thumbnailUrl":"https:\/\/www.sonoraenequipo.com.mx\/storage\/2021\/08\/lorenzo1-cordova_opt.jpg","keywords":["INE","revocacion de mandato"],"articleSection":["Rep\u00fablica"],"inLanguage":"es","potentialAction":[{"@type":"CommentAction","name":"Comment","target":["https:\/\/www.sonoraenequipo.com.mx\/emite-ine-lineamientos-para-revocacion-de-mandato\/#respond"]}]},{"@type":"WebPage","@id":"https:\/\/www.sonoraenequipo.com.mx\/emite-ine-lineamientos-para-revocacion-de-mandato\/","url":"https:\/\/www.sonoraenequipo.com.mx\/emite-ine-lineamientos-para-revocacion-de-mandato\/","name":"Sonora en Equipo. Emite INE Lineamientos para Revocaci\u00f3n de Mandato Rep\u00fablica","isPartOf":{"@id":"https:\/\/www.sonoraenequipo.com.mx\/#website"},"primaryImageOfPage":{"@id":"https:\/\/www.sonoraenequipo.com.mx\/emite-ine-lineamientos-para-revocacion-de-mandato\/#primaryimage"},"image":{"@id":"https:\/\/www.sonoraenequipo.com.mx\/emite-ine-lineamientos-para-revocacion-de-mandato\/#primaryimage"},"thumbnailUrl":"https:\/\/www.sonoraenequipo.com.mx\/storage\/2021\/08\/lorenzo1-cordova_opt.jpg","datePublished":"2021-08-28T00:40:56+00:00","description":"CIUDAD DE M\u00c9XICO.\u2500\u2500La instalaci\u00f3n de 161 mil casillas, voto de las y los mexicanos desde el exterior por la v\u00eda electr\u00f3nica y el uso de prerrogativas de En Sonora en Equipo publicamos toda la informaci\u00f3n de Sonora, M\u00e9xico y el Mundo de manera oportuna y busca que la libertad de expresi\u00f3n sea real. Visita nuestro medio informativo publicado desde Hermosillo, Sonora. %","breadcrumb":{"@id":"https:\/\/www.sonoraenequipo.com.mx\/emite-ine-lineamientos-para-revocacion-de-mandato\/#breadcrumb"},"inLanguage":"es","potentialAction":[{"@type":"ReadAction","target":["https:\/\/www.sonoraenequipo.com.mx\/emite-ine-lineamientos-para-revocacion-de-mandato\/"]}]},{"@type":"ImageObject","inLanguage":"es","@id":"https:\/\/www.sonoraenequipo.com.mx\/emite-ine-lineamientos-para-revocacion-de-mandato\/#primaryimage","url":"https:\/\/www.sonoraenequipo.com.mx\/storage\/2021\/08\/lorenzo1-cordova_opt.jpg","contentUrl":"https:\/\/www.sonoraenequipo.com.mx\/storage\/2021\/08\/lorenzo1-cordova_opt.jpg","width":700,"height":400},{"@type":"BreadcrumbList","@id":"https:\/\/www.sonoraenequipo.com.mx\/emite-ine-lineamientos-para-revocacion-de-mandato\/#breadcrumb","itemListElement":[{"@type":"ListItem","position":1,"name":"Portada","item":"https:\/\/www.sonoraenequipo.com.mx\/"},{"@type":"ListItem","position":2,"name":"Emite INE Lineamientos para Revocaci\u00f3n de Mandato"}]},{"@type":"WebSite","@id":"https:\/\/www.sonoraenequipo.com.mx\/#website","url":"https:\/\/www.sonoraenequipo.com.mx\/","name":"Sonora en Equipo.","description":"Diario en l\u00ednea con Noticias desde Hermosillo, Sonora","publisher":{"@id":"https:\/\/www.sonoraenequipo.com.mx\/#organization"},"potentialAction":[{"@type":"SearchAction","target":{"@type":"EntryPoint","urlTemplate":"https:\/\/www.sonoraenequipo.com.mx\/?s={search_term_string}"},"query-input":{"@type":"PropertyValueSpecification","valueRequired":true,"valueName":"search_term_string"}}],"inLanguage":"es"},{"@type":"Organization","@id":"https:\/\/www.sonoraenequipo.com.mx\/#organization","name":"Sonoraenequipo.com.mx","url":"https:\/\/www.sonoraenequipo.com.mx\/","logo":{"@type":"ImageObject","inLanguage":"es","@id":"https:\/\/www.sonoraenequipo.com.mx\/#\/schema\/logo\/image\/","url":"https:\/\/www.sonoraenequipo.com.mx\/storage\/2019\/01\/sonoraenequipo_opt.png","contentUrl":"https:\/\/www.sonoraenequipo.com.mx\/storage\/2019\/01\/sonoraenequipo_opt.png","width":375,"height":125,"caption":"Sonoraenequipo.com.mx"},"image":{"@id":"https:\/\/www.sonoraenequipo.com.mx\/#\/schema\/logo\/image\/"},"sameAs":["https:\/\/www.facebook.com\/SonoraEE\/","https:\/\/x.com\/sonoraenequipo","https:\/\/www.youtube.com\/channel\/UC338nW-lPEYmJQs4ZABQ1SQ"]},{"@type":"Person","@id":"https:\/\/www.sonoraenequipo.com.mx\/#\/schema\/person\/50102df0fb23a8fa9e8effad8fa81386","name":"enequipo","image":{"@type":"ImageObject","inLanguage":"es","@id":"https:\/\/www.sonoraenequipo.com.mx\/#\/schema\/person\/image\/","url":"https:\/\/secure.gravatar.com\/avatar\/049821681b589dabc0bc20695993ccebb09f5b5d4d790cd9251b97faac7c652b?s=96&d=blank&r=g","contentUrl":"https:\/\/secure.gravatar.com\/avatar\/049821681b589dabc0bc20695993ccebb09f5b5d4d790cd9251b97faac7c652b?s=96&d=blank&r=g","caption":"enequipo"},"sameAs":["https:\/\/www.facebook.com\/SonoraEE"]}]}},"jetpack_featured_media_url":"https:\/\/www.sonoraenequipo.com.mx\/storage\/2021\/08\/lorenzo1-cordova_opt.jpg","_links":{"self":[{"href":"https:\/\/www.sonoraenequipo.com.mx\/api\/wp\/v2\/posts\/121551","targetHints":{"allow":["GET"]}}],"collection":[{"href":"https:\/\/www.sonoraenequipo.com.mx\/api\/wp\/v2\/posts"}],"about":[{"href":"https:\/\/www.sonoraenequipo.com.mx\/api\/wp\/v2\/types\/post"}],"author":[{"embeddable":true,"href":"https:\/\/www.sonoraenequipo.com.mx\/api\/wp\/v2\/users\/1"}],"replies":[{"embeddable":true,"href":"https:\/\/www.sonoraenequipo.com.mx\/api\/wp\/v2\/comments?post=121551"}],"version-history":[{"count":1,"href":"https:\/\/www.sonoraenequipo.com.mx\/api\/wp\/v2\/posts\/121551\/revisions"}],"predecessor-version":[{"id":121552,"href":"https:\/\/www.sonoraenequipo.com.mx\/api\/wp\/v2\/posts\/121551\/revisions\/121552"}],"wp:featuredmedia":[{"embeddable":true,"href":"https:\/\/www.sonoraenequipo.com.mx\/api\/wp\/v2\/media\/120515"}],"wp:attachment":[{"href":"https:\/\/www.sonoraenequipo.com.mx\/api\/wp\/v2\/media?parent=121551"}],"wp:term":[{"taxonomy":"category","embeddable":true,"href":"https:\/\/www.sonoraenequipo.com.mx\/api\/wp\/v2\/categories?post=121551"},{"taxonomy":"post_tag","embeddable":true,"href":"https:\/\/www.sonoraenequipo.com.mx\/api\/wp\/v2\/tags?post=121551"}],"curies":[{"name":"wp","href":"https:\/\/api.w.org\/{rel}","templated":true}]}}