{"id":121556,"date":"2021-08-27T23:48:19","date_gmt":"2021-08-28T06:48:19","guid":{"rendered":"https:\/\/www.sonoraenequipo.com.mx\/?p=121556"},"modified":"2021-08-27T21:52:02","modified_gmt":"2021-08-28T04:52:02","slug":"nombra-junta-universitaria-titulares-de-las-vicerrectorias-para-las-unidades-centro-y-sur","status":"publish","type":"post","link":"https:\/\/www.sonoraenequipo.com.mx\/nombra-junta-universitaria-titulares-de-las-vicerrectorias-para-las-unidades-centro-y-sur\/","title":{"rendered":"Nombra Junta Universitaria titulares de las vicerrector\u00edas para las unidades Centro y Sur"},"content":{"rendered":"<p>HERMOSILLO, SONORA. MX. \u2014 De acuerdo con lo establecido en la convocatoria del Proceso Nombramiento de Vicerrectores de la Unidad Regional Centro y Unidad Regional Sur periodo 2021-2025, la Junta Universitaria de la Universidad de Sonora acord\u00f3 nombrar a Luz Mar\u00eda Dur\u00e1n Moreno, como vicerrectora de la Unidad Regional Centro, y a Jes\u00fas Alfredo Rosas Rodr\u00edguez como vicerrector de la Unidad Regional Sur.<\/p>\n<p>&nbsp;<\/p>\n<p>&nbsp;<\/p>\n<p> <\/p>\n<p>&nbsp;<\/p>\n<p>&nbsp;<\/p>\n<p>Para atender en tiempo y forma cada una de las etapas establecidas en la mencionada convocatoria, la Junta Universitaria declar\u00f3 permanente la sesi\u00f3n ordinaria n\u00famero 133; como parte de este trabajo, los integrantes de dicho \u00f3rgano colegiado tuvieron la oportunidad de conocer la opini\u00f3n de la comunidad universitaria, mediante audiencias virtuales y por escrito, sobre el perfil de los candidatos al mencionado cargo.<\/p>\n<p>&nbsp;<\/p>\n<p>&nbsp;<\/p>\n<p>Asimismo, escucharon y analizaron los planes de trabajo y visi\u00f3n de la universidad de cada uno de los seis candidatos que integraron las ternas, adem\u00e1s de plantear a \u00e9stos diversos cuestionamientos sobre tales propuestas.<\/p>\n<p>&nbsp;<\/p>\n<p>Luego de ponderar lo anterior, el m\u00e1ximo \u00f3rgano de gobierno de la Universidad de Sonora decidi\u00f3 que Luz Mar\u00eda Dur\u00e1n Moreno se desempe\u00f1ar\u00e1 como vicerrectora de la Unidad Regional Centro, con sede el campus Hermosillo, del 1 de septiembre de 2021 al 31 de agosto de 2025; mientras que Jes\u00fas Alfredo Rosas Rodr\u00edguez asumir\u00e1 la Vicerrector\u00eda de la Unidad Regional Sur, ubicada en el municipio de Navojoa, del 6 de septiembre de 2021 al 5 de septiembre de 2025.<\/p>\n<p>&nbsp;<\/p>\n<p>Como parte de los puntos del orden de d\u00eda de esta sesi\u00f3n y seg\u00fan lo establecido en el marco jur\u00eddico de la Junta Universitaria, su Reglamento Interno y en ejercicio de las facultades que \u00e9stos le confieren, el presidente en turno, Rogerio Rafael Sotelo Mundo, dio a conocer a los vicerrectores electos los correspondientes nombramientos de su cargo y efectu\u00f3 la toma de protesta de ley correspondiente.<\/p>\n<p>&nbsp;<\/p>\n<p>La Junta Universitaria expresa su reconocimiento y agradecimiento a los acad\u00e9micos que se inscribieron como aspirantes al cargo, as\u00ed como a los universitarios que con su participaci\u00f3n verbal y escrita enriquecieron este proceso.<\/p>\n<p>&nbsp;<\/p>\n<p><img loading=\"lazy\" decoding=\"async\" class=\"size-medium  x-left\" src=\"https:\/\/www.sonoraenequipo.com.mx\/storage\/2021\/08\/Jesus-Alfredo-Rosas-Rodriguez-Vicerrector-Unidad-Sur_opt-379x365.jpg\" alt=\"\" width=\"379\" height=\"365\" \/>La maestra Luz Mar\u00eda Dur\u00e1n Moreno es acad\u00e9mica de la Universidad de Sonora con una trayectoria de 27 a\u00f1os como docente e investigadora en los departamentos de Derecho, y en el de Sociolog\u00eda y Administraci\u00f3n P\u00fablica, curs\u00f3 el Doctorado en Criminolog\u00eda y Delincuencia Juvenil en la Universidad de Castilla-La Mancha, ha participado en m\u00e1s de 15 tesis de grado de licenciatura y posgrado como directora, sinodal y lectora, as\u00ed como en proyectos de colaboraci\u00f3n y gesti\u00f3n acad\u00e9mica, y se ha desempe\u00f1ado en diversos cargos en la administraci\u00f3n universitaria.<\/p>\n<p>&nbsp;<\/p>\n<p>Asimismo, el maestro Jes\u00fas Alfredo Rosas Rodr\u00edguez es miembro del Sistema Nacional de Investigadores (SNI) nivel I, cuenta con el reconocimiento del Programa para el Desarrollo Profesional Docente (Prodep), es profesor de tiempo completo del Departamento de Ciencias Qu\u00edmico Biol\u00f3gicas y Agropecuarias del campus Navojoa, y tiene una trayectoria acad\u00e9mica y cient\u00edfica de nueve a\u00f1os en la Universidad de Sonora, curs\u00f3 el Doctorado en Ciencias en el Centro de Investigaci\u00f3n en Alimentaci\u00f3n y Desarrollo (CIAD).<\/p>\n<p>&nbsp;<\/p>\n<p>(Publicada el 27\/08\/2021)<\/p>\n","protected":false},"excerpt":{"rendered":"<p>HERMOSILLO, SONORA. MX. \u2014 De acuerdo con lo establecido en la convocatoria del Proceso Nombramiento&#8230;<\/p>\n","protected":false},"author":1,"featured_media":121569,"comment_status":"open","ping_status":"open","sticky":false,"template":"","format":"standard","meta":{"_monsterinsights_skip_tracking":false,"_monsterinsights_sitenote_active":false,"_monsterinsights_sitenote_note":"","_monsterinsights_sitenote_category":0,"footnotes":""},"categories":[22],"tags":[],"class_list":["post"],"yoast_head":" \n<title>Sonora en Equipo. Nombra Junta Universitaria titulares de las vicerrector\u00edas para las unidades Centro y Sur Sonora<\/title>\n<meta name=\"description\" content=\"HERMOSILLO, SONORA. MX. \u2014 De acuerdo con lo establecido en la convocatoria del Proceso Nombramiento de Vicerrectores de la Unidad Regional Centro y Unidad En Sonora en Equipo publicamos toda la informaci\u00f3n de Sonora, M\u00e9xico y el Mundo de manera oportuna y busca que la libertad de expresi\u00f3n sea real. Visita nuestro medio informativo publicado desde Hermosillo, Sonora. %\" \/>\n<meta name=\"robots\" content=\"index, follow, max-snippet:-1, max-image-preview:large, max-video-preview:-1\" \/>\n<link rel=\"canonical\" href=\"https:\/\/www.sonoraenequipo.com.mx\/nombra-junta-universitaria-titulares-de-las-vicerrectorias-para-las-unidades-centro-y-sur\/\" \/>\n<meta property=\"og:locale\" content=\"es_ES\" \/>\n<meta property=\"og:type\" content=\"article\" \/>\n<meta property=\"og:title\" content=\"Sonora en Equipo. Nombra Junta Universitaria titulares de las vicerrector\u00edas para las unidades Centro y Sur Sonora\" \/>\n<meta property=\"og:description\" content=\"HERMOSILLO, SONORA. MX. \u2014 De acuerdo con lo establecido en la convocatoria del Proceso Nombramiento de Vicerrectores de la Unidad Regional Centro y Unidad En Sonora en Equipo publicamos toda la informaci\u00f3n de Sonora, M\u00e9xico y el Mundo de manera oportuna y busca que la libertad de expresi\u00f3n sea real. Visita nuestro medio informativo publicado desde Hermosillo, Sonora. %\" \/>\n<meta property=\"og:url\" content=\"https:\/\/www.sonoraenequipo.com.mx\/nombra-junta-universitaria-titulares-de-las-vicerrectorias-para-las-unidades-centro-y-sur\/\" \/>\n<meta property=\"og:site_name\" content=\"Sonora en Equipo.\" \/>\n<meta property=\"article:publisher\" content=\"https:\/\/www.facebook.com\/SonoraEE\/\" \/>\n<meta property=\"article:author\" content=\"https:\/\/www.facebook.com\/SonoraEE\" \/>\n<meta property=\"article:published_time\" content=\"2021-08-28T06:48:19+00:00\" \/>\n<meta property=\"og:image\" content=\"https:\/\/www.sonoraenequipo.com.mx\/storage\/2021\/08\/LUZ-MARIA-DURAN-_opt.jpg\" \/>\n\t<meta property=\"og:image:width\" content=\"700\" \/>\n\t<meta property=\"og:image:height\" content=\"400\" \/>\n\t<meta property=\"og:image:type\" content=\"image\/jpeg\" \/>\n<meta name=\"author\" content=\"enequipo\" \/>\n<meta name=\"twitter:card\" content=\"summary_large_image\" \/>\n<meta name=\"twitter:creator\" content=\"@sonoraenequipo\" \/>\n<meta name=\"twitter:site\" content=\"@sonoraenequipo\" \/>\n<meta name=\"twitter:label1\" content=\"Escrito por\" \/>\n\t<meta name=\"twitter:data1\" content=\"enequipo\" \/>\n\t<meta name=\"twitter:label2\" content=\"Tiempo de lectura\" \/>\n\t<meta name=\"twitter:data2\" content=\"3 minutos\" \/>\n<script type=\"application\/ld+json\" class=\"yoast-schema-graph\">{\"@context\":\"https:\/\/schema.org\",\"@graph\":[{\"@type\":\"Article\",\"@id\":\"https:\/\/www.sonoraenequipo.com.mx\/nombra-junta-universitaria-titulares-de-las-vicerrectorias-para-las-unidades-centro-y-sur\/#article\",\"isPartOf\":{\"@id\":\"https:\/\/www.sonoraenequipo.com.mx\/nombra-junta-universitaria-titulares-de-las-vicerrectorias-para-las-unidades-centro-y-sur\/\"},\"author\":{\"name\":\"enequipo\",\"@id\":\"https:\/\/www.sonoraenequipo.com.mx\/#\/schema\/person\/50102df0fb23a8fa9e8effad8fa81386\"},\"headline\":\"Nombra Junta Universitaria titulares de las vicerrector\u00edas para las unidades Centro y Sur\",\"datePublished\":\"2021-08-28T06:48:19+00:00\",\"mainEntityOfPage\":{\"@id\":\"https:\/\/www.sonoraenequipo.com.mx\/nombra-junta-universitaria-titulares-de-las-vicerrectorias-para-las-unidades-centro-y-sur\/\"},\"wordCount\":563,\"commentCount\":0,\"publisher\":{\"@id\":\"https:\/\/www.sonoraenequipo.com.mx\/#organization\"},\"image\":{\"@id\":\"https:\/\/www.sonoraenequipo.com.mx\/nombra-junta-universitaria-titulares-de-las-vicerrectorias-para-las-unidades-centro-y-sur\/#primaryimage\"},\"thumbnailUrl\":\"https:\/\/www.sonoraenequipo.com.mx\/storage\/2021\/08\/LUZ-MARIA-DURAN-_opt.jpg\",\"articleSection\":[\"Sonora\"],\"inLanguage\":\"es\",\"potentialAction\":[{\"@type\":\"CommentAction\",\"name\":\"Comment\",\"target\":[\"https:\/\/www.sonoraenequipo.com.mx\/nombra-junta-universitaria-titulares-de-las-vicerrectorias-para-las-unidades-centro-y-sur\/#respond\"]}]},{\"@type\":\"WebPage\",\"@id\":\"https:\/\/www.sonoraenequipo.com.mx\/nombra-junta-universitaria-titulares-de-las-vicerrectorias-para-las-unidades-centro-y-sur\/\",\"url\":\"https:\/\/www.sonoraenequipo.com.mx\/nombra-junta-universitaria-titulares-de-las-vicerrectorias-para-las-unidades-centro-y-sur\/\",\"name\":\"Sonora en Equipo. Nombra Junta Universitaria titulares de las vicerrector\u00edas para las unidades Centro y Sur Sonora\",\"isPartOf\":{\"@id\":\"https:\/\/www.sonoraenequipo.com.mx\/#website\"},\"primaryImageOfPage\":{\"@id\":\"https:\/\/www.sonoraenequipo.com.mx\/nombra-junta-universitaria-titulares-de-las-vicerrectorias-para-las-unidades-centro-y-sur\/#primaryimage\"},\"image\":{\"@id\":\"https:\/\/www.sonoraenequipo.com.mx\/nombra-junta-universitaria-titulares-de-las-vicerrectorias-para-las-unidades-centro-y-sur\/#primaryimage\"},\"thumbnailUrl\":\"https:\/\/www.sonoraenequipo.com.mx\/storage\/2021\/08\/LUZ-MARIA-DURAN-_opt.jpg\",\"datePublished\":\"2021-08-28T06:48:19+00:00\",\"description\":\"HERMOSILLO, SONORA. MX. \u2014 De acuerdo con lo establecido en la convocatoria del Proceso Nombramiento de Vicerrectores de la Unidad Regional Centro y Unidad En Sonora en Equipo publicamos toda la informaci\u00f3n de Sonora, M\u00e9xico y el Mundo de manera oportuna y busca que la libertad de expresi\u00f3n sea real. Visita nuestro medio informativo publicado desde Hermosillo, Sonora. %\",\"breadcrumb\":{\"@id\":\"https:\/\/www.sonoraenequipo.com.mx\/nombra-junta-universitaria-titulares-de-las-vicerrectorias-para-las-unidades-centro-y-sur\/#breadcrumb\"},\"inLanguage\":\"es\",\"potentialAction\":[{\"@type\":\"ReadAction\",\"target\":[\"https:\/\/www.sonoraenequipo.com.mx\/nombra-junta-universitaria-titulares-de-las-vicerrectorias-para-las-unidades-centro-y-sur\/\"]}]},{\"@type\":\"ImageObject\",\"inLanguage\":\"es\",\"@id\":\"https:\/\/www.sonoraenequipo.com.mx\/nombra-junta-universitaria-titulares-de-las-vicerrectorias-para-las-unidades-centro-y-sur\/#primaryimage\",\"url\":\"https:\/\/www.sonoraenequipo.com.mx\/storage\/2021\/08\/LUZ-MARIA-DURAN-_opt.jpg\",\"contentUrl\":\"https:\/\/www.sonoraenequipo.com.mx\/storage\/2021\/08\/LUZ-MARIA-DURAN-_opt.jpg\",\"width\":700,\"height\":400},{\"@type\":\"BreadcrumbList\",\"@id\":\"https:\/\/www.sonoraenequipo.com.mx\/nombra-junta-universitaria-titulares-de-las-vicerrectorias-para-las-unidades-centro-y-sur\/#breadcrumb\",\"itemListElement\":[{\"@type\":\"ListItem\",\"position\":1,\"name\":\"Portada\",\"item\":\"https:\/\/www.sonoraenequipo.com.mx\/\"},{\"@type\":\"ListItem\",\"position\":2,\"name\":\"Nombra Junta Universitaria titulares de las vicerrector\u00edas para las unidades Centro y Sur\"}]},{\"@type\":\"WebSite\",\"@id\":\"https:\/\/www.sonoraenequipo.com.mx\/#website\",\"url\":\"https:\/\/www.sonoraenequipo.com.mx\/\",\"name\":\"Sonora en Equipo.\",\"description\":\"Diario en l\u00ednea con Noticias desde Hermosillo, Sonora\",\"publisher\":{\"@id\":\"https:\/\/www.sonoraenequipo.com.mx\/#organization\"},\"potentialAction\":[{\"@type\":\"SearchAction\",\"target\":{\"@type\":\"EntryPoint\",\"urlTemplate\":\"https:\/\/www.sonoraenequipo.com.mx\/?s={search_term_string}\"},\"query-input\":{\"@type\":\"PropertyValueSpecification\",\"valueRequired\":true,\"valueName\":\"search_term_string\"}}],\"inLanguage\":\"es\"},{\"@type\":\"Organization\",\"@id\":\"https:\/\/www.sonoraenequipo.com.mx\/#organization\",\"name\":\"Sonoraenequipo.com.mx\",\"url\":\"https:\/\/www.sonoraenequipo.com.mx\/\",\"logo\":{\"@type\":\"ImageObject\",\"inLanguage\":\"es\",\"@id\":\"https:\/\/www.sonoraenequipo.com.mx\/#\/schema\/logo\/image\/\",\"url\":\"https:\/\/www.sonoraenequipo.com.mx\/storage\/2019\/01\/sonoraenequipo_opt.png\",\"contentUrl\":\"https:\/\/www.sonoraenequipo.com.mx\/storage\/2019\/01\/sonoraenequipo_opt.png\",\"width\":375,\"height\":125,\"caption\":\"Sonoraenequipo.com.mx\"},\"image\":{\"@id\":\"https:\/\/www.sonoraenequipo.com.mx\/#\/schema\/logo\/image\/\"},\"sameAs\":[\"https:\/\/www.facebook.com\/SonoraEE\/\",\"https:\/\/x.com\/sonoraenequipo\",\"https:\/\/www.youtube.com\/channel\/UC338nW-lPEYmJQs4ZABQ1SQ\"]},{\"@type\":\"Person\",\"@id\":\"https:\/\/www.sonoraenequipo.com.mx\/#\/schema\/person\/50102df0fb23a8fa9e8effad8fa81386\",\"name\":\"enequipo\",\"image\":{\"@type\":\"ImageObject\",\"inLanguage\":\"es\",\"@id\":\"https:\/\/www.sonoraenequipo.com.mx\/#\/schema\/person\/image\/\",\"url\":\"https:\/\/secure.gravatar.com\/avatar\/049821681b589dabc0bc20695993ccebb09f5b5d4d790cd9251b97faac7c652b?s=96&d=blank&r=g\",\"contentUrl\":\"https:\/\/secure.gravatar.com\/avatar\/049821681b589dabc0bc20695993ccebb09f5b5d4d790cd9251b97faac7c652b?s=96&d=blank&r=g\",\"caption\":\"enequipo\"},\"sameAs\":[\"https:\/\/www.facebook.com\/SonoraEE\"]}]}<\/script>\n ","yoast_head_json":{"title":"Sonora en Equipo. Nombra Junta Universitaria titulares de las vicerrector\u00edas para las unidades Centro y Sur Sonora","description":"HERMOSILLO, SONORA. MX. \u2014 De acuerdo con lo establecido en la convocatoria del Proceso Nombramiento de Vicerrectores de la Unidad Regional Centro y Unidad En Sonora en Equipo publicamos toda la informaci\u00f3n de Sonora, M\u00e9xico y el Mundo de manera oportuna y busca que la libertad de expresi\u00f3n sea real. Visita nuestro medio informativo publicado desde Hermosillo, Sonora. %","robots":{"index":"index","follow":"follow","max-snippet":"max-snippet:-1","max-image-preview":"max-image-preview:large","max-video-preview":"max-video-preview:-1"},"canonical":"https:\/\/www.sonoraenequipo.com.mx\/nombra-junta-universitaria-titulares-de-las-vicerrectorias-para-las-unidades-centro-y-sur\/","og_locale":"es_ES","og_type":"article","og_title":"Sonora en Equipo. Nombra Junta Universitaria titulares de las vicerrector\u00edas para las unidades Centro y Sur Sonora","og_description":"HERMOSILLO, SONORA. MX. \u2014 De acuerdo con lo establecido en la convocatoria del Proceso Nombramiento de Vicerrectores de la Unidad Regional Centro y Unidad En Sonora en Equipo publicamos toda la informaci\u00f3n de Sonora, M\u00e9xico y el Mundo de manera oportuna y busca que la libertad de expresi\u00f3n sea real. Visita nuestro medio informativo publicado desde Hermosillo, Sonora. %","og_url":"https:\/\/www.sonoraenequipo.com.mx\/nombra-junta-universitaria-titulares-de-las-vicerrectorias-para-las-unidades-centro-y-sur\/","og_site_name":"Sonora en Equipo.","article_publisher":"https:\/\/www.facebook.com\/SonoraEE\/","article_author":"https:\/\/www.facebook.com\/SonoraEE","article_published_time":"2021-08-28T06:48:19+00:00","og_image":[{"width":700,"height":400,"url":"https:\/\/www.sonoraenequipo.com.mx\/storage\/2021\/08\/LUZ-MARIA-DURAN-_opt.jpg","type":"image\/jpeg"}],"author":"enequipo","twitter_card":"summary_large_image","twitter_creator":"@sonoraenequipo","twitter_site":"@sonoraenequipo","twitter_misc":{"Escrito por":"enequipo","Tiempo de lectura":"3 minutos"},"schema":{"@context":"https:\/\/schema.org","@graph":[{"@type":"Article","@id":"https:\/\/www.sonoraenequipo.com.mx\/nombra-junta-universitaria-titulares-de-las-vicerrectorias-para-las-unidades-centro-y-sur\/#article","isPartOf":{"@id":"https:\/\/www.sonoraenequipo.com.mx\/nombra-junta-universitaria-titulares-de-las-vicerrectorias-para-las-unidades-centro-y-sur\/"},"author":{"name":"enequipo","@id":"https:\/\/www.sonoraenequipo.com.mx\/#\/schema\/person\/50102df0fb23a8fa9e8effad8fa81386"},"headline":"Nombra Junta Universitaria titulares de las vicerrector\u00edas para las unidades Centro y Sur","datePublished":"2021-08-28T06:48:19+00:00","mainEntityOfPage":{"@id":"https:\/\/www.sonoraenequipo.com.mx\/nombra-junta-universitaria-titulares-de-las-vicerrectorias-para-las-unidades-centro-y-sur\/"},"wordCount":563,"commentCount":0,"publisher":{"@id":"https:\/\/www.sonoraenequipo.com.mx\/#organization"},"image":{"@id":"https:\/\/www.sonoraenequipo.com.mx\/nombra-junta-universitaria-titulares-de-las-vicerrectorias-para-las-unidades-centro-y-sur\/#primaryimage"},"thumbnailUrl":"https:\/\/www.sonoraenequipo.com.mx\/storage\/2021\/08\/LUZ-MARIA-DURAN-_opt.jpg","articleSection":["Sonora"],"inLanguage":"es","potentialAction":[{"@type":"CommentAction","name":"Comment","target":["https:\/\/www.sonoraenequipo.com.mx\/nombra-junta-universitaria-titulares-de-las-vicerrectorias-para-las-unidades-centro-y-sur\/#respond"]}]},{"@type":"WebPage","@id":"https:\/\/www.sonoraenequipo.com.mx\/nombra-junta-universitaria-titulares-de-las-vicerrectorias-para-las-unidades-centro-y-sur\/","url":"https:\/\/www.sonoraenequipo.com.mx\/nombra-junta-universitaria-titulares-de-las-vicerrectorias-para-las-unidades-centro-y-sur\/","name":"Sonora en Equipo. Nombra Junta Universitaria titulares de las vicerrector\u00edas para las unidades Centro y Sur Sonora","isPartOf":{"@id":"https:\/\/www.sonoraenequipo.com.mx\/#website"},"primaryImageOfPage":{"@id":"https:\/\/www.sonoraenequipo.com.mx\/nombra-junta-universitaria-titulares-de-las-vicerrectorias-para-las-unidades-centro-y-sur\/#primaryimage"},"image":{"@id":"https:\/\/www.sonoraenequipo.com.mx\/nombra-junta-universitaria-titulares-de-las-vicerrectorias-para-las-unidades-centro-y-sur\/#primaryimage"},"thumbnailUrl":"https:\/\/www.sonoraenequipo.com.mx\/storage\/2021\/08\/LUZ-MARIA-DURAN-_opt.jpg","datePublished":"2021-08-28T06:48:19+00:00","description":"HERMOSILLO, SONORA. MX. \u2014 De acuerdo con lo establecido en la convocatoria del Proceso Nombramiento de Vicerrectores de la Unidad Regional Centro y Unidad En Sonora en Equipo publicamos toda la informaci\u00f3n de Sonora, M\u00e9xico y el Mundo de manera oportuna y busca que la libertad de expresi\u00f3n sea real. Visita nuestro medio informativo publicado desde Hermosillo, Sonora. %","breadcrumb":{"@id":"https:\/\/www.sonoraenequipo.com.mx\/nombra-junta-universitaria-titulares-de-las-vicerrectorias-para-las-unidades-centro-y-sur\/#breadcrumb"},"inLanguage":"es","potentialAction":[{"@type":"ReadAction","target":["https:\/\/www.sonoraenequipo.com.mx\/nombra-junta-universitaria-titulares-de-las-vicerrectorias-para-las-unidades-centro-y-sur\/"]}]},{"@type":"ImageObject","inLanguage":"es","@id":"https:\/\/www.sonoraenequipo.com.mx\/nombra-junta-universitaria-titulares-de-las-vicerrectorias-para-las-unidades-centro-y-sur\/#primaryimage","url":"https:\/\/www.sonoraenequipo.com.mx\/storage\/2021\/08\/LUZ-MARIA-DURAN-_opt.jpg","contentUrl":"https:\/\/www.sonoraenequipo.com.mx\/storage\/2021\/08\/LUZ-MARIA-DURAN-_opt.jpg","width":700,"height":400},{"@type":"BreadcrumbList","@id":"https:\/\/www.sonoraenequipo.com.mx\/nombra-junta-universitaria-titulares-de-las-vicerrectorias-para-las-unidades-centro-y-sur\/#breadcrumb","itemListElement":[{"@type":"ListItem","position":1,"name":"Portada","item":"https:\/\/www.sonoraenequipo.com.mx\/"},{"@type":"ListItem","position":2,"name":"Nombra Junta Universitaria titulares de las vicerrector\u00edas para las unidades Centro y Sur"}]},{"@type":"WebSite","@id":"https:\/\/www.sonoraenequipo.com.mx\/#website","url":"https:\/\/www.sonoraenequipo.com.mx\/","name":"Sonora en Equipo.","description":"Diario en l\u00ednea con Noticias desde Hermosillo, Sonora","publisher":{"@id":"https:\/\/www.sonoraenequipo.com.mx\/#organization"},"potentialAction":[{"@type":"SearchAction","target":{"@type":"EntryPoint","urlTemplate":"https:\/\/www.sonoraenequipo.com.mx\/?s={search_term_string}"},"query-input":{"@type":"PropertyValueSpecification","valueRequired":true,"valueName":"search_term_string"}}],"inLanguage":"es"},{"@type":"Organization","@id":"https:\/\/www.sonoraenequipo.com.mx\/#organization","name":"Sonoraenequipo.com.mx","url":"https:\/\/www.sonoraenequipo.com.mx\/","logo":{"@type":"ImageObject","inLanguage":"es","@id":"https:\/\/www.sonoraenequipo.com.mx\/#\/schema\/logo\/image\/","url":"https:\/\/www.sonoraenequipo.com.mx\/storage\/2019\/01\/sonoraenequipo_opt.png","contentUrl":"https:\/\/www.sonoraenequipo.com.mx\/storage\/2019\/01\/sonoraenequipo_opt.png","width":375,"height":125,"caption":"Sonoraenequipo.com.mx"},"image":{"@id":"https:\/\/www.sonoraenequipo.com.mx\/#\/schema\/logo\/image\/"},"sameAs":["https:\/\/www.facebook.com\/SonoraEE\/","https:\/\/x.com\/sonoraenequipo","https:\/\/www.youtube.com\/channel\/UC338nW-lPEYmJQs4ZABQ1SQ"]},{"@type":"Person","@id":"https:\/\/www.sonoraenequipo.com.mx\/#\/schema\/person\/50102df0fb23a8fa9e8effad8fa81386","name":"enequipo","image":{"@type":"ImageObject","inLanguage":"es","@id":"https:\/\/www.sonoraenequipo.com.mx\/#\/schema\/person\/image\/","url":"https:\/\/secure.gravatar.com\/avatar\/049821681b589dabc0bc20695993ccebb09f5b5d4d790cd9251b97faac7c652b?s=96&d=blank&r=g","contentUrl":"https:\/\/secure.gravatar.com\/avatar\/049821681b589dabc0bc20695993ccebb09f5b5d4d790cd9251b97faac7c652b?s=96&d=blank&r=g","caption":"enequipo"},"sameAs":["https:\/\/www.facebook.com\/SonoraEE"]}]}},"jetpack_featured_media_url":"https:\/\/www.sonoraenequipo.com.mx\/storage\/2021\/08\/LUZ-MARIA-DURAN-_opt.jpg","_links":{"self":[{"href":"https:\/\/www.sonoraenequipo.com.mx\/api\/wp\/v2\/posts\/121556","targetHints":{"allow":["GET"]}}],"collection":[{"href":"https:\/\/www.sonoraenequipo.com.mx\/api\/wp\/v2\/posts"}],"about":[{"href":"https:\/\/www.sonoraenequipo.com.mx\/api\/wp\/v2\/types\/post"}],"author":[{"embeddable":true,"href":"https:\/\/www.sonoraenequipo.com.mx\/api\/wp\/v2\/users\/1"}],"replies":[{"embeddable":true,"href":"https:\/\/www.sonoraenequipo.com.mx\/api\/wp\/v2\/comments?post=121556"}],"version-history":[{"count":3,"href":"https:\/\/www.sonoraenequipo.com.mx\/api\/wp\/v2\/posts\/121556\/revisions"}],"predecessor-version":[{"id":121575,"href":"https:\/\/www.sonoraenequipo.com.mx\/api\/wp\/v2\/posts\/121556\/revisions\/121575"}],"wp:featuredmedia":[{"embeddable":true,"href":"https:\/\/www.sonoraenequipo.com.mx\/api\/wp\/v2\/media\/121569"}],"wp:attachment":[{"href":"https:\/\/www.sonoraenequipo.com.mx\/api\/wp\/v2\/media?parent=121556"}],"wp:term":[{"taxonomy":"category","embeddable":true,"href":"https:\/\/www.sonoraenequipo.com.mx\/api\/wp\/v2\/categories?post=121556"},{"taxonomy":"post_tag","embeddable":true,"href":"https:\/\/www.sonoraenequipo.com.mx\/api\/wp\/v2\/tags?post=121556"}],"curies":[{"name":"wp","href":"https:\/\/api.w.org\/{rel}","templated":true}]}}