{"id":121571,"date":"2021-08-28T08:30:29","date_gmt":"2021-08-28T15:30:29","guid":{"rendered":"https:\/\/www.sonoraenequipo.com.mx\/?p=121571"},"modified":"2021-08-28T10:00:14","modified_gmt":"2021-08-28T17:00:14","slug":"avanza-programa-de-manejo-del-cerro-johnson-por-parte-de-ecologia-municipal","status":"publish","type":"post","link":"https:\/\/www.sonoraenequipo.com.mx\/avanza-programa-de-manejo-del-cerro-johnson-por-parte-de-ecologia-municipal\/","title":{"rendered":"Avanza Programa de Manejo del Cerro Johnson por parte de Ecolog\u00eda Municipal"},"content":{"rendered":"<p>HERMOSILLO, SONORA,MX.\u2500\u2500 Un equipo multidisciplinario conformado por el Instituto Municipal de Ecolog\u00eda de CIDUE y la sociedad civil representada por Profauna, Colegio Sonorense de Bi\u00f3logos, Amigos del Cerro Johnson, Ecogrande A.C. y Colaboraci\u00f3n Ecol\u00f3gica, trabajan en el Programa de Manejo del Cerro Johnson.<\/p>\n<p>&nbsp;<\/p>\n<p>\u00abEstamos trabajando en un documento rector que sea la gu\u00eda para establecer qui\u00e9nes van a ser los principales actores y cu\u00e1les van a ser las responsabilidades durante este programa de manejo y cu\u00e1l va a ser la metodolog\u00eda para desarrollarlo. Estamos muy avanzados\u00bb, destac\u00f3 la directora del IME Santa N\u00e1poles Trujillo.<\/p>\n<p>&nbsp;<\/p>\n<p>La funcionaria agreg\u00f3 que posteriormente se abrir\u00e1n talleres participativos para que todos los miembros de la sociedad civil que tengan inter\u00e9s en participar o aportar al desarrollo del documento, lo puedan hacer, ya que ser\u00e1 a trav\u00e9s de estos talleres que ser\u00e1 recolectada la nueva informaci\u00f3n para nutrir el programa de manejo y tener el documento que defina:<\/p>\n<p>&nbsp;<\/p>\n<p>-Actividades permitidas<\/p>\n<p>-Lugares permitidos para actividades<\/p>\n<p>-Limitantes en lugar<\/p>\n<p>-Zonas a restaurar<\/p>\n<p>-Zonas a conservar<\/p>\n<p>-Zonificaci\u00f3n del \u00e1rea natural protegida, entre otros puntos.<\/p>\n<p>&nbsp;<\/p>\n<p>La directora de Ecolog\u00eda en el municipio indic\u00f3 que este mismo trabajo se tiene que realizar con el Sistema Lagunar los Jag\u00fceyes, que recientemente fue declarado como \u00c1rea Natural Protegida de car\u00e1cter municipal.<\/p>\n<p>&nbsp;<\/p>\n<p>Por \u00faltimo destac\u00f3 que los programas de manejo siempre ser\u00e1n diferentes, ya que depende del tipo de ecosistema, flora y fauna espec\u00edfica, entre otros, y es un documento que permite tener certeza sobre la viabilidad de estos sitios a largo plazo.<\/p>\n<p>Fecha de Publicaci\u00f3n\u00a0 s\u00e1bado \/ 28\u00a0 \/ agosto \/ 2021<\/p>\n<p>&nbsp;<\/p>\n","protected":false},"excerpt":{"rendered":"<p>HERMOSILLO, SONORA,MX.\u2500\u2500 Un equipo multidisciplinario conformado por el Instituto Municipal de Ecolog\u00eda de CIDUE y&#8230;<\/p>\n","protected":false},"author":1,"featured_media":121572,"comment_status":"open","ping_status":"open","sticky":false,"template":"","format":"standard","meta":{"_monsterinsights_skip_tracking":false,"_monsterinsights_sitenote_active":false,"_monsterinsights_sitenote_note":"","_monsterinsights_sitenote_category":0,"footnotes":""},"categories":[4],"tags":[4801,4045,35],"class_list":["post"],"yoast_head":" \n<title>Sonora en Equipo. Avanza Programa de Manejo del Cerro Johnson por parte de Ecolog\u00eda Municipal Municipios<\/title>\n<meta name=\"description\" content=\"HERMOSILLO, SONORA,MX.\u2500\u2500 Un equipo multidisciplinario conformado por el Instituto Municipal de Ecolog\u00eda de CIDUE y la sociedad civil representada por En Sonora en Equipo publicamos toda la informaci\u00f3n de Sonora, M\u00e9xico y el Mundo de manera oportuna y busca que la libertad de expresi\u00f3n sea real. Visita nuestro medio informativo publicado desde Hermosillo, Sonora. %\" \/>\n<meta name=\"robots\" content=\"index, follow, max-snippet:-1, max-image-preview:large, max-video-preview:-1\" \/>\n<link rel=\"canonical\" href=\"https:\/\/www.sonoraenequipo.com.mx\/avanza-programa-de-manejo-del-cerro-johnson-por-parte-de-ecologia-municipal\/\" \/>\n<meta property=\"og:locale\" content=\"es_ES\" \/>\n<meta property=\"og:type\" content=\"article\" \/>\n<meta property=\"og:title\" content=\"Sonora en Equipo. Avanza Programa de Manejo del Cerro Johnson por parte de Ecolog\u00eda Municipal Municipios\" \/>\n<meta property=\"og:description\" content=\"HERMOSILLO, SONORA,MX.\u2500\u2500 Un equipo multidisciplinario conformado por el Instituto Municipal de Ecolog\u00eda de CIDUE y la sociedad civil representada por En Sonora en Equipo publicamos toda la informaci\u00f3n de Sonora, M\u00e9xico y el Mundo de manera oportuna y busca que la libertad de expresi\u00f3n sea real. Visita nuestro medio informativo publicado desde Hermosillo, Sonora. %\" \/>\n<meta property=\"og:url\" content=\"https:\/\/www.sonoraenequipo.com.mx\/avanza-programa-de-manejo-del-cerro-johnson-por-parte-de-ecologia-municipal\/\" \/>\n<meta property=\"og:site_name\" content=\"Sonora en Equipo.\" \/>\n<meta property=\"article:publisher\" content=\"https:\/\/www.facebook.com\/SonoraEE\/\" \/>\n<meta property=\"article:author\" content=\"https:\/\/www.facebook.com\/SonoraEE\" \/>\n<meta property=\"article:published_time\" content=\"2021-08-28T15:30:29+00:00\" \/>\n<meta property=\"article:modified_time\" content=\"2021-08-28T17:00:14+00:00\" \/>\n<meta property=\"og:image\" content=\"https:\/\/www.sonoraenequipo.com.mx\/storage\/2021\/08\/cerro-johnson.jpg\" \/>\n\t<meta property=\"og:image:width\" content=\"700\" \/>\n\t<meta property=\"og:image:height\" content=\"400\" \/>\n\t<meta property=\"og:image:type\" content=\"image\/jpeg\" \/>\n<meta name=\"author\" content=\"enequipo\" \/>\n<meta name=\"twitter:card\" content=\"summary_large_image\" \/>\n<meta name=\"twitter:creator\" content=\"@sonoraenequipo\" \/>\n<meta name=\"twitter:site\" content=\"@sonoraenequipo\" \/>\n<meta name=\"twitter:label1\" content=\"Escrito por\" \/>\n\t<meta name=\"twitter:data1\" content=\"enequipo\" \/>\n\t<meta name=\"twitter:label2\" content=\"Tiempo de lectura\" \/>\n\t<meta name=\"twitter:data2\" content=\"2 minutos\" \/>\n<script type=\"application\/ld+json\" class=\"yoast-schema-graph\">{\"@context\":\"https:\/\/schema.org\",\"@graph\":[{\"@type\":\"Article\",\"@id\":\"https:\/\/www.sonoraenequipo.com.mx\/avanza-programa-de-manejo-del-cerro-johnson-por-parte-de-ecologia-municipal\/#article\",\"isPartOf\":{\"@id\":\"https:\/\/www.sonoraenequipo.com.mx\/avanza-programa-de-manejo-del-cerro-johnson-por-parte-de-ecologia-municipal\/\"},\"author\":{\"name\":\"enequipo\",\"@id\":\"https:\/\/www.sonoraenequipo.com.mx\/#\/schema\/person\/50102df0fb23a8fa9e8effad8fa81386\"},\"headline\":\"Avanza Programa de Manejo del Cerro Johnson por parte de Ecolog\u00eda Municipal\",\"datePublished\":\"2021-08-28T15:30:29+00:00\",\"dateModified\":\"2021-08-28T17:00:14+00:00\",\"mainEntityOfPage\":{\"@id\":\"https:\/\/www.sonoraenequipo.com.mx\/avanza-programa-de-manejo-del-cerro-johnson-por-parte-de-ecologia-municipal\/\"},\"wordCount\":297,\"commentCount\":0,\"publisher\":{\"@id\":\"https:\/\/www.sonoraenequipo.com.mx\/#organization\"},\"image\":{\"@id\":\"https:\/\/www.sonoraenequipo.com.mx\/avanza-programa-de-manejo-del-cerro-johnson-por-parte-de-ecologia-municipal\/#primaryimage\"},\"thumbnailUrl\":\"https:\/\/www.sonoraenequipo.com.mx\/storage\/2021\/08\/cerro-johnson.jpg\",\"keywords\":[\"Cerro Johnson\",\"Ecologi\u0301a\",\"hermosillo\"],\"articleSection\":[\"Municipios\"],\"inLanguage\":\"es\",\"potentialAction\":[{\"@type\":\"CommentAction\",\"name\":\"Comment\",\"target\":[\"https:\/\/www.sonoraenequipo.com.mx\/avanza-programa-de-manejo-del-cerro-johnson-por-parte-de-ecologia-municipal\/#respond\"]}]},{\"@type\":\"WebPage\",\"@id\":\"https:\/\/www.sonoraenequipo.com.mx\/avanza-programa-de-manejo-del-cerro-johnson-por-parte-de-ecologia-municipal\/\",\"url\":\"https:\/\/www.sonoraenequipo.com.mx\/avanza-programa-de-manejo-del-cerro-johnson-por-parte-de-ecologia-municipal\/\",\"name\":\"Sonora en Equipo. Avanza Programa de Manejo del Cerro Johnson por parte de Ecolog\u00eda Municipal Municipios\",\"isPartOf\":{\"@id\":\"https:\/\/www.sonoraenequipo.com.mx\/#website\"},\"primaryImageOfPage\":{\"@id\":\"https:\/\/www.sonoraenequipo.com.mx\/avanza-programa-de-manejo-del-cerro-johnson-por-parte-de-ecologia-municipal\/#primaryimage\"},\"image\":{\"@id\":\"https:\/\/www.sonoraenequipo.com.mx\/avanza-programa-de-manejo-del-cerro-johnson-por-parte-de-ecologia-municipal\/#primaryimage\"},\"thumbnailUrl\":\"https:\/\/www.sonoraenequipo.com.mx\/storage\/2021\/08\/cerro-johnson.jpg\",\"datePublished\":\"2021-08-28T15:30:29+00:00\",\"dateModified\":\"2021-08-28T17:00:14+00:00\",\"description\":\"HERMOSILLO, SONORA,MX.\u2500\u2500 Un equipo multidisciplinario conformado por el Instituto Municipal de Ecolog\u00eda de CIDUE y la sociedad civil representada por En Sonora en Equipo publicamos toda la informaci\u00f3n de Sonora, M\u00e9xico y el Mundo de manera oportuna y busca que la libertad de expresi\u00f3n sea real. Visita nuestro medio informativo publicado desde Hermosillo, Sonora. %\",\"breadcrumb\":{\"@id\":\"https:\/\/www.sonoraenequipo.com.mx\/avanza-programa-de-manejo-del-cerro-johnson-por-parte-de-ecologia-municipal\/#breadcrumb\"},\"inLanguage\":\"es\",\"potentialAction\":[{\"@type\":\"ReadAction\",\"target\":[\"https:\/\/www.sonoraenequipo.com.mx\/avanza-programa-de-manejo-del-cerro-johnson-por-parte-de-ecologia-municipal\/\"]}]},{\"@type\":\"ImageObject\",\"inLanguage\":\"es\",\"@id\":\"https:\/\/www.sonoraenequipo.com.mx\/avanza-programa-de-manejo-del-cerro-johnson-por-parte-de-ecologia-municipal\/#primaryimage\",\"url\":\"https:\/\/www.sonoraenequipo.com.mx\/storage\/2021\/08\/cerro-johnson.jpg\",\"contentUrl\":\"https:\/\/www.sonoraenequipo.com.mx\/storage\/2021\/08\/cerro-johnson.jpg\",\"width\":700,\"height\":400},{\"@type\":\"BreadcrumbList\",\"@id\":\"https:\/\/www.sonoraenequipo.com.mx\/avanza-programa-de-manejo-del-cerro-johnson-por-parte-de-ecologia-municipal\/#breadcrumb\",\"itemListElement\":[{\"@type\":\"ListItem\",\"position\":1,\"name\":\"Portada\",\"item\":\"https:\/\/www.sonoraenequipo.com.mx\/\"},{\"@type\":\"ListItem\",\"position\":2,\"name\":\"Avanza Programa de Manejo del Cerro Johnson por parte de Ecolog\u00eda Municipal\"}]},{\"@type\":\"WebSite\",\"@id\":\"https:\/\/www.sonoraenequipo.com.mx\/#website\",\"url\":\"https:\/\/www.sonoraenequipo.com.mx\/\",\"name\":\"Sonora en Equipo.\",\"description\":\"Diario en l\u00ednea con Noticias desde Hermosillo, Sonora\",\"publisher\":{\"@id\":\"https:\/\/www.sonoraenequipo.com.mx\/#organization\"},\"potentialAction\":[{\"@type\":\"SearchAction\",\"target\":{\"@type\":\"EntryPoint\",\"urlTemplate\":\"https:\/\/www.sonoraenequipo.com.mx\/?s={search_term_string}\"},\"query-input\":{\"@type\":\"PropertyValueSpecification\",\"valueRequired\":true,\"valueName\":\"search_term_string\"}}],\"inLanguage\":\"es\"},{\"@type\":\"Organization\",\"@id\":\"https:\/\/www.sonoraenequipo.com.mx\/#organization\",\"name\":\"Sonoraenequipo.com.mx\",\"url\":\"https:\/\/www.sonoraenequipo.com.mx\/\",\"logo\":{\"@type\":\"ImageObject\",\"inLanguage\":\"es\",\"@id\":\"https:\/\/www.sonoraenequipo.com.mx\/#\/schema\/logo\/image\/\",\"url\":\"https:\/\/www.sonoraenequipo.com.mx\/storage\/2019\/01\/sonoraenequipo_opt.png\",\"contentUrl\":\"https:\/\/www.sonoraenequipo.com.mx\/storage\/2019\/01\/sonoraenequipo_opt.png\",\"width\":375,\"height\":125,\"caption\":\"Sonoraenequipo.com.mx\"},\"image\":{\"@id\":\"https:\/\/www.sonoraenequipo.com.mx\/#\/schema\/logo\/image\/\"},\"sameAs\":[\"https:\/\/www.facebook.com\/SonoraEE\/\",\"https:\/\/x.com\/sonoraenequipo\",\"https:\/\/www.youtube.com\/channel\/UC338nW-lPEYmJQs4ZABQ1SQ\"]},{\"@type\":\"Person\",\"@id\":\"https:\/\/www.sonoraenequipo.com.mx\/#\/schema\/person\/50102df0fb23a8fa9e8effad8fa81386\",\"name\":\"enequipo\",\"image\":{\"@type\":\"ImageObject\",\"inLanguage\":\"es\",\"@id\":\"https:\/\/www.sonoraenequipo.com.mx\/#\/schema\/person\/image\/\",\"url\":\"https:\/\/secure.gravatar.com\/avatar\/049821681b589dabc0bc20695993ccebb09f5b5d4d790cd9251b97faac7c652b?s=96&d=blank&r=g\",\"contentUrl\":\"https:\/\/secure.gravatar.com\/avatar\/049821681b589dabc0bc20695993ccebb09f5b5d4d790cd9251b97faac7c652b?s=96&d=blank&r=g\",\"caption\":\"enequipo\"},\"sameAs\":[\"https:\/\/www.facebook.com\/SonoraEE\"]}]}<\/script>\n ","yoast_head_json":{"title":"Sonora en Equipo. Avanza Programa de Manejo del Cerro Johnson por parte de Ecolog\u00eda Municipal Municipios","description":"HERMOSILLO, SONORA,MX.\u2500\u2500 Un equipo multidisciplinario conformado por el Instituto Municipal de Ecolog\u00eda de CIDUE y la sociedad civil representada por En Sonora en Equipo publicamos toda la informaci\u00f3n de Sonora, M\u00e9xico y el Mundo de manera oportuna y busca que la libertad de expresi\u00f3n sea real. Visita nuestro medio informativo publicado desde Hermosillo, Sonora. %","robots":{"index":"index","follow":"follow","max-snippet":"max-snippet:-1","max-image-preview":"max-image-preview:large","max-video-preview":"max-video-preview:-1"},"canonical":"https:\/\/www.sonoraenequipo.com.mx\/avanza-programa-de-manejo-del-cerro-johnson-por-parte-de-ecologia-municipal\/","og_locale":"es_ES","og_type":"article","og_title":"Sonora en Equipo. Avanza Programa de Manejo del Cerro Johnson por parte de Ecolog\u00eda Municipal Municipios","og_description":"HERMOSILLO, SONORA,MX.\u2500\u2500 Un equipo multidisciplinario conformado por el Instituto Municipal de Ecolog\u00eda de CIDUE y la sociedad civil representada por En Sonora en Equipo publicamos toda la informaci\u00f3n de Sonora, M\u00e9xico y el Mundo de manera oportuna y busca que la libertad de expresi\u00f3n sea real. Visita nuestro medio informativo publicado desde Hermosillo, Sonora. %","og_url":"https:\/\/www.sonoraenequipo.com.mx\/avanza-programa-de-manejo-del-cerro-johnson-por-parte-de-ecologia-municipal\/","og_site_name":"Sonora en Equipo.","article_publisher":"https:\/\/www.facebook.com\/SonoraEE\/","article_author":"https:\/\/www.facebook.com\/SonoraEE","article_published_time":"2021-08-28T15:30:29+00:00","article_modified_time":"2021-08-28T17:00:14+00:00","og_image":[{"width":700,"height":400,"url":"https:\/\/www.sonoraenequipo.com.mx\/storage\/2021\/08\/cerro-johnson.jpg","type":"image\/jpeg"}],"author":"enequipo","twitter_card":"summary_large_image","twitter_creator":"@sonoraenequipo","twitter_site":"@sonoraenequipo","twitter_misc":{"Escrito por":"enequipo","Tiempo de lectura":"2 minutos"},"schema":{"@context":"https:\/\/schema.org","@graph":[{"@type":"Article","@id":"https:\/\/www.sonoraenequipo.com.mx\/avanza-programa-de-manejo-del-cerro-johnson-por-parte-de-ecologia-municipal\/#article","isPartOf":{"@id":"https:\/\/www.sonoraenequipo.com.mx\/avanza-programa-de-manejo-del-cerro-johnson-por-parte-de-ecologia-municipal\/"},"author":{"name":"enequipo","@id":"https:\/\/www.sonoraenequipo.com.mx\/#\/schema\/person\/50102df0fb23a8fa9e8effad8fa81386"},"headline":"Avanza Programa de Manejo del Cerro Johnson por parte de Ecolog\u00eda Municipal","datePublished":"2021-08-28T15:30:29+00:00","dateModified":"2021-08-28T17:00:14+00:00","mainEntityOfPage":{"@id":"https:\/\/www.sonoraenequipo.com.mx\/avanza-programa-de-manejo-del-cerro-johnson-por-parte-de-ecologia-municipal\/"},"wordCount":297,"commentCount":0,"publisher":{"@id":"https:\/\/www.sonoraenequipo.com.mx\/#organization"},"image":{"@id":"https:\/\/www.sonoraenequipo.com.mx\/avanza-programa-de-manejo-del-cerro-johnson-por-parte-de-ecologia-municipal\/#primaryimage"},"thumbnailUrl":"https:\/\/www.sonoraenequipo.com.mx\/storage\/2021\/08\/cerro-johnson.jpg","keywords":["Cerro Johnson","Ecologi\u0301a","hermosillo"],"articleSection":["Municipios"],"inLanguage":"es","potentialAction":[{"@type":"CommentAction","name":"Comment","target":["https:\/\/www.sonoraenequipo.com.mx\/avanza-programa-de-manejo-del-cerro-johnson-por-parte-de-ecologia-municipal\/#respond"]}]},{"@type":"WebPage","@id":"https:\/\/www.sonoraenequipo.com.mx\/avanza-programa-de-manejo-del-cerro-johnson-por-parte-de-ecologia-municipal\/","url":"https:\/\/www.sonoraenequipo.com.mx\/avanza-programa-de-manejo-del-cerro-johnson-por-parte-de-ecologia-municipal\/","name":"Sonora en Equipo. Avanza Programa de Manejo del Cerro Johnson por parte de Ecolog\u00eda Municipal Municipios","isPartOf":{"@id":"https:\/\/www.sonoraenequipo.com.mx\/#website"},"primaryImageOfPage":{"@id":"https:\/\/www.sonoraenequipo.com.mx\/avanza-programa-de-manejo-del-cerro-johnson-por-parte-de-ecologia-municipal\/#primaryimage"},"image":{"@id":"https:\/\/www.sonoraenequipo.com.mx\/avanza-programa-de-manejo-del-cerro-johnson-por-parte-de-ecologia-municipal\/#primaryimage"},"thumbnailUrl":"https:\/\/www.sonoraenequipo.com.mx\/storage\/2021\/08\/cerro-johnson.jpg","datePublished":"2021-08-28T15:30:29+00:00","dateModified":"2021-08-28T17:00:14+00:00","description":"HERMOSILLO, SONORA,MX.\u2500\u2500 Un equipo multidisciplinario conformado por el Instituto Municipal de Ecolog\u00eda de CIDUE y la sociedad civil representada por En Sonora en Equipo publicamos toda la informaci\u00f3n de Sonora, M\u00e9xico y el Mundo de manera oportuna y busca que la libertad de expresi\u00f3n sea real. Visita nuestro medio informativo publicado desde Hermosillo, Sonora. %","breadcrumb":{"@id":"https:\/\/www.sonoraenequipo.com.mx\/avanza-programa-de-manejo-del-cerro-johnson-por-parte-de-ecologia-municipal\/#breadcrumb"},"inLanguage":"es","potentialAction":[{"@type":"ReadAction","target":["https:\/\/www.sonoraenequipo.com.mx\/avanza-programa-de-manejo-del-cerro-johnson-por-parte-de-ecologia-municipal\/"]}]},{"@type":"ImageObject","inLanguage":"es","@id":"https:\/\/www.sonoraenequipo.com.mx\/avanza-programa-de-manejo-del-cerro-johnson-por-parte-de-ecologia-municipal\/#primaryimage","url":"https:\/\/www.sonoraenequipo.com.mx\/storage\/2021\/08\/cerro-johnson.jpg","contentUrl":"https:\/\/www.sonoraenequipo.com.mx\/storage\/2021\/08\/cerro-johnson.jpg","width":700,"height":400},{"@type":"BreadcrumbList","@id":"https:\/\/www.sonoraenequipo.com.mx\/avanza-programa-de-manejo-del-cerro-johnson-por-parte-de-ecologia-municipal\/#breadcrumb","itemListElement":[{"@type":"ListItem","position":1,"name":"Portada","item":"https:\/\/www.sonoraenequipo.com.mx\/"},{"@type":"ListItem","position":2,"name":"Avanza Programa de Manejo del Cerro Johnson por parte de Ecolog\u00eda Municipal"}]},{"@type":"WebSite","@id":"https:\/\/www.sonoraenequipo.com.mx\/#website","url":"https:\/\/www.sonoraenequipo.com.mx\/","name":"Sonora en Equipo.","description":"Diario en l\u00ednea con Noticias desde Hermosillo, Sonora","publisher":{"@id":"https:\/\/www.sonoraenequipo.com.mx\/#organization"},"potentialAction":[{"@type":"SearchAction","target":{"@type":"EntryPoint","urlTemplate":"https:\/\/www.sonoraenequipo.com.mx\/?s={search_term_string}"},"query-input":{"@type":"PropertyValueSpecification","valueRequired":true,"valueName":"search_term_string"}}],"inLanguage":"es"},{"@type":"Organization","@id":"https:\/\/www.sonoraenequipo.com.mx\/#organization","name":"Sonoraenequipo.com.mx","url":"https:\/\/www.sonoraenequipo.com.mx\/","logo":{"@type":"ImageObject","inLanguage":"es","@id":"https:\/\/www.sonoraenequipo.com.mx\/#\/schema\/logo\/image\/","url":"https:\/\/www.sonoraenequipo.com.mx\/storage\/2019\/01\/sonoraenequipo_opt.png","contentUrl":"https:\/\/www.sonoraenequipo.com.mx\/storage\/2019\/01\/sonoraenequipo_opt.png","width":375,"height":125,"caption":"Sonoraenequipo.com.mx"},"image":{"@id":"https:\/\/www.sonoraenequipo.com.mx\/#\/schema\/logo\/image\/"},"sameAs":["https:\/\/www.facebook.com\/SonoraEE\/","https:\/\/x.com\/sonoraenequipo","https:\/\/www.youtube.com\/channel\/UC338nW-lPEYmJQs4ZABQ1SQ"]},{"@type":"Person","@id":"https:\/\/www.sonoraenequipo.com.mx\/#\/schema\/person\/50102df0fb23a8fa9e8effad8fa81386","name":"enequipo","image":{"@type":"ImageObject","inLanguage":"es","@id":"https:\/\/www.sonoraenequipo.com.mx\/#\/schema\/person\/image\/","url":"https:\/\/secure.gravatar.com\/avatar\/049821681b589dabc0bc20695993ccebb09f5b5d4d790cd9251b97faac7c652b?s=96&d=blank&r=g","contentUrl":"https:\/\/secure.gravatar.com\/avatar\/049821681b589dabc0bc20695993ccebb09f5b5d4d790cd9251b97faac7c652b?s=96&d=blank&r=g","caption":"enequipo"},"sameAs":["https:\/\/www.facebook.com\/SonoraEE"]}]}},"jetpack_featured_media_url":"https:\/\/www.sonoraenequipo.com.mx\/storage\/2021\/08\/cerro-johnson.jpg","_links":{"self":[{"href":"https:\/\/www.sonoraenequipo.com.mx\/api\/wp\/v2\/posts\/121571","targetHints":{"allow":["GET"]}}],"collection":[{"href":"https:\/\/www.sonoraenequipo.com.mx\/api\/wp\/v2\/posts"}],"about":[{"href":"https:\/\/www.sonoraenequipo.com.mx\/api\/wp\/v2\/types\/post"}],"author":[{"embeddable":true,"href":"https:\/\/www.sonoraenequipo.com.mx\/api\/wp\/v2\/users\/1"}],"replies":[{"embeddable":true,"href":"https:\/\/www.sonoraenequipo.com.mx\/api\/wp\/v2\/comments?post=121571"}],"version-history":[{"count":1,"href":"https:\/\/www.sonoraenequipo.com.mx\/api\/wp\/v2\/posts\/121571\/revisions"}],"predecessor-version":[{"id":121574,"href":"https:\/\/www.sonoraenequipo.com.mx\/api\/wp\/v2\/posts\/121571\/revisions\/121574"}],"wp:featuredmedia":[{"embeddable":true,"href":"https:\/\/www.sonoraenequipo.com.mx\/api\/wp\/v2\/media\/121572"}],"wp:attachment":[{"href":"https:\/\/www.sonoraenequipo.com.mx\/api\/wp\/v2\/media?parent=121571"}],"wp:term":[{"taxonomy":"category","embeddable":true,"href":"https:\/\/www.sonoraenequipo.com.mx\/api\/wp\/v2\/categories?post=121571"},{"taxonomy":"post_tag","embeddable":true,"href":"https:\/\/www.sonoraenequipo.com.mx\/api\/wp\/v2\/tags?post=121571"}],"curies":[{"name":"wp","href":"https:\/\/api.w.org\/{rel}","templated":true}]}}