{"id":121581,"date":"2021-08-27T20:25:33","date_gmt":"2021-08-28T03:25:33","guid":{"rendered":"https:\/\/www.sonoraenequipo.com.mx\/?p=121581"},"modified":"2021-08-27T22:33:56","modified_gmt":"2021-08-28T05:33:56","slug":"destaca-diputada-marcia-camarena-moncada-logros-en-favor-de-los-sonorenses","status":"publish","type":"post","link":"https:\/\/www.sonoraenequipo.com.mx\/destaca-diputada-marcia-camarena-moncada-logros-en-favor-de-los-sonorenses\/","title":{"rendered":"Destaca diputada Marcia Camarena Moncada logros en favor de los sonorenses"},"content":{"rendered":"<p>HERMOSILLO, SONORA. MX. \u2014 La diputada Marcia Camarena Moncada, representante del distrito XX con cabecera en Etchojoa, present\u00f3 ante el Congreso Estatal, diversas actividades que realiz\u00f3 durante esta legislatura, en las cuales se enfoc\u00f3 en materia de derechos humanos, inclusi\u00f3n, atenci\u00f3n a grupos vulnerables, salud y vivienda, entre otros temas.<\/p>\n<p>&nbsp;<\/p>\n<p> <\/p>\n<p>&nbsp;<\/p>\n<p>De este modo, asever\u00f3 sentirse sumamente honrada de impulsar diversas propuestas, sobre todo en beneficio de los sectores m\u00e1s vulnerables, que fueron aprobadas por el Congreso del Estado, siendo estos grandes logros para la legisladora.<\/p>\n<p>&nbsp;<\/p>\n<p>&nbsp;<\/p>\n<p>Una de sus iniciativas m\u00e1s importantes, un seguro de vida para jornaleros agr\u00edcolas, asimismo la afiliaci\u00f3n al Instituto Mexicano del Seguro Social por parte de sus empleadores y un transporte digno a sus lugares de trabajo. A su vez, tras una ardua lucha para garantizar mayores castigos en materia de delitos sexuales, Camarena Moncada logro el aumento de penas por acoso sexual en Sonora, a fin de defender la dignidad de quienes se han visto frecuentemente vulnerados por este delito.<\/p>\n<p>&nbsp;<\/p>\n<p>&nbsp;<\/p>\n<p>Simult\u00e1neamente, en materia de vivienda e infraestructura p\u00fablica, la diputada reafirm\u00f3 su compromiso impulsado grandes obras para su distrito, ya que gracias a su gesti\u00f3n se llev\u00f3 a cabo la construcci\u00f3n de viviendas en distintas comunidades de Etchojoa, que actualmente brindan seguridad, bienestar y dignidad a quienes las habitan. La legisladora en todo momento, dentro y fuera de la tribuna, ha se\u00f1alado que \u00e9ste es un derecho b\u00e1sico, que todo sonorense debe ser acreedor, ya que esto significa tener un patrimonio para las futuras generaciones, as\u00ed como adem\u00e1s foment\u00f3 el mejoramiento de infraestructura educativa y deportiva.<\/p>\n<p>&nbsp;<\/p>\n<p>&nbsp;<\/p>\n<p>Por otro lado, para prevenir y erradicar la violencia y discriminaci\u00f3n hacia las mujeres, la diputada impuls\u00f3 la protecci\u00f3n a mujeres ind\u00edgenas en la entidad. Asimismo, en su facultad como presidenta de la Comisi\u00f3n de Atenci\u00f3n a Grupos Vulnerables de la Sociedad, prioriz\u00f3 en su agenda legislativa la inclusi\u00f3n a personas con discapacidad, donde gracias a su labor, el Congreso Local implement\u00f3 traductores de se\u00f1as en sus sesiones y este lenguaje en sus medios informativos.<\/p>\n<p>&nbsp;<\/p>\n<p>Igualmente, la representante, quien ha sido una gran impulsora del deporte, promovi\u00f3 el deporte adaptado, as\u00ed como la adecuaci\u00f3n de infraestructura deportiva, que favorezca la integraci\u00f3n de todas aquellas personas con alguna discapacidad. Adem\u00e1s, estableci\u00f3 sanciones para la violencia en eventos deportivos con el fin de proteger a espectadores, deportistas y sobre todo a ni\u00f1os y ni\u00f1as. Por otra parte, concret\u00f3 tipificar como delito la rapi\u00f1a.<\/p>\n<p>&nbsp;<\/p>\n<p>&nbsp;<\/p>\n<p>Para finalizar, dio las gracias a todas las familias sonorenses por confiar en su labor en el Congreso del Estado de Sonora.<\/p>\n<p>&nbsp;<\/p>\n<p><em>\u00abActuar con firmeza y honestidad es el camino que trac\u00e9 para legislar en beneficio de los sonorenses, es un compromiso que fue m\u00e1s all\u00e1 de un cargo, este fue un compromiso que siempre llev\u00e9 en el coraz\u00f3n\u00bb,<\/em> finaliz\u00f3.<\/p>\n<p>&nbsp;<\/p>\n<p>&nbsp;<\/p>\n<p>&nbsp;<\/p>\n<p>(Publicada el 27\/08\/2021)<\/p>\n","protected":false},"excerpt":{"rendered":"<p>HERMOSILLO, SONORA. MX. \u2014 La diputada Marcia Camarena Moncada, representante del distrito XX con cabecera&#8230;<\/p>\n","protected":false},"author":1,"featured_media":0,"comment_status":"open","ping_status":"open","sticky":false,"template":"","format":"standard","meta":{"_monsterinsights_skip_tracking":false,"_monsterinsights_sitenote_active":false,"_monsterinsights_sitenote_note":"","_monsterinsights_sitenote_category":0,"footnotes":""},"categories":[3281],"tags":[],"class_list":["post"],"yoast_head":" \n<title>Sonora en Equipo. Destaca diputada Marcia Camarena Moncada logros en favor de los sonorenses Congreso<\/title>\n<meta name=\"description\" content=\"HERMOSILLO, SONORA. MX. \u2014 La diputada Marcia Camarena Moncada, representante del distrito XX con cabecera en Etchojoa, present\u00f3 ante el Congreso Estatal, En Sonora en Equipo publicamos toda la informaci\u00f3n de Sonora, M\u00e9xico y el Mundo de manera oportuna y busca que la libertad de expresi\u00f3n sea real. Visita nuestro medio informativo publicado desde Hermosillo, Sonora. %\" \/>\n<meta name=\"robots\" content=\"index, follow, max-snippet:-1, max-image-preview:large, max-video-preview:-1\" \/>\n<link rel=\"canonical\" href=\"https:\/\/www.sonoraenequipo.com.mx\/destaca-diputada-marcia-camarena-moncada-logros-en-favor-de-los-sonorenses\/\" \/>\n<meta property=\"og:locale\" content=\"es_ES\" \/>\n<meta property=\"og:type\" content=\"article\" \/>\n<meta property=\"og:title\" content=\"Sonora en Equipo. Destaca diputada Marcia Camarena Moncada logros en favor de los sonorenses Congreso\" \/>\n<meta property=\"og:description\" content=\"HERMOSILLO, SONORA. MX. \u2014 La diputada Marcia Camarena Moncada, representante del distrito XX con cabecera en Etchojoa, present\u00f3 ante el Congreso Estatal, En Sonora en Equipo publicamos toda la informaci\u00f3n de Sonora, M\u00e9xico y el Mundo de manera oportuna y busca que la libertad de expresi\u00f3n sea real. Visita nuestro medio informativo publicado desde Hermosillo, Sonora. %\" \/>\n<meta property=\"og:url\" content=\"https:\/\/www.sonoraenequipo.com.mx\/destaca-diputada-marcia-camarena-moncada-logros-en-favor-de-los-sonorenses\/\" \/>\n<meta property=\"og:site_name\" content=\"Sonora en Equipo.\" \/>\n<meta property=\"article:publisher\" content=\"https:\/\/www.facebook.com\/SonoraEE\/\" \/>\n<meta property=\"article:author\" content=\"https:\/\/www.facebook.com\/SonoraEE\" \/>\n<meta property=\"article:published_time\" content=\"2021-08-28T03:25:33+00:00\" \/>\n<meta property=\"article:modified_time\" content=\"2021-08-28T05:33:56+00:00\" \/>\n<meta name=\"author\" content=\"enequipo\" \/>\n<meta name=\"twitter:card\" content=\"summary_large_image\" \/>\n<meta name=\"twitter:creator\" content=\"@sonoraenequipo\" \/>\n<meta name=\"twitter:site\" content=\"@sonoraenequipo\" \/>\n<meta name=\"twitter:label1\" content=\"Escrito por\" \/>\n\t<meta name=\"twitter:data1\" content=\"enequipo\" \/>\n\t<meta name=\"twitter:label2\" content=\"Tiempo de lectura\" \/>\n\t<meta name=\"twitter:data2\" content=\"3 minutos\" \/>\n<script type=\"application\/ld+json\" class=\"yoast-schema-graph\">{\"@context\":\"https:\/\/schema.org\",\"@graph\":[{\"@type\":\"Article\",\"@id\":\"https:\/\/www.sonoraenequipo.com.mx\/destaca-diputada-marcia-camarena-moncada-logros-en-favor-de-los-sonorenses\/#article\",\"isPartOf\":{\"@id\":\"https:\/\/www.sonoraenequipo.com.mx\/destaca-diputada-marcia-camarena-moncada-logros-en-favor-de-los-sonorenses\/\"},\"author\":{\"name\":\"enequipo\",\"@id\":\"https:\/\/www.sonoraenequipo.com.mx\/#\/schema\/person\/50102df0fb23a8fa9e8effad8fa81386\"},\"headline\":\"Destaca diputada Marcia Camarena Moncada logros en favor de los sonorenses\",\"datePublished\":\"2021-08-28T03:25:33+00:00\",\"dateModified\":\"2021-08-28T05:33:56+00:00\",\"mainEntityOfPage\":{\"@id\":\"https:\/\/www.sonoraenequipo.com.mx\/destaca-diputada-marcia-camarena-moncada-logros-en-favor-de-los-sonorenses\/\"},\"wordCount\":517,\"commentCount\":0,\"publisher\":{\"@id\":\"https:\/\/www.sonoraenequipo.com.mx\/#organization\"},\"articleSection\":[\"Congreso\"],\"inLanguage\":\"es\",\"potentialAction\":[{\"@type\":\"CommentAction\",\"name\":\"Comment\",\"target\":[\"https:\/\/www.sonoraenequipo.com.mx\/destaca-diputada-marcia-camarena-moncada-logros-en-favor-de-los-sonorenses\/#respond\"]}]},{\"@type\":\"WebPage\",\"@id\":\"https:\/\/www.sonoraenequipo.com.mx\/destaca-diputada-marcia-camarena-moncada-logros-en-favor-de-los-sonorenses\/\",\"url\":\"https:\/\/www.sonoraenequipo.com.mx\/destaca-diputada-marcia-camarena-moncada-logros-en-favor-de-los-sonorenses\/\",\"name\":\"Sonora en Equipo. Destaca diputada Marcia Camarena Moncada logros en favor de los sonorenses Congreso\",\"isPartOf\":{\"@id\":\"https:\/\/www.sonoraenequipo.com.mx\/#website\"},\"datePublished\":\"2021-08-28T03:25:33+00:00\",\"dateModified\":\"2021-08-28T05:33:56+00:00\",\"description\":\"HERMOSILLO, SONORA. MX. \u2014 La diputada Marcia Camarena Moncada, representante del distrito XX con cabecera en Etchojoa, present\u00f3 ante el Congreso Estatal, En Sonora en Equipo publicamos toda la informaci\u00f3n de Sonora, M\u00e9xico y el Mundo de manera oportuna y busca que la libertad de expresi\u00f3n sea real. Visita nuestro medio informativo publicado desde Hermosillo, Sonora. %\",\"breadcrumb\":{\"@id\":\"https:\/\/www.sonoraenequipo.com.mx\/destaca-diputada-marcia-camarena-moncada-logros-en-favor-de-los-sonorenses\/#breadcrumb\"},\"inLanguage\":\"es\",\"potentialAction\":[{\"@type\":\"ReadAction\",\"target\":[\"https:\/\/www.sonoraenequipo.com.mx\/destaca-diputada-marcia-camarena-moncada-logros-en-favor-de-los-sonorenses\/\"]}]},{\"@type\":\"BreadcrumbList\",\"@id\":\"https:\/\/www.sonoraenequipo.com.mx\/destaca-diputada-marcia-camarena-moncada-logros-en-favor-de-los-sonorenses\/#breadcrumb\",\"itemListElement\":[{\"@type\":\"ListItem\",\"position\":1,\"name\":\"Portada\",\"item\":\"https:\/\/www.sonoraenequipo.com.mx\/\"},{\"@type\":\"ListItem\",\"position\":2,\"name\":\"Destaca diputada Marcia Camarena Moncada logros en favor de los sonorenses\"}]},{\"@type\":\"WebSite\",\"@id\":\"https:\/\/www.sonoraenequipo.com.mx\/#website\",\"url\":\"https:\/\/www.sonoraenequipo.com.mx\/\",\"name\":\"Sonora en Equipo.\",\"description\":\"Diario en l\u00ednea con Noticias desde Hermosillo, Sonora\",\"publisher\":{\"@id\":\"https:\/\/www.sonoraenequipo.com.mx\/#organization\"},\"potentialAction\":[{\"@type\":\"SearchAction\",\"target\":{\"@type\":\"EntryPoint\",\"urlTemplate\":\"https:\/\/www.sonoraenequipo.com.mx\/?s={search_term_string}\"},\"query-input\":{\"@type\":\"PropertyValueSpecification\",\"valueRequired\":true,\"valueName\":\"search_term_string\"}}],\"inLanguage\":\"es\"},{\"@type\":\"Organization\",\"@id\":\"https:\/\/www.sonoraenequipo.com.mx\/#organization\",\"name\":\"Sonoraenequipo.com.mx\",\"url\":\"https:\/\/www.sonoraenequipo.com.mx\/\",\"logo\":{\"@type\":\"ImageObject\",\"inLanguage\":\"es\",\"@id\":\"https:\/\/www.sonoraenequipo.com.mx\/#\/schema\/logo\/image\/\",\"url\":\"https:\/\/www.sonoraenequipo.com.mx\/storage\/2019\/01\/sonoraenequipo_opt.png\",\"contentUrl\":\"https:\/\/www.sonoraenequipo.com.mx\/storage\/2019\/01\/sonoraenequipo_opt.png\",\"width\":375,\"height\":125,\"caption\":\"Sonoraenequipo.com.mx\"},\"image\":{\"@id\":\"https:\/\/www.sonoraenequipo.com.mx\/#\/schema\/logo\/image\/\"},\"sameAs\":[\"https:\/\/www.facebook.com\/SonoraEE\/\",\"https:\/\/x.com\/sonoraenequipo\",\"https:\/\/www.youtube.com\/channel\/UC338nW-lPEYmJQs4ZABQ1SQ\"]},{\"@type\":\"Person\",\"@id\":\"https:\/\/www.sonoraenequipo.com.mx\/#\/schema\/person\/50102df0fb23a8fa9e8effad8fa81386\",\"name\":\"enequipo\",\"image\":{\"@type\":\"ImageObject\",\"inLanguage\":\"es\",\"@id\":\"https:\/\/www.sonoraenequipo.com.mx\/#\/schema\/person\/image\/\",\"url\":\"https:\/\/secure.gravatar.com\/avatar\/049821681b589dabc0bc20695993ccebb09f5b5d4d790cd9251b97faac7c652b?s=96&d=blank&r=g\",\"contentUrl\":\"https:\/\/secure.gravatar.com\/avatar\/049821681b589dabc0bc20695993ccebb09f5b5d4d790cd9251b97faac7c652b?s=96&d=blank&r=g\",\"caption\":\"enequipo\"},\"sameAs\":[\"https:\/\/www.facebook.com\/SonoraEE\"]}]}<\/script>\n ","yoast_head_json":{"title":"Sonora en Equipo. Destaca diputada Marcia Camarena Moncada logros en favor de los sonorenses Congreso","description":"HERMOSILLO, SONORA. MX. \u2014 La diputada Marcia Camarena Moncada, representante del distrito XX con cabecera en Etchojoa, present\u00f3 ante el Congreso Estatal, En Sonora en Equipo publicamos toda la informaci\u00f3n de Sonora, M\u00e9xico y el Mundo de manera oportuna y busca que la libertad de expresi\u00f3n sea real. Visita nuestro medio informativo publicado desde Hermosillo, Sonora. %","robots":{"index":"index","follow":"follow","max-snippet":"max-snippet:-1","max-image-preview":"max-image-preview:large","max-video-preview":"max-video-preview:-1"},"canonical":"https:\/\/www.sonoraenequipo.com.mx\/destaca-diputada-marcia-camarena-moncada-logros-en-favor-de-los-sonorenses\/","og_locale":"es_ES","og_type":"article","og_title":"Sonora en Equipo. Destaca diputada Marcia Camarena Moncada logros en favor de los sonorenses Congreso","og_description":"HERMOSILLO, SONORA. MX. \u2014 La diputada Marcia Camarena Moncada, representante del distrito XX con cabecera en Etchojoa, present\u00f3 ante el Congreso Estatal, En Sonora en Equipo publicamos toda la informaci\u00f3n de Sonora, M\u00e9xico y el Mundo de manera oportuna y busca que la libertad de expresi\u00f3n sea real. Visita nuestro medio informativo publicado desde Hermosillo, Sonora. %","og_url":"https:\/\/www.sonoraenequipo.com.mx\/destaca-diputada-marcia-camarena-moncada-logros-en-favor-de-los-sonorenses\/","og_site_name":"Sonora en Equipo.","article_publisher":"https:\/\/www.facebook.com\/SonoraEE\/","article_author":"https:\/\/www.facebook.com\/SonoraEE","article_published_time":"2021-08-28T03:25:33+00:00","article_modified_time":"2021-08-28T05:33:56+00:00","author":"enequipo","twitter_card":"summary_large_image","twitter_creator":"@sonoraenequipo","twitter_site":"@sonoraenequipo","twitter_misc":{"Escrito por":"enequipo","Tiempo de lectura":"3 minutos"},"schema":{"@context":"https:\/\/schema.org","@graph":[{"@type":"Article","@id":"https:\/\/www.sonoraenequipo.com.mx\/destaca-diputada-marcia-camarena-moncada-logros-en-favor-de-los-sonorenses\/#article","isPartOf":{"@id":"https:\/\/www.sonoraenequipo.com.mx\/destaca-diputada-marcia-camarena-moncada-logros-en-favor-de-los-sonorenses\/"},"author":{"name":"enequipo","@id":"https:\/\/www.sonoraenequipo.com.mx\/#\/schema\/person\/50102df0fb23a8fa9e8effad8fa81386"},"headline":"Destaca diputada Marcia Camarena Moncada logros en favor de los sonorenses","datePublished":"2021-08-28T03:25:33+00:00","dateModified":"2021-08-28T05:33:56+00:00","mainEntityOfPage":{"@id":"https:\/\/www.sonoraenequipo.com.mx\/destaca-diputada-marcia-camarena-moncada-logros-en-favor-de-los-sonorenses\/"},"wordCount":517,"commentCount":0,"publisher":{"@id":"https:\/\/www.sonoraenequipo.com.mx\/#organization"},"articleSection":["Congreso"],"inLanguage":"es","potentialAction":[{"@type":"CommentAction","name":"Comment","target":["https:\/\/www.sonoraenequipo.com.mx\/destaca-diputada-marcia-camarena-moncada-logros-en-favor-de-los-sonorenses\/#respond"]}]},{"@type":"WebPage","@id":"https:\/\/www.sonoraenequipo.com.mx\/destaca-diputada-marcia-camarena-moncada-logros-en-favor-de-los-sonorenses\/","url":"https:\/\/www.sonoraenequipo.com.mx\/destaca-diputada-marcia-camarena-moncada-logros-en-favor-de-los-sonorenses\/","name":"Sonora en Equipo. Destaca diputada Marcia Camarena Moncada logros en favor de los sonorenses Congreso","isPartOf":{"@id":"https:\/\/www.sonoraenequipo.com.mx\/#website"},"datePublished":"2021-08-28T03:25:33+00:00","dateModified":"2021-08-28T05:33:56+00:00","description":"HERMOSILLO, SONORA. MX. \u2014 La diputada Marcia Camarena Moncada, representante del distrito XX con cabecera en Etchojoa, present\u00f3 ante el Congreso Estatal, En Sonora en Equipo publicamos toda la informaci\u00f3n de Sonora, M\u00e9xico y el Mundo de manera oportuna y busca que la libertad de expresi\u00f3n sea real. Visita nuestro medio informativo publicado desde Hermosillo, Sonora. %","breadcrumb":{"@id":"https:\/\/www.sonoraenequipo.com.mx\/destaca-diputada-marcia-camarena-moncada-logros-en-favor-de-los-sonorenses\/#breadcrumb"},"inLanguage":"es","potentialAction":[{"@type":"ReadAction","target":["https:\/\/www.sonoraenequipo.com.mx\/destaca-diputada-marcia-camarena-moncada-logros-en-favor-de-los-sonorenses\/"]}]},{"@type":"BreadcrumbList","@id":"https:\/\/www.sonoraenequipo.com.mx\/destaca-diputada-marcia-camarena-moncada-logros-en-favor-de-los-sonorenses\/#breadcrumb","itemListElement":[{"@type":"ListItem","position":1,"name":"Portada","item":"https:\/\/www.sonoraenequipo.com.mx\/"},{"@type":"ListItem","position":2,"name":"Destaca diputada Marcia Camarena Moncada logros en favor de los sonorenses"}]},{"@type":"WebSite","@id":"https:\/\/www.sonoraenequipo.com.mx\/#website","url":"https:\/\/www.sonoraenequipo.com.mx\/","name":"Sonora en Equipo.","description":"Diario en l\u00ednea con Noticias desde Hermosillo, Sonora","publisher":{"@id":"https:\/\/www.sonoraenequipo.com.mx\/#organization"},"potentialAction":[{"@type":"SearchAction","target":{"@type":"EntryPoint","urlTemplate":"https:\/\/www.sonoraenequipo.com.mx\/?s={search_term_string}"},"query-input":{"@type":"PropertyValueSpecification","valueRequired":true,"valueName":"search_term_string"}}],"inLanguage":"es"},{"@type":"Organization","@id":"https:\/\/www.sonoraenequipo.com.mx\/#organization","name":"Sonoraenequipo.com.mx","url":"https:\/\/www.sonoraenequipo.com.mx\/","logo":{"@type":"ImageObject","inLanguage":"es","@id":"https:\/\/www.sonoraenequipo.com.mx\/#\/schema\/logo\/image\/","url":"https:\/\/www.sonoraenequipo.com.mx\/storage\/2019\/01\/sonoraenequipo_opt.png","contentUrl":"https:\/\/www.sonoraenequipo.com.mx\/storage\/2019\/01\/sonoraenequipo_opt.png","width":375,"height":125,"caption":"Sonoraenequipo.com.mx"},"image":{"@id":"https:\/\/www.sonoraenequipo.com.mx\/#\/schema\/logo\/image\/"},"sameAs":["https:\/\/www.facebook.com\/SonoraEE\/","https:\/\/x.com\/sonoraenequipo","https:\/\/www.youtube.com\/channel\/UC338nW-lPEYmJQs4ZABQ1SQ"]},{"@type":"Person","@id":"https:\/\/www.sonoraenequipo.com.mx\/#\/schema\/person\/50102df0fb23a8fa9e8effad8fa81386","name":"enequipo","image":{"@type":"ImageObject","inLanguage":"es","@id":"https:\/\/www.sonoraenequipo.com.mx\/#\/schema\/person\/image\/","url":"https:\/\/secure.gravatar.com\/avatar\/049821681b589dabc0bc20695993ccebb09f5b5d4d790cd9251b97faac7c652b?s=96&d=blank&r=g","contentUrl":"https:\/\/secure.gravatar.com\/avatar\/049821681b589dabc0bc20695993ccebb09f5b5d4d790cd9251b97faac7c652b?s=96&d=blank&r=g","caption":"enequipo"},"sameAs":["https:\/\/www.facebook.com\/SonoraEE"]}]}},"jetpack_featured_media_url":"","_links":{"self":[{"href":"https:\/\/www.sonoraenequipo.com.mx\/api\/wp\/v2\/posts\/121581","targetHints":{"allow":["GET"]}}],"collection":[{"href":"https:\/\/www.sonoraenequipo.com.mx\/api\/wp\/v2\/posts"}],"about":[{"href":"https:\/\/www.sonoraenequipo.com.mx\/api\/wp\/v2\/types\/post"}],"author":[{"embeddable":true,"href":"https:\/\/www.sonoraenequipo.com.mx\/api\/wp\/v2\/users\/1"}],"replies":[{"embeddable":true,"href":"https:\/\/www.sonoraenequipo.com.mx\/api\/wp\/v2\/comments?post=121581"}],"version-history":[{"count":1,"href":"https:\/\/www.sonoraenequipo.com.mx\/api\/wp\/v2\/posts\/121581\/revisions"}],"predecessor-version":[{"id":121583,"href":"https:\/\/www.sonoraenequipo.com.mx\/api\/wp\/v2\/posts\/121581\/revisions\/121583"}],"wp:attachment":[{"href":"https:\/\/www.sonoraenequipo.com.mx\/api\/wp\/v2\/media?parent=121581"}],"wp:term":[{"taxonomy":"category","embeddable":true,"href":"https:\/\/www.sonoraenequipo.com.mx\/api\/wp\/v2\/categories?post=121581"},{"taxonomy":"post_tag","embeddable":true,"href":"https:\/\/www.sonoraenequipo.com.mx\/api\/wp\/v2\/tags?post=121581"}],"curies":[{"name":"wp","href":"https:\/\/api.w.org\/{rel}","templated":true}]}}