{"id":121584,"date":"2021-08-27T22:45:47","date_gmt":"2021-08-28T05:45:47","guid":{"rendered":"https:\/\/www.sonoraenequipo.com.mx\/?p=121584"},"modified":"2021-08-27T22:44:24","modified_gmt":"2021-08-28T05:44:24","slug":"se-consolida-en-la-administracion-de-claudia-pavlovich-la-actividad-agroalimentaria-en-sonora","status":"publish","type":"post","link":"https:\/\/www.sonoraenequipo.com.mx\/se-consolida-en-la-administracion-de-claudia-pavlovich-la-actividad-agroalimentaria-en-sonora\/","title":{"rendered":"Se consolida en la administraci\u00f3n de Claudia Pavlovich la actividad agroalimentaria en Sonora"},"content":{"rendered":"<p>HERMOSILLO, SONORA. MX.\u2014 Un sector agroalimentario fortalecido en todos sus rubros, es el que deja la gobernadora Claudia Pavlovich Arellano, que genera empleos y liderazgo en sanidad pecuaria, producci\u00f3n agropecuaria y de camar\u00f3n, resalt\u00f3 Jorge Guzm\u00e1n Nieves.<\/p>\n<p>&nbsp;<\/p>\n<p> <\/p>\n<p>El secretario de Agricultura, Ganader\u00eda, Recursos Hidr\u00e1ulicos, Pesca y Acuacultura (Sagarhpa) manifest\u00f3 que, bajo las riendas de la gobernadora Claudia Pavlovich, Sonora es l\u00edder nacional en sanidad pecuaria, lo que nos permite acceder a los mercados con menos restricciones que el resto de las entidades.<\/p>\n<p>&nbsp;<\/p>\n<p>Adem\u00e1s de ser l\u00edder en producci\u00f3n agropecuaria: primer lugar en producci\u00f3n de trigo, papa, uva, sand\u00eda, d\u00e1til, esp\u00e1rrago, calabacita, aceituna, c\u00e1rtamo; segundo lugar en producci\u00f3n de porcino y primer lugar en producci\u00f3n de camar\u00f3n.<\/p>\n<p>&nbsp;<\/p>\n<p>Guzm\u00e1n Nieves expuso que en el actual sexenio, los gobiernos federal y estatal destinaron 758 millones de pesos para atender las campa\u00f1as fitosanitarias y las de vigilancia, as\u00ed como las de inocuidad agroalimentaria.<\/p>\n<p>&nbsp;<\/p>\n<p>Coment\u00f3 que en el per\u00edodo 2016 a 2019 se establecieron 16,338 hect\u00e1reas con sistema de riego presurizado; adem\u00e1s, se ejecutaron 357 proyectos mediante los cuales se construyeron 544 obras, con una inversi\u00f3n de 153.7 millones de pesos en beneficio de 12,412 productores agr\u00edcolas.<\/p>\n<p>&nbsp;<\/p>\n<p><em>\u00abEn la regi\u00f3n del R\u00edo Sonora y Sierra Alta, se apoyaron 20 unidades de riego con la ejecuci\u00f3n de 36 obras, lo cual mejor\u00f3 la eficiencia del uso del agua en 5 mil 31 hect\u00e1reas, beneficiando a 1,487 productores\u00bb,<\/em> inform\u00f3 el titular de la Sagarhpa.<\/p>\n<p>&nbsp;<\/p>\n<p>En sanidad vegetal, afirm\u00f3 Guzm\u00e1n Nieves, se atendi\u00f3 con las campa\u00f1as el 90 por ciento de la superficie agr\u00edcola con permiso de siembra, adem\u00e1s se logr\u00f3 la conservaci\u00f3n de once reconocimientos de zonas libres de plagas y zonas bajo protecci\u00f3n de veinte plagas.<\/p>\n<p>&nbsp;<\/p>\n<p>Guzm\u00e1n Nieves dijo que, en coordinaci\u00f3n con las organizaciones de productores de trigo y otros cultivos b\u00e1sicos, se realizaron gestiones ante la Secretar\u00eda de Desarrollo Rural (Sader) para obtener est\u00edmulos a la comercializaci\u00f3n y se apoy\u00f3 en el per\u00edodo a productores con alrededor de 3 mil cincuenta millones de pesos.<\/p>\n<p>&nbsp;<\/p>\n<p>En el componente de Implementos Agr\u00edcolas y de Infraestructura B\u00e1sica, se aplicaron 124.2 millones de pesos, en 1,420 proyectos para la adquisici\u00f3n de 1,929 implementos b\u00e1sicos y especializados.<\/p>\n<p>&nbsp;<\/p>\n<p><em>\u00abDurante el per\u00edodo de 2016 a 2021, se apoy\u00f3 con infraestructura y equipamiento para la generaci\u00f3n de valor agregado con un monto de 23.4 millones de pesos en apoyo de 93 proyectos y beneficio a 612 productores\u00bb,<\/em> manifest\u00f3.<\/p>\n<p>&nbsp;<\/p>\n<p>En lo que respecta al sector ganadero, indic\u00f3 Jorge Guzm\u00e1n, se ejecutaron 4,518 proyectos con una inversi\u00f3n de gobierno de 174 millones de pesos y con aportaci\u00f3n de los productores por 126 millones de pesos.<\/p>\n<p>&nbsp;<\/p>\n<p>Asimismo, enfatiz\u00f3, la actividad ganadera se benefici\u00f3 con los programas de Caminos Rurales, Semilla Forrajera, Apoyo a la Sequ\u00eda, Obras Ganaderas, Construcci\u00f3n y Rehabilitaci\u00f3n de Cercos, Programas Ap\u00edcolas, con una inversi\u00f3n del Gobierno del Estado de 89.7 millones de pesos, con una participaci\u00f3n de los productores por el orden de los 65.4 millones de pesos.<\/p>\n<p>&nbsp;<\/p>\n<p>El secretario de Agricultura y Ganader\u00eda en Sonora hizo \u00e9nfasis en la importancia del estatus sanitario de la ganader\u00eda, pues los hatos ganaderos son libres de garrapata boophilus, brucelosis bovina, as\u00ed como en enfermedades de aves y cerdos. En el tema de Restauraci\u00f3n Forestal, de 2016 a 2018, se restauraron 4,733 hect\u00e1reas con una inversi\u00f3n de 14.2 millones de pesos y se atendieron 293 incendios forestales que afectaron 178, 717 hect\u00e1reas.<\/p>\n<p>&nbsp;<\/p>\n<p><em>\u00abUn gran logro lo fue sin duda, haber liberado al medio silvestre 850 ejemplares de borrego cimarr\u00f3n, 70 por ciento m\u00e1s de lo proyectado, lo cual ha generado un gran impacto ecol\u00f3gico, econ\u00f3mico y social\u00bb,<\/em> subray\u00f3 el titular de la Sagarhpa.<\/p>\n<p>&nbsp;<\/p>\n<p>En infraestructura pesquera y acu\u00edcola, se apoyaron 1,625 proyectos con una inversi\u00f3n de 154.5 millones de pesos y de parte de los productores 87 millones de pesos. En sanidad acu\u00edcola, se atendi\u00f3 con las campa\u00f1as de sanidad el 92 por ciento de la superficie establecida en el estado.<\/p>\n<p>&nbsp;<\/p>\n<p>En infraestructura y modernizaci\u00f3n de la infraestructura productiva y equipamiento del Centro Reproductor de Especies Marinas del Estado de Sonora (Cremes) y del Centro Acu\u00edcola del Estado de Sonora (Caes), se invirti\u00f3 con recursos federales y del estado un monto de 19.2 millones de pesos.<\/p>\n<p>&nbsp;<\/p>\n<p>Con el fin de mitigar los efectos econ\u00f3micos provocados por la pandemia COVID-19, se puso en marcha el Programa Emergente de Est\u00edmulos para el Desarrollo del Sector Agroalimentario por el Gobierno del Estado con un monto de 50 millones de pesos. En el per\u00edodo que nos ocupa, se otorgaron 147 microcr\u00e9ditos por un monto de 18.7 millones de pesos, benefici\u00e1ndose 553 productores.<\/p>\n<p>&nbsp;<\/p>\n<p><em>\u201cAdem\u00e1s, las organizaciones de productores donaron despensas, distribuyendo m\u00e1s de 600 toneladas de alimento a la poblaci\u00f3n, asimismo, se hicieron donaciones especiales de equipo y material de atenci\u00f3n m\u00e9dica a centros de salud\u00bb,<\/em> apunt\u00f3 Guzm\u00e1n Nieves.<\/p>\n<p>&nbsp;<\/p>\n<p>Juan Pablo Mendoza Molina, presidente del Organismo Integrador de Fondos de Aseguramiento de Sonora, reconoci\u00f3 el acompa\u00f1amiento e impulso que la gobernadora Pavlovich Arellano le ha dado al sector.<\/p>\n<p>&nbsp;<\/p>\n<p><em>\u00abHemos tenido el apoyo del Gobierno del Estado, la gobernadora Claudia Pavlovich, nos ha acompa\u00f1ado en los movimientos que hemos hecho buscando mejores condiciones de precio, ha estado constantemente apoy\u00e1ndonos, y eso como productores lo reconocemos\u201d,<\/em> destac\u00f3.<\/p>\n<p>&nbsp;<\/p>\n<p>&nbsp;<\/p>\n<p>(Publicada el 27\/08\/2021)<\/p>\n","protected":false},"excerpt":{"rendered":"<p>HERMOSILLO, SONORA. MX.\u2014 Un sector agroalimentario fortalecido en todos sus rubros, es el que deja&#8230;<\/p>\n","protected":false},"author":1,"featured_media":121562,"comment_status":"open","ping_status":"open","sticky":false,"template":"","format":"standard","meta":{"_monsterinsights_skip_tracking":false,"_monsterinsights_sitenote_active":false,"_monsterinsights_sitenote_note":"","_monsterinsights_sitenote_category":0,"footnotes":""},"categories":[5],"tags":[],"class_list":["post"],"yoast_head":" \n<title>Sonora en Equipo. Se consolida en la administraci\u00f3n de Claudia Pavlovich la actividad agroalimentaria en Sonora Rep\u00fablica<\/title>\n<meta name=\"description\" content=\"HERMOSILLO, SONORA. MX.\u2014 Un sector agroalimentario fortalecido en todos sus rubros, es el que deja la gobernadora Claudia Pavlovich Arellano, que genera En Sonora en Equipo publicamos toda la informaci\u00f3n de Sonora, M\u00e9xico y el Mundo de manera oportuna y busca que la libertad de expresi\u00f3n sea real. Visita nuestro medio informativo publicado desde Hermosillo, Sonora. %\" \/>\n<meta name=\"robots\" content=\"index, follow, max-snippet:-1, max-image-preview:large, max-video-preview:-1\" \/>\n<link rel=\"canonical\" href=\"https:\/\/www.sonoraenequipo.com.mx\/se-consolida-en-la-administracion-de-claudia-pavlovich-la-actividad-agroalimentaria-en-sonora\/\" \/>\n<meta property=\"og:locale\" content=\"es_ES\" \/>\n<meta property=\"og:type\" content=\"article\" \/>\n<meta property=\"og:title\" content=\"Sonora en Equipo. Se consolida en la administraci\u00f3n de Claudia Pavlovich la actividad agroalimentaria en Sonora Rep\u00fablica\" \/>\n<meta property=\"og:description\" content=\"HERMOSILLO, SONORA. MX.\u2014 Un sector agroalimentario fortalecido en todos sus rubros, es el que deja la gobernadora Claudia Pavlovich Arellano, que genera En Sonora en Equipo publicamos toda la informaci\u00f3n de Sonora, M\u00e9xico y el Mundo de manera oportuna y busca que la libertad de expresi\u00f3n sea real. Visita nuestro medio informativo publicado desde Hermosillo, Sonora. %\" \/>\n<meta property=\"og:url\" content=\"https:\/\/www.sonoraenequipo.com.mx\/se-consolida-en-la-administracion-de-claudia-pavlovich-la-actividad-agroalimentaria-en-sonora\/\" \/>\n<meta property=\"og:site_name\" content=\"Sonora en Equipo.\" \/>\n<meta property=\"article:publisher\" content=\"https:\/\/www.facebook.com\/SonoraEE\/\" \/>\n<meta property=\"article:author\" content=\"https:\/\/www.facebook.com\/SonoraEE\" \/>\n<meta property=\"article:published_time\" content=\"2021-08-28T05:45:47+00:00\" \/>\n<meta property=\"og:image\" content=\"https:\/\/www.sonoraenequipo.com.mx\/storage\/2021\/08\/ctividad-agroalimentaria-en-Sonora_opt.jpg\" \/>\n\t<meta property=\"og:image:width\" content=\"700\" \/>\n\t<meta property=\"og:image:height\" content=\"400\" \/>\n\t<meta property=\"og:image:type\" content=\"image\/jpeg\" \/>\n<meta name=\"author\" content=\"enequipo\" \/>\n<meta name=\"twitter:card\" content=\"summary_large_image\" \/>\n<meta name=\"twitter:creator\" content=\"@sonoraenequipo\" \/>\n<meta name=\"twitter:site\" content=\"@sonoraenequipo\" \/>\n<meta name=\"twitter:label1\" content=\"Escrito por\" \/>\n\t<meta name=\"twitter:data1\" content=\"enequipo\" \/>\n\t<meta name=\"twitter:label2\" content=\"Tiempo de lectura\" \/>\n\t<meta name=\"twitter:data2\" content=\"4 minutos\" \/>\n<script type=\"application\/ld+json\" class=\"yoast-schema-graph\">{\"@context\":\"https:\/\/schema.org\",\"@graph\":[{\"@type\":\"Article\",\"@id\":\"https:\/\/www.sonoraenequipo.com.mx\/se-consolida-en-la-administracion-de-claudia-pavlovich-la-actividad-agroalimentaria-en-sonora\/#article\",\"isPartOf\":{\"@id\":\"https:\/\/www.sonoraenequipo.com.mx\/se-consolida-en-la-administracion-de-claudia-pavlovich-la-actividad-agroalimentaria-en-sonora\/\"},\"author\":{\"name\":\"enequipo\",\"@id\":\"https:\/\/www.sonoraenequipo.com.mx\/#\/schema\/person\/50102df0fb23a8fa9e8effad8fa81386\"},\"headline\":\"Se consolida en la administraci\u00f3n de Claudia Pavlovich la actividad agroalimentaria en Sonora\",\"datePublished\":\"2021-08-28T05:45:47+00:00\",\"mainEntityOfPage\":{\"@id\":\"https:\/\/www.sonoraenequipo.com.mx\/se-consolida-en-la-administracion-de-claudia-pavlovich-la-actividad-agroalimentaria-en-sonora\/\"},\"wordCount\":931,\"commentCount\":0,\"publisher\":{\"@id\":\"https:\/\/www.sonoraenequipo.com.mx\/#organization\"},\"image\":{\"@id\":\"https:\/\/www.sonoraenequipo.com.mx\/se-consolida-en-la-administracion-de-claudia-pavlovich-la-actividad-agroalimentaria-en-sonora\/#primaryimage\"},\"thumbnailUrl\":\"https:\/\/www.sonoraenequipo.com.mx\/storage\/2021\/08\/ctividad-agroalimentaria-en-Sonora_opt.jpg\",\"articleSection\":[\"Rep\u00fablica\"],\"inLanguage\":\"es\",\"potentialAction\":[{\"@type\":\"CommentAction\",\"name\":\"Comment\",\"target\":[\"https:\/\/www.sonoraenequipo.com.mx\/se-consolida-en-la-administracion-de-claudia-pavlovich-la-actividad-agroalimentaria-en-sonora\/#respond\"]}]},{\"@type\":\"WebPage\",\"@id\":\"https:\/\/www.sonoraenequipo.com.mx\/se-consolida-en-la-administracion-de-claudia-pavlovich-la-actividad-agroalimentaria-en-sonora\/\",\"url\":\"https:\/\/www.sonoraenequipo.com.mx\/se-consolida-en-la-administracion-de-claudia-pavlovich-la-actividad-agroalimentaria-en-sonora\/\",\"name\":\"Sonora en Equipo. Se consolida en la administraci\u00f3n de Claudia Pavlovich la actividad agroalimentaria en Sonora Rep\u00fablica\",\"isPartOf\":{\"@id\":\"https:\/\/www.sonoraenequipo.com.mx\/#website\"},\"primaryImageOfPage\":{\"@id\":\"https:\/\/www.sonoraenequipo.com.mx\/se-consolida-en-la-administracion-de-claudia-pavlovich-la-actividad-agroalimentaria-en-sonora\/#primaryimage\"},\"image\":{\"@id\":\"https:\/\/www.sonoraenequipo.com.mx\/se-consolida-en-la-administracion-de-claudia-pavlovich-la-actividad-agroalimentaria-en-sonora\/#primaryimage\"},\"thumbnailUrl\":\"https:\/\/www.sonoraenequipo.com.mx\/storage\/2021\/08\/ctividad-agroalimentaria-en-Sonora_opt.jpg\",\"datePublished\":\"2021-08-28T05:45:47+00:00\",\"description\":\"HERMOSILLO, SONORA. MX.\u2014 Un sector agroalimentario fortalecido en todos sus rubros, es el que deja la gobernadora Claudia Pavlovich Arellano, que genera En Sonora en Equipo publicamos toda la informaci\u00f3n de Sonora, M\u00e9xico y el Mundo de manera oportuna y busca que la libertad de expresi\u00f3n sea real. Visita nuestro medio informativo publicado desde Hermosillo, Sonora. %\",\"breadcrumb\":{\"@id\":\"https:\/\/www.sonoraenequipo.com.mx\/se-consolida-en-la-administracion-de-claudia-pavlovich-la-actividad-agroalimentaria-en-sonora\/#breadcrumb\"},\"inLanguage\":\"es\",\"potentialAction\":[{\"@type\":\"ReadAction\",\"target\":[\"https:\/\/www.sonoraenequipo.com.mx\/se-consolida-en-la-administracion-de-claudia-pavlovich-la-actividad-agroalimentaria-en-sonora\/\"]}]},{\"@type\":\"ImageObject\",\"inLanguage\":\"es\",\"@id\":\"https:\/\/www.sonoraenequipo.com.mx\/se-consolida-en-la-administracion-de-claudia-pavlovich-la-actividad-agroalimentaria-en-sonora\/#primaryimage\",\"url\":\"https:\/\/www.sonoraenequipo.com.mx\/storage\/2021\/08\/ctividad-agroalimentaria-en-Sonora_opt.jpg\",\"contentUrl\":\"https:\/\/www.sonoraenequipo.com.mx\/storage\/2021\/08\/ctividad-agroalimentaria-en-Sonora_opt.jpg\",\"width\":700,\"height\":400},{\"@type\":\"BreadcrumbList\",\"@id\":\"https:\/\/www.sonoraenequipo.com.mx\/se-consolida-en-la-administracion-de-claudia-pavlovich-la-actividad-agroalimentaria-en-sonora\/#breadcrumb\",\"itemListElement\":[{\"@type\":\"ListItem\",\"position\":1,\"name\":\"Portada\",\"item\":\"https:\/\/www.sonoraenequipo.com.mx\/\"},{\"@type\":\"ListItem\",\"position\":2,\"name\":\"Se consolida en la administraci\u00f3n de Claudia Pavlovich la actividad agroalimentaria en Sonora\"}]},{\"@type\":\"WebSite\",\"@id\":\"https:\/\/www.sonoraenequipo.com.mx\/#website\",\"url\":\"https:\/\/www.sonoraenequipo.com.mx\/\",\"name\":\"Sonora en Equipo.\",\"description\":\"Diario en l\u00ednea con Noticias desde Hermosillo, Sonora\",\"publisher\":{\"@id\":\"https:\/\/www.sonoraenequipo.com.mx\/#organization\"},\"potentialAction\":[{\"@type\":\"SearchAction\",\"target\":{\"@type\":\"EntryPoint\",\"urlTemplate\":\"https:\/\/www.sonoraenequipo.com.mx\/?s={search_term_string}\"},\"query-input\":{\"@type\":\"PropertyValueSpecification\",\"valueRequired\":true,\"valueName\":\"search_term_string\"}}],\"inLanguage\":\"es\"},{\"@type\":\"Organization\",\"@id\":\"https:\/\/www.sonoraenequipo.com.mx\/#organization\",\"name\":\"Sonoraenequipo.com.mx\",\"url\":\"https:\/\/www.sonoraenequipo.com.mx\/\",\"logo\":{\"@type\":\"ImageObject\",\"inLanguage\":\"es\",\"@id\":\"https:\/\/www.sonoraenequipo.com.mx\/#\/schema\/logo\/image\/\",\"url\":\"https:\/\/www.sonoraenequipo.com.mx\/storage\/2019\/01\/sonoraenequipo_opt.png\",\"contentUrl\":\"https:\/\/www.sonoraenequipo.com.mx\/storage\/2019\/01\/sonoraenequipo_opt.png\",\"width\":375,\"height\":125,\"caption\":\"Sonoraenequipo.com.mx\"},\"image\":{\"@id\":\"https:\/\/www.sonoraenequipo.com.mx\/#\/schema\/logo\/image\/\"},\"sameAs\":[\"https:\/\/www.facebook.com\/SonoraEE\/\",\"https:\/\/x.com\/sonoraenequipo\",\"https:\/\/www.youtube.com\/channel\/UC338nW-lPEYmJQs4ZABQ1SQ\"]},{\"@type\":\"Person\",\"@id\":\"https:\/\/www.sonoraenequipo.com.mx\/#\/schema\/person\/50102df0fb23a8fa9e8effad8fa81386\",\"name\":\"enequipo\",\"image\":{\"@type\":\"ImageObject\",\"inLanguage\":\"es\",\"@id\":\"https:\/\/www.sonoraenequipo.com.mx\/#\/schema\/person\/image\/\",\"url\":\"https:\/\/secure.gravatar.com\/avatar\/049821681b589dabc0bc20695993ccebb09f5b5d4d790cd9251b97faac7c652b?s=96&d=blank&r=g\",\"contentUrl\":\"https:\/\/secure.gravatar.com\/avatar\/049821681b589dabc0bc20695993ccebb09f5b5d4d790cd9251b97faac7c652b?s=96&d=blank&r=g\",\"caption\":\"enequipo\"},\"sameAs\":[\"https:\/\/www.facebook.com\/SonoraEE\"]}]}<\/script>\n ","yoast_head_json":{"title":"Sonora en Equipo. Se consolida en la administraci\u00f3n de Claudia Pavlovich la actividad agroalimentaria en Sonora Rep\u00fablica","description":"HERMOSILLO, SONORA. MX.\u2014 Un sector agroalimentario fortalecido en todos sus rubros, es el que deja la gobernadora Claudia Pavlovich Arellano, que genera En Sonora en Equipo publicamos toda la informaci\u00f3n de Sonora, M\u00e9xico y el Mundo de manera oportuna y busca que la libertad de expresi\u00f3n sea real. Visita nuestro medio informativo publicado desde Hermosillo, Sonora. %","robots":{"index":"index","follow":"follow","max-snippet":"max-snippet:-1","max-image-preview":"max-image-preview:large","max-video-preview":"max-video-preview:-1"},"canonical":"https:\/\/www.sonoraenequipo.com.mx\/se-consolida-en-la-administracion-de-claudia-pavlovich-la-actividad-agroalimentaria-en-sonora\/","og_locale":"es_ES","og_type":"article","og_title":"Sonora en Equipo. Se consolida en la administraci\u00f3n de Claudia Pavlovich la actividad agroalimentaria en Sonora Rep\u00fablica","og_description":"HERMOSILLO, SONORA. MX.\u2014 Un sector agroalimentario fortalecido en todos sus rubros, es el que deja la gobernadora Claudia Pavlovich Arellano, que genera En Sonora en Equipo publicamos toda la informaci\u00f3n de Sonora, M\u00e9xico y el Mundo de manera oportuna y busca que la libertad de expresi\u00f3n sea real. Visita nuestro medio informativo publicado desde Hermosillo, Sonora. %","og_url":"https:\/\/www.sonoraenequipo.com.mx\/se-consolida-en-la-administracion-de-claudia-pavlovich-la-actividad-agroalimentaria-en-sonora\/","og_site_name":"Sonora en Equipo.","article_publisher":"https:\/\/www.facebook.com\/SonoraEE\/","article_author":"https:\/\/www.facebook.com\/SonoraEE","article_published_time":"2021-08-28T05:45:47+00:00","og_image":[{"width":700,"height":400,"url":"https:\/\/www.sonoraenequipo.com.mx\/storage\/2021\/08\/ctividad-agroalimentaria-en-Sonora_opt.jpg","type":"image\/jpeg"}],"author":"enequipo","twitter_card":"summary_large_image","twitter_creator":"@sonoraenequipo","twitter_site":"@sonoraenequipo","twitter_misc":{"Escrito por":"enequipo","Tiempo de lectura":"4 minutos"},"schema":{"@context":"https:\/\/schema.org","@graph":[{"@type":"Article","@id":"https:\/\/www.sonoraenequipo.com.mx\/se-consolida-en-la-administracion-de-claudia-pavlovich-la-actividad-agroalimentaria-en-sonora\/#article","isPartOf":{"@id":"https:\/\/www.sonoraenequipo.com.mx\/se-consolida-en-la-administracion-de-claudia-pavlovich-la-actividad-agroalimentaria-en-sonora\/"},"author":{"name":"enequipo","@id":"https:\/\/www.sonoraenequipo.com.mx\/#\/schema\/person\/50102df0fb23a8fa9e8effad8fa81386"},"headline":"Se consolida en la administraci\u00f3n de Claudia Pavlovich la actividad agroalimentaria en Sonora","datePublished":"2021-08-28T05:45:47+00:00","mainEntityOfPage":{"@id":"https:\/\/www.sonoraenequipo.com.mx\/se-consolida-en-la-administracion-de-claudia-pavlovich-la-actividad-agroalimentaria-en-sonora\/"},"wordCount":931,"commentCount":0,"publisher":{"@id":"https:\/\/www.sonoraenequipo.com.mx\/#organization"},"image":{"@id":"https:\/\/www.sonoraenequipo.com.mx\/se-consolida-en-la-administracion-de-claudia-pavlovich-la-actividad-agroalimentaria-en-sonora\/#primaryimage"},"thumbnailUrl":"https:\/\/www.sonoraenequipo.com.mx\/storage\/2021\/08\/ctividad-agroalimentaria-en-Sonora_opt.jpg","articleSection":["Rep\u00fablica"],"inLanguage":"es","potentialAction":[{"@type":"CommentAction","name":"Comment","target":["https:\/\/www.sonoraenequipo.com.mx\/se-consolida-en-la-administracion-de-claudia-pavlovich-la-actividad-agroalimentaria-en-sonora\/#respond"]}]},{"@type":"WebPage","@id":"https:\/\/www.sonoraenequipo.com.mx\/se-consolida-en-la-administracion-de-claudia-pavlovich-la-actividad-agroalimentaria-en-sonora\/","url":"https:\/\/www.sonoraenequipo.com.mx\/se-consolida-en-la-administracion-de-claudia-pavlovich-la-actividad-agroalimentaria-en-sonora\/","name":"Sonora en Equipo. Se consolida en la administraci\u00f3n de Claudia Pavlovich la actividad agroalimentaria en Sonora Rep\u00fablica","isPartOf":{"@id":"https:\/\/www.sonoraenequipo.com.mx\/#website"},"primaryImageOfPage":{"@id":"https:\/\/www.sonoraenequipo.com.mx\/se-consolida-en-la-administracion-de-claudia-pavlovich-la-actividad-agroalimentaria-en-sonora\/#primaryimage"},"image":{"@id":"https:\/\/www.sonoraenequipo.com.mx\/se-consolida-en-la-administracion-de-claudia-pavlovich-la-actividad-agroalimentaria-en-sonora\/#primaryimage"},"thumbnailUrl":"https:\/\/www.sonoraenequipo.com.mx\/storage\/2021\/08\/ctividad-agroalimentaria-en-Sonora_opt.jpg","datePublished":"2021-08-28T05:45:47+00:00","description":"HERMOSILLO, SONORA. MX.\u2014 Un sector agroalimentario fortalecido en todos sus rubros, es el que deja la gobernadora Claudia Pavlovich Arellano, que genera En Sonora en Equipo publicamos toda la informaci\u00f3n de Sonora, M\u00e9xico y el Mundo de manera oportuna y busca que la libertad de expresi\u00f3n sea real. Visita nuestro medio informativo publicado desde Hermosillo, Sonora. %","breadcrumb":{"@id":"https:\/\/www.sonoraenequipo.com.mx\/se-consolida-en-la-administracion-de-claudia-pavlovich-la-actividad-agroalimentaria-en-sonora\/#breadcrumb"},"inLanguage":"es","potentialAction":[{"@type":"ReadAction","target":["https:\/\/www.sonoraenequipo.com.mx\/se-consolida-en-la-administracion-de-claudia-pavlovich-la-actividad-agroalimentaria-en-sonora\/"]}]},{"@type":"ImageObject","inLanguage":"es","@id":"https:\/\/www.sonoraenequipo.com.mx\/se-consolida-en-la-administracion-de-claudia-pavlovich-la-actividad-agroalimentaria-en-sonora\/#primaryimage","url":"https:\/\/www.sonoraenequipo.com.mx\/storage\/2021\/08\/ctividad-agroalimentaria-en-Sonora_opt.jpg","contentUrl":"https:\/\/www.sonoraenequipo.com.mx\/storage\/2021\/08\/ctividad-agroalimentaria-en-Sonora_opt.jpg","width":700,"height":400},{"@type":"BreadcrumbList","@id":"https:\/\/www.sonoraenequipo.com.mx\/se-consolida-en-la-administracion-de-claudia-pavlovich-la-actividad-agroalimentaria-en-sonora\/#breadcrumb","itemListElement":[{"@type":"ListItem","position":1,"name":"Portada","item":"https:\/\/www.sonoraenequipo.com.mx\/"},{"@type":"ListItem","position":2,"name":"Se consolida en la administraci\u00f3n de Claudia Pavlovich la actividad agroalimentaria en Sonora"}]},{"@type":"WebSite","@id":"https:\/\/www.sonoraenequipo.com.mx\/#website","url":"https:\/\/www.sonoraenequipo.com.mx\/","name":"Sonora en Equipo.","description":"Diario en l\u00ednea con Noticias desde Hermosillo, Sonora","publisher":{"@id":"https:\/\/www.sonoraenequipo.com.mx\/#organization"},"potentialAction":[{"@type":"SearchAction","target":{"@type":"EntryPoint","urlTemplate":"https:\/\/www.sonoraenequipo.com.mx\/?s={search_term_string}"},"query-input":{"@type":"PropertyValueSpecification","valueRequired":true,"valueName":"search_term_string"}}],"inLanguage":"es"},{"@type":"Organization","@id":"https:\/\/www.sonoraenequipo.com.mx\/#organization","name":"Sonoraenequipo.com.mx","url":"https:\/\/www.sonoraenequipo.com.mx\/","logo":{"@type":"ImageObject","inLanguage":"es","@id":"https:\/\/www.sonoraenequipo.com.mx\/#\/schema\/logo\/image\/","url":"https:\/\/www.sonoraenequipo.com.mx\/storage\/2019\/01\/sonoraenequipo_opt.png","contentUrl":"https:\/\/www.sonoraenequipo.com.mx\/storage\/2019\/01\/sonoraenequipo_opt.png","width":375,"height":125,"caption":"Sonoraenequipo.com.mx"},"image":{"@id":"https:\/\/www.sonoraenequipo.com.mx\/#\/schema\/logo\/image\/"},"sameAs":["https:\/\/www.facebook.com\/SonoraEE\/","https:\/\/x.com\/sonoraenequipo","https:\/\/www.youtube.com\/channel\/UC338nW-lPEYmJQs4ZABQ1SQ"]},{"@type":"Person","@id":"https:\/\/www.sonoraenequipo.com.mx\/#\/schema\/person\/50102df0fb23a8fa9e8effad8fa81386","name":"enequipo","image":{"@type":"ImageObject","inLanguage":"es","@id":"https:\/\/www.sonoraenequipo.com.mx\/#\/schema\/person\/image\/","url":"https:\/\/secure.gravatar.com\/avatar\/049821681b589dabc0bc20695993ccebb09f5b5d4d790cd9251b97faac7c652b?s=96&d=blank&r=g","contentUrl":"https:\/\/secure.gravatar.com\/avatar\/049821681b589dabc0bc20695993ccebb09f5b5d4d790cd9251b97faac7c652b?s=96&d=blank&r=g","caption":"enequipo"},"sameAs":["https:\/\/www.facebook.com\/SonoraEE"]}]}},"jetpack_featured_media_url":"https:\/\/www.sonoraenequipo.com.mx\/storage\/2021\/08\/ctividad-agroalimentaria-en-Sonora_opt.jpg","_links":{"self":[{"href":"https:\/\/www.sonoraenequipo.com.mx\/api\/wp\/v2\/posts\/121584","targetHints":{"allow":["GET"]}}],"collection":[{"href":"https:\/\/www.sonoraenequipo.com.mx\/api\/wp\/v2\/posts"}],"about":[{"href":"https:\/\/www.sonoraenequipo.com.mx\/api\/wp\/v2\/types\/post"}],"author":[{"embeddable":true,"href":"https:\/\/www.sonoraenequipo.com.mx\/api\/wp\/v2\/users\/1"}],"replies":[{"embeddable":true,"href":"https:\/\/www.sonoraenequipo.com.mx\/api\/wp\/v2\/comments?post=121584"}],"version-history":[{"count":1,"href":"https:\/\/www.sonoraenequipo.com.mx\/api\/wp\/v2\/posts\/121584\/revisions"}],"predecessor-version":[{"id":121585,"href":"https:\/\/www.sonoraenequipo.com.mx\/api\/wp\/v2\/posts\/121584\/revisions\/121585"}],"wp:featuredmedia":[{"embeddable":true,"href":"https:\/\/www.sonoraenequipo.com.mx\/api\/wp\/v2\/media\/121562"}],"wp:attachment":[{"href":"https:\/\/www.sonoraenequipo.com.mx\/api\/wp\/v2\/media?parent=121584"}],"wp:term":[{"taxonomy":"category","embeddable":true,"href":"https:\/\/www.sonoraenequipo.com.mx\/api\/wp\/v2\/categories?post=121584"},{"taxonomy":"post_tag","embeddable":true,"href":"https:\/\/www.sonoraenequipo.com.mx\/api\/wp\/v2\/tags?post=121584"}],"curies":[{"name":"wp","href":"https:\/\/api.w.org\/{rel}","templated":true}]}}