{"id":121587,"date":"2021-08-28T08:00:27","date_gmt":"2021-08-28T15:00:27","guid":{"rendered":"https:\/\/www.sonoraenequipo.com.mx\/?p=121587"},"modified":"2021-08-27T23:11:56","modified_gmt":"2021-08-28T06:11:56","slug":"amic-rescata-a-nina-de-12-anos-que-huyo-de-su-hogar-porque-sus-padres-le-quitaron-el-celular","status":"publish","type":"post","link":"https:\/\/www.sonoraenequipo.com.mx\/amic-rescata-a-nina-de-12-anos-que-huyo-de-su-hogar-porque-sus-padres-le-quitaron-el-celular\/","title":{"rendered":"AMIC rescata a ni\u00f1a de 12 a\u00f1os que huy\u00f3 de su hogar porque sus padres le quitaron el celular"},"content":{"rendered":"<p>&nbsp;<\/p>\n<p>&nbsp;<\/p>\n<p>\u25ba un chofer de un tr\u00e1iler la subi\u00f3 y viajaba rumbo a Tijuana<\/p>\n<p>&nbsp;<\/p>\n<p>\u25baEl operador del veh\u00edculo de transporte de carga est\u00e1 sujeto a investigaci\u00f3n.<\/p>\n<p>&nbsp;<\/p>\n<p>\u25baLa ni\u00f1a recibi\u00f3 atenci\u00f3n m\u00e9dica, que la diagnostic\u00f3 en perfecto estado de salud, tambi\u00e9n se le proporcion\u00f3 acompa\u00f1amiento psicol\u00f3gico.<\/p>\n<p>&nbsp;<\/p>\n<p>\u25baYa se encuentra en contacto con su familia.<\/p>\n<p>&nbsp;<\/p>\n<p>SONOYTA, SONORA.\u2500\u2500El trabajo coordinado de investigaci\u00f3n entre agentes de la AMIC, de las Bases Operativas de Sonoyta y Ciudad Obreg\u00f3n, permiti\u00f3 ayer ubicar y rescatar sana y salva a una persona menor de edad del sexo femenino, de 12 a\u00f1os, quien hab\u00eda huido de su casa.<\/p>\n<p>&nbsp;<\/p>\n<p>Luego de 19 horas de b\u00fasqueda los elementos de la Agencia Ministerial de Investigaci\u00f3n Criminal (AMIC) ubicaron, en la entrada Sur, a Alondra Guadalupe, quien viajaba a bordo de un tr\u00e1iler, en compa\u00f1\u00eda \u00fanica del conductor.<\/p>\n<p>&nbsp;<\/p>\n<p>Alrededor de las 14:50 horas, de este viernes 27 de agosto, los agentes de la Fiscal\u00eda General de Justicia del Estado de Sonora (FGJE) instalaron un filtro de revisi\u00f3n, al determinarse que la ni\u00f1a iba en un cami\u00f3n de carga rumbo a Tijuana, Baja California.<\/p>\n<p>&nbsp;<\/p>\n<p>La persona menor de edad decidi\u00f3 voluntariamente abandonar sali\u00f3 su casa, en la colonia Faustino F\u00e9lix, en Ciudad Obreg\u00f3n, alrededor de las 19:30 horas, ya que sus padres le quitaron el acceso al tel\u00e9fono celular, y desde entonces se perdi\u00f3 el contacto con ella.<\/p>\n<p>&nbsp;<\/p>\n<p>El chofer del tr\u00e1iler, V\u00edctor Hugo, de 51 a\u00f1os, expuso en primera entrevista que recogi\u00f3 a la menor en la entrada Sur de Ciudad Obreg\u00f3n, ya que estuvo a punto de atropellarla por lo que baj\u00f3 para darle auxilio y ver qu\u00e9 hac\u00eda sola.<\/p>\n<p>&nbsp;<\/p>\n<p>Eran entre las 01:00 y 01:30 horas, se\u00f1al\u00f3 el conductor, la ni\u00f1a le dijo que unas personas la hab\u00edan abandonado en ese lugar y que se dirig\u00eda a Tijuana, lugar donde estaba su madre residiendo, por lo que opt\u00f3 por llevarla.<\/p>\n<p>&nbsp;<\/p>\n<p>Una vez que se recibi\u00f3 la denuncia por la probable desaparici\u00f3n y\/o extrav\u00edo de persona, personal de la AMIC Ciudad Obreg\u00f3n inici\u00f3 con las indagatorias correspondientes para dar con el paradero de Alondra Guadalupe.<\/p>\n<p>&nbsp;<\/p>\n<p>Las indagatorias arrojaron que iba en un tr\u00e1iler, por lo que inici\u00f3 la coordinaci\u00f3n entre las dem\u00e1s Bases Operativas de la Agencia, siendo en Sonoyta donde los elementos ubicaron a la persona menor de edad.<\/p>\n<p>&nbsp;<\/p>\n<p>Una vez localizada se dio aviso a sus padres, mientras se inici\u00f3 con las averiguaciones correspondientes por personal de la Fiscal\u00eda de Sonora para deslindar responsabilidades. La ni\u00f1a recibi\u00f3 atenci\u00f3n m\u00e9dica y acompa\u00f1amiento psicol\u00f3gico por parte del personal del Centro de Atenci\u00f3n a V\u00edctimas del Delito (CAVID), de la Fiscal\u00eda Sonora.<\/p>\n<p>Fecha de Publicaci\u00f3n\u00a0 \u00a0s\u00e1bado \/ 28\u00a0 \/ agosto \/ 2021<\/p>\n<p>&nbsp;<\/p>\n","protected":false},"excerpt":{"rendered":"<p>&nbsp; &nbsp; \u25ba un chofer de un tr\u00e1iler la subi\u00f3 y viajaba rumbo a Tijuana&#8230;<\/p>\n","protected":false},"author":1,"featured_media":121588,"comment_status":"open","ping_status":"open","sticky":false,"template":"","format":"standard","meta":{"_monsterinsights_skip_tracking":false,"_monsterinsights_sitenote_active":false,"_monsterinsights_sitenote_note":"","_monsterinsights_sitenote_category":0,"footnotes":""},"categories":[3144],"tags":[3140],"class_list":["post"],"yoast_head":" \n<title>Sonora en Equipo. AMIC rescata a ni\u00f1a de 12 a\u00f1os que huy\u00f3 de su hogar porque sus padres le quitaron el celular Polic\u00edaca<\/title>\n<meta name=\"description\" content=\"&nbsp; &nbsp; \u25ba un chofer de un tr\u00e1iler la subi\u00f3 y viajaba rumbo a Tijuana &nbsp; \u25baEl operador del veh\u00edculo de transporte de carga est\u00e1 sujeto a En Sonora en Equipo publicamos toda la informaci\u00f3n de Sonora, M\u00e9xico y el Mundo de manera oportuna y busca que la libertad de expresi\u00f3n sea real. Visita nuestro medio informativo publicado desde Hermosillo, Sonora. %\" \/>\n<meta name=\"robots\" content=\"index, follow, max-snippet:-1, max-image-preview:large, max-video-preview:-1\" \/>\n<link rel=\"canonical\" href=\"https:\/\/www.sonoraenequipo.com.mx\/amic-rescata-a-nina-de-12-anos-que-huyo-de-su-hogar-porque-sus-padres-le-quitaron-el-celular\/\" \/>\n<meta property=\"og:locale\" content=\"es_ES\" \/>\n<meta property=\"og:type\" content=\"article\" \/>\n<meta property=\"og:title\" content=\"Sonora en Equipo. AMIC rescata a ni\u00f1a de 12 a\u00f1os que huy\u00f3 de su hogar porque sus padres le quitaron el celular Polic\u00edaca\" \/>\n<meta property=\"og:description\" content=\"&nbsp; &nbsp; \u25ba un chofer de un tr\u00e1iler la subi\u00f3 y viajaba rumbo a Tijuana &nbsp; \u25baEl operador del veh\u00edculo de transporte de carga est\u00e1 sujeto a En Sonora en Equipo publicamos toda la informaci\u00f3n de Sonora, M\u00e9xico y el Mundo de manera oportuna y busca que la libertad de expresi\u00f3n sea real. Visita nuestro medio informativo publicado desde Hermosillo, Sonora. %\" \/>\n<meta property=\"og:url\" content=\"https:\/\/www.sonoraenequipo.com.mx\/amic-rescata-a-nina-de-12-anos-que-huyo-de-su-hogar-porque-sus-padres-le-quitaron-el-celular\/\" \/>\n<meta property=\"og:site_name\" content=\"Sonora en Equipo.\" \/>\n<meta property=\"article:publisher\" content=\"https:\/\/www.facebook.com\/SonoraEE\/\" \/>\n<meta property=\"article:author\" content=\"https:\/\/www.facebook.com\/SonoraEE\" \/>\n<meta property=\"article:published_time\" content=\"2021-08-28T15:00:27+00:00\" \/>\n<meta property=\"og:image\" content=\"https:\/\/www.sonoraenequipo.com.mx\/storage\/2021\/08\/alondra.jpg\" \/>\n\t<meta property=\"og:image:width\" content=\"700\" \/>\n\t<meta property=\"og:image:height\" content=\"400\" \/>\n\t<meta property=\"og:image:type\" content=\"image\/jpeg\" \/>\n<meta name=\"author\" content=\"enequipo\" \/>\n<meta name=\"twitter:card\" content=\"summary_large_image\" \/>\n<meta name=\"twitter:creator\" content=\"@sonoraenequipo\" \/>\n<meta name=\"twitter:site\" content=\"@sonoraenequipo\" \/>\n<meta name=\"twitter:label1\" content=\"Escrito por\" \/>\n\t<meta name=\"twitter:data1\" content=\"enequipo\" \/>\n\t<meta name=\"twitter:label2\" content=\"Tiempo de lectura\" \/>\n\t<meta name=\"twitter:data2\" content=\"2 minutos\" \/>\n<script type=\"application\/ld+json\" class=\"yoast-schema-graph\">{\"@context\":\"https:\/\/schema.org\",\"@graph\":[{\"@type\":\"Article\",\"@id\":\"https:\/\/www.sonoraenequipo.com.mx\/amic-rescata-a-nina-de-12-anos-que-huyo-de-su-hogar-porque-sus-padres-le-quitaron-el-celular\/#article\",\"isPartOf\":{\"@id\":\"https:\/\/www.sonoraenequipo.com.mx\/amic-rescata-a-nina-de-12-anos-que-huyo-de-su-hogar-porque-sus-padres-le-quitaron-el-celular\/\"},\"author\":{\"name\":\"enequipo\",\"@id\":\"https:\/\/www.sonoraenequipo.com.mx\/#\/schema\/person\/50102df0fb23a8fa9e8effad8fa81386\"},\"headline\":\"AMIC rescata a ni\u00f1a de 12 a\u00f1os que huy\u00f3 de su hogar porque sus padres le quitaron el celular\",\"datePublished\":\"2021-08-28T15:00:27+00:00\",\"mainEntityOfPage\":{\"@id\":\"https:\/\/www.sonoraenequipo.com.mx\/amic-rescata-a-nina-de-12-anos-que-huyo-de-su-hogar-porque-sus-padres-le-quitaron-el-celular\/\"},\"wordCount\":511,\"commentCount\":0,\"publisher\":{\"@id\":\"https:\/\/www.sonoraenequipo.com.mx\/#organization\"},\"image\":{\"@id\":\"https:\/\/www.sonoraenequipo.com.mx\/amic-rescata-a-nina-de-12-anos-que-huyo-de-su-hogar-porque-sus-padres-le-quitaron-el-celular\/#primaryimage\"},\"thumbnailUrl\":\"https:\/\/www.sonoraenequipo.com.mx\/storage\/2021\/08\/alondra.jpg\",\"keywords\":[\"amic\"],\"articleSection\":[\"Polic\u00edaca\"],\"inLanguage\":\"es\",\"potentialAction\":[{\"@type\":\"CommentAction\",\"name\":\"Comment\",\"target\":[\"https:\/\/www.sonoraenequipo.com.mx\/amic-rescata-a-nina-de-12-anos-que-huyo-de-su-hogar-porque-sus-padres-le-quitaron-el-celular\/#respond\"]}]},{\"@type\":\"WebPage\",\"@id\":\"https:\/\/www.sonoraenequipo.com.mx\/amic-rescata-a-nina-de-12-anos-que-huyo-de-su-hogar-porque-sus-padres-le-quitaron-el-celular\/\",\"url\":\"https:\/\/www.sonoraenequipo.com.mx\/amic-rescata-a-nina-de-12-anos-que-huyo-de-su-hogar-porque-sus-padres-le-quitaron-el-celular\/\",\"name\":\"Sonora en Equipo. AMIC rescata a ni\u00f1a de 12 a\u00f1os que huy\u00f3 de su hogar porque sus padres le quitaron el celular Polic\u00edaca\",\"isPartOf\":{\"@id\":\"https:\/\/www.sonoraenequipo.com.mx\/#website\"},\"primaryImageOfPage\":{\"@id\":\"https:\/\/www.sonoraenequipo.com.mx\/amic-rescata-a-nina-de-12-anos-que-huyo-de-su-hogar-porque-sus-padres-le-quitaron-el-celular\/#primaryimage\"},\"image\":{\"@id\":\"https:\/\/www.sonoraenequipo.com.mx\/amic-rescata-a-nina-de-12-anos-que-huyo-de-su-hogar-porque-sus-padres-le-quitaron-el-celular\/#primaryimage\"},\"thumbnailUrl\":\"https:\/\/www.sonoraenequipo.com.mx\/storage\/2021\/08\/alondra.jpg\",\"datePublished\":\"2021-08-28T15:00:27+00:00\",\"description\":\"&nbsp; &nbsp; \u25ba un chofer de un tr\u00e1iler la subi\u00f3 y viajaba rumbo a Tijuana &nbsp; \u25baEl operador del veh\u00edculo de transporte de carga est\u00e1 sujeto a En Sonora en Equipo publicamos toda la informaci\u00f3n de Sonora, M\u00e9xico y el Mundo de manera oportuna y busca que la libertad de expresi\u00f3n sea real. Visita nuestro medio informativo publicado desde Hermosillo, Sonora. %\",\"breadcrumb\":{\"@id\":\"https:\/\/www.sonoraenequipo.com.mx\/amic-rescata-a-nina-de-12-anos-que-huyo-de-su-hogar-porque-sus-padres-le-quitaron-el-celular\/#breadcrumb\"},\"inLanguage\":\"es\",\"potentialAction\":[{\"@type\":\"ReadAction\",\"target\":[\"https:\/\/www.sonoraenequipo.com.mx\/amic-rescata-a-nina-de-12-anos-que-huyo-de-su-hogar-porque-sus-padres-le-quitaron-el-celular\/\"]}]},{\"@type\":\"ImageObject\",\"inLanguage\":\"es\",\"@id\":\"https:\/\/www.sonoraenequipo.com.mx\/amic-rescata-a-nina-de-12-anos-que-huyo-de-su-hogar-porque-sus-padres-le-quitaron-el-celular\/#primaryimage\",\"url\":\"https:\/\/www.sonoraenequipo.com.mx\/storage\/2021\/08\/alondra.jpg\",\"contentUrl\":\"https:\/\/www.sonoraenequipo.com.mx\/storage\/2021\/08\/alondra.jpg\",\"width\":700,\"height\":400},{\"@type\":\"BreadcrumbList\",\"@id\":\"https:\/\/www.sonoraenequipo.com.mx\/amic-rescata-a-nina-de-12-anos-que-huyo-de-su-hogar-porque-sus-padres-le-quitaron-el-celular\/#breadcrumb\",\"itemListElement\":[{\"@type\":\"ListItem\",\"position\":1,\"name\":\"Portada\",\"item\":\"https:\/\/www.sonoraenequipo.com.mx\/\"},{\"@type\":\"ListItem\",\"position\":2,\"name\":\"AMIC rescata a ni\u00f1a de 12 a\u00f1os que huy\u00f3 de su hogar porque sus padres le quitaron el celular\"}]},{\"@type\":\"WebSite\",\"@id\":\"https:\/\/www.sonoraenequipo.com.mx\/#website\",\"url\":\"https:\/\/www.sonoraenequipo.com.mx\/\",\"name\":\"Sonora en Equipo.\",\"description\":\"Diario en l\u00ednea con Noticias desde Hermosillo, Sonora\",\"publisher\":{\"@id\":\"https:\/\/www.sonoraenequipo.com.mx\/#organization\"},\"potentialAction\":[{\"@type\":\"SearchAction\",\"target\":{\"@type\":\"EntryPoint\",\"urlTemplate\":\"https:\/\/www.sonoraenequipo.com.mx\/?s={search_term_string}\"},\"query-input\":{\"@type\":\"PropertyValueSpecification\",\"valueRequired\":true,\"valueName\":\"search_term_string\"}}],\"inLanguage\":\"es\"},{\"@type\":\"Organization\",\"@id\":\"https:\/\/www.sonoraenequipo.com.mx\/#organization\",\"name\":\"Sonoraenequipo.com.mx\",\"url\":\"https:\/\/www.sonoraenequipo.com.mx\/\",\"logo\":{\"@type\":\"ImageObject\",\"inLanguage\":\"es\",\"@id\":\"https:\/\/www.sonoraenequipo.com.mx\/#\/schema\/logo\/image\/\",\"url\":\"https:\/\/www.sonoraenequipo.com.mx\/storage\/2019\/01\/sonoraenequipo_opt.png\",\"contentUrl\":\"https:\/\/www.sonoraenequipo.com.mx\/storage\/2019\/01\/sonoraenequipo_opt.png\",\"width\":375,\"height\":125,\"caption\":\"Sonoraenequipo.com.mx\"},\"image\":{\"@id\":\"https:\/\/www.sonoraenequipo.com.mx\/#\/schema\/logo\/image\/\"},\"sameAs\":[\"https:\/\/www.facebook.com\/SonoraEE\/\",\"https:\/\/x.com\/sonoraenequipo\",\"https:\/\/www.youtube.com\/channel\/UC338nW-lPEYmJQs4ZABQ1SQ\"]},{\"@type\":\"Person\",\"@id\":\"https:\/\/www.sonoraenequipo.com.mx\/#\/schema\/person\/50102df0fb23a8fa9e8effad8fa81386\",\"name\":\"enequipo\",\"image\":{\"@type\":\"ImageObject\",\"inLanguage\":\"es\",\"@id\":\"https:\/\/www.sonoraenequipo.com.mx\/#\/schema\/person\/image\/\",\"url\":\"https:\/\/secure.gravatar.com\/avatar\/049821681b589dabc0bc20695993ccebb09f5b5d4d790cd9251b97faac7c652b?s=96&d=blank&r=g\",\"contentUrl\":\"https:\/\/secure.gravatar.com\/avatar\/049821681b589dabc0bc20695993ccebb09f5b5d4d790cd9251b97faac7c652b?s=96&d=blank&r=g\",\"caption\":\"enequipo\"},\"sameAs\":[\"https:\/\/www.facebook.com\/SonoraEE\"]}]}<\/script>\n ","yoast_head_json":{"title":"Sonora en Equipo. AMIC rescata a ni\u00f1a de 12 a\u00f1os que huy\u00f3 de su hogar porque sus padres le quitaron el celular Polic\u00edaca","description":"&nbsp; &nbsp; \u25ba un chofer de un tr\u00e1iler la subi\u00f3 y viajaba rumbo a Tijuana &nbsp; \u25baEl operador del veh\u00edculo de transporte de carga est\u00e1 sujeto a En Sonora en Equipo publicamos toda la informaci\u00f3n de Sonora, M\u00e9xico y el Mundo de manera oportuna y busca que la libertad de expresi\u00f3n sea real. Visita nuestro medio informativo publicado desde Hermosillo, Sonora. %","robots":{"index":"index","follow":"follow","max-snippet":"max-snippet:-1","max-image-preview":"max-image-preview:large","max-video-preview":"max-video-preview:-1"},"canonical":"https:\/\/www.sonoraenequipo.com.mx\/amic-rescata-a-nina-de-12-anos-que-huyo-de-su-hogar-porque-sus-padres-le-quitaron-el-celular\/","og_locale":"es_ES","og_type":"article","og_title":"Sonora en Equipo. AMIC rescata a ni\u00f1a de 12 a\u00f1os que huy\u00f3 de su hogar porque sus padres le quitaron el celular Polic\u00edaca","og_description":"&nbsp; &nbsp; \u25ba un chofer de un tr\u00e1iler la subi\u00f3 y viajaba rumbo a Tijuana &nbsp; \u25baEl operador del veh\u00edculo de transporte de carga est\u00e1 sujeto a En Sonora en Equipo publicamos toda la informaci\u00f3n de Sonora, M\u00e9xico y el Mundo de manera oportuna y busca que la libertad de expresi\u00f3n sea real. Visita nuestro medio informativo publicado desde Hermosillo, Sonora. %","og_url":"https:\/\/www.sonoraenequipo.com.mx\/amic-rescata-a-nina-de-12-anos-que-huyo-de-su-hogar-porque-sus-padres-le-quitaron-el-celular\/","og_site_name":"Sonora en Equipo.","article_publisher":"https:\/\/www.facebook.com\/SonoraEE\/","article_author":"https:\/\/www.facebook.com\/SonoraEE","article_published_time":"2021-08-28T15:00:27+00:00","og_image":[{"width":700,"height":400,"url":"https:\/\/www.sonoraenequipo.com.mx\/storage\/2021\/08\/alondra.jpg","type":"image\/jpeg"}],"author":"enequipo","twitter_card":"summary_large_image","twitter_creator":"@sonoraenequipo","twitter_site":"@sonoraenequipo","twitter_misc":{"Escrito por":"enequipo","Tiempo de lectura":"2 minutos"},"schema":{"@context":"https:\/\/schema.org","@graph":[{"@type":"Article","@id":"https:\/\/www.sonoraenequipo.com.mx\/amic-rescata-a-nina-de-12-anos-que-huyo-de-su-hogar-porque-sus-padres-le-quitaron-el-celular\/#article","isPartOf":{"@id":"https:\/\/www.sonoraenequipo.com.mx\/amic-rescata-a-nina-de-12-anos-que-huyo-de-su-hogar-porque-sus-padres-le-quitaron-el-celular\/"},"author":{"name":"enequipo","@id":"https:\/\/www.sonoraenequipo.com.mx\/#\/schema\/person\/50102df0fb23a8fa9e8effad8fa81386"},"headline":"AMIC rescata a ni\u00f1a de 12 a\u00f1os que huy\u00f3 de su hogar porque sus padres le quitaron el celular","datePublished":"2021-08-28T15:00:27+00:00","mainEntityOfPage":{"@id":"https:\/\/www.sonoraenequipo.com.mx\/amic-rescata-a-nina-de-12-anos-que-huyo-de-su-hogar-porque-sus-padres-le-quitaron-el-celular\/"},"wordCount":511,"commentCount":0,"publisher":{"@id":"https:\/\/www.sonoraenequipo.com.mx\/#organization"},"image":{"@id":"https:\/\/www.sonoraenequipo.com.mx\/amic-rescata-a-nina-de-12-anos-que-huyo-de-su-hogar-porque-sus-padres-le-quitaron-el-celular\/#primaryimage"},"thumbnailUrl":"https:\/\/www.sonoraenequipo.com.mx\/storage\/2021\/08\/alondra.jpg","keywords":["amic"],"articleSection":["Polic\u00edaca"],"inLanguage":"es","potentialAction":[{"@type":"CommentAction","name":"Comment","target":["https:\/\/www.sonoraenequipo.com.mx\/amic-rescata-a-nina-de-12-anos-que-huyo-de-su-hogar-porque-sus-padres-le-quitaron-el-celular\/#respond"]}]},{"@type":"WebPage","@id":"https:\/\/www.sonoraenequipo.com.mx\/amic-rescata-a-nina-de-12-anos-que-huyo-de-su-hogar-porque-sus-padres-le-quitaron-el-celular\/","url":"https:\/\/www.sonoraenequipo.com.mx\/amic-rescata-a-nina-de-12-anos-que-huyo-de-su-hogar-porque-sus-padres-le-quitaron-el-celular\/","name":"Sonora en Equipo. AMIC rescata a ni\u00f1a de 12 a\u00f1os que huy\u00f3 de su hogar porque sus padres le quitaron el celular Polic\u00edaca","isPartOf":{"@id":"https:\/\/www.sonoraenequipo.com.mx\/#website"},"primaryImageOfPage":{"@id":"https:\/\/www.sonoraenequipo.com.mx\/amic-rescata-a-nina-de-12-anos-que-huyo-de-su-hogar-porque-sus-padres-le-quitaron-el-celular\/#primaryimage"},"image":{"@id":"https:\/\/www.sonoraenequipo.com.mx\/amic-rescata-a-nina-de-12-anos-que-huyo-de-su-hogar-porque-sus-padres-le-quitaron-el-celular\/#primaryimage"},"thumbnailUrl":"https:\/\/www.sonoraenequipo.com.mx\/storage\/2021\/08\/alondra.jpg","datePublished":"2021-08-28T15:00:27+00:00","description":"&nbsp; &nbsp; \u25ba un chofer de un tr\u00e1iler la subi\u00f3 y viajaba rumbo a Tijuana &nbsp; \u25baEl operador del veh\u00edculo de transporte de carga est\u00e1 sujeto a En Sonora en Equipo publicamos toda la informaci\u00f3n de Sonora, M\u00e9xico y el Mundo de manera oportuna y busca que la libertad de expresi\u00f3n sea real. Visita nuestro medio informativo publicado desde Hermosillo, Sonora. %","breadcrumb":{"@id":"https:\/\/www.sonoraenequipo.com.mx\/amic-rescata-a-nina-de-12-anos-que-huyo-de-su-hogar-porque-sus-padres-le-quitaron-el-celular\/#breadcrumb"},"inLanguage":"es","potentialAction":[{"@type":"ReadAction","target":["https:\/\/www.sonoraenequipo.com.mx\/amic-rescata-a-nina-de-12-anos-que-huyo-de-su-hogar-porque-sus-padres-le-quitaron-el-celular\/"]}]},{"@type":"ImageObject","inLanguage":"es","@id":"https:\/\/www.sonoraenequipo.com.mx\/amic-rescata-a-nina-de-12-anos-que-huyo-de-su-hogar-porque-sus-padres-le-quitaron-el-celular\/#primaryimage","url":"https:\/\/www.sonoraenequipo.com.mx\/storage\/2021\/08\/alondra.jpg","contentUrl":"https:\/\/www.sonoraenequipo.com.mx\/storage\/2021\/08\/alondra.jpg","width":700,"height":400},{"@type":"BreadcrumbList","@id":"https:\/\/www.sonoraenequipo.com.mx\/amic-rescata-a-nina-de-12-anos-que-huyo-de-su-hogar-porque-sus-padres-le-quitaron-el-celular\/#breadcrumb","itemListElement":[{"@type":"ListItem","position":1,"name":"Portada","item":"https:\/\/www.sonoraenequipo.com.mx\/"},{"@type":"ListItem","position":2,"name":"AMIC rescata a ni\u00f1a de 12 a\u00f1os que huy\u00f3 de su hogar porque sus padres le quitaron el celular"}]},{"@type":"WebSite","@id":"https:\/\/www.sonoraenequipo.com.mx\/#website","url":"https:\/\/www.sonoraenequipo.com.mx\/","name":"Sonora en Equipo.","description":"Diario en l\u00ednea con Noticias desde Hermosillo, Sonora","publisher":{"@id":"https:\/\/www.sonoraenequipo.com.mx\/#organization"},"potentialAction":[{"@type":"SearchAction","target":{"@type":"EntryPoint","urlTemplate":"https:\/\/www.sonoraenequipo.com.mx\/?s={search_term_string}"},"query-input":{"@type":"PropertyValueSpecification","valueRequired":true,"valueName":"search_term_string"}}],"inLanguage":"es"},{"@type":"Organization","@id":"https:\/\/www.sonoraenequipo.com.mx\/#organization","name":"Sonoraenequipo.com.mx","url":"https:\/\/www.sonoraenequipo.com.mx\/","logo":{"@type":"ImageObject","inLanguage":"es","@id":"https:\/\/www.sonoraenequipo.com.mx\/#\/schema\/logo\/image\/","url":"https:\/\/www.sonoraenequipo.com.mx\/storage\/2019\/01\/sonoraenequipo_opt.png","contentUrl":"https:\/\/www.sonoraenequipo.com.mx\/storage\/2019\/01\/sonoraenequipo_opt.png","width":375,"height":125,"caption":"Sonoraenequipo.com.mx"},"image":{"@id":"https:\/\/www.sonoraenequipo.com.mx\/#\/schema\/logo\/image\/"},"sameAs":["https:\/\/www.facebook.com\/SonoraEE\/","https:\/\/x.com\/sonoraenequipo","https:\/\/www.youtube.com\/channel\/UC338nW-lPEYmJQs4ZABQ1SQ"]},{"@type":"Person","@id":"https:\/\/www.sonoraenequipo.com.mx\/#\/schema\/person\/50102df0fb23a8fa9e8effad8fa81386","name":"enequipo","image":{"@type":"ImageObject","inLanguage":"es","@id":"https:\/\/www.sonoraenequipo.com.mx\/#\/schema\/person\/image\/","url":"https:\/\/secure.gravatar.com\/avatar\/049821681b589dabc0bc20695993ccebb09f5b5d4d790cd9251b97faac7c652b?s=96&d=blank&r=g","contentUrl":"https:\/\/secure.gravatar.com\/avatar\/049821681b589dabc0bc20695993ccebb09f5b5d4d790cd9251b97faac7c652b?s=96&d=blank&r=g","caption":"enequipo"},"sameAs":["https:\/\/www.facebook.com\/SonoraEE"]}]}},"jetpack_featured_media_url":"https:\/\/www.sonoraenequipo.com.mx\/storage\/2021\/08\/alondra.jpg","_links":{"self":[{"href":"https:\/\/www.sonoraenequipo.com.mx\/api\/wp\/v2\/posts\/121587","targetHints":{"allow":["GET"]}}],"collection":[{"href":"https:\/\/www.sonoraenequipo.com.mx\/api\/wp\/v2\/posts"}],"about":[{"href":"https:\/\/www.sonoraenequipo.com.mx\/api\/wp\/v2\/types\/post"}],"author":[{"embeddable":true,"href":"https:\/\/www.sonoraenequipo.com.mx\/api\/wp\/v2\/users\/1"}],"replies":[{"embeddable":true,"href":"https:\/\/www.sonoraenequipo.com.mx\/api\/wp\/v2\/comments?post=121587"}],"version-history":[{"count":2,"href":"https:\/\/www.sonoraenequipo.com.mx\/api\/wp\/v2\/posts\/121587\/revisions"}],"predecessor-version":[{"id":121590,"href":"https:\/\/www.sonoraenequipo.com.mx\/api\/wp\/v2\/posts\/121587\/revisions\/121590"}],"wp:featuredmedia":[{"embeddable":true,"href":"https:\/\/www.sonoraenequipo.com.mx\/api\/wp\/v2\/media\/121588"}],"wp:attachment":[{"href":"https:\/\/www.sonoraenequipo.com.mx\/api\/wp\/v2\/media?parent=121587"}],"wp:term":[{"taxonomy":"category","embeddable":true,"href":"https:\/\/www.sonoraenequipo.com.mx\/api\/wp\/v2\/categories?post=121587"},{"taxonomy":"post_tag","embeddable":true,"href":"https:\/\/www.sonoraenequipo.com.mx\/api\/wp\/v2\/tags?post=121587"}],"curies":[{"name":"wp","href":"https:\/\/api.w.org\/{rel}","templated":true}]}}