{"id":121597,"date":"2021-08-27T21:30:53","date_gmt":"2021-08-28T04:30:53","guid":{"rendered":"https:\/\/www.sonoraenequipo.com.mx\/?p=121597"},"modified":"2021-08-28T10:30:35","modified_gmt":"2021-08-28T17:30:35","slug":"recomienda-especialista-de-isssteson-cuidar-la-alimentacion-del-adulto-mayor","status":"publish","type":"post","link":"https:\/\/www.sonoraenequipo.com.mx\/recomienda-especialista-de-isssteson-cuidar-la-alimentacion-del-adulto-mayor\/","title":{"rendered":"Recomienda especialista de Isssteson cuidar la alimentaci\u00f3n del adulto mayor"},"content":{"rendered":"<p>HERMOSILLO, SONORA. MX.\u2014 Para buscar mantenerse saludables, las personas de 60 a\u00f1os y m\u00e1s deben cuidar su alimentaci\u00f3n, evitando grasas saturadas, az\u00facares, sales, comiendo lo m\u00e1s natural posible, as\u00ed como seguir al pie de la letra sus tratamientos m\u00e9dicos, recomend\u00f3 Ernesto Guzm\u00e1n Chimal.<\/p>\n<p>&nbsp;<\/p>\n<p> <\/p>\n<p>&nbsp;<\/p>\n<p>El geriatra del Instituto de Seguridad y Servicios Sociales de los Trabajadores del Estado de Sonora (Isssteson) record\u00f3 es muy importante que se mantenga una alimentaci\u00f3n adecuada.<\/p>\n<p>&nbsp;<\/p>\n<p><em>\u00abLa gente mayor dice desayuna como rey, come como marqu\u00e9s y cena como mendigo, esto quiere decir cena muy poco y esta es una m\u00e1xima que despu\u00e9s de los 60, lo sentimos\u00bb, <\/em>expres\u00f3 el especialista del Centro M\u00e9dico <em>\u00abDr. Ignacio Ch\u00e1vez\u00bb<\/em> del Instituto.<\/p>\n<p>&nbsp;<\/p>\n<p>Previo al D\u00eda Mundial del Adulto Mayor, que se celebra el 28 de agosto, detall\u00f3 que los adultos mayores deben cuidar comer lo m\u00e1s natural posible, cocer las verduras por lo menos al vapor, evitar las grasas saturadas como mantequillas, margarinas, manteca o grasa de res, y si la persona padece colesterol, presi\u00f3n arterial o glucosa altos, entonces evitar los alimentos que elevan estos niveles.<\/p>\n<p>&nbsp;<\/p>\n<p>Recomend\u00f3 complementar la alimentaci\u00f3n con productos naturales ricos en Omega 3, como pescados, almendras, cacahuate, aguacate, que ayudar\u00e1n a reducir los niveles de colesterol e incluir fibras que ayuden a una buena digesti\u00f3n.<\/p>\n<p>&nbsp;<\/p>\n<p><em>\u00abCuando decimos tengo agruras, tengo c\u00f3lico, tengo gases, estoy estre\u00f1ido, son los efectos de comer mal.. Es muy importante romper el ayuno, no desayunar tarde y comer tarde y ya, se tienen que hacer las tres comidas, bien espaciadas, reguladas y lo m\u00e1s natural posible\u00bb,<\/em> se\u00f1al\u00f3 Guzm\u00e1n Chimal.<\/p>\n<p>&nbsp;<\/p>\n<p>Consider\u00f3 importante que el adulto mayor reciba orientaci\u00f3n nutricional y decida lo que va a comer en seguimiento de esa recomendaci\u00f3n de especialistas en el tema, pero si un adulto mayor es dependiente y su familia es la que elige el men\u00fa, es primordial que respeten las recomendaciones de alimentaci\u00f3n de nutrici\u00f3n o del m\u00e9dico tratante.<\/p>\n<p>&nbsp;<\/p>\n<p><em>\u00abNunca es tarde para empezar a hacer ejercicio, nunca es tarde para decir, hubo pastel en casa, dame una sabanita de pastel, no me des un edred\u00f3n o un colch\u00f3n, no es quedarse con las ganas, es probar solamente\u00bb,<\/em> dijo el m\u00e9dico del Instituto.<\/p>\n<p>&nbsp;<\/p>\n<p>Inform\u00f3 que a partir de los 40 a\u00f1os de edad ya hay cambios en la funci\u00f3n y movimiento intestinal, en la producci\u00f3n de las enzimas que se encargan de digerir los alimentos, alteraciones sufridas por el estilo de vida que las personas tienen desde ni\u00f1os, adolescentes y j\u00f3venes.<\/p>\n<p>&nbsp;<\/p>\n<p><em>\u00abHoy en d\u00eda nos estamos agrediendo diario con todos los alimentos ricos en grasas polisaturadas o las grasas trans que son de origen qu\u00edmico, que vienen en alimentos cocidos o ya preparados, con saborizantes, eso provoca que tengamos enfermedades cr\u00f3nico degenerativas declaradas, como hipertensi\u00f3n, colesterol, az\u00facar alta\u00bb<\/em>, explic\u00f3 Guzm\u00e1n Chimal.<\/p>\n<p>&nbsp;<\/p>\n<p>Recomend\u00f3 a las personas realizarse un chequeo m\u00e9dico a los 50 a\u00f1os, como medida preventiva y de detecci\u00f3n de enfermedades, pero una vez que se es adulto mayor, de 60 a\u00f1os y m\u00e1s, las revisiones m\u00e9dicas deben efectuarse cada tres meses como m\u00ednimo, pero de preferencia cada mes para revisi\u00f3n general y una de especialista al a\u00f1o.<\/p>\n<p>&nbsp;<\/p>\n<p><em>\u00abAlgunas enfermedades no se curan, pero s\u00ed deterioran la calidad de vida si no se lleva un control y hace a los adultos mayores y sus familias, (tambi\u00e9n) presas de la econom\u00eda<\/em>\u00ab, se\u00f1al\u00f3 el doctor del Centro M\u00e9dico <em>\u00abDr. Ignacio Ch\u00e1vez\u00bb<\/em> en Hermosillo.<\/p>\n<p>&nbsp;<\/p>\n<p>&nbsp;<\/p>\n<p>(Publicada el 27\/08\/2021)<\/p>\n","protected":false},"excerpt":{"rendered":"<p>HERMOSILLO, SONORA. MX.\u2014 Para buscar mantenerse saludables, las personas de 60 a\u00f1os y m\u00e1s deben&#8230;<\/p>\n","protected":false},"author":1,"featured_media":121563,"comment_status":"open","ping_status":"open","sticky":false,"template":"","format":"standard","meta":{"_monsterinsights_skip_tracking":false,"_monsterinsights_sitenote_active":false,"_monsterinsights_sitenote_note":"","_monsterinsights_sitenote_category":0,"footnotes":""},"categories":[22],"tags":[],"class_list":["post"],"yoast_head":" \n<title>Sonora en Equipo. Recomienda especialista de Isssteson cuidar la alimentaci\u00f3n del adulto mayor Sonora<\/title>\n<meta name=\"description\" content=\"HERMOSILLO, SONORA. MX.\u2014 Para buscar mantenerse saludables, las personas de 60 a\u00f1os y m\u00e1s deben cuidar su alimentaci\u00f3n, evitando grasas saturadas, En Sonora en Equipo publicamos toda la informaci\u00f3n de Sonora, M\u00e9xico y el Mundo de manera oportuna y busca que la libertad de expresi\u00f3n sea real. Visita nuestro medio informativo publicado desde Hermosillo, Sonora. %\" \/>\n<meta name=\"robots\" content=\"index, follow, max-snippet:-1, max-image-preview:large, max-video-preview:-1\" \/>\n<link rel=\"canonical\" href=\"https:\/\/www.sonoraenequipo.com.mx\/recomienda-especialista-de-isssteson-cuidar-la-alimentacion-del-adulto-mayor\/\" \/>\n<meta property=\"og:locale\" content=\"es_ES\" \/>\n<meta property=\"og:type\" content=\"article\" \/>\n<meta property=\"og:title\" content=\"Sonora en Equipo. Recomienda especialista de Isssteson cuidar la alimentaci\u00f3n del adulto mayor Sonora\" \/>\n<meta property=\"og:description\" content=\"HERMOSILLO, SONORA. MX.\u2014 Para buscar mantenerse saludables, las personas de 60 a\u00f1os y m\u00e1s deben cuidar su alimentaci\u00f3n, evitando grasas saturadas, En Sonora en Equipo publicamos toda la informaci\u00f3n de Sonora, M\u00e9xico y el Mundo de manera oportuna y busca que la libertad de expresi\u00f3n sea real. Visita nuestro medio informativo publicado desde Hermosillo, Sonora. %\" \/>\n<meta property=\"og:url\" content=\"https:\/\/www.sonoraenequipo.com.mx\/recomienda-especialista-de-isssteson-cuidar-la-alimentacion-del-adulto-mayor\/\" \/>\n<meta property=\"og:site_name\" content=\"Sonora en Equipo.\" \/>\n<meta property=\"article:publisher\" content=\"https:\/\/www.facebook.com\/SonoraEE\/\" \/>\n<meta property=\"article:author\" content=\"https:\/\/www.facebook.com\/SonoraEE\" \/>\n<meta property=\"article:published_time\" content=\"2021-08-28T04:30:53+00:00\" \/>\n<meta property=\"article:modified_time\" content=\"2021-08-28T17:30:35+00:00\" \/>\n<meta property=\"og:image\" content=\"https:\/\/www.sonoraenequipo.com.mx\/storage\/2021\/08\/comida-saludable_opt.jpg\" \/>\n\t<meta property=\"og:image:width\" content=\"700\" \/>\n\t<meta property=\"og:image:height\" content=\"400\" \/>\n\t<meta property=\"og:image:type\" content=\"image\/jpeg\" \/>\n<meta name=\"author\" content=\"enequipo\" \/>\n<meta name=\"twitter:card\" content=\"summary_large_image\" \/>\n<meta name=\"twitter:creator\" content=\"@sonoraenequipo\" \/>\n<meta name=\"twitter:site\" content=\"@sonoraenequipo\" \/>\n<meta name=\"twitter:label1\" content=\"Escrito por\" \/>\n\t<meta name=\"twitter:data1\" content=\"enequipo\" \/>\n\t<meta name=\"twitter:label2\" content=\"Tiempo de lectura\" \/>\n\t<meta name=\"twitter:data2\" content=\"3 minutos\" \/>\n<script type=\"application\/ld+json\" class=\"yoast-schema-graph\">{\"@context\":\"https:\/\/schema.org\",\"@graph\":[{\"@type\":\"Article\",\"@id\":\"https:\/\/www.sonoraenequipo.com.mx\/recomienda-especialista-de-isssteson-cuidar-la-alimentacion-del-adulto-mayor\/#article\",\"isPartOf\":{\"@id\":\"https:\/\/www.sonoraenequipo.com.mx\/recomienda-especialista-de-isssteson-cuidar-la-alimentacion-del-adulto-mayor\/\"},\"author\":{\"name\":\"enequipo\",\"@id\":\"https:\/\/www.sonoraenequipo.com.mx\/#\/schema\/person\/50102df0fb23a8fa9e8effad8fa81386\"},\"headline\":\"Recomienda especialista de Isssteson cuidar la alimentaci\u00f3n del adulto mayor\",\"datePublished\":\"2021-08-28T04:30:53+00:00\",\"dateModified\":\"2021-08-28T17:30:35+00:00\",\"mainEntityOfPage\":{\"@id\":\"https:\/\/www.sonoraenequipo.com.mx\/recomienda-especialista-de-isssteson-cuidar-la-alimentacion-del-adulto-mayor\/\"},\"wordCount\":634,\"commentCount\":0,\"publisher\":{\"@id\":\"https:\/\/www.sonoraenequipo.com.mx\/#organization\"},\"image\":{\"@id\":\"https:\/\/www.sonoraenequipo.com.mx\/recomienda-especialista-de-isssteson-cuidar-la-alimentacion-del-adulto-mayor\/#primaryimage\"},\"thumbnailUrl\":\"https:\/\/www.sonoraenequipo.com.mx\/storage\/2021\/08\/comida-saludable_opt.jpg\",\"articleSection\":[\"Sonora\"],\"inLanguage\":\"es\",\"potentialAction\":[{\"@type\":\"CommentAction\",\"name\":\"Comment\",\"target\":[\"https:\/\/www.sonoraenequipo.com.mx\/recomienda-especialista-de-isssteson-cuidar-la-alimentacion-del-adulto-mayor\/#respond\"]}]},{\"@type\":\"WebPage\",\"@id\":\"https:\/\/www.sonoraenequipo.com.mx\/recomienda-especialista-de-isssteson-cuidar-la-alimentacion-del-adulto-mayor\/\",\"url\":\"https:\/\/www.sonoraenequipo.com.mx\/recomienda-especialista-de-isssteson-cuidar-la-alimentacion-del-adulto-mayor\/\",\"name\":\"Sonora en Equipo. Recomienda especialista de Isssteson cuidar la alimentaci\u00f3n del adulto mayor Sonora\",\"isPartOf\":{\"@id\":\"https:\/\/www.sonoraenequipo.com.mx\/#website\"},\"primaryImageOfPage\":{\"@id\":\"https:\/\/www.sonoraenequipo.com.mx\/recomienda-especialista-de-isssteson-cuidar-la-alimentacion-del-adulto-mayor\/#primaryimage\"},\"image\":{\"@id\":\"https:\/\/www.sonoraenequipo.com.mx\/recomienda-especialista-de-isssteson-cuidar-la-alimentacion-del-adulto-mayor\/#primaryimage\"},\"thumbnailUrl\":\"https:\/\/www.sonoraenequipo.com.mx\/storage\/2021\/08\/comida-saludable_opt.jpg\",\"datePublished\":\"2021-08-28T04:30:53+00:00\",\"dateModified\":\"2021-08-28T17:30:35+00:00\",\"description\":\"HERMOSILLO, SONORA. MX.\u2014 Para buscar mantenerse saludables, las personas de 60 a\u00f1os y m\u00e1s deben cuidar su alimentaci\u00f3n, evitando grasas saturadas, En Sonora en Equipo publicamos toda la informaci\u00f3n de Sonora, M\u00e9xico y el Mundo de manera oportuna y busca que la libertad de expresi\u00f3n sea real. Visita nuestro medio informativo publicado desde Hermosillo, Sonora. %\",\"breadcrumb\":{\"@id\":\"https:\/\/www.sonoraenequipo.com.mx\/recomienda-especialista-de-isssteson-cuidar-la-alimentacion-del-adulto-mayor\/#breadcrumb\"},\"inLanguage\":\"es\",\"potentialAction\":[{\"@type\":\"ReadAction\",\"target\":[\"https:\/\/www.sonoraenequipo.com.mx\/recomienda-especialista-de-isssteson-cuidar-la-alimentacion-del-adulto-mayor\/\"]}]},{\"@type\":\"ImageObject\",\"inLanguage\":\"es\",\"@id\":\"https:\/\/www.sonoraenequipo.com.mx\/recomienda-especialista-de-isssteson-cuidar-la-alimentacion-del-adulto-mayor\/#primaryimage\",\"url\":\"https:\/\/www.sonoraenequipo.com.mx\/storage\/2021\/08\/comida-saludable_opt.jpg\",\"contentUrl\":\"https:\/\/www.sonoraenequipo.com.mx\/storage\/2021\/08\/comida-saludable_opt.jpg\",\"width\":700,\"height\":400},{\"@type\":\"BreadcrumbList\",\"@id\":\"https:\/\/www.sonoraenequipo.com.mx\/recomienda-especialista-de-isssteson-cuidar-la-alimentacion-del-adulto-mayor\/#breadcrumb\",\"itemListElement\":[{\"@type\":\"ListItem\",\"position\":1,\"name\":\"Portada\",\"item\":\"https:\/\/www.sonoraenequipo.com.mx\/\"},{\"@type\":\"ListItem\",\"position\":2,\"name\":\"Recomienda especialista de Isssteson cuidar la alimentaci\u00f3n del adulto mayor\"}]},{\"@type\":\"WebSite\",\"@id\":\"https:\/\/www.sonoraenequipo.com.mx\/#website\",\"url\":\"https:\/\/www.sonoraenequipo.com.mx\/\",\"name\":\"Sonora en Equipo.\",\"description\":\"Diario en l\u00ednea con Noticias desde Hermosillo, Sonora\",\"publisher\":{\"@id\":\"https:\/\/www.sonoraenequipo.com.mx\/#organization\"},\"potentialAction\":[{\"@type\":\"SearchAction\",\"target\":{\"@type\":\"EntryPoint\",\"urlTemplate\":\"https:\/\/www.sonoraenequipo.com.mx\/?s={search_term_string}\"},\"query-input\":{\"@type\":\"PropertyValueSpecification\",\"valueRequired\":true,\"valueName\":\"search_term_string\"}}],\"inLanguage\":\"es\"},{\"@type\":\"Organization\",\"@id\":\"https:\/\/www.sonoraenequipo.com.mx\/#organization\",\"name\":\"Sonoraenequipo.com.mx\",\"url\":\"https:\/\/www.sonoraenequipo.com.mx\/\",\"logo\":{\"@type\":\"ImageObject\",\"inLanguage\":\"es\",\"@id\":\"https:\/\/www.sonoraenequipo.com.mx\/#\/schema\/logo\/image\/\",\"url\":\"https:\/\/www.sonoraenequipo.com.mx\/storage\/2019\/01\/sonoraenequipo_opt.png\",\"contentUrl\":\"https:\/\/www.sonoraenequipo.com.mx\/storage\/2019\/01\/sonoraenequipo_opt.png\",\"width\":375,\"height\":125,\"caption\":\"Sonoraenequipo.com.mx\"},\"image\":{\"@id\":\"https:\/\/www.sonoraenequipo.com.mx\/#\/schema\/logo\/image\/\"},\"sameAs\":[\"https:\/\/www.facebook.com\/SonoraEE\/\",\"https:\/\/x.com\/sonoraenequipo\",\"https:\/\/www.youtube.com\/channel\/UC338nW-lPEYmJQs4ZABQ1SQ\"]},{\"@type\":\"Person\",\"@id\":\"https:\/\/www.sonoraenequipo.com.mx\/#\/schema\/person\/50102df0fb23a8fa9e8effad8fa81386\",\"name\":\"enequipo\",\"image\":{\"@type\":\"ImageObject\",\"inLanguage\":\"es\",\"@id\":\"https:\/\/www.sonoraenequipo.com.mx\/#\/schema\/person\/image\/\",\"url\":\"https:\/\/secure.gravatar.com\/avatar\/049821681b589dabc0bc20695993ccebb09f5b5d4d790cd9251b97faac7c652b?s=96&d=blank&r=g\",\"contentUrl\":\"https:\/\/secure.gravatar.com\/avatar\/049821681b589dabc0bc20695993ccebb09f5b5d4d790cd9251b97faac7c652b?s=96&d=blank&r=g\",\"caption\":\"enequipo\"},\"sameAs\":[\"https:\/\/www.facebook.com\/SonoraEE\"]}]}<\/script>\n ","yoast_head_json":{"title":"Sonora en Equipo. Recomienda especialista de Isssteson cuidar la alimentaci\u00f3n del adulto mayor Sonora","description":"HERMOSILLO, SONORA. MX.\u2014 Para buscar mantenerse saludables, las personas de 60 a\u00f1os y m\u00e1s deben cuidar su alimentaci\u00f3n, evitando grasas saturadas, En Sonora en Equipo publicamos toda la informaci\u00f3n de Sonora, M\u00e9xico y el Mundo de manera oportuna y busca que la libertad de expresi\u00f3n sea real. Visita nuestro medio informativo publicado desde Hermosillo, Sonora. %","robots":{"index":"index","follow":"follow","max-snippet":"max-snippet:-1","max-image-preview":"max-image-preview:large","max-video-preview":"max-video-preview:-1"},"canonical":"https:\/\/www.sonoraenequipo.com.mx\/recomienda-especialista-de-isssteson-cuidar-la-alimentacion-del-adulto-mayor\/","og_locale":"es_ES","og_type":"article","og_title":"Sonora en Equipo. Recomienda especialista de Isssteson cuidar la alimentaci\u00f3n del adulto mayor Sonora","og_description":"HERMOSILLO, SONORA. MX.\u2014 Para buscar mantenerse saludables, las personas de 60 a\u00f1os y m\u00e1s deben cuidar su alimentaci\u00f3n, evitando grasas saturadas, En Sonora en Equipo publicamos toda la informaci\u00f3n de Sonora, M\u00e9xico y el Mundo de manera oportuna y busca que la libertad de expresi\u00f3n sea real. Visita nuestro medio informativo publicado desde Hermosillo, Sonora. %","og_url":"https:\/\/www.sonoraenequipo.com.mx\/recomienda-especialista-de-isssteson-cuidar-la-alimentacion-del-adulto-mayor\/","og_site_name":"Sonora en Equipo.","article_publisher":"https:\/\/www.facebook.com\/SonoraEE\/","article_author":"https:\/\/www.facebook.com\/SonoraEE","article_published_time":"2021-08-28T04:30:53+00:00","article_modified_time":"2021-08-28T17:30:35+00:00","og_image":[{"width":700,"height":400,"url":"https:\/\/www.sonoraenequipo.com.mx\/storage\/2021\/08\/comida-saludable_opt.jpg","type":"image\/jpeg"}],"author":"enequipo","twitter_card":"summary_large_image","twitter_creator":"@sonoraenequipo","twitter_site":"@sonoraenequipo","twitter_misc":{"Escrito por":"enequipo","Tiempo de lectura":"3 minutos"},"schema":{"@context":"https:\/\/schema.org","@graph":[{"@type":"Article","@id":"https:\/\/www.sonoraenequipo.com.mx\/recomienda-especialista-de-isssteson-cuidar-la-alimentacion-del-adulto-mayor\/#article","isPartOf":{"@id":"https:\/\/www.sonoraenequipo.com.mx\/recomienda-especialista-de-isssteson-cuidar-la-alimentacion-del-adulto-mayor\/"},"author":{"name":"enequipo","@id":"https:\/\/www.sonoraenequipo.com.mx\/#\/schema\/person\/50102df0fb23a8fa9e8effad8fa81386"},"headline":"Recomienda especialista de Isssteson cuidar la alimentaci\u00f3n del adulto mayor","datePublished":"2021-08-28T04:30:53+00:00","dateModified":"2021-08-28T17:30:35+00:00","mainEntityOfPage":{"@id":"https:\/\/www.sonoraenequipo.com.mx\/recomienda-especialista-de-isssteson-cuidar-la-alimentacion-del-adulto-mayor\/"},"wordCount":634,"commentCount":0,"publisher":{"@id":"https:\/\/www.sonoraenequipo.com.mx\/#organization"},"image":{"@id":"https:\/\/www.sonoraenequipo.com.mx\/recomienda-especialista-de-isssteson-cuidar-la-alimentacion-del-adulto-mayor\/#primaryimage"},"thumbnailUrl":"https:\/\/www.sonoraenequipo.com.mx\/storage\/2021\/08\/comida-saludable_opt.jpg","articleSection":["Sonora"],"inLanguage":"es","potentialAction":[{"@type":"CommentAction","name":"Comment","target":["https:\/\/www.sonoraenequipo.com.mx\/recomienda-especialista-de-isssteson-cuidar-la-alimentacion-del-adulto-mayor\/#respond"]}]},{"@type":"WebPage","@id":"https:\/\/www.sonoraenequipo.com.mx\/recomienda-especialista-de-isssteson-cuidar-la-alimentacion-del-adulto-mayor\/","url":"https:\/\/www.sonoraenequipo.com.mx\/recomienda-especialista-de-isssteson-cuidar-la-alimentacion-del-adulto-mayor\/","name":"Sonora en Equipo. Recomienda especialista de Isssteson cuidar la alimentaci\u00f3n del adulto mayor Sonora","isPartOf":{"@id":"https:\/\/www.sonoraenequipo.com.mx\/#website"},"primaryImageOfPage":{"@id":"https:\/\/www.sonoraenequipo.com.mx\/recomienda-especialista-de-isssteson-cuidar-la-alimentacion-del-adulto-mayor\/#primaryimage"},"image":{"@id":"https:\/\/www.sonoraenequipo.com.mx\/recomienda-especialista-de-isssteson-cuidar-la-alimentacion-del-adulto-mayor\/#primaryimage"},"thumbnailUrl":"https:\/\/www.sonoraenequipo.com.mx\/storage\/2021\/08\/comida-saludable_opt.jpg","datePublished":"2021-08-28T04:30:53+00:00","dateModified":"2021-08-28T17:30:35+00:00","description":"HERMOSILLO, SONORA. MX.\u2014 Para buscar mantenerse saludables, las personas de 60 a\u00f1os y m\u00e1s deben cuidar su alimentaci\u00f3n, evitando grasas saturadas, En Sonora en Equipo publicamos toda la informaci\u00f3n de Sonora, M\u00e9xico y el Mundo de manera oportuna y busca que la libertad de expresi\u00f3n sea real. Visita nuestro medio informativo publicado desde Hermosillo, Sonora. %","breadcrumb":{"@id":"https:\/\/www.sonoraenequipo.com.mx\/recomienda-especialista-de-isssteson-cuidar-la-alimentacion-del-adulto-mayor\/#breadcrumb"},"inLanguage":"es","potentialAction":[{"@type":"ReadAction","target":["https:\/\/www.sonoraenequipo.com.mx\/recomienda-especialista-de-isssteson-cuidar-la-alimentacion-del-adulto-mayor\/"]}]},{"@type":"ImageObject","inLanguage":"es","@id":"https:\/\/www.sonoraenequipo.com.mx\/recomienda-especialista-de-isssteson-cuidar-la-alimentacion-del-adulto-mayor\/#primaryimage","url":"https:\/\/www.sonoraenequipo.com.mx\/storage\/2021\/08\/comida-saludable_opt.jpg","contentUrl":"https:\/\/www.sonoraenequipo.com.mx\/storage\/2021\/08\/comida-saludable_opt.jpg","width":700,"height":400},{"@type":"BreadcrumbList","@id":"https:\/\/www.sonoraenequipo.com.mx\/recomienda-especialista-de-isssteson-cuidar-la-alimentacion-del-adulto-mayor\/#breadcrumb","itemListElement":[{"@type":"ListItem","position":1,"name":"Portada","item":"https:\/\/www.sonoraenequipo.com.mx\/"},{"@type":"ListItem","position":2,"name":"Recomienda especialista de Isssteson cuidar la alimentaci\u00f3n del adulto mayor"}]},{"@type":"WebSite","@id":"https:\/\/www.sonoraenequipo.com.mx\/#website","url":"https:\/\/www.sonoraenequipo.com.mx\/","name":"Sonora en Equipo.","description":"Diario en l\u00ednea con Noticias desde Hermosillo, Sonora","publisher":{"@id":"https:\/\/www.sonoraenequipo.com.mx\/#organization"},"potentialAction":[{"@type":"SearchAction","target":{"@type":"EntryPoint","urlTemplate":"https:\/\/www.sonoraenequipo.com.mx\/?s={search_term_string}"},"query-input":{"@type":"PropertyValueSpecification","valueRequired":true,"valueName":"search_term_string"}}],"inLanguage":"es"},{"@type":"Organization","@id":"https:\/\/www.sonoraenequipo.com.mx\/#organization","name":"Sonoraenequipo.com.mx","url":"https:\/\/www.sonoraenequipo.com.mx\/","logo":{"@type":"ImageObject","inLanguage":"es","@id":"https:\/\/www.sonoraenequipo.com.mx\/#\/schema\/logo\/image\/","url":"https:\/\/www.sonoraenequipo.com.mx\/storage\/2019\/01\/sonoraenequipo_opt.png","contentUrl":"https:\/\/www.sonoraenequipo.com.mx\/storage\/2019\/01\/sonoraenequipo_opt.png","width":375,"height":125,"caption":"Sonoraenequipo.com.mx"},"image":{"@id":"https:\/\/www.sonoraenequipo.com.mx\/#\/schema\/logo\/image\/"},"sameAs":["https:\/\/www.facebook.com\/SonoraEE\/","https:\/\/x.com\/sonoraenequipo","https:\/\/www.youtube.com\/channel\/UC338nW-lPEYmJQs4ZABQ1SQ"]},{"@type":"Person","@id":"https:\/\/www.sonoraenequipo.com.mx\/#\/schema\/person\/50102df0fb23a8fa9e8effad8fa81386","name":"enequipo","image":{"@type":"ImageObject","inLanguage":"es","@id":"https:\/\/www.sonoraenequipo.com.mx\/#\/schema\/person\/image\/","url":"https:\/\/secure.gravatar.com\/avatar\/049821681b589dabc0bc20695993ccebb09f5b5d4d790cd9251b97faac7c652b?s=96&d=blank&r=g","contentUrl":"https:\/\/secure.gravatar.com\/avatar\/049821681b589dabc0bc20695993ccebb09f5b5d4d790cd9251b97faac7c652b?s=96&d=blank&r=g","caption":"enequipo"},"sameAs":["https:\/\/www.facebook.com\/SonoraEE"]}]}},"jetpack_featured_media_url":"https:\/\/www.sonoraenequipo.com.mx\/storage\/2021\/08\/comida-saludable_opt.jpg","_links":{"self":[{"href":"https:\/\/www.sonoraenequipo.com.mx\/api\/wp\/v2\/posts\/121597","targetHints":{"allow":["GET"]}}],"collection":[{"href":"https:\/\/www.sonoraenequipo.com.mx\/api\/wp\/v2\/posts"}],"about":[{"href":"https:\/\/www.sonoraenequipo.com.mx\/api\/wp\/v2\/types\/post"}],"author":[{"embeddable":true,"href":"https:\/\/www.sonoraenequipo.com.mx\/api\/wp\/v2\/users\/1"}],"replies":[{"embeddable":true,"href":"https:\/\/www.sonoraenequipo.com.mx\/api\/wp\/v2\/comments?post=121597"}],"version-history":[{"count":1,"href":"https:\/\/www.sonoraenequipo.com.mx\/api\/wp\/v2\/posts\/121597\/revisions"}],"predecessor-version":[{"id":121600,"href":"https:\/\/www.sonoraenequipo.com.mx\/api\/wp\/v2\/posts\/121597\/revisions\/121600"}],"wp:featuredmedia":[{"embeddable":true,"href":"https:\/\/www.sonoraenequipo.com.mx\/api\/wp\/v2\/media\/121563"}],"wp:attachment":[{"href":"https:\/\/www.sonoraenequipo.com.mx\/api\/wp\/v2\/media?parent=121597"}],"wp:term":[{"taxonomy":"category","embeddable":true,"href":"https:\/\/www.sonoraenequipo.com.mx\/api\/wp\/v2\/categories?post=121597"},{"taxonomy":"post_tag","embeddable":true,"href":"https:\/\/www.sonoraenequipo.com.mx\/api\/wp\/v2\/tags?post=121597"}],"curies":[{"name":"wp","href":"https:\/\/api.w.org\/{rel}","templated":true}]}}