{"id":121601,"date":"2021-08-28T06:30:14","date_gmt":"2021-08-28T13:30:14","guid":{"rendered":"https:\/\/www.sonoraenequipo.com.mx\/?p=121601"},"modified":"2021-08-28T10:45:18","modified_gmt":"2021-08-28T17:45:18","slug":"el-empresario-saul-rojo-valenzuela-entrego-en-donacion-una-aula-digital-para-uso-academico-al-cereso-1-de-hermosillo","status":"publish","type":"post","link":"https:\/\/www.sonoraenequipo.com.mx\/el-empresario-saul-rojo-valenzuela-entrego-en-donacion-una-aula-digital-para-uso-academico-al-cereso-1-de-hermosillo\/","title":{"rendered":"El empresario Sa\u00fal Rojo Valenzuela entreg\u00f3 en donaci\u00f3n una aula digital para uso acad\u00e9mico al Cereso 1 de Hermosillo"},"content":{"rendered":"<p>HERMOSILLO, SONORA. .MX. \u2014 En Sonora, hay integrantes de la sociedad civil comprometidos con la reinserci\u00f3n social como el empresario e integrante del Comit\u00e9 Ciudadano de Seguridad P\u00fablica, Sa\u00fal Rojo Valenzuela, quien apoy\u00f3 con la entrega en donaci\u00f3n de una aula digital en el Centro de Reinserci\u00f3n Social 1 de Hermosillo en la cual Personas Privadas de su Libertad (PPL) podr\u00e1n continuar sus estudios.<\/p>\n<p>&nbsp;<\/p>\n<p> <\/p>\n<p>&nbsp;<\/p>\n<p>El coordinador del Sistema Estatal Penitenciario (SIEP), Javier de Jes\u00fas Ibarra Falomir, junto con el tambi\u00e9n fundador y director general de CT Internacional del Noroeste S.A. de C.V. supervisaron las instalaciones que fueron remodeladas y equipadas con todo lo necesario para que los PPL reciban sus clases virtuales.<\/p>\n<p>Con una inversi\u00f3n de casi 400 mil pesos, el aula fue equipada con 10 estaciones de trabajo con capacidad de conectarse a internet y con todos los requerimientos para establecer una completa comunicaci\u00f3n con fines acad\u00e9micos y supervisada en todo momento por autoridades del centro.<\/p>\n<p><img loading=\"lazy\" decoding=\"async\" class=\"size-full  x-right\" src=\"https:\/\/sonmx.mx\/storage\/2021\/08\/cereso-hermosillo_opt.jpg\" alt=\"\" width=\"700\" height=\"400\" \/>Como parte del Comit\u00e9 Ciudadano de Seguridad P\u00fablica, Rojo Valenzuela se\u00f1al\u00f3 tener un estrecho v\u00ednculo con las instituciones responsables de proveer la seguridad para todos los habitantes del estado de Sonora y especialmente con el Sistema Estatal Penitenciario.<\/p>\n<p><em>\u201cNosotros estamos convencidos en CT Internacional acerca de la importancia del papel que juega la tecnolog\u00eda para apoyar a las personas privadas de su libertad a mantenerse actualizados en t\u00e9rminos educativos, de capacitaci\u00f3n y de adquirir nuevos conocimientos para que cuando recobren su libertad no est\u00e9n rezagados\u201d,<\/em> extern\u00f3.<\/p>\n<p>El empresario dijo sentirse muy afortunado de participar con esta aportaci\u00f3n en mejorar la vida y condici\u00f3n de la poblaci\u00f3n penitenciaria que desea estudiar y salir adelante.<\/p>\n<p><em>\u201cNosotros nos debemos a la comunidad y sentimos que esto es lo menos que podemos hacer\u201d<\/em>, por ello, mencion\u00f3 que este acto inspire y motive a otras empresas para que apoyen a instituciones como el Cereso y otras m\u00e1s que lo necesitan.<\/p>\n<p>Por su parte, el titular del SIEP en nombre del secretario de Seguridad P\u00fablica, David Anaya Cooley agradeci\u00f3 la donaci\u00f3n del aula digital que ser\u00e1 de gran valor para fomentar la educaci\u00f3n a distancia.<\/p>\n<p>&nbsp;<\/p>\n<p>&nbsp;<\/p>\n<p>&nbsp;<\/p>\n<p>(Publicada el 27\/08\/2021)<\/p>\n","protected":false},"excerpt":{"rendered":"<p>HERMOSILLO, SONORA. .MX. \u2014 En Sonora, hay integrantes de la sociedad civil comprometidos con la&#8230;<\/p>\n","protected":false},"author":1,"featured_media":121602,"comment_status":"open","ping_status":"open","sticky":false,"template":"","format":"standard","meta":{"_monsterinsights_skip_tracking":false,"_monsterinsights_sitenote_active":false,"_monsterinsights_sitenote_note":"","_monsterinsights_sitenote_category":0,"footnotes":""},"categories":[22],"tags":[],"class_list":["post"],"yoast_head":" \n<title>Sonora en Equipo. El empresario Sa\u00fal Rojo Valenzuela entreg\u00f3 en donaci\u00f3n una aula digital para uso acad\u00e9mico al Cereso 1 de Hermosillo Sonora<\/title>\n<meta name=\"description\" content=\"HERMOSILLO, SONORA. .MX. \u2014 En Sonora, hay integrantes de la sociedad civil comprometidos con la reinserci\u00f3n social como el empresario e integrante del En Sonora en Equipo publicamos toda la informaci\u00f3n de Sonora, M\u00e9xico y el Mundo de manera oportuna y busca que la libertad de expresi\u00f3n sea real. Visita nuestro medio informativo publicado desde Hermosillo, Sonora. %\" \/>\n<meta name=\"robots\" content=\"index, follow, max-snippet:-1, max-image-preview:large, max-video-preview:-1\" \/>\n<link rel=\"canonical\" href=\"https:\/\/www.sonoraenequipo.com.mx\/el-empresario-saul-rojo-valenzuela-entrego-en-donacion-una-aula-digital-para-uso-academico-al-cereso-1-de-hermosillo\/\" \/>\n<meta property=\"og:locale\" content=\"es_ES\" \/>\n<meta property=\"og:type\" content=\"article\" \/>\n<meta property=\"og:title\" content=\"Sonora en Equipo. El empresario Sa\u00fal Rojo Valenzuela entreg\u00f3 en donaci\u00f3n una aula digital para uso acad\u00e9mico al Cereso 1 de Hermosillo Sonora\" \/>\n<meta property=\"og:description\" content=\"HERMOSILLO, SONORA. .MX. \u2014 En Sonora, hay integrantes de la sociedad civil comprometidos con la reinserci\u00f3n social como el empresario e integrante del En Sonora en Equipo publicamos toda la informaci\u00f3n de Sonora, M\u00e9xico y el Mundo de manera oportuna y busca que la libertad de expresi\u00f3n sea real. Visita nuestro medio informativo publicado desde Hermosillo, Sonora. %\" \/>\n<meta property=\"og:url\" content=\"https:\/\/www.sonoraenequipo.com.mx\/el-empresario-saul-rojo-valenzuela-entrego-en-donacion-una-aula-digital-para-uso-academico-al-cereso-1-de-hermosillo\/\" \/>\n<meta property=\"og:site_name\" content=\"Sonora en Equipo.\" \/>\n<meta property=\"article:publisher\" content=\"https:\/\/www.facebook.com\/SonoraEE\/\" \/>\n<meta property=\"article:author\" content=\"https:\/\/www.facebook.com\/SonoraEE\" \/>\n<meta property=\"article:published_time\" content=\"2021-08-28T13:30:14+00:00\" \/>\n<meta property=\"article:modified_time\" content=\"2021-08-28T17:45:18+00:00\" \/>\n<meta property=\"og:image\" content=\"https:\/\/www.sonoraenequipo.com.mx\/storage\/2021\/08\/reinsercion-social_opt.jpg\" \/>\n\t<meta property=\"og:image:width\" content=\"700\" \/>\n\t<meta property=\"og:image:height\" content=\"400\" \/>\n\t<meta property=\"og:image:type\" content=\"image\/jpeg\" \/>\n<meta name=\"author\" content=\"enequipo\" \/>\n<meta name=\"twitter:card\" content=\"summary_large_image\" \/>\n<meta name=\"twitter:creator\" content=\"@sonoraenequipo\" \/>\n<meta name=\"twitter:site\" content=\"@sonoraenequipo\" \/>\n<meta name=\"twitter:label1\" content=\"Escrito por\" \/>\n\t<meta name=\"twitter:data1\" content=\"enequipo\" \/>\n\t<meta name=\"twitter:label2\" content=\"Tiempo de lectura\" \/>\n\t<meta name=\"twitter:data2\" content=\"2 minutos\" \/>\n<script type=\"application\/ld+json\" class=\"yoast-schema-graph\">{\"@context\":\"https:\/\/schema.org\",\"@graph\":[{\"@type\":\"Article\",\"@id\":\"https:\/\/www.sonoraenequipo.com.mx\/el-empresario-saul-rojo-valenzuela-entrego-en-donacion-una-aula-digital-para-uso-academico-al-cereso-1-de-hermosillo\/#article\",\"isPartOf\":{\"@id\":\"https:\/\/www.sonoraenequipo.com.mx\/el-empresario-saul-rojo-valenzuela-entrego-en-donacion-una-aula-digital-para-uso-academico-al-cereso-1-de-hermosillo\/\"},\"author\":{\"name\":\"enequipo\",\"@id\":\"https:\/\/www.sonoraenequipo.com.mx\/#\/schema\/person\/50102df0fb23a8fa9e8effad8fa81386\"},\"headline\":\"El empresario Sa\u00fal Rojo Valenzuela entreg\u00f3 en donaci\u00f3n una aula digital para uso acad\u00e9mico al Cereso 1 de Hermosillo\",\"datePublished\":\"2021-08-28T13:30:14+00:00\",\"dateModified\":\"2021-08-28T17:45:18+00:00\",\"mainEntityOfPage\":{\"@id\":\"https:\/\/www.sonoraenequipo.com.mx\/el-empresario-saul-rojo-valenzuela-entrego-en-donacion-una-aula-digital-para-uso-academico-al-cereso-1-de-hermosillo\/\"},\"wordCount\":397,\"commentCount\":0,\"publisher\":{\"@id\":\"https:\/\/www.sonoraenequipo.com.mx\/#organization\"},\"image\":{\"@id\":\"https:\/\/www.sonoraenequipo.com.mx\/el-empresario-saul-rojo-valenzuela-entrego-en-donacion-una-aula-digital-para-uso-academico-al-cereso-1-de-hermosillo\/#primaryimage\"},\"thumbnailUrl\":\"https:\/\/www.sonoraenequipo.com.mx\/storage\/2021\/08\/reinsercion-social_opt.jpg\",\"articleSection\":[\"Sonora\"],\"inLanguage\":\"es\",\"potentialAction\":[{\"@type\":\"CommentAction\",\"name\":\"Comment\",\"target\":[\"https:\/\/www.sonoraenequipo.com.mx\/el-empresario-saul-rojo-valenzuela-entrego-en-donacion-una-aula-digital-para-uso-academico-al-cereso-1-de-hermosillo\/#respond\"]}]},{\"@type\":\"WebPage\",\"@id\":\"https:\/\/www.sonoraenequipo.com.mx\/el-empresario-saul-rojo-valenzuela-entrego-en-donacion-una-aula-digital-para-uso-academico-al-cereso-1-de-hermosillo\/\",\"url\":\"https:\/\/www.sonoraenequipo.com.mx\/el-empresario-saul-rojo-valenzuela-entrego-en-donacion-una-aula-digital-para-uso-academico-al-cereso-1-de-hermosillo\/\",\"name\":\"Sonora en Equipo. El empresario Sa\u00fal Rojo Valenzuela entreg\u00f3 en donaci\u00f3n una aula digital para uso acad\u00e9mico al Cereso 1 de Hermosillo Sonora\",\"isPartOf\":{\"@id\":\"https:\/\/www.sonoraenequipo.com.mx\/#website\"},\"primaryImageOfPage\":{\"@id\":\"https:\/\/www.sonoraenequipo.com.mx\/el-empresario-saul-rojo-valenzuela-entrego-en-donacion-una-aula-digital-para-uso-academico-al-cereso-1-de-hermosillo\/#primaryimage\"},\"image\":{\"@id\":\"https:\/\/www.sonoraenequipo.com.mx\/el-empresario-saul-rojo-valenzuela-entrego-en-donacion-una-aula-digital-para-uso-academico-al-cereso-1-de-hermosillo\/#primaryimage\"},\"thumbnailUrl\":\"https:\/\/www.sonoraenequipo.com.mx\/storage\/2021\/08\/reinsercion-social_opt.jpg\",\"datePublished\":\"2021-08-28T13:30:14+00:00\",\"dateModified\":\"2021-08-28T17:45:18+00:00\",\"description\":\"HERMOSILLO, SONORA. .MX. \u2014 En Sonora, hay integrantes de la sociedad civil comprometidos con la reinserci\u00f3n social como el empresario e integrante del En Sonora en Equipo publicamos toda la informaci\u00f3n de Sonora, M\u00e9xico y el Mundo de manera oportuna y busca que la libertad de expresi\u00f3n sea real. Visita nuestro medio informativo publicado desde Hermosillo, Sonora. %\",\"breadcrumb\":{\"@id\":\"https:\/\/www.sonoraenequipo.com.mx\/el-empresario-saul-rojo-valenzuela-entrego-en-donacion-una-aula-digital-para-uso-academico-al-cereso-1-de-hermosillo\/#breadcrumb\"},\"inLanguage\":\"es\",\"potentialAction\":[{\"@type\":\"ReadAction\",\"target\":[\"https:\/\/www.sonoraenequipo.com.mx\/el-empresario-saul-rojo-valenzuela-entrego-en-donacion-una-aula-digital-para-uso-academico-al-cereso-1-de-hermosillo\/\"]}]},{\"@type\":\"ImageObject\",\"inLanguage\":\"es\",\"@id\":\"https:\/\/www.sonoraenequipo.com.mx\/el-empresario-saul-rojo-valenzuela-entrego-en-donacion-una-aula-digital-para-uso-academico-al-cereso-1-de-hermosillo\/#primaryimage\",\"url\":\"https:\/\/www.sonoraenequipo.com.mx\/storage\/2021\/08\/reinsercion-social_opt.jpg\",\"contentUrl\":\"https:\/\/www.sonoraenequipo.com.mx\/storage\/2021\/08\/reinsercion-social_opt.jpg\",\"width\":700,\"height\":400},{\"@type\":\"BreadcrumbList\",\"@id\":\"https:\/\/www.sonoraenequipo.com.mx\/el-empresario-saul-rojo-valenzuela-entrego-en-donacion-una-aula-digital-para-uso-academico-al-cereso-1-de-hermosillo\/#breadcrumb\",\"itemListElement\":[{\"@type\":\"ListItem\",\"position\":1,\"name\":\"Portada\",\"item\":\"https:\/\/www.sonoraenequipo.com.mx\/\"},{\"@type\":\"ListItem\",\"position\":2,\"name\":\"El empresario Sa\u00fal Rojo Valenzuela entreg\u00f3 en donaci\u00f3n una aula digital para uso acad\u00e9mico al Cereso 1 de Hermosillo\"}]},{\"@type\":\"WebSite\",\"@id\":\"https:\/\/www.sonoraenequipo.com.mx\/#website\",\"url\":\"https:\/\/www.sonoraenequipo.com.mx\/\",\"name\":\"Sonora en Equipo.\",\"description\":\"Diario en l\u00ednea con Noticias desde Hermosillo, Sonora\",\"publisher\":{\"@id\":\"https:\/\/www.sonoraenequipo.com.mx\/#organization\"},\"potentialAction\":[{\"@type\":\"SearchAction\",\"target\":{\"@type\":\"EntryPoint\",\"urlTemplate\":\"https:\/\/www.sonoraenequipo.com.mx\/?s={search_term_string}\"},\"query-input\":{\"@type\":\"PropertyValueSpecification\",\"valueRequired\":true,\"valueName\":\"search_term_string\"}}],\"inLanguage\":\"es\"},{\"@type\":\"Organization\",\"@id\":\"https:\/\/www.sonoraenequipo.com.mx\/#organization\",\"name\":\"Sonoraenequipo.com.mx\",\"url\":\"https:\/\/www.sonoraenequipo.com.mx\/\",\"logo\":{\"@type\":\"ImageObject\",\"inLanguage\":\"es\",\"@id\":\"https:\/\/www.sonoraenequipo.com.mx\/#\/schema\/logo\/image\/\",\"url\":\"https:\/\/www.sonoraenequipo.com.mx\/storage\/2019\/01\/sonoraenequipo_opt.png\",\"contentUrl\":\"https:\/\/www.sonoraenequipo.com.mx\/storage\/2019\/01\/sonoraenequipo_opt.png\",\"width\":375,\"height\":125,\"caption\":\"Sonoraenequipo.com.mx\"},\"image\":{\"@id\":\"https:\/\/www.sonoraenequipo.com.mx\/#\/schema\/logo\/image\/\"},\"sameAs\":[\"https:\/\/www.facebook.com\/SonoraEE\/\",\"https:\/\/x.com\/sonoraenequipo\",\"https:\/\/www.youtube.com\/channel\/UC338nW-lPEYmJQs4ZABQ1SQ\"]},{\"@type\":\"Person\",\"@id\":\"https:\/\/www.sonoraenequipo.com.mx\/#\/schema\/person\/50102df0fb23a8fa9e8effad8fa81386\",\"name\":\"enequipo\",\"image\":{\"@type\":\"ImageObject\",\"inLanguage\":\"es\",\"@id\":\"https:\/\/www.sonoraenequipo.com.mx\/#\/schema\/person\/image\/\",\"url\":\"https:\/\/secure.gravatar.com\/avatar\/049821681b589dabc0bc20695993ccebb09f5b5d4d790cd9251b97faac7c652b?s=96&d=blank&r=g\",\"contentUrl\":\"https:\/\/secure.gravatar.com\/avatar\/049821681b589dabc0bc20695993ccebb09f5b5d4d790cd9251b97faac7c652b?s=96&d=blank&r=g\",\"caption\":\"enequipo\"},\"sameAs\":[\"https:\/\/www.facebook.com\/SonoraEE\"]}]}<\/script>\n ","yoast_head_json":{"title":"Sonora en Equipo. El empresario Sa\u00fal Rojo Valenzuela entreg\u00f3 en donaci\u00f3n una aula digital para uso acad\u00e9mico al Cereso 1 de Hermosillo Sonora","description":"HERMOSILLO, SONORA. .MX. \u2014 En Sonora, hay integrantes de la sociedad civil comprometidos con la reinserci\u00f3n social como el empresario e integrante del En Sonora en Equipo publicamos toda la informaci\u00f3n de Sonora, M\u00e9xico y el Mundo de manera oportuna y busca que la libertad de expresi\u00f3n sea real. Visita nuestro medio informativo publicado desde Hermosillo, Sonora. %","robots":{"index":"index","follow":"follow","max-snippet":"max-snippet:-1","max-image-preview":"max-image-preview:large","max-video-preview":"max-video-preview:-1"},"canonical":"https:\/\/www.sonoraenequipo.com.mx\/el-empresario-saul-rojo-valenzuela-entrego-en-donacion-una-aula-digital-para-uso-academico-al-cereso-1-de-hermosillo\/","og_locale":"es_ES","og_type":"article","og_title":"Sonora en Equipo. El empresario Sa\u00fal Rojo Valenzuela entreg\u00f3 en donaci\u00f3n una aula digital para uso acad\u00e9mico al Cereso 1 de Hermosillo Sonora","og_description":"HERMOSILLO, SONORA. .MX. \u2014 En Sonora, hay integrantes de la sociedad civil comprometidos con la reinserci\u00f3n social como el empresario e integrante del En Sonora en Equipo publicamos toda la informaci\u00f3n de Sonora, M\u00e9xico y el Mundo de manera oportuna y busca que la libertad de expresi\u00f3n sea real. Visita nuestro medio informativo publicado desde Hermosillo, Sonora. %","og_url":"https:\/\/www.sonoraenequipo.com.mx\/el-empresario-saul-rojo-valenzuela-entrego-en-donacion-una-aula-digital-para-uso-academico-al-cereso-1-de-hermosillo\/","og_site_name":"Sonora en Equipo.","article_publisher":"https:\/\/www.facebook.com\/SonoraEE\/","article_author":"https:\/\/www.facebook.com\/SonoraEE","article_published_time":"2021-08-28T13:30:14+00:00","article_modified_time":"2021-08-28T17:45:18+00:00","og_image":[{"width":700,"height":400,"url":"https:\/\/www.sonoraenequipo.com.mx\/storage\/2021\/08\/reinsercion-social_opt.jpg","type":"image\/jpeg"}],"author":"enequipo","twitter_card":"summary_large_image","twitter_creator":"@sonoraenequipo","twitter_site":"@sonoraenequipo","twitter_misc":{"Escrito por":"enequipo","Tiempo de lectura":"2 minutos"},"schema":{"@context":"https:\/\/schema.org","@graph":[{"@type":"Article","@id":"https:\/\/www.sonoraenequipo.com.mx\/el-empresario-saul-rojo-valenzuela-entrego-en-donacion-una-aula-digital-para-uso-academico-al-cereso-1-de-hermosillo\/#article","isPartOf":{"@id":"https:\/\/www.sonoraenequipo.com.mx\/el-empresario-saul-rojo-valenzuela-entrego-en-donacion-una-aula-digital-para-uso-academico-al-cereso-1-de-hermosillo\/"},"author":{"name":"enequipo","@id":"https:\/\/www.sonoraenequipo.com.mx\/#\/schema\/person\/50102df0fb23a8fa9e8effad8fa81386"},"headline":"El empresario Sa\u00fal Rojo Valenzuela entreg\u00f3 en donaci\u00f3n una aula digital para uso acad\u00e9mico al Cereso 1 de Hermosillo","datePublished":"2021-08-28T13:30:14+00:00","dateModified":"2021-08-28T17:45:18+00:00","mainEntityOfPage":{"@id":"https:\/\/www.sonoraenequipo.com.mx\/el-empresario-saul-rojo-valenzuela-entrego-en-donacion-una-aula-digital-para-uso-academico-al-cereso-1-de-hermosillo\/"},"wordCount":397,"commentCount":0,"publisher":{"@id":"https:\/\/www.sonoraenequipo.com.mx\/#organization"},"image":{"@id":"https:\/\/www.sonoraenequipo.com.mx\/el-empresario-saul-rojo-valenzuela-entrego-en-donacion-una-aula-digital-para-uso-academico-al-cereso-1-de-hermosillo\/#primaryimage"},"thumbnailUrl":"https:\/\/www.sonoraenequipo.com.mx\/storage\/2021\/08\/reinsercion-social_opt.jpg","articleSection":["Sonora"],"inLanguage":"es","potentialAction":[{"@type":"CommentAction","name":"Comment","target":["https:\/\/www.sonoraenequipo.com.mx\/el-empresario-saul-rojo-valenzuela-entrego-en-donacion-una-aula-digital-para-uso-academico-al-cereso-1-de-hermosillo\/#respond"]}]},{"@type":"WebPage","@id":"https:\/\/www.sonoraenequipo.com.mx\/el-empresario-saul-rojo-valenzuela-entrego-en-donacion-una-aula-digital-para-uso-academico-al-cereso-1-de-hermosillo\/","url":"https:\/\/www.sonoraenequipo.com.mx\/el-empresario-saul-rojo-valenzuela-entrego-en-donacion-una-aula-digital-para-uso-academico-al-cereso-1-de-hermosillo\/","name":"Sonora en Equipo. El empresario Sa\u00fal Rojo Valenzuela entreg\u00f3 en donaci\u00f3n una aula digital para uso acad\u00e9mico al Cereso 1 de Hermosillo Sonora","isPartOf":{"@id":"https:\/\/www.sonoraenequipo.com.mx\/#website"},"primaryImageOfPage":{"@id":"https:\/\/www.sonoraenequipo.com.mx\/el-empresario-saul-rojo-valenzuela-entrego-en-donacion-una-aula-digital-para-uso-academico-al-cereso-1-de-hermosillo\/#primaryimage"},"image":{"@id":"https:\/\/www.sonoraenequipo.com.mx\/el-empresario-saul-rojo-valenzuela-entrego-en-donacion-una-aula-digital-para-uso-academico-al-cereso-1-de-hermosillo\/#primaryimage"},"thumbnailUrl":"https:\/\/www.sonoraenequipo.com.mx\/storage\/2021\/08\/reinsercion-social_opt.jpg","datePublished":"2021-08-28T13:30:14+00:00","dateModified":"2021-08-28T17:45:18+00:00","description":"HERMOSILLO, SONORA. .MX. \u2014 En Sonora, hay integrantes de la sociedad civil comprometidos con la reinserci\u00f3n social como el empresario e integrante del En Sonora en Equipo publicamos toda la informaci\u00f3n de Sonora, M\u00e9xico y el Mundo de manera oportuna y busca que la libertad de expresi\u00f3n sea real. Visita nuestro medio informativo publicado desde Hermosillo, Sonora. %","breadcrumb":{"@id":"https:\/\/www.sonoraenequipo.com.mx\/el-empresario-saul-rojo-valenzuela-entrego-en-donacion-una-aula-digital-para-uso-academico-al-cereso-1-de-hermosillo\/#breadcrumb"},"inLanguage":"es","potentialAction":[{"@type":"ReadAction","target":["https:\/\/www.sonoraenequipo.com.mx\/el-empresario-saul-rojo-valenzuela-entrego-en-donacion-una-aula-digital-para-uso-academico-al-cereso-1-de-hermosillo\/"]}]},{"@type":"ImageObject","inLanguage":"es","@id":"https:\/\/www.sonoraenequipo.com.mx\/el-empresario-saul-rojo-valenzuela-entrego-en-donacion-una-aula-digital-para-uso-academico-al-cereso-1-de-hermosillo\/#primaryimage","url":"https:\/\/www.sonoraenequipo.com.mx\/storage\/2021\/08\/reinsercion-social_opt.jpg","contentUrl":"https:\/\/www.sonoraenequipo.com.mx\/storage\/2021\/08\/reinsercion-social_opt.jpg","width":700,"height":400},{"@type":"BreadcrumbList","@id":"https:\/\/www.sonoraenequipo.com.mx\/el-empresario-saul-rojo-valenzuela-entrego-en-donacion-una-aula-digital-para-uso-academico-al-cereso-1-de-hermosillo\/#breadcrumb","itemListElement":[{"@type":"ListItem","position":1,"name":"Portada","item":"https:\/\/www.sonoraenequipo.com.mx\/"},{"@type":"ListItem","position":2,"name":"El empresario Sa\u00fal Rojo Valenzuela entreg\u00f3 en donaci\u00f3n una aula digital para uso acad\u00e9mico al Cereso 1 de Hermosillo"}]},{"@type":"WebSite","@id":"https:\/\/www.sonoraenequipo.com.mx\/#website","url":"https:\/\/www.sonoraenequipo.com.mx\/","name":"Sonora en Equipo.","description":"Diario en l\u00ednea con Noticias desde Hermosillo, Sonora","publisher":{"@id":"https:\/\/www.sonoraenequipo.com.mx\/#organization"},"potentialAction":[{"@type":"SearchAction","target":{"@type":"EntryPoint","urlTemplate":"https:\/\/www.sonoraenequipo.com.mx\/?s={search_term_string}"},"query-input":{"@type":"PropertyValueSpecification","valueRequired":true,"valueName":"search_term_string"}}],"inLanguage":"es"},{"@type":"Organization","@id":"https:\/\/www.sonoraenequipo.com.mx\/#organization","name":"Sonoraenequipo.com.mx","url":"https:\/\/www.sonoraenequipo.com.mx\/","logo":{"@type":"ImageObject","inLanguage":"es","@id":"https:\/\/www.sonoraenequipo.com.mx\/#\/schema\/logo\/image\/","url":"https:\/\/www.sonoraenequipo.com.mx\/storage\/2019\/01\/sonoraenequipo_opt.png","contentUrl":"https:\/\/www.sonoraenequipo.com.mx\/storage\/2019\/01\/sonoraenequipo_opt.png","width":375,"height":125,"caption":"Sonoraenequipo.com.mx"},"image":{"@id":"https:\/\/www.sonoraenequipo.com.mx\/#\/schema\/logo\/image\/"},"sameAs":["https:\/\/www.facebook.com\/SonoraEE\/","https:\/\/x.com\/sonoraenequipo","https:\/\/www.youtube.com\/channel\/UC338nW-lPEYmJQs4ZABQ1SQ"]},{"@type":"Person","@id":"https:\/\/www.sonoraenequipo.com.mx\/#\/schema\/person\/50102df0fb23a8fa9e8effad8fa81386","name":"enequipo","image":{"@type":"ImageObject","inLanguage":"es","@id":"https:\/\/www.sonoraenequipo.com.mx\/#\/schema\/person\/image\/","url":"https:\/\/secure.gravatar.com\/avatar\/049821681b589dabc0bc20695993ccebb09f5b5d4d790cd9251b97faac7c652b?s=96&d=blank&r=g","contentUrl":"https:\/\/secure.gravatar.com\/avatar\/049821681b589dabc0bc20695993ccebb09f5b5d4d790cd9251b97faac7c652b?s=96&d=blank&r=g","caption":"enequipo"},"sameAs":["https:\/\/www.facebook.com\/SonoraEE"]}]}},"jetpack_featured_media_url":"https:\/\/www.sonoraenequipo.com.mx\/storage\/2021\/08\/reinsercion-social_opt.jpg","_links":{"self":[{"href":"https:\/\/www.sonoraenequipo.com.mx\/api\/wp\/v2\/posts\/121601","targetHints":{"allow":["GET"]}}],"collection":[{"href":"https:\/\/www.sonoraenequipo.com.mx\/api\/wp\/v2\/posts"}],"about":[{"href":"https:\/\/www.sonoraenequipo.com.mx\/api\/wp\/v2\/types\/post"}],"author":[{"embeddable":true,"href":"https:\/\/www.sonoraenequipo.com.mx\/api\/wp\/v2\/users\/1"}],"replies":[{"embeddable":true,"href":"https:\/\/www.sonoraenequipo.com.mx\/api\/wp\/v2\/comments?post=121601"}],"version-history":[{"count":3,"href":"https:\/\/www.sonoraenequipo.com.mx\/api\/wp\/v2\/posts\/121601\/revisions"}],"predecessor-version":[{"id":121605,"href":"https:\/\/www.sonoraenequipo.com.mx\/api\/wp\/v2\/posts\/121601\/revisions\/121605"}],"wp:featuredmedia":[{"embeddable":true,"href":"https:\/\/www.sonoraenequipo.com.mx\/api\/wp\/v2\/media\/121602"}],"wp:attachment":[{"href":"https:\/\/www.sonoraenequipo.com.mx\/api\/wp\/v2\/media?parent=121601"}],"wp:term":[{"taxonomy":"category","embeddable":true,"href":"https:\/\/www.sonoraenequipo.com.mx\/api\/wp\/v2\/categories?post=121601"},{"taxonomy":"post_tag","embeddable":true,"href":"https:\/\/www.sonoraenequipo.com.mx\/api\/wp\/v2\/tags?post=121601"}],"curies":[{"name":"wp","href":"https:\/\/api.w.org\/{rel}","templated":true}]}}