{"id":121797,"date":"2021-08-31T12:20:55","date_gmt":"2021-08-31T19:20:55","guid":{"rendered":"https:\/\/www.sonoraenequipo.com.mx\/?p=121797"},"modified":"2021-09-01T11:54:08","modified_gmt":"2021-09-01T18:54:08","slug":"pierden-registro-partidos-encuentro-solidario-redes-sociales-progresistas-y-fuerza-por-mexico","status":"publish","type":"post","link":"https:\/\/www.sonoraenequipo.com.mx\/pierden-registro-partidos-encuentro-solidario-redes-sociales-progresistas-y-fuerza-por-mexico\/","title":{"rendered":"Pierden registro partidos Encuentro Solidario, Redes Sociales Progresistas y Fuerza por M\u00e9xico"},"content":{"rendered":"<p>CIUDAD DE M\u00c9XICO.\u2500\u2500La Junta General Ejecutiva del Instituto Nacional Electoral (INE) emiti\u00f3 la declaratoria de p\u00e9rdida del registro de los Partidos Pol\u00edticos Nacionales Encuentro Solidario, Redes Sociales Progresistas y Fuerza por M\u00e9xico, al no haber obtenido el 3% de la votaci\u00f3n v\u00e1lida emitida en el pasado Proceso Electoral Federal.<\/p>\n<p>&nbsp;<\/p>\n<p>El Consejero Presidente, Lorenzo C\u00f3rdova Vianello, asegur\u00f3 que esta declaratoria marca el inicio de un proceso de reconfiguraci\u00f3n del sistema de partidos pol\u00edticos mexicanos que est\u00e1 impregnado por una intensa vitalidad.<\/p>\n<p>&nbsp;<\/p>\n<p>\u201cHoy que los litigios respecto de la elecci\u00f3n federal de 2021 ante las instancias jurisdiccionales han terminado, el INE est\u00e1 en grado de poder activar la causal m\u00e1s importante de redefinici\u00f3n del propio sistema de partidos.<\/p>\n<p>&nbsp;<\/p>\n<p>Hoy iniciamos un proceso que venturosamente volver\u00e1 a abrirse para que sean las y los ciudadanos quienes decidan si las opciones pol\u00edticas que hoy quedan satisfacen su diversidad; si no, habr\u00e1 nuevos partidos y ser\u00e1n ellos los que decidan qui\u00e9nes se van y qui\u00e9nes se quedan\u201d, sentenci\u00f3.<\/p>\n<p>&nbsp;<\/p>\n<p>C\u00f3rdova Vianello refiri\u00f3 que la autoridad electoral no es m\u00e1s que un instrumento verificador de que los par\u00e1metros constitucionales se han cumplido, por lo que el otorgamiento de registro y su eventual cancelaci\u00f3n est\u00e1 en manos de la ciudadan\u00eda que con su voto define la arena de la competencia electoral.<\/p>\n<p>&nbsp;<\/p>\n<p>Agreg\u00f3 que este proceso es tambi\u00e9n un reflejo del car\u00e1cter evolutivo de nuestro propio sistema democr\u00e1tico, ya que entre 1953 y 1978 prevalec\u00eda un sistema cerrado y est\u00e1tico donde los cuatro partidos que contaban con registro lo mantuvieron sin que ninguna fuerza pol\u00edtica pudiera acceder.<\/p>\n<p>&nbsp;<\/p>\n<p>En este sentido, record\u00f3 que la transici\u00f3n busc\u00f3 reflejar la pluralidad de la sociedad y en la actualidad se permite que cada seis a\u00f1os los partidos se regeneren con nuevas opciones y cada tres a\u00f1os si no obtienen el m\u00ednimo de respaldo ciudadano en las urnas salen de nuestro sistema electoral.<\/p>\n<p>&nbsp;<\/p>\n<p>\u201cEso habla de un sistema acorde a la realidad del pa\u00eds, un pa\u00eds, una sociedad que no cabe bajo una sola voz, un solo membrete pol\u00edtico o una sola posici\u00f3n ideol\u00f3gica; un pa\u00eds rico, diversos, plural, que se renueva peri\u00f3dicamente permitiendo que nuevas opciones lleguen y compitan por el voto p\u00fablico\u201d, a\u00f1adi\u00f3.<\/p>\n<p>&nbsp;<\/p>\n<p>Al presentar el acuerdo, el Director Ejecutivo de Prerrogativas y Partidos Pol\u00edticos, Patricio Ballados, explic\u00f3 que la declaratoria se da tras verificar que tanto en la elecci\u00f3n de Mayor\u00eda Relativa como de Representaci\u00f3n Proporcional de las diputaciones que se disputaron el pasado 6 de junio, los tres partidos pol\u00edticos no lograron obtener el 3% de la votaci\u00f3n.<\/p>\n<p>Fecha de Publicaci\u00f3n\u00a0 martes \/ 31\u00a0 \/ agosto \/ 2021<\/p>\n","protected":false},"excerpt":{"rendered":"<p>CIUDAD DE M\u00c9XICO.\u2500\u2500La Junta General Ejecutiva del Instituto Nacional Electoral (INE) emiti\u00f3 la declaratoria de&#8230;<\/p>\n","protected":false},"author":1,"featured_media":121798,"comment_status":"open","ping_status":"open","sticky":false,"template":"","format":"standard","meta":{"_monsterinsights_skip_tracking":false,"_monsterinsights_sitenote_active":false,"_monsterinsights_sitenote_note":"","_monsterinsights_sitenote_category":0,"footnotes":""},"categories":[5],"tags":[109],"class_list":["post"],"yoast_head":" \n<title>Sonora en Equipo. Pierden registro partidos Encuentro Solidario, Redes Sociales Progresistas y Fuerza por M\u00e9xico Rep\u00fablica<\/title>\n<meta name=\"description\" content=\"CIUDAD DE M\u00c9XICO.\u2500\u2500La Junta General Ejecutiva del Instituto Nacional Electoral (INE) emiti\u00f3 la declaratoria de p\u00e9rdida del registro de los Partidos En Sonora en Equipo publicamos toda la informaci\u00f3n de Sonora, M\u00e9xico y el Mundo de manera oportuna y busca que la libertad de expresi\u00f3n sea real. Visita nuestro medio informativo publicado desde Hermosillo, Sonora. %\" \/>\n<meta name=\"robots\" content=\"index, follow, max-snippet:-1, max-image-preview:large, max-video-preview:-1\" \/>\n<link rel=\"canonical\" href=\"https:\/\/www.sonoraenequipo.com.mx\/pierden-registro-partidos-encuentro-solidario-redes-sociales-progresistas-y-fuerza-por-mexico\/\" \/>\n<meta property=\"og:locale\" content=\"es_ES\" \/>\n<meta property=\"og:type\" content=\"article\" \/>\n<meta property=\"og:title\" content=\"Sonora en Equipo. Pierden registro partidos Encuentro Solidario, Redes Sociales Progresistas y Fuerza por M\u00e9xico Rep\u00fablica\" \/>\n<meta property=\"og:description\" content=\"CIUDAD DE M\u00c9XICO.\u2500\u2500La Junta General Ejecutiva del Instituto Nacional Electoral (INE) emiti\u00f3 la declaratoria de p\u00e9rdida del registro de los Partidos En Sonora en Equipo publicamos toda la informaci\u00f3n de Sonora, M\u00e9xico y el Mundo de manera oportuna y busca que la libertad de expresi\u00f3n sea real. Visita nuestro medio informativo publicado desde Hermosillo, Sonora. %\" \/>\n<meta property=\"og:url\" content=\"https:\/\/www.sonoraenequipo.com.mx\/pierden-registro-partidos-encuentro-solidario-redes-sociales-progresistas-y-fuerza-por-mexico\/\" \/>\n<meta property=\"og:site_name\" content=\"Sonora en Equipo.\" \/>\n<meta property=\"article:publisher\" content=\"https:\/\/www.facebook.com\/SonoraEE\/\" \/>\n<meta property=\"article:author\" content=\"https:\/\/www.facebook.com\/SonoraEE\" \/>\n<meta property=\"article:published_time\" content=\"2021-08-31T19:20:55+00:00\" \/>\n<meta property=\"article:modified_time\" content=\"2021-09-01T18:54:08+00:00\" \/>\n<meta property=\"og:image\" content=\"https:\/\/www.sonoraenequipo.com.mx\/storage\/2021\/08\/PERDIDA-REGISTRO-copy.jpg\" \/>\n\t<meta property=\"og:image:width\" content=\"700\" \/>\n\t<meta property=\"og:image:height\" content=\"400\" \/>\n\t<meta property=\"og:image:type\" content=\"image\/jpeg\" \/>\n<meta name=\"author\" content=\"enequipo\" \/>\n<meta name=\"twitter:card\" content=\"summary_large_image\" \/>\n<meta name=\"twitter:creator\" content=\"@sonoraenequipo\" \/>\n<meta name=\"twitter:site\" content=\"@sonoraenequipo\" \/>\n<meta name=\"twitter:label1\" content=\"Escrito por\" \/>\n\t<meta name=\"twitter:data1\" content=\"enequipo\" \/>\n\t<meta name=\"twitter:label2\" content=\"Tiempo de lectura\" \/>\n\t<meta name=\"twitter:data2\" content=\"2 minutos\" \/>\n<script type=\"application\/ld+json\" class=\"yoast-schema-graph\">{\"@context\":\"https:\/\/schema.org\",\"@graph\":[{\"@type\":\"Article\",\"@id\":\"https:\/\/www.sonoraenequipo.com.mx\/pierden-registro-partidos-encuentro-solidario-redes-sociales-progresistas-y-fuerza-por-mexico\/#article\",\"isPartOf\":{\"@id\":\"https:\/\/www.sonoraenequipo.com.mx\/pierden-registro-partidos-encuentro-solidario-redes-sociales-progresistas-y-fuerza-por-mexico\/\"},\"author\":{\"name\":\"enequipo\",\"@id\":\"https:\/\/www.sonoraenequipo.com.mx\/#\/schema\/person\/50102df0fb23a8fa9e8effad8fa81386\"},\"headline\":\"Pierden registro partidos Encuentro Solidario, Redes Sociales Progresistas y Fuerza por M\u00e9xico\",\"datePublished\":\"2021-08-31T19:20:55+00:00\",\"dateModified\":\"2021-09-01T18:54:08+00:00\",\"mainEntityOfPage\":{\"@id\":\"https:\/\/www.sonoraenequipo.com.mx\/pierden-registro-partidos-encuentro-solidario-redes-sociales-progresistas-y-fuerza-por-mexico\/\"},\"wordCount\":486,\"commentCount\":0,\"publisher\":{\"@id\":\"https:\/\/www.sonoraenequipo.com.mx\/#organization\"},\"image\":{\"@id\":\"https:\/\/www.sonoraenequipo.com.mx\/pierden-registro-partidos-encuentro-solidario-redes-sociales-progresistas-y-fuerza-por-mexico\/#primaryimage\"},\"thumbnailUrl\":\"https:\/\/www.sonoraenequipo.com.mx\/storage\/2021\/08\/PERDIDA-REGISTRO-copy.jpg\",\"keywords\":[\"partidos politicos\"],\"articleSection\":[\"Rep\u00fablica\"],\"inLanguage\":\"es\",\"potentialAction\":[{\"@type\":\"CommentAction\",\"name\":\"Comment\",\"target\":[\"https:\/\/www.sonoraenequipo.com.mx\/pierden-registro-partidos-encuentro-solidario-redes-sociales-progresistas-y-fuerza-por-mexico\/#respond\"]}]},{\"@type\":\"WebPage\",\"@id\":\"https:\/\/www.sonoraenequipo.com.mx\/pierden-registro-partidos-encuentro-solidario-redes-sociales-progresistas-y-fuerza-por-mexico\/\",\"url\":\"https:\/\/www.sonoraenequipo.com.mx\/pierden-registro-partidos-encuentro-solidario-redes-sociales-progresistas-y-fuerza-por-mexico\/\",\"name\":\"Sonora en Equipo. Pierden registro partidos Encuentro Solidario, Redes Sociales Progresistas y Fuerza por M\u00e9xico Rep\u00fablica\",\"isPartOf\":{\"@id\":\"https:\/\/www.sonoraenequipo.com.mx\/#website\"},\"primaryImageOfPage\":{\"@id\":\"https:\/\/www.sonoraenequipo.com.mx\/pierden-registro-partidos-encuentro-solidario-redes-sociales-progresistas-y-fuerza-por-mexico\/#primaryimage\"},\"image\":{\"@id\":\"https:\/\/www.sonoraenequipo.com.mx\/pierden-registro-partidos-encuentro-solidario-redes-sociales-progresistas-y-fuerza-por-mexico\/#primaryimage\"},\"thumbnailUrl\":\"https:\/\/www.sonoraenequipo.com.mx\/storage\/2021\/08\/PERDIDA-REGISTRO-copy.jpg\",\"datePublished\":\"2021-08-31T19:20:55+00:00\",\"dateModified\":\"2021-09-01T18:54:08+00:00\",\"description\":\"CIUDAD DE M\u00c9XICO.\u2500\u2500La Junta General Ejecutiva del Instituto Nacional Electoral (INE) emiti\u00f3 la declaratoria de p\u00e9rdida del registro de los Partidos En Sonora en Equipo publicamos toda la informaci\u00f3n de Sonora, M\u00e9xico y el Mundo de manera oportuna y busca que la libertad de expresi\u00f3n sea real. Visita nuestro medio informativo publicado desde Hermosillo, Sonora. %\",\"breadcrumb\":{\"@id\":\"https:\/\/www.sonoraenequipo.com.mx\/pierden-registro-partidos-encuentro-solidario-redes-sociales-progresistas-y-fuerza-por-mexico\/#breadcrumb\"},\"inLanguage\":\"es\",\"potentialAction\":[{\"@type\":\"ReadAction\",\"target\":[\"https:\/\/www.sonoraenequipo.com.mx\/pierden-registro-partidos-encuentro-solidario-redes-sociales-progresistas-y-fuerza-por-mexico\/\"]}]},{\"@type\":\"ImageObject\",\"inLanguage\":\"es\",\"@id\":\"https:\/\/www.sonoraenequipo.com.mx\/pierden-registro-partidos-encuentro-solidario-redes-sociales-progresistas-y-fuerza-por-mexico\/#primaryimage\",\"url\":\"https:\/\/www.sonoraenequipo.com.mx\/storage\/2021\/08\/PERDIDA-REGISTRO-copy.jpg\",\"contentUrl\":\"https:\/\/www.sonoraenequipo.com.mx\/storage\/2021\/08\/PERDIDA-REGISTRO-copy.jpg\",\"width\":700,\"height\":400},{\"@type\":\"BreadcrumbList\",\"@id\":\"https:\/\/www.sonoraenequipo.com.mx\/pierden-registro-partidos-encuentro-solidario-redes-sociales-progresistas-y-fuerza-por-mexico\/#breadcrumb\",\"itemListElement\":[{\"@type\":\"ListItem\",\"position\":1,\"name\":\"Portada\",\"item\":\"https:\/\/www.sonoraenequipo.com.mx\/\"},{\"@type\":\"ListItem\",\"position\":2,\"name\":\"Pierden registro partidos Encuentro Solidario, Redes Sociales Progresistas y Fuerza por M\u00e9xico\"}]},{\"@type\":\"WebSite\",\"@id\":\"https:\/\/www.sonoraenequipo.com.mx\/#website\",\"url\":\"https:\/\/www.sonoraenequipo.com.mx\/\",\"name\":\"Sonora en Equipo.\",\"description\":\"Diario en l\u00ednea con Noticias desde Hermosillo, Sonora\",\"publisher\":{\"@id\":\"https:\/\/www.sonoraenequipo.com.mx\/#organization\"},\"potentialAction\":[{\"@type\":\"SearchAction\",\"target\":{\"@type\":\"EntryPoint\",\"urlTemplate\":\"https:\/\/www.sonoraenequipo.com.mx\/?s={search_term_string}\"},\"query-input\":{\"@type\":\"PropertyValueSpecification\",\"valueRequired\":true,\"valueName\":\"search_term_string\"}}],\"inLanguage\":\"es\"},{\"@type\":\"Organization\",\"@id\":\"https:\/\/www.sonoraenequipo.com.mx\/#organization\",\"name\":\"Sonoraenequipo.com.mx\",\"url\":\"https:\/\/www.sonoraenequipo.com.mx\/\",\"logo\":{\"@type\":\"ImageObject\",\"inLanguage\":\"es\",\"@id\":\"https:\/\/www.sonoraenequipo.com.mx\/#\/schema\/logo\/image\/\",\"url\":\"https:\/\/www.sonoraenequipo.com.mx\/storage\/2019\/01\/sonoraenequipo_opt.png\",\"contentUrl\":\"https:\/\/www.sonoraenequipo.com.mx\/storage\/2019\/01\/sonoraenequipo_opt.png\",\"width\":375,\"height\":125,\"caption\":\"Sonoraenequipo.com.mx\"},\"image\":{\"@id\":\"https:\/\/www.sonoraenequipo.com.mx\/#\/schema\/logo\/image\/\"},\"sameAs\":[\"https:\/\/www.facebook.com\/SonoraEE\/\",\"https:\/\/x.com\/sonoraenequipo\",\"https:\/\/www.youtube.com\/channel\/UC338nW-lPEYmJQs4ZABQ1SQ\"]},{\"@type\":\"Person\",\"@id\":\"https:\/\/www.sonoraenequipo.com.mx\/#\/schema\/person\/50102df0fb23a8fa9e8effad8fa81386\",\"name\":\"enequipo\",\"image\":{\"@type\":\"ImageObject\",\"inLanguage\":\"es\",\"@id\":\"https:\/\/www.sonoraenequipo.com.mx\/#\/schema\/person\/image\/\",\"url\":\"https:\/\/secure.gravatar.com\/avatar\/049821681b589dabc0bc20695993ccebb09f5b5d4d790cd9251b97faac7c652b?s=96&d=blank&r=g\",\"contentUrl\":\"https:\/\/secure.gravatar.com\/avatar\/049821681b589dabc0bc20695993ccebb09f5b5d4d790cd9251b97faac7c652b?s=96&d=blank&r=g\",\"caption\":\"enequipo\"},\"sameAs\":[\"https:\/\/www.facebook.com\/SonoraEE\"]}]}<\/script>\n ","yoast_head_json":{"title":"Sonora en Equipo. Pierden registro partidos Encuentro Solidario, Redes Sociales Progresistas y Fuerza por M\u00e9xico Rep\u00fablica","description":"CIUDAD DE M\u00c9XICO.\u2500\u2500La Junta General Ejecutiva del Instituto Nacional Electoral (INE) emiti\u00f3 la declaratoria de p\u00e9rdida del registro de los Partidos En Sonora en Equipo publicamos toda la informaci\u00f3n de Sonora, M\u00e9xico y el Mundo de manera oportuna y busca que la libertad de expresi\u00f3n sea real. Visita nuestro medio informativo publicado desde Hermosillo, Sonora. %","robots":{"index":"index","follow":"follow","max-snippet":"max-snippet:-1","max-image-preview":"max-image-preview:large","max-video-preview":"max-video-preview:-1"},"canonical":"https:\/\/www.sonoraenequipo.com.mx\/pierden-registro-partidos-encuentro-solidario-redes-sociales-progresistas-y-fuerza-por-mexico\/","og_locale":"es_ES","og_type":"article","og_title":"Sonora en Equipo. Pierden registro partidos Encuentro Solidario, Redes Sociales Progresistas y Fuerza por M\u00e9xico Rep\u00fablica","og_description":"CIUDAD DE M\u00c9XICO.\u2500\u2500La Junta General Ejecutiva del Instituto Nacional Electoral (INE) emiti\u00f3 la declaratoria de p\u00e9rdida del registro de los Partidos En Sonora en Equipo publicamos toda la informaci\u00f3n de Sonora, M\u00e9xico y el Mundo de manera oportuna y busca que la libertad de expresi\u00f3n sea real. Visita nuestro medio informativo publicado desde Hermosillo, Sonora. %","og_url":"https:\/\/www.sonoraenequipo.com.mx\/pierden-registro-partidos-encuentro-solidario-redes-sociales-progresistas-y-fuerza-por-mexico\/","og_site_name":"Sonora en Equipo.","article_publisher":"https:\/\/www.facebook.com\/SonoraEE\/","article_author":"https:\/\/www.facebook.com\/SonoraEE","article_published_time":"2021-08-31T19:20:55+00:00","article_modified_time":"2021-09-01T18:54:08+00:00","og_image":[{"width":700,"height":400,"url":"https:\/\/www.sonoraenequipo.com.mx\/storage\/2021\/08\/PERDIDA-REGISTRO-copy.jpg","type":"image\/jpeg"}],"author":"enequipo","twitter_card":"summary_large_image","twitter_creator":"@sonoraenequipo","twitter_site":"@sonoraenequipo","twitter_misc":{"Escrito por":"enequipo","Tiempo de lectura":"2 minutos"},"schema":{"@context":"https:\/\/schema.org","@graph":[{"@type":"Article","@id":"https:\/\/www.sonoraenequipo.com.mx\/pierden-registro-partidos-encuentro-solidario-redes-sociales-progresistas-y-fuerza-por-mexico\/#article","isPartOf":{"@id":"https:\/\/www.sonoraenequipo.com.mx\/pierden-registro-partidos-encuentro-solidario-redes-sociales-progresistas-y-fuerza-por-mexico\/"},"author":{"name":"enequipo","@id":"https:\/\/www.sonoraenequipo.com.mx\/#\/schema\/person\/50102df0fb23a8fa9e8effad8fa81386"},"headline":"Pierden registro partidos Encuentro Solidario, Redes Sociales Progresistas y Fuerza por M\u00e9xico","datePublished":"2021-08-31T19:20:55+00:00","dateModified":"2021-09-01T18:54:08+00:00","mainEntityOfPage":{"@id":"https:\/\/www.sonoraenequipo.com.mx\/pierden-registro-partidos-encuentro-solidario-redes-sociales-progresistas-y-fuerza-por-mexico\/"},"wordCount":486,"commentCount":0,"publisher":{"@id":"https:\/\/www.sonoraenequipo.com.mx\/#organization"},"image":{"@id":"https:\/\/www.sonoraenequipo.com.mx\/pierden-registro-partidos-encuentro-solidario-redes-sociales-progresistas-y-fuerza-por-mexico\/#primaryimage"},"thumbnailUrl":"https:\/\/www.sonoraenequipo.com.mx\/storage\/2021\/08\/PERDIDA-REGISTRO-copy.jpg","keywords":["partidos politicos"],"articleSection":["Rep\u00fablica"],"inLanguage":"es","potentialAction":[{"@type":"CommentAction","name":"Comment","target":["https:\/\/www.sonoraenequipo.com.mx\/pierden-registro-partidos-encuentro-solidario-redes-sociales-progresistas-y-fuerza-por-mexico\/#respond"]}]},{"@type":"WebPage","@id":"https:\/\/www.sonoraenequipo.com.mx\/pierden-registro-partidos-encuentro-solidario-redes-sociales-progresistas-y-fuerza-por-mexico\/","url":"https:\/\/www.sonoraenequipo.com.mx\/pierden-registro-partidos-encuentro-solidario-redes-sociales-progresistas-y-fuerza-por-mexico\/","name":"Sonora en Equipo. Pierden registro partidos Encuentro Solidario, Redes Sociales Progresistas y Fuerza por M\u00e9xico Rep\u00fablica","isPartOf":{"@id":"https:\/\/www.sonoraenequipo.com.mx\/#website"},"primaryImageOfPage":{"@id":"https:\/\/www.sonoraenequipo.com.mx\/pierden-registro-partidos-encuentro-solidario-redes-sociales-progresistas-y-fuerza-por-mexico\/#primaryimage"},"image":{"@id":"https:\/\/www.sonoraenequipo.com.mx\/pierden-registro-partidos-encuentro-solidario-redes-sociales-progresistas-y-fuerza-por-mexico\/#primaryimage"},"thumbnailUrl":"https:\/\/www.sonoraenequipo.com.mx\/storage\/2021\/08\/PERDIDA-REGISTRO-copy.jpg","datePublished":"2021-08-31T19:20:55+00:00","dateModified":"2021-09-01T18:54:08+00:00","description":"CIUDAD DE M\u00c9XICO.\u2500\u2500La Junta General Ejecutiva del Instituto Nacional Electoral (INE) emiti\u00f3 la declaratoria de p\u00e9rdida del registro de los Partidos En Sonora en Equipo publicamos toda la informaci\u00f3n de Sonora, M\u00e9xico y el Mundo de manera oportuna y busca que la libertad de expresi\u00f3n sea real. Visita nuestro medio informativo publicado desde Hermosillo, Sonora. %","breadcrumb":{"@id":"https:\/\/www.sonoraenequipo.com.mx\/pierden-registro-partidos-encuentro-solidario-redes-sociales-progresistas-y-fuerza-por-mexico\/#breadcrumb"},"inLanguage":"es","potentialAction":[{"@type":"ReadAction","target":["https:\/\/www.sonoraenequipo.com.mx\/pierden-registro-partidos-encuentro-solidario-redes-sociales-progresistas-y-fuerza-por-mexico\/"]}]},{"@type":"ImageObject","inLanguage":"es","@id":"https:\/\/www.sonoraenequipo.com.mx\/pierden-registro-partidos-encuentro-solidario-redes-sociales-progresistas-y-fuerza-por-mexico\/#primaryimage","url":"https:\/\/www.sonoraenequipo.com.mx\/storage\/2021\/08\/PERDIDA-REGISTRO-copy.jpg","contentUrl":"https:\/\/www.sonoraenequipo.com.mx\/storage\/2021\/08\/PERDIDA-REGISTRO-copy.jpg","width":700,"height":400},{"@type":"BreadcrumbList","@id":"https:\/\/www.sonoraenequipo.com.mx\/pierden-registro-partidos-encuentro-solidario-redes-sociales-progresistas-y-fuerza-por-mexico\/#breadcrumb","itemListElement":[{"@type":"ListItem","position":1,"name":"Portada","item":"https:\/\/www.sonoraenequipo.com.mx\/"},{"@type":"ListItem","position":2,"name":"Pierden registro partidos Encuentro Solidario, Redes Sociales Progresistas y Fuerza por M\u00e9xico"}]},{"@type":"WebSite","@id":"https:\/\/www.sonoraenequipo.com.mx\/#website","url":"https:\/\/www.sonoraenequipo.com.mx\/","name":"Sonora en Equipo.","description":"Diario en l\u00ednea con Noticias desde Hermosillo, Sonora","publisher":{"@id":"https:\/\/www.sonoraenequipo.com.mx\/#organization"},"potentialAction":[{"@type":"SearchAction","target":{"@type":"EntryPoint","urlTemplate":"https:\/\/www.sonoraenequipo.com.mx\/?s={search_term_string}"},"query-input":{"@type":"PropertyValueSpecification","valueRequired":true,"valueName":"search_term_string"}}],"inLanguage":"es"},{"@type":"Organization","@id":"https:\/\/www.sonoraenequipo.com.mx\/#organization","name":"Sonoraenequipo.com.mx","url":"https:\/\/www.sonoraenequipo.com.mx\/","logo":{"@type":"ImageObject","inLanguage":"es","@id":"https:\/\/www.sonoraenequipo.com.mx\/#\/schema\/logo\/image\/","url":"https:\/\/www.sonoraenequipo.com.mx\/storage\/2019\/01\/sonoraenequipo_opt.png","contentUrl":"https:\/\/www.sonoraenequipo.com.mx\/storage\/2019\/01\/sonoraenequipo_opt.png","width":375,"height":125,"caption":"Sonoraenequipo.com.mx"},"image":{"@id":"https:\/\/www.sonoraenequipo.com.mx\/#\/schema\/logo\/image\/"},"sameAs":["https:\/\/www.facebook.com\/SonoraEE\/","https:\/\/x.com\/sonoraenequipo","https:\/\/www.youtube.com\/channel\/UC338nW-lPEYmJQs4ZABQ1SQ"]},{"@type":"Person","@id":"https:\/\/www.sonoraenequipo.com.mx\/#\/schema\/person\/50102df0fb23a8fa9e8effad8fa81386","name":"enequipo","image":{"@type":"ImageObject","inLanguage":"es","@id":"https:\/\/www.sonoraenequipo.com.mx\/#\/schema\/person\/image\/","url":"https:\/\/secure.gravatar.com\/avatar\/049821681b589dabc0bc20695993ccebb09f5b5d4d790cd9251b97faac7c652b?s=96&d=blank&r=g","contentUrl":"https:\/\/secure.gravatar.com\/avatar\/049821681b589dabc0bc20695993ccebb09f5b5d4d790cd9251b97faac7c652b?s=96&d=blank&r=g","caption":"enequipo"},"sameAs":["https:\/\/www.facebook.com\/SonoraEE"]}]}},"jetpack_featured_media_url":"https:\/\/www.sonoraenequipo.com.mx\/storage\/2021\/08\/PERDIDA-REGISTRO-copy.jpg","_links":{"self":[{"href":"https:\/\/www.sonoraenequipo.com.mx\/api\/wp\/v2\/posts\/121797","targetHints":{"allow":["GET"]}}],"collection":[{"href":"https:\/\/www.sonoraenequipo.com.mx\/api\/wp\/v2\/posts"}],"about":[{"href":"https:\/\/www.sonoraenequipo.com.mx\/api\/wp\/v2\/types\/post"}],"author":[{"embeddable":true,"href":"https:\/\/www.sonoraenequipo.com.mx\/api\/wp\/v2\/users\/1"}],"replies":[{"embeddable":true,"href":"https:\/\/www.sonoraenequipo.com.mx\/api\/wp\/v2\/comments?post=121797"}],"version-history":[{"count":1,"href":"https:\/\/www.sonoraenequipo.com.mx\/api\/wp\/v2\/posts\/121797\/revisions"}],"predecessor-version":[{"id":121799,"href":"https:\/\/www.sonoraenequipo.com.mx\/api\/wp\/v2\/posts\/121797\/revisions\/121799"}],"wp:featuredmedia":[{"embeddable":true,"href":"https:\/\/www.sonoraenequipo.com.mx\/api\/wp\/v2\/media\/121798"}],"wp:attachment":[{"href":"https:\/\/www.sonoraenequipo.com.mx\/api\/wp\/v2\/media?parent=121797"}],"wp:term":[{"taxonomy":"category","embeddable":true,"href":"https:\/\/www.sonoraenequipo.com.mx\/api\/wp\/v2\/categories?post=121797"},{"taxonomy":"post_tag","embeddable":true,"href":"https:\/\/www.sonoraenequipo.com.mx\/api\/wp\/v2\/tags?post=121797"}],"curies":[{"name":"wp","href":"https:\/\/api.w.org\/{rel}","templated":true}]}}