{"id":121808,"date":"2021-08-31T12:58:11","date_gmt":"2021-08-31T19:58:11","guid":{"rendered":"https:\/\/www.sonoraenequipo.com.mx\/?p=121808"},"modified":"2021-08-31T15:35:02","modified_gmt":"2021-08-31T22:35:02","slug":"presidente-del-pan-nombra-a-delegados-del-cen-en-aguascalientes-hidalgo-y-oaxaca","status":"publish","type":"post","link":"https:\/\/www.sonoraenequipo.com.mx\/presidente-del-pan-nombra-a-delegados-del-cen-en-aguascalientes-hidalgo-y-oaxaca\/","title":{"rendered":"Presidente del PAN nombra a delegados del CEN en Aguascalientes, Hidalgo y Oaxaca"},"content":{"rendered":"<p>CIUDAD DE M\u00c9XICO.MX. \u2014 Con la encomienda de obtener los mejores resultados para Acci\u00f3n Nacional, el Dirigente Nacional Marko Cort\u00e9s Mendoza y el Secretario de Elecciones, Armando Tejeda Cid, nombraron hoy a los delegados del partido en tres estados para las elecciones del pr\u00f3ximo a\u00f1o.<\/p>\n<p>&nbsp;<\/p>\n<p> <\/p>\n<p>&nbsp;<\/p>\n<p>El Presidente Nacional del PAN pidi\u00f3 a los nuevos delegados de Oaxaca \u2014\u00a0 Osvaldo Contreras\u2014 , Aguascalientes \u2014 Agust\u00edn Rodr\u00edguez\u2014\u00a0 y\u00a0 de Hidalgo \u2014 Xavier Azuara,\u00a0 poner en pr\u00e1ctica toda su experiencia de negociaci\u00f3n pol\u00edtica para lograr la unidad de todos los grupos y sectores de la sociedad en torno a los mejores perfiles de las y los candidatos que impulsar\u00e1 el partido.<\/p>\n<p>&nbsp;<\/p>\n<p>Asimismo, les pidi\u00f3 trabajar de la mano con los Comit\u00e9s Directivos Estatales para buscar que el PAN tenga la fuerza competitiva para ganar las seis gubernaturas que estar\u00e1n en juego en 2022.<\/p>\n<p>&nbsp;<\/p>\n<h3>El PAN quiere una disculpa p\u00fablica y la renuncia de Mart\u00ed Batres<\/h3>\n<p>&nbsp;<\/p>\n<p>El Presidente de Acci\u00f3n Nacional, Marko Cort\u00e9s Mendoza, expres\u00f3 su solidaridad a los alcaldes electos de oposici\u00f3n y exigi\u00f3 a la Jefe de Gobierno una disculpa p\u00fablica y la renuncia del Secretario de Gobierno, quien orden\u00f3 el operativo policiaco donde sali\u00f3 herida una presidenta municipal.<\/p>\n<p>&nbsp;<\/p>\n<p>En rueda de prensa para acompa\u00f1ar a los alcaldes agredidos, Cort\u00e9s Mendoza dijo que los hechos de ayer son absolutamente inaceptables y lament\u00f3 que la Jefa de Gobierno, Claudia Sheinbaum, vaya literalmente de mal en peor, porque no est\u00e1 gobernando, sino busca debilitar a las y los alcaldes electos.<\/p>\n<p>&nbsp;<\/p>\n<p><em>\u201cEste operativo no tuvo que agredir, no tuvo que violentar y lo que estaban buscando era simple, evitar un albazo de \u00faltimo momento para concentrar m\u00e1s el poder de la Ciudad de M\u00e9xico, el detrimento de las alcald\u00edas, por eso vengo a expresar mi respaldo, mi solidaridad, a todas las alcaldesas, a todos los alcaldes\u201d<\/em>, agreg\u00f3.<\/p>\n<p>&nbsp;<\/p>\n<p>El Presidente del PAN se\u00f1al\u00f3 que, ante estos hechos, tenemos que levantar la voz, tomarnos de la mano y exigir que sean escuchados y tomados en cuenta..<\/p>\n<p>&nbsp;<\/p>\n<p>(Publicada el 31\/08\/2021)<\/p>\n","protected":false},"excerpt":{"rendered":"<p>CIUDAD DE M\u00c9XICO.MX. \u2014 Con la encomienda de obtener los mejores resultados para Acci\u00f3n Nacional,&#8230;<\/p>\n","protected":false},"author":1,"featured_media":121809,"comment_status":"open","ping_status":"open","sticky":false,"template":"","format":"standard","meta":{"_monsterinsights_skip_tracking":false,"_monsterinsights_sitenote_active":false,"_monsterinsights_sitenote_note":"","_monsterinsights_sitenote_category":0,"footnotes":""},"categories":[5],"tags":[],"class_list":["post"],"yoast_head":" \n<title>Sonora en Equipo. Presidente del PAN nombra a delegados del CEN en Aguascalientes, Hidalgo y Oaxaca Rep\u00fablica<\/title>\n<meta name=\"description\" content=\"CIUDAD DE M\u00c9XICO.MX. \u2014 Con la encomienda de obtener los mejores resultados para Acci\u00f3n Nacional, el Dirigente Nacional Marko Cort\u00e9s Mendoza y el En Sonora en Equipo publicamos toda la informaci\u00f3n de Sonora, M\u00e9xico y el Mundo de manera oportuna y busca que la libertad de expresi\u00f3n sea real. Visita nuestro medio informativo publicado desde Hermosillo, Sonora. %\" \/>\n<meta name=\"robots\" content=\"index, follow, max-snippet:-1, max-image-preview:large, max-video-preview:-1\" \/>\n<link rel=\"canonical\" href=\"https:\/\/www.sonoraenequipo.com.mx\/presidente-del-pan-nombra-a-delegados-del-cen-en-aguascalientes-hidalgo-y-oaxaca\/\" \/>\n<meta property=\"og:locale\" content=\"es_ES\" \/>\n<meta property=\"og:type\" content=\"article\" \/>\n<meta property=\"og:title\" content=\"Sonora en Equipo. Presidente del PAN nombra a delegados del CEN en Aguascalientes, Hidalgo y Oaxaca Rep\u00fablica\" \/>\n<meta property=\"og:description\" content=\"CIUDAD DE M\u00c9XICO.MX. \u2014 Con la encomienda de obtener los mejores resultados para Acci\u00f3n Nacional, el Dirigente Nacional Marko Cort\u00e9s Mendoza y el En Sonora en Equipo publicamos toda la informaci\u00f3n de Sonora, M\u00e9xico y el Mundo de manera oportuna y busca que la libertad de expresi\u00f3n sea real. Visita nuestro medio informativo publicado desde Hermosillo, Sonora. %\" \/>\n<meta property=\"og:url\" content=\"https:\/\/www.sonoraenequipo.com.mx\/presidente-del-pan-nombra-a-delegados-del-cen-en-aguascalientes-hidalgo-y-oaxaca\/\" \/>\n<meta property=\"og:site_name\" content=\"Sonora en Equipo.\" \/>\n<meta property=\"article:publisher\" content=\"https:\/\/www.facebook.com\/SonoraEE\/\" \/>\n<meta property=\"article:author\" content=\"https:\/\/www.facebook.com\/SonoraEE\" \/>\n<meta property=\"article:published_time\" content=\"2021-08-31T19:58:11+00:00\" \/>\n<meta property=\"article:modified_time\" content=\"2021-08-31T22:35:02+00:00\" \/>\n<meta property=\"og:image\" content=\"https:\/\/www.sonoraenequipo.com.mx\/storage\/2021\/08\/marko-cortes-y-zambran_opt.jpg\" \/>\n\t<meta property=\"og:image:width\" content=\"700\" \/>\n\t<meta property=\"og:image:height\" content=\"400\" \/>\n\t<meta property=\"og:image:type\" content=\"image\/jpeg\" \/>\n<meta name=\"author\" content=\"enequipo\" \/>\n<meta name=\"twitter:card\" content=\"summary_large_image\" \/>\n<meta name=\"twitter:creator\" content=\"@sonoraenequipo\" \/>\n<meta name=\"twitter:site\" content=\"@sonoraenequipo\" \/>\n<meta name=\"twitter:label1\" content=\"Escrito por\" \/>\n\t<meta name=\"twitter:data1\" content=\"enequipo\" \/>\n\t<meta name=\"twitter:label2\" content=\"Tiempo de lectura\" \/>\n\t<meta name=\"twitter:data2\" content=\"2 minutos\" \/>\n<script type=\"application\/ld+json\" class=\"yoast-schema-graph\">{\"@context\":\"https:\/\/schema.org\",\"@graph\":[{\"@type\":\"Article\",\"@id\":\"https:\/\/www.sonoraenequipo.com.mx\/presidente-del-pan-nombra-a-delegados-del-cen-en-aguascalientes-hidalgo-y-oaxaca\/#article\",\"isPartOf\":{\"@id\":\"https:\/\/www.sonoraenequipo.com.mx\/presidente-del-pan-nombra-a-delegados-del-cen-en-aguascalientes-hidalgo-y-oaxaca\/\"},\"author\":{\"name\":\"enequipo\",\"@id\":\"https:\/\/www.sonoraenequipo.com.mx\/#\/schema\/person\/50102df0fb23a8fa9e8effad8fa81386\"},\"headline\":\"Presidente del PAN nombra a delegados del CEN en Aguascalientes, Hidalgo y Oaxaca\",\"datePublished\":\"2021-08-31T19:58:11+00:00\",\"dateModified\":\"2021-08-31T22:35:02+00:00\",\"mainEntityOfPage\":{\"@id\":\"https:\/\/www.sonoraenequipo.com.mx\/presidente-del-pan-nombra-a-delegados-del-cen-en-aguascalientes-hidalgo-y-oaxaca\/\"},\"wordCount\":371,\"commentCount\":0,\"publisher\":{\"@id\":\"https:\/\/www.sonoraenequipo.com.mx\/#organization\"},\"image\":{\"@id\":\"https:\/\/www.sonoraenequipo.com.mx\/presidente-del-pan-nombra-a-delegados-del-cen-en-aguascalientes-hidalgo-y-oaxaca\/#primaryimage\"},\"thumbnailUrl\":\"https:\/\/www.sonoraenequipo.com.mx\/storage\/2021\/08\/marko-cortes-y-zambran_opt.jpg\",\"articleSection\":[\"Rep\u00fablica\"],\"inLanguage\":\"es\",\"potentialAction\":[{\"@type\":\"CommentAction\",\"name\":\"Comment\",\"target\":[\"https:\/\/www.sonoraenequipo.com.mx\/presidente-del-pan-nombra-a-delegados-del-cen-en-aguascalientes-hidalgo-y-oaxaca\/#respond\"]}]},{\"@type\":\"WebPage\",\"@id\":\"https:\/\/www.sonoraenequipo.com.mx\/presidente-del-pan-nombra-a-delegados-del-cen-en-aguascalientes-hidalgo-y-oaxaca\/\",\"url\":\"https:\/\/www.sonoraenequipo.com.mx\/presidente-del-pan-nombra-a-delegados-del-cen-en-aguascalientes-hidalgo-y-oaxaca\/\",\"name\":\"Sonora en Equipo. Presidente del PAN nombra a delegados del CEN en Aguascalientes, Hidalgo y Oaxaca Rep\u00fablica\",\"isPartOf\":{\"@id\":\"https:\/\/www.sonoraenequipo.com.mx\/#website\"},\"primaryImageOfPage\":{\"@id\":\"https:\/\/www.sonoraenequipo.com.mx\/presidente-del-pan-nombra-a-delegados-del-cen-en-aguascalientes-hidalgo-y-oaxaca\/#primaryimage\"},\"image\":{\"@id\":\"https:\/\/www.sonoraenequipo.com.mx\/presidente-del-pan-nombra-a-delegados-del-cen-en-aguascalientes-hidalgo-y-oaxaca\/#primaryimage\"},\"thumbnailUrl\":\"https:\/\/www.sonoraenequipo.com.mx\/storage\/2021\/08\/marko-cortes-y-zambran_opt.jpg\",\"datePublished\":\"2021-08-31T19:58:11+00:00\",\"dateModified\":\"2021-08-31T22:35:02+00:00\",\"description\":\"CIUDAD DE M\u00c9XICO.MX. \u2014 Con la encomienda de obtener los mejores resultados para Acci\u00f3n Nacional, el Dirigente Nacional Marko Cort\u00e9s Mendoza y el En Sonora en Equipo publicamos toda la informaci\u00f3n de Sonora, M\u00e9xico y el Mundo de manera oportuna y busca que la libertad de expresi\u00f3n sea real. Visita nuestro medio informativo publicado desde Hermosillo, Sonora. %\",\"breadcrumb\":{\"@id\":\"https:\/\/www.sonoraenequipo.com.mx\/presidente-del-pan-nombra-a-delegados-del-cen-en-aguascalientes-hidalgo-y-oaxaca\/#breadcrumb\"},\"inLanguage\":\"es\",\"potentialAction\":[{\"@type\":\"ReadAction\",\"target\":[\"https:\/\/www.sonoraenequipo.com.mx\/presidente-del-pan-nombra-a-delegados-del-cen-en-aguascalientes-hidalgo-y-oaxaca\/\"]}]},{\"@type\":\"ImageObject\",\"inLanguage\":\"es\",\"@id\":\"https:\/\/www.sonoraenequipo.com.mx\/presidente-del-pan-nombra-a-delegados-del-cen-en-aguascalientes-hidalgo-y-oaxaca\/#primaryimage\",\"url\":\"https:\/\/www.sonoraenequipo.com.mx\/storage\/2021\/08\/marko-cortes-y-zambran_opt.jpg\",\"contentUrl\":\"https:\/\/www.sonoraenequipo.com.mx\/storage\/2021\/08\/marko-cortes-y-zambran_opt.jpg\",\"width\":700,\"height\":400},{\"@type\":\"BreadcrumbList\",\"@id\":\"https:\/\/www.sonoraenequipo.com.mx\/presidente-del-pan-nombra-a-delegados-del-cen-en-aguascalientes-hidalgo-y-oaxaca\/#breadcrumb\",\"itemListElement\":[{\"@type\":\"ListItem\",\"position\":1,\"name\":\"Portada\",\"item\":\"https:\/\/www.sonoraenequipo.com.mx\/\"},{\"@type\":\"ListItem\",\"position\":2,\"name\":\"Presidente del PAN nombra a delegados del CEN en Aguascalientes, Hidalgo y Oaxaca\"}]},{\"@type\":\"WebSite\",\"@id\":\"https:\/\/www.sonoraenequipo.com.mx\/#website\",\"url\":\"https:\/\/www.sonoraenequipo.com.mx\/\",\"name\":\"Sonora en Equipo.\",\"description\":\"Diario en l\u00ednea con Noticias desde Hermosillo, Sonora\",\"publisher\":{\"@id\":\"https:\/\/www.sonoraenequipo.com.mx\/#organization\"},\"potentialAction\":[{\"@type\":\"SearchAction\",\"target\":{\"@type\":\"EntryPoint\",\"urlTemplate\":\"https:\/\/www.sonoraenequipo.com.mx\/?s={search_term_string}\"},\"query-input\":{\"@type\":\"PropertyValueSpecification\",\"valueRequired\":true,\"valueName\":\"search_term_string\"}}],\"inLanguage\":\"es\"},{\"@type\":\"Organization\",\"@id\":\"https:\/\/www.sonoraenequipo.com.mx\/#organization\",\"name\":\"Sonoraenequipo.com.mx\",\"url\":\"https:\/\/www.sonoraenequipo.com.mx\/\",\"logo\":{\"@type\":\"ImageObject\",\"inLanguage\":\"es\",\"@id\":\"https:\/\/www.sonoraenequipo.com.mx\/#\/schema\/logo\/image\/\",\"url\":\"https:\/\/www.sonoraenequipo.com.mx\/storage\/2019\/01\/sonoraenequipo_opt.png\",\"contentUrl\":\"https:\/\/www.sonoraenequipo.com.mx\/storage\/2019\/01\/sonoraenequipo_opt.png\",\"width\":375,\"height\":125,\"caption\":\"Sonoraenequipo.com.mx\"},\"image\":{\"@id\":\"https:\/\/www.sonoraenequipo.com.mx\/#\/schema\/logo\/image\/\"},\"sameAs\":[\"https:\/\/www.facebook.com\/SonoraEE\/\",\"https:\/\/x.com\/sonoraenequipo\",\"https:\/\/www.youtube.com\/channel\/UC338nW-lPEYmJQs4ZABQ1SQ\"]},{\"@type\":\"Person\",\"@id\":\"https:\/\/www.sonoraenequipo.com.mx\/#\/schema\/person\/50102df0fb23a8fa9e8effad8fa81386\",\"name\":\"enequipo\",\"image\":{\"@type\":\"ImageObject\",\"inLanguage\":\"es\",\"@id\":\"https:\/\/www.sonoraenequipo.com.mx\/#\/schema\/person\/image\/\",\"url\":\"https:\/\/secure.gravatar.com\/avatar\/049821681b589dabc0bc20695993ccebb09f5b5d4d790cd9251b97faac7c652b?s=96&d=blank&r=g\",\"contentUrl\":\"https:\/\/secure.gravatar.com\/avatar\/049821681b589dabc0bc20695993ccebb09f5b5d4d790cd9251b97faac7c652b?s=96&d=blank&r=g\",\"caption\":\"enequipo\"},\"sameAs\":[\"https:\/\/www.facebook.com\/SonoraEE\"]}]}<\/script>\n ","yoast_head_json":{"title":"Sonora en Equipo. Presidente del PAN nombra a delegados del CEN en Aguascalientes, Hidalgo y Oaxaca Rep\u00fablica","description":"CIUDAD DE M\u00c9XICO.MX. \u2014 Con la encomienda de obtener los mejores resultados para Acci\u00f3n Nacional, el Dirigente Nacional Marko Cort\u00e9s Mendoza y el En Sonora en Equipo publicamos toda la informaci\u00f3n de Sonora, M\u00e9xico y el Mundo de manera oportuna y busca que la libertad de expresi\u00f3n sea real. Visita nuestro medio informativo publicado desde Hermosillo, Sonora. %","robots":{"index":"index","follow":"follow","max-snippet":"max-snippet:-1","max-image-preview":"max-image-preview:large","max-video-preview":"max-video-preview:-1"},"canonical":"https:\/\/www.sonoraenequipo.com.mx\/presidente-del-pan-nombra-a-delegados-del-cen-en-aguascalientes-hidalgo-y-oaxaca\/","og_locale":"es_ES","og_type":"article","og_title":"Sonora en Equipo. Presidente del PAN nombra a delegados del CEN en Aguascalientes, Hidalgo y Oaxaca Rep\u00fablica","og_description":"CIUDAD DE M\u00c9XICO.MX. \u2014 Con la encomienda de obtener los mejores resultados para Acci\u00f3n Nacional, el Dirigente Nacional Marko Cort\u00e9s Mendoza y el En Sonora en Equipo publicamos toda la informaci\u00f3n de Sonora, M\u00e9xico y el Mundo de manera oportuna y busca que la libertad de expresi\u00f3n sea real. Visita nuestro medio informativo publicado desde Hermosillo, Sonora. %","og_url":"https:\/\/www.sonoraenequipo.com.mx\/presidente-del-pan-nombra-a-delegados-del-cen-en-aguascalientes-hidalgo-y-oaxaca\/","og_site_name":"Sonora en Equipo.","article_publisher":"https:\/\/www.facebook.com\/SonoraEE\/","article_author":"https:\/\/www.facebook.com\/SonoraEE","article_published_time":"2021-08-31T19:58:11+00:00","article_modified_time":"2021-08-31T22:35:02+00:00","og_image":[{"width":700,"height":400,"url":"https:\/\/www.sonoraenequipo.com.mx\/storage\/2021\/08\/marko-cortes-y-zambran_opt.jpg","type":"image\/jpeg"}],"author":"enequipo","twitter_card":"summary_large_image","twitter_creator":"@sonoraenequipo","twitter_site":"@sonoraenequipo","twitter_misc":{"Escrito por":"enequipo","Tiempo de lectura":"2 minutos"},"schema":{"@context":"https:\/\/schema.org","@graph":[{"@type":"Article","@id":"https:\/\/www.sonoraenequipo.com.mx\/presidente-del-pan-nombra-a-delegados-del-cen-en-aguascalientes-hidalgo-y-oaxaca\/#article","isPartOf":{"@id":"https:\/\/www.sonoraenequipo.com.mx\/presidente-del-pan-nombra-a-delegados-del-cen-en-aguascalientes-hidalgo-y-oaxaca\/"},"author":{"name":"enequipo","@id":"https:\/\/www.sonoraenequipo.com.mx\/#\/schema\/person\/50102df0fb23a8fa9e8effad8fa81386"},"headline":"Presidente del PAN nombra a delegados del CEN en Aguascalientes, Hidalgo y Oaxaca","datePublished":"2021-08-31T19:58:11+00:00","dateModified":"2021-08-31T22:35:02+00:00","mainEntityOfPage":{"@id":"https:\/\/www.sonoraenequipo.com.mx\/presidente-del-pan-nombra-a-delegados-del-cen-en-aguascalientes-hidalgo-y-oaxaca\/"},"wordCount":371,"commentCount":0,"publisher":{"@id":"https:\/\/www.sonoraenequipo.com.mx\/#organization"},"image":{"@id":"https:\/\/www.sonoraenequipo.com.mx\/presidente-del-pan-nombra-a-delegados-del-cen-en-aguascalientes-hidalgo-y-oaxaca\/#primaryimage"},"thumbnailUrl":"https:\/\/www.sonoraenequipo.com.mx\/storage\/2021\/08\/marko-cortes-y-zambran_opt.jpg","articleSection":["Rep\u00fablica"],"inLanguage":"es","potentialAction":[{"@type":"CommentAction","name":"Comment","target":["https:\/\/www.sonoraenequipo.com.mx\/presidente-del-pan-nombra-a-delegados-del-cen-en-aguascalientes-hidalgo-y-oaxaca\/#respond"]}]},{"@type":"WebPage","@id":"https:\/\/www.sonoraenequipo.com.mx\/presidente-del-pan-nombra-a-delegados-del-cen-en-aguascalientes-hidalgo-y-oaxaca\/","url":"https:\/\/www.sonoraenequipo.com.mx\/presidente-del-pan-nombra-a-delegados-del-cen-en-aguascalientes-hidalgo-y-oaxaca\/","name":"Sonora en Equipo. Presidente del PAN nombra a delegados del CEN en Aguascalientes, Hidalgo y Oaxaca Rep\u00fablica","isPartOf":{"@id":"https:\/\/www.sonoraenequipo.com.mx\/#website"},"primaryImageOfPage":{"@id":"https:\/\/www.sonoraenequipo.com.mx\/presidente-del-pan-nombra-a-delegados-del-cen-en-aguascalientes-hidalgo-y-oaxaca\/#primaryimage"},"image":{"@id":"https:\/\/www.sonoraenequipo.com.mx\/presidente-del-pan-nombra-a-delegados-del-cen-en-aguascalientes-hidalgo-y-oaxaca\/#primaryimage"},"thumbnailUrl":"https:\/\/www.sonoraenequipo.com.mx\/storage\/2021\/08\/marko-cortes-y-zambran_opt.jpg","datePublished":"2021-08-31T19:58:11+00:00","dateModified":"2021-08-31T22:35:02+00:00","description":"CIUDAD DE M\u00c9XICO.MX. \u2014 Con la encomienda de obtener los mejores resultados para Acci\u00f3n Nacional, el Dirigente Nacional Marko Cort\u00e9s Mendoza y el En Sonora en Equipo publicamos toda la informaci\u00f3n de Sonora, M\u00e9xico y el Mundo de manera oportuna y busca que la libertad de expresi\u00f3n sea real. Visita nuestro medio informativo publicado desde Hermosillo, Sonora. %","breadcrumb":{"@id":"https:\/\/www.sonoraenequipo.com.mx\/presidente-del-pan-nombra-a-delegados-del-cen-en-aguascalientes-hidalgo-y-oaxaca\/#breadcrumb"},"inLanguage":"es","potentialAction":[{"@type":"ReadAction","target":["https:\/\/www.sonoraenequipo.com.mx\/presidente-del-pan-nombra-a-delegados-del-cen-en-aguascalientes-hidalgo-y-oaxaca\/"]}]},{"@type":"ImageObject","inLanguage":"es","@id":"https:\/\/www.sonoraenequipo.com.mx\/presidente-del-pan-nombra-a-delegados-del-cen-en-aguascalientes-hidalgo-y-oaxaca\/#primaryimage","url":"https:\/\/www.sonoraenequipo.com.mx\/storage\/2021\/08\/marko-cortes-y-zambran_opt.jpg","contentUrl":"https:\/\/www.sonoraenequipo.com.mx\/storage\/2021\/08\/marko-cortes-y-zambran_opt.jpg","width":700,"height":400},{"@type":"BreadcrumbList","@id":"https:\/\/www.sonoraenequipo.com.mx\/presidente-del-pan-nombra-a-delegados-del-cen-en-aguascalientes-hidalgo-y-oaxaca\/#breadcrumb","itemListElement":[{"@type":"ListItem","position":1,"name":"Portada","item":"https:\/\/www.sonoraenequipo.com.mx\/"},{"@type":"ListItem","position":2,"name":"Presidente del PAN nombra a delegados del CEN en Aguascalientes, Hidalgo y Oaxaca"}]},{"@type":"WebSite","@id":"https:\/\/www.sonoraenequipo.com.mx\/#website","url":"https:\/\/www.sonoraenequipo.com.mx\/","name":"Sonora en Equipo.","description":"Diario en l\u00ednea con Noticias desde Hermosillo, Sonora","publisher":{"@id":"https:\/\/www.sonoraenequipo.com.mx\/#organization"},"potentialAction":[{"@type":"SearchAction","target":{"@type":"EntryPoint","urlTemplate":"https:\/\/www.sonoraenequipo.com.mx\/?s={search_term_string}"},"query-input":{"@type":"PropertyValueSpecification","valueRequired":true,"valueName":"search_term_string"}}],"inLanguage":"es"},{"@type":"Organization","@id":"https:\/\/www.sonoraenequipo.com.mx\/#organization","name":"Sonoraenequipo.com.mx","url":"https:\/\/www.sonoraenequipo.com.mx\/","logo":{"@type":"ImageObject","inLanguage":"es","@id":"https:\/\/www.sonoraenequipo.com.mx\/#\/schema\/logo\/image\/","url":"https:\/\/www.sonoraenequipo.com.mx\/storage\/2019\/01\/sonoraenequipo_opt.png","contentUrl":"https:\/\/www.sonoraenequipo.com.mx\/storage\/2019\/01\/sonoraenequipo_opt.png","width":375,"height":125,"caption":"Sonoraenequipo.com.mx"},"image":{"@id":"https:\/\/www.sonoraenequipo.com.mx\/#\/schema\/logo\/image\/"},"sameAs":["https:\/\/www.facebook.com\/SonoraEE\/","https:\/\/x.com\/sonoraenequipo","https:\/\/www.youtube.com\/channel\/UC338nW-lPEYmJQs4ZABQ1SQ"]},{"@type":"Person","@id":"https:\/\/www.sonoraenequipo.com.mx\/#\/schema\/person\/50102df0fb23a8fa9e8effad8fa81386","name":"enequipo","image":{"@type":"ImageObject","inLanguage":"es","@id":"https:\/\/www.sonoraenequipo.com.mx\/#\/schema\/person\/image\/","url":"https:\/\/secure.gravatar.com\/avatar\/049821681b589dabc0bc20695993ccebb09f5b5d4d790cd9251b97faac7c652b?s=96&d=blank&r=g","contentUrl":"https:\/\/secure.gravatar.com\/avatar\/049821681b589dabc0bc20695993ccebb09f5b5d4d790cd9251b97faac7c652b?s=96&d=blank&r=g","caption":"enequipo"},"sameAs":["https:\/\/www.facebook.com\/SonoraEE"]}]}},"jetpack_featured_media_url":"https:\/\/www.sonoraenequipo.com.mx\/storage\/2021\/08\/marko-cortes-y-zambran_opt.jpg","_links":{"self":[{"href":"https:\/\/www.sonoraenequipo.com.mx\/api\/wp\/v2\/posts\/121808","targetHints":{"allow":["GET"]}}],"collection":[{"href":"https:\/\/www.sonoraenequipo.com.mx\/api\/wp\/v2\/posts"}],"about":[{"href":"https:\/\/www.sonoraenequipo.com.mx\/api\/wp\/v2\/types\/post"}],"author":[{"embeddable":true,"href":"https:\/\/www.sonoraenequipo.com.mx\/api\/wp\/v2\/users\/1"}],"replies":[{"embeddable":true,"href":"https:\/\/www.sonoraenequipo.com.mx\/api\/wp\/v2\/comments?post=121808"}],"version-history":[{"count":1,"href":"https:\/\/www.sonoraenequipo.com.mx\/api\/wp\/v2\/posts\/121808\/revisions"}],"predecessor-version":[{"id":121810,"href":"https:\/\/www.sonoraenequipo.com.mx\/api\/wp\/v2\/posts\/121808\/revisions\/121810"}],"wp:featuredmedia":[{"embeddable":true,"href":"https:\/\/www.sonoraenequipo.com.mx\/api\/wp\/v2\/media\/121809"}],"wp:attachment":[{"href":"https:\/\/www.sonoraenequipo.com.mx\/api\/wp\/v2\/media?parent=121808"}],"wp:term":[{"taxonomy":"category","embeddable":true,"href":"https:\/\/www.sonoraenequipo.com.mx\/api\/wp\/v2\/categories?post=121808"},{"taxonomy":"post_tag","embeddable":true,"href":"https:\/\/www.sonoraenequipo.com.mx\/api\/wp\/v2\/tags?post=121808"}],"curies":[{"name":"wp","href":"https:\/\/api.w.org\/{rel}","templated":true}]}}