{"id":121842,"date":"2021-09-01T12:08:47","date_gmt":"2021-09-01T19:08:47","guid":{"rendered":"https:\/\/www.sonoraenequipo.com.mx\/?p=121842"},"modified":"2021-09-01T17:56:00","modified_gmt":"2021-09-02T00:56:00","slug":"se-instala-la-63ava-legislatura-de-sonora","status":"publish","type":"post","link":"https:\/\/www.sonoraenequipo.com.mx\/se-instala-la-63ava-legislatura-de-sonora\/","title":{"rendered":"Se instala la 63ava. Legislatura de Sonora"},"content":{"rendered":"<p>HERMOSILLO, SONORA,MX.\u2500\u2500 \u00a0La LXIII Legislatura del Congreso del Estado de Sonora qued\u00f3 leg\u00edtimamente instalada pasadas las 00:00 horas de hoy, para dar inicio al primer periodo de sesiones ordinarias del primer a\u00f1o de ejercicio constitucional septiembre 1\u00b0-diciembre 15 de 2021.<\/p>\n<p>&nbsp;<\/p>\n<p>Los trabajos correspondientes a este mes ser\u00e1n encabezados por el diputado Jacobo Mendoza Ruiz, quien fue electo por unanimidad del Pleno como Presidente de la mesa directiva, de la que tambi\u00e9n forman parte los diputados Karina Teresita Z\u00e1rate F\u00e9lix, como vicepresidenta; Ferm\u00edn Trujillo Fuentes, como primer secretario; Diana Karina Barreras Samaniego, como segunda secretaria; y Rosa Elena Trujillo Llanes, como suplente.<\/p>\n<div id='gallery-1' class='gallery galleryid-121842 gallery-columns-3 gallery-size-thumbnail'><figure class='gallery-item'>\n\t\t\t<div class='gallery-icon portrait'>\n\t\t\t\t<a href='https:\/\/www.sonoraenequipo.com.mx\/se-instala-la-63ava-legislatura-de-sonora\/jacobo-mendoza-logo-copy\/'><img width=\"231\" height=\"280\" src=\"https:\/\/www.sonoraenequipo.com.mx\/storage\/2021\/09\/jacobo-mendoza-logo-copy-231x280.jpg\" class=\"attachment-thumbnail size-thumbnail\" alt=\"jacobo mendoza logo copy\" srcset=\"https:\/\/www.sonoraenequipo.com.mx\/storage\/2021\/09\/jacobo-mendoza-logo-copy-231x280.jpg 231w, https:\/\/www.sonoraenequipo.com.mx\/storage\/2021\/09\/jacobo-mendoza-logo-copy-301x365.jpg 301w, https:\/\/www.sonoraenequipo.com.mx\/storage\/2021\/09\/jacobo-mendoza-logo-copy.jpg 350w\" sizes=\"auto, (max-width: 231px) 100vw, 231px\" loading=\"lazy\" decoding=\"async\" \/><\/a>\n\t\t\t<\/div><\/figure><figure class='gallery-item'>\n\t\t\t<div class='gallery-icon portrait'>\n\t\t\t\t<a href='https:\/\/www.sonoraenequipo.com.mx\/se-instala-la-63ava-legislatura-de-sonora\/karina-zarate-logo-copy\/'><img width=\"240\" height=\"280\" src=\"https:\/\/www.sonoraenequipo.com.mx\/storage\/2021\/09\/karina-zarate-logo-copy-240x280.jpg\" class=\"attachment-thumbnail size-thumbnail\" alt=\"karina zarate logo copy\" srcset=\"https:\/\/www.sonoraenequipo.com.mx\/storage\/2021\/09\/karina-zarate-logo-copy-240x280.jpg 240w, https:\/\/www.sonoraenequipo.com.mx\/storage\/2021\/09\/karina-zarate-logo-copy-312x365.jpg 312w, https:\/\/www.sonoraenequipo.com.mx\/storage\/2021\/09\/karina-zarate-logo-copy.jpg 350w\" sizes=\"auto, (max-width: 240px) 100vw, 240px\" loading=\"lazy\" decoding=\"async\" \/><\/a>\n\t\t\t<\/div><\/figure><figure class='gallery-item'>\n\t\t\t<div class='gallery-icon portrait'>\n\t\t\t\t<a href='https:\/\/www.sonoraenequipo.com.mx\/se-instala-la-63ava-legislatura-de-sonora\/fermin-trujillo-logo-copy\/'><img width=\"225\" height=\"280\" src=\"https:\/\/www.sonoraenequipo.com.mx\/storage\/2021\/09\/fermin-trujillo-logo-copy-225x280.jpg\" class=\"attachment-thumbnail size-thumbnail\" alt=\"fermin trujillo logo copy\" srcset=\"https:\/\/www.sonoraenequipo.com.mx\/storage\/2021\/09\/fermin-trujillo-logo-copy-225x280.jpg 225w, https:\/\/www.sonoraenequipo.com.mx\/storage\/2021\/09\/fermin-trujillo-logo-copy-293x365.jpg 293w, https:\/\/www.sonoraenequipo.com.mx\/storage\/2021\/09\/fermin-trujillo-logo-copy.jpg 350w\" sizes=\"auto, (max-width: 225px) 100vw, 225px\" loading=\"lazy\" decoding=\"async\" \/><\/a>\n\t\t\t<\/div><\/figure><figure class='gallery-item'>\n\t\t\t<div class='gallery-icon portrait'>\n\t\t\t\t<a href='https:\/\/www.sonoraenequipo.com.mx\/se-instala-la-63ava-legislatura-de-sonora\/karinabarreras-logo-copy\/'><img width=\"241\" height=\"280\" src=\"https:\/\/www.sonoraenequipo.com.mx\/storage\/2021\/09\/karinabarreras-logo-copy-241x280.jpg\" class=\"attachment-thumbnail size-thumbnail\" alt=\"karinabarreras logo copy\" srcset=\"https:\/\/www.sonoraenequipo.com.mx\/storage\/2021\/09\/karinabarreras-logo-copy-241x280.jpg 241w, https:\/\/www.sonoraenequipo.com.mx\/storage\/2021\/09\/karinabarreras-logo-copy-314x365.jpg 314w, https:\/\/www.sonoraenequipo.com.mx\/storage\/2021\/09\/karinabarreras-logo-copy.jpg 350w\" sizes=\"auto, (max-width: 241px) 100vw, 241px\" loading=\"lazy\" decoding=\"async\" \/><\/a>\n\t\t\t<\/div><\/figure><figure class='gallery-item'>\n\t\t\t<div class='gallery-icon portrait'>\n\t\t\t\t<a href='https:\/\/www.sonoraenequipo.com.mx\/se-instala-la-63ava-legislatura-de-sonora\/rosa-elena-trujillo-logo\/'><img width=\"235\" height=\"280\" src=\"https:\/\/www.sonoraenequipo.com.mx\/storage\/2021\/09\/rosa-elena-trujillo-logo-235x280.jpg\" class=\"attachment-thumbnail size-thumbnail\" alt=\"rosa elena trujillo logo\" srcset=\"https:\/\/www.sonoraenequipo.com.mx\/storage\/2021\/09\/rosa-elena-trujillo-logo-235x280.jpg 235w, https:\/\/www.sonoraenequipo.com.mx\/storage\/2021\/09\/rosa-elena-trujillo-logo-306x365.jpg 306w, https:\/\/www.sonoraenequipo.com.mx\/storage\/2021\/09\/rosa-elena-trujillo-logo.jpg 350w\" sizes=\"auto, (max-width: 235px) 100vw, 235px\" loading=\"lazy\" decoding=\"async\" \/><\/a>\n\t\t\t<\/div><\/figure>\n\t\t<\/div>\n\n<p>&nbsp;<\/p>\n<p>Esta es la primera ocasi\u00f3n que el Poder Legislativo est\u00e1 integrado por mayor\u00eda de diputadas, con 19 que representan el 57 por ciento del total, y catorce diputados que representan el 43 por ciento.<\/p>\n<p>&nbsp;<\/p>\n<p>Los 33 diputados rindieron protesta de Ley ante el presidente de la Comisi\u00f3n Instaladora, Francisco Javier Duarte Flores, quien estuvo acompa\u00f1ado por las integrantes de la mesa directiva, Miroslava Luj\u00e1n L\u00f3pez, vicepresidenta; Rosa Icela Mart\u00ednez Espinoza, secretaria; Marcia Lorena Camarena Moncada y Mar\u00eda Magdalena Uribe Pe\u00f1a, suplentes.<\/p>\n<p>&nbsp;<\/p>\n<p>Invitados especiales a esta sesi\u00f3n solemne, en representaci\u00f3n del Poder Ejecutivo, el Secretario de Gobierno, Juan \u00c1ngel Castillo Taraz\u00f3n; y por el Poder Judicial, el Presidente del Supremo Tribunal de Justicia, magistrado Francisco Guti\u00e9rrez Rodr\u00edguez.<\/p>\n<p>&nbsp;<\/p>\n<p>Durante la ceremonia de apertura, Duarte Flores hizo entrega a la Presidencia de los documentos relativos al proceso de entrega-recepci\u00f3n del Poder Legislativo, acto mediante el cual concluy\u00f3 sus funciones la Comisi\u00f3n Instaladora.<\/p>\n<p>&nbsp;<\/p>\n<p>El diputado Jacobo Mendoza Ruiz inform\u00f3 que<\/p>\n<p>con fundamento en el Art\u00edculo 23 de la Ley Org\u00e1nica del Poder Legislativo, el expediente respectivo ser\u00e1 remitido al Instituto Superior de Auditor\u00eda y Fiscalizaci\u00f3n, ISAF, para que dicho \u00f3rgano emita el informe correspondiente.<\/p>\n<p>&nbsp;<\/p>\n<p>\u201cA nombre de los integrantes de esta nueva Legislatura queremos agradecer las atenciones de la Comisi\u00f3n Instaladora durante todo el proceso que culmin\u00f3 con la instalaci\u00f3n de esta Sexag\u00e9sima Tercera Legislatura.<\/p>\n<p>&nbsp;<\/p>\n<p>\u201cAsimismo, las diputadas y los diputados que integramos la 63 Legislatura queremos se\u00f1alar que asumimos el compromiso que implica el ejercicio del Poder Legislativo, en el entendido de que los tres poderes del Estado, como partes iguales de un mismo gobierno, debemos encontrar el justo equilibrio que nos permita trabajar, de manera coordinada, en beneficio del pueblo sonorense\u201d, expres\u00f3 el Presidente de la mesa directiva.<\/p>\n<p>&nbsp;<\/p>\n<p>Agreg\u00f3 que asumen este compromiso con humildad, pero con la firmeza necesaria para defender el estado de Derecho que emana de la Constituci\u00f3n Pol\u00edtica del Estado de Sonora, pues est\u00e1 seguro que todos los legisladores habr\u00e1n de trabajar conjuntamente para que, respetuosos de la pluralidad y la divisi\u00f3n de poderes, inicien una nueva etapa de transformaci\u00f3n en beneficio del pueblo sonorense.<\/p>\n<p>&nbsp;<\/p>\n<p>El Presidente de la mesa directiva dio lectura enseguida a la iniciativa de Decreto mediante el cual se inaugura el primer periodo de sesiones ordinarias correspondiente al primer a\u00f1o de ejercicio constitucional de la LXIII Legislatura del Congreso del Estado de Sonora, y posteriormente present\u00f3 el informe sobre la constituci\u00f3n de los grupos parlamentarios.<\/p>\n<p>&nbsp;<\/p>\n<p>Grupo parlamentario de Movimiento de Regeneraci\u00f3n Nacional: coordinadora, diputada Ernestina Castro Valenzuela. Diputados integrantes: Ricardo Lugo Moreno, \u00d3scar Eduardo Castro<\/p>\n<p>Castro, Mar\u00eda Alicia Gayt\u00e1n S\u00e1nchez, Mar\u00eda Jes\u00fas Castro Urquijo, Jacobo Mendoza Ruiz, Ivana Celeste Taddei Arriola, Jos\u00e9 Rafael Ram\u00edrez Morales, Rebeca Irene Silva Gallardo, H\u00e9ctor Ra\u00fal Castelo Monta\u00f1o, Pr\u00f3spero Valenzuela M\u00fa\u00f1er, Luis Arturo Robles Higuera y Margarita V\u00e9lez De la Rocha.<\/p>\n<p>&nbsp;<\/p>\n<p>Grupo parlamentario del Partido Revolucionario Institucional: coordinador, diputado Ernesto De Lucas Hopkins. Diputadas integrantes: Natalia Rivera Grijalva, Elia Sahara Sallard Hern\u00e1ndez y Karina Teresita Z\u00e1rate F\u00e9lix.<\/p>\n<p>&nbsp;<\/p>\n<p>Grupo parlamentario del Partido Acci\u00f3n Nacional: coordinador, diputado Ernesto Roger Munro L\u00f3pez. Diputados integrantes: Mar\u00eda Sagrario Monta\u00f1o Palomares, Jos\u00e9 Armando Guti\u00e9rrez Jim\u00e9nez y Alejandra L\u00f3pez Noriega.<\/p>\n<p>&nbsp;<\/p>\n<p>Grupo parlamentario del Partido del Trabajo: coordinador, diputado Sebasti\u00e1n Antonio Ordu\u00f1o Fragoza. Diputados integrantes: Azalia Guevara Espinoza, Iram Leobardo Sol\u00eds Garc\u00eda y Diana Karina Barreras Samaniego.<\/p>\n<p>&nbsp;<\/p>\n<p>Grupo parlamentario de Nueva Alianza: coordinador, diputado Ferm\u00edn Trujillo Fuentes. Integrante: diputada Beatriz Cota Ponce.<\/p>\n<p>&nbsp;<\/p>\n<p>Grupo parlamentario de Movimiento Ciudadano: coordinadora, diputada Rosa Elena Trujillo Llanes. Integrante: diputado Jorge Eugenio Russo Salido.<\/p>\n<p>&nbsp;<\/p>\n<p>Grupo parlamentario del Partido Verde Ecologista de M\u00e9xico: coordinadora, diputada Claudia Zulema Bours Corral. Integrante: diputada Lirio Anah\u00ed Del Castillo Salazar.<\/p>\n<p>&nbsp;<\/p>\n<p>Representaci\u00f3n parlamentaria del Partido Encuentro Solidario: diputada Paloma Mar\u00eda Ter\u00e1n Villalobos.<\/p>\n<p>&nbsp;<\/p>\n<p>Representaci\u00f3n parlamentaria del Partido de la Revoluci\u00f3n Democr\u00e1tica: diputada Alma Manuela Higuera Esquer.<\/p>\n<p>&nbsp;<\/p>\n<p>Antes de la clausura de la sesi\u00f3n, diputados y p\u00fablico asistente entonaron el Himno Nacional. La Presidencia cit\u00f3 a la pr\u00f3xima sesi\u00f3n del Pleno a celebrarse el martes 7 de septiembre, a las 11:00 horas.<\/p>\n<p>Fecha de Publicaci\u00f3n\u00a0 mi\u00e9rcoles \/ 1\u00a0 \/ septiembre \/ 2021<\/p>\n<p>&nbsp;<\/p>\n","protected":false},"excerpt":{"rendered":"<p>HERMOSILLO, SONORA,MX.\u2500\u2500 \u00a0La LXIII Legislatura del Congreso del Estado de Sonora qued\u00f3 leg\u00edtimamente instalada pasadas&#8230;<\/p>\n","protected":false},"author":1,"featured_media":121843,"comment_status":"open","ping_status":"open","sticky":false,"template":"","format":"standard","meta":{"_monsterinsights_skip_tracking":false,"_monsterinsights_sitenote_active":false,"_monsterinsights_sitenote_note":"","_monsterinsights_sitenote_category":0,"footnotes":""},"categories":[3281],"tags":[6073],"class_list":["post"],"yoast_head":" \n<title>Sonora en Equipo. Se instala la 63ava. Legislatura de Sonora Congreso<\/title>\n<meta name=\"description\" content=\"HERMOSILLO, SONORA,MX.\u2500\u2500 \u00a0La LXIII Legislatura del Congreso del Estado de Sonora qued\u00f3 leg\u00edtimamente instalada pasadas las 00:00 horas de hoy, para dar En Sonora en Equipo publicamos toda la informaci\u00f3n de Sonora, M\u00e9xico y el Mundo de manera oportuna y busca que la libertad de expresi\u00f3n sea real. Visita nuestro medio informativo publicado desde Hermosillo, Sonora. %\" \/>\n<meta name=\"robots\" content=\"index, follow, max-snippet:-1, max-image-preview:large, max-video-preview:-1\" \/>\n<link rel=\"canonical\" href=\"https:\/\/www.sonoraenequipo.com.mx\/se-instala-la-63ava-legislatura-de-sonora\/\" \/>\n<meta property=\"og:locale\" content=\"es_ES\" \/>\n<meta property=\"og:type\" content=\"article\" \/>\n<meta property=\"og:title\" content=\"Sonora en Equipo. Se instala la 63ava. Legislatura de Sonora Congreso\" \/>\n<meta property=\"og:description\" content=\"HERMOSILLO, SONORA,MX.\u2500\u2500 \u00a0La LXIII Legislatura del Congreso del Estado de Sonora qued\u00f3 leg\u00edtimamente instalada pasadas las 00:00 horas de hoy, para dar En Sonora en Equipo publicamos toda la informaci\u00f3n de Sonora, M\u00e9xico y el Mundo de manera oportuna y busca que la libertad de expresi\u00f3n sea real. Visita nuestro medio informativo publicado desde Hermosillo, Sonora. %\" \/>\n<meta property=\"og:url\" content=\"https:\/\/www.sonoraenequipo.com.mx\/se-instala-la-63ava-legislatura-de-sonora\/\" \/>\n<meta property=\"og:site_name\" content=\"Sonora en Equipo.\" \/>\n<meta property=\"article:publisher\" content=\"https:\/\/www.facebook.com\/SonoraEE\/\" \/>\n<meta property=\"article:author\" content=\"https:\/\/www.facebook.com\/SonoraEE\" \/>\n<meta property=\"article:published_time\" content=\"2021-09-01T19:08:47+00:00\" \/>\n<meta property=\"article:modified_time\" content=\"2021-09-02T00:56:00+00:00\" \/>\n<meta property=\"og:image\" content=\"https:\/\/www.sonoraenequipo.com.mx\/storage\/2021\/09\/legislatura63.jpg\" \/>\n\t<meta property=\"og:image:width\" content=\"700\" \/>\n\t<meta property=\"og:image:height\" content=\"400\" \/>\n\t<meta property=\"og:image:type\" content=\"image\/jpeg\" \/>\n<meta name=\"author\" content=\"enequipo\" \/>\n<meta name=\"twitter:card\" content=\"summary_large_image\" \/>\n<meta name=\"twitter:creator\" content=\"@sonoraenequipo\" \/>\n<meta name=\"twitter:site\" content=\"@sonoraenequipo\" \/>\n<meta name=\"twitter:label1\" content=\"Escrito por\" \/>\n\t<meta name=\"twitter:data1\" content=\"enequipo\" \/>\n\t<meta name=\"twitter:label2\" content=\"Tiempo de lectura\" \/>\n\t<meta name=\"twitter:data2\" content=\"4 minutos\" \/>\n<script type=\"application\/ld+json\" class=\"yoast-schema-graph\">{\"@context\":\"https:\/\/schema.org\",\"@graph\":[{\"@type\":\"Article\",\"@id\":\"https:\/\/www.sonoraenequipo.com.mx\/se-instala-la-63ava-legislatura-de-sonora\/#article\",\"isPartOf\":{\"@id\":\"https:\/\/www.sonoraenequipo.com.mx\/se-instala-la-63ava-legislatura-de-sonora\/\"},\"author\":{\"name\":\"enequipo\",\"@id\":\"https:\/\/www.sonoraenequipo.com.mx\/#\/schema\/person\/50102df0fb23a8fa9e8effad8fa81386\"},\"headline\":\"Se instala la 63ava. Legislatura de Sonora\",\"datePublished\":\"2021-09-01T19:08:47+00:00\",\"dateModified\":\"2021-09-02T00:56:00+00:00\",\"mainEntityOfPage\":{\"@id\":\"https:\/\/www.sonoraenequipo.com.mx\/se-instala-la-63ava-legislatura-de-sonora\/\"},\"wordCount\":857,\"commentCount\":0,\"publisher\":{\"@id\":\"https:\/\/www.sonoraenequipo.com.mx\/#organization\"},\"image\":{\"@id\":\"https:\/\/www.sonoraenequipo.com.mx\/se-instala-la-63ava-legislatura-de-sonora\/#primaryimage\"},\"thumbnailUrl\":\"https:\/\/www.sonoraenequipo.com.mx\/storage\/2021\/09\/legislatura63.jpg\",\"keywords\":[\"legislatura 63\"],\"articleSection\":[\"Congreso\"],\"inLanguage\":\"es\",\"potentialAction\":[{\"@type\":\"CommentAction\",\"name\":\"Comment\",\"target\":[\"https:\/\/www.sonoraenequipo.com.mx\/se-instala-la-63ava-legislatura-de-sonora\/#respond\"]}]},{\"@type\":\"WebPage\",\"@id\":\"https:\/\/www.sonoraenequipo.com.mx\/se-instala-la-63ava-legislatura-de-sonora\/\",\"url\":\"https:\/\/www.sonoraenequipo.com.mx\/se-instala-la-63ava-legislatura-de-sonora\/\",\"name\":\"Sonora en Equipo. Se instala la 63ava. Legislatura de Sonora Congreso\",\"isPartOf\":{\"@id\":\"https:\/\/www.sonoraenequipo.com.mx\/#website\"},\"primaryImageOfPage\":{\"@id\":\"https:\/\/www.sonoraenequipo.com.mx\/se-instala-la-63ava-legislatura-de-sonora\/#primaryimage\"},\"image\":{\"@id\":\"https:\/\/www.sonoraenequipo.com.mx\/se-instala-la-63ava-legislatura-de-sonora\/#primaryimage\"},\"thumbnailUrl\":\"https:\/\/www.sonoraenequipo.com.mx\/storage\/2021\/09\/legislatura63.jpg\",\"datePublished\":\"2021-09-01T19:08:47+00:00\",\"dateModified\":\"2021-09-02T00:56:00+00:00\",\"description\":\"HERMOSILLO, SONORA,MX.\u2500\u2500 \u00a0La LXIII Legislatura del Congreso del Estado de Sonora qued\u00f3 leg\u00edtimamente instalada pasadas las 00:00 horas de hoy, para dar En Sonora en Equipo publicamos toda la informaci\u00f3n de Sonora, M\u00e9xico y el Mundo de manera oportuna y busca que la libertad de expresi\u00f3n sea real. Visita nuestro medio informativo publicado desde Hermosillo, Sonora. %\",\"breadcrumb\":{\"@id\":\"https:\/\/www.sonoraenequipo.com.mx\/se-instala-la-63ava-legislatura-de-sonora\/#breadcrumb\"},\"inLanguage\":\"es\",\"potentialAction\":[{\"@type\":\"ReadAction\",\"target\":[\"https:\/\/www.sonoraenequipo.com.mx\/se-instala-la-63ava-legislatura-de-sonora\/\"]}]},{\"@type\":\"ImageObject\",\"inLanguage\":\"es\",\"@id\":\"https:\/\/www.sonoraenequipo.com.mx\/se-instala-la-63ava-legislatura-de-sonora\/#primaryimage\",\"url\":\"https:\/\/www.sonoraenequipo.com.mx\/storage\/2021\/09\/legislatura63.jpg\",\"contentUrl\":\"https:\/\/www.sonoraenequipo.com.mx\/storage\/2021\/09\/legislatura63.jpg\",\"width\":700,\"height\":400},{\"@type\":\"BreadcrumbList\",\"@id\":\"https:\/\/www.sonoraenequipo.com.mx\/se-instala-la-63ava-legislatura-de-sonora\/#breadcrumb\",\"itemListElement\":[{\"@type\":\"ListItem\",\"position\":1,\"name\":\"Portada\",\"item\":\"https:\/\/www.sonoraenequipo.com.mx\/\"},{\"@type\":\"ListItem\",\"position\":2,\"name\":\"Se instala la 63ava. Legislatura de Sonora\"}]},{\"@type\":\"WebSite\",\"@id\":\"https:\/\/www.sonoraenequipo.com.mx\/#website\",\"url\":\"https:\/\/www.sonoraenequipo.com.mx\/\",\"name\":\"Sonora en Equipo.\",\"description\":\"Diario en l\u00ednea con Noticias desde Hermosillo, Sonora\",\"publisher\":{\"@id\":\"https:\/\/www.sonoraenequipo.com.mx\/#organization\"},\"potentialAction\":[{\"@type\":\"SearchAction\",\"target\":{\"@type\":\"EntryPoint\",\"urlTemplate\":\"https:\/\/www.sonoraenequipo.com.mx\/?s={search_term_string}\"},\"query-input\":{\"@type\":\"PropertyValueSpecification\",\"valueRequired\":true,\"valueName\":\"search_term_string\"}}],\"inLanguage\":\"es\"},{\"@type\":\"Organization\",\"@id\":\"https:\/\/www.sonoraenequipo.com.mx\/#organization\",\"name\":\"Sonoraenequipo.com.mx\",\"url\":\"https:\/\/www.sonoraenequipo.com.mx\/\",\"logo\":{\"@type\":\"ImageObject\",\"inLanguage\":\"es\",\"@id\":\"https:\/\/www.sonoraenequipo.com.mx\/#\/schema\/logo\/image\/\",\"url\":\"https:\/\/www.sonoraenequipo.com.mx\/storage\/2019\/01\/sonoraenequipo_opt.png\",\"contentUrl\":\"https:\/\/www.sonoraenequipo.com.mx\/storage\/2019\/01\/sonoraenequipo_opt.png\",\"width\":375,\"height\":125,\"caption\":\"Sonoraenequipo.com.mx\"},\"image\":{\"@id\":\"https:\/\/www.sonoraenequipo.com.mx\/#\/schema\/logo\/image\/\"},\"sameAs\":[\"https:\/\/www.facebook.com\/SonoraEE\/\",\"https:\/\/x.com\/sonoraenequipo\",\"https:\/\/www.youtube.com\/channel\/UC338nW-lPEYmJQs4ZABQ1SQ\"]},{\"@type\":\"Person\",\"@id\":\"https:\/\/www.sonoraenequipo.com.mx\/#\/schema\/person\/50102df0fb23a8fa9e8effad8fa81386\",\"name\":\"enequipo\",\"image\":{\"@type\":\"ImageObject\",\"inLanguage\":\"es\",\"@id\":\"https:\/\/www.sonoraenequipo.com.mx\/#\/schema\/person\/image\/\",\"url\":\"https:\/\/secure.gravatar.com\/avatar\/049821681b589dabc0bc20695993ccebb09f5b5d4d790cd9251b97faac7c652b?s=96&d=blank&r=g\",\"contentUrl\":\"https:\/\/secure.gravatar.com\/avatar\/049821681b589dabc0bc20695993ccebb09f5b5d4d790cd9251b97faac7c652b?s=96&d=blank&r=g\",\"caption\":\"enequipo\"},\"sameAs\":[\"https:\/\/www.facebook.com\/SonoraEE\"]}]}<\/script>\n ","yoast_head_json":{"title":"Sonora en Equipo. Se instala la 63ava. Legislatura de Sonora Congreso","description":"HERMOSILLO, SONORA,MX.\u2500\u2500 \u00a0La LXIII Legislatura del Congreso del Estado de Sonora qued\u00f3 leg\u00edtimamente instalada pasadas las 00:00 horas de hoy, para dar En Sonora en Equipo publicamos toda la informaci\u00f3n de Sonora, M\u00e9xico y el Mundo de manera oportuna y busca que la libertad de expresi\u00f3n sea real. Visita nuestro medio informativo publicado desde Hermosillo, Sonora. %","robots":{"index":"index","follow":"follow","max-snippet":"max-snippet:-1","max-image-preview":"max-image-preview:large","max-video-preview":"max-video-preview:-1"},"canonical":"https:\/\/www.sonoraenequipo.com.mx\/se-instala-la-63ava-legislatura-de-sonora\/","og_locale":"es_ES","og_type":"article","og_title":"Sonora en Equipo. Se instala la 63ava. Legislatura de Sonora Congreso","og_description":"HERMOSILLO, SONORA,MX.\u2500\u2500 \u00a0La LXIII Legislatura del Congreso del Estado de Sonora qued\u00f3 leg\u00edtimamente instalada pasadas las 00:00 horas de hoy, para dar En Sonora en Equipo publicamos toda la informaci\u00f3n de Sonora, M\u00e9xico y el Mundo de manera oportuna y busca que la libertad de expresi\u00f3n sea real. Visita nuestro medio informativo publicado desde Hermosillo, Sonora. %","og_url":"https:\/\/www.sonoraenequipo.com.mx\/se-instala-la-63ava-legislatura-de-sonora\/","og_site_name":"Sonora en Equipo.","article_publisher":"https:\/\/www.facebook.com\/SonoraEE\/","article_author":"https:\/\/www.facebook.com\/SonoraEE","article_published_time":"2021-09-01T19:08:47+00:00","article_modified_time":"2021-09-02T00:56:00+00:00","og_image":[{"width":700,"height":400,"url":"https:\/\/www.sonoraenequipo.com.mx\/storage\/2021\/09\/legislatura63.jpg","type":"image\/jpeg"}],"author":"enequipo","twitter_card":"summary_large_image","twitter_creator":"@sonoraenequipo","twitter_site":"@sonoraenequipo","twitter_misc":{"Escrito por":"enequipo","Tiempo de lectura":"4 minutos"},"schema":{"@context":"https:\/\/schema.org","@graph":[{"@type":"Article","@id":"https:\/\/www.sonoraenequipo.com.mx\/se-instala-la-63ava-legislatura-de-sonora\/#article","isPartOf":{"@id":"https:\/\/www.sonoraenequipo.com.mx\/se-instala-la-63ava-legislatura-de-sonora\/"},"author":{"name":"enequipo","@id":"https:\/\/www.sonoraenequipo.com.mx\/#\/schema\/person\/50102df0fb23a8fa9e8effad8fa81386"},"headline":"Se instala la 63ava. Legislatura de Sonora","datePublished":"2021-09-01T19:08:47+00:00","dateModified":"2021-09-02T00:56:00+00:00","mainEntityOfPage":{"@id":"https:\/\/www.sonoraenequipo.com.mx\/se-instala-la-63ava-legislatura-de-sonora\/"},"wordCount":857,"commentCount":0,"publisher":{"@id":"https:\/\/www.sonoraenequipo.com.mx\/#organization"},"image":{"@id":"https:\/\/www.sonoraenequipo.com.mx\/se-instala-la-63ava-legislatura-de-sonora\/#primaryimage"},"thumbnailUrl":"https:\/\/www.sonoraenequipo.com.mx\/storage\/2021\/09\/legislatura63.jpg","keywords":["legislatura 63"],"articleSection":["Congreso"],"inLanguage":"es","potentialAction":[{"@type":"CommentAction","name":"Comment","target":["https:\/\/www.sonoraenequipo.com.mx\/se-instala-la-63ava-legislatura-de-sonora\/#respond"]}]},{"@type":"WebPage","@id":"https:\/\/www.sonoraenequipo.com.mx\/se-instala-la-63ava-legislatura-de-sonora\/","url":"https:\/\/www.sonoraenequipo.com.mx\/se-instala-la-63ava-legislatura-de-sonora\/","name":"Sonora en Equipo. Se instala la 63ava. Legislatura de Sonora Congreso","isPartOf":{"@id":"https:\/\/www.sonoraenequipo.com.mx\/#website"},"primaryImageOfPage":{"@id":"https:\/\/www.sonoraenequipo.com.mx\/se-instala-la-63ava-legislatura-de-sonora\/#primaryimage"},"image":{"@id":"https:\/\/www.sonoraenequipo.com.mx\/se-instala-la-63ava-legislatura-de-sonora\/#primaryimage"},"thumbnailUrl":"https:\/\/www.sonoraenequipo.com.mx\/storage\/2021\/09\/legislatura63.jpg","datePublished":"2021-09-01T19:08:47+00:00","dateModified":"2021-09-02T00:56:00+00:00","description":"HERMOSILLO, SONORA,MX.\u2500\u2500 \u00a0La LXIII Legislatura del Congreso del Estado de Sonora qued\u00f3 leg\u00edtimamente instalada pasadas las 00:00 horas de hoy, para dar En Sonora en Equipo publicamos toda la informaci\u00f3n de Sonora, M\u00e9xico y el Mundo de manera oportuna y busca que la libertad de expresi\u00f3n sea real. Visita nuestro medio informativo publicado desde Hermosillo, Sonora. %","breadcrumb":{"@id":"https:\/\/www.sonoraenequipo.com.mx\/se-instala-la-63ava-legislatura-de-sonora\/#breadcrumb"},"inLanguage":"es","potentialAction":[{"@type":"ReadAction","target":["https:\/\/www.sonoraenequipo.com.mx\/se-instala-la-63ava-legislatura-de-sonora\/"]}]},{"@type":"ImageObject","inLanguage":"es","@id":"https:\/\/www.sonoraenequipo.com.mx\/se-instala-la-63ava-legislatura-de-sonora\/#primaryimage","url":"https:\/\/www.sonoraenequipo.com.mx\/storage\/2021\/09\/legislatura63.jpg","contentUrl":"https:\/\/www.sonoraenequipo.com.mx\/storage\/2021\/09\/legislatura63.jpg","width":700,"height":400},{"@type":"BreadcrumbList","@id":"https:\/\/www.sonoraenequipo.com.mx\/se-instala-la-63ava-legislatura-de-sonora\/#breadcrumb","itemListElement":[{"@type":"ListItem","position":1,"name":"Portada","item":"https:\/\/www.sonoraenequipo.com.mx\/"},{"@type":"ListItem","position":2,"name":"Se instala la 63ava. Legislatura de Sonora"}]},{"@type":"WebSite","@id":"https:\/\/www.sonoraenequipo.com.mx\/#website","url":"https:\/\/www.sonoraenequipo.com.mx\/","name":"Sonora en Equipo.","description":"Diario en l\u00ednea con Noticias desde Hermosillo, Sonora","publisher":{"@id":"https:\/\/www.sonoraenequipo.com.mx\/#organization"},"potentialAction":[{"@type":"SearchAction","target":{"@type":"EntryPoint","urlTemplate":"https:\/\/www.sonoraenequipo.com.mx\/?s={search_term_string}"},"query-input":{"@type":"PropertyValueSpecification","valueRequired":true,"valueName":"search_term_string"}}],"inLanguage":"es"},{"@type":"Organization","@id":"https:\/\/www.sonoraenequipo.com.mx\/#organization","name":"Sonoraenequipo.com.mx","url":"https:\/\/www.sonoraenequipo.com.mx\/","logo":{"@type":"ImageObject","inLanguage":"es","@id":"https:\/\/www.sonoraenequipo.com.mx\/#\/schema\/logo\/image\/","url":"https:\/\/www.sonoraenequipo.com.mx\/storage\/2019\/01\/sonoraenequipo_opt.png","contentUrl":"https:\/\/www.sonoraenequipo.com.mx\/storage\/2019\/01\/sonoraenequipo_opt.png","width":375,"height":125,"caption":"Sonoraenequipo.com.mx"},"image":{"@id":"https:\/\/www.sonoraenequipo.com.mx\/#\/schema\/logo\/image\/"},"sameAs":["https:\/\/www.facebook.com\/SonoraEE\/","https:\/\/x.com\/sonoraenequipo","https:\/\/www.youtube.com\/channel\/UC338nW-lPEYmJQs4ZABQ1SQ"]},{"@type":"Person","@id":"https:\/\/www.sonoraenequipo.com.mx\/#\/schema\/person\/50102df0fb23a8fa9e8effad8fa81386","name":"enequipo","image":{"@type":"ImageObject","inLanguage":"es","@id":"https:\/\/www.sonoraenequipo.com.mx\/#\/schema\/person\/image\/","url":"https:\/\/secure.gravatar.com\/avatar\/049821681b589dabc0bc20695993ccebb09f5b5d4d790cd9251b97faac7c652b?s=96&d=blank&r=g","contentUrl":"https:\/\/secure.gravatar.com\/avatar\/049821681b589dabc0bc20695993ccebb09f5b5d4d790cd9251b97faac7c652b?s=96&d=blank&r=g","caption":"enequipo"},"sameAs":["https:\/\/www.facebook.com\/SonoraEE"]}]}},"jetpack_featured_media_url":"https:\/\/www.sonoraenequipo.com.mx\/storage\/2021\/09\/legislatura63.jpg","_links":{"self":[{"href":"https:\/\/www.sonoraenequipo.com.mx\/api\/wp\/v2\/posts\/121842","targetHints":{"allow":["GET"]}}],"collection":[{"href":"https:\/\/www.sonoraenequipo.com.mx\/api\/wp\/v2\/posts"}],"about":[{"href":"https:\/\/www.sonoraenequipo.com.mx\/api\/wp\/v2\/types\/post"}],"author":[{"embeddable":true,"href":"https:\/\/www.sonoraenequipo.com.mx\/api\/wp\/v2\/users\/1"}],"replies":[{"embeddable":true,"href":"https:\/\/www.sonoraenequipo.com.mx\/api\/wp\/v2\/comments?post=121842"}],"version-history":[{"count":1,"href":"https:\/\/www.sonoraenequipo.com.mx\/api\/wp\/v2\/posts\/121842\/revisions"}],"predecessor-version":[{"id":121850,"href":"https:\/\/www.sonoraenequipo.com.mx\/api\/wp\/v2\/posts\/121842\/revisions\/121850"}],"wp:featuredmedia":[{"embeddable":true,"href":"https:\/\/www.sonoraenequipo.com.mx\/api\/wp\/v2\/media\/121843"}],"wp:attachment":[{"href":"https:\/\/www.sonoraenequipo.com.mx\/api\/wp\/v2\/media?parent=121842"}],"wp:term":[{"taxonomy":"category","embeddable":true,"href":"https:\/\/www.sonoraenequipo.com.mx\/api\/wp\/v2\/categories?post=121842"},{"taxonomy":"post_tag","embeddable":true,"href":"https:\/\/www.sonoraenequipo.com.mx\/api\/wp\/v2\/tags?post=121842"}],"curies":[{"name":"wp","href":"https:\/\/api.w.org\/{rel}","templated":true}]}}