{"id":121851,"date":"2021-09-01T13:58:29","date_gmt":"2021-09-01T20:58:29","guid":{"rendered":"https:\/\/www.sonoraenequipo.com.mx\/?p=121851"},"modified":"2021-09-01T12:45:58","modified_gmt":"2021-09-01T19:45:58","slug":"maestros-vuelven-a-bloquear-carreteras-de-michoacan-por-falta-de-pago","status":"publish","type":"post","link":"https:\/\/www.sonoraenequipo.com.mx\/maestros-vuelven-a-bloquear-carreteras-de-michoacan-por-falta-de-pago\/","title":{"rendered":"Maestros vuelven a bloquear carreteras de Michoac\u00e1n por falta de pago"},"content":{"rendered":"<p>MORELIA, MICHOAC\u00c1N. MX. \u2014 Integrantes de la Secci\u00f3n XVIII de la Coordinadora Nacional de Trabajadores de la Educaci\u00f3n (CNTE), realizan bloqueos carreteros en las diversas regiones de Michoac\u00e1n para exigir el pago de las dos quincenas de agosto que les adeuda el gobierno del estado.<\/p>\n<p>&nbsp;<\/p>\n<p> <\/p>\n<p>Los docentes, adheridos a la expresi\u00f3n magisterial \u201cPoder de Base\u201d, y quienes desde hace un mes mantienen bloqueadas las v\u00edas del tren a la altura de la localidad de Caltzontzin, en el municipio de Uruapan, alistan una serie de protestas para generar presi\u00f3n en la autoridad estatal y lograr el pago de salarios, bonos y prestaciones que se adeudan a 28 mil trabajadores de la n\u00f3mina magisterial estatal.<\/p>\n<p>&nbsp;<\/p>\n<p>Este mi\u00e9rcoles, los docentes realizan al menos cuatro bloqueos en las carreteras Morelia \u2013 Guadalajara; Pur\u00e9pero \u2013 Paracho; en el entronque de la localidad de Cuatro Caminos (M\u00fagica) y en el entronque de Tzurumutaro (P\u00e1tzcuaro).<\/p>\n<p>&nbsp;<\/p>\n<p>Para el d\u00eda de ma\u00f1ana, 02 de septiembre, los manifestantes prev\u00e9n liberar casetas de cobro de la Autopista de Occidente, que comunica a Michoac\u00e1n con la Ciudad de M\u00e9xico y Jalisco. Los profesores har\u00e1n presencia en las casetas de Lengua de Vaca, Contepec, Zinap\u00e9cuaro, Panind\u00edcuaro, Ecuandureo y Vista Hermosa, en un horario de 9:00 a 14:00 horas.<\/p>\n<p>&nbsp;<\/p>\n<p>Mientras que el d\u00eda viernes 03 de septiembre, \u201cPoder de Base\u201d se manifestar\u00e1 con la toma de presidencias municipales en todo el estado.<\/p>\n<p>&nbsp;<\/p>\n<p>Aunado a las protestas en la v\u00eda p\u00fablica, los maestros de la CNTE Michoac\u00e1n se mantienen fuera de las labores escolares virtuales ante la falta de pagos, y advirtieron que no iniciar\u00e1n el ciclo escolar en tanto el gobierno a cargo de Silvano Aureoles Conejo no liquide los adeudos con el gremio.<\/p>\n<h3>\nDurante bloqueos maestros queman veh\u00edculos<\/h3>\n<p>&nbsp;<\/p>\n<p>Maestros de la fracci\u00f3n \u201cPoder de Base\u201d, adherida a la Secci\u00f3n XVIII de la Coordinadora Nacional de Trabajadores de la Educaci\u00f3n (CNTE), se apoderaron de veh\u00edculos empresariales a los que prendieron fuego en diversos tramos carreteros donde este mismo mi\u00e9rcoles, mantienen cerrada la circulaci\u00f3n.<\/p>\n<p>&nbsp;<\/p>\n<p>Los docentes, que desde el pasado 31 de julio mantienen bloqueadas las v\u00edas del tren a la altura de la localidad de Caltzontzin, en el municipio de Uruapan, realizan al menos cinco bloqueos en las carreteras Morelia \u2013 Guadalajara; Pur\u00e9pero \u2013 Paracho; P\u00e1tzcuaro \u2013 Uruapan; en el entronque de la localidad de Cuatro Caminos (M\u00fagica) y en el entronque de Tzurumutaro (P\u00e1tzcuaro).<\/p>\n<p>&nbsp;<\/p>\n<p>En el bloqueo ubicado sobre la carretera P\u00e1tzcuaro \u2013 Uruapan, a la altura de la localidad de San Juan Tumbio (municipio de P\u00e1tzcuaro), cerca de 40 manifestantes, entre trabajadores de la educaci\u00f3n y normalistas, prendieron fuego a por lo menos dos veh\u00edculos repartidores.<\/p>\n<p>&nbsp;<\/p>\n<p>Mientras que en el bloqueo de la glorieta de Cuatro Caminos (M\u00fagica), los docentes amagan con realizar la quema de otra unidad que mantienen atravesada para impedir el paso vehicular.<\/p>\n<p>&nbsp;<\/p>\n<p>Los profesores de \u201cPoder de Base\u201d exigen el pago de las dos quincenas de agosto que adeuda el gobierno de Michoac\u00e1n, a cargo de Silvano Aureoles Conejo, a 28 mil trabajadores de la n\u00f3mina magisterial estatal.<\/p>\n<p>&nbsp;<\/p>\n<h3>\u201dPoder de Base\u201d anuncia jornada de manifestaciones en exigencia de salarios<\/h3>\n<p>Con la misma consigna, los profesores alistan una serie de manifestaciones a realizarse en los d\u00edas que restan de la semana. El d\u00eda de ma\u00f1ana, 02 de septiembre, los manifestantes prev\u00e9n liberar casetas de cobro de la Autopista de Occidente, que comunica a Michoac\u00e1n con la Ciudad de M\u00e9xico y Jalisco.<\/p>\n<p>&nbsp;<\/p>\n<p>Los agremiados a la CNTE, har\u00e1n presencia en las casetas de Lengua de Vaca, Contepec, Zinap\u00e9cuaro, Panind\u00edcuaro, Ecuandureo y Vista Hermosa, en un horario de 9:00 a 14:00 horas.<\/p>\n<p>&nbsp;<\/p>\n<p>Mientras que el d\u00eda viernes 03 de septiembre, \u201cPoder de Base\u201d se manifestar\u00e1 con la toma de presidencias municipales en todo el estado.<\/p>\n<p>&nbsp;<\/p>\n<p>&nbsp;<\/p>\n<p>Aunado a las protestas radicales en la v\u00eda p\u00fablica, los maestros de la CNTE Michoac\u00e1n se mantienen fuera de las labores escolares virtuales ante la falta de pagos, y advirtieron que no iniciar\u00e1n el ciclo escolar en tanto, el gobierno de Michoac\u00e1n no liquide los adeudos con el gremio.<\/p>\n<p><a class=\"twitter-timeline\" data-width=\"640\" data-height=\"960\" data-dnt=\"true\" href=\"https:\/\/twitter.com\/ObsSegAptz?ref_src=twsrc%5Etfw\">Tweets by ObsSegAptz<\/a><script async src=\"https:\/\/platform.twitter.com\/widgets.js\" charset=\"utf-8\"><\/script><\/p>\n<p>&nbsp;<\/p>\n<p>&nbsp;<\/p>\n<p>(Publicada el 01\/09\/2021)<\/p>\n","protected":false},"excerpt":{"rendered":"<p>MORELIA, MICHOAC\u00c1N. MX. \u2014 Integrantes de la Secci\u00f3n XVIII de la Coordinadora Nacional de Trabajadores&#8230;<\/p>\n","protected":false},"author":1,"featured_media":121854,"comment_status":"open","ping_status":"open","sticky":false,"template":"","format":"standard","meta":{"_monsterinsights_skip_tracking":false,"_monsterinsights_sitenote_active":false,"_monsterinsights_sitenote_note":"","_monsterinsights_sitenote_category":0,"footnotes":""},"categories":[5],"tags":[],"class_list":["post"],"yoast_head":" \n<title>Sonora en Equipo. Maestros vuelven a bloquear carreteras de Michoac\u00e1n por falta de pago Rep\u00fablica<\/title>\n<meta name=\"description\" content=\"MORELIA, MICHOAC\u00c1N. MX. \u2014 Integrantes de la Secci\u00f3n XVIII de la Coordinadora Nacional de Trabajadores de la Educaci\u00f3n (CNTE), realizan bloqueos carreteros En Sonora en Equipo publicamos toda la informaci\u00f3n de Sonora, M\u00e9xico y el Mundo de manera oportuna y busca que la libertad de expresi\u00f3n sea real. Visita nuestro medio informativo publicado desde Hermosillo, Sonora. %\" \/>\n<meta name=\"robots\" content=\"index, follow, max-snippet:-1, max-image-preview:large, max-video-preview:-1\" \/>\n<link rel=\"canonical\" href=\"https:\/\/www.sonoraenequipo.com.mx\/maestros-vuelven-a-bloquear-carreteras-de-michoacan-por-falta-de-pago\/\" \/>\n<meta property=\"og:locale\" content=\"es_ES\" \/>\n<meta property=\"og:type\" content=\"article\" \/>\n<meta property=\"og:title\" content=\"Sonora en Equipo. Maestros vuelven a bloquear carreteras de Michoac\u00e1n por falta de pago Rep\u00fablica\" \/>\n<meta property=\"og:description\" content=\"MORELIA, MICHOAC\u00c1N. MX. \u2014 Integrantes de la Secci\u00f3n XVIII de la Coordinadora Nacional de Trabajadores de la Educaci\u00f3n (CNTE), realizan bloqueos carreteros En Sonora en Equipo publicamos toda la informaci\u00f3n de Sonora, M\u00e9xico y el Mundo de manera oportuna y busca que la libertad de expresi\u00f3n sea real. Visita nuestro medio informativo publicado desde Hermosillo, Sonora. %\" \/>\n<meta property=\"og:url\" content=\"https:\/\/www.sonoraenequipo.com.mx\/maestros-vuelven-a-bloquear-carreteras-de-michoacan-por-falta-de-pago\/\" \/>\n<meta property=\"og:site_name\" content=\"Sonora en Equipo.\" \/>\n<meta property=\"article:publisher\" content=\"https:\/\/www.facebook.com\/SonoraEE\/\" \/>\n<meta property=\"article:author\" content=\"https:\/\/www.facebook.com\/SonoraEE\" \/>\n<meta property=\"article:published_time\" content=\"2021-09-01T20:58:29+00:00\" \/>\n<meta property=\"og:image\" content=\"https:\/\/www.sonoraenequipo.com.mx\/storage\/2021\/09\/se-manifiestan-una-vez-los-maestros_opt.jpg\" \/>\n\t<meta property=\"og:image:width\" content=\"700\" \/>\n\t<meta property=\"og:image:height\" content=\"400\" \/>\n\t<meta property=\"og:image:type\" content=\"image\/jpeg\" \/>\n<meta name=\"author\" content=\"enequipo\" \/>\n<meta name=\"twitter:card\" content=\"summary_large_image\" \/>\n<meta name=\"twitter:creator\" content=\"@sonoraenequipo\" \/>\n<meta name=\"twitter:site\" content=\"@sonoraenequipo\" \/>\n<meta name=\"twitter:label1\" content=\"Escrito por\" \/>\n\t<meta name=\"twitter:data1\" content=\"enequipo\" \/>\n\t<meta name=\"twitter:label2\" content=\"Tiempo de lectura\" \/>\n\t<meta name=\"twitter:data2\" content=\"3 minutos\" \/>\n<script type=\"application\/ld+json\" class=\"yoast-schema-graph\">{\"@context\":\"https:\/\/schema.org\",\"@graph\":[{\"@type\":\"Article\",\"@id\":\"https:\/\/www.sonoraenequipo.com.mx\/maestros-vuelven-a-bloquear-carreteras-de-michoacan-por-falta-de-pago\/#article\",\"isPartOf\":{\"@id\":\"https:\/\/www.sonoraenequipo.com.mx\/maestros-vuelven-a-bloquear-carreteras-de-michoacan-por-falta-de-pago\/\"},\"author\":{\"name\":\"enequipo\",\"@id\":\"https:\/\/www.sonoraenequipo.com.mx\/#\/schema\/person\/50102df0fb23a8fa9e8effad8fa81386\"},\"headline\":\"Maestros vuelven a bloquear carreteras de Michoac\u00e1n por falta de pago\",\"datePublished\":\"2021-09-01T20:58:29+00:00\",\"mainEntityOfPage\":{\"@id\":\"https:\/\/www.sonoraenequipo.com.mx\/maestros-vuelven-a-bloquear-carreteras-de-michoacan-por-falta-de-pago\/\"},\"wordCount\":738,\"commentCount\":0,\"publisher\":{\"@id\":\"https:\/\/www.sonoraenequipo.com.mx\/#organization\"},\"image\":{\"@id\":\"https:\/\/www.sonoraenequipo.com.mx\/maestros-vuelven-a-bloquear-carreteras-de-michoacan-por-falta-de-pago\/#primaryimage\"},\"thumbnailUrl\":\"https:\/\/www.sonoraenequipo.com.mx\/storage\/2021\/09\/se-manifiestan-una-vez-los-maestros_opt.jpg\",\"articleSection\":[\"Rep\u00fablica\"],\"inLanguage\":\"es\",\"potentialAction\":[{\"@type\":\"CommentAction\",\"name\":\"Comment\",\"target\":[\"https:\/\/www.sonoraenequipo.com.mx\/maestros-vuelven-a-bloquear-carreteras-de-michoacan-por-falta-de-pago\/#respond\"]}]},{\"@type\":\"WebPage\",\"@id\":\"https:\/\/www.sonoraenequipo.com.mx\/maestros-vuelven-a-bloquear-carreteras-de-michoacan-por-falta-de-pago\/\",\"url\":\"https:\/\/www.sonoraenequipo.com.mx\/maestros-vuelven-a-bloquear-carreteras-de-michoacan-por-falta-de-pago\/\",\"name\":\"Sonora en Equipo. Maestros vuelven a bloquear carreteras de Michoac\u00e1n por falta de pago Rep\u00fablica\",\"isPartOf\":{\"@id\":\"https:\/\/www.sonoraenequipo.com.mx\/#website\"},\"primaryImageOfPage\":{\"@id\":\"https:\/\/www.sonoraenequipo.com.mx\/maestros-vuelven-a-bloquear-carreteras-de-michoacan-por-falta-de-pago\/#primaryimage\"},\"image\":{\"@id\":\"https:\/\/www.sonoraenequipo.com.mx\/maestros-vuelven-a-bloquear-carreteras-de-michoacan-por-falta-de-pago\/#primaryimage\"},\"thumbnailUrl\":\"https:\/\/www.sonoraenequipo.com.mx\/storage\/2021\/09\/se-manifiestan-una-vez-los-maestros_opt.jpg\",\"datePublished\":\"2021-09-01T20:58:29+00:00\",\"description\":\"MORELIA, MICHOAC\u00c1N. MX. \u2014 Integrantes de la Secci\u00f3n XVIII de la Coordinadora Nacional de Trabajadores de la Educaci\u00f3n (CNTE), realizan bloqueos carreteros En Sonora en Equipo publicamos toda la informaci\u00f3n de Sonora, M\u00e9xico y el Mundo de manera oportuna y busca que la libertad de expresi\u00f3n sea real. Visita nuestro medio informativo publicado desde Hermosillo, Sonora. %\",\"breadcrumb\":{\"@id\":\"https:\/\/www.sonoraenequipo.com.mx\/maestros-vuelven-a-bloquear-carreteras-de-michoacan-por-falta-de-pago\/#breadcrumb\"},\"inLanguage\":\"es\",\"potentialAction\":[{\"@type\":\"ReadAction\",\"target\":[\"https:\/\/www.sonoraenequipo.com.mx\/maestros-vuelven-a-bloquear-carreteras-de-michoacan-por-falta-de-pago\/\"]}]},{\"@type\":\"ImageObject\",\"inLanguage\":\"es\",\"@id\":\"https:\/\/www.sonoraenequipo.com.mx\/maestros-vuelven-a-bloquear-carreteras-de-michoacan-por-falta-de-pago\/#primaryimage\",\"url\":\"https:\/\/www.sonoraenequipo.com.mx\/storage\/2021\/09\/se-manifiestan-una-vez-los-maestros_opt.jpg\",\"contentUrl\":\"https:\/\/www.sonoraenequipo.com.mx\/storage\/2021\/09\/se-manifiestan-una-vez-los-maestros_opt.jpg\",\"width\":700,\"height\":400},{\"@type\":\"BreadcrumbList\",\"@id\":\"https:\/\/www.sonoraenequipo.com.mx\/maestros-vuelven-a-bloquear-carreteras-de-michoacan-por-falta-de-pago\/#breadcrumb\",\"itemListElement\":[{\"@type\":\"ListItem\",\"position\":1,\"name\":\"Portada\",\"item\":\"https:\/\/www.sonoraenequipo.com.mx\/\"},{\"@type\":\"ListItem\",\"position\":2,\"name\":\"Maestros vuelven a bloquear carreteras de Michoac\u00e1n por falta de pago\"}]},{\"@type\":\"WebSite\",\"@id\":\"https:\/\/www.sonoraenequipo.com.mx\/#website\",\"url\":\"https:\/\/www.sonoraenequipo.com.mx\/\",\"name\":\"Sonora en Equipo.\",\"description\":\"Diario en l\u00ednea con Noticias desde Hermosillo, Sonora\",\"publisher\":{\"@id\":\"https:\/\/www.sonoraenequipo.com.mx\/#organization\"},\"potentialAction\":[{\"@type\":\"SearchAction\",\"target\":{\"@type\":\"EntryPoint\",\"urlTemplate\":\"https:\/\/www.sonoraenequipo.com.mx\/?s={search_term_string}\"},\"query-input\":{\"@type\":\"PropertyValueSpecification\",\"valueRequired\":true,\"valueName\":\"search_term_string\"}}],\"inLanguage\":\"es\"},{\"@type\":\"Organization\",\"@id\":\"https:\/\/www.sonoraenequipo.com.mx\/#organization\",\"name\":\"Sonoraenequipo.com.mx\",\"url\":\"https:\/\/www.sonoraenequipo.com.mx\/\",\"logo\":{\"@type\":\"ImageObject\",\"inLanguage\":\"es\",\"@id\":\"https:\/\/www.sonoraenequipo.com.mx\/#\/schema\/logo\/image\/\",\"url\":\"https:\/\/www.sonoraenequipo.com.mx\/storage\/2019\/01\/sonoraenequipo_opt.png\",\"contentUrl\":\"https:\/\/www.sonoraenequipo.com.mx\/storage\/2019\/01\/sonoraenequipo_opt.png\",\"width\":375,\"height\":125,\"caption\":\"Sonoraenequipo.com.mx\"},\"image\":{\"@id\":\"https:\/\/www.sonoraenequipo.com.mx\/#\/schema\/logo\/image\/\"},\"sameAs\":[\"https:\/\/www.facebook.com\/SonoraEE\/\",\"https:\/\/x.com\/sonoraenequipo\",\"https:\/\/www.youtube.com\/channel\/UC338nW-lPEYmJQs4ZABQ1SQ\"]},{\"@type\":\"Person\",\"@id\":\"https:\/\/www.sonoraenequipo.com.mx\/#\/schema\/person\/50102df0fb23a8fa9e8effad8fa81386\",\"name\":\"enequipo\",\"image\":{\"@type\":\"ImageObject\",\"inLanguage\":\"es\",\"@id\":\"https:\/\/www.sonoraenequipo.com.mx\/#\/schema\/person\/image\/\",\"url\":\"https:\/\/secure.gravatar.com\/avatar\/049821681b589dabc0bc20695993ccebb09f5b5d4d790cd9251b97faac7c652b?s=96&d=blank&r=g\",\"contentUrl\":\"https:\/\/secure.gravatar.com\/avatar\/049821681b589dabc0bc20695993ccebb09f5b5d4d790cd9251b97faac7c652b?s=96&d=blank&r=g\",\"caption\":\"enequipo\"},\"sameAs\":[\"https:\/\/www.facebook.com\/SonoraEE\"]}]}<\/script>\n ","yoast_head_json":{"title":"Sonora en Equipo. Maestros vuelven a bloquear carreteras de Michoac\u00e1n por falta de pago Rep\u00fablica","description":"MORELIA, MICHOAC\u00c1N. MX. \u2014 Integrantes de la Secci\u00f3n XVIII de la Coordinadora Nacional de Trabajadores de la Educaci\u00f3n (CNTE), realizan bloqueos carreteros En Sonora en Equipo publicamos toda la informaci\u00f3n de Sonora, M\u00e9xico y el Mundo de manera oportuna y busca que la libertad de expresi\u00f3n sea real. Visita nuestro medio informativo publicado desde Hermosillo, Sonora. %","robots":{"index":"index","follow":"follow","max-snippet":"max-snippet:-1","max-image-preview":"max-image-preview:large","max-video-preview":"max-video-preview:-1"},"canonical":"https:\/\/www.sonoraenequipo.com.mx\/maestros-vuelven-a-bloquear-carreteras-de-michoacan-por-falta-de-pago\/","og_locale":"es_ES","og_type":"article","og_title":"Sonora en Equipo. Maestros vuelven a bloquear carreteras de Michoac\u00e1n por falta de pago Rep\u00fablica","og_description":"MORELIA, MICHOAC\u00c1N. MX. \u2014 Integrantes de la Secci\u00f3n XVIII de la Coordinadora Nacional de Trabajadores de la Educaci\u00f3n (CNTE), realizan bloqueos carreteros En Sonora en Equipo publicamos toda la informaci\u00f3n de Sonora, M\u00e9xico y el Mundo de manera oportuna y busca que la libertad de expresi\u00f3n sea real. Visita nuestro medio informativo publicado desde Hermosillo, Sonora. %","og_url":"https:\/\/www.sonoraenequipo.com.mx\/maestros-vuelven-a-bloquear-carreteras-de-michoacan-por-falta-de-pago\/","og_site_name":"Sonora en Equipo.","article_publisher":"https:\/\/www.facebook.com\/SonoraEE\/","article_author":"https:\/\/www.facebook.com\/SonoraEE","article_published_time":"2021-09-01T20:58:29+00:00","og_image":[{"width":700,"height":400,"url":"https:\/\/www.sonoraenequipo.com.mx\/storage\/2021\/09\/se-manifiestan-una-vez-los-maestros_opt.jpg","type":"image\/jpeg"}],"author":"enequipo","twitter_card":"summary_large_image","twitter_creator":"@sonoraenequipo","twitter_site":"@sonoraenequipo","twitter_misc":{"Escrito por":"enequipo","Tiempo de lectura":"3 minutos"},"schema":{"@context":"https:\/\/schema.org","@graph":[{"@type":"Article","@id":"https:\/\/www.sonoraenequipo.com.mx\/maestros-vuelven-a-bloquear-carreteras-de-michoacan-por-falta-de-pago\/#article","isPartOf":{"@id":"https:\/\/www.sonoraenequipo.com.mx\/maestros-vuelven-a-bloquear-carreteras-de-michoacan-por-falta-de-pago\/"},"author":{"name":"enequipo","@id":"https:\/\/www.sonoraenequipo.com.mx\/#\/schema\/person\/50102df0fb23a8fa9e8effad8fa81386"},"headline":"Maestros vuelven a bloquear carreteras de Michoac\u00e1n por falta de pago","datePublished":"2021-09-01T20:58:29+00:00","mainEntityOfPage":{"@id":"https:\/\/www.sonoraenequipo.com.mx\/maestros-vuelven-a-bloquear-carreteras-de-michoacan-por-falta-de-pago\/"},"wordCount":738,"commentCount":0,"publisher":{"@id":"https:\/\/www.sonoraenequipo.com.mx\/#organization"},"image":{"@id":"https:\/\/www.sonoraenequipo.com.mx\/maestros-vuelven-a-bloquear-carreteras-de-michoacan-por-falta-de-pago\/#primaryimage"},"thumbnailUrl":"https:\/\/www.sonoraenequipo.com.mx\/storage\/2021\/09\/se-manifiestan-una-vez-los-maestros_opt.jpg","articleSection":["Rep\u00fablica"],"inLanguage":"es","potentialAction":[{"@type":"CommentAction","name":"Comment","target":["https:\/\/www.sonoraenequipo.com.mx\/maestros-vuelven-a-bloquear-carreteras-de-michoacan-por-falta-de-pago\/#respond"]}]},{"@type":"WebPage","@id":"https:\/\/www.sonoraenequipo.com.mx\/maestros-vuelven-a-bloquear-carreteras-de-michoacan-por-falta-de-pago\/","url":"https:\/\/www.sonoraenequipo.com.mx\/maestros-vuelven-a-bloquear-carreteras-de-michoacan-por-falta-de-pago\/","name":"Sonora en Equipo. Maestros vuelven a bloquear carreteras de Michoac\u00e1n por falta de pago Rep\u00fablica","isPartOf":{"@id":"https:\/\/www.sonoraenequipo.com.mx\/#website"},"primaryImageOfPage":{"@id":"https:\/\/www.sonoraenequipo.com.mx\/maestros-vuelven-a-bloquear-carreteras-de-michoacan-por-falta-de-pago\/#primaryimage"},"image":{"@id":"https:\/\/www.sonoraenequipo.com.mx\/maestros-vuelven-a-bloquear-carreteras-de-michoacan-por-falta-de-pago\/#primaryimage"},"thumbnailUrl":"https:\/\/www.sonoraenequipo.com.mx\/storage\/2021\/09\/se-manifiestan-una-vez-los-maestros_opt.jpg","datePublished":"2021-09-01T20:58:29+00:00","description":"MORELIA, MICHOAC\u00c1N. MX. \u2014 Integrantes de la Secci\u00f3n XVIII de la Coordinadora Nacional de Trabajadores de la Educaci\u00f3n (CNTE), realizan bloqueos carreteros En Sonora en Equipo publicamos toda la informaci\u00f3n de Sonora, M\u00e9xico y el Mundo de manera oportuna y busca que la libertad de expresi\u00f3n sea real. Visita nuestro medio informativo publicado desde Hermosillo, Sonora. %","breadcrumb":{"@id":"https:\/\/www.sonoraenequipo.com.mx\/maestros-vuelven-a-bloquear-carreteras-de-michoacan-por-falta-de-pago\/#breadcrumb"},"inLanguage":"es","potentialAction":[{"@type":"ReadAction","target":["https:\/\/www.sonoraenequipo.com.mx\/maestros-vuelven-a-bloquear-carreteras-de-michoacan-por-falta-de-pago\/"]}]},{"@type":"ImageObject","inLanguage":"es","@id":"https:\/\/www.sonoraenequipo.com.mx\/maestros-vuelven-a-bloquear-carreteras-de-michoacan-por-falta-de-pago\/#primaryimage","url":"https:\/\/www.sonoraenequipo.com.mx\/storage\/2021\/09\/se-manifiestan-una-vez-los-maestros_opt.jpg","contentUrl":"https:\/\/www.sonoraenequipo.com.mx\/storage\/2021\/09\/se-manifiestan-una-vez-los-maestros_opt.jpg","width":700,"height":400},{"@type":"BreadcrumbList","@id":"https:\/\/www.sonoraenequipo.com.mx\/maestros-vuelven-a-bloquear-carreteras-de-michoacan-por-falta-de-pago\/#breadcrumb","itemListElement":[{"@type":"ListItem","position":1,"name":"Portada","item":"https:\/\/www.sonoraenequipo.com.mx\/"},{"@type":"ListItem","position":2,"name":"Maestros vuelven a bloquear carreteras de Michoac\u00e1n por falta de pago"}]},{"@type":"WebSite","@id":"https:\/\/www.sonoraenequipo.com.mx\/#website","url":"https:\/\/www.sonoraenequipo.com.mx\/","name":"Sonora en Equipo.","description":"Diario en l\u00ednea con Noticias desde Hermosillo, Sonora","publisher":{"@id":"https:\/\/www.sonoraenequipo.com.mx\/#organization"},"potentialAction":[{"@type":"SearchAction","target":{"@type":"EntryPoint","urlTemplate":"https:\/\/www.sonoraenequipo.com.mx\/?s={search_term_string}"},"query-input":{"@type":"PropertyValueSpecification","valueRequired":true,"valueName":"search_term_string"}}],"inLanguage":"es"},{"@type":"Organization","@id":"https:\/\/www.sonoraenequipo.com.mx\/#organization","name":"Sonoraenequipo.com.mx","url":"https:\/\/www.sonoraenequipo.com.mx\/","logo":{"@type":"ImageObject","inLanguage":"es","@id":"https:\/\/www.sonoraenequipo.com.mx\/#\/schema\/logo\/image\/","url":"https:\/\/www.sonoraenequipo.com.mx\/storage\/2019\/01\/sonoraenequipo_opt.png","contentUrl":"https:\/\/www.sonoraenequipo.com.mx\/storage\/2019\/01\/sonoraenequipo_opt.png","width":375,"height":125,"caption":"Sonoraenequipo.com.mx"},"image":{"@id":"https:\/\/www.sonoraenequipo.com.mx\/#\/schema\/logo\/image\/"},"sameAs":["https:\/\/www.facebook.com\/SonoraEE\/","https:\/\/x.com\/sonoraenequipo","https:\/\/www.youtube.com\/channel\/UC338nW-lPEYmJQs4ZABQ1SQ"]},{"@type":"Person","@id":"https:\/\/www.sonoraenequipo.com.mx\/#\/schema\/person\/50102df0fb23a8fa9e8effad8fa81386","name":"enequipo","image":{"@type":"ImageObject","inLanguage":"es","@id":"https:\/\/www.sonoraenequipo.com.mx\/#\/schema\/person\/image\/","url":"https:\/\/secure.gravatar.com\/avatar\/049821681b589dabc0bc20695993ccebb09f5b5d4d790cd9251b97faac7c652b?s=96&d=blank&r=g","contentUrl":"https:\/\/secure.gravatar.com\/avatar\/049821681b589dabc0bc20695993ccebb09f5b5d4d790cd9251b97faac7c652b?s=96&d=blank&r=g","caption":"enequipo"},"sameAs":["https:\/\/www.facebook.com\/SonoraEE"]}]}},"jetpack_featured_media_url":"https:\/\/www.sonoraenequipo.com.mx\/storage\/2021\/09\/se-manifiestan-una-vez-los-maestros_opt.jpg","_links":{"self":[{"href":"https:\/\/www.sonoraenequipo.com.mx\/api\/wp\/v2\/posts\/121851","targetHints":{"allow":["GET"]}}],"collection":[{"href":"https:\/\/www.sonoraenequipo.com.mx\/api\/wp\/v2\/posts"}],"about":[{"href":"https:\/\/www.sonoraenequipo.com.mx\/api\/wp\/v2\/types\/post"}],"author":[{"embeddable":true,"href":"https:\/\/www.sonoraenequipo.com.mx\/api\/wp\/v2\/users\/1"}],"replies":[{"embeddable":true,"href":"https:\/\/www.sonoraenequipo.com.mx\/api\/wp\/v2\/comments?post=121851"}],"version-history":[{"count":1,"href":"https:\/\/www.sonoraenequipo.com.mx\/api\/wp\/v2\/posts\/121851\/revisions"}],"predecessor-version":[{"id":121855,"href":"https:\/\/www.sonoraenequipo.com.mx\/api\/wp\/v2\/posts\/121851\/revisions\/121855"}],"wp:featuredmedia":[{"embeddable":true,"href":"https:\/\/www.sonoraenequipo.com.mx\/api\/wp\/v2\/media\/121854"}],"wp:attachment":[{"href":"https:\/\/www.sonoraenequipo.com.mx\/api\/wp\/v2\/media?parent=121851"}],"wp:term":[{"taxonomy":"category","embeddable":true,"href":"https:\/\/www.sonoraenequipo.com.mx\/api\/wp\/v2\/categories?post=121851"},{"taxonomy":"post_tag","embeddable":true,"href":"https:\/\/www.sonoraenequipo.com.mx\/api\/wp\/v2\/tags?post=121851"}],"curies":[{"name":"wp","href":"https:\/\/api.w.org\/{rel}","templated":true}]}}