{"id":121856,"date":"2021-09-01T15:05:23","date_gmt":"2021-09-01T22:05:23","guid":{"rendered":"https:\/\/www.sonoraenequipo.com.mx\/?p=121856"},"modified":"2021-09-01T14:27:39","modified_gmt":"2021-09-01T21:27:39","slug":"jose-rosas-aispuro-presenta-su-quinto-informe-de-gobierno","status":"publish","type":"post","link":"https:\/\/www.sonoraenequipo.com.mx\/jose-rosas-aispuro-presenta-su-quinto-informe-de-gobierno\/","title":{"rendered":"Jos\u00e9 Rosas Aispuro presenta su quinto informe de gobierno"},"content":{"rendered":"<p>G\u00d3MEZ PALACIO, DURANGO. \u2014 El gobernador Jos\u00e9 Rosas Aispuro Torres se presento ante la sexag\u00e9sima novena legislatura y presento su 5to informe de gestiones emitiendo un discurso donde destaco lo siguiente, dejando en claro que la federaci\u00f3n no ha apoyado a todos los sectores, pero s\u00ed ha contribuido como es el tema de dotar de agua potable en la comarca lagunera, con una inversi\u00f3n de 10 mil millones de pesos.<\/p>\n<p>&nbsp;<\/p>\n<p> <\/p>\n<p>&nbsp;<\/p>\n<p><em>\u201cAl presentar este informe, les aseguro que hoy, Durango esta mejor: Porque somos uno de los estados de la rep\u00fablica, que mejor manejo ha tenido de la pandemia por el COVID-19. Porque en el contexto de la contingencia sanitaria, recuperamos los empleos perdidos y generamos muchos m\u00e1s. Porque realizamos obras y acciones en todos los municipios. Porque somos el estado con la mejor pr\u00e1ctica de gobierno, en el combate a la pobreza. Durango est\u00e1 mejor, porque es uno de los estados m\u00e1s seguros del pa\u00eds\u201d.<\/em><\/p>\n<p>&nbsp;<\/p>\n<p>En Durango, gracias a la coordinaci\u00f3n con el Gobierno Federal y los gobiernos municipales, el programa de vacunaci\u00f3n ha sido exitoso, hasta el mes de agosto, fueron vacunadas 890 mil personas, con m\u00e1s de un mill\u00f3n 330 mil dosis de vacunas, que para un 68 por ciento de la poblaci\u00f3n objetivo<em>. \u201cAgradezco a todas las instancias que han participado, para cumplir este prop\u00f3sito\u201d.<\/em><\/p>\n<p>&nbsp;<\/p>\n<p>La econom\u00eda y la alimentaci\u00f3n de las familias se vieron seriamente afectadas por la pandemia; por ello, el gobierno a trav\u00e9s del DIF entreg\u00f3 un mill\u00f3n 400 mil paquetes alimentarios, en beneficio de cerca de 50 mil familias de alta vulnerabilidad.<\/p>\n<p>&nbsp;<\/p>\n<p>La entidad recuper\u00f3 los empleos formales perdidos a causa del COVID-19; y de enero a la fecha, se han creado cerca de nueve mil nuevos empleos. Actualmente, Durango cuenta con m\u00e1s de 248 mil empleos, de acuerdo a las cifras del IMSS y seguimos generando condiciones a las empresas para la creaci\u00f3n de m\u00e1s y mejores puestos de trabajo, para beneficiar a m\u00e1s duranguenses.<\/p>\n<p>&nbsp;<\/p>\n<p>En coordinaci\u00f3n con el Gobierno Federal, el Gobierno de Coahuila y los gobiernos municipales de la Zona Metropolitana de La Laguna, <em>\u201cestamos escuchando a los diversos actores involucrados, para continuar con el proyecto Agua Saludable para La Laguna, con el que resolveremos el problema a\u00f1ejo y la necesidad creciente de contar con agua, de calidad y en cantidad suficientes, para el consumo humano\u201d.<\/em><\/p>\n<p>&nbsp;<\/p>\n<p>Desde esta tribuna, refrendo mi compromiso con los duranguenses, de seguir trabajando sin descanso, para sacar adelante proyectos estrat\u00e9gicos para el desarrollo de Durango y sus municipios<\/p>\n<p>&nbsp;<\/p>\n<p>&nbsp;<\/p>\n<p>(Publicada el 01\/09\/2021)<\/p>\n","protected":false},"excerpt":{"rendered":"<p>G\u00d3MEZ PALACIO, DURANGO. \u2014 El gobernador Jos\u00e9 Rosas Aispuro Torres se presento ante la sexag\u00e9sima&#8230;<\/p>\n","protected":false},"author":1,"featured_media":121853,"comment_status":"open","ping_status":"open","sticky":false,"template":"","format":"standard","meta":{"_monsterinsights_skip_tracking":false,"_monsterinsights_sitenote_active":false,"_monsterinsights_sitenote_note":"","_monsterinsights_sitenote_category":0,"footnotes":""},"categories":[5],"tags":[],"class_list":["post"],"yoast_head":" \n<title>Sonora en Equipo. Jos\u00e9 Rosas Aispuro presenta su quinto informe de gobierno Rep\u00fablica<\/title>\n<meta name=\"description\" content=\"G\u00d3MEZ PALACIO, DURANGO. \u2014 El gobernador Jos\u00e9 Rosas Aispuro Torres se presento ante la sexag\u00e9sima novena legislatura y presento su 5to informe de gestiones En Sonora en Equipo publicamos toda la informaci\u00f3n de Sonora, M\u00e9xico y el Mundo de manera oportuna y busca que la libertad de expresi\u00f3n sea real. Visita nuestro medio informativo publicado desde Hermosillo, Sonora. %\" \/>\n<meta name=\"robots\" content=\"index, follow, max-snippet:-1, max-image-preview:large, max-video-preview:-1\" \/>\n<link rel=\"canonical\" href=\"https:\/\/www.sonoraenequipo.com.mx\/jose-rosas-aispuro-presenta-su-quinto-informe-de-gobierno\/\" \/>\n<meta property=\"og:locale\" content=\"es_ES\" \/>\n<meta property=\"og:type\" content=\"article\" \/>\n<meta property=\"og:title\" content=\"Sonora en Equipo. Jos\u00e9 Rosas Aispuro presenta su quinto informe de gobierno Rep\u00fablica\" \/>\n<meta property=\"og:description\" content=\"G\u00d3MEZ PALACIO, DURANGO. \u2014 El gobernador Jos\u00e9 Rosas Aispuro Torres se presento ante la sexag\u00e9sima novena legislatura y presento su 5to informe de gestiones En Sonora en Equipo publicamos toda la informaci\u00f3n de Sonora, M\u00e9xico y el Mundo de manera oportuna y busca que la libertad de expresi\u00f3n sea real. Visita nuestro medio informativo publicado desde Hermosillo, Sonora. %\" \/>\n<meta property=\"og:url\" content=\"https:\/\/www.sonoraenequipo.com.mx\/jose-rosas-aispuro-presenta-su-quinto-informe-de-gobierno\/\" \/>\n<meta property=\"og:site_name\" content=\"Sonora en Equipo.\" \/>\n<meta property=\"article:publisher\" content=\"https:\/\/www.facebook.com\/SonoraEE\/\" \/>\n<meta property=\"article:author\" content=\"https:\/\/www.facebook.com\/SonoraEE\" \/>\n<meta property=\"article:published_time\" content=\"2021-09-01T22:05:23+00:00\" \/>\n<meta property=\"og:image\" content=\"https:\/\/www.sonoraenequipo.com.mx\/storage\/2021\/09\/Jose-Rosas-Aispuro-Torres_opt.jpg\" \/>\n\t<meta property=\"og:image:width\" content=\"700\" \/>\n\t<meta property=\"og:image:height\" content=\"400\" \/>\n\t<meta property=\"og:image:type\" content=\"image\/jpeg\" \/>\n<meta name=\"author\" content=\"enequipo\" \/>\n<meta name=\"twitter:card\" content=\"summary_large_image\" \/>\n<meta name=\"twitter:creator\" content=\"@sonoraenequipo\" \/>\n<meta name=\"twitter:site\" content=\"@sonoraenequipo\" \/>\n<meta name=\"twitter:label1\" content=\"Escrito por\" \/>\n\t<meta name=\"twitter:data1\" content=\"enequipo\" \/>\n\t<meta name=\"twitter:label2\" content=\"Tiempo de lectura\" \/>\n\t<meta name=\"twitter:data2\" content=\"2 minutos\" \/>\n<script type=\"application\/ld+json\" class=\"yoast-schema-graph\">{\"@context\":\"https:\/\/schema.org\",\"@graph\":[{\"@type\":\"Article\",\"@id\":\"https:\/\/www.sonoraenequipo.com.mx\/jose-rosas-aispuro-presenta-su-quinto-informe-de-gobierno\/#article\",\"isPartOf\":{\"@id\":\"https:\/\/www.sonoraenequipo.com.mx\/jose-rosas-aispuro-presenta-su-quinto-informe-de-gobierno\/\"},\"author\":{\"name\":\"enequipo\",\"@id\":\"https:\/\/www.sonoraenequipo.com.mx\/#\/schema\/person\/50102df0fb23a8fa9e8effad8fa81386\"},\"headline\":\"Jos\u00e9 Rosas Aispuro presenta su quinto informe de gobierno\",\"datePublished\":\"2021-09-01T22:05:23+00:00\",\"mainEntityOfPage\":{\"@id\":\"https:\/\/www.sonoraenequipo.com.mx\/jose-rosas-aispuro-presenta-su-quinto-informe-de-gobierno\/\"},\"wordCount\":451,\"commentCount\":0,\"publisher\":{\"@id\":\"https:\/\/www.sonoraenequipo.com.mx\/#organization\"},\"image\":{\"@id\":\"https:\/\/www.sonoraenequipo.com.mx\/jose-rosas-aispuro-presenta-su-quinto-informe-de-gobierno\/#primaryimage\"},\"thumbnailUrl\":\"https:\/\/www.sonoraenequipo.com.mx\/storage\/2021\/09\/Jose-Rosas-Aispuro-Torres_opt.jpg\",\"articleSection\":[\"Rep\u00fablica\"],\"inLanguage\":\"es\",\"potentialAction\":[{\"@type\":\"CommentAction\",\"name\":\"Comment\",\"target\":[\"https:\/\/www.sonoraenequipo.com.mx\/jose-rosas-aispuro-presenta-su-quinto-informe-de-gobierno\/#respond\"]}]},{\"@type\":\"WebPage\",\"@id\":\"https:\/\/www.sonoraenequipo.com.mx\/jose-rosas-aispuro-presenta-su-quinto-informe-de-gobierno\/\",\"url\":\"https:\/\/www.sonoraenequipo.com.mx\/jose-rosas-aispuro-presenta-su-quinto-informe-de-gobierno\/\",\"name\":\"Sonora en Equipo. Jos\u00e9 Rosas Aispuro presenta su quinto informe de gobierno Rep\u00fablica\",\"isPartOf\":{\"@id\":\"https:\/\/www.sonoraenequipo.com.mx\/#website\"},\"primaryImageOfPage\":{\"@id\":\"https:\/\/www.sonoraenequipo.com.mx\/jose-rosas-aispuro-presenta-su-quinto-informe-de-gobierno\/#primaryimage\"},\"image\":{\"@id\":\"https:\/\/www.sonoraenequipo.com.mx\/jose-rosas-aispuro-presenta-su-quinto-informe-de-gobierno\/#primaryimage\"},\"thumbnailUrl\":\"https:\/\/www.sonoraenequipo.com.mx\/storage\/2021\/09\/Jose-Rosas-Aispuro-Torres_opt.jpg\",\"datePublished\":\"2021-09-01T22:05:23+00:00\",\"description\":\"G\u00d3MEZ PALACIO, DURANGO. \u2014 El gobernador Jos\u00e9 Rosas Aispuro Torres se presento ante la sexag\u00e9sima novena legislatura y presento su 5to informe de gestiones En Sonora en Equipo publicamos toda la informaci\u00f3n de Sonora, M\u00e9xico y el Mundo de manera oportuna y busca que la libertad de expresi\u00f3n sea real. Visita nuestro medio informativo publicado desde Hermosillo, Sonora. %\",\"breadcrumb\":{\"@id\":\"https:\/\/www.sonoraenequipo.com.mx\/jose-rosas-aispuro-presenta-su-quinto-informe-de-gobierno\/#breadcrumb\"},\"inLanguage\":\"es\",\"potentialAction\":[{\"@type\":\"ReadAction\",\"target\":[\"https:\/\/www.sonoraenequipo.com.mx\/jose-rosas-aispuro-presenta-su-quinto-informe-de-gobierno\/\"]}]},{\"@type\":\"ImageObject\",\"inLanguage\":\"es\",\"@id\":\"https:\/\/www.sonoraenequipo.com.mx\/jose-rosas-aispuro-presenta-su-quinto-informe-de-gobierno\/#primaryimage\",\"url\":\"https:\/\/www.sonoraenequipo.com.mx\/storage\/2021\/09\/Jose-Rosas-Aispuro-Torres_opt.jpg\",\"contentUrl\":\"https:\/\/www.sonoraenequipo.com.mx\/storage\/2021\/09\/Jose-Rosas-Aispuro-Torres_opt.jpg\",\"width\":700,\"height\":400},{\"@type\":\"BreadcrumbList\",\"@id\":\"https:\/\/www.sonoraenequipo.com.mx\/jose-rosas-aispuro-presenta-su-quinto-informe-de-gobierno\/#breadcrumb\",\"itemListElement\":[{\"@type\":\"ListItem\",\"position\":1,\"name\":\"Portada\",\"item\":\"https:\/\/www.sonoraenequipo.com.mx\/\"},{\"@type\":\"ListItem\",\"position\":2,\"name\":\"Jos\u00e9 Rosas Aispuro presenta su quinto informe de gobierno\"}]},{\"@type\":\"WebSite\",\"@id\":\"https:\/\/www.sonoraenequipo.com.mx\/#website\",\"url\":\"https:\/\/www.sonoraenequipo.com.mx\/\",\"name\":\"Sonora en Equipo.\",\"description\":\"Diario en l\u00ednea con Noticias desde Hermosillo, Sonora\",\"publisher\":{\"@id\":\"https:\/\/www.sonoraenequipo.com.mx\/#organization\"},\"potentialAction\":[{\"@type\":\"SearchAction\",\"target\":{\"@type\":\"EntryPoint\",\"urlTemplate\":\"https:\/\/www.sonoraenequipo.com.mx\/?s={search_term_string}\"},\"query-input\":{\"@type\":\"PropertyValueSpecification\",\"valueRequired\":true,\"valueName\":\"search_term_string\"}}],\"inLanguage\":\"es\"},{\"@type\":\"Organization\",\"@id\":\"https:\/\/www.sonoraenequipo.com.mx\/#organization\",\"name\":\"Sonoraenequipo.com.mx\",\"url\":\"https:\/\/www.sonoraenequipo.com.mx\/\",\"logo\":{\"@type\":\"ImageObject\",\"inLanguage\":\"es\",\"@id\":\"https:\/\/www.sonoraenequipo.com.mx\/#\/schema\/logo\/image\/\",\"url\":\"https:\/\/www.sonoraenequipo.com.mx\/storage\/2019\/01\/sonoraenequipo_opt.png\",\"contentUrl\":\"https:\/\/www.sonoraenequipo.com.mx\/storage\/2019\/01\/sonoraenequipo_opt.png\",\"width\":375,\"height\":125,\"caption\":\"Sonoraenequipo.com.mx\"},\"image\":{\"@id\":\"https:\/\/www.sonoraenequipo.com.mx\/#\/schema\/logo\/image\/\"},\"sameAs\":[\"https:\/\/www.facebook.com\/SonoraEE\/\",\"https:\/\/x.com\/sonoraenequipo\",\"https:\/\/www.youtube.com\/channel\/UC338nW-lPEYmJQs4ZABQ1SQ\"]},{\"@type\":\"Person\",\"@id\":\"https:\/\/www.sonoraenequipo.com.mx\/#\/schema\/person\/50102df0fb23a8fa9e8effad8fa81386\",\"name\":\"enequipo\",\"image\":{\"@type\":\"ImageObject\",\"inLanguage\":\"es\",\"@id\":\"https:\/\/www.sonoraenequipo.com.mx\/#\/schema\/person\/image\/\",\"url\":\"https:\/\/secure.gravatar.com\/avatar\/049821681b589dabc0bc20695993ccebb09f5b5d4d790cd9251b97faac7c652b?s=96&d=blank&r=g\",\"contentUrl\":\"https:\/\/secure.gravatar.com\/avatar\/049821681b589dabc0bc20695993ccebb09f5b5d4d790cd9251b97faac7c652b?s=96&d=blank&r=g\",\"caption\":\"enequipo\"},\"sameAs\":[\"https:\/\/www.facebook.com\/SonoraEE\"]}]}<\/script>\n ","yoast_head_json":{"title":"Sonora en Equipo. Jos\u00e9 Rosas Aispuro presenta su quinto informe de gobierno Rep\u00fablica","description":"G\u00d3MEZ PALACIO, DURANGO. \u2014 El gobernador Jos\u00e9 Rosas Aispuro Torres se presento ante la sexag\u00e9sima novena legislatura y presento su 5to informe de gestiones En Sonora en Equipo publicamos toda la informaci\u00f3n de Sonora, M\u00e9xico y el Mundo de manera oportuna y busca que la libertad de expresi\u00f3n sea real. Visita nuestro medio informativo publicado desde Hermosillo, Sonora. %","robots":{"index":"index","follow":"follow","max-snippet":"max-snippet:-1","max-image-preview":"max-image-preview:large","max-video-preview":"max-video-preview:-1"},"canonical":"https:\/\/www.sonoraenequipo.com.mx\/jose-rosas-aispuro-presenta-su-quinto-informe-de-gobierno\/","og_locale":"es_ES","og_type":"article","og_title":"Sonora en Equipo. Jos\u00e9 Rosas Aispuro presenta su quinto informe de gobierno Rep\u00fablica","og_description":"G\u00d3MEZ PALACIO, DURANGO. \u2014 El gobernador Jos\u00e9 Rosas Aispuro Torres se presento ante la sexag\u00e9sima novena legislatura y presento su 5to informe de gestiones En Sonora en Equipo publicamos toda la informaci\u00f3n de Sonora, M\u00e9xico y el Mundo de manera oportuna y busca que la libertad de expresi\u00f3n sea real. Visita nuestro medio informativo publicado desde Hermosillo, Sonora. %","og_url":"https:\/\/www.sonoraenequipo.com.mx\/jose-rosas-aispuro-presenta-su-quinto-informe-de-gobierno\/","og_site_name":"Sonora en Equipo.","article_publisher":"https:\/\/www.facebook.com\/SonoraEE\/","article_author":"https:\/\/www.facebook.com\/SonoraEE","article_published_time":"2021-09-01T22:05:23+00:00","og_image":[{"width":700,"height":400,"url":"https:\/\/www.sonoraenequipo.com.mx\/storage\/2021\/09\/Jose-Rosas-Aispuro-Torres_opt.jpg","type":"image\/jpeg"}],"author":"enequipo","twitter_card":"summary_large_image","twitter_creator":"@sonoraenequipo","twitter_site":"@sonoraenequipo","twitter_misc":{"Escrito por":"enequipo","Tiempo de lectura":"2 minutos"},"schema":{"@context":"https:\/\/schema.org","@graph":[{"@type":"Article","@id":"https:\/\/www.sonoraenequipo.com.mx\/jose-rosas-aispuro-presenta-su-quinto-informe-de-gobierno\/#article","isPartOf":{"@id":"https:\/\/www.sonoraenequipo.com.mx\/jose-rosas-aispuro-presenta-su-quinto-informe-de-gobierno\/"},"author":{"name":"enequipo","@id":"https:\/\/www.sonoraenequipo.com.mx\/#\/schema\/person\/50102df0fb23a8fa9e8effad8fa81386"},"headline":"Jos\u00e9 Rosas Aispuro presenta su quinto informe de gobierno","datePublished":"2021-09-01T22:05:23+00:00","mainEntityOfPage":{"@id":"https:\/\/www.sonoraenequipo.com.mx\/jose-rosas-aispuro-presenta-su-quinto-informe-de-gobierno\/"},"wordCount":451,"commentCount":0,"publisher":{"@id":"https:\/\/www.sonoraenequipo.com.mx\/#organization"},"image":{"@id":"https:\/\/www.sonoraenequipo.com.mx\/jose-rosas-aispuro-presenta-su-quinto-informe-de-gobierno\/#primaryimage"},"thumbnailUrl":"https:\/\/www.sonoraenequipo.com.mx\/storage\/2021\/09\/Jose-Rosas-Aispuro-Torres_opt.jpg","articleSection":["Rep\u00fablica"],"inLanguage":"es","potentialAction":[{"@type":"CommentAction","name":"Comment","target":["https:\/\/www.sonoraenequipo.com.mx\/jose-rosas-aispuro-presenta-su-quinto-informe-de-gobierno\/#respond"]}]},{"@type":"WebPage","@id":"https:\/\/www.sonoraenequipo.com.mx\/jose-rosas-aispuro-presenta-su-quinto-informe-de-gobierno\/","url":"https:\/\/www.sonoraenequipo.com.mx\/jose-rosas-aispuro-presenta-su-quinto-informe-de-gobierno\/","name":"Sonora en Equipo. Jos\u00e9 Rosas Aispuro presenta su quinto informe de gobierno Rep\u00fablica","isPartOf":{"@id":"https:\/\/www.sonoraenequipo.com.mx\/#website"},"primaryImageOfPage":{"@id":"https:\/\/www.sonoraenequipo.com.mx\/jose-rosas-aispuro-presenta-su-quinto-informe-de-gobierno\/#primaryimage"},"image":{"@id":"https:\/\/www.sonoraenequipo.com.mx\/jose-rosas-aispuro-presenta-su-quinto-informe-de-gobierno\/#primaryimage"},"thumbnailUrl":"https:\/\/www.sonoraenequipo.com.mx\/storage\/2021\/09\/Jose-Rosas-Aispuro-Torres_opt.jpg","datePublished":"2021-09-01T22:05:23+00:00","description":"G\u00d3MEZ PALACIO, DURANGO. \u2014 El gobernador Jos\u00e9 Rosas Aispuro Torres se presento ante la sexag\u00e9sima novena legislatura y presento su 5to informe de gestiones En Sonora en Equipo publicamos toda la informaci\u00f3n de Sonora, M\u00e9xico y el Mundo de manera oportuna y busca que la libertad de expresi\u00f3n sea real. Visita nuestro medio informativo publicado desde Hermosillo, Sonora. %","breadcrumb":{"@id":"https:\/\/www.sonoraenequipo.com.mx\/jose-rosas-aispuro-presenta-su-quinto-informe-de-gobierno\/#breadcrumb"},"inLanguage":"es","potentialAction":[{"@type":"ReadAction","target":["https:\/\/www.sonoraenequipo.com.mx\/jose-rosas-aispuro-presenta-su-quinto-informe-de-gobierno\/"]}]},{"@type":"ImageObject","inLanguage":"es","@id":"https:\/\/www.sonoraenequipo.com.mx\/jose-rosas-aispuro-presenta-su-quinto-informe-de-gobierno\/#primaryimage","url":"https:\/\/www.sonoraenequipo.com.mx\/storage\/2021\/09\/Jose-Rosas-Aispuro-Torres_opt.jpg","contentUrl":"https:\/\/www.sonoraenequipo.com.mx\/storage\/2021\/09\/Jose-Rosas-Aispuro-Torres_opt.jpg","width":700,"height":400},{"@type":"BreadcrumbList","@id":"https:\/\/www.sonoraenequipo.com.mx\/jose-rosas-aispuro-presenta-su-quinto-informe-de-gobierno\/#breadcrumb","itemListElement":[{"@type":"ListItem","position":1,"name":"Portada","item":"https:\/\/www.sonoraenequipo.com.mx\/"},{"@type":"ListItem","position":2,"name":"Jos\u00e9 Rosas Aispuro presenta su quinto informe de gobierno"}]},{"@type":"WebSite","@id":"https:\/\/www.sonoraenequipo.com.mx\/#website","url":"https:\/\/www.sonoraenequipo.com.mx\/","name":"Sonora en Equipo.","description":"Diario en l\u00ednea con Noticias desde Hermosillo, Sonora","publisher":{"@id":"https:\/\/www.sonoraenequipo.com.mx\/#organization"},"potentialAction":[{"@type":"SearchAction","target":{"@type":"EntryPoint","urlTemplate":"https:\/\/www.sonoraenequipo.com.mx\/?s={search_term_string}"},"query-input":{"@type":"PropertyValueSpecification","valueRequired":true,"valueName":"search_term_string"}}],"inLanguage":"es"},{"@type":"Organization","@id":"https:\/\/www.sonoraenequipo.com.mx\/#organization","name":"Sonoraenequipo.com.mx","url":"https:\/\/www.sonoraenequipo.com.mx\/","logo":{"@type":"ImageObject","inLanguage":"es","@id":"https:\/\/www.sonoraenequipo.com.mx\/#\/schema\/logo\/image\/","url":"https:\/\/www.sonoraenequipo.com.mx\/storage\/2019\/01\/sonoraenequipo_opt.png","contentUrl":"https:\/\/www.sonoraenequipo.com.mx\/storage\/2019\/01\/sonoraenequipo_opt.png","width":375,"height":125,"caption":"Sonoraenequipo.com.mx"},"image":{"@id":"https:\/\/www.sonoraenequipo.com.mx\/#\/schema\/logo\/image\/"},"sameAs":["https:\/\/www.facebook.com\/SonoraEE\/","https:\/\/x.com\/sonoraenequipo","https:\/\/www.youtube.com\/channel\/UC338nW-lPEYmJQs4ZABQ1SQ"]},{"@type":"Person","@id":"https:\/\/www.sonoraenequipo.com.mx\/#\/schema\/person\/50102df0fb23a8fa9e8effad8fa81386","name":"enequipo","image":{"@type":"ImageObject","inLanguage":"es","@id":"https:\/\/www.sonoraenequipo.com.mx\/#\/schema\/person\/image\/","url":"https:\/\/secure.gravatar.com\/avatar\/049821681b589dabc0bc20695993ccebb09f5b5d4d790cd9251b97faac7c652b?s=96&d=blank&r=g","contentUrl":"https:\/\/secure.gravatar.com\/avatar\/049821681b589dabc0bc20695993ccebb09f5b5d4d790cd9251b97faac7c652b?s=96&d=blank&r=g","caption":"enequipo"},"sameAs":["https:\/\/www.facebook.com\/SonoraEE"]}]}},"jetpack_featured_media_url":"https:\/\/www.sonoraenequipo.com.mx\/storage\/2021\/09\/Jose-Rosas-Aispuro-Torres_opt.jpg","_links":{"self":[{"href":"https:\/\/www.sonoraenequipo.com.mx\/api\/wp\/v2\/posts\/121856","targetHints":{"allow":["GET"]}}],"collection":[{"href":"https:\/\/www.sonoraenequipo.com.mx\/api\/wp\/v2\/posts"}],"about":[{"href":"https:\/\/www.sonoraenequipo.com.mx\/api\/wp\/v2\/types\/post"}],"author":[{"embeddable":true,"href":"https:\/\/www.sonoraenequipo.com.mx\/api\/wp\/v2\/users\/1"}],"replies":[{"embeddable":true,"href":"https:\/\/www.sonoraenequipo.com.mx\/api\/wp\/v2\/comments?post=121856"}],"version-history":[{"count":1,"href":"https:\/\/www.sonoraenequipo.com.mx\/api\/wp\/v2\/posts\/121856\/revisions"}],"predecessor-version":[{"id":121857,"href":"https:\/\/www.sonoraenequipo.com.mx\/api\/wp\/v2\/posts\/121856\/revisions\/121857"}],"wp:featuredmedia":[{"embeddable":true,"href":"https:\/\/www.sonoraenequipo.com.mx\/api\/wp\/v2\/media\/121853"}],"wp:attachment":[{"href":"https:\/\/www.sonoraenequipo.com.mx\/api\/wp\/v2\/media?parent=121856"}],"wp:term":[{"taxonomy":"category","embeddable":true,"href":"https:\/\/www.sonoraenequipo.com.mx\/api\/wp\/v2\/categories?post=121856"},{"taxonomy":"post_tag","embeddable":true,"href":"https:\/\/www.sonoraenequipo.com.mx\/api\/wp\/v2\/tags?post=121856"}],"curies":[{"name":"wp","href":"https:\/\/api.w.org\/{rel}","templated":true}]}}