{"id":121859,"date":"2021-09-01T13:15:04","date_gmt":"2021-09-01T20:15:04","guid":{"rendered":"https:\/\/www.sonoraenequipo.com.mx\/?p=121859"},"modified":"2021-09-01T13:15:04","modified_gmt":"2021-09-01T20:15:04","slug":"confirma-secretaria-de-salud-16-defunciones-y-163-nuevos-casos-en-sonora","status":"publish","type":"post","link":"https:\/\/www.sonoraenequipo.com.mx\/confirma-secretaria-de-salud-16-defunciones-y-163-nuevos-casos-en-sonora\/","title":{"rendered":"Confirma Secretar\u00eda de Salud 16 defunciones y 163 nuevos casos en Sonora"},"content":{"rendered":"<ul>\n<li>Es tarea de padres y madres ense\u00f1ar a hijos e hijas las medidas preventivas contra COVID-19: Enrique Clausen Iberri<\/li>\n<\/ul>\n<p>&nbsp;<\/p>\n<p>HERMOSILLO, SONORA,MX.\u2500\u2500 \u00a0\u00a0En casa es tarea de padres y madres ense\u00f1arles a sus hijas e hijos las medidas preventivas contra COVID-19, y a trav\u00e9s del ejemplo sabr\u00e1n c\u00f3mo protegerse contra los efectos de este virus, destac\u00f3 Enrique Clausen Iberri.<\/p>\n<p>&nbsp;<\/p>\n<p>&nbsp;<\/p>\n<p>&nbsp;<\/p>\n<p>El secretario de Salud en Sonora llam\u00f3 a las y los sonorenses a que inculquen todas las medidas sanitarias a sus hijas e hijos en casa, ya que hasta el momento han demostrado ser efectivas para hacer frente al Coronavirus.<\/p>\n<p>&nbsp;<\/p>\n<p>&nbsp;<\/p>\n<p>&nbsp;<\/p>\n<p>\u201cLa tarea de padres y madres de familia es que ense\u00f1emos a nuestros hijos buenos h\u00e1bitos, y esto se dar\u00e1 poni\u00e9ndoles nosotros el buen ejemplo\u201d, indic\u00f3.<\/p>\n<p>&nbsp;<\/p>\n<p>&nbsp;<\/p>\n<p>&nbsp;<\/p>\n<p>Clausen Iberri explic\u00f3 que las medidas sanitarias implican ventilaci\u00f3n de espacios en casa, mantener la sana distancia, el uso de cubrebocas y el lavado constante de manos.<\/p>\n<p>&nbsp;<\/p>\n<p>&nbsp;<\/p>\n<p>&nbsp;<\/p>\n<p>\u201cEnse\u00f1emos y practiquemos con nuestras ni\u00f1as y ni\u00f1os, j\u00f3venes, los protocolos sanitarios contra el COVID-19, \u00bfcu\u00e1les son? Se los repito una vez m\u00e1s: uso correcto del cubrebocas cubriendo boca y nariz, distanciamiento social de por lo m\u00ednimo 1. 5 metros entre personas, lavado de manos constante con agua y jab\u00f3n, por lo menos por 45 segundos, tambi\u00e9n es muy importante estar en lugares ventilados\u201d, se\u00f1al\u00f3.<\/p>\n<p>&nbsp;<\/p>\n<p>&nbsp;<\/p>\n<p>&nbsp;<\/p>\n<p>Hoy se confirmaron 16 decesos por COVID-19, en 8 hombres y 8 mujeres, residentes de Cajeme 7; Hermosillo 5; Etchojoa, Magdalena, Nogales y San Luis R\u00edo Colorado 1 cada uno; acumul\u00e1ndose 7 mil 255 defunciones.<\/p>\n<p>&nbsp;<\/p>\n<p>&nbsp;<\/p>\n<p>&nbsp;<\/p>\n<p>Este d\u00eda se sumaron 163 nuevos casos, en 89 mujeres y 74 hombres, residentes de: Cajeme 64; Hermosillo 56; Guaymas 10; Navojoa 9; Huatabampo 8; Empalme 7; Nogales 5; B\u00e1cum 2; Caborca y Magdalena 1 cada uno. Con ellos se acumulan 100 mil 149 casos en total desde el inicio de la pandemia en el estado.<\/p>\n<p>&nbsp;<\/p>\n<p>&nbsp;<\/p>\n<p>&nbsp;<\/p>\n<p>Se confirmaron 11 casos pedi\u00e1tricos en 9 ni\u00f1os y 2 ni\u00f1as, acumul\u00e1ndose 2 mil 917 casos en total; adem\u00e1s se sum\u00f3 1 caso en una mujer embarazada, alcanzando un total de 726 casos en total.<\/p>\n<p>&nbsp;<\/p>\n<p>&nbsp;<\/p>\n<p>&nbsp;<\/p>\n<p>Al momento, se han realizado 196 mil 390 pruebas, de las cuales 100 mil 149 han sido casos confirmados y 96 mil 241 casos descartados. Con cuadro leve se tiene un registro de 21 mil 216 personas, de las cuales 2 mil 725 est\u00e1n activos y 18 mil 491 con seguimiento terminado.<\/p>\n<p>&nbsp;<\/p>\n<p>&nbsp;<\/p>\n<p>&nbsp;<\/p>\n<p>De los 360 pacientes hospitalizados 53 est\u00e1n estables, 233 son graves, y 74 cr\u00edticos. A la fecha, se han recuperado 89 mil 809 personas de Covid-19 en Sonora.<\/p>\n<p>Fecha de Publicaci\u00f3n\u00a0 mi\u00e9rcoles \/ 1\u00a0 \/ septiembre \u00a0\/ 2021<\/p>\n<p>&nbsp;<\/p>\n","protected":false},"excerpt":{"rendered":"<p>Es tarea de padres y madres ense\u00f1ar a hijos e hijas las medidas preventivas contra&#8230;<\/p>\n","protected":false},"author":1,"featured_media":106973,"comment_status":"open","ping_status":"open","sticky":false,"template":"","format":"standard","meta":{"_monsterinsights_skip_tracking":false,"_monsterinsights_sitenote_active":false,"_monsterinsights_sitenote_note":"","_monsterinsights_sitenote_category":0,"footnotes":""},"categories":[22],"tags":[4611,4249,15],"class_list":["post"],"yoast_head":" \n<title>Sonora en Equipo. Confirma Secretar\u00eda de Salud 16 defunciones y 163 nuevos casos en Sonora Sonora<\/title>\n<meta name=\"description\" content=\"Es tarea de padres y madres ense\u00f1ar a hijos e hijas las medidas preventivas contra COVID-19: Enrique Clausen Iberri &nbsp; HERMOSILLO, SONORA,MX.\u2500\u2500 \u00a0\u00a0En En Sonora en Equipo publicamos toda la informaci\u00f3n de Sonora, M\u00e9xico y el Mundo de manera oportuna y busca que la libertad de expresi\u00f3n sea real. Visita nuestro medio informativo publicado desde Hermosillo, Sonora. %\" \/>\n<meta name=\"robots\" content=\"index, follow, max-snippet:-1, max-image-preview:large, max-video-preview:-1\" \/>\n<link rel=\"canonical\" href=\"https:\/\/www.sonoraenequipo.com.mx\/confirma-secretaria-de-salud-16-defunciones-y-163-nuevos-casos-en-sonora\/\" \/>\n<meta property=\"og:locale\" content=\"es_ES\" \/>\n<meta property=\"og:type\" content=\"article\" \/>\n<meta property=\"og:title\" content=\"Sonora en Equipo. Confirma Secretar\u00eda de Salud 16 defunciones y 163 nuevos casos en Sonora Sonora\" \/>\n<meta property=\"og:description\" content=\"Es tarea de padres y madres ense\u00f1ar a hijos e hijas las medidas preventivas contra COVID-19: Enrique Clausen Iberri &nbsp; HERMOSILLO, SONORA,MX.\u2500\u2500 \u00a0\u00a0En En Sonora en Equipo publicamos toda la informaci\u00f3n de Sonora, M\u00e9xico y el Mundo de manera oportuna y busca que la libertad de expresi\u00f3n sea real. Visita nuestro medio informativo publicado desde Hermosillo, Sonora. %\" \/>\n<meta property=\"og:url\" content=\"https:\/\/www.sonoraenequipo.com.mx\/confirma-secretaria-de-salud-16-defunciones-y-163-nuevos-casos-en-sonora\/\" \/>\n<meta property=\"og:site_name\" content=\"Sonora en Equipo.\" \/>\n<meta property=\"article:publisher\" content=\"https:\/\/www.facebook.com\/SonoraEE\/\" \/>\n<meta property=\"article:author\" content=\"https:\/\/www.facebook.com\/SonoraEE\" \/>\n<meta property=\"article:published_time\" content=\"2021-09-01T20:15:04+00:00\" \/>\n<meta property=\"og:image\" content=\"https:\/\/www.sonoraenequipo.com.mx\/storage\/2021\/02\/enrique-clausen-iberry_opt.jpg\" \/>\n\t<meta property=\"og:image:width\" content=\"580\" \/>\n\t<meta property=\"og:image:height\" content=\"400\" \/>\n\t<meta property=\"og:image:type\" content=\"image\/jpeg\" \/>\n<meta name=\"author\" content=\"enequipo\" \/>\n<meta name=\"twitter:card\" content=\"summary_large_image\" \/>\n<meta name=\"twitter:creator\" content=\"@sonoraenequipo\" \/>\n<meta name=\"twitter:site\" content=\"@sonoraenequipo\" \/>\n<meta name=\"twitter:label1\" content=\"Escrito por\" \/>\n\t<meta name=\"twitter:data1\" content=\"enequipo\" \/>\n\t<meta name=\"twitter:label2\" content=\"Tiempo de lectura\" \/>\n\t<meta name=\"twitter:data2\" content=\"2 minutos\" \/>\n<script type=\"application\/ld+json\" class=\"yoast-schema-graph\">{\"@context\":\"https:\/\/schema.org\",\"@graph\":[{\"@type\":\"Article\",\"@id\":\"https:\/\/www.sonoraenequipo.com.mx\/confirma-secretaria-de-salud-16-defunciones-y-163-nuevos-casos-en-sonora\/#article\",\"isPartOf\":{\"@id\":\"https:\/\/www.sonoraenequipo.com.mx\/confirma-secretaria-de-salud-16-defunciones-y-163-nuevos-casos-en-sonora\/\"},\"author\":{\"name\":\"enequipo\",\"@id\":\"https:\/\/www.sonoraenequipo.com.mx\/#\/schema\/person\/50102df0fb23a8fa9e8effad8fa81386\"},\"headline\":\"Confirma Secretar\u00eda de Salud 16 defunciones y 163 nuevos casos en Sonora\",\"datePublished\":\"2021-09-01T20:15:04+00:00\",\"mainEntityOfPage\":{\"@id\":\"https:\/\/www.sonoraenequipo.com.mx\/confirma-secretaria-de-salud-16-defunciones-y-163-nuevos-casos-en-sonora\/\"},\"wordCount\":451,\"commentCount\":0,\"publisher\":{\"@id\":\"https:\/\/www.sonoraenequipo.com.mx\/#organization\"},\"image\":{\"@id\":\"https:\/\/www.sonoraenequipo.com.mx\/confirma-secretaria-de-salud-16-defunciones-y-163-nuevos-casos-en-sonora\/#primaryimage\"},\"thumbnailUrl\":\"https:\/\/www.sonoraenequipo.com.mx\/storage\/2021\/02\/enrique-clausen-iberry_opt.jpg\",\"keywords\":[\"clausen\",\"covid\",\"Sonora\"],\"articleSection\":[\"Sonora\"],\"inLanguage\":\"es\",\"potentialAction\":[{\"@type\":\"CommentAction\",\"name\":\"Comment\",\"target\":[\"https:\/\/www.sonoraenequipo.com.mx\/confirma-secretaria-de-salud-16-defunciones-y-163-nuevos-casos-en-sonora\/#respond\"]}]},{\"@type\":\"WebPage\",\"@id\":\"https:\/\/www.sonoraenequipo.com.mx\/confirma-secretaria-de-salud-16-defunciones-y-163-nuevos-casos-en-sonora\/\",\"url\":\"https:\/\/www.sonoraenequipo.com.mx\/confirma-secretaria-de-salud-16-defunciones-y-163-nuevos-casos-en-sonora\/\",\"name\":\"Sonora en Equipo. Confirma Secretar\u00eda de Salud 16 defunciones y 163 nuevos casos en Sonora Sonora\",\"isPartOf\":{\"@id\":\"https:\/\/www.sonoraenequipo.com.mx\/#website\"},\"primaryImageOfPage\":{\"@id\":\"https:\/\/www.sonoraenequipo.com.mx\/confirma-secretaria-de-salud-16-defunciones-y-163-nuevos-casos-en-sonora\/#primaryimage\"},\"image\":{\"@id\":\"https:\/\/www.sonoraenequipo.com.mx\/confirma-secretaria-de-salud-16-defunciones-y-163-nuevos-casos-en-sonora\/#primaryimage\"},\"thumbnailUrl\":\"https:\/\/www.sonoraenequipo.com.mx\/storage\/2021\/02\/enrique-clausen-iberry_opt.jpg\",\"datePublished\":\"2021-09-01T20:15:04+00:00\",\"description\":\"Es tarea de padres y madres ense\u00f1ar a hijos e hijas las medidas preventivas contra COVID-19: Enrique Clausen Iberri &nbsp; HERMOSILLO, SONORA,MX.\u2500\u2500 \u00a0\u00a0En En Sonora en Equipo publicamos toda la informaci\u00f3n de Sonora, M\u00e9xico y el Mundo de manera oportuna y busca que la libertad de expresi\u00f3n sea real. Visita nuestro medio informativo publicado desde Hermosillo, Sonora. %\",\"breadcrumb\":{\"@id\":\"https:\/\/www.sonoraenequipo.com.mx\/confirma-secretaria-de-salud-16-defunciones-y-163-nuevos-casos-en-sonora\/#breadcrumb\"},\"inLanguage\":\"es\",\"potentialAction\":[{\"@type\":\"ReadAction\",\"target\":[\"https:\/\/www.sonoraenequipo.com.mx\/confirma-secretaria-de-salud-16-defunciones-y-163-nuevos-casos-en-sonora\/\"]}]},{\"@type\":\"ImageObject\",\"inLanguage\":\"es\",\"@id\":\"https:\/\/www.sonoraenequipo.com.mx\/confirma-secretaria-de-salud-16-defunciones-y-163-nuevos-casos-en-sonora\/#primaryimage\",\"url\":\"https:\/\/www.sonoraenequipo.com.mx\/storage\/2021\/02\/enrique-clausen-iberry_opt.jpg\",\"contentUrl\":\"https:\/\/www.sonoraenequipo.com.mx\/storage\/2021\/02\/enrique-clausen-iberry_opt.jpg\",\"width\":580,\"height\":400},{\"@type\":\"BreadcrumbList\",\"@id\":\"https:\/\/www.sonoraenequipo.com.mx\/confirma-secretaria-de-salud-16-defunciones-y-163-nuevos-casos-en-sonora\/#breadcrumb\",\"itemListElement\":[{\"@type\":\"ListItem\",\"position\":1,\"name\":\"Portada\",\"item\":\"https:\/\/www.sonoraenequipo.com.mx\/\"},{\"@type\":\"ListItem\",\"position\":2,\"name\":\"Confirma Secretar\u00eda de Salud 16 defunciones y 163 nuevos casos en Sonora\"}]},{\"@type\":\"WebSite\",\"@id\":\"https:\/\/www.sonoraenequipo.com.mx\/#website\",\"url\":\"https:\/\/www.sonoraenequipo.com.mx\/\",\"name\":\"Sonora en Equipo.\",\"description\":\"Diario en l\u00ednea con Noticias desde Hermosillo, Sonora\",\"publisher\":{\"@id\":\"https:\/\/www.sonoraenequipo.com.mx\/#organization\"},\"potentialAction\":[{\"@type\":\"SearchAction\",\"target\":{\"@type\":\"EntryPoint\",\"urlTemplate\":\"https:\/\/www.sonoraenequipo.com.mx\/?s={search_term_string}\"},\"query-input\":{\"@type\":\"PropertyValueSpecification\",\"valueRequired\":true,\"valueName\":\"search_term_string\"}}],\"inLanguage\":\"es\"},{\"@type\":\"Organization\",\"@id\":\"https:\/\/www.sonoraenequipo.com.mx\/#organization\",\"name\":\"Sonoraenequipo.com.mx\",\"url\":\"https:\/\/www.sonoraenequipo.com.mx\/\",\"logo\":{\"@type\":\"ImageObject\",\"inLanguage\":\"es\",\"@id\":\"https:\/\/www.sonoraenequipo.com.mx\/#\/schema\/logo\/image\/\",\"url\":\"https:\/\/www.sonoraenequipo.com.mx\/storage\/2019\/01\/sonoraenequipo_opt.png\",\"contentUrl\":\"https:\/\/www.sonoraenequipo.com.mx\/storage\/2019\/01\/sonoraenequipo_opt.png\",\"width\":375,\"height\":125,\"caption\":\"Sonoraenequipo.com.mx\"},\"image\":{\"@id\":\"https:\/\/www.sonoraenequipo.com.mx\/#\/schema\/logo\/image\/\"},\"sameAs\":[\"https:\/\/www.facebook.com\/SonoraEE\/\",\"https:\/\/x.com\/sonoraenequipo\",\"https:\/\/www.youtube.com\/channel\/UC338nW-lPEYmJQs4ZABQ1SQ\"]},{\"@type\":\"Person\",\"@id\":\"https:\/\/www.sonoraenequipo.com.mx\/#\/schema\/person\/50102df0fb23a8fa9e8effad8fa81386\",\"name\":\"enequipo\",\"image\":{\"@type\":\"ImageObject\",\"inLanguage\":\"es\",\"@id\":\"https:\/\/www.sonoraenequipo.com.mx\/#\/schema\/person\/image\/\",\"url\":\"https:\/\/secure.gravatar.com\/avatar\/049821681b589dabc0bc20695993ccebb09f5b5d4d790cd9251b97faac7c652b?s=96&d=blank&r=g\",\"contentUrl\":\"https:\/\/secure.gravatar.com\/avatar\/049821681b589dabc0bc20695993ccebb09f5b5d4d790cd9251b97faac7c652b?s=96&d=blank&r=g\",\"caption\":\"enequipo\"},\"sameAs\":[\"https:\/\/www.facebook.com\/SonoraEE\"]}]}<\/script>\n ","yoast_head_json":{"title":"Sonora en Equipo. Confirma Secretar\u00eda de Salud 16 defunciones y 163 nuevos casos en Sonora Sonora","description":"Es tarea de padres y madres ense\u00f1ar a hijos e hijas las medidas preventivas contra COVID-19: Enrique Clausen Iberri &nbsp; HERMOSILLO, SONORA,MX.\u2500\u2500 \u00a0\u00a0En En Sonora en Equipo publicamos toda la informaci\u00f3n de Sonora, M\u00e9xico y el Mundo de manera oportuna y busca que la libertad de expresi\u00f3n sea real. Visita nuestro medio informativo publicado desde Hermosillo, Sonora. %","robots":{"index":"index","follow":"follow","max-snippet":"max-snippet:-1","max-image-preview":"max-image-preview:large","max-video-preview":"max-video-preview:-1"},"canonical":"https:\/\/www.sonoraenequipo.com.mx\/confirma-secretaria-de-salud-16-defunciones-y-163-nuevos-casos-en-sonora\/","og_locale":"es_ES","og_type":"article","og_title":"Sonora en Equipo. Confirma Secretar\u00eda de Salud 16 defunciones y 163 nuevos casos en Sonora Sonora","og_description":"Es tarea de padres y madres ense\u00f1ar a hijos e hijas las medidas preventivas contra COVID-19: Enrique Clausen Iberri &nbsp; HERMOSILLO, SONORA,MX.\u2500\u2500 \u00a0\u00a0En En Sonora en Equipo publicamos toda la informaci\u00f3n de Sonora, M\u00e9xico y el Mundo de manera oportuna y busca que la libertad de expresi\u00f3n sea real. Visita nuestro medio informativo publicado desde Hermosillo, Sonora. %","og_url":"https:\/\/www.sonoraenequipo.com.mx\/confirma-secretaria-de-salud-16-defunciones-y-163-nuevos-casos-en-sonora\/","og_site_name":"Sonora en Equipo.","article_publisher":"https:\/\/www.facebook.com\/SonoraEE\/","article_author":"https:\/\/www.facebook.com\/SonoraEE","article_published_time":"2021-09-01T20:15:04+00:00","og_image":[{"width":580,"height":400,"url":"https:\/\/www.sonoraenequipo.com.mx\/storage\/2021\/02\/enrique-clausen-iberry_opt.jpg","type":"image\/jpeg"}],"author":"enequipo","twitter_card":"summary_large_image","twitter_creator":"@sonoraenequipo","twitter_site":"@sonoraenequipo","twitter_misc":{"Escrito por":"enequipo","Tiempo de lectura":"2 minutos"},"schema":{"@context":"https:\/\/schema.org","@graph":[{"@type":"Article","@id":"https:\/\/www.sonoraenequipo.com.mx\/confirma-secretaria-de-salud-16-defunciones-y-163-nuevos-casos-en-sonora\/#article","isPartOf":{"@id":"https:\/\/www.sonoraenequipo.com.mx\/confirma-secretaria-de-salud-16-defunciones-y-163-nuevos-casos-en-sonora\/"},"author":{"name":"enequipo","@id":"https:\/\/www.sonoraenequipo.com.mx\/#\/schema\/person\/50102df0fb23a8fa9e8effad8fa81386"},"headline":"Confirma Secretar\u00eda de Salud 16 defunciones y 163 nuevos casos en Sonora","datePublished":"2021-09-01T20:15:04+00:00","mainEntityOfPage":{"@id":"https:\/\/www.sonoraenequipo.com.mx\/confirma-secretaria-de-salud-16-defunciones-y-163-nuevos-casos-en-sonora\/"},"wordCount":451,"commentCount":0,"publisher":{"@id":"https:\/\/www.sonoraenequipo.com.mx\/#organization"},"image":{"@id":"https:\/\/www.sonoraenequipo.com.mx\/confirma-secretaria-de-salud-16-defunciones-y-163-nuevos-casos-en-sonora\/#primaryimage"},"thumbnailUrl":"https:\/\/www.sonoraenequipo.com.mx\/storage\/2021\/02\/enrique-clausen-iberry_opt.jpg","keywords":["clausen","covid","Sonora"],"articleSection":["Sonora"],"inLanguage":"es","potentialAction":[{"@type":"CommentAction","name":"Comment","target":["https:\/\/www.sonoraenequipo.com.mx\/confirma-secretaria-de-salud-16-defunciones-y-163-nuevos-casos-en-sonora\/#respond"]}]},{"@type":"WebPage","@id":"https:\/\/www.sonoraenequipo.com.mx\/confirma-secretaria-de-salud-16-defunciones-y-163-nuevos-casos-en-sonora\/","url":"https:\/\/www.sonoraenequipo.com.mx\/confirma-secretaria-de-salud-16-defunciones-y-163-nuevos-casos-en-sonora\/","name":"Sonora en Equipo. Confirma Secretar\u00eda de Salud 16 defunciones y 163 nuevos casos en Sonora Sonora","isPartOf":{"@id":"https:\/\/www.sonoraenequipo.com.mx\/#website"},"primaryImageOfPage":{"@id":"https:\/\/www.sonoraenequipo.com.mx\/confirma-secretaria-de-salud-16-defunciones-y-163-nuevos-casos-en-sonora\/#primaryimage"},"image":{"@id":"https:\/\/www.sonoraenequipo.com.mx\/confirma-secretaria-de-salud-16-defunciones-y-163-nuevos-casos-en-sonora\/#primaryimage"},"thumbnailUrl":"https:\/\/www.sonoraenequipo.com.mx\/storage\/2021\/02\/enrique-clausen-iberry_opt.jpg","datePublished":"2021-09-01T20:15:04+00:00","description":"Es tarea de padres y madres ense\u00f1ar a hijos e hijas las medidas preventivas contra COVID-19: Enrique Clausen Iberri &nbsp; HERMOSILLO, SONORA,MX.\u2500\u2500 \u00a0\u00a0En En Sonora en Equipo publicamos toda la informaci\u00f3n de Sonora, M\u00e9xico y el Mundo de manera oportuna y busca que la libertad de expresi\u00f3n sea real. Visita nuestro medio informativo publicado desde Hermosillo, Sonora. %","breadcrumb":{"@id":"https:\/\/www.sonoraenequipo.com.mx\/confirma-secretaria-de-salud-16-defunciones-y-163-nuevos-casos-en-sonora\/#breadcrumb"},"inLanguage":"es","potentialAction":[{"@type":"ReadAction","target":["https:\/\/www.sonoraenequipo.com.mx\/confirma-secretaria-de-salud-16-defunciones-y-163-nuevos-casos-en-sonora\/"]}]},{"@type":"ImageObject","inLanguage":"es","@id":"https:\/\/www.sonoraenequipo.com.mx\/confirma-secretaria-de-salud-16-defunciones-y-163-nuevos-casos-en-sonora\/#primaryimage","url":"https:\/\/www.sonoraenequipo.com.mx\/storage\/2021\/02\/enrique-clausen-iberry_opt.jpg","contentUrl":"https:\/\/www.sonoraenequipo.com.mx\/storage\/2021\/02\/enrique-clausen-iberry_opt.jpg","width":580,"height":400},{"@type":"BreadcrumbList","@id":"https:\/\/www.sonoraenequipo.com.mx\/confirma-secretaria-de-salud-16-defunciones-y-163-nuevos-casos-en-sonora\/#breadcrumb","itemListElement":[{"@type":"ListItem","position":1,"name":"Portada","item":"https:\/\/www.sonoraenequipo.com.mx\/"},{"@type":"ListItem","position":2,"name":"Confirma Secretar\u00eda de Salud 16 defunciones y 163 nuevos casos en Sonora"}]},{"@type":"WebSite","@id":"https:\/\/www.sonoraenequipo.com.mx\/#website","url":"https:\/\/www.sonoraenequipo.com.mx\/","name":"Sonora en Equipo.","description":"Diario en l\u00ednea con Noticias desde Hermosillo, Sonora","publisher":{"@id":"https:\/\/www.sonoraenequipo.com.mx\/#organization"},"potentialAction":[{"@type":"SearchAction","target":{"@type":"EntryPoint","urlTemplate":"https:\/\/www.sonoraenequipo.com.mx\/?s={search_term_string}"},"query-input":{"@type":"PropertyValueSpecification","valueRequired":true,"valueName":"search_term_string"}}],"inLanguage":"es"},{"@type":"Organization","@id":"https:\/\/www.sonoraenequipo.com.mx\/#organization","name":"Sonoraenequipo.com.mx","url":"https:\/\/www.sonoraenequipo.com.mx\/","logo":{"@type":"ImageObject","inLanguage":"es","@id":"https:\/\/www.sonoraenequipo.com.mx\/#\/schema\/logo\/image\/","url":"https:\/\/www.sonoraenequipo.com.mx\/storage\/2019\/01\/sonoraenequipo_opt.png","contentUrl":"https:\/\/www.sonoraenequipo.com.mx\/storage\/2019\/01\/sonoraenequipo_opt.png","width":375,"height":125,"caption":"Sonoraenequipo.com.mx"},"image":{"@id":"https:\/\/www.sonoraenequipo.com.mx\/#\/schema\/logo\/image\/"},"sameAs":["https:\/\/www.facebook.com\/SonoraEE\/","https:\/\/x.com\/sonoraenequipo","https:\/\/www.youtube.com\/channel\/UC338nW-lPEYmJQs4ZABQ1SQ"]},{"@type":"Person","@id":"https:\/\/www.sonoraenequipo.com.mx\/#\/schema\/person\/50102df0fb23a8fa9e8effad8fa81386","name":"enequipo","image":{"@type":"ImageObject","inLanguage":"es","@id":"https:\/\/www.sonoraenequipo.com.mx\/#\/schema\/person\/image\/","url":"https:\/\/secure.gravatar.com\/avatar\/049821681b589dabc0bc20695993ccebb09f5b5d4d790cd9251b97faac7c652b?s=96&d=blank&r=g","contentUrl":"https:\/\/secure.gravatar.com\/avatar\/049821681b589dabc0bc20695993ccebb09f5b5d4d790cd9251b97faac7c652b?s=96&d=blank&r=g","caption":"enequipo"},"sameAs":["https:\/\/www.facebook.com\/SonoraEE"]}]}},"jetpack_featured_media_url":"https:\/\/www.sonoraenequipo.com.mx\/storage\/2021\/02\/enrique-clausen-iberry_opt.jpg","_links":{"self":[{"href":"https:\/\/www.sonoraenequipo.com.mx\/api\/wp\/v2\/posts\/121859","targetHints":{"allow":["GET"]}}],"collection":[{"href":"https:\/\/www.sonoraenequipo.com.mx\/api\/wp\/v2\/posts"}],"about":[{"href":"https:\/\/www.sonoraenequipo.com.mx\/api\/wp\/v2\/types\/post"}],"author":[{"embeddable":true,"href":"https:\/\/www.sonoraenequipo.com.mx\/api\/wp\/v2\/users\/1"}],"replies":[{"embeddable":true,"href":"https:\/\/www.sonoraenequipo.com.mx\/api\/wp\/v2\/comments?post=121859"}],"version-history":[{"count":1,"href":"https:\/\/www.sonoraenequipo.com.mx\/api\/wp\/v2\/posts\/121859\/revisions"}],"predecessor-version":[{"id":121860,"href":"https:\/\/www.sonoraenequipo.com.mx\/api\/wp\/v2\/posts\/121859\/revisions\/121860"}],"wp:featuredmedia":[{"embeddable":true,"href":"https:\/\/www.sonoraenequipo.com.mx\/api\/wp\/v2\/media\/106973"}],"wp:attachment":[{"href":"https:\/\/www.sonoraenequipo.com.mx\/api\/wp\/v2\/media?parent=121859"}],"wp:term":[{"taxonomy":"category","embeddable":true,"href":"https:\/\/www.sonoraenequipo.com.mx\/api\/wp\/v2\/categories?post=121859"},{"taxonomy":"post_tag","embeddable":true,"href":"https:\/\/www.sonoraenequipo.com.mx\/api\/wp\/v2\/tags?post=121859"}],"curies":[{"name":"wp","href":"https:\/\/api.w.org\/{rel}","templated":true}]}}